{"id":3529,"date":"2018-05-25T08:54:23","date_gmt":"2018-05-25T08:54:23","guid":{"rendered":""},"modified":"2023-07-10T22:42:37","modified_gmt":"2023-07-10T20:42:37","slug":"les-eoliennes-sadaptent-aux-oiseaux-et-chauves-souris","status":"publish","type":"post","link":"https:\/\/www.renouvelle.be\/fr\/les-eoliennes-sadaptent-aux-oiseaux-et-chauves-souris\/","title":{"rendered":"Les \u00e9oliennes s\u2019adaptent aux oiseaux et chauves-souris"},"content":{"rendered":"\n<p>Depuis l\u2019essor de l\u2019\u00e9olien en 2000, la fili\u00e8re et les autorit\u00e9s publiques wallonnes s\u2019efforcent de faire cohabiter harmonieusement les \u00e9oliennes et les esp\u00e8ces qui survolent la Wallonie.<\/p>\n\n\n\n<p>Au d\u00e9but, les associations environnementales s\u2019inqui\u00e9taient de ces nouvelles constructions sur le territoire&nbsp;: les oiseaux et chauves-souris allaient-ils massivement se tuer sur les m\u00e2ts et pales qui s\u2019\u00e9rigeaient dans nos paysages&nbsp;? Tandis que les opposants \u00e9oliens \u00ab&nbsp;par principe&nbsp;\u00bb agitaient les esprits par des rumeurs&nbsp;: \u00ab&nbsp;Les \u00e9oliennes sont des hachoirs \u00e0 oiseaux&nbsp;\u00bb, etc.<\/p>\n\n\n\n<p>Aujourd\u2019hui, avec les d\u00e9fis climatiques, le d\u00e9bat devient plus raisonn\u00e9&nbsp;: Comment int\u00e9grer ces productions renouvelables et en m\u00eame temps prot\u00e9ger la biodiversit\u00e9 locale&nbsp;?<\/p>\n\n\n\n<p>Renouvelle a voulu en savoir plus sur cette \u00e9volution. Interview de Johanna D\u2019Hernoncourt (photo ci-dessous), Facilitatrice Electricit\u00e9 renouvelable (Service Public de Wallonie).<\/p>\n\n\n\n<figure class=\"wp-block-image size-large\"><img loading=\"lazy\" decoding=\"async\" width=\"80\" height=\"120\" src=\"https:\/\/www.renouvelle.be\/wp-content\/uploads\/2021\/04\/jo.jpg\" alt=\"\" class=\"wp-image-6166\"\/><\/figure>\n\n\n\n<p><strong>Christophe Haveaux (Renouvelle)&nbsp;: Quelles sont les mesures prises aujourd\u2019hui par le secteur \u00e9olien en Wallonie pour prot\u00e9ger les oiseaux et chauves-souris&nbsp;?<\/strong><\/p>\n\n\n\n<p><strong>Johanna D\u2019Hernoncourt (Facilitatrice E-SER)&nbsp;: <\/strong>Chaque projet \u00e9olien doit mener une \u00e9tude d\u2019incidences pr\u00e9alable, qui implique notamment des comptages d\u2019esp\u00e8ces bien pr\u00e9cises, \u00e0 diff\u00e9rents moments de la journ\u00e9e et de l\u2019ann\u00e9e. Pour les oiseaux, des comptages se font par exemple aux p\u00e9riodes de nidification, de sortie des oisillons, de migration, etc. Pour les chauves-souris, on se prom\u00e8ne avec un r\u00e9cepteur d\u2019ultrasons en soir\u00e9e et la nuit. On peut \u00e9galement \u00e9riger un m\u00e2t de mesure pour assurer un relev\u00e9 continu sur une saison. Selon le spectre observ\u00e9, on peut se faire une id\u00e9e de la pr\u00e9sence d\u2019esp\u00e8ces sp\u00e9cifiques \u00e0 cet endroit-l\u00e0. Un protocole, repris dans le <a href=\"https:\/\/energie.wallonie.be\/fr\/cadre-de-reference-pour-l-implantation-d-eoliennes-en-region-wallonne.html?IDC=6170&amp;IDD=11176\" target=\"_blank\" rel=\"noopener\">Cadre de r\u00e9f\u00e9rence \u00e9olien<\/a>, pr\u00e9cise le nombre de comptage, les p\u00e9riodes de relev\u00e9s selon la localisation et&nbsp;les esp\u00e8ces pr\u00e9sentes.<\/p>\n\n\n\n<p>Sur base de cette \u00e9tude d\u2019incidences, le bureau d\u2019\u00e9tudes fait \u00e9tat des impacts possibles du projet \u00e9olien sur ces esp\u00e8ces et de mesures \u00e0 mettre en \u0153uvre pour int\u00e9grer au mieux le parc \u00e9olien dans son environnement. Pour cela, il utilise une \u00ab&nbsp;hi\u00e9rarchie de compensation&nbsp;\u00bb qui dresse les priorit\u00e9s.<\/p>\n\n\n\n<p><strong>C.H.&nbsp;: Quelles sont ces priorit\u00e9s&nbsp;?<\/strong><\/p>\n\n\n\n<p><strong>J.D\u2019H.&nbsp;:<\/strong> En premier lieu, on doit \u00e9viter les collisions. Le d\u00e9veloppeur \u00e9olien pourrait ainsi \u00eatre amen\u00e9 \u00e0 construire son \u00e9olienne plus loin, sur un site moins fr\u00e9quent\u00e9 ou \u00e0 imaginer des alternatives techniques ou de phasage permettant de supprimer l\u2019impact \u2013 par exemple programmer la phase chantier en dehors des p\u00e9riodes de nidification.<\/p>\n\n\n\n<p>En deuxi\u00e8me lieu, si des collisions restent possibles, on peut envisager des mesures d\u2019att\u00e9nuation&nbsp;: il s\u2019agit de mesures destin\u00e9es \u00e0 r\u00e9duire les effets ind\u00e9sirables du projet \u00e9olien sur la biodiversit\u00e9 &#8211; par exemple quand l\u2019impact est limit\u00e9 \u00e0 certaines p\u00e9riodes de l\u2019ann\u00e9e comme les migrations.<\/p>\n\n\n\n<p>Enfin, des mesures de compensation sont envisag\u00e9es. Il s\u2019agit d\u2019actions positives pour restaurer les caract\u00e9ristiques biologiques du milieu et favoriser le d\u00e9veloppement des populations de certaines esp\u00e8ces. Les mesures de compensation visent \u00e0 contrebalancer les pertes de surface, de qualit\u00e9 des habitats et les pertes de populations qui pourraient r\u00e9sulter de l\u2019exploitation des \u00e9oliennes.<\/p>\n\n\n\n<p>Il s\u2019agit par exemple de recr\u00e9er une biodiversit\u00e9 locale \u00e0 distance des \u00e9oliennes pour y attirer l\u2019avifaune. Il pourra ainsi planter des haies, mettre une parcelle en friche, cr\u00e9er une mare, pr\u00e9voir une fauche tardive, \u2026 Cette dimension a fortement augment\u00e9 ces derni\u00e8res ann\u00e9es&nbsp;: pour chaque projet \u00e9olien, plusieurs dizaines d\u2019hectares sont d\u00e9sormais affect\u00e9s \u00e0 la biodiversit\u00e9. Les ratios pratiqu\u00e9s dans les permis vont g\u00e9n\u00e9ralement de 1 \u00e0 3 (3 ha de compensation pour 1 ha impact\u00e9 par l\u2019\u00e9olien), en consid\u00e9rant qu\u2019il faut un certain temps pour que l\u2019habitat reconstitu\u00e9 remplisse pleinement son r\u00f4le.<\/p>\n\n\n\n<p>Si bien que certaines zones du territoire wallon se retrouvent avec une biodiversit\u00e9 locale plus riche apr\u00e8s l\u2019installation d\u2019un parc \u00e9olien qu\u2019avant. La Ligue Royale Belge pour la Protection des Oiseaux a d&rsquo;ailleurs publi\u00e9 une enqu\u00eate intitul\u00e9e <a href=\"https:\/\/www.renouvelle.be\/wp-content\/uploads\/2021\/05\/LRBPO_ZONES_COMPENSATOIRES.pdf\" target=\"_blank\" rel=\"noreferrer noopener\">L&rsquo;incroyable attractivit\u00e9 des zones compensatoires implant\u00e9es en Hesbaye.<\/a><\/p>\n\n\n\n<p><strong>C.H.&nbsp;: Comment prot\u00e8ge-t-on actuellement les esp\u00e8ces sensibles comme le Milan royal ?<\/strong><\/p>\n\n\n\n<p><strong>J.D\u2019H.&nbsp;:<\/strong> Pr\u00e9cisons d\u2019abord que beaucoup d\u2019oiseaux sont effarouch\u00e9s par les \u00e9oliennes et ne s\u2019en approchent donc pas. D\u2019autres, comme la plupart des passereaux, ne s\u2019aventurent pas bien haut et leurs d\u00e9placements ne se font jamais \u00e0 hauteur du rotor des \u00e9oliennes qui tourne bien au-dessus de la cime des arbres. Par contre, certaines esp\u00e8ces comme le Milan royal, ne per\u00e7oivent pas l\u2019\u00e9olienne en rotation comme un danger et risquent donc d\u2019entrer en collision.<\/p>\n\n\n\n<p>La connaissance sur le comportement des oiseaux et des chauves-souris \u00e0 proximit\u00e9 des \u00e9oliennes a fortement \u00e9volu\u00e9 ces derni\u00e8res ann\u00e9es. L\u2019administration wallonne (DNF) a dress\u00e9 une liste des esp\u00e8ces sensibles, vuln\u00e9rables et \u00e0 prot\u00e9ger.<\/p>\n\n\n\n<p>Pour chaque projet \u00e9olien, les d\u00e9cideurs wallons tiennent d\u00e8s lors compte, lors de l\u2019analyse de la demande de permis, de la pr\u00e9sence \u2013 ou non \u2013 de ces esp\u00e8ces. Certains projets sont refus\u00e9s sur ce constat. Ils peuvent \u00e9galement \u00eatre autoris\u00e9s, \u00e0 condition de mettre en place certaines mesures d\u2019att\u00e9nuation ou de compensation.<\/p>\n\n\n\n<p><strong>C.H.&nbsp;: La fili\u00e8re \u00e9olienne se montre-t-elle volontaire ou r\u00e9ticente face \u00e0 ces mesures environnementales&nbsp;?<\/strong><\/p>\n\n\n\n<p><strong>J.D\u2019H.&nbsp;: <\/strong>Le D\u00e9partement Nature et For\u00eat (SPW DGO3) est en passe de publier un document de synth\u00e8se qui servira de r\u00e9f\u00e9rence aux bureaux d\u2019\u00e9tudes pour objectiver les mesures environnementales \u00e0 mettre en place en fonction de la pr\u00e9sence de certaines esp\u00e8ces. Le secteur a montr\u00e9 de l\u2019ouverture dans le cadre de la r\u00e9daction concert\u00e9e de ce document.<\/p>\n\n\n\n<p>Pour chaque projet, le d\u00e9veloppeur \u00e9olien va aujourd\u2019hui \u00e0 la rencontre des agriculteurs locaux pour mettre en \u0153uvre les mesures agro-environnementales de compensation&nbsp;: pr\u00e9voir une haie, une mare, une fauche tardive, \u2026<\/p>\n\n\n\n<p>Le Gouvernement wallon annonce dans sa <a href=\"http:\/\/crucke.wallonie.be\/home\/presse--actualites\/publications\/publication-presse--actualites-27.publicationfull.html\" target=\"_blank\" rel=\"noopener\">Pax eolienica<\/a> la cr\u00e9ation d\u2019un \u00ab&nbsp;Fonds Biodiversit\u00e9&nbsp;\u00bb aliment\u00e9 par des d\u00e9veloppeurs \u00e9oliens qui permettrait de g\u00e9rer directement ces mesures, comme une r\u00e9serve de terres dans lesquelles les d\u00e9veloppeurs peuvent financer leurs projets de compensation (\u00ab&nbsp;banque d\u2019habitats&nbsp;\u00bb) ou encore pour financer des projets de restauration de la biodiversit\u00e9. Ce serait plus logique et coh\u00e9rent pour la restauration de la biodiversit\u00e9 \u00e0 l\u2019\u00e9chelon r\u00e9gional, \u00e9tant donn\u00e9 qu\u2019on peut alors travailler sur des zones de compensation moins fragment\u00e9es et recr\u00e9er des maillages \u00e9cologiques.<\/p>\n\n\n\n<p><strong>C.H.&nbsp;: La fili\u00e8re \u00e9olienne d\u00e9veloppe \u00e9galement des outils sp\u00e9cifiques. Comment fonctionne par exemple le module Chirotech, qui arr\u00eate automatiquement la rotation des pales lors des passages de chauves-souris&nbsp;?<\/strong><\/p>\n\n\n\n<p><strong>J.D\u2019H.&nbsp;:<\/strong> Il s\u2019agit d\u2019un petit module coupl\u00e9 \u00e0 la turbine et qui mesure localement la temp\u00e9rature, l\u2019humidit\u00e9 et la vitesse du vent, \u00e0 tout moment de la journ\u00e9e et de l\u2019ann\u00e9e. En effet, les chauves-souris se d\u00e9placent d\u2019avril \u00e0 octobre, au cr\u00e9puscule et t\u00f4t matin, s\u2019il n\u2019y a pas de pluie ou de vent fort. Si le module rep\u00e8re des conditions favorables au d\u00e9placement de chauves-souris, il arr\u00eatera automatiquement la rotation de l\u2019\u00e9olienne afin de les laisser circuler en toute s\u00e9curit\u00e9.<\/p>\n\n\n\n<figure class=\"wp-block-image size-large\"><img loading=\"lazy\" decoding=\"async\" width=\"580\" height=\"396\" src=\"https:\/\/www.renouvelle.be\/wp-content\/uploads\/2021\/04\/chirotech.jpg\" alt=\"\" class=\"wp-image-6168\" srcset=\"https:\/\/www.renouvelle.be\/wp-content\/uploads\/2021\/04\/chirotech.jpg 580w, https:\/\/www.renouvelle.be\/wp-content\/uploads\/2021\/04\/chirotech-300x205.jpg 300w\" sizes=\"auto, (max-width: 580px) 100vw, 580px\" \/><figcaption class=\"wp-element-caption\"><em><small>Principe de fonctionnement du module Chirotech, d\u00e9velopp\u00e9 par l\u2019entreprise Biotope.<\/small><\/em><\/figcaption><\/figure>\n\n\n\n<p>Pour le d\u00e9veloppeur \u00e9olien, la mise en place de ce module d\u2019att\u00e9nuation des impacts repr\u00e9sente une petite perte de production d\u2019\u00e9lectricit\u00e9&nbsp;: de l&rsquo;ordre de 1 % par an. Mais on \u00e9vite ainsi plus de 95% de contact avec les chauves-souris.<\/p>\n\n\n\n<p>Ce module \u00e9quipe d\u00e9sormais les \u00e9oliennes qui sont implant\u00e9es dans des zones o\u00f9 la population de chauve-souris a \u00e9t\u00e9 identifi\u00e9e comme sensible dans l\u2019\u00e9tude d\u2019incidences.<\/p>\n\n\n\n<p>Il est \u00e9galement possible de suive un protocole de bridage standardis\u00e9 d\u00e9termin\u00e9 sur base d\u2019une analyse multicrit\u00e8re des conditions atmosph\u00e9riques. En principe, ce protocole permet d\u2019\u00e9viter 95% des contacts et limite la perte de productible \u00e0 moins de 2.5%.<\/p>\n\n\n\n<figure class=\"wp-block-image size-large\"><img loading=\"lazy\" decoding=\"async\" width=\"580\" height=\"431\" src=\"https:\/\/www.renouvelle.be\/wp-content\/uploads\/2021\/04\/chirotech2.jpg\" alt=\"\" class=\"wp-image-6170\" srcset=\"https:\/\/www.renouvelle.be\/wp-content\/uploads\/2021\/04\/chirotech2.jpg 580w, https:\/\/www.renouvelle.be\/wp-content\/uploads\/2021\/04\/chirotech2-300x223.jpg 300w\" sizes=\"auto, (max-width: 580px) 100vw, 580px\" \/><figcaption class=\"wp-element-caption\"><em><small>\u00a9 Hubert Lagrange \/ Biotope<\/small><\/em><\/figcaption><\/figure>\n\n\n\n<p><strong>C.H.&nbsp;: Existe-t-il un outil similaire pour prot\u00e9ger les oiseaux&nbsp;?<\/strong><\/p>\n\n\n\n<p><strong>J.D\u2019H.&nbsp;: <\/strong>Oui&nbsp;: le DT Bird. Il s\u2019agit d\u2019une cam\u00e9ra qui d\u00e9tecte les oiseaux qui rentrent dans la zone de collision et coupe automatiquement l\u2019\u00e9olienne. Il est utilis\u00e9 notamment dans le sud de l\u2019Espagne, car la r\u00e9gion se trouve sur un couloir de migration europ\u00e9enne. La question se pose notamment au niveau du d\u00e9troit de Gibraltar, tr\u00e8s fr\u00e9quent\u00e9 par les oiseaux migrateurs mais aussi tr\u00e8s venteux et donc tr\u00e8s \u00e9quip\u00e9 en \u00e9oliennes.<\/p>\n\n\n\n<p>En Wallonie, cet outil doit encore \u00eatre test\u00e9 et \u00eatre valid\u00e9 en termes de r\u00e9sultats pour les esp\u00e8ces sensibles.<\/p>\n\n\n\n<p>Il pourrait \u00eatre utilis\u00e9 pour certaines esp\u00e8ces sensibles comme le Milan royal. La coop\u00e9rative Courant d\u2019air propose de r\u00e9aliser une \u00e9tude sur le DT Bird et de tester son efficacit\u00e9 sur le Milan royal, pour son projet de Amel-Bullange.<\/p>\n\n\n\n<figure class=\"wp-block-image size-large\"><img loading=\"lazy\" decoding=\"async\" width=\"538\" height=\"300\" src=\"https:\/\/www.renouvelle.be\/wp-content\/uploads\/2021\/04\/dtbird1.jpg\" alt=\"\" class=\"wp-image-6172\" srcset=\"https:\/\/www.renouvelle.be\/wp-content\/uploads\/2021\/04\/dtbird1.jpg 538w, https:\/\/www.renouvelle.be\/wp-content\/uploads\/2021\/04\/dtbird1-300x167.jpg 300w\" sizes=\"auto, (max-width: 538px) 100vw, 538px\" \/><figcaption class=\"wp-element-caption\"><em><small>Le DT Bird d\u00e9tecte les oiseaux et coupe automatiquement la rotation des pales.<\/small><\/em><\/figcaption><\/figure>\n\n\n\n<p><\/p>\n\n\n\n<p><strong>C.H.&nbsp;: Comment se positionnent aujourd\u2019hui les associations environnementales vis-\u00e0-vis du d\u00e9veloppement \u00e9olien&nbsp;?<\/strong><\/p>\n\n\n\n<p><strong>J.D\u2019H.&nbsp;: <\/strong>Le d\u00e9bat est moins passionnel qu\u2019au d\u00e9but mais la question reste sensible. L\u2019association Inter-Environnement Wallonie, par exemple, comprend tr\u00e8s bien les enjeux de la transition vers un syst\u00e8me \u00e9nerg\u00e9tique 100% renouvelables et d\u00e9carbon\u00e9, afin de s\u2019attaquer aux causes du r\u00e9chauffement climatique. Elle a entam\u00e9 avec ses membres un travail de fonds, avec des conseils associatifs r\u00e9guliers destin\u00e9s \u00e0 aboutir, via des processus d\u2019intelligence collective, \u00e0 la mise \u00e0 jour de sa position \u00e9olienne.<\/p>\n\n\n\n<p>L\u2019association Natagora, quant \u00e0 elle, est tr\u00e8s attach\u00e9e \u00e0 sa mission de la protection de la nature et n\u2019h\u00e9site pas \u00e0 aller en recours contre des projets \u00e9oliens si elle estime qu\u2019il y a risque d\u2019impact sur l\u2019avifaune ou qu\u2019elle consid\u00e8re que l\u2019impact sur la biodiversit\u00e9 n\u2019est pas suffisamment \u00e9tudi\u00e9. Elle souhaiterait que le gouvernement wallon d\u00e9finisse des zones de refuge pour la biodiversit\u00e9 d\u00e9pourvues d\u2019\u00e9oliennes, auquel cas elle pourrait accepter le d\u00e9veloppement \u00e9olien ailleurs en Wallonie.<\/p>\n\n\n\n<p>Il faut pourtant constater que le secteur \u00e9olien fait beaucoup d\u2019effort pour limiter son impact environnemental. D\u2019autres secteurs \u00e9conomiques causent autant ou davantage de dommages sur la biodiversit\u00e9 et ne se montrent pas aussi concern\u00e9s.<\/p>\n\n\n\n<p>Et de mani\u00e8re plus g\u00e9n\u00e9rale, n\u2019oublions pas que le d\u00e9veloppement \u00e9olien permettra \u00e0 la Wallonie de sortir progressivement d\u2019une production d\u2019\u00e9nergie conventionnelle qui est actuellement encore fortement \u00e9mettrice de CO<sub>2<\/sub>. Or ce gaz \u00e0 effet de serre est vecteur de changement climatique, qui aura selon toute vraisemblance un impact majeur sur la biodiversit\u00e9.<\/p>\n","protected":false},"excerpt":{"rendered":"<p>Depuis l\u2019essor de l\u2019\u00e9olien en 2000, la fili\u00e8re et les autorit\u00e9s publiques wallonnes s\u2019efforcent de faire cohabiter harmonieusement les \u00e9oliennes et les esp\u00e8ces qui survolent la Wallonie. Au d\u00e9but, les associations environnementales s\u2019inqui\u00e9taient de ces nouvelles constructions sur le territoire&nbsp;: les oiseaux et chauves-souris allaient-ils massivement se tuer sur les m\u00e2ts et pales qui s\u2019\u00e9rigeaient dans nos paysages&nbsp;? Tandis que les opposants \u00e9oliens \u00ab&nbsp;par principe&nbsp;\u00bb agitaient les esprits par des rumeurs&nbsp;: \u00ab&nbsp;Les \u00e9oliennes sont des hachoirs \u00e0 oiseaux&nbsp;\u00bb, etc. Aujourd\u2019hui, avec les d\u00e9fis climatiques, le d\u00e9bat devient plus raisonn\u00e9&nbsp;: Comment int\u00e9grer ces productions renouvelables et en m\u00eame temps prot\u00e9ger la biodiversit\u00e9 locale&nbsp;? Renouvelle a voulu en savoir plus sur cette \u00e9volution. Interview de Johanna D\u2019Hernoncourt (photo ci-dessous), Facilitatrice Electricit\u00e9 renouvelable (Service Public de Wallonie). Christophe Haveaux (Renouvelle)&nbsp;: Quelles sont les mesures prises aujourd\u2019hui par le secteur \u00e9olien en Wallonie pour prot\u00e9ger les oiseaux et chauves-souris&nbsp;? Johanna D\u2019Hernoncourt (Facilitatrice E-SER)&nbsp;: Chaque projet \u00e9olien doit mener une \u00e9tude d\u2019incidences pr\u00e9alable, qui implique notamment des comptages d\u2019esp\u00e8ces bien pr\u00e9cises, \u00e0 diff\u00e9rents moments de la journ\u00e9e et de l\u2019ann\u00e9e. Pour les oiseaux, des comptages se font par exemple aux p\u00e9riodes de nidification, de sortie des oisillons, de migration, etc. Pour les chauves-souris, on se prom\u00e8ne avec un r\u00e9cepteur d\u2019ultrasons en soir\u00e9e et la nuit. On peut \u00e9galement \u00e9riger un m\u00e2t de mesure pour assurer un relev\u00e9 continu sur une saison. Selon le spectre observ\u00e9, on peut se faire une id\u00e9e de la pr\u00e9sence d\u2019esp\u00e8ces sp\u00e9cifiques \u00e0 cet endroit-l\u00e0. Un protocole, repris dans le Cadre de r\u00e9f\u00e9rence \u00e9olien, pr\u00e9cise le nombre de comptage, les p\u00e9riodes de relev\u00e9s selon la localisation et&nbsp;les esp\u00e8ces pr\u00e9sentes. Sur base de cette \u00e9tude d\u2019incidences, le bureau d\u2019\u00e9tudes fait \u00e9tat des impacts possibles du projet \u00e9olien sur ces esp\u00e8ces et de &hellip; <a href=\"https:\/\/www.renouvelle.be\/fr\/les-eoliennes-sadaptent-aux-oiseaux-et-chauves-souris\/\" class=\"more-link\">Continue reading<span class=\"screen-reader-text\"> \u00ab\u00a0Les \u00e9oliennes s\u2019adaptent aux oiseaux et chauves-souris\u00a0\u00bb<\/span><\/a><\/p>\n","protected":false},"author":3,"featured_media":4368,"comment_status":"open","ping_status":"open","sticky":false,"template":"","format":"standard","meta":{"_acf_changed":false,"footnotes":""},"categories":[20],"tags":[],"section":[6],"class_list":["post-3529","post","type-post","status-publish","format-standard","has-post-thumbnail","hentry","category-technologies","section-eolien"],"acf":[],"yoast_head":"<!-- This site is optimized with the Yoast SEO plugin v27.5 - https:\/\/yoast.com\/product\/yoast-seo-wordpress\/ -->\n<title>Les \u00e9oliennes s\u2019adaptent aux oiseaux et chauves-souris - Renouvelle<\/title>\n<meta name=\"robots\" content=\"index, follow, max-snippet:-1, max-image-preview:large, max-video-preview:-1\" \/>\n<link rel=\"canonical\" href=\"https:\/\/www.renouvelle.be\/fr\/les-eoliennes-sadaptent-aux-oiseaux-et-chauves-souris\/\" \/>\n<meta property=\"og:locale\" content=\"fr_FR\" \/>\n<meta property=\"og:type\" content=\"article\" \/>\n<meta property=\"og:title\" content=\"Les \u00e9oliennes s\u2019adaptent aux oiseaux et chauves-souris - Renouvelle\" \/>\n<meta property=\"og:description\" content=\"Depuis l\u2019essor de l\u2019\u00e9olien en 2000, la fili\u00e8re et les autorit\u00e9s publiques wallonnes s\u2019efforcent de faire cohabiter harmonieusement les \u00e9oliennes et les esp\u00e8ces qui survolent la Wallonie. Au d\u00e9but, les associations environnementales s\u2019inqui\u00e9taient de ces nouvelles constructions sur le territoire&nbsp;: les oiseaux et chauves-souris allaient-ils massivement se tuer sur les m\u00e2ts et pales qui s\u2019\u00e9rigeaient dans nos paysages&nbsp;? Tandis que les opposants \u00e9oliens \u00ab&nbsp;par principe&nbsp;\u00bb agitaient les esprits par des rumeurs&nbsp;: \u00ab&nbsp;Les \u00e9oliennes sont des hachoirs \u00e0 oiseaux&nbsp;\u00bb, etc. Aujourd\u2019hui, avec les d\u00e9fis climatiques, le d\u00e9bat devient plus raisonn\u00e9&nbsp;: Comment int\u00e9grer ces productions renouvelables et en m\u00eame temps prot\u00e9ger la biodiversit\u00e9 locale&nbsp;? Renouvelle a voulu en savoir plus sur cette \u00e9volution. Interview de Johanna D\u2019Hernoncourt (photo ci-dessous), Facilitatrice Electricit\u00e9 renouvelable (Service Public de Wallonie). Christophe Haveaux (Renouvelle)&nbsp;: Quelles sont les mesures prises aujourd\u2019hui par le secteur \u00e9olien en Wallonie pour prot\u00e9ger les oiseaux et chauves-souris&nbsp;? Johanna D\u2019Hernoncourt (Facilitatrice E-SER)&nbsp;: Chaque projet \u00e9olien doit mener une \u00e9tude d\u2019incidences pr\u00e9alable, qui implique notamment des comptages d\u2019esp\u00e8ces bien pr\u00e9cises, \u00e0 diff\u00e9rents moments de la journ\u00e9e et de l\u2019ann\u00e9e. Pour les oiseaux, des comptages se font par exemple aux p\u00e9riodes de nidification, de sortie des oisillons, de migration, etc. Pour les chauves-souris, on se prom\u00e8ne avec un r\u00e9cepteur d\u2019ultrasons en soir\u00e9e et la nuit. On peut \u00e9galement \u00e9riger un m\u00e2t de mesure pour assurer un relev\u00e9 continu sur une saison. Selon le spectre observ\u00e9, on peut se faire une id\u00e9e de la pr\u00e9sence d\u2019esp\u00e8ces sp\u00e9cifiques \u00e0 cet endroit-l\u00e0. Un protocole, repris dans le Cadre de r\u00e9f\u00e9rence \u00e9olien, pr\u00e9cise le nombre de comptage, les p\u00e9riodes de relev\u00e9s selon la localisation et&nbsp;les esp\u00e8ces pr\u00e9sentes. Sur base de cette \u00e9tude d\u2019incidences, le bureau d\u2019\u00e9tudes fait \u00e9tat des impacts possibles du projet \u00e9olien sur ces esp\u00e8ces et de &hellip; Continue reading &quot;Les \u00e9oliennes s\u2019adaptent aux oiseaux et chauves-souris&quot;\" \/>\n<meta property=\"og:url\" content=\"https:\/\/www.renouvelle.be\/fr\/les-eoliennes-sadaptent-aux-oiseaux-et-chauves-souris\/\" \/>\n<meta property=\"og:site_name\" content=\"Renouvelle\" \/>\n<meta property=\"article:published_time\" content=\"2018-05-25T08:54:23+00:00\" \/>\n<meta property=\"article:modified_time\" content=\"2023-07-10T20:42:37+00:00\" \/>\n<meta property=\"og:image\" content=\"https:\/\/www.renouvelle.be\/wp-content\/uploads\/2021\/02\/wilmes_christian_04.jpg\" \/>\n\t<meta property=\"og:image:width\" content=\"580\" \/>\n\t<meta property=\"og:image:height\" content=\"316\" \/>\n\t<meta property=\"og:image:type\" content=\"image\/jpeg\" \/>\n<meta name=\"author\" content=\"Energie Commune\" \/>\n<meta name=\"twitter:card\" content=\"summary_large_image\" \/>\n<script type=\"application\/ld+json\" class=\"yoast-schema-graph\">{\"@context\":\"https:\\\/\\\/schema.org\",\"@graph\":[{\"@type\":\"Article\",\"@id\":\"https:\\\/\\\/www.renouvelle.be\\\/fr\\\/les-eoliennes-sadaptent-aux-oiseaux-et-chauves-souris\\\/#article\",\"isPartOf\":{\"@id\":\"https:\\\/\\\/www.renouvelle.be\\\/fr\\\/les-eoliennes-sadaptent-aux-oiseaux-et-chauves-souris\\\/\"},\"author\":{\"name\":\"Energie Commune\",\"@id\":\"https:\\\/\\\/www.renouvelle.be\\\/fr\\\/#\\\/schema\\\/person\\\/01fbe8226a07f8f3d4a1cd059b31f17a\"},\"headline\":\"Les \u00e9oliennes s\u2019adaptent aux oiseaux et chauves-souris\",\"datePublished\":\"2018-05-25T08:54:23+00:00\",\"dateModified\":\"2023-07-10T20:42:37+00:00\",\"mainEntityOfPage\":{\"@id\":\"https:\\\/\\\/www.renouvelle.be\\\/fr\\\/les-eoliennes-sadaptent-aux-oiseaux-et-chauves-souris\\\/\"},\"wordCount\":1887,\"commentCount\":0,\"image\":{\"@id\":\"https:\\\/\\\/www.renouvelle.be\\\/fr\\\/les-eoliennes-sadaptent-aux-oiseaux-et-chauves-souris\\\/#primaryimage\"},\"thumbnailUrl\":\"https:\\\/\\\/www.renouvelle.be\\\/wp-content\\\/uploads\\\/2021\\\/02\\\/wilmes_christian_04.jpg\",\"articleSection\":[\"Technologies\"],\"inLanguage\":\"fr-FR\",\"potentialAction\":[{\"@type\":\"CommentAction\",\"name\":\"Comment\",\"target\":[\"https:\\\/\\\/www.renouvelle.be\\\/fr\\\/les-eoliennes-sadaptent-aux-oiseaux-et-chauves-souris\\\/#respond\"]}]},{\"@type\":\"WebPage\",\"@id\":\"https:\\\/\\\/www.renouvelle.be\\\/fr\\\/les-eoliennes-sadaptent-aux-oiseaux-et-chauves-souris\\\/\",\"url\":\"https:\\\/\\\/www.renouvelle.be\\\/fr\\\/les-eoliennes-sadaptent-aux-oiseaux-et-chauves-souris\\\/\",\"name\":\"Les \u00e9oliennes s\u2019adaptent aux oiseaux et chauves-souris - Renouvelle\",\"isPartOf\":{\"@id\":\"https:\\\/\\\/www.renouvelle.be\\\/fr\\\/#website\"},\"primaryImageOfPage\":{\"@id\":\"https:\\\/\\\/www.renouvelle.be\\\/fr\\\/les-eoliennes-sadaptent-aux-oiseaux-et-chauves-souris\\\/#primaryimage\"},\"image\":{\"@id\":\"https:\\\/\\\/www.renouvelle.be\\\/fr\\\/les-eoliennes-sadaptent-aux-oiseaux-et-chauves-souris\\\/#primaryimage\"},\"thumbnailUrl\":\"https:\\\/\\\/www.renouvelle.be\\\/wp-content\\\/uploads\\\/2021\\\/02\\\/wilmes_christian_04.jpg\",\"datePublished\":\"2018-05-25T08:54:23+00:00\",\"dateModified\":\"2023-07-10T20:42:37+00:00\",\"author\":{\"@id\":\"https:\\\/\\\/www.renouvelle.be\\\/fr\\\/#\\\/schema\\\/person\\\/01fbe8226a07f8f3d4a1cd059b31f17a\"},\"breadcrumb\":{\"@id\":\"https:\\\/\\\/www.renouvelle.be\\\/fr\\\/les-eoliennes-sadaptent-aux-oiseaux-et-chauves-souris\\\/#breadcrumb\"},\"inLanguage\":\"fr-FR\",\"potentialAction\":[{\"@type\":\"ReadAction\",\"target\":[\"https:\\\/\\\/www.renouvelle.be\\\/fr\\\/les-eoliennes-sadaptent-aux-oiseaux-et-chauves-souris\\\/\"]}]},{\"@type\":\"ImageObject\",\"inLanguage\":\"fr-FR\",\"@id\":\"https:\\\/\\\/www.renouvelle.be\\\/fr\\\/les-eoliennes-sadaptent-aux-oiseaux-et-chauves-souris\\\/#primaryimage\",\"url\":\"https:\\\/\\\/www.renouvelle.be\\\/wp-content\\\/uploads\\\/2021\\\/02\\\/wilmes_christian_04.jpg\",\"contentUrl\":\"https:\\\/\\\/www.renouvelle.be\\\/wp-content\\\/uploads\\\/2021\\\/02\\\/wilmes_christian_04.jpg\",\"width\":580,\"height\":316},{\"@type\":\"BreadcrumbList\",\"@id\":\"https:\\\/\\\/www.renouvelle.be\\\/fr\\\/les-eoliennes-sadaptent-aux-oiseaux-et-chauves-souris\\\/#breadcrumb\",\"itemListElement\":[{\"@type\":\"ListItem\",\"position\":1,\"name\":\"Accueil\",\"item\":\"https:\\\/\\\/www.renouvelle.be\\\/fr\\\/\"},{\"@type\":\"ListItem\",\"position\":2,\"name\":\"Les \u00e9oliennes s\u2019adaptent aux oiseaux et chauves-souris\"}]},{\"@type\":\"WebSite\",\"@id\":\"https:\\\/\\\/www.renouvelle.be\\\/fr\\\/#website\",\"url\":\"https:\\\/\\\/www.renouvelle.be\\\/fr\\\/\",\"name\":\"Renouvelle\",\"description\":\"L&#039;actualit\u00e9 de l&#039;\u00e9nergie durable\",\"potentialAction\":[{\"@type\":\"SearchAction\",\"target\":{\"@type\":\"EntryPoint\",\"urlTemplate\":\"https:\\\/\\\/www.renouvelle.be\\\/fr\\\/?s={search_term_string}\"},\"query-input\":{\"@type\":\"PropertyValueSpecification\",\"valueRequired\":true,\"valueName\":\"search_term_string\"}}],\"inLanguage\":\"fr-FR\"},{\"@type\":\"Person\",\"@id\":\"https:\\\/\\\/www.renouvelle.be\\\/fr\\\/#\\\/schema\\\/person\\\/01fbe8226a07f8f3d4a1cd059b31f17a\",\"name\":\"Energie Commune\",\"url\":\"https:\\\/\\\/www.renouvelle.be\\\/fr\\\/author\\\/apere\\\/\"}]}<\/script>\n<!-- \/ Yoast SEO plugin. -->","yoast_head_json":{"title":"Les \u00e9oliennes s\u2019adaptent aux oiseaux et chauves-souris - Renouvelle","robots":{"index":"index","follow":"follow","max-snippet":"max-snippet:-1","max-image-preview":"max-image-preview:large","max-video-preview":"max-video-preview:-1"},"canonical":"https:\/\/www.renouvelle.be\/fr\/les-eoliennes-sadaptent-aux-oiseaux-et-chauves-souris\/","og_locale":"fr_FR","og_type":"article","og_title":"Les \u00e9oliennes s\u2019adaptent aux oiseaux et chauves-souris - Renouvelle","og_description":"Depuis l\u2019essor de l\u2019\u00e9olien en 2000, la fili\u00e8re et les autorit\u00e9s publiques wallonnes s\u2019efforcent de faire cohabiter harmonieusement les \u00e9oliennes et les esp\u00e8ces qui survolent la Wallonie. Au d\u00e9but, les associations environnementales s\u2019inqui\u00e9taient de ces nouvelles constructions sur le territoire&nbsp;: les oiseaux et chauves-souris allaient-ils massivement se tuer sur les m\u00e2ts et pales qui s\u2019\u00e9rigeaient dans nos paysages&nbsp;? Tandis que les opposants \u00e9oliens \u00ab&nbsp;par principe&nbsp;\u00bb agitaient les esprits par des rumeurs&nbsp;: \u00ab&nbsp;Les \u00e9oliennes sont des hachoirs \u00e0 oiseaux&nbsp;\u00bb, etc. Aujourd\u2019hui, avec les d\u00e9fis climatiques, le d\u00e9bat devient plus raisonn\u00e9&nbsp;: Comment int\u00e9grer ces productions renouvelables et en m\u00eame temps prot\u00e9ger la biodiversit\u00e9 locale&nbsp;? Renouvelle a voulu en savoir plus sur cette \u00e9volution. Interview de Johanna D\u2019Hernoncourt (photo ci-dessous), Facilitatrice Electricit\u00e9 renouvelable (Service Public de Wallonie). Christophe Haveaux (Renouvelle)&nbsp;: Quelles sont les mesures prises aujourd\u2019hui par le secteur \u00e9olien en Wallonie pour prot\u00e9ger les oiseaux et chauves-souris&nbsp;? Johanna D\u2019Hernoncourt (Facilitatrice E-SER)&nbsp;: Chaque projet \u00e9olien doit mener une \u00e9tude d\u2019incidences pr\u00e9alable, qui implique notamment des comptages d\u2019esp\u00e8ces bien pr\u00e9cises, \u00e0 diff\u00e9rents moments de la journ\u00e9e et de l\u2019ann\u00e9e. Pour les oiseaux, des comptages se font par exemple aux p\u00e9riodes de nidification, de sortie des oisillons, de migration, etc. Pour les chauves-souris, on se prom\u00e8ne avec un r\u00e9cepteur d\u2019ultrasons en soir\u00e9e et la nuit. On peut \u00e9galement \u00e9riger un m\u00e2t de mesure pour assurer un relev\u00e9 continu sur une saison. Selon le spectre observ\u00e9, on peut se faire une id\u00e9e de la pr\u00e9sence d\u2019esp\u00e8ces sp\u00e9cifiques \u00e0 cet endroit-l\u00e0. Un protocole, repris dans le Cadre de r\u00e9f\u00e9rence \u00e9olien, pr\u00e9cise le nombre de comptage, les p\u00e9riodes de relev\u00e9s selon la localisation et&nbsp;les esp\u00e8ces pr\u00e9sentes. Sur base de cette \u00e9tude d\u2019incidences, le bureau d\u2019\u00e9tudes fait \u00e9tat des impacts possibles du projet \u00e9olien sur ces esp\u00e8ces et de &hellip; Continue reading \"Les \u00e9oliennes s\u2019adaptent aux oiseaux et chauves-souris\"","og_url":"https:\/\/www.renouvelle.be\/fr\/les-eoliennes-sadaptent-aux-oiseaux-et-chauves-souris\/","og_site_name":"Renouvelle","article_published_time":"2018-05-25T08:54:23+00:00","article_modified_time":"2023-07-10T20:42:37+00:00","og_image":[{"width":580,"height":316,"url":"https:\/\/www.renouvelle.be\/wp-content\/uploads\/2021\/02\/wilmes_christian_04.jpg","type":"image\/jpeg"}],"author":"Energie Commune","twitter_card":"summary_large_image","schema":{"@context":"https:\/\/schema.org","@graph":[{"@type":"Article","@id":"https:\/\/www.renouvelle.be\/fr\/les-eoliennes-sadaptent-aux-oiseaux-et-chauves-souris\/#article","isPartOf":{"@id":"https:\/\/www.renouvelle.be\/fr\/les-eoliennes-sadaptent-aux-oiseaux-et-chauves-souris\/"},"author":{"name":"Energie Commune","@id":"https:\/\/www.renouvelle.be\/fr\/#\/schema\/person\/01fbe8226a07f8f3d4a1cd059b31f17a"},"headline":"Les \u00e9oliennes s\u2019adaptent aux oiseaux et chauves-souris","datePublished":"2018-05-25T08:54:23+00:00","dateModified":"2023-07-10T20:42:37+00:00","mainEntityOfPage":{"@id":"https:\/\/www.renouvelle.be\/fr\/les-eoliennes-sadaptent-aux-oiseaux-et-chauves-souris\/"},"wordCount":1887,"commentCount":0,"image":{"@id":"https:\/\/www.renouvelle.be\/fr\/les-eoliennes-sadaptent-aux-oiseaux-et-chauves-souris\/#primaryimage"},"thumbnailUrl":"https:\/\/www.renouvelle.be\/wp-content\/uploads\/2021\/02\/wilmes_christian_04.jpg","articleSection":["Technologies"],"inLanguage":"fr-FR","potentialAction":[{"@type":"CommentAction","name":"Comment","target":["https:\/\/www.renouvelle.be\/fr\/les-eoliennes-sadaptent-aux-oiseaux-et-chauves-souris\/#respond"]}]},{"@type":"WebPage","@id":"https:\/\/www.renouvelle.be\/fr\/les-eoliennes-sadaptent-aux-oiseaux-et-chauves-souris\/","url":"https:\/\/www.renouvelle.be\/fr\/les-eoliennes-sadaptent-aux-oiseaux-et-chauves-souris\/","name":"Les \u00e9oliennes s\u2019adaptent aux oiseaux et chauves-souris - Renouvelle","isPartOf":{"@id":"https:\/\/www.renouvelle.be\/fr\/#website"},"primaryImageOfPage":{"@id":"https:\/\/www.renouvelle.be\/fr\/les-eoliennes-sadaptent-aux-oiseaux-et-chauves-souris\/#primaryimage"},"image":{"@id":"https:\/\/www.renouvelle.be\/fr\/les-eoliennes-sadaptent-aux-oiseaux-et-chauves-souris\/#primaryimage"},"thumbnailUrl":"https:\/\/www.renouvelle.be\/wp-content\/uploads\/2021\/02\/wilmes_christian_04.jpg","datePublished":"2018-05-25T08:54:23+00:00","dateModified":"2023-07-10T20:42:37+00:00","author":{"@id":"https:\/\/www.renouvelle.be\/fr\/#\/schema\/person\/01fbe8226a07f8f3d4a1cd059b31f17a"},"breadcrumb":{"@id":"https:\/\/www.renouvelle.be\/fr\/les-eoliennes-sadaptent-aux-oiseaux-et-chauves-souris\/#breadcrumb"},"inLanguage":"fr-FR","potentialAction":[{"@type":"ReadAction","target":["https:\/\/www.renouvelle.be\/fr\/les-eoliennes-sadaptent-aux-oiseaux-et-chauves-souris\/"]}]},{"@type":"ImageObject","inLanguage":"fr-FR","@id":"https:\/\/www.renouvelle.be\/fr\/les-eoliennes-sadaptent-aux-oiseaux-et-chauves-souris\/#primaryimage","url":"https:\/\/www.renouvelle.be\/wp-content\/uploads\/2021\/02\/wilmes_christian_04.jpg","contentUrl":"https:\/\/www.renouvelle.be\/wp-content\/uploads\/2021\/02\/wilmes_christian_04.jpg","width":580,"height":316},{"@type":"BreadcrumbList","@id":"https:\/\/www.renouvelle.be\/fr\/les-eoliennes-sadaptent-aux-oiseaux-et-chauves-souris\/#breadcrumb","itemListElement":[{"@type":"ListItem","position":1,"name":"Accueil","item":"https:\/\/www.renouvelle.be\/fr\/"},{"@type":"ListItem","position":2,"name":"Les \u00e9oliennes s\u2019adaptent aux oiseaux et chauves-souris"}]},{"@type":"WebSite","@id":"https:\/\/www.renouvelle.be\/fr\/#website","url":"https:\/\/www.renouvelle.be\/fr\/","name":"Renouvelle","description":"L&#039;actualit\u00e9 de l&#039;\u00e9nergie durable","potentialAction":[{"@type":"SearchAction","target":{"@type":"EntryPoint","urlTemplate":"https:\/\/www.renouvelle.be\/fr\/?s={search_term_string}"},"query-input":{"@type":"PropertyValueSpecification","valueRequired":true,"valueName":"search_term_string"}}],"inLanguage":"fr-FR"},{"@type":"Person","@id":"https:\/\/www.renouvelle.be\/fr\/#\/schema\/person\/01fbe8226a07f8f3d4a1cd059b31f17a","name":"Energie Commune","url":"https:\/\/www.renouvelle.be\/fr\/author\/apere\/"}]}},"_links":{"self":[{"href":"https:\/\/www.renouvelle.be\/fr\/wp-json\/wp\/v2\/posts\/3529","targetHints":{"allow":["GET"]}}],"collection":[{"href":"https:\/\/www.renouvelle.be\/fr\/wp-json\/wp\/v2\/posts"}],"about":[{"href":"https:\/\/www.renouvelle.be\/fr\/wp-json\/wp\/v2\/types\/post"}],"author":[{"embeddable":true,"href":"https:\/\/www.renouvelle.be\/fr\/wp-json\/wp\/v2\/users\/3"}],"replies":[{"embeddable":true,"href":"https:\/\/www.renouvelle.be\/fr\/wp-json\/wp\/v2\/comments?post=3529"}],"version-history":[{"count":4,"href":"https:\/\/www.renouvelle.be\/fr\/wp-json\/wp\/v2\/posts\/3529\/revisions"}],"predecessor-version":[{"id":10145,"href":"https:\/\/www.renouvelle.be\/fr\/wp-json\/wp\/v2\/posts\/3529\/revisions\/10145"}],"wp:featuredmedia":[{"embeddable":true,"href":"https:\/\/www.renouvelle.be\/fr\/wp-json\/wp\/v2\/media\/4368"}],"wp:attachment":[{"href":"https:\/\/www.renouvelle.be\/fr\/wp-json\/wp\/v2\/media?parent=3529"}],"wp:term":[{"taxonomy":"category","embeddable":true,"href":"https:\/\/www.renouvelle.be\/fr\/wp-json\/wp\/v2\/categories?post=3529"},{"taxonomy":"post_tag","embeddable":true,"href":"https:\/\/www.renouvelle.be\/fr\/wp-json\/wp\/v2\/tags?post=3529"},{"taxonomy":"section","embeddable":true,"href":"https:\/\/www.renouvelle.be\/fr\/wp-json\/wp\/v2\/section?post=3529"}],"curies":[{"name":"wp","href":"https:\/\/api.w.org\/{rel}","templated":true}]}}