{"id":3500,"date":"2018-04-16T09:35:04","date_gmt":"2018-04-16T09:35:04","guid":{"rendered":""},"modified":"2023-06-09T18:55:12","modified_gmt":"2023-06-09T16:55:12","slug":"lenergie-durable-se-developpera-sans-terres-rares","status":"publish","type":"post","link":"https:\/\/www.renouvelle.be\/fr\/lenergie-durable-se-developpera-sans-terres-rares\/","title":{"rendered":"L\u2019\u00e9nergie durable se d\u00e9veloppera sans \u00ab terres rares \u00bb"},"content":{"rendered":"<p>La publication r\u00e9cente du livre \u00ab&nbsp;La guerre des m\u00e9taux rares. La face cach\u00e9e de la transition \u00e9nerg\u00e9tique et num\u00e9rique&nbsp;\u00bb, par le journaliste fran\u00e7ais Guillaume Pitron, relance une pol\u00e9mique r\u00e9guli\u00e8re depuis quelques ann\u00e9es&nbsp;: \u00ab&nbsp;La croissance des \u00e9nergies renouvelables et de la mobilit\u00e9 \u00e9lectrique impliquerait une utilisation massive de m\u00e9taux appel\u00e9s \u00ab&nbsp;terres rares&nbsp;\u00bb, dont l\u2019extraction et la production sont nocives pour l\u2019environnement et la sant\u00e9. \u00bb<\/p>\n<p>Vous pouvez lire les arguments de Guillaume Pitron dans cette <a href=\"https:\/\/www.techniques-ingenieur.fr\/actualite\/articles\/metaux-rares-pitron-50663\/\" target=\"_blank\" rel=\"noopener\">interview<\/a> r\u00e9alis\u00e9e par la revue Techniques Ing\u00e9nieurs et commander son ouvrage <a href=\"http:\/\/www.editionslesliensquiliberent.fr\/livre-La_guerre_des_m%C3%A9taux_rares-9791020905741-1-1-0-1.html\" target=\"_blank\" rel=\"noopener\">ici<\/a>.<\/p>\n<p>Comme dans tout d\u00e9bat soci\u00e9tal, il est utile de confronter les points de vue pour se forger une opinion.<\/p>\n<p>Renouvelle.be, revue d\u00e9di\u00e9e \u00e0 l\u2019actualit\u00e9 de l\u2019\u00e9nergie durable, r\u00e9alis\u00e9e par une association sp\u00e9cialis\u00e9e et sans but lucratif (l\u2019<a href=\"http:\/\/apere.org\" target=\"_blank\" rel=\"noopener\">APERe asbl<\/a>) et soutenue par les pouvoirs publics, notamment pour son r\u00f4le d\u2019\u00e9ducation permanente, souhaite donc d\u00e9velopper ici un point de vue non-pol\u00e9mique sur ce d\u00e9bat pertinent.<\/p>\n<p>Nous allons voir qu\u2019un d\u00e9veloppement durable est possible et souhaitable sans avoir recours aux \u00ab&nbsp;terres rares&nbsp;\u00bb.<\/p>\n<h2>Qu\u2019est-ce que les \u00ab\u00a0terres rares\u00a0\u00bb ?<\/h2>\n<p>Les terres rares sont un ensemble de 17 \u00e9l\u00e9ments chimiques du fameux tableau de Mendele\u00efev que tous les \u00e9coliers ont un jour appris \u00e0 conna\u00eetre. Pour une d\u00e9finition compl\u00e8te: <a href=\"https:\/\/fr.wikipedia.org\/wiki\/Terre_rare\" target=\"_blank\" rel=\"noopener\">Wikipedia<\/a>.<\/p>\n<figure style=\"width: 580px\" class=\"wp-caption alignnone\"><img loading=\"lazy\" decoding=\"async\" style=\"width: 580px; height: 316px;\" src=\"\/wp-content\/uploads\/2021\/02\/post\/terres-rares1b.jpg\" alt=\"\" width=\"580\" height=\"316\"><figcaption class=\"wp-caption-text\">Les terres rares regroupent 17 m\u00e9taux diff\u00e9rents utilis\u00e9s dans de nombreuses applications technologiques.<\/figcaption><\/figure>\n<p>Les oxydes et alliages m\u00e9talliques de ces \u00e9l\u00e9ments sont utilis\u00e9s dans de tr\u00e8s nombreuses applications&nbsp;:<\/p>\n<ul>\n<li>Pour fabriquer des pots catalytiques automobiles et raffiner du p\u00e9trole (24% des usages).<\/li>\n<li>Pour fabriquer des aimants permanents (23% des usages), que l\u2019on retrouve dans les moteurs et g\u00e9n\u00e9rateurs \u00e9lectriques, les smartphones et tablettes, des technologies militaires, certaines \u00e9oliennes, \u2026<\/li>\n<li>Pour fabriquer de la poudre de polissage (12% des usages), utilis\u00e9e pour tous les types d\u2019\u00e9crans&nbsp;: t\u00e9l\u00e9viseurs LCD, ordinateurs, smartphones, tablettes, \u2026 Autant d\u2019objets courants dont la production s\u2019est consid\u00e9rablement acc\u00e9l\u00e9r\u00e9e cette derni\u00e8re d\u00e9cennie.<\/li>\n<li>\u2026<\/li>\n<\/ul>\n<p>Vous trouverez une analyse d\u00e9taill\u00e9e des applications dans le <a href=\"http:\/\/www.mineralinfo.fr\/wp-content\/uploads\/2021\/02\/post\/upload\/documents\/Panoramas_Metaux_Strateg\/rp-65330-fr_labbe-final_160119.pdf\" target=\"_blank\" rel=\"noopener\">Panorama 2014 du march\u00e9 des Terres rares <\/a>et dans la <a href=\"http:\/\/promine.gtk.fi\/documents_news\/promine_final_conference\/8_50_PASPALIARIS_EURARE_project_promine.pdf\" target=\"_blank\" rel=\"noopener\">pr\u00e9sentation du projet europ\u00e9en EURARE<\/a>.<\/p>\n<table style=\"width: 500px;\" border=\"0\" cellspacing=\"1\" cellpadding=\"1\">\n<tbody>\n<tr>\n<td><img decoding=\"async\" style=\"width: 250px; height: 188px;\" src=\"\/wp-content\/uploads\/2021\/02\/post\/moteurs-triphases.jpg\" alt=\"\"><\/td>\n<td><img decoding=\"async\" style=\"width: 250px; height: 150px;\" src=\"\/wp-content\/uploads\/2021\/02\/post\/smartphones_0.jpg\" alt=\"\"><\/td>\n<\/tr>\n<\/tbody>\n<\/table>\n<p><small>Les terres rares se retrouvent notamment dans les moteurs \u00e9lectriques \u00e0 aimants permanents (utilis\u00e9s dans de nombreuses industries) et dans les smartphones.<\/small><\/p>\n<figure style=\"width: 718px\" class=\"wp-caption alignnone\"><img loading=\"lazy\" decoding=\"async\" style=\"width: 580px; height: 548px;\" src=\"\/wp-content\/uploads\/2021\/02\/post\/graph1_2.png\" alt=\"\" width=\"718\" height=\"679\"><figcaption class=\"wp-caption-text\">R\u00e9partition de la production de terres rares par pays et consommation de terres rares par applications en 2015, d&rsquo;apr\u00e8s l&rsquo;article \u00ab\u00a0Global Potential of Rare Earth Resources and Rare Earth Demand from Clean Technologies\u00a0\u00bb (2017).<\/figcaption><\/figure>\n<h2><\/h2>\n<h2>Sont-elles vraiment rares&nbsp;?<\/h2>\n<p>Le nom de \u00ab&nbsp;terres rares&nbsp;\u00bb vient du fait qu\u2019on les a d\u00e9couvertes \u00e0 la fin du&nbsp;18<sup>\u00e8me<\/sup> si\u00e8cle dans des minerais (d\u2019o\u00f9 le nom de \u00ab&nbsp;terres&nbsp;\u00bb), peu courants en ces temps-l\u00e0 et difficiles \u00e0 s\u00e9parer les uns des autres avec les techniques utilis\u00e9es \u00e0 l\u2019\u00e9poque.<\/p>\n<p>Le terme \u00ab&nbsp;rare&nbsp;\u00bb ne fait pas allusion \u00e0 la raret\u00e9 de ces \u00e9l\u00e9ments, mais \u00e0 la raret\u00e9 de leur gisement. En effet, ils se trouvent en quantit\u00e9 assez abondante dans l\u2019\u00e9corce terrestre, mais ils y sont fortement dilu\u00e9s. Leurs caract\u00e9ristiques physico-chimiques font qu&rsquo;ils sont rarement \u00e0 des niveaux de concentration suffisants pour \u00eatre exploitables.<\/p>\n<p>En 2017, <a href=\"http:\/\/www.mdpi.com\/2075-163X\/7\/11\/203\" target=\"_blank\" rel=\"noopener\">une publication du journal scientifique Minerals<\/a> estimait que les r\u00e9serves mondiales d\u2019oxydes de terres rares s\u2019\u00e9levaient \u00e0 478 millions de tonnes. Au rythme de la consommation actuelle (de l&rsquo;ordre de 130 000 tonnes\/an), nous en avons d\u00e8s lors pour plusieurs centaines d&rsquo;ann\u00e9es. M\u00eame en cas de forte croissance de la demande, il n\u2019y aura pas de p\u00e9nurie.<\/p>\n<p>Par ailleurs, les r\u00e9serves sont r\u00e9parties sur plusieurs continents (carte ci-dessous).<\/p>\n<p><img decoding=\"async\" style=\"width: 580px; height: 262px;\" src=\"\/wp-content\/uploads\/2021\/02\/post\/rare-earth-deposit-in-the-world.jpg\" alt=\"\"><\/p>\n<h2><\/h2>\n<h2><\/h2>\n<h2>Un march\u00e9 qui se diversifie<\/h2>\n<p>Au cours des ann\u00e9es 2000, la Chine a assur\u00e9 un quasi-monopole sur le march\u00e9 des \u00ab\u00a0terres rares\u00a0\u00bb, par une politique de quotas et de dumping des prix. Mais, depuis la flamb\u00e9e des prix en 2011, le march\u00e9 s\u2019est diversifi\u00e9.<\/p>\n<p>La Chine reste de loin le premier producteur mondial, suivie par l\u2019Australie (site de Mount Weld) et la Russie. Mais une cinquantaine de projets avancent rapidement dans 34 pays, r\u00e9partis sur 5 continents.<\/p>\n<p>Des scientifiques japonais ont par exemple identifi\u00e9 et analys\u00e9 des gisements de terres rares dans les fonds marins de l&rsquo;Oc\u00e9an Pacifique, estimant que cette seule r\u00e9serve pourrait repr\u00e9senter plusieurs centaines d&rsquo;ann\u00e9es de la consommation mondiale.<\/p>\n<p><img decoding=\"async\" style=\"width: 580px; height: 312px;\" src=\"\/wp-content\/uploads\/2021\/02\/post\/rare-earth-oxide-production-by-country.gif\" alt=\"\"><\/p>\n<h2><\/h2>\n<h2>Des impacts environnementaux n\u00e9fastes<\/h2>\n<p>Les \u00ab\u00a0terres rares\u00a0\u00bb peuvent donc r\u00e9pondre \u00e0 la demande du march\u00e9. Faut-il pour autant s\u2019en r\u00e9jouir&nbsp;?<\/p>\n<p>Dans la plupart des pays concern\u00e9s, les techniques d\u2019extraction et de purification des terres rares sont polluantes pour le sol et l\u2019eau. Elles n\u00e9cessitent des proc\u00e9d\u00e9s hydrom\u00e9tallurgiques et des bains d&rsquo;acides qui rejettent des <a href=\"http:\/\/fr.wikipedia.org\/wiki\/M%C3%A9taux_lourds\" target=\"_blank\" rel=\"noopener\">m\u00e9taux lourds<\/a>, de l\u2019<a href=\"http:\/\/fr.wikipedia.org\/wiki\/Acide_sulfurique\" target=\"_blank\" rel=\"noopener\">acide sulfurique<\/a> ainsi que des \u00e9l\u00e9ments radioactifs (<a href=\"http:\/\/fr.wikipedia.org\/wiki\/Uranium\" target=\"_blank\" rel=\"noopener\">uranium<\/a> et <a href=\"http:\/\/fr.wikipedia.org\/wiki\/Thorium\" target=\"_blank\" rel=\"noopener\">thorium<\/a>).<\/p>\n<p>En Chine, la radioactivit\u00e9 mesur\u00e9e dans les villages de <a href=\"https:\/\/fr.wikipedia.org\/wiki\/Mongolie-Int%C3%A9rieure\" target=\"_blank\" rel=\"noopener\">Mongolie-Int\u00e9rieure<\/a> proches de l&rsquo;exploitation de terres rares de Baotou est de 32 fois la normale (\u00e0 <a href=\"https:\/\/fr.wikipedia.org\/wiki\/Catastrophe_de_Tchernobyl\" target=\"_blank\" rel=\"noopener\">Tchernobyl<\/a>, elle est de 14 fois la normale)&nbsp;; tandis que de nombreux cas de cancer sont attribu\u00e9s \u00e0 l\u2019exploitation des terres rares.<\/p>\n<p>Ces pollutions ont \u00e9t\u00e9 d\u00e9nonc\u00e9es par Greenpeace Chine et par plusieurs associations environnementales internationales.<\/p>\n<figure style=\"width: 580px\" class=\"wp-caption alignnone\"><img loading=\"lazy\" decoding=\"async\" style=\"width: 580px; height: 326px;\" src=\"\/wp-content\/uploads\/2021\/02\/post\/rare_earthenware_baotou.jpg\" alt=\"\" width=\"580\" height=\"326\"><figcaption class=\"wp-caption-text\">Sur le site de Baotou (Chine), la plus grande raffinerie de terres rares au monde rejette des r\u00e9sidus radioactifs dans un lac artificiel adjacent. Photo&nbsp;: Unknown Fields<\/figcaption><\/figure>\n<p>Il est pourtant aujourd\u2019hui possible d\u2019extraire et de produire des \u00ab\u00a0terres rares\u00a0\u00bb en respectant des normes environnementales et sanitaires s\u00e9v\u00e8res. Ces normes devraient s\u2019appliquer dans tous les pays concern\u00e9s, notamment les Etats plus laxistes \u00e0 l\u2019\u00e9gard de l\u2019environnement et de la sant\u00e9 de la population locale.<\/p>\n<p>Mais le march\u00e9 est-il pr\u00eat \u00e0 int\u00e9grer les co\u00fbts n\u00e9cessaires pour rendre cette activit\u00e9 plus respectueuse de l\u2019environnement et de la sant\u00e9 humaine&nbsp;?<\/p>\n<h2>Pour un d\u00e9veloppement durable sans terres rares<\/h2>\n<p>La transition \u00e9nerg\u00e9tique en Europe ne peut se faire au d\u00e9triment des \u00e9cosyst\u00e8mes et des populations locales ailleurs dans le monde.<\/p>\n<p>Pour am\u00e9liorer la durabilit\u00e9 de leur activit\u00e9, les secteurs \u00e9conomiques concern\u00e9s devraient donc mettre en \u0153uvre des process ou des composants \u00ab&nbsp;low tech&nbsp;\u00bb sans terres rares. Or, les secteurs de la mobilit\u00e9 \u00e9lectrique et de l\u2019\u00e9olien montrent actuellement l\u2019exemple.<\/p>\n<p><img decoding=\"async\" style=\"width: 580px; height: 387px;\" src=\"\/wp-content\/uploads\/2021\/02\/post\/1573_w750.jpg\" alt=\"\"><\/p>\n<h2><\/h2>\n<h2>La mobilit\u00e9 \u00e9lectrique n\u2019a plus besoin de terres rares<\/h2>\n<p>Les v\u00e9hicules \u00e9lectriques sont parfois point\u00e9s du doigt dans ce d\u00e9bat, pour leurs besoins en aimants permanents fabriqu\u00e9s \u00e0 partir de \u00ab\u00a0terres rares\u00a0\u00bb.<\/p>\n<p>Or, les constructeurs de v\u00e9hicules \u00e9lectriques peuvent et veulent se passer&nbsp;de \u00ab\u00a0terres rares\u00a0\u00bb, explique l\u2019association AMPERes dans cet <a href=\"https:\/\/www.amperes.be\/2018\/02\/13\/terres-rares-vehicules-electriques-florilege-de-fake-news\/\" target=\"_blank\" rel=\"noopener\">article<\/a>. Il suffit de remplacer le r\u00f4le des aimants par une bobine d\u2019excitation. Des mod\u00e8les comme par exemple la Renault Zo\u00e9 (la plus vendue en Europe) ou les Tesla (les plus vendues en Am\u00e9rique) utilisent cette technologie et leur moteur ne contient donc pas de \u00ab\u00a0terres rares\u00a0\u00bb.<\/p>\n<p>En ce qui concerne les batteries, les anciens mod\u00e8les \u2013 qui contenaient des \u00ab\u00a0terres rares\u00a0\u00bb \u2013 sont aujourd\u2019hui remplac\u00e9s par des batteries Li-ion, aux performances bien plus \u00e9lev\u00e9es, et qui ne contiennent pas de \u00ab\u00a0terres rares\u00a0\u00bb.<\/p>\n<p>Par cons\u00e9quent, l\u2019avenir et le d\u00e9veloppement de la mobilit\u00e9 \u00e9lectrique ne d\u00e9pend nullement de l\u2019exploitation de terres rares. Par contre, le raffinage du p\u00e9trole et les pots catalytiques des voitures thermiques qui, eux, ne peuvent pas se passer de \u00ab\u00a0terres rares\u00a0\u00bb, figurent parmi les plus gros consommateurs. Comme d\u2019ailleurs de nombreux appareils \u00e9lectrom\u00e9nagers, technologiques ou industriels.<\/p>\n<p>Cependant, notons que l\u2019usage de batteries Li-ion ouvre d\u2019autres questions&nbsp;: Quelles sont les r\u00e9serves r\u00e9elles de lithium&nbsp;? Son extraction peut-elle se faire sans nuire aux \u00e9cosyst\u00e8mes concern\u00e9s (Chine, Bolivie, Chili,&nbsp;\u2026)&nbsp;? Ce d\u00e9bat environnemental doit aussi \u00eatre consid\u00e9r\u00e9.<\/p>\n<p>Par ailleurs, soulignons que l\u2019Europe souhaite d\u00e9velopper une \u00e9conomie circulaire des batteries pour v\u00e9hicules \u00e9lectriques, permettant de les recycler et leurs donner plusieurs vies et en maximiser ainsi leur usage, ce qui r\u00e9duira fortement nos besoins d\u2019extraire de nouveaux m\u00e9taux pour en fabriquer des neuves.<\/p>\n<p>De mani\u00e8re g\u00e9n\u00e9rale, les associations environnementales soutiennent le sc\u00e9nario d\u2019un parc automobile 100% \u00e9lectrique en Europe d\u2019ici 2050, combin\u00e9 \u00e0 une diminution drastique des besoins de transport, afin &#8211; notamment &#8211; de faire chuter la pollution actuelle de l\u2019air, g\u00e9n\u00e9r\u00e9e par les voitures thermiques et responsable de 467.000 morts pr\u00e9matur\u00e9es chaque ann\u00e9e (lire l\u2019<a href=\"https:\/\/europeanclimate.org\/transition-to-e-mobility-could-help-revitalise-europes-growth-and-reduce-air-pollution-but-challenges-remain-along-the-way\/\" target=\"_blank\" rel=\"noopener\">\u00e9tude<\/a> de la European Climate Foundation).<\/p>\n<p>Les scientifiques ont \u00e9galement analys\u00e9 le bilan CO<sub>2<\/sub> complet des v\u00e9hicules \u00e9lectriques en Europe. D\u2019ici 2030, ces v\u00e9hicules \u00e9mettront 66% de CO<sub>2<\/sub> de moins qu\u2019une voiture diesel et, d\u2019ici 2050, 80% de CO<sub>2<\/sub> de moins&nbsp;! Le bilan environnemental sera donc nettement positif en Europe (lire notre article <a href=\"https:\/\/www.renouvelle.be\/fr\/debats\/2-millions-de-voitures-electriques-en-belgique\" target=\"_blank\" rel=\"noopener\">2 millions de voitures \u00e9lectriques en Belgique ?).<\/a><\/p>\n<h2>L\u2019\u00e9olien sans terres rares montre l&rsquo;exemple<\/h2>\n<p>Au niveau de l\u2019\u00e9olien, des \u00ab\u00a0terres rares\u00a0\u00bb (le n\u00e9odyme en particulier) sont parfois utilis\u00e9es pour la fabrication des aimants permanents qui \u00e9quipent les g\u00e9n\u00e9ratrices synchrones. En fonction de la technologie (avec ou sans bo\u00eete de vitesse) et de la vitesse d&rsquo;entra\u00eenement, l&rsquo;utilisation de terres rares peut \u00eatre plus ou moins importante. Il peut repr\u00e9senter 1\/3 du poids des aimants permanents (lire cet <a href=\"https:\/\/www.sciencedirect.com\/science\/article\/pii\/S0301420717300077\" target=\"_blank\" rel=\"noopener\">article<\/a> de la revue scientifique \u00ab\u00a0Resources Policy\u00a0\u00bb).<\/p>\n<p>L\u2019\u00e9olien onshore se d\u00e9veloppe principalement sans utiliser de \u00ab\u00a0terres rares\u00a0\u00bb. En Wallonie par exemple, l\u2019essentiel de la technologie \u00e9olienne install\u00e9e n\u2019utilise pas d\u2019aimants permanents (les turbines Enercon et Senvion, les plus install\u00e9es, en sont totalement d\u00e9pourvues).<\/p>\n<p>En \u00e9olien offshore, les aimants permanents restent int\u00e9ressants, essentiellement pour des raisons de compacit\u00e9 des g\u00e9n\u00e9ratrices, d&rsquo;efficacit\u00e9 et de moindre co\u00fbt de maintenance.<\/p>\n<p>La flamb\u00e9e des prix des terres rares en 2011 a encourag\u00e9 les producteurs \u00e9oliens \u00e0 se tourner vers des alternatives, pour stabiliser le risque prix par rapport \u00e0 cette ressource.<\/p>\n<figure style=\"width: 444px\" class=\"wp-caption alignnone\"><img loading=\"lazy\" decoding=\"async\" style=\"width: 444px; height: 352px;\" src=\"\/wp-content\/uploads\/2021\/02\/post\/dynalab.jpg\" alt=\"\" width=\"444\" height=\"352\"><figcaption class=\"wp-caption-text\">Le projet de recherche europ\u00e9en EcoSwing d\u00e9veloppe des g\u00e9n\u00e9ratrices avec supra conducteurs qui n\u00e9cessiteront 100 fois moins de \u00ab\u00a0terres rares\u00a0\u00bb.<\/figcaption><\/figure>\n<p>La recherche et d\u00e9veloppement va bon train pour diminuer voire supprimer totalement la d\u00e9pendance aux \u00ab\u00a0terres rares\u00a0\u00bb dans l&rsquo;\u00e9olien (lire \u00e0 ce sujet le <a href=\"https:\/\/ec.europa.eu\/jrc\/en\/publication\/eur-scientific-and-technical-research-reports\/jrc-wind-energy-status-report-2016-edition\" target=\"_blank\" rel=\"noopener\">rapport du JRC<\/a> au sujet de la technologie \u00e9olienne). Il s&rsquo;agit d&rsquo;optimiser les turbines ou de trouver des alternatives qui pourraient remplacer les terres rares par des composants aux propri\u00e9t\u00e9s similaires.<\/p>\n<p>Ainsi, des avanc\u00e9es dans la fabrication des aimants permanents et le design des g\u00e9n\u00e9ratrices permettent d\u00e9j\u00e0 de r\u00e9duire le besoin de terres rares. Des g\u00e9n\u00e9ratrices avec supra conducteurs pourraient aussi permettre de diminuer le poids de la g\u00e9n\u00e9ratrice et r\u00e9duire fortement l&rsquo;usage des terres rares (de 200 kg\/MW \u00e0 moins de 2 kg\/MW). Un <a href=\"https:\/\/ecoswing.eu\/project\" target=\"_blank\" rel=\"noopener\">projet de recherche europ\u00e9en<\/a> est en cours \u00e0 ce sujet et pr\u00e9voit de mettre en service une turbine de 3,6 MW en <em>near-shore<\/em> au Danemark en 2019.<\/p>\n<p>Les avanc\u00e9es les plus r\u00e9centes en recherche permettent m\u00eame la substitution directe des \u00ab\u00a0terres rares\u00a0\u00bb. Une premi\u00e8re mondiale de g\u00e9n\u00e9ratrice synchrone \u00e0 aimants permanents avec de la ferrite a \u00e9t\u00e9 d\u00e9velopp\u00e9e par l\u2019entreprise anglaise <a href=\"https:\/\/www.greenspur.co.uk\/technology\" target=\"_blank\" rel=\"noopener\">GreenSpur Renewables<\/a> : des turbines de 3 et 6 MW sont install\u00e9es et une turbine de 15 MW est attendue pour 2021.<\/p>\n<figure style=\"width: 580px\" class=\"wp-caption alignnone\"><img loading=\"lazy\" decoding=\"async\" style=\"width: 580px; height: 367px;\" src=\"\/wp-content\/uploads\/2021\/02\/post\/image-technology-box-about-min1.jpg\" alt=\"\" width=\"580\" height=\"367\"><figcaption class=\"wp-caption-text\">L\u2019entreprise anglaise GreenSpur Renewables a d\u00e9velopp\u00e9 la premi\u00e8re g\u00e9n\u00e9ratrice synchrone \u00e0 aimants permanents avec de la ferrite, en substitution aux terres rares.<\/figcaption><\/figure>\n<p>Par ailleurs, <a href=\"https:\/\/www.google.be\/url?sa=t&amp;rct=j&amp;q=&amp;esrc=s&amp;source=web&amp;cd=1&amp;ved=0ahUKEwiLxueE4rTaAhWPb1AKHYVPAjYQFgguMAA&amp;url=https%3A%2F%2Fwww.conftool.com%2Flcm2017%2Findex.php%2FGoldner-Identification_and_Assessment_of_Second_Life_Applications_of_Permanent_Magnets-452_POSTER.pdf%3Fpage%3DdownloadPaper%26filename%3DGoldner-Identification_and_Assessment_of_Second_Life_Applications_of_Permanent_Magnets-452_POSTER.pdf%26form_id%3D452%26form_index%3D2%26form_version%3Dfinal&amp;usg=AOvVaw2WFBpHsmvsV7NVLSXbwoZS\" target=\"_blank\" rel=\"noopener\">des \u00e9tudes<\/a> se penchent sur le recyclage des aimants, dans l&rsquo;id\u00e9e d&rsquo;une \u00e9conomie circulaire, ce qui est b\u00e9n\u00e9fique pour l&rsquo;environnement et r\u00e9duit la criticit\u00e9 de la ressource.<\/p>\n<p>Suivant l&rsquo;analyse de cet <a href=\"https:\/\/www.sciencedirect.com\/science\/article\/pii\/S0301420717300077\" target=\"_blank\" rel=\"noopener\">article<\/a> de la revue scientifique \u00ab\u00a0Resources Policy\u00a0\u00bb, les strat\u00e9gies de substitution d\u00e9pendront sans conteste de l&rsquo;\u00e9volution des prix sur le march\u00e9 et des avantages technico \u00e9conomiques des alternatives sans \u00ab\u00a0terres rares\u00a0\u00bb.<\/p>\n<p>Il semble n\u00e9anmoins r\u00e9aliste de penser que, d\u2019ici \u00e0 quelques ann\u00e9es, les recherches en cours permettront de minimiser voire m\u00eame de supprimer totalement l\u2019utilisation de terres rares dans l\u2019\u00e9olien.<\/p>\n<p>Rappelons enfin que les associations environnementales soutiennent le sc\u00e9nario d\u2019une Europe 100% \u00e9nergies renouvelables d\u2019ici 2050, combin\u00e9 \u00e0 une r\u00e9duction drastique de la demande d&rsquo;\u00e9nergie, vu ses effets positifs pour l\u2019environnement, le climat, la sant\u00e9 et le d\u00e9veloppement \u00e9conomique.<\/p>\n<h2>En conclusion<\/h2>\n<p>Le d\u00e9veloppement d\u2019une \u00e9nergie durable en Europe \u2013 mobilit\u00e9 \u00e9lectrique, production d\u2019\u00e9nergie \u00e9olienne, \u2026 &#8211; ne peut se faire au d\u00e9triment d\u2019un \u00e9cosyst\u00e8me et d\u2019une population locale ailleurs dans le monde.<\/p>\n<p>Or les technologies d\u2019\u00e9nergies renouvelables et les v\u00e9hicules \u00e9lectriques souhaitent se passer des \u00ab\u00a0terres rares\u00a0\u00bb pour assurer leur croissance.<\/p>\n<p>Les \u00ab\u00a0terres rares\u00a0\u00bb sont par contre utilis\u00e9es dans de nombreux appareils \u00e9lectrom\u00e9nagers, technologiques ou industriels. Le consommateur doit \u00eatre conscient que des terres rares se retrouvent dans de nombreux \u00e9quipements de son quotidien (smartphone, ordinateur, \u00e9cran LCD, \u2026).<\/p>\n<p>Dans une perspective de soutenabilit\u00e9, il est donc souhaitable de r\u00e9duire et de remplacer l\u2019usage de \u00ab\u00a0terres rares\u00a0\u00bb dans les nombreuses applications courantes. A l\u2019exemple de l\u2019\u00e9olien et de la mobilit\u00e9 \u00e9lectrique, de nombreux autres secteurs \u00e9conomiques devraient mettre aussi en \u0153uvre des process ou des composants industriels alternatifs respectueux de l\u2019environnement. A quand un label \u00ab&nbsp;Smartphone sans terres rares&nbsp;\u00bb&nbsp;?<\/p>\n<p>Par ailleurs, parall\u00e8lement \u00e0 un abandon progressif de cette ressource, des l\u00e9gislations environnementales tr\u00e8s strictes devraient \u00eatre mises en place dans les pays o\u00f9 ont lieu l\u2019extraction de \u00ab\u00a0terres rares\u00a0\u00bb, afin de prot\u00e9ger les sols, l\u2019eau et la sant\u00e9 humaine.<\/p>\n","protected":false},"excerpt":{"rendered":"<p>La publication r\u00e9cente du livre \u00ab&nbsp;La guerre des m\u00e9taux rares. La face cach\u00e9e de la transition \u00e9nerg\u00e9tique et num\u00e9rique&nbsp;\u00bb, par le journaliste fran\u00e7ais Guillaume Pitron, relance une pol\u00e9mique r\u00e9guli\u00e8re depuis quelques ann\u00e9es&nbsp;: \u00ab&nbsp;La croissance des \u00e9nergies renouvelables et de la mobilit\u00e9 \u00e9lectrique impliquerait une utilisation massive de m\u00e9taux appel\u00e9s \u00ab&nbsp;terres rares&nbsp;\u00bb, dont l\u2019extraction et la production sont nocives pour l\u2019environnement et la sant\u00e9. \u00bb Vous pouvez lire les arguments de Guillaume Pitron dans cette interview r\u00e9alis\u00e9e par la revue Techniques Ing\u00e9nieurs et commander son ouvrage ici. Comme dans tout d\u00e9bat soci\u00e9tal, il est utile de confronter les points de vue pour se forger une opinion. Renouvelle.be, revue d\u00e9di\u00e9e \u00e0 l\u2019actualit\u00e9 de l\u2019\u00e9nergie durable, r\u00e9alis\u00e9e par une association sp\u00e9cialis\u00e9e et sans but lucratif (l\u2019APERe asbl) et soutenue par les pouvoirs publics, notamment pour son r\u00f4le d\u2019\u00e9ducation permanente, souhaite donc d\u00e9velopper ici un point de vue non-pol\u00e9mique sur ce d\u00e9bat pertinent. Nous allons voir qu\u2019un d\u00e9veloppement durable est possible et souhaitable sans avoir recours aux \u00ab&nbsp;terres rares&nbsp;\u00bb. Qu\u2019est-ce que les \u00ab\u00a0terres rares\u00a0\u00bb ? Les terres rares sont un ensemble de 17 \u00e9l\u00e9ments chimiques du fameux tableau de Mendele\u00efev que tous les \u00e9coliers ont un jour appris \u00e0 conna\u00eetre. Pour une d\u00e9finition compl\u00e8te: Wikipedia. Les oxydes et alliages m\u00e9talliques de ces \u00e9l\u00e9ments sont utilis\u00e9s dans de tr\u00e8s nombreuses applications&nbsp;: Pour fabriquer des pots catalytiques automobiles et raffiner du p\u00e9trole (24% des usages). Pour fabriquer des aimants permanents (23% des usages), que l\u2019on retrouve dans les moteurs et g\u00e9n\u00e9rateurs \u00e9lectriques, les smartphones et tablettes, des technologies militaires, certaines \u00e9oliennes, \u2026 Pour fabriquer de la poudre de polissage (12% des usages), utilis\u00e9e pour tous les types d\u2019\u00e9crans&nbsp;: t\u00e9l\u00e9viseurs LCD, ordinateurs, smartphones, tablettes, \u2026 Autant d\u2019objets courants dont la production s\u2019est consid\u00e9rablement acc\u00e9l\u00e9r\u00e9e cette derni\u00e8re d\u00e9cennie. &hellip; <a href=\"https:\/\/www.renouvelle.be\/fr\/lenergie-durable-se-developpera-sans-terres-rares\/\" class=\"more-link\">Continue reading<span class=\"screen-reader-text\"> \u00ab\u00a0L\u2019\u00e9nergie durable se d\u00e9veloppera sans \u00ab terres rares \u00bb\u00a0\u00bb<\/span><\/a><\/p>\n","protected":false},"author":3,"featured_media":4563,"comment_status":"open","ping_status":"open","sticky":false,"template":"","format":"standard","meta":{"_acf_changed":false,"footnotes":""},"categories":[21],"tags":[],"section":[8,6,12],"class_list":["post-3500","post","type-post","status-publish","format-standard","has-post-thumbnail","hentry","category-debats","section-energie-renouvelables","section-eolien","section-mobilite"],"acf":[],"yoast_head":"<!-- This site is optimized with the Yoast SEO plugin v27.5 - https:\/\/yoast.com\/product\/yoast-seo-wordpress\/ -->\n<title>L\u2019\u00e9nergie durable se d\u00e9veloppera sans \u00ab terres rares \u00bb - Renouvelle<\/title>\n<meta name=\"robots\" content=\"index, follow, max-snippet:-1, max-image-preview:large, max-video-preview:-1\" \/>\n<link rel=\"canonical\" href=\"https:\/\/www.renouvelle.be\/fr\/lenergie-durable-se-developpera-sans-terres-rares\/\" \/>\n<meta property=\"og:locale\" content=\"fr_FR\" \/>\n<meta property=\"og:type\" content=\"article\" \/>\n<meta property=\"og:title\" content=\"L\u2019\u00e9nergie durable se d\u00e9veloppera sans \u00ab terres rares \u00bb - Renouvelle\" \/>\n<meta property=\"og:description\" content=\"La publication r\u00e9cente du livre \u00ab&nbsp;La guerre des m\u00e9taux rares. La face cach\u00e9e de la transition \u00e9nerg\u00e9tique et num\u00e9rique&nbsp;\u00bb, par le journaliste fran\u00e7ais Guillaume Pitron, relance une pol\u00e9mique r\u00e9guli\u00e8re depuis quelques ann\u00e9es&nbsp;: \u00ab&nbsp;La croissance des \u00e9nergies renouvelables et de la mobilit\u00e9 \u00e9lectrique impliquerait une utilisation massive de m\u00e9taux appel\u00e9s \u00ab&nbsp;terres rares&nbsp;\u00bb, dont l\u2019extraction et la production sont nocives pour l\u2019environnement et la sant\u00e9. \u00bb Vous pouvez lire les arguments de Guillaume Pitron dans cette interview r\u00e9alis\u00e9e par la revue Techniques Ing\u00e9nieurs et commander son ouvrage ici. Comme dans tout d\u00e9bat soci\u00e9tal, il est utile de confronter les points de vue pour se forger une opinion. Renouvelle.be, revue d\u00e9di\u00e9e \u00e0 l\u2019actualit\u00e9 de l\u2019\u00e9nergie durable, r\u00e9alis\u00e9e par une association sp\u00e9cialis\u00e9e et sans but lucratif (l\u2019APERe asbl) et soutenue par les pouvoirs publics, notamment pour son r\u00f4le d\u2019\u00e9ducation permanente, souhaite donc d\u00e9velopper ici un point de vue non-pol\u00e9mique sur ce d\u00e9bat pertinent. Nous allons voir qu\u2019un d\u00e9veloppement durable est possible et souhaitable sans avoir recours aux \u00ab&nbsp;terres rares&nbsp;\u00bb. Qu\u2019est-ce que les \u00ab\u00a0terres rares\u00a0\u00bb ? Les terres rares sont un ensemble de 17 \u00e9l\u00e9ments chimiques du fameux tableau de Mendele\u00efev que tous les \u00e9coliers ont un jour appris \u00e0 conna\u00eetre. Pour une d\u00e9finition compl\u00e8te: Wikipedia. Les oxydes et alliages m\u00e9talliques de ces \u00e9l\u00e9ments sont utilis\u00e9s dans de tr\u00e8s nombreuses applications&nbsp;: Pour fabriquer des pots catalytiques automobiles et raffiner du p\u00e9trole (24% des usages). Pour fabriquer des aimants permanents (23% des usages), que l\u2019on retrouve dans les moteurs et g\u00e9n\u00e9rateurs \u00e9lectriques, les smartphones et tablettes, des technologies militaires, certaines \u00e9oliennes, \u2026 Pour fabriquer de la poudre de polissage (12% des usages), utilis\u00e9e pour tous les types d\u2019\u00e9crans&nbsp;: t\u00e9l\u00e9viseurs LCD, ordinateurs, smartphones, tablettes, \u2026 Autant d\u2019objets courants dont la production s\u2019est consid\u00e9rablement acc\u00e9l\u00e9r\u00e9e cette derni\u00e8re d\u00e9cennie. &hellip; Continue reading &quot;L\u2019\u00e9nergie durable se d\u00e9veloppera sans \u00ab terres rares \u00bb&quot;\" \/>\n<meta property=\"og:url\" content=\"https:\/\/www.renouvelle.be\/fr\/lenergie-durable-se-developpera-sans-terres-rares\/\" \/>\n<meta property=\"og:site_name\" content=\"Renouvelle\" \/>\n<meta property=\"article:published_time\" content=\"2018-04-16T09:35:04+00:00\" \/>\n<meta property=\"article:modified_time\" content=\"2023-06-09T16:55:12+00:00\" \/>\n<meta property=\"og:image\" content=\"https:\/\/www.renouvelle.be\/wp-content\/uploads\/2021\/02\/istock-491065685-scaled.jpg\" \/>\n\t<meta property=\"og:image:width\" content=\"2560\" \/>\n\t<meta property=\"og:image:height\" content=\"1793\" \/>\n\t<meta property=\"og:image:type\" content=\"image\/jpeg\" \/>\n<meta name=\"author\" content=\"Energie Commune\" \/>\n<meta name=\"twitter:card\" content=\"summary_large_image\" \/>\n<script type=\"application\/ld+json\" class=\"yoast-schema-graph\">{\"@context\":\"https:\\\/\\\/schema.org\",\"@graph\":[{\"@type\":\"Article\",\"@id\":\"https:\\\/\\\/www.renouvelle.be\\\/fr\\\/lenergie-durable-se-developpera-sans-terres-rares\\\/#article\",\"isPartOf\":{\"@id\":\"https:\\\/\\\/www.renouvelle.be\\\/fr\\\/lenergie-durable-se-developpera-sans-terres-rares\\\/\"},\"author\":{\"name\":\"Energie Commune\",\"@id\":\"https:\\\/\\\/www.renouvelle.be\\\/fr\\\/#\\\/schema\\\/person\\\/01fbe8226a07f8f3d4a1cd059b31f17a\"},\"headline\":\"L\u2019\u00e9nergie durable se d\u00e9veloppera sans \u00ab terres rares \u00bb\",\"datePublished\":\"2018-04-16T09:35:04+00:00\",\"dateModified\":\"2023-06-09T16:55:12+00:00\",\"mainEntityOfPage\":{\"@id\":\"https:\\\/\\\/www.renouvelle.be\\\/fr\\\/lenergie-durable-se-developpera-sans-terres-rares\\\/\"},\"wordCount\":2384,\"commentCount\":1,\"image\":{\"@id\":\"https:\\\/\\\/www.renouvelle.be\\\/fr\\\/lenergie-durable-se-developpera-sans-terres-rares\\\/#primaryimage\"},\"thumbnailUrl\":\"https:\\\/\\\/www.renouvelle.be\\\/wp-content\\\/uploads\\\/2021\\\/02\\\/istock-491065685-scaled.jpg\",\"articleSection\":[\"D\u00e9bats\"],\"inLanguage\":\"fr-FR\",\"potentialAction\":[{\"@type\":\"CommentAction\",\"name\":\"Comment\",\"target\":[\"https:\\\/\\\/www.renouvelle.be\\\/fr\\\/lenergie-durable-se-developpera-sans-terres-rares\\\/#respond\"]}]},{\"@type\":\"WebPage\",\"@id\":\"https:\\\/\\\/www.renouvelle.be\\\/fr\\\/lenergie-durable-se-developpera-sans-terres-rares\\\/\",\"url\":\"https:\\\/\\\/www.renouvelle.be\\\/fr\\\/lenergie-durable-se-developpera-sans-terres-rares\\\/\",\"name\":\"L\u2019\u00e9nergie durable se d\u00e9veloppera sans \u00ab terres rares \u00bb - Renouvelle\",\"isPartOf\":{\"@id\":\"https:\\\/\\\/www.renouvelle.be\\\/fr\\\/#website\"},\"primaryImageOfPage\":{\"@id\":\"https:\\\/\\\/www.renouvelle.be\\\/fr\\\/lenergie-durable-se-developpera-sans-terres-rares\\\/#primaryimage\"},\"image\":{\"@id\":\"https:\\\/\\\/www.renouvelle.be\\\/fr\\\/lenergie-durable-se-developpera-sans-terres-rares\\\/#primaryimage\"},\"thumbnailUrl\":\"https:\\\/\\\/www.renouvelle.be\\\/wp-content\\\/uploads\\\/2021\\\/02\\\/istock-491065685-scaled.jpg\",\"datePublished\":\"2018-04-16T09:35:04+00:00\",\"dateModified\":\"2023-06-09T16:55:12+00:00\",\"author\":{\"@id\":\"https:\\\/\\\/www.renouvelle.be\\\/fr\\\/#\\\/schema\\\/person\\\/01fbe8226a07f8f3d4a1cd059b31f17a\"},\"breadcrumb\":{\"@id\":\"https:\\\/\\\/www.renouvelle.be\\\/fr\\\/lenergie-durable-se-developpera-sans-terres-rares\\\/#breadcrumb\"},\"inLanguage\":\"fr-FR\",\"potentialAction\":[{\"@type\":\"ReadAction\",\"target\":[\"https:\\\/\\\/www.renouvelle.be\\\/fr\\\/lenergie-durable-se-developpera-sans-terres-rares\\\/\"]}]},{\"@type\":\"ImageObject\",\"inLanguage\":\"fr-FR\",\"@id\":\"https:\\\/\\\/www.renouvelle.be\\\/fr\\\/lenergie-durable-se-developpera-sans-terres-rares\\\/#primaryimage\",\"url\":\"https:\\\/\\\/www.renouvelle.be\\\/wp-content\\\/uploads\\\/2021\\\/02\\\/istock-491065685-scaled.jpg\",\"contentUrl\":\"https:\\\/\\\/www.renouvelle.be\\\/wp-content\\\/uploads\\\/2021\\\/02\\\/istock-491065685-scaled.jpg\",\"width\":2560,\"height\":1793,\"caption\":\"Electric green car in the outdoor with a view of windmill behind it.\"},{\"@type\":\"BreadcrumbList\",\"@id\":\"https:\\\/\\\/www.renouvelle.be\\\/fr\\\/lenergie-durable-se-developpera-sans-terres-rares\\\/#breadcrumb\",\"itemListElement\":[{\"@type\":\"ListItem\",\"position\":1,\"name\":\"Accueil\",\"item\":\"https:\\\/\\\/www.renouvelle.be\\\/fr\\\/\"},{\"@type\":\"ListItem\",\"position\":2,\"name\":\"L\u2019\u00e9nergie durable se d\u00e9veloppera sans \u00ab terres rares \u00bb\"}]},{\"@type\":\"WebSite\",\"@id\":\"https:\\\/\\\/www.renouvelle.be\\\/fr\\\/#website\",\"url\":\"https:\\\/\\\/www.renouvelle.be\\\/fr\\\/\",\"name\":\"Renouvelle\",\"description\":\"L&#039;actualit\u00e9 de l&#039;\u00e9nergie durable\",\"potentialAction\":[{\"@type\":\"SearchAction\",\"target\":{\"@type\":\"EntryPoint\",\"urlTemplate\":\"https:\\\/\\\/www.renouvelle.be\\\/fr\\\/?s={search_term_string}\"},\"query-input\":{\"@type\":\"PropertyValueSpecification\",\"valueRequired\":true,\"valueName\":\"search_term_string\"}}],\"inLanguage\":\"fr-FR\"},{\"@type\":\"Person\",\"@id\":\"https:\\\/\\\/www.renouvelle.be\\\/fr\\\/#\\\/schema\\\/person\\\/01fbe8226a07f8f3d4a1cd059b31f17a\",\"name\":\"Energie Commune\",\"url\":\"https:\\\/\\\/www.renouvelle.be\\\/fr\\\/author\\\/apere\\\/\"}]}<\/script>\n<!-- \/ Yoast SEO plugin. -->","yoast_head_json":{"title":"L\u2019\u00e9nergie durable se d\u00e9veloppera sans \u00ab terres rares \u00bb - Renouvelle","robots":{"index":"index","follow":"follow","max-snippet":"max-snippet:-1","max-image-preview":"max-image-preview:large","max-video-preview":"max-video-preview:-1"},"canonical":"https:\/\/www.renouvelle.be\/fr\/lenergie-durable-se-developpera-sans-terres-rares\/","og_locale":"fr_FR","og_type":"article","og_title":"L\u2019\u00e9nergie durable se d\u00e9veloppera sans \u00ab terres rares \u00bb - Renouvelle","og_description":"La publication r\u00e9cente du livre \u00ab&nbsp;La guerre des m\u00e9taux rares. La face cach\u00e9e de la transition \u00e9nerg\u00e9tique et num\u00e9rique&nbsp;\u00bb, par le journaliste fran\u00e7ais Guillaume Pitron, relance une pol\u00e9mique r\u00e9guli\u00e8re depuis quelques ann\u00e9es&nbsp;: \u00ab&nbsp;La croissance des \u00e9nergies renouvelables et de la mobilit\u00e9 \u00e9lectrique impliquerait une utilisation massive de m\u00e9taux appel\u00e9s \u00ab&nbsp;terres rares&nbsp;\u00bb, dont l\u2019extraction et la production sont nocives pour l\u2019environnement et la sant\u00e9. \u00bb Vous pouvez lire les arguments de Guillaume Pitron dans cette interview r\u00e9alis\u00e9e par la revue Techniques Ing\u00e9nieurs et commander son ouvrage ici. Comme dans tout d\u00e9bat soci\u00e9tal, il est utile de confronter les points de vue pour se forger une opinion. Renouvelle.be, revue d\u00e9di\u00e9e \u00e0 l\u2019actualit\u00e9 de l\u2019\u00e9nergie durable, r\u00e9alis\u00e9e par une association sp\u00e9cialis\u00e9e et sans but lucratif (l\u2019APERe asbl) et soutenue par les pouvoirs publics, notamment pour son r\u00f4le d\u2019\u00e9ducation permanente, souhaite donc d\u00e9velopper ici un point de vue non-pol\u00e9mique sur ce d\u00e9bat pertinent. Nous allons voir qu\u2019un d\u00e9veloppement durable est possible et souhaitable sans avoir recours aux \u00ab&nbsp;terres rares&nbsp;\u00bb. Qu\u2019est-ce que les \u00ab\u00a0terres rares\u00a0\u00bb ? Les terres rares sont un ensemble de 17 \u00e9l\u00e9ments chimiques du fameux tableau de Mendele\u00efev que tous les \u00e9coliers ont un jour appris \u00e0 conna\u00eetre. Pour une d\u00e9finition compl\u00e8te: Wikipedia. Les oxydes et alliages m\u00e9talliques de ces \u00e9l\u00e9ments sont utilis\u00e9s dans de tr\u00e8s nombreuses applications&nbsp;: Pour fabriquer des pots catalytiques automobiles et raffiner du p\u00e9trole (24% des usages). Pour fabriquer des aimants permanents (23% des usages), que l\u2019on retrouve dans les moteurs et g\u00e9n\u00e9rateurs \u00e9lectriques, les smartphones et tablettes, des technologies militaires, certaines \u00e9oliennes, \u2026 Pour fabriquer de la poudre de polissage (12% des usages), utilis\u00e9e pour tous les types d\u2019\u00e9crans&nbsp;: t\u00e9l\u00e9viseurs LCD, ordinateurs, smartphones, tablettes, \u2026 Autant d\u2019objets courants dont la production s\u2019est consid\u00e9rablement acc\u00e9l\u00e9r\u00e9e cette derni\u00e8re d\u00e9cennie. &hellip; Continue reading \"L\u2019\u00e9nergie durable se d\u00e9veloppera sans \u00ab terres rares \u00bb\"","og_url":"https:\/\/www.renouvelle.be\/fr\/lenergie-durable-se-developpera-sans-terres-rares\/","og_site_name":"Renouvelle","article_published_time":"2018-04-16T09:35:04+00:00","article_modified_time":"2023-06-09T16:55:12+00:00","og_image":[{"width":2560,"height":1793,"url":"https:\/\/www.renouvelle.be\/wp-content\/uploads\/2021\/02\/istock-491065685-scaled.jpg","type":"image\/jpeg"}],"author":"Energie Commune","twitter_card":"summary_large_image","schema":{"@context":"https:\/\/schema.org","@graph":[{"@type":"Article","@id":"https:\/\/www.renouvelle.be\/fr\/lenergie-durable-se-developpera-sans-terres-rares\/#article","isPartOf":{"@id":"https:\/\/www.renouvelle.be\/fr\/lenergie-durable-se-developpera-sans-terres-rares\/"},"author":{"name":"Energie Commune","@id":"https:\/\/www.renouvelle.be\/fr\/#\/schema\/person\/01fbe8226a07f8f3d4a1cd059b31f17a"},"headline":"L\u2019\u00e9nergie durable se d\u00e9veloppera sans \u00ab terres rares \u00bb","datePublished":"2018-04-16T09:35:04+00:00","dateModified":"2023-06-09T16:55:12+00:00","mainEntityOfPage":{"@id":"https:\/\/www.renouvelle.be\/fr\/lenergie-durable-se-developpera-sans-terres-rares\/"},"wordCount":2384,"commentCount":1,"image":{"@id":"https:\/\/www.renouvelle.be\/fr\/lenergie-durable-se-developpera-sans-terres-rares\/#primaryimage"},"thumbnailUrl":"https:\/\/www.renouvelle.be\/wp-content\/uploads\/2021\/02\/istock-491065685-scaled.jpg","articleSection":["D\u00e9bats"],"inLanguage":"fr-FR","potentialAction":[{"@type":"CommentAction","name":"Comment","target":["https:\/\/www.renouvelle.be\/fr\/lenergie-durable-se-developpera-sans-terres-rares\/#respond"]}]},{"@type":"WebPage","@id":"https:\/\/www.renouvelle.be\/fr\/lenergie-durable-se-developpera-sans-terres-rares\/","url":"https:\/\/www.renouvelle.be\/fr\/lenergie-durable-se-developpera-sans-terres-rares\/","name":"L\u2019\u00e9nergie durable se d\u00e9veloppera sans \u00ab terres rares \u00bb - Renouvelle","isPartOf":{"@id":"https:\/\/www.renouvelle.be\/fr\/#website"},"primaryImageOfPage":{"@id":"https:\/\/www.renouvelle.be\/fr\/lenergie-durable-se-developpera-sans-terres-rares\/#primaryimage"},"image":{"@id":"https:\/\/www.renouvelle.be\/fr\/lenergie-durable-se-developpera-sans-terres-rares\/#primaryimage"},"thumbnailUrl":"https:\/\/www.renouvelle.be\/wp-content\/uploads\/2021\/02\/istock-491065685-scaled.jpg","datePublished":"2018-04-16T09:35:04+00:00","dateModified":"2023-06-09T16:55:12+00:00","author":{"@id":"https:\/\/www.renouvelle.be\/fr\/#\/schema\/person\/01fbe8226a07f8f3d4a1cd059b31f17a"},"breadcrumb":{"@id":"https:\/\/www.renouvelle.be\/fr\/lenergie-durable-se-developpera-sans-terres-rares\/#breadcrumb"},"inLanguage":"fr-FR","potentialAction":[{"@type":"ReadAction","target":["https:\/\/www.renouvelle.be\/fr\/lenergie-durable-se-developpera-sans-terres-rares\/"]}]},{"@type":"ImageObject","inLanguage":"fr-FR","@id":"https:\/\/www.renouvelle.be\/fr\/lenergie-durable-se-developpera-sans-terres-rares\/#primaryimage","url":"https:\/\/www.renouvelle.be\/wp-content\/uploads\/2021\/02\/istock-491065685-scaled.jpg","contentUrl":"https:\/\/www.renouvelle.be\/wp-content\/uploads\/2021\/02\/istock-491065685-scaled.jpg","width":2560,"height":1793,"caption":"Electric green car in the outdoor with a view of windmill behind it."},{"@type":"BreadcrumbList","@id":"https:\/\/www.renouvelle.be\/fr\/lenergie-durable-se-developpera-sans-terres-rares\/#breadcrumb","itemListElement":[{"@type":"ListItem","position":1,"name":"Accueil","item":"https:\/\/www.renouvelle.be\/fr\/"},{"@type":"ListItem","position":2,"name":"L\u2019\u00e9nergie durable se d\u00e9veloppera sans \u00ab terres rares \u00bb"}]},{"@type":"WebSite","@id":"https:\/\/www.renouvelle.be\/fr\/#website","url":"https:\/\/www.renouvelle.be\/fr\/","name":"Renouvelle","description":"L&#039;actualit\u00e9 de l&#039;\u00e9nergie durable","potentialAction":[{"@type":"SearchAction","target":{"@type":"EntryPoint","urlTemplate":"https:\/\/www.renouvelle.be\/fr\/?s={search_term_string}"},"query-input":{"@type":"PropertyValueSpecification","valueRequired":true,"valueName":"search_term_string"}}],"inLanguage":"fr-FR"},{"@type":"Person","@id":"https:\/\/www.renouvelle.be\/fr\/#\/schema\/person\/01fbe8226a07f8f3d4a1cd059b31f17a","name":"Energie Commune","url":"https:\/\/www.renouvelle.be\/fr\/author\/apere\/"}]}},"_links":{"self":[{"href":"https:\/\/www.renouvelle.be\/fr\/wp-json\/wp\/v2\/posts\/3500","targetHints":{"allow":["GET"]}}],"collection":[{"href":"https:\/\/www.renouvelle.be\/fr\/wp-json\/wp\/v2\/posts"}],"about":[{"href":"https:\/\/www.renouvelle.be\/fr\/wp-json\/wp\/v2\/types\/post"}],"author":[{"embeddable":true,"href":"https:\/\/www.renouvelle.be\/fr\/wp-json\/wp\/v2\/users\/3"}],"replies":[{"embeddable":true,"href":"https:\/\/www.renouvelle.be\/fr\/wp-json\/wp\/v2\/comments?post=3500"}],"version-history":[{"count":8,"href":"https:\/\/www.renouvelle.be\/fr\/wp-json\/wp\/v2\/posts\/3500\/revisions"}],"predecessor-version":[{"id":9794,"href":"https:\/\/www.renouvelle.be\/fr\/wp-json\/wp\/v2\/posts\/3500\/revisions\/9794"}],"wp:featuredmedia":[{"embeddable":true,"href":"https:\/\/www.renouvelle.be\/fr\/wp-json\/wp\/v2\/media\/4563"}],"wp:attachment":[{"href":"https:\/\/www.renouvelle.be\/fr\/wp-json\/wp\/v2\/media?parent=3500"}],"wp:term":[{"taxonomy":"category","embeddable":true,"href":"https:\/\/www.renouvelle.be\/fr\/wp-json\/wp\/v2\/categories?post=3500"},{"taxonomy":"post_tag","embeddable":true,"href":"https:\/\/www.renouvelle.be\/fr\/wp-json\/wp\/v2\/tags?post=3500"},{"taxonomy":"section","embeddable":true,"href":"https:\/\/www.renouvelle.be\/fr\/wp-json\/wp\/v2\/section?post=3500"}],"curies":[{"name":"wp","href":"https:\/\/api.w.org\/{rel}","templated":true}]}}