{"id":3455,"date":"2018-02-19T17:10:49","date_gmt":"2018-02-19T17:10:49","guid":{"rendered":""},"modified":"2018-02-19T17:10:49","modified_gmt":"2018-02-19T17:10:49","slug":"en-wallonie-un-projet-eolien-participatif-inedit","status":"publish","type":"post","link":"https:\/\/www.renouvelle.be\/fr\/en-wallonie-un-projet-eolien-participatif-inedit\/","title":{"rendered":"En Wallonie, un projet \u00e9olien participatif in\u00e9dit"},"content":{"rendered":"<p>C\u2019est une premi\u00e8re en Wallonie&nbsp;: deux communes \u2013 Amel et Bullange, dans les cantons germanophones \u2013 se sont associ\u00e9es pour d\u00e9velopper un parc \u00e9olien commun.<\/p>\n<p>Elles ont identifi\u00e9 des terrains communaux avec potentiel \u00e9olien, situ\u00e9 sur les deux entit\u00e9s, et initi\u00e9 un cahier des charges commun pour d\u00e9velopper un parc de 6 \u00e9oliennes (3 dans chaque commune) pour une puissance totale install\u00e9e comprise entre 18 et 21,6 MW.<\/p>\n<p>Ce n\u2019est pas un d\u00e9veloppeur priv\u00e9 qui a remport\u00e9 le march\u00e9 mais bien deux coop\u00e9ratives&nbsp;: Courant d\u2019Air et Ecopower.<\/p>\n<p>L\u2019\u00e9tude d\u2019incidences a \u00e9t\u00e9 r\u00e9alis\u00e9e. La demande de permis a \u00e9t\u00e9 d\u00e9pos\u00e9e. Et si le projet est autoris\u00e9, il s\u2019agira du premier parc 100% public-citoyen en Wallonie. Ce projet participatif serait d\u00e9tenu \u00e0 60% par les deux communes, \u00e0 27% par Courant d\u2019air et 13% par Ecopower.<\/p>\n<p>Le projet est d\u00e9sormais \u00e0 l\u2019enqu\u00eate publique, jusqu\u2019au 7 mars.<\/p>\n<p>Dans ce cadre, les 4 partenaires ont co-\u00e9dit\u00e9 ensemble une <a href=\"https:\/\/www.courantdair.be\/wp\/parc-eolien-amel-bullingen\/\" target=\"_blank\">brochure d\u2019information<\/a> \u00e0 destination des riverains. Cette d\u00e9marche est in\u00e9dite et m\u00e9rite d\u2019\u00eatre \u00e9pingl\u00e9e comme une bonne pratique pour le d\u00e9veloppement \u00e9olien en Wallonie.<\/p>\n<h2>Une information synth\u00e9tis\u00e9e et accessible<\/h2>\n<p><img decoding=\"async\" alt=\"\" src=\"\/wp-content\/uploads\/2021\/02\/post\/brochure2.jpg\" style=\"width: 580px; height: 458px;\" \/><\/p>\n<p>En effet, les riverains disposent ici d\u2019une information objective, synth\u00e9tis\u00e9e et vulgaris\u00e9e, qui reprend le contexte du projet \u00e9olien dans la transition \u00e9nerg\u00e9tique locale, son historique, les r\u00e9sultats de l\u2019\u00e9tude d\u2019incidences ainsi que les r\u00e9ponses aux questions pos\u00e9es par les citoyens lors de la r\u00e9union d\u2019information pr\u00e9alable.<\/p>\n<p>Cette brochure de 12 pages illustr\u00e9es s\u2019av\u00e8re donc beaucoup plus accessible et lisible pour le grand public. Dans la plupart des projets \u00e9oliens, les riverains n\u2019ont en effet droit qu\u2019au rapport d\u2019\u00e9tude d\u2019incidences, soit environ 300 pages (dont un r\u00e9sum\u00e9 non-technique de 50 pages) dans un jargon parfois difficile d\u2019acc\u00e8s.<\/p>\n<p>De plus, cette brochure remet en perspective les \u00e9l\u00e9ments abord\u00e9s&nbsp;\u2013 paysage, bruit, ombres port\u00e9es, \u2026 &#8211; par un rappel des r\u00e9glementations et normes en vigueur en Wallonie, de fa\u00e7ons plus lisible que dans les \u00e9tudes d\u2019incidences.<\/p>\n<p>Enfin, elle se conclut par une invitation&nbsp;: tous les citoyens des communes d\u2019Amel et Bullange peuvent acqu\u00e9rir des parts de la coop\u00e9rative Courant d\u2019Air qui permettront de financer le projet.<\/p>\n<p>Le citoyen se trouve donc ici mieux inform\u00e9 et d\u2019embl\u00e9e impliqu\u00e9 dans le d\u00e9veloppement d\u2019un projet \u00e9olien dans sa commune.<\/p>\n<p>Une bonne pratique qui, esp\u00e9rons-le, se r\u00e9pandra en Wallonie.&nbsp;<\/p>\n","protected":false},"excerpt":{"rendered":"<p>C\u2019est une premi\u00e8re en Wallonie&nbsp;: deux communes \u2013 Amel et Bullange, dans les cantons germanophones \u2013 se sont associ\u00e9es pour d\u00e9velopper un parc \u00e9olien commun. Elles ont identifi\u00e9 des terrains communaux avec potentiel \u00e9olien, situ\u00e9 sur les deux entit\u00e9s, et initi\u00e9 un cahier des charges commun pour d\u00e9velopper un parc de 6 \u00e9oliennes (3 dans chaque commune) pour une puissance totale install\u00e9e comprise entre 18 et 21,6 MW. Ce n\u2019est pas un d\u00e9veloppeur priv\u00e9 qui a remport\u00e9 le march\u00e9 mais bien deux coop\u00e9ratives&nbsp;: Courant d\u2019Air et Ecopower. L\u2019\u00e9tude d\u2019incidences a \u00e9t\u00e9 r\u00e9alis\u00e9e. La demande de permis a \u00e9t\u00e9 d\u00e9pos\u00e9e. Et si le projet est autoris\u00e9, il s\u2019agira du premier parc 100% public-citoyen en Wallonie. Ce projet participatif serait d\u00e9tenu \u00e0 60% par les deux communes, \u00e0 27% par Courant d\u2019air et 13% par Ecopower. Le projet est d\u00e9sormais \u00e0 l\u2019enqu\u00eate publique, jusqu\u2019au 7 mars. Dans ce cadre, les 4 partenaires ont co-\u00e9dit\u00e9 ensemble une brochure d\u2019information \u00e0 destination des riverains. Cette d\u00e9marche est in\u00e9dite et m\u00e9rite d\u2019\u00eatre \u00e9pingl\u00e9e comme une bonne pratique pour le d\u00e9veloppement \u00e9olien en Wallonie. Une information synth\u00e9tis\u00e9e et accessible En effet, les riverains disposent ici d\u2019une information objective, synth\u00e9tis\u00e9e et vulgaris\u00e9e, qui reprend le contexte du projet \u00e9olien dans la transition \u00e9nerg\u00e9tique locale, son historique, les r\u00e9sultats de l\u2019\u00e9tude d\u2019incidences ainsi que les r\u00e9ponses aux questions pos\u00e9es par les citoyens lors de la r\u00e9union d\u2019information pr\u00e9alable. Cette brochure de 12 pages illustr\u00e9es s\u2019av\u00e8re donc beaucoup plus accessible et lisible pour le grand public. Dans la plupart des projets \u00e9oliens, les riverains n\u2019ont en effet droit qu\u2019au rapport d\u2019\u00e9tude d\u2019incidences, soit environ 300 pages (dont un r\u00e9sum\u00e9 non-technique de 50 pages) dans un jargon parfois difficile d\u2019acc\u00e8s. De plus, cette brochure remet en perspective les \u00e9l\u00e9ments abord\u00e9s&nbsp;\u2013 &hellip; <a href=\"https:\/\/www.renouvelle.be\/fr\/en-wallonie-un-projet-eolien-participatif-inedit\/\" class=\"more-link\">Continue reading<span class=\"screen-reader-text\"> \u00ab\u00a0En Wallonie, un projet \u00e9olien participatif in\u00e9dit\u00a0\u00bb<\/span><\/a><\/p>\n","protected":false},"author":9,"featured_media":4414,"comment_status":"open","ping_status":"open","sticky":false,"template":"","format":"standard","meta":{"_acf_changed":false,"footnotes":""},"categories":[17],"tags":[],"section":[6],"class_list":["post-3455","post","type-post","status-publish","format-standard","has-post-thumbnail","hentry","category-actualite-en-belgique","section-eolien"],"acf":[],"yoast_head":"<!-- This site is optimized with the Yoast SEO plugin v27.4 - https:\/\/yoast.com\/product\/yoast-seo-wordpress\/ -->\n<title>En Wallonie, un projet \u00e9olien participatif in\u00e9dit - Renouvelle<\/title>\n<meta name=\"robots\" content=\"index, follow, max-snippet:-1, max-image-preview:large, max-video-preview:-1\" \/>\n<link rel=\"canonical\" href=\"https:\/\/www.renouvelle.be\/fr\/en-wallonie-un-projet-eolien-participatif-inedit\/\" \/>\n<meta property=\"og:locale\" content=\"fr_FR\" \/>\n<meta property=\"og:type\" content=\"article\" \/>\n<meta property=\"og:title\" content=\"En Wallonie, un projet \u00e9olien participatif in\u00e9dit - Renouvelle\" \/>\n<meta property=\"og:description\" content=\"C\u2019est une premi\u00e8re en Wallonie&nbsp;: deux communes \u2013 Amel et Bullange, dans les cantons germanophones \u2013 se sont associ\u00e9es pour d\u00e9velopper un parc \u00e9olien commun. Elles ont identifi\u00e9 des terrains communaux avec potentiel \u00e9olien, situ\u00e9 sur les deux entit\u00e9s, et initi\u00e9 un cahier des charges commun pour d\u00e9velopper un parc de 6 \u00e9oliennes (3 dans chaque commune) pour une puissance totale install\u00e9e comprise entre 18 et 21,6 MW. Ce n\u2019est pas un d\u00e9veloppeur priv\u00e9 qui a remport\u00e9 le march\u00e9 mais bien deux coop\u00e9ratives&nbsp;: Courant d\u2019Air et Ecopower. L\u2019\u00e9tude d\u2019incidences a \u00e9t\u00e9 r\u00e9alis\u00e9e. La demande de permis a \u00e9t\u00e9 d\u00e9pos\u00e9e. Et si le projet est autoris\u00e9, il s\u2019agira du premier parc 100% public-citoyen en Wallonie. Ce projet participatif serait d\u00e9tenu \u00e0 60% par les deux communes, \u00e0 27% par Courant d\u2019air et 13% par Ecopower. Le projet est d\u00e9sormais \u00e0 l\u2019enqu\u00eate publique, jusqu\u2019au 7 mars. Dans ce cadre, les 4 partenaires ont co-\u00e9dit\u00e9 ensemble une brochure d\u2019information \u00e0 destination des riverains. Cette d\u00e9marche est in\u00e9dite et m\u00e9rite d\u2019\u00eatre \u00e9pingl\u00e9e comme une bonne pratique pour le d\u00e9veloppement \u00e9olien en Wallonie. Une information synth\u00e9tis\u00e9e et accessible En effet, les riverains disposent ici d\u2019une information objective, synth\u00e9tis\u00e9e et vulgaris\u00e9e, qui reprend le contexte du projet \u00e9olien dans la transition \u00e9nerg\u00e9tique locale, son historique, les r\u00e9sultats de l\u2019\u00e9tude d\u2019incidences ainsi que les r\u00e9ponses aux questions pos\u00e9es par les citoyens lors de la r\u00e9union d\u2019information pr\u00e9alable. Cette brochure de 12 pages illustr\u00e9es s\u2019av\u00e8re donc beaucoup plus accessible et lisible pour le grand public. Dans la plupart des projets \u00e9oliens, les riverains n\u2019ont en effet droit qu\u2019au rapport d\u2019\u00e9tude d\u2019incidences, soit environ 300 pages (dont un r\u00e9sum\u00e9 non-technique de 50 pages) dans un jargon parfois difficile d\u2019acc\u00e8s. De plus, cette brochure remet en perspective les \u00e9l\u00e9ments abord\u00e9s&nbsp;\u2013 &hellip; Continue reading &quot;En Wallonie, un projet \u00e9olien participatif in\u00e9dit&quot;\" \/>\n<meta property=\"og:url\" content=\"https:\/\/www.renouvelle.be\/fr\/en-wallonie-un-projet-eolien-participatif-inedit\/\" \/>\n<meta property=\"og:site_name\" content=\"Renouvelle\" \/>\n<meta property=\"article:published_time\" content=\"2018-02-19T17:10:49+00:00\" \/>\n<meta property=\"og:image\" content=\"https:\/\/www.renouvelle.be\/wp-content\/uploads\/2021\/02\/brochure1.jpg\" \/>\n\t<meta property=\"og:image:width\" content=\"580\" \/>\n\t<meta property=\"og:image:height\" content=\"364\" \/>\n\t<meta property=\"og:image:type\" content=\"image\/jpeg\" \/>\n<meta name=\"author\" content=\"Johanna D&#039;hernoncourt\" \/>\n<meta name=\"twitter:card\" content=\"summary_large_image\" \/>\n<script type=\"application\/ld+json\" class=\"yoast-schema-graph\">{\"@context\":\"https:\\\/\\\/schema.org\",\"@graph\":[{\"@type\":\"Article\",\"@id\":\"https:\\\/\\\/www.renouvelle.be\\\/fr\\\/en-wallonie-un-projet-eolien-participatif-inedit\\\/#article\",\"isPartOf\":{\"@id\":\"https:\\\/\\\/www.renouvelle.be\\\/fr\\\/en-wallonie-un-projet-eolien-participatif-inedit\\\/\"},\"author\":{\"name\":\"Johanna D'hernoncourt\",\"@id\":\"https:\\\/\\\/www.renouvelle.be\\\/fr\\\/#\\\/schema\\\/person\\\/f4eff35e1c33b24317aedb9f1834fa6e\"},\"headline\":\"En Wallonie, un projet \u00e9olien participatif in\u00e9dit\",\"datePublished\":\"2018-02-19T17:10:49+00:00\",\"mainEntityOfPage\":{\"@id\":\"https:\\\/\\\/www.renouvelle.be\\\/fr\\\/en-wallonie-un-projet-eolien-participatif-inedit\\\/\"},\"wordCount\":441,\"commentCount\":0,\"image\":{\"@id\":\"https:\\\/\\\/www.renouvelle.be\\\/fr\\\/en-wallonie-un-projet-eolien-participatif-inedit\\\/#primaryimage\"},\"thumbnailUrl\":\"https:\\\/\\\/www.renouvelle.be\\\/wp-content\\\/uploads\\\/2021\\\/02\\\/brochure1.jpg\",\"articleSection\":[\"Actualit\u00e9 en Belgique\"],\"inLanguage\":\"fr-FR\",\"potentialAction\":[{\"@type\":\"CommentAction\",\"name\":\"Comment\",\"target\":[\"https:\\\/\\\/www.renouvelle.be\\\/fr\\\/en-wallonie-un-projet-eolien-participatif-inedit\\\/#respond\"]}]},{\"@type\":\"WebPage\",\"@id\":\"https:\\\/\\\/www.renouvelle.be\\\/fr\\\/en-wallonie-un-projet-eolien-participatif-inedit\\\/\",\"url\":\"https:\\\/\\\/www.renouvelle.be\\\/fr\\\/en-wallonie-un-projet-eolien-participatif-inedit\\\/\",\"name\":\"En Wallonie, un projet \u00e9olien participatif in\u00e9dit - Renouvelle\",\"isPartOf\":{\"@id\":\"https:\\\/\\\/www.renouvelle.be\\\/fr\\\/#website\"},\"primaryImageOfPage\":{\"@id\":\"https:\\\/\\\/www.renouvelle.be\\\/fr\\\/en-wallonie-un-projet-eolien-participatif-inedit\\\/#primaryimage\"},\"image\":{\"@id\":\"https:\\\/\\\/www.renouvelle.be\\\/fr\\\/en-wallonie-un-projet-eolien-participatif-inedit\\\/#primaryimage\"},\"thumbnailUrl\":\"https:\\\/\\\/www.renouvelle.be\\\/wp-content\\\/uploads\\\/2021\\\/02\\\/brochure1.jpg\",\"datePublished\":\"2018-02-19T17:10:49+00:00\",\"author\":{\"@id\":\"https:\\\/\\\/www.renouvelle.be\\\/fr\\\/#\\\/schema\\\/person\\\/f4eff35e1c33b24317aedb9f1834fa6e\"},\"breadcrumb\":{\"@id\":\"https:\\\/\\\/www.renouvelle.be\\\/fr\\\/en-wallonie-un-projet-eolien-participatif-inedit\\\/#breadcrumb\"},\"inLanguage\":\"fr-FR\",\"potentialAction\":[{\"@type\":\"ReadAction\",\"target\":[\"https:\\\/\\\/www.renouvelle.be\\\/fr\\\/en-wallonie-un-projet-eolien-participatif-inedit\\\/\"]}]},{\"@type\":\"ImageObject\",\"inLanguage\":\"fr-FR\",\"@id\":\"https:\\\/\\\/www.renouvelle.be\\\/fr\\\/en-wallonie-un-projet-eolien-participatif-inedit\\\/#primaryimage\",\"url\":\"https:\\\/\\\/www.renouvelle.be\\\/wp-content\\\/uploads\\\/2021\\\/02\\\/brochure1.jpg\",\"contentUrl\":\"https:\\\/\\\/www.renouvelle.be\\\/wp-content\\\/uploads\\\/2021\\\/02\\\/brochure1.jpg\",\"width\":580,\"height\":364},{\"@type\":\"BreadcrumbList\",\"@id\":\"https:\\\/\\\/www.renouvelle.be\\\/fr\\\/en-wallonie-un-projet-eolien-participatif-inedit\\\/#breadcrumb\",\"itemListElement\":[{\"@type\":\"ListItem\",\"position\":1,\"name\":\"Accueil\",\"item\":\"https:\\\/\\\/www.renouvelle.be\\\/fr\\\/\"},{\"@type\":\"ListItem\",\"position\":2,\"name\":\"En Wallonie, un projet \u00e9olien participatif in\u00e9dit\"}]},{\"@type\":\"WebSite\",\"@id\":\"https:\\\/\\\/www.renouvelle.be\\\/fr\\\/#website\",\"url\":\"https:\\\/\\\/www.renouvelle.be\\\/fr\\\/\",\"name\":\"Renouvelle\",\"description\":\"L&#039;actualit\u00e9 de l&#039;\u00e9nergie durable\",\"potentialAction\":[{\"@type\":\"SearchAction\",\"target\":{\"@type\":\"EntryPoint\",\"urlTemplate\":\"https:\\\/\\\/www.renouvelle.be\\\/fr\\\/?s={search_term_string}\"},\"query-input\":{\"@type\":\"PropertyValueSpecification\",\"valueRequired\":true,\"valueName\":\"search_term_string\"}}],\"inLanguage\":\"fr-FR\"},{\"@type\":\"Person\",\"@id\":\"https:\\\/\\\/www.renouvelle.be\\\/fr\\\/#\\\/schema\\\/person\\\/f4eff35e1c33b24317aedb9f1834fa6e\",\"name\":\"Johanna D'hernoncourt\",\"url\":\"https:\\\/\\\/www.renouvelle.be\\\/fr\\\/author\\\/johannadhernoncourt\\\/\"}]}<\/script>\n<!-- \/ Yoast SEO plugin. -->","yoast_head_json":{"title":"En Wallonie, un projet \u00e9olien participatif in\u00e9dit - Renouvelle","robots":{"index":"index","follow":"follow","max-snippet":"max-snippet:-1","max-image-preview":"max-image-preview:large","max-video-preview":"max-video-preview:-1"},"canonical":"https:\/\/www.renouvelle.be\/fr\/en-wallonie-un-projet-eolien-participatif-inedit\/","og_locale":"fr_FR","og_type":"article","og_title":"En Wallonie, un projet \u00e9olien participatif in\u00e9dit - Renouvelle","og_description":"C\u2019est une premi\u00e8re en Wallonie&nbsp;: deux communes \u2013 Amel et Bullange, dans les cantons germanophones \u2013 se sont associ\u00e9es pour d\u00e9velopper un parc \u00e9olien commun. Elles ont identifi\u00e9 des terrains communaux avec potentiel \u00e9olien, situ\u00e9 sur les deux entit\u00e9s, et initi\u00e9 un cahier des charges commun pour d\u00e9velopper un parc de 6 \u00e9oliennes (3 dans chaque commune) pour une puissance totale install\u00e9e comprise entre 18 et 21,6 MW. Ce n\u2019est pas un d\u00e9veloppeur priv\u00e9 qui a remport\u00e9 le march\u00e9 mais bien deux coop\u00e9ratives&nbsp;: Courant d\u2019Air et Ecopower. L\u2019\u00e9tude d\u2019incidences a \u00e9t\u00e9 r\u00e9alis\u00e9e. La demande de permis a \u00e9t\u00e9 d\u00e9pos\u00e9e. Et si le projet est autoris\u00e9, il s\u2019agira du premier parc 100% public-citoyen en Wallonie. Ce projet participatif serait d\u00e9tenu \u00e0 60% par les deux communes, \u00e0 27% par Courant d\u2019air et 13% par Ecopower. Le projet est d\u00e9sormais \u00e0 l\u2019enqu\u00eate publique, jusqu\u2019au 7 mars. Dans ce cadre, les 4 partenaires ont co-\u00e9dit\u00e9 ensemble une brochure d\u2019information \u00e0 destination des riverains. Cette d\u00e9marche est in\u00e9dite et m\u00e9rite d\u2019\u00eatre \u00e9pingl\u00e9e comme une bonne pratique pour le d\u00e9veloppement \u00e9olien en Wallonie. Une information synth\u00e9tis\u00e9e et accessible En effet, les riverains disposent ici d\u2019une information objective, synth\u00e9tis\u00e9e et vulgaris\u00e9e, qui reprend le contexte du projet \u00e9olien dans la transition \u00e9nerg\u00e9tique locale, son historique, les r\u00e9sultats de l\u2019\u00e9tude d\u2019incidences ainsi que les r\u00e9ponses aux questions pos\u00e9es par les citoyens lors de la r\u00e9union d\u2019information pr\u00e9alable. Cette brochure de 12 pages illustr\u00e9es s\u2019av\u00e8re donc beaucoup plus accessible et lisible pour le grand public. Dans la plupart des projets \u00e9oliens, les riverains n\u2019ont en effet droit qu\u2019au rapport d\u2019\u00e9tude d\u2019incidences, soit environ 300 pages (dont un r\u00e9sum\u00e9 non-technique de 50 pages) dans un jargon parfois difficile d\u2019acc\u00e8s. De plus, cette brochure remet en perspective les \u00e9l\u00e9ments abord\u00e9s&nbsp;\u2013 &hellip; Continue reading \"En Wallonie, un projet \u00e9olien participatif in\u00e9dit\"","og_url":"https:\/\/www.renouvelle.be\/fr\/en-wallonie-un-projet-eolien-participatif-inedit\/","og_site_name":"Renouvelle","article_published_time":"2018-02-19T17:10:49+00:00","og_image":[{"width":580,"height":364,"url":"https:\/\/www.renouvelle.be\/wp-content\/uploads\/2021\/02\/brochure1.jpg","type":"image\/jpeg"}],"author":"Johanna D'hernoncourt","twitter_card":"summary_large_image","schema":{"@context":"https:\/\/schema.org","@graph":[{"@type":"Article","@id":"https:\/\/www.renouvelle.be\/fr\/en-wallonie-un-projet-eolien-participatif-inedit\/#article","isPartOf":{"@id":"https:\/\/www.renouvelle.be\/fr\/en-wallonie-un-projet-eolien-participatif-inedit\/"},"author":{"name":"Johanna D'hernoncourt","@id":"https:\/\/www.renouvelle.be\/fr\/#\/schema\/person\/f4eff35e1c33b24317aedb9f1834fa6e"},"headline":"En Wallonie, un projet \u00e9olien participatif in\u00e9dit","datePublished":"2018-02-19T17:10:49+00:00","mainEntityOfPage":{"@id":"https:\/\/www.renouvelle.be\/fr\/en-wallonie-un-projet-eolien-participatif-inedit\/"},"wordCount":441,"commentCount":0,"image":{"@id":"https:\/\/www.renouvelle.be\/fr\/en-wallonie-un-projet-eolien-participatif-inedit\/#primaryimage"},"thumbnailUrl":"https:\/\/www.renouvelle.be\/wp-content\/uploads\/2021\/02\/brochure1.jpg","articleSection":["Actualit\u00e9 en Belgique"],"inLanguage":"fr-FR","potentialAction":[{"@type":"CommentAction","name":"Comment","target":["https:\/\/www.renouvelle.be\/fr\/en-wallonie-un-projet-eolien-participatif-inedit\/#respond"]}]},{"@type":"WebPage","@id":"https:\/\/www.renouvelle.be\/fr\/en-wallonie-un-projet-eolien-participatif-inedit\/","url":"https:\/\/www.renouvelle.be\/fr\/en-wallonie-un-projet-eolien-participatif-inedit\/","name":"En Wallonie, un projet \u00e9olien participatif in\u00e9dit - Renouvelle","isPartOf":{"@id":"https:\/\/www.renouvelle.be\/fr\/#website"},"primaryImageOfPage":{"@id":"https:\/\/www.renouvelle.be\/fr\/en-wallonie-un-projet-eolien-participatif-inedit\/#primaryimage"},"image":{"@id":"https:\/\/www.renouvelle.be\/fr\/en-wallonie-un-projet-eolien-participatif-inedit\/#primaryimage"},"thumbnailUrl":"https:\/\/www.renouvelle.be\/wp-content\/uploads\/2021\/02\/brochure1.jpg","datePublished":"2018-02-19T17:10:49+00:00","author":{"@id":"https:\/\/www.renouvelle.be\/fr\/#\/schema\/person\/f4eff35e1c33b24317aedb9f1834fa6e"},"breadcrumb":{"@id":"https:\/\/www.renouvelle.be\/fr\/en-wallonie-un-projet-eolien-participatif-inedit\/#breadcrumb"},"inLanguage":"fr-FR","potentialAction":[{"@type":"ReadAction","target":["https:\/\/www.renouvelle.be\/fr\/en-wallonie-un-projet-eolien-participatif-inedit\/"]}]},{"@type":"ImageObject","inLanguage":"fr-FR","@id":"https:\/\/www.renouvelle.be\/fr\/en-wallonie-un-projet-eolien-participatif-inedit\/#primaryimage","url":"https:\/\/www.renouvelle.be\/wp-content\/uploads\/2021\/02\/brochure1.jpg","contentUrl":"https:\/\/www.renouvelle.be\/wp-content\/uploads\/2021\/02\/brochure1.jpg","width":580,"height":364},{"@type":"BreadcrumbList","@id":"https:\/\/www.renouvelle.be\/fr\/en-wallonie-un-projet-eolien-participatif-inedit\/#breadcrumb","itemListElement":[{"@type":"ListItem","position":1,"name":"Accueil","item":"https:\/\/www.renouvelle.be\/fr\/"},{"@type":"ListItem","position":2,"name":"En Wallonie, un projet \u00e9olien participatif in\u00e9dit"}]},{"@type":"WebSite","@id":"https:\/\/www.renouvelle.be\/fr\/#website","url":"https:\/\/www.renouvelle.be\/fr\/","name":"Renouvelle","description":"L&#039;actualit\u00e9 de l&#039;\u00e9nergie durable","potentialAction":[{"@type":"SearchAction","target":{"@type":"EntryPoint","urlTemplate":"https:\/\/www.renouvelle.be\/fr\/?s={search_term_string}"},"query-input":{"@type":"PropertyValueSpecification","valueRequired":true,"valueName":"search_term_string"}}],"inLanguage":"fr-FR"},{"@type":"Person","@id":"https:\/\/www.renouvelle.be\/fr\/#\/schema\/person\/f4eff35e1c33b24317aedb9f1834fa6e","name":"Johanna D'hernoncourt","url":"https:\/\/www.renouvelle.be\/fr\/author\/johannadhernoncourt\/"}]}},"_links":{"self":[{"href":"https:\/\/www.renouvelle.be\/fr\/wp-json\/wp\/v2\/posts\/3455","targetHints":{"allow":["GET"]}}],"collection":[{"href":"https:\/\/www.renouvelle.be\/fr\/wp-json\/wp\/v2\/posts"}],"about":[{"href":"https:\/\/www.renouvelle.be\/fr\/wp-json\/wp\/v2\/types\/post"}],"author":[{"embeddable":true,"href":"https:\/\/www.renouvelle.be\/fr\/wp-json\/wp\/v2\/users\/9"}],"replies":[{"embeddable":true,"href":"https:\/\/www.renouvelle.be\/fr\/wp-json\/wp\/v2\/comments?post=3455"}],"version-history":[{"count":0,"href":"https:\/\/www.renouvelle.be\/fr\/wp-json\/wp\/v2\/posts\/3455\/revisions"}],"wp:featuredmedia":[{"embeddable":true,"href":"https:\/\/www.renouvelle.be\/fr\/wp-json\/wp\/v2\/media\/4414"}],"wp:attachment":[{"href":"https:\/\/www.renouvelle.be\/fr\/wp-json\/wp\/v2\/media?parent=3455"}],"wp:term":[{"taxonomy":"category","embeddable":true,"href":"https:\/\/www.renouvelle.be\/fr\/wp-json\/wp\/v2\/categories?post=3455"},{"taxonomy":"post_tag","embeddable":true,"href":"https:\/\/www.renouvelle.be\/fr\/wp-json\/wp\/v2\/tags?post=3455"},{"taxonomy":"section","embeddable":true,"href":"https:\/\/www.renouvelle.be\/fr\/wp-json\/wp\/v2\/section?post=3455"}],"curies":[{"name":"wp","href":"https:\/\/api.w.org\/{rel}","templated":true}]}}