{"id":3450,"date":"2018-02-14T10:26:53","date_gmt":"2018-02-14T10:26:53","guid":{"rendered":""},"modified":"2023-07-10T22:33:01","modified_gmt":"2023-07-10T20:33:01","slug":"votre-electricite-est-elle-vraiment-verte","status":"publish","type":"post","link":"https:\/\/www.renouvelle.be\/fr\/votre-electricite-est-elle-vraiment-verte\/","title":{"rendered":"Votre \u00e9lectricit\u00e9 est-elle vraiment verte\u202f?"},"content":{"rendered":"<div>\n<p paraeid=\"{44bc4edb-3ed2-4add-9b03-f9b06992eaae}{210}\" paraid=\"1495865814\">La carte interactive&nbsp;<a href=\"https:\/\/www.electricitymap.org\/\" rel=\"noreferrer noopener\" target=\"_blank\">Electricity&nbsp;map<\/a>&nbsp;est un outil \u00e0 la fois professionnel et ludique.&nbsp;Elle permet de visualiser dans 80 pays du monde, en temps r\u00e9el, d\u2019o\u00f9 provient&nbsp;l\u2019\u00e9lectricit\u00e9&nbsp;et quelle quantit\u00e9 de CO<sub>2<\/sub>&nbsp;a \u00e9t\u00e9 \u00e9mise pour la produire, en tenant compte des importations et exportations.&nbsp;<\/p>\n<\/div>\n<div>\n<p paraeid=\"{44bc4edb-3ed2-4add-9b03-f9b06992eaae}{238}\" paraid=\"1613159768\">En cliquant sur un pays, vous pouvez afficher l\u2019intensit\u00e9 carbone de la production \u00e9lectrique et les contributions \u00ab\u202fbas carbone\u202f\u00bb et \u00ab\u202frenouvelables\u202f\u00bb.&nbsp;Vous pouvez \u00e9galement voir les productions des diff\u00e9rentes sources d\u2019\u00e9nergie.&nbsp;De plus,&nbsp;des&nbsp;bilans&nbsp;affichent l\u2019intensit\u00e9 carbone, l\u2019origine et le prix de l\u2019\u00e9lectricit\u00e9 durant les&nbsp;24 derni\u00e8res heures.&nbsp;Enfin, vous pouvez visualiser en temps r\u00e9el les potentiels \u00e9olien et solaire.&nbsp;<\/p>\n<p paraeid=\"{44bc4edb-3ed2-4add-9b03-f9b06992eaae}{238}\" paraid=\"1613159768\"><img decoding=\"async\" alt=\"\" src=\"\/wp-content\/uploads\/2021\/02\/post\/electricitymap2.jpg\" style=\"width: 366px; height: 723px;\"><\/p>\n<p>La base de donn\u00e9es est construite en open source avec des donn\u00e9es fiables, fournies par des acteurs de r\u00e9f\u00e9rence (gestionnaires de r\u00e9seaux, producteurs, gouvernements, \u2026). Elle propose \u00e9galement des pr\u00e9visions, mais en service payant.<\/p>\n<p>Les pr\u00e9visions sont utiles pour les citoyens, les entreprises et les collectivit\u00e9s car elles permettent d\u2019agir sur la consommation d\u2019\u00e9lectricit\u00e9 en vue de r\u00e9duire les \u00e9missions de CO<sub>2<\/sub>, augmenter la part de renouvelables et rendre l\u2019\u00e9lectricit\u00e9 moins cher.<\/p>\n<p>Or, un autre outil fournit gratuitement aux prosumers belges et europ\u00e9ens des pr\u00e9visions solaires. Ils peuvent ainsi anticiper les pics de productions photovolta\u00efques et programmer leurs \u00e9quipements \u00e9lectro-m\u00e9nagers pour consommer de l\u2019\u00e9lectricit\u00e9 au bon moment. Rendez-vous sur <a href=\"http:\/\/www.vaverslesoleil.be\/fr\/\" target=\"_blank\" rel=\"noopener\">Va vers le soleil&nbsp;<\/a>:<\/p>\n<p><a href=\"http:\/\/www.vaverslesoleil.be\/fr\/\" target=\"_blank\" rel=\"noopener\"><img decoding=\"async\" alt=\"\" src=\"\/wp-content\/uploads\/2021\/02\/post\/vvs_0.jpg\" style=\"width: 580px; height: 201px;\"><\/a><\/p>\n<p paraeid=\"{44bc4edb-3ed2-4add-9b03-f9b06992eaae}{238}\" paraid=\"1613159768\">&nbsp;<\/p>\n<\/div>\n","protected":false},"excerpt":{"rendered":"<p>La carte interactive&nbsp;Electricity&nbsp;map&nbsp;est un outil \u00e0 la fois professionnel et ludique.&nbsp;Elle permet de visualiser dans 80 pays du monde, en temps r\u00e9el, d\u2019o\u00f9 provient&nbsp;l\u2019\u00e9lectricit\u00e9&nbsp;et quelle quantit\u00e9 de CO2&nbsp;a \u00e9t\u00e9 \u00e9mise pour la produire, en tenant compte des importations et exportations.&nbsp; En cliquant sur un pays, vous pouvez afficher l\u2019intensit\u00e9 carbone de la production \u00e9lectrique et les contributions \u00ab\u202fbas carbone\u202f\u00bb et \u00ab\u202frenouvelables\u202f\u00bb.&nbsp;Vous pouvez \u00e9galement voir les productions des diff\u00e9rentes sources d\u2019\u00e9nergie.&nbsp;De plus,&nbsp;des&nbsp;bilans&nbsp;affichent l\u2019intensit\u00e9 carbone, l\u2019origine et le prix de l\u2019\u00e9lectricit\u00e9 durant les&nbsp;24 derni\u00e8res heures.&nbsp;Enfin, vous pouvez visualiser en temps r\u00e9el les potentiels \u00e9olien et solaire.&nbsp; La base de donn\u00e9es est construite en open source avec des donn\u00e9es fiables, fournies par des acteurs de r\u00e9f\u00e9rence (gestionnaires de r\u00e9seaux, producteurs, gouvernements, \u2026). Elle propose \u00e9galement des pr\u00e9visions, mais en service payant. Les pr\u00e9visions sont utiles pour les citoyens, les entreprises et les collectivit\u00e9s car elles permettent d\u2019agir sur la consommation d\u2019\u00e9lectricit\u00e9 en vue de r\u00e9duire les \u00e9missions de CO2, augmenter la part de renouvelables et rendre l\u2019\u00e9lectricit\u00e9 moins cher. Or, un autre outil fournit gratuitement aux prosumers belges et europ\u00e9ens des pr\u00e9visions solaires. Ils peuvent ainsi anticiper les pics de productions photovolta\u00efques et programmer leurs \u00e9quipements \u00e9lectro-m\u00e9nagers pour consommer de l\u2019\u00e9lectricit\u00e9 au bon moment. Rendez-vous sur Va vers le soleil&nbsp;: &nbsp;<\/p>\n","protected":false},"author":3,"featured_media":4463,"comment_status":"open","ping_status":"open","sticky":false,"template":"","format":"standard","meta":{"_acf_changed":false,"footnotes":""},"categories":[19],"tags":[],"section":[8],"class_list":["post-3450","post","type-post","status-publish","format-standard","has-post-thumbnail","hentry","category-outils-categories","section-energie-renouvelables"],"acf":[],"yoast_head":"<!-- This site is optimized with the Yoast SEO plugin v27.4 - https:\/\/yoast.com\/product\/yoast-seo-wordpress\/ -->\n<title>Votre \u00e9lectricit\u00e9 est-elle vraiment verte\u202f? - Renouvelle<\/title>\n<meta name=\"robots\" content=\"index, follow, max-snippet:-1, max-image-preview:large, max-video-preview:-1\" \/>\n<link rel=\"canonical\" href=\"https:\/\/www.renouvelle.be\/fr\/votre-electricite-est-elle-vraiment-verte\/\" \/>\n<meta property=\"og:locale\" content=\"fr_FR\" \/>\n<meta property=\"og:type\" content=\"article\" \/>\n<meta property=\"og:title\" content=\"Votre \u00e9lectricit\u00e9 est-elle vraiment verte\u202f? - Renouvelle\" \/>\n<meta property=\"og:description\" content=\"La carte interactive&nbsp;Electricity&nbsp;map&nbsp;est un outil \u00e0 la fois professionnel et ludique.&nbsp;Elle permet de visualiser dans 80 pays du monde, en temps r\u00e9el, d\u2019o\u00f9 provient&nbsp;l\u2019\u00e9lectricit\u00e9&nbsp;et quelle quantit\u00e9 de CO2&nbsp;a \u00e9t\u00e9 \u00e9mise pour la produire, en tenant compte des importations et exportations.&nbsp; En cliquant sur un pays, vous pouvez afficher l\u2019intensit\u00e9 carbone de la production \u00e9lectrique et les contributions \u00ab\u202fbas carbone\u202f\u00bb et \u00ab\u202frenouvelables\u202f\u00bb.&nbsp;Vous pouvez \u00e9galement voir les productions des diff\u00e9rentes sources d\u2019\u00e9nergie.&nbsp;De plus,&nbsp;des&nbsp;bilans&nbsp;affichent l\u2019intensit\u00e9 carbone, l\u2019origine et le prix de l\u2019\u00e9lectricit\u00e9 durant les&nbsp;24 derni\u00e8res heures.&nbsp;Enfin, vous pouvez visualiser en temps r\u00e9el les potentiels \u00e9olien et solaire.&nbsp; La base de donn\u00e9es est construite en open source avec des donn\u00e9es fiables, fournies par des acteurs de r\u00e9f\u00e9rence (gestionnaires de r\u00e9seaux, producteurs, gouvernements, \u2026). Elle propose \u00e9galement des pr\u00e9visions, mais en service payant. Les pr\u00e9visions sont utiles pour les citoyens, les entreprises et les collectivit\u00e9s car elles permettent d\u2019agir sur la consommation d\u2019\u00e9lectricit\u00e9 en vue de r\u00e9duire les \u00e9missions de CO2, augmenter la part de renouvelables et rendre l\u2019\u00e9lectricit\u00e9 moins cher. Or, un autre outil fournit gratuitement aux prosumers belges et europ\u00e9ens des pr\u00e9visions solaires. Ils peuvent ainsi anticiper les pics de productions photovolta\u00efques et programmer leurs \u00e9quipements \u00e9lectro-m\u00e9nagers pour consommer de l\u2019\u00e9lectricit\u00e9 au bon moment. Rendez-vous sur Va vers le soleil&nbsp;: &nbsp;\" \/>\n<meta property=\"og:url\" content=\"https:\/\/www.renouvelle.be\/fr\/votre-electricite-est-elle-vraiment-verte\/\" \/>\n<meta property=\"og:site_name\" content=\"Renouvelle\" \/>\n<meta property=\"article:published_time\" content=\"2018-02-14T10:26:53+00:00\" \/>\n<meta property=\"article:modified_time\" content=\"2023-07-10T20:33:01+00:00\" \/>\n<meta property=\"og:image\" content=\"https:\/\/www.renouvelle.be\/wp-content\/uploads\/2021\/02\/electricitymap1.jpg\" \/>\n\t<meta property=\"og:image:width\" content=\"580\" \/>\n\t<meta property=\"og:image:height\" content=\"316\" \/>\n\t<meta property=\"og:image:type\" content=\"image\/jpeg\" \/>\n<meta name=\"author\" content=\"Energie Commune\" \/>\n<meta name=\"twitter:card\" content=\"summary_large_image\" \/>\n<script type=\"application\/ld+json\" class=\"yoast-schema-graph\">{\"@context\":\"https:\\\/\\\/schema.org\",\"@graph\":[{\"@type\":\"Article\",\"@id\":\"https:\\\/\\\/www.renouvelle.be\\\/fr\\\/votre-electricite-est-elle-vraiment-verte\\\/#article\",\"isPartOf\":{\"@id\":\"https:\\\/\\\/www.renouvelle.be\\\/fr\\\/votre-electricite-est-elle-vraiment-verte\\\/\"},\"author\":{\"name\":\"Energie Commune\",\"@id\":\"https:\\\/\\\/www.renouvelle.be\\\/fr\\\/#\\\/schema\\\/person\\\/01fbe8226a07f8f3d4a1cd059b31f17a\"},\"headline\":\"Votre \u00e9lectricit\u00e9 est-elle vraiment verte\u202f?\",\"datePublished\":\"2018-02-14T10:26:53+00:00\",\"dateModified\":\"2023-07-10T20:33:01+00:00\",\"mainEntityOfPage\":{\"@id\":\"https:\\\/\\\/www.renouvelle.be\\\/fr\\\/votre-electricite-est-elle-vraiment-verte\\\/\"},\"wordCount\":268,\"commentCount\":0,\"image\":{\"@id\":\"https:\\\/\\\/www.renouvelle.be\\\/fr\\\/votre-electricite-est-elle-vraiment-verte\\\/#primaryimage\"},\"thumbnailUrl\":\"https:\\\/\\\/www.renouvelle.be\\\/wp-content\\\/uploads\\\/2021\\\/02\\\/electricitymap1.jpg\",\"articleSection\":[\"Outils\"],\"inLanguage\":\"fr-FR\",\"potentialAction\":[{\"@type\":\"CommentAction\",\"name\":\"Comment\",\"target\":[\"https:\\\/\\\/www.renouvelle.be\\\/fr\\\/votre-electricite-est-elle-vraiment-verte\\\/#respond\"]}]},{\"@type\":\"WebPage\",\"@id\":\"https:\\\/\\\/www.renouvelle.be\\\/fr\\\/votre-electricite-est-elle-vraiment-verte\\\/\",\"url\":\"https:\\\/\\\/www.renouvelle.be\\\/fr\\\/votre-electricite-est-elle-vraiment-verte\\\/\",\"name\":\"Votre \u00e9lectricit\u00e9 est-elle vraiment verte\u202f? - Renouvelle\",\"isPartOf\":{\"@id\":\"https:\\\/\\\/www.renouvelle.be\\\/fr\\\/#website\"},\"primaryImageOfPage\":{\"@id\":\"https:\\\/\\\/www.renouvelle.be\\\/fr\\\/votre-electricite-est-elle-vraiment-verte\\\/#primaryimage\"},\"image\":{\"@id\":\"https:\\\/\\\/www.renouvelle.be\\\/fr\\\/votre-electricite-est-elle-vraiment-verte\\\/#primaryimage\"},\"thumbnailUrl\":\"https:\\\/\\\/www.renouvelle.be\\\/wp-content\\\/uploads\\\/2021\\\/02\\\/electricitymap1.jpg\",\"datePublished\":\"2018-02-14T10:26:53+00:00\",\"dateModified\":\"2023-07-10T20:33:01+00:00\",\"author\":{\"@id\":\"https:\\\/\\\/www.renouvelle.be\\\/fr\\\/#\\\/schema\\\/person\\\/01fbe8226a07f8f3d4a1cd059b31f17a\"},\"breadcrumb\":{\"@id\":\"https:\\\/\\\/www.renouvelle.be\\\/fr\\\/votre-electricite-est-elle-vraiment-verte\\\/#breadcrumb\"},\"inLanguage\":\"fr-FR\",\"potentialAction\":[{\"@type\":\"ReadAction\",\"target\":[\"https:\\\/\\\/www.renouvelle.be\\\/fr\\\/votre-electricite-est-elle-vraiment-verte\\\/\"]}]},{\"@type\":\"ImageObject\",\"inLanguage\":\"fr-FR\",\"@id\":\"https:\\\/\\\/www.renouvelle.be\\\/fr\\\/votre-electricite-est-elle-vraiment-verte\\\/#primaryimage\",\"url\":\"https:\\\/\\\/www.renouvelle.be\\\/wp-content\\\/uploads\\\/2021\\\/02\\\/electricitymap1.jpg\",\"contentUrl\":\"https:\\\/\\\/www.renouvelle.be\\\/wp-content\\\/uploads\\\/2021\\\/02\\\/electricitymap1.jpg\",\"width\":580,\"height\":316},{\"@type\":\"BreadcrumbList\",\"@id\":\"https:\\\/\\\/www.renouvelle.be\\\/fr\\\/votre-electricite-est-elle-vraiment-verte\\\/#breadcrumb\",\"itemListElement\":[{\"@type\":\"ListItem\",\"position\":1,\"name\":\"Accueil\",\"item\":\"https:\\\/\\\/www.renouvelle.be\\\/fr\\\/\"},{\"@type\":\"ListItem\",\"position\":2,\"name\":\"Votre \u00e9lectricit\u00e9 est-elle vraiment verte\u202f?\"}]},{\"@type\":\"WebSite\",\"@id\":\"https:\\\/\\\/www.renouvelle.be\\\/fr\\\/#website\",\"url\":\"https:\\\/\\\/www.renouvelle.be\\\/fr\\\/\",\"name\":\"Renouvelle\",\"description\":\"L&#039;actualit\u00e9 de l&#039;\u00e9nergie durable\",\"potentialAction\":[{\"@type\":\"SearchAction\",\"target\":{\"@type\":\"EntryPoint\",\"urlTemplate\":\"https:\\\/\\\/www.renouvelle.be\\\/fr\\\/?s={search_term_string}\"},\"query-input\":{\"@type\":\"PropertyValueSpecification\",\"valueRequired\":true,\"valueName\":\"search_term_string\"}}],\"inLanguage\":\"fr-FR\"},{\"@type\":\"Person\",\"@id\":\"https:\\\/\\\/www.renouvelle.be\\\/fr\\\/#\\\/schema\\\/person\\\/01fbe8226a07f8f3d4a1cd059b31f17a\",\"name\":\"Energie Commune\",\"url\":\"https:\\\/\\\/www.renouvelle.be\\\/fr\\\/author\\\/apere\\\/\"}]}<\/script>\n<!-- \/ Yoast SEO plugin. -->","yoast_head_json":{"title":"Votre \u00e9lectricit\u00e9 est-elle vraiment verte\u202f? - Renouvelle","robots":{"index":"index","follow":"follow","max-snippet":"max-snippet:-1","max-image-preview":"max-image-preview:large","max-video-preview":"max-video-preview:-1"},"canonical":"https:\/\/www.renouvelle.be\/fr\/votre-electricite-est-elle-vraiment-verte\/","og_locale":"fr_FR","og_type":"article","og_title":"Votre \u00e9lectricit\u00e9 est-elle vraiment verte\u202f? - Renouvelle","og_description":"La carte interactive&nbsp;Electricity&nbsp;map&nbsp;est un outil \u00e0 la fois professionnel et ludique.&nbsp;Elle permet de visualiser dans 80 pays du monde, en temps r\u00e9el, d\u2019o\u00f9 provient&nbsp;l\u2019\u00e9lectricit\u00e9&nbsp;et quelle quantit\u00e9 de CO2&nbsp;a \u00e9t\u00e9 \u00e9mise pour la produire, en tenant compte des importations et exportations.&nbsp; En cliquant sur un pays, vous pouvez afficher l\u2019intensit\u00e9 carbone de la production \u00e9lectrique et les contributions \u00ab\u202fbas carbone\u202f\u00bb et \u00ab\u202frenouvelables\u202f\u00bb.&nbsp;Vous pouvez \u00e9galement voir les productions des diff\u00e9rentes sources d\u2019\u00e9nergie.&nbsp;De plus,&nbsp;des&nbsp;bilans&nbsp;affichent l\u2019intensit\u00e9 carbone, l\u2019origine et le prix de l\u2019\u00e9lectricit\u00e9 durant les&nbsp;24 derni\u00e8res heures.&nbsp;Enfin, vous pouvez visualiser en temps r\u00e9el les potentiels \u00e9olien et solaire.&nbsp; La base de donn\u00e9es est construite en open source avec des donn\u00e9es fiables, fournies par des acteurs de r\u00e9f\u00e9rence (gestionnaires de r\u00e9seaux, producteurs, gouvernements, \u2026). Elle propose \u00e9galement des pr\u00e9visions, mais en service payant. Les pr\u00e9visions sont utiles pour les citoyens, les entreprises et les collectivit\u00e9s car elles permettent d\u2019agir sur la consommation d\u2019\u00e9lectricit\u00e9 en vue de r\u00e9duire les \u00e9missions de CO2, augmenter la part de renouvelables et rendre l\u2019\u00e9lectricit\u00e9 moins cher. Or, un autre outil fournit gratuitement aux prosumers belges et europ\u00e9ens des pr\u00e9visions solaires. Ils peuvent ainsi anticiper les pics de productions photovolta\u00efques et programmer leurs \u00e9quipements \u00e9lectro-m\u00e9nagers pour consommer de l\u2019\u00e9lectricit\u00e9 au bon moment. Rendez-vous sur Va vers le soleil&nbsp;: &nbsp;","og_url":"https:\/\/www.renouvelle.be\/fr\/votre-electricite-est-elle-vraiment-verte\/","og_site_name":"Renouvelle","article_published_time":"2018-02-14T10:26:53+00:00","article_modified_time":"2023-07-10T20:33:01+00:00","og_image":[{"width":580,"height":316,"url":"https:\/\/www.renouvelle.be\/wp-content\/uploads\/2021\/02\/electricitymap1.jpg","type":"image\/jpeg"}],"author":"Energie Commune","twitter_card":"summary_large_image","schema":{"@context":"https:\/\/schema.org","@graph":[{"@type":"Article","@id":"https:\/\/www.renouvelle.be\/fr\/votre-electricite-est-elle-vraiment-verte\/#article","isPartOf":{"@id":"https:\/\/www.renouvelle.be\/fr\/votre-electricite-est-elle-vraiment-verte\/"},"author":{"name":"Energie Commune","@id":"https:\/\/www.renouvelle.be\/fr\/#\/schema\/person\/01fbe8226a07f8f3d4a1cd059b31f17a"},"headline":"Votre \u00e9lectricit\u00e9 est-elle vraiment verte\u202f?","datePublished":"2018-02-14T10:26:53+00:00","dateModified":"2023-07-10T20:33:01+00:00","mainEntityOfPage":{"@id":"https:\/\/www.renouvelle.be\/fr\/votre-electricite-est-elle-vraiment-verte\/"},"wordCount":268,"commentCount":0,"image":{"@id":"https:\/\/www.renouvelle.be\/fr\/votre-electricite-est-elle-vraiment-verte\/#primaryimage"},"thumbnailUrl":"https:\/\/www.renouvelle.be\/wp-content\/uploads\/2021\/02\/electricitymap1.jpg","articleSection":["Outils"],"inLanguage":"fr-FR","potentialAction":[{"@type":"CommentAction","name":"Comment","target":["https:\/\/www.renouvelle.be\/fr\/votre-electricite-est-elle-vraiment-verte\/#respond"]}]},{"@type":"WebPage","@id":"https:\/\/www.renouvelle.be\/fr\/votre-electricite-est-elle-vraiment-verte\/","url":"https:\/\/www.renouvelle.be\/fr\/votre-electricite-est-elle-vraiment-verte\/","name":"Votre \u00e9lectricit\u00e9 est-elle vraiment verte\u202f? - Renouvelle","isPartOf":{"@id":"https:\/\/www.renouvelle.be\/fr\/#website"},"primaryImageOfPage":{"@id":"https:\/\/www.renouvelle.be\/fr\/votre-electricite-est-elle-vraiment-verte\/#primaryimage"},"image":{"@id":"https:\/\/www.renouvelle.be\/fr\/votre-electricite-est-elle-vraiment-verte\/#primaryimage"},"thumbnailUrl":"https:\/\/www.renouvelle.be\/wp-content\/uploads\/2021\/02\/electricitymap1.jpg","datePublished":"2018-02-14T10:26:53+00:00","dateModified":"2023-07-10T20:33:01+00:00","author":{"@id":"https:\/\/www.renouvelle.be\/fr\/#\/schema\/person\/01fbe8226a07f8f3d4a1cd059b31f17a"},"breadcrumb":{"@id":"https:\/\/www.renouvelle.be\/fr\/votre-electricite-est-elle-vraiment-verte\/#breadcrumb"},"inLanguage":"fr-FR","potentialAction":[{"@type":"ReadAction","target":["https:\/\/www.renouvelle.be\/fr\/votre-electricite-est-elle-vraiment-verte\/"]}]},{"@type":"ImageObject","inLanguage":"fr-FR","@id":"https:\/\/www.renouvelle.be\/fr\/votre-electricite-est-elle-vraiment-verte\/#primaryimage","url":"https:\/\/www.renouvelle.be\/wp-content\/uploads\/2021\/02\/electricitymap1.jpg","contentUrl":"https:\/\/www.renouvelle.be\/wp-content\/uploads\/2021\/02\/electricitymap1.jpg","width":580,"height":316},{"@type":"BreadcrumbList","@id":"https:\/\/www.renouvelle.be\/fr\/votre-electricite-est-elle-vraiment-verte\/#breadcrumb","itemListElement":[{"@type":"ListItem","position":1,"name":"Accueil","item":"https:\/\/www.renouvelle.be\/fr\/"},{"@type":"ListItem","position":2,"name":"Votre \u00e9lectricit\u00e9 est-elle vraiment verte\u202f?"}]},{"@type":"WebSite","@id":"https:\/\/www.renouvelle.be\/fr\/#website","url":"https:\/\/www.renouvelle.be\/fr\/","name":"Renouvelle","description":"L&#039;actualit\u00e9 de l&#039;\u00e9nergie durable","potentialAction":[{"@type":"SearchAction","target":{"@type":"EntryPoint","urlTemplate":"https:\/\/www.renouvelle.be\/fr\/?s={search_term_string}"},"query-input":{"@type":"PropertyValueSpecification","valueRequired":true,"valueName":"search_term_string"}}],"inLanguage":"fr-FR"},{"@type":"Person","@id":"https:\/\/www.renouvelle.be\/fr\/#\/schema\/person\/01fbe8226a07f8f3d4a1cd059b31f17a","name":"Energie Commune","url":"https:\/\/www.renouvelle.be\/fr\/author\/apere\/"}]}},"_links":{"self":[{"href":"https:\/\/www.renouvelle.be\/fr\/wp-json\/wp\/v2\/posts\/3450","targetHints":{"allow":["GET"]}}],"collection":[{"href":"https:\/\/www.renouvelle.be\/fr\/wp-json\/wp\/v2\/posts"}],"about":[{"href":"https:\/\/www.renouvelle.be\/fr\/wp-json\/wp\/v2\/types\/post"}],"author":[{"embeddable":true,"href":"https:\/\/www.renouvelle.be\/fr\/wp-json\/wp\/v2\/users\/3"}],"replies":[{"embeddable":true,"href":"https:\/\/www.renouvelle.be\/fr\/wp-json\/wp\/v2\/comments?post=3450"}],"version-history":[{"count":2,"href":"https:\/\/www.renouvelle.be\/fr\/wp-json\/wp\/v2\/posts\/3450\/revisions"}],"predecessor-version":[{"id":10143,"href":"https:\/\/www.renouvelle.be\/fr\/wp-json\/wp\/v2\/posts\/3450\/revisions\/10143"}],"wp:featuredmedia":[{"embeddable":true,"href":"https:\/\/www.renouvelle.be\/fr\/wp-json\/wp\/v2\/media\/4463"}],"wp:attachment":[{"href":"https:\/\/www.renouvelle.be\/fr\/wp-json\/wp\/v2\/media?parent=3450"}],"wp:term":[{"taxonomy":"category","embeddable":true,"href":"https:\/\/www.renouvelle.be\/fr\/wp-json\/wp\/v2\/categories?post=3450"},{"taxonomy":"post_tag","embeddable":true,"href":"https:\/\/www.renouvelle.be\/fr\/wp-json\/wp\/v2\/tags?post=3450"},{"taxonomy":"section","embeddable":true,"href":"https:\/\/www.renouvelle.be\/fr\/wp-json\/wp\/v2\/section?post=3450"}],"curies":[{"name":"wp","href":"https:\/\/api.w.org\/{rel}","templated":true}]}}