{"id":3399,"date":"2017-12-19T05:27:14","date_gmt":"2017-12-19T05:27:14","guid":{"rendered":""},"modified":"2023-06-09T19:19:01","modified_gmt":"2023-06-09T17:19:01","slug":"2017-ou-la-victoire-economique-du-solaire-et-de-leolien","status":"publish","type":"post","link":"https:\/\/www.renouvelle.be\/fr\/2017-ou-la-victoire-economique-du-solaire-et-de-leolien\/","title":{"rendered":"2017 ou la victoire \u00e9conomique du solaire et de l\u2019\u00e9olien"},"content":{"rendered":"<p>Nous vivons actuellement des ann\u00e9es-charni\u00e8res qui nous am\u00e8nent tr\u00e8s rapidement vers un nouveau monde de l\u2019\u00e9nergie. Comme l\u2019expliquait Renouvelle, 2016 fut ainsi <a href=\"https:\/\/www.renouvelle.be\/fr\/actualite-internationale\/2016-annee-charniere-pour-le-vehicule-electrique\">une ann\u00e9e charni\u00e8re pour le v\u00e9hicule \u00e9lectrique<\/a> (ou le d\u00e9but de la fin du moteur thermique).<\/p>\n<p>Nous tirons aujourd\u2019hui un autre bilan in\u00e9dit : 2017 fut marqu\u00e9e par une chute vertigineuse des co\u00fbts de productions des \u00e9nergies photovolta\u00efques et \u00e9olienne, au point d\u2019atteindre des niveaux inf\u00e9rieurs aux \u00e9nergies traditionnelles \u2013 ces derni\u00e8res entament donc le d\u00e9but de leur d\u00e9clin \u00e9conomique.<\/p>\n<p>En Belgique, certains partis politiques veulent des garanties de chiffres avant de s\u2019engager dans un Pacte \u00e9nerg\u00e9tique nous permettant de nous passer, entre autre, du nucl\u00e9aire (lire notre article <a href=\"https:\/\/www.renouvelle.be\/fr\/actualite-belgique\/pacte-energetique-les-chiffres-donnent-lavantage-aux-renouvelables\" target=\"_blank\" rel=\"noopener\">Pacte \u00e9nerg\u00e9tique : les chiffres donnent l&rsquo;avantage aux renouvelables<\/a>).<\/p>\n<p>Vous vouliez des chiffres ? En voici.<\/p>\n<h2>Le soleil \u00e0 15\u20ac\/MWh<\/h2>\n<p>En octobre 2017, le photovolta\u00efque a battu un record mondial lors d\u2019un appel d\u2019offre en Arabie Saoudite : le prix de vente de l\u2019\u00e9nergie pour une installation solaire non-subsidi\u00e9e est tomb\u00e9 \u00e0 15,2\u20ac\/MWh produit. Ce record a ensuite \u00e9t\u00e9 \u00e9galis\u00e9 en novembre au Chili o\u00f9 l\u2019ench\u00e8re photovolta\u00efque la plus basse a atteint 15\u20ac\/MWh.<\/p>\n<p>Au Chili, les 600 MW en ench\u00e8re se sont vendus en moyenne \u00e0 27,5\u20ac\/MWh. En Arabie saoudite, les 300 MW en ench\u00e8re se sont vendus \u00e0 moins de 25\u20ac\/MWh (pour 7 lots sur les 8).<\/p>\n<p>En Argentine, plus de 550 MW ont \u00e9t\u00e9 octroy\u00e9s fin novembre \u00e0 35\u20ac\/MWh en moyenne (tableau ci-dessous).<\/p>\n<p><img decoding=\"async\" alt=\"\" src=\"\/wp-content\/uploads\/2021\/02\/post\/pv-arabie_0.png\" style=\"width: 580px; height: 378px;\"><\/p>\n<h2>Le soleil \u00e0 43,9\u20ac\/MWh en Allemagne<\/h2>\n<p>En Allemagne \u2013 pourtant moins ensoleill\u00e9e que l\u2019Arabie Saoudite -, la chute est aussi nette et le record se place \u00e0 43,9\u20ac\/MWh avec un prix moyen sous les 50\u20ac\/MWh pour l\u2019ensemble des 222MW octroy\u00e9s en octobre 2017.<\/p>\n<p>Nous n\u2019avons pas de chiffres \u00e9quivalents pour la Belgique, le syst\u00e8me d\u2019appel d\u2019offre n\u2019y \u00e9tant pas (encore ?) op\u00e9rationnel, mais nous connaissons le m\u00eame ensoleillement que l\u2019Allemagne.<\/p>\n<h2>Le vent ? Encore moins couteux sur terre\u2026<\/h2>\n<p>En Argentine, en novembre 2017, la production onshore s\u2019est vendu \u00e0 34\u20ac\/MWh lors d\u2019un appel d\u2019offre (665 MW octroy\u00e9s) :<\/p>\n<p><img decoding=\"async\" alt=\"\" src=\"\/wp-content\/uploads\/2021\/02\/post\/bidsargentine.jpg\" style=\"width: 580px; height: 296px;\"><\/p>\n<p>Fin ao\u00fbt, lors de son second appel d\u2019offre, l\u2019Allemagne octroyait 1.013 MW \u00e0 42,8\u20ac\/MWh en moyenne. Soit une diminution de 25% par rapport au 1er appel d\u2019offre lanc\u00e9 d\u00e9but 2017 (lire \u00e9galement notre article <a href=\"https:\/\/www.renouvelle.be\/fr\/actualite-internationale\/la-transition-energetique-allemande-est-elle-toujours-citoyenne\">La transition \u00e9nerg\u00e9tique allemande est-elle toujours citoyenne ?<\/a>).<\/p>\n<p>Nous n\u2019avons pas de chiffres \u00e9quivalents pour la Belgique, le syst\u00e8me d\u2019appel d\u2019offres n\u2019y \u00e9tant pas (encore ?) op\u00e9rationnel.<\/p>\n<h2>Le vent moins couteux en mer \u00e9galement<\/h2>\n<p>L\u2019\u00e9olien offshore a \u00e9galement vu ses co\u00fbts diminuer de mani\u00e8re vertigineuse. &nbsp;<\/p>\n<p>En Allemagne, le prix de l\u2019offshore est tomb\u00e9 \u00e0 60\u20ac\/MWh sur 20 ans. Sans compter les 3 parcs offshore \u00ab gratuits \u00bb&nbsp; (vendus \u00e0 0\u20ac\/MWh donc sans aucunes formes de subsides) et qui constituent d\u2019avantage une op\u00e9ration commerciale, un pari sur l\u2019avenir et une op\u00e9ration unique (voir tableau ci-dessous).<\/p>\n<p><img decoding=\"async\" alt=\"\" src=\"\/wp-content\/uploads\/2021\/02\/post\/eolien-europe.jpg\" style=\"width: 580px; height: 268px;\"><\/p>\n<p>En Belgique, l\u2019\u00e9olien offshore est la seule technologie \u00e0 fonctionner par syst\u00e8me d\u2019ench\u00e8res. Les derni\u00e8res concessions (2.716 MW) ont \u00e9t\u00e9 attribu\u00e9es \u00e0 un prix de 79\u20ac\/MWh en ce milieu d\u2019ann\u00e9e. Compar\u00e9 aux 138\u20ac\/MWh pr\u00e9c\u00e9demment octroy\u00e9s dans cette zone, il s\u2019agit d\u2019une diminution de 43% (lire notre article <a href=\"https:\/\/www.renouvelle.be\/fr\/actualite-belgique\/leolien-offshore-belge-a-moitie-prix\">L\u2019\u00e9olien offshore belge \u00e0 moiti\u00e9 prix<\/a>).<\/p>\n<h2>La concentration solaire \u00e9galement comp\u00e9titive<\/h2>\n<p>Les centrales solaires thermodynamiques \u00e0 concentration, qui concentrent les rayons solaires pour produire de l\u2019\u00e9lectricit\u00e9, ont \u00e9galement battu un record de prix en 2017 : les co\u00fbts de production ont \u00e9t\u00e9 divis\u00e9s par 2 en un an, pour atteindre environ 40\u20ac\/MWh.<\/p>\n<p>Cette technologie est d\u2019autant plus int\u00e9ressante et rentable qu\u2019elle permet un stockage de chaleur et donc une production d\u2019\u00e9lectricit\u00e9 24h\/24h, m\u00eame quand il n\u2019y a plus de soleil, ce qui lui conf\u00e8re une valeur \u00e9conomique plus \u00e9lev\u00e9e que le photovolta\u00efque.<\/p>\n<p>Le co\u00fbt est cependant fortement corr\u00e9l\u00e9 \u00e0 l&rsquo;ensoleillement (besoin imp\u00e9ratif de rayonnement direct). Ces centrales trouvent d\u00e8s lors toute leur pertinence au sud de l\u2019Europe et au Moyen-Orient. L\u2019Espagne et les Etats-Unis sont leaders sur ce march\u00e9.<\/p>\n<h2>\nLes \u00e9nergies remarquables<\/h2>\n<p>Ces chiffres sont remarquables \u00e0 plusieurs \u00e9gards :<\/p>\n<ul>\n<li>&nbsp;&nbsp;&nbsp; D\u2019abord parce que, si on transpose les chiffres allemands \u00e0 la Belgique, le solaire et l\u2019\u00e9olien onshore atteignent des niveaux presque comp\u00e9titifs avec les prix du march\u00e9 de gros en Belgique, \u00e0 savoir 36,6\u20ac\/MWh en 2016, selon la Creg :<\/li>\n<\/ul>\n<p>&nbsp;<\/p>\n<p><img decoding=\"async\" alt=\"\" src=\"\/wp-content\/uploads\/2021\/02\/post\/creg.png\" style=\"width: 580px; height: 420px;\"><\/p>\n<ul>\n<li>&nbsp;&nbsp;&nbsp; Ensuite parce que cette \u00e9volution constante \u00e0 la baisse est 2 fois plus importante que la diminution des prix SPOT, ce qui pr\u00e9figure une comp\u00e9titivit\u00e9 par rapport aux prix du march\u00e9 d\u2019ici 2 \u00e0 3 ans pour les centrales photovolta\u00efques au sol (voir illustration ci-dessous).<\/li>\n<\/ul>\n<p><img decoding=\"async\" alt=\"\" src=\"\/wp-content\/uploads\/2021\/02\/post\/pv-allemand.png\" style=\"width: 580px; height: 367px;\"><\/p>\n<ul>\n<li>Et enfin, parce que si cette diminution se maintient -ne fut-ce que jusque 2025 -, le co\u00fbt de la production solaire photovolta\u00efque au sol et \u00e9olienne sur terre sera inf\u00e9rieure \u00e0 notre cher nucl\u00e9aire (que nous estimons \u00e0 20\u20ac\/MWh), dont on vante l\u2019amortissement pass\u00e9. &nbsp;<br \/>\n&nbsp;<\/li>\n<\/ul>\n<p>Mi 2017, Bloomberg publiait un graphique sur la comp\u00e9titivit\u00e9 des diff\u00e9rentes productions d&rsquo;\u00e9nergie dans la zone EMEA (<span><em>Europe Middle East &amp; Africa<\/em>).<\/span> L\u2019<a href=\"http:\/\/wwwapere.org\" target=\"_blank\" rel=\"noopener\">APERe<\/a> a mis \u00e0 jour ce graphique, en orange ci-dessous, en consid\u00e9rant les prix moyens fin 2017 pour la Belgique en \u00e9olien offshore et pour l\u2019Allemagne en solaire et \u00e9olien onshore. &nbsp;<\/p>\n<p>Notons une diminution notable pour le photovolta\u00efque au sol (PV untracked) et l\u2019\u00e9olien offshore ces 6 derniers mois et la comp\u00e9titivit\u00e9 de l\u2019\u00e9olien onshore et du photovolta\u00efque au sol par rapport aux autres moyens de production.<\/p>\n<p><img decoding=\"async\" alt=\"\" src=\"\/wp-content\/uploads\/2021\/02\/post\/bloomberg.modifie.apere.jpg\" style=\"width: 580px; height: 315px;\"><\/p>\n<h2>Et pour l\u2019avenir ?<\/h2>\n<p>Pas plus que d\u2019autres, nous n\u2019avons de boule de cristal. Il y a cependant certains \u00e9l\u00e9ments \u00e0 mettre en avant qui nous font croire que les co\u00fbts de production vont continuer de baisser.<\/p>\n<ul>\n<li>&nbsp;&nbsp;&nbsp; Les \u00e9volutions technologiques des fili\u00e8res photovolta\u00efques et \u00e9oliennes ne sont pas au bout de leur perfectionnement. Sans changer de technologie radicalement, des \u00e9conomies substantielles sont encore \u00e0 venir. En offshore, on parle de turbines allant jusqu\u2019\u00e0 13 \u00e0 15 MW de puissance (contre 6 \u00e0 7 MW aujourd\u2019hui)&#8230;<br \/>\n&nbsp;<\/li>\n<li>&nbsp;&nbsp;&nbsp; Les grands acteurs industriels ont (enfin) d\u00e9cid\u00e9 de s\u2019y mettre. C\u2019est un des \u00e9l\u00e9ment cl\u00e9 du tournant de 2017 : les offres tr\u00e8s concurrentes sur le march\u00e9 du renouvelable sont d\u00e9sormais soumises par des acteurs plus traditionnels tels que Engie, Enel, EDF ou Total, pour ne citer que les plus connus en Europe. Bien implant\u00e9s dans les productions plus classiques, ils sont les mieux plac\u00e9s pour faire leur propre concurrence, leur propre mutation.<br \/>\n&nbsp;<\/li>\n<li>&nbsp;&nbsp;&nbsp; Les effets d\u2019\u00e9chelle, li\u00e9s \u00e0 des industries m\u00fbres, se font maintenant pleinement sentir.<br \/>\n&nbsp;<\/li>\n<li>&nbsp;&nbsp;&nbsp; Les quantit\u00e9s disponibles sont gigantesques ! Certaines analyses \u00e9conomiques pr\u00e9voient une augmentation des co\u00fbts du renouvelable en supposant que les gisements les plus rentables seront capt\u00e9s en premier et que les autres seront ensuite plus cher. Or, si le raisonnement est bon dans une logique d\u2019\u00e9nergie de stock (p\u00e9trole, gaz, biomasse, nucl\u00e9aire), il perd tout sens dans le cadre des \u00e9nergies de flux (soleil et vent) tant les quantit\u00e9s disponibles sont importantes et in\u00e9puisables. Pour rappel, la terre re\u00e7oit du soleil plus de 8.000 fois l\u2019\u00e9nergie consomm\u00e9e par l\u2019humanit\u00e9 (illustration ci-desous).&nbsp;<\/li>\n<\/ul>\n<p>&nbsp;<\/p>\n<p><img decoding=\"async\" alt=\"\" src=\"\/wp-content\/uploads\/2021\/02\/post\/energies-humanite.png\" style=\"width: 580px; height: 454px;\"><\/p>\n<ul>\n<li>&nbsp;&nbsp;&nbsp; La confiance dans les technologies solaire et \u00e9olienne augmente avec le retour d\u2019exp\u00e9riences de plus de 20 ans. D\u00e8s lors, certains appels d\u2019offres permettent des rachats jusqu\u2019\u00e0 30 ans (jusqu\u2019ici souvent limit\u00e9s \u00e0 15 ans), \u00e9talant par-l\u00e0 les co\u00fbts de production.<br \/>\n&nbsp;<\/li>\n<li>&nbsp;&nbsp;&nbsp; La participation citoyenne de plus en plus importante, en Europe et en Belgique (<a href=\"http:\/\/www.coopalacarte.be\" target=\"_blank\" rel=\"noopener\">Coop\u00e9ratives \u00e0 la carte.be<\/a>), favorise un \u00e9lan positif et le choix de projets pragmatiques alliant qualit\u00e9 et rentabilit\u00e9.<br \/>\n&nbsp;<\/li>\n<li>&nbsp;&nbsp;&nbsp; La comp\u00e9titivit\u00e9 du solaire et de l\u2019\u00e9olien par rapport \u00e0 leur propre intermittence. Cela n\u2019a \u00e9chapp\u00e9 \u00e0 personne, il y a des moments sans vent et sans soleil. Il est donc \u00e9vident qu\u2019un syst\u00e8me \u00e9lectrique bas\u00e9 principalement sur ces sources n\u00e9cessite des \u00e9volutions. Si certaines \u00e9volutions n\u2019impliquent pas de co\u00fbts (changements d\u2019habitudes incit\u00e9s par une nouvelle tarification, effacement de charge\u2026), d\u2019autres n\u00e9cessiteront des investissements (stockage en batterie ou hydrog\u00e8ne, voire m\u00e9thane de synth\u00e8se \u2013 lire notre article Comment l\u2019Arabie Saoudite pourrait nous vendre du renouvelable demain). Ces \u00e9nergies sont donc en comp\u00e9tition avec elles-m\u00eames et gardent une pression pour que la combinaison des co\u00fbts de production et de stockage (\u00e0 court, moyen et long terme) soit plus comp\u00e9titive que les productions base load actuelles.<\/li>\n<\/ul>\n<h2>\n\u00ab Oui mais il faudra payer les am\u00e9liorations du r\u00e9seau ! \u00bb Ou pas\u2026<\/h2>\n<p>Nous pourrions d\u00e9battre longuement cet argument en consid\u00e9rant qu\u2019il est creux car le r\u00e9seau doit, de toute mani\u00e8re et peu importe les choix de production, \u00eatre entretenu et renouvel\u00e9. De plus des surinvestissements li\u00e9 \u00e0 des extensions physiques de ce r\u00e9seau pourraient ne pas \u00eatre n\u00e9cessaires, voire compens\u00e9s par de nouvelles \u00e9conomies car :<\/p>\n<ul>\n<li>&nbsp;&nbsp;&nbsp; L\u2019augmentation des capacit\u00e9s flexibles (industrielles et r\u00e9sidentielles) et de stockage devraient permettre de ma\u00eetriser un besoin de capacit\u00e9 r\u00e9seau suppl\u00e9mentaire ;<br \/>\n&nbsp;<\/li>\n<li>&nbsp;&nbsp;&nbsp; Les futures diminutions des co\u00fbts de production renouvelable futures viendront gommer en partie les \u00e9ventuelles augmentations d\u2019infrastructure.<\/li>\n<\/ul>\n<p>&nbsp;<\/p>\n<p>Mais nous ne le ferons pas tout simplement parce que les co\u00fbts de r\u00e9seau (comme les co\u00fbts des d\u00e9chets solides ou gazeux) ne sont pas r\u00e9percut\u00e9s sur les autres moyens traditionnels de production et que l\u2019honn\u00eatet\u00e9 intellectuelle nous recommande de comparer des choses comparables.<\/p>\n<p>Dans un cas comme dans l\u2019autre, le r\u00e9seau est un \u00e9l\u00e9ment indispensable de notre \u00e9quilibre technique \u00e9nerg\u00e9tique et un \u00e9l\u00e9ment de solidarit\u00e9 \u00e0 maintenir (illustration ci-dessous)<\/p>\n<p><img decoding=\"async\" alt=\"\" src=\"\/wp-content\/uploads\/2021\/02\/post\/ores.png\" style=\"width: 580px; height: 386px;\"><\/p>\n<p>Quant \u00e0 la mani\u00e8re de le financer ? Cela rel\u00e8ve d\u2019un choix politique de soci\u00e9t\u00e9, le r\u00e9seau pouvant simplement \u00eatre financ\u00e9 par notre feuille d\u2019imp\u00f4t si nous le souhaitons. Cette question n\u2019est pas automatiquement corr\u00e9l\u00e9e avec les technologies de production, si nous nous autorisons \u00e0 penser autrement que \u00ab nous avons toujours fait comme cela \u00bb.<\/p>\n<h2>Choisir le moins co\u00fbteux \u2026ou pas<\/h2>\n<p>Il est ici utile de rappeler que la future (?) nouvelle centrale nucl\u00e9aire de Hinkley point (Royaume Uni) vendra son \u00e9lectricit\u00e9 \u00e0 116\u20ac\/MWh pendant 35 ans \u00e0 partir de \u2026 2027, si tout va bien \u2013 les retards de chantier et les co\u00fbts ne cessant d\u2019augmenter depuis plusieurs ann\u00e9es.<\/p>\n<p>Toutes les observations le montrent \u00e9galement : le nucl\u00e9aire est la seule technologie dont les co\u00fbts ne font qu\u2019augmenter avec le temps.<\/p>\n<p>Par contre, depuis 2017, une chose est certaine : le solaire et l\u2019\u00e9olien sont d\u00e9sormais plus comp\u00e9titifs que les productions classiques.<\/p>\n","protected":false},"excerpt":{"rendered":"<p>Nous vivons actuellement des ann\u00e9es-charni\u00e8res qui nous am\u00e8nent tr\u00e8s rapidement vers un nouveau monde de l\u2019\u00e9nergie. Comme l\u2019expliquait Renouvelle, 2016 fut ainsi une ann\u00e9e charni\u00e8re pour le v\u00e9hicule \u00e9lectrique (ou le d\u00e9but de la fin du moteur thermique). Nous tirons aujourd\u2019hui un autre bilan in\u00e9dit : 2017 fut marqu\u00e9e par une chute vertigineuse des co\u00fbts de productions des \u00e9nergies photovolta\u00efques et \u00e9olienne, au point d\u2019atteindre des niveaux inf\u00e9rieurs aux \u00e9nergies traditionnelles \u2013 ces derni\u00e8res entament donc le d\u00e9but de leur d\u00e9clin \u00e9conomique. En Belgique, certains partis politiques veulent des garanties de chiffres avant de s\u2019engager dans un Pacte \u00e9nerg\u00e9tique nous permettant de nous passer, entre autre, du nucl\u00e9aire (lire notre article Pacte \u00e9nerg\u00e9tique : les chiffres donnent l&rsquo;avantage aux renouvelables). Vous vouliez des chiffres ? En voici. Le soleil \u00e0 15\u20ac\/MWh En octobre 2017, le photovolta\u00efque a battu un record mondial lors d\u2019un appel d\u2019offre en Arabie Saoudite : le prix de vente de l\u2019\u00e9nergie pour une installation solaire non-subsidi\u00e9e est tomb\u00e9 \u00e0 15,2\u20ac\/MWh produit. Ce record a ensuite \u00e9t\u00e9 \u00e9galis\u00e9 en novembre au Chili o\u00f9 l\u2019ench\u00e8re photovolta\u00efque la plus basse a atteint 15\u20ac\/MWh. Au Chili, les 600 MW en ench\u00e8re se sont vendus en moyenne \u00e0 27,5\u20ac\/MWh. En Arabie saoudite, les 300 MW en ench\u00e8re se sont vendus \u00e0 moins de 25\u20ac\/MWh (pour 7 lots sur les 8). En Argentine, plus de 550 MW ont \u00e9t\u00e9 octroy\u00e9s fin novembre \u00e0 35\u20ac\/MWh en moyenne (tableau ci-dessous). Le soleil \u00e0 43,9\u20ac\/MWh en Allemagne En Allemagne \u2013 pourtant moins ensoleill\u00e9e que l\u2019Arabie Saoudite -, la chute est aussi nette et le record se place \u00e0 43,9\u20ac\/MWh avec un prix moyen sous les 50\u20ac\/MWh pour l\u2019ensemble des 222MW octroy\u00e9s en octobre 2017. Nous n\u2019avons pas de chiffres \u00e9quivalents pour la Belgique, le syst\u00e8me &hellip; <a href=\"https:\/\/www.renouvelle.be\/fr\/2017-ou-la-victoire-economique-du-solaire-et-de-leolien\/\" class=\"more-link\">Continue reading<span class=\"screen-reader-text\"> \u00ab\u00a02017 ou la victoire \u00e9conomique du solaire et de l\u2019\u00e9olien\u00a0\u00bb<\/span><\/a><\/p>\n","protected":false},"author":3,"featured_media":4369,"comment_status":"open","ping_status":"open","sticky":false,"template":"","format":"standard","meta":{"_acf_changed":false,"footnotes":""},"categories":[18],"tags":[],"section":[13,6],"class_list":["post-3399","post","type-post","status-publish","format-standard","has-post-thumbnail","hentry","category-actualite-internationale","section-solaire","section-eolien"],"acf":[],"yoast_head":"<!-- This site is optimized with the Yoast SEO plugin v27.5 - https:\/\/yoast.com\/product\/yoast-seo-wordpress\/ -->\n<title>2017 ou la victoire \u00e9conomique du solaire et de l\u2019\u00e9olien - Renouvelle<\/title>\n<meta name=\"robots\" content=\"index, follow, max-snippet:-1, max-image-preview:large, max-video-preview:-1\" \/>\n<link rel=\"canonical\" href=\"https:\/\/www.renouvelle.be\/fr\/2017-ou-la-victoire-economique-du-solaire-et-de-leolien\/\" \/>\n<meta property=\"og:locale\" content=\"fr_FR\" \/>\n<meta property=\"og:type\" content=\"article\" \/>\n<meta property=\"og:title\" content=\"2017 ou la victoire \u00e9conomique du solaire et de l\u2019\u00e9olien - Renouvelle\" \/>\n<meta property=\"og:description\" content=\"Nous vivons actuellement des ann\u00e9es-charni\u00e8res qui nous am\u00e8nent tr\u00e8s rapidement vers un nouveau monde de l\u2019\u00e9nergie. Comme l\u2019expliquait Renouvelle, 2016 fut ainsi une ann\u00e9e charni\u00e8re pour le v\u00e9hicule \u00e9lectrique (ou le d\u00e9but de la fin du moteur thermique). Nous tirons aujourd\u2019hui un autre bilan in\u00e9dit : 2017 fut marqu\u00e9e par une chute vertigineuse des co\u00fbts de productions des \u00e9nergies photovolta\u00efques et \u00e9olienne, au point d\u2019atteindre des niveaux inf\u00e9rieurs aux \u00e9nergies traditionnelles \u2013 ces derni\u00e8res entament donc le d\u00e9but de leur d\u00e9clin \u00e9conomique. En Belgique, certains partis politiques veulent des garanties de chiffres avant de s\u2019engager dans un Pacte \u00e9nerg\u00e9tique nous permettant de nous passer, entre autre, du nucl\u00e9aire (lire notre article Pacte \u00e9nerg\u00e9tique : les chiffres donnent l&rsquo;avantage aux renouvelables). Vous vouliez des chiffres ? En voici. Le soleil \u00e0 15\u20ac\/MWh En octobre 2017, le photovolta\u00efque a battu un record mondial lors d\u2019un appel d\u2019offre en Arabie Saoudite : le prix de vente de l\u2019\u00e9nergie pour une installation solaire non-subsidi\u00e9e est tomb\u00e9 \u00e0 15,2\u20ac\/MWh produit. Ce record a ensuite \u00e9t\u00e9 \u00e9galis\u00e9 en novembre au Chili o\u00f9 l\u2019ench\u00e8re photovolta\u00efque la plus basse a atteint 15\u20ac\/MWh. Au Chili, les 600 MW en ench\u00e8re se sont vendus en moyenne \u00e0 27,5\u20ac\/MWh. En Arabie saoudite, les 300 MW en ench\u00e8re se sont vendus \u00e0 moins de 25\u20ac\/MWh (pour 7 lots sur les 8). En Argentine, plus de 550 MW ont \u00e9t\u00e9 octroy\u00e9s fin novembre \u00e0 35\u20ac\/MWh en moyenne (tableau ci-dessous). Le soleil \u00e0 43,9\u20ac\/MWh en Allemagne En Allemagne \u2013 pourtant moins ensoleill\u00e9e que l\u2019Arabie Saoudite -, la chute est aussi nette et le record se place \u00e0 43,9\u20ac\/MWh avec un prix moyen sous les 50\u20ac\/MWh pour l\u2019ensemble des 222MW octroy\u00e9s en octobre 2017. Nous n\u2019avons pas de chiffres \u00e9quivalents pour la Belgique, le syst\u00e8me &hellip; Continue reading &quot;2017 ou la victoire \u00e9conomique du solaire et de l\u2019\u00e9olien&quot;\" \/>\n<meta property=\"og:url\" content=\"https:\/\/www.renouvelle.be\/fr\/2017-ou-la-victoire-economique-du-solaire-et-de-leolien\/\" \/>\n<meta property=\"og:site_name\" content=\"Renouvelle\" \/>\n<meta property=\"article:published_time\" content=\"2017-12-19T05:27:14+00:00\" \/>\n<meta property=\"article:modified_time\" content=\"2023-06-09T17:19:01+00:00\" \/>\n<meta property=\"og:image\" content=\"https:\/\/www.renouvelle.be\/wp-content\/uploads\/2021\/02\/wind-solar.jpg\" \/>\n\t<meta property=\"og:image:width\" content=\"580\" \/>\n\t<meta property=\"og:image:height\" content=\"316\" \/>\n\t<meta property=\"og:image:type\" content=\"image\/jpeg\" \/>\n<meta name=\"author\" content=\"Energie Commune\" \/>\n<meta name=\"twitter:card\" content=\"summary_large_image\" \/>\n<script type=\"application\/ld+json\" class=\"yoast-schema-graph\">{\"@context\":\"https:\\\/\\\/schema.org\",\"@graph\":[{\"@type\":\"Article\",\"@id\":\"https:\\\/\\\/www.renouvelle.be\\\/fr\\\/2017-ou-la-victoire-economique-du-solaire-et-de-leolien\\\/#article\",\"isPartOf\":{\"@id\":\"https:\\\/\\\/www.renouvelle.be\\\/fr\\\/2017-ou-la-victoire-economique-du-solaire-et-de-leolien\\\/\"},\"author\":{\"name\":\"Energie Commune\",\"@id\":\"https:\\\/\\\/www.renouvelle.be\\\/fr\\\/#\\\/schema\\\/person\\\/01fbe8226a07f8f3d4a1cd059b31f17a\"},\"headline\":\"2017 ou la victoire \u00e9conomique du solaire et de l\u2019\u00e9olien\",\"datePublished\":\"2017-12-19T05:27:14+00:00\",\"dateModified\":\"2023-06-09T17:19:01+00:00\",\"mainEntityOfPage\":{\"@id\":\"https:\\\/\\\/www.renouvelle.be\\\/fr\\\/2017-ou-la-victoire-economique-du-solaire-et-de-leolien\\\/\"},\"wordCount\":1843,\"commentCount\":0,\"image\":{\"@id\":\"https:\\\/\\\/www.renouvelle.be\\\/fr\\\/2017-ou-la-victoire-economique-du-solaire-et-de-leolien\\\/#primaryimage\"},\"thumbnailUrl\":\"https:\\\/\\\/www.renouvelle.be\\\/wp-content\\\/uploads\\\/2021\\\/02\\\/wind-solar.jpg\",\"articleSection\":[\"Actualit\u00e9 internationale\"],\"inLanguage\":\"fr-FR\",\"potentialAction\":[{\"@type\":\"CommentAction\",\"name\":\"Comment\",\"target\":[\"https:\\\/\\\/www.renouvelle.be\\\/fr\\\/2017-ou-la-victoire-economique-du-solaire-et-de-leolien\\\/#respond\"]}]},{\"@type\":\"WebPage\",\"@id\":\"https:\\\/\\\/www.renouvelle.be\\\/fr\\\/2017-ou-la-victoire-economique-du-solaire-et-de-leolien\\\/\",\"url\":\"https:\\\/\\\/www.renouvelle.be\\\/fr\\\/2017-ou-la-victoire-economique-du-solaire-et-de-leolien\\\/\",\"name\":\"2017 ou la victoire \u00e9conomique du solaire et de l\u2019\u00e9olien - Renouvelle\",\"isPartOf\":{\"@id\":\"https:\\\/\\\/www.renouvelle.be\\\/fr\\\/#website\"},\"primaryImageOfPage\":{\"@id\":\"https:\\\/\\\/www.renouvelle.be\\\/fr\\\/2017-ou-la-victoire-economique-du-solaire-et-de-leolien\\\/#primaryimage\"},\"image\":{\"@id\":\"https:\\\/\\\/www.renouvelle.be\\\/fr\\\/2017-ou-la-victoire-economique-du-solaire-et-de-leolien\\\/#primaryimage\"},\"thumbnailUrl\":\"https:\\\/\\\/www.renouvelle.be\\\/wp-content\\\/uploads\\\/2021\\\/02\\\/wind-solar.jpg\",\"datePublished\":\"2017-12-19T05:27:14+00:00\",\"dateModified\":\"2023-06-09T17:19:01+00:00\",\"author\":{\"@id\":\"https:\\\/\\\/www.renouvelle.be\\\/fr\\\/#\\\/schema\\\/person\\\/01fbe8226a07f8f3d4a1cd059b31f17a\"},\"breadcrumb\":{\"@id\":\"https:\\\/\\\/www.renouvelle.be\\\/fr\\\/2017-ou-la-victoire-economique-du-solaire-et-de-leolien\\\/#breadcrumb\"},\"inLanguage\":\"fr-FR\",\"potentialAction\":[{\"@type\":\"ReadAction\",\"target\":[\"https:\\\/\\\/www.renouvelle.be\\\/fr\\\/2017-ou-la-victoire-economique-du-solaire-et-de-leolien\\\/\"]}]},{\"@type\":\"ImageObject\",\"inLanguage\":\"fr-FR\",\"@id\":\"https:\\\/\\\/www.renouvelle.be\\\/fr\\\/2017-ou-la-victoire-economique-du-solaire-et-de-leolien\\\/#primaryimage\",\"url\":\"https:\\\/\\\/www.renouvelle.be\\\/wp-content\\\/uploads\\\/2021\\\/02\\\/wind-solar.jpg\",\"contentUrl\":\"https:\\\/\\\/www.renouvelle.be\\\/wp-content\\\/uploads\\\/2021\\\/02\\\/wind-solar.jpg\",\"width\":580,\"height\":316},{\"@type\":\"BreadcrumbList\",\"@id\":\"https:\\\/\\\/www.renouvelle.be\\\/fr\\\/2017-ou-la-victoire-economique-du-solaire-et-de-leolien\\\/#breadcrumb\",\"itemListElement\":[{\"@type\":\"ListItem\",\"position\":1,\"name\":\"Accueil\",\"item\":\"https:\\\/\\\/www.renouvelle.be\\\/fr\\\/\"},{\"@type\":\"ListItem\",\"position\":2,\"name\":\"2017 ou la victoire \u00e9conomique du solaire et de l\u2019\u00e9olien\"}]},{\"@type\":\"WebSite\",\"@id\":\"https:\\\/\\\/www.renouvelle.be\\\/fr\\\/#website\",\"url\":\"https:\\\/\\\/www.renouvelle.be\\\/fr\\\/\",\"name\":\"Renouvelle\",\"description\":\"L&#039;actualit\u00e9 de l&#039;\u00e9nergie durable\",\"potentialAction\":[{\"@type\":\"SearchAction\",\"target\":{\"@type\":\"EntryPoint\",\"urlTemplate\":\"https:\\\/\\\/www.renouvelle.be\\\/fr\\\/?s={search_term_string}\"},\"query-input\":{\"@type\":\"PropertyValueSpecification\",\"valueRequired\":true,\"valueName\":\"search_term_string\"}}],\"inLanguage\":\"fr-FR\"},{\"@type\":\"Person\",\"@id\":\"https:\\\/\\\/www.renouvelle.be\\\/fr\\\/#\\\/schema\\\/person\\\/01fbe8226a07f8f3d4a1cd059b31f17a\",\"name\":\"Energie Commune\",\"url\":\"https:\\\/\\\/www.renouvelle.be\\\/fr\\\/author\\\/apere\\\/\"}]}<\/script>\n<!-- \/ Yoast SEO plugin. -->","yoast_head_json":{"title":"2017 ou la victoire \u00e9conomique du solaire et de l\u2019\u00e9olien - Renouvelle","robots":{"index":"index","follow":"follow","max-snippet":"max-snippet:-1","max-image-preview":"max-image-preview:large","max-video-preview":"max-video-preview:-1"},"canonical":"https:\/\/www.renouvelle.be\/fr\/2017-ou-la-victoire-economique-du-solaire-et-de-leolien\/","og_locale":"fr_FR","og_type":"article","og_title":"2017 ou la victoire \u00e9conomique du solaire et de l\u2019\u00e9olien - Renouvelle","og_description":"Nous vivons actuellement des ann\u00e9es-charni\u00e8res qui nous am\u00e8nent tr\u00e8s rapidement vers un nouveau monde de l\u2019\u00e9nergie. Comme l\u2019expliquait Renouvelle, 2016 fut ainsi une ann\u00e9e charni\u00e8re pour le v\u00e9hicule \u00e9lectrique (ou le d\u00e9but de la fin du moteur thermique). Nous tirons aujourd\u2019hui un autre bilan in\u00e9dit : 2017 fut marqu\u00e9e par une chute vertigineuse des co\u00fbts de productions des \u00e9nergies photovolta\u00efques et \u00e9olienne, au point d\u2019atteindre des niveaux inf\u00e9rieurs aux \u00e9nergies traditionnelles \u2013 ces derni\u00e8res entament donc le d\u00e9but de leur d\u00e9clin \u00e9conomique. En Belgique, certains partis politiques veulent des garanties de chiffres avant de s\u2019engager dans un Pacte \u00e9nerg\u00e9tique nous permettant de nous passer, entre autre, du nucl\u00e9aire (lire notre article Pacte \u00e9nerg\u00e9tique : les chiffres donnent l&rsquo;avantage aux renouvelables). Vous vouliez des chiffres ? En voici. Le soleil \u00e0 15\u20ac\/MWh En octobre 2017, le photovolta\u00efque a battu un record mondial lors d\u2019un appel d\u2019offre en Arabie Saoudite : le prix de vente de l\u2019\u00e9nergie pour une installation solaire non-subsidi\u00e9e est tomb\u00e9 \u00e0 15,2\u20ac\/MWh produit. Ce record a ensuite \u00e9t\u00e9 \u00e9galis\u00e9 en novembre au Chili o\u00f9 l\u2019ench\u00e8re photovolta\u00efque la plus basse a atteint 15\u20ac\/MWh. Au Chili, les 600 MW en ench\u00e8re se sont vendus en moyenne \u00e0 27,5\u20ac\/MWh. En Arabie saoudite, les 300 MW en ench\u00e8re se sont vendus \u00e0 moins de 25\u20ac\/MWh (pour 7 lots sur les 8). En Argentine, plus de 550 MW ont \u00e9t\u00e9 octroy\u00e9s fin novembre \u00e0 35\u20ac\/MWh en moyenne (tableau ci-dessous). Le soleil \u00e0 43,9\u20ac\/MWh en Allemagne En Allemagne \u2013 pourtant moins ensoleill\u00e9e que l\u2019Arabie Saoudite -, la chute est aussi nette et le record se place \u00e0 43,9\u20ac\/MWh avec un prix moyen sous les 50\u20ac\/MWh pour l\u2019ensemble des 222MW octroy\u00e9s en octobre 2017. Nous n\u2019avons pas de chiffres \u00e9quivalents pour la Belgique, le syst\u00e8me &hellip; Continue reading \"2017 ou la victoire \u00e9conomique du solaire et de l\u2019\u00e9olien\"","og_url":"https:\/\/www.renouvelle.be\/fr\/2017-ou-la-victoire-economique-du-solaire-et-de-leolien\/","og_site_name":"Renouvelle","article_published_time":"2017-12-19T05:27:14+00:00","article_modified_time":"2023-06-09T17:19:01+00:00","og_image":[{"width":580,"height":316,"url":"https:\/\/www.renouvelle.be\/wp-content\/uploads\/2021\/02\/wind-solar.jpg","type":"image\/jpeg"}],"author":"Energie Commune","twitter_card":"summary_large_image","schema":{"@context":"https:\/\/schema.org","@graph":[{"@type":"Article","@id":"https:\/\/www.renouvelle.be\/fr\/2017-ou-la-victoire-economique-du-solaire-et-de-leolien\/#article","isPartOf":{"@id":"https:\/\/www.renouvelle.be\/fr\/2017-ou-la-victoire-economique-du-solaire-et-de-leolien\/"},"author":{"name":"Energie Commune","@id":"https:\/\/www.renouvelle.be\/fr\/#\/schema\/person\/01fbe8226a07f8f3d4a1cd059b31f17a"},"headline":"2017 ou la victoire \u00e9conomique du solaire et de l\u2019\u00e9olien","datePublished":"2017-12-19T05:27:14+00:00","dateModified":"2023-06-09T17:19:01+00:00","mainEntityOfPage":{"@id":"https:\/\/www.renouvelle.be\/fr\/2017-ou-la-victoire-economique-du-solaire-et-de-leolien\/"},"wordCount":1843,"commentCount":0,"image":{"@id":"https:\/\/www.renouvelle.be\/fr\/2017-ou-la-victoire-economique-du-solaire-et-de-leolien\/#primaryimage"},"thumbnailUrl":"https:\/\/www.renouvelle.be\/wp-content\/uploads\/2021\/02\/wind-solar.jpg","articleSection":["Actualit\u00e9 internationale"],"inLanguage":"fr-FR","potentialAction":[{"@type":"CommentAction","name":"Comment","target":["https:\/\/www.renouvelle.be\/fr\/2017-ou-la-victoire-economique-du-solaire-et-de-leolien\/#respond"]}]},{"@type":"WebPage","@id":"https:\/\/www.renouvelle.be\/fr\/2017-ou-la-victoire-economique-du-solaire-et-de-leolien\/","url":"https:\/\/www.renouvelle.be\/fr\/2017-ou-la-victoire-economique-du-solaire-et-de-leolien\/","name":"2017 ou la victoire \u00e9conomique du solaire et de l\u2019\u00e9olien - Renouvelle","isPartOf":{"@id":"https:\/\/www.renouvelle.be\/fr\/#website"},"primaryImageOfPage":{"@id":"https:\/\/www.renouvelle.be\/fr\/2017-ou-la-victoire-economique-du-solaire-et-de-leolien\/#primaryimage"},"image":{"@id":"https:\/\/www.renouvelle.be\/fr\/2017-ou-la-victoire-economique-du-solaire-et-de-leolien\/#primaryimage"},"thumbnailUrl":"https:\/\/www.renouvelle.be\/wp-content\/uploads\/2021\/02\/wind-solar.jpg","datePublished":"2017-12-19T05:27:14+00:00","dateModified":"2023-06-09T17:19:01+00:00","author":{"@id":"https:\/\/www.renouvelle.be\/fr\/#\/schema\/person\/01fbe8226a07f8f3d4a1cd059b31f17a"},"breadcrumb":{"@id":"https:\/\/www.renouvelle.be\/fr\/2017-ou-la-victoire-economique-du-solaire-et-de-leolien\/#breadcrumb"},"inLanguage":"fr-FR","potentialAction":[{"@type":"ReadAction","target":["https:\/\/www.renouvelle.be\/fr\/2017-ou-la-victoire-economique-du-solaire-et-de-leolien\/"]}]},{"@type":"ImageObject","inLanguage":"fr-FR","@id":"https:\/\/www.renouvelle.be\/fr\/2017-ou-la-victoire-economique-du-solaire-et-de-leolien\/#primaryimage","url":"https:\/\/www.renouvelle.be\/wp-content\/uploads\/2021\/02\/wind-solar.jpg","contentUrl":"https:\/\/www.renouvelle.be\/wp-content\/uploads\/2021\/02\/wind-solar.jpg","width":580,"height":316},{"@type":"BreadcrumbList","@id":"https:\/\/www.renouvelle.be\/fr\/2017-ou-la-victoire-economique-du-solaire-et-de-leolien\/#breadcrumb","itemListElement":[{"@type":"ListItem","position":1,"name":"Accueil","item":"https:\/\/www.renouvelle.be\/fr\/"},{"@type":"ListItem","position":2,"name":"2017 ou la victoire \u00e9conomique du solaire et de l\u2019\u00e9olien"}]},{"@type":"WebSite","@id":"https:\/\/www.renouvelle.be\/fr\/#website","url":"https:\/\/www.renouvelle.be\/fr\/","name":"Renouvelle","description":"L&#039;actualit\u00e9 de l&#039;\u00e9nergie durable","potentialAction":[{"@type":"SearchAction","target":{"@type":"EntryPoint","urlTemplate":"https:\/\/www.renouvelle.be\/fr\/?s={search_term_string}"},"query-input":{"@type":"PropertyValueSpecification","valueRequired":true,"valueName":"search_term_string"}}],"inLanguage":"fr-FR"},{"@type":"Person","@id":"https:\/\/www.renouvelle.be\/fr\/#\/schema\/person\/01fbe8226a07f8f3d4a1cd059b31f17a","name":"Energie Commune","url":"https:\/\/www.renouvelle.be\/fr\/author\/apere\/"}]}},"_links":{"self":[{"href":"https:\/\/www.renouvelle.be\/fr\/wp-json\/wp\/v2\/posts\/3399","targetHints":{"allow":["GET"]}}],"collection":[{"href":"https:\/\/www.renouvelle.be\/fr\/wp-json\/wp\/v2\/posts"}],"about":[{"href":"https:\/\/www.renouvelle.be\/fr\/wp-json\/wp\/v2\/types\/post"}],"author":[{"embeddable":true,"href":"https:\/\/www.renouvelle.be\/fr\/wp-json\/wp\/v2\/users\/3"}],"replies":[{"embeddable":true,"href":"https:\/\/www.renouvelle.be\/fr\/wp-json\/wp\/v2\/comments?post=3399"}],"version-history":[{"count":4,"href":"https:\/\/www.renouvelle.be\/fr\/wp-json\/wp\/v2\/posts\/3399\/revisions"}],"predecessor-version":[{"id":9820,"href":"https:\/\/www.renouvelle.be\/fr\/wp-json\/wp\/v2\/posts\/3399\/revisions\/9820"}],"wp:featuredmedia":[{"embeddable":true,"href":"https:\/\/www.renouvelle.be\/fr\/wp-json\/wp\/v2\/media\/4369"}],"wp:attachment":[{"href":"https:\/\/www.renouvelle.be\/fr\/wp-json\/wp\/v2\/media?parent=3399"}],"wp:term":[{"taxonomy":"category","embeddable":true,"href":"https:\/\/www.renouvelle.be\/fr\/wp-json\/wp\/v2\/categories?post=3399"},{"taxonomy":"post_tag","embeddable":true,"href":"https:\/\/www.renouvelle.be\/fr\/wp-json\/wp\/v2\/tags?post=3399"},{"taxonomy":"section","embeddable":true,"href":"https:\/\/www.renouvelle.be\/fr\/wp-json\/wp\/v2\/section?post=3399"}],"curies":[{"name":"wp","href":"https:\/\/api.w.org\/{rel}","templated":true}]}}