{"id":3342,"date":"2017-10-10T14:15:36","date_gmt":"2017-10-10T14:15:36","guid":{"rendered":""},"modified":"2023-10-12T16:31:12","modified_gmt":"2023-10-12T14:31:12","slug":"la-france-souvre-a-lautoconsommation-collective","status":"publish","type":"post","link":"https:\/\/www.renouvelle.be\/fr\/la-france-souvre-a-lautoconsommation-collective\/","title":{"rendered":"La France s\u2019ouvre \u00e0 l\u2019autoconsommation collective"},"content":{"rendered":"<p>La France conna\u00eet actuellement un d\u00e9bat riche et inspirant sur la mise \u0153uvre de l\u2019ordonnance du 27 juillet 2016 relative \u00e0 l\u2019autoconsommation d\u2019\u00e9lectricit\u00e9. Ce nouveau cadre r\u00e9glementaire \u2013 ratifi\u00e9 en f\u00e9vrier 2017 \u2013 ouvre la possibilit\u00e9 aux installations renouvelables de moins de 100 kW de disposer d\u2019une autoconsommation collective au sein d\u2019un immeuble, un lotissement ou un quartier en aval d\u2019un m\u00eame poste de distribution.<\/p>\n<p>Telle que pr\u00e9vue en France, l\u2019autoconsommation collective permet de b\u00e9n\u00e9ficier de l\u2019effet de foisonnement d\u2019usages \u00e9lectriques d\u2019acteurs diff\u00e9rents (r\u00e9sidentiel, bureaux, \u00e9cole, commerce, \u2026) qui se trouvent en aval d\u2019un m\u00eame poste de distribution \u00e9lectrique. Cela &nbsp;permet une autoconsommation \u00abnaturelle\u00bb beaucoup plus importante que dans le cadre d\u2019une vision sur un b\u00e2timent unique, \u00e0 co\u00fbt faible. En effet, ce haut taux d\u2019autoconsommation permet de r\u00e9duire fortement les besoins d\u2019outils de pilotage ou de batteries.<\/p>\n<p>Cependant, le r\u00e9cent arsenal r\u00e9glementaire encadrant la mise en \u0153uvre comporte des dispositions complexes et tr\u00e8s restrictives, qui risquent de freiner les projets. Explications de M\u00e9lodie de l\u2019Epine, coordinatrice du p\u00f4le photovolta\u00efque de l&rsquo;association HESPUL (photo ci-dessous).<\/p>\n<p><img decoding=\"async\" alt=\"\" src=\"\/wp-content\/uploads\/2021\/02\/post\/image002.jpg\" style=\"width: 200px; height: 200px;\"><\/p>\n<p><strong>Michel Huart (Renouvelle)&nbsp;: Le cadre r\u00e9glementaire donne \u00e9galement un statut \u00e0 l\u2019autoconsommation collective. Quelle en est sa d\u00e9finition&nbsp;?<\/strong><\/p>\n<p><strong>M\u00e9lodie de l\u2019Epine (HESPUL)&nbsp;:<\/strong> C\u2019est le fait de r\u00e9unir, au sein d\u2019une m\u00eame personne morale, un ou plusieurs producteurs et un ou plusieurs consommateurs, en aval d\u2019un m\u00eame poste de distribution. La production sera d\u00e9falqu\u00e9e sur la facture des consommateurs, selon une cl\u00e9 de r\u00e9partition d\u00e9cid\u00e9e entre eux.<\/p>\n<p>Le probl\u00e8me, c\u2019est que la cl\u00e9 est bas\u00e9e sur un pas de temps d\u2019une demi-heure. Or l\u2019id\u00e9e de la consommation collective, c\u2019est de b\u00e9n\u00e9ficier d\u2019un foisonnement des usages au sein d\u2019un quartier \u2013 r\u00e9sidentiel, bureaux, commerces, \u2026 &#8211; et de consommer l\u2019\u00e9quivalent de la production. Mais pas sur l\u2019instantan\u00e9. On a besoin du foisonnement de temps pour \u00e9viter les d\u00e9rives des pics de production sur l\u2019instantan\u00e9.<\/p>\n<p><strong>M.H.&nbsp;: Vous auriez plut\u00f4t choisi quel pas de temps&nbsp;?<\/strong><\/p>\n<p><strong>M. de E.&nbsp;:<\/strong> C\u2019aurait \u00e9t\u00e9 plus int\u00e9ressant de prendre sur une demi-journ\u00e9e ou une journ\u00e9e. Cela aurait permis d\u2019\u00e9quilibrer la consommation entre les commerces \u2013 qui consomment surtout en journ\u00e9e \u2013 et les habitations, plut\u00f4t occup\u00e9es le soir.<\/p>\n<p><strong>M.H.&nbsp;: Comment se calcule la cl\u00e9 de r\u00e9partition entre consommateurs&nbsp;? Sur base de compteurs synchronis\u00e9s&nbsp;?<\/strong><\/p>\n<p><strong>M. de E.&nbsp;:<\/strong> Toute les demi-heures, la cl\u00e9 de r\u00e9partition est appliqu\u00e9e, sur base des consommations et des productions mesur\u00e9es.<\/p>\n<p>Pour ce faire, on utilise les compteurs communicants Linky, en cours de d\u00e9ploiement en France et qui seront g\u00e9n\u00e9ralis\u00e9s d\u2019ici 2020. Il s\u2019agit simplement de poser un algorithme sur les index des compteurs qui mesurent les flux avec un pas de&nbsp; de temps de 10 minutes.<\/p>\n<p>Une famille qui consomme de l\u2019\u00e9lectricit\u00e9 par exemple le matin entre 7h et 9h et le soir \u00e0 partir de 16h30 recevra une part de de la production pour ces tranches horaires uniquement et rien en journ\u00e9e c-\u00e0-d quand ils sont \u00e0 l\u2019\u00e9cole ou au travail et ne consomment pas.<\/p>\n<p>Si nous avons 3 consommateurs pour une installation et que la clef de r\u00e9partition est de 1\/3, chacun recevra 1\/3 de la production. Mais que se passe-t-il quand un des consommateurs ne consomme pas tel jour? Cela devient un exc\u00e9dent et le producteur doit le vendre sur le march\u00e9. Cela veut aussi dire que ce consommateur n\u2019aura pas eu d\u2019autoconsommation ce jour-l\u00e0, contrairement aux deux autres consommateurs.<\/p>\n<p><strong>M.H.&nbsp;: Comment se passe la mise en \u0153uvre jusqu\u2019\u00e0 pr\u00e9sent&nbsp;?<\/strong><\/p>\n<p><strong>M. de E.&nbsp;: <\/strong>C\u2019est un casse-t\u00eate juridique. Nous sommes dans une d\u00e9marche exp\u00e9rimentale et il n\u2019y a pas encore de r\u00e9alisations. Ainsi par exemple, il y a des solutions \u00e0 imaginer sur la mani\u00e8re d\u2019appliquer le TURPE (NDLR&nbsp;: Tarif d\u2019Utilisation du R\u00e9seau Publique d\u2019Electricit\u00e9 soit le tarif r\u00e9gul\u00e9 pour le transport et la distribution) dans le cas de figure de l\u2019autoconsommation collective. Avec le cadre actuel, le risque est de faire payer plusieurs fois la redevance.<\/p>\n<p>Imaginez par exemple un immeuble qui comporte dix logements et deux \u00e9tages de bureaux et commerces. Le toit est \u00e9quip\u00e9 d\u2019une installation photovolta\u00efque qui injecte sur le r\u00e9seau. Elle paie l\u2019utilisation du r\u00e9seau comme si elle vendait la totalit\u00e9 de l\u2019\u00e9lectricit\u00e9 (NDLR&nbsp;: En Belgique, la taxe d\u2019injection est appliqu\u00e9e uniquement pour les installations dont la puissance de raccordement est sup\u00e9rieure \u00e0 10 kVA. Elle est de 0,09644 c\u20ac\/kWh). Les consommateurs dans l\u2019immeuble paient \u00e9galement une contribution pour l\u2019utilisation du r\u00e9seau. On va r\u00e9duire leur facture avec leur part de production. Mais du coup, ils sont consid\u00e9r\u00e9s comme producteurs et risquent de devoir payer aussi la contribution de production.<\/p>\n<p>Pour une vente en surplus, cela repr\u00e9sente 20\u20ac TTC par an. Et si on doit payer 20\u20ac par an par consommateur en plus du TURPE du producteur, l&rsquo;\u00e9quilibre \u00e9conomique de l&rsquo;op\u00e9ration d&rsquo;autoconsommation collective devient tr\u00e8s fragile voire impossible. En autoconsommation individuelle, on ne paye qu&rsquo;un TURPE \u00ab&nbsp;consommation et production&nbsp;\u00bb, alors qu\u2019en collectif on paierait autant de fois qu&rsquo;il y a de consommateurs. C\u2019est pourquoi les acteurs du march\u00e9 discutent pour l\u2019instant d\u2019un micro-TURPE pour l\u2019autoconsommation collective.<\/p>\n<p><strong>M.H.&nbsp;: Comment voyez-vous l\u2019avenir de l\u2019autoconsommation collective en France&nbsp;?<\/strong><\/p>\n<p><strong>M. de E.&nbsp;: <\/strong>L\u00e0 o\u00f9 je vois une r\u00e9elle opportunit\u00e9, c\u2019est dans un logement social. Le bailleur social investit dans une installation d\u2019autoconsommation collective et facture l\u2019\u00e9lectricit\u00e9 solaire \u00e0 ses locataires \u00e0 un prix tr\u00e8s comp\u00e9titif \u2013\u00e0 5 centime le kWh par exemple. Les locataires voient ainsi une baisse de leur facture \u00e9nerg\u00e9tique. Le bailleur peut \u00e9galement vendre les exc\u00e9dents sur le march\u00e9 ou les affecter \u00e0 d\u2019autres b\u00e2timents proches qu\u2019il g\u00e8re. C\u2019est un mod\u00e8le social qui a beaucoup d\u2019avantages. Et on \u00e9vite les contraintes du type \u00ab&nbsp;mon installation ne doit pas produire plus que ce que mes consommateurs consomment&nbsp;\u00bb.<\/p>\n<p><img decoding=\"async\" alt=\"\" src=\"\/wp-content\/uploads\/2021\/02\/post\/gelbes-viertel-berlin-solaranlage-2-c-stadt-und-land-1500x430_0.jpg\" style=\"width: 500px; height: 143px;\"><\/p>\n<p><small>Le quartier Gelbes Vierrel Hellersdorf \u00e0 Berlin est l\u2019une des r\u00e9alisations les plus importantes d\u2019autoconsommation collective en Allemagne. La France \u00e9tudie ses premiers projets. A quand la Belgique ?<\/small><\/p>\n","protected":false},"excerpt":{"rendered":"<p>La France conna\u00eet actuellement un d\u00e9bat riche et inspirant sur la mise \u0153uvre de l\u2019ordonnance du 27 juillet 2016 relative \u00e0 l\u2019autoconsommation d\u2019\u00e9lectricit\u00e9. Ce nouveau cadre r\u00e9glementaire \u2013 ratifi\u00e9 en f\u00e9vrier 2017 \u2013 ouvre la possibilit\u00e9 aux installations renouvelables de moins de 100 kW de disposer d\u2019une autoconsommation collective au sein d\u2019un immeuble, un lotissement ou un quartier en aval d\u2019un m\u00eame poste de distribution. Telle que pr\u00e9vue en France, l\u2019autoconsommation collective permet de b\u00e9n\u00e9ficier de l\u2019effet de foisonnement d\u2019usages \u00e9lectriques d\u2019acteurs diff\u00e9rents (r\u00e9sidentiel, bureaux, \u00e9cole, commerce, \u2026) qui se trouvent en aval d\u2019un m\u00eame poste de distribution \u00e9lectrique. Cela &nbsp;permet une autoconsommation \u00abnaturelle\u00bb beaucoup plus importante que dans le cadre d\u2019une vision sur un b\u00e2timent unique, \u00e0 co\u00fbt faible. En effet, ce haut taux d\u2019autoconsommation permet de r\u00e9duire fortement les besoins d\u2019outils de pilotage ou de batteries. Cependant, le r\u00e9cent arsenal r\u00e9glementaire encadrant la mise en \u0153uvre comporte des dispositions complexes et tr\u00e8s restrictives, qui risquent de freiner les projets. Explications de M\u00e9lodie de l\u2019Epine, coordinatrice du p\u00f4le photovolta\u00efque de l&rsquo;association HESPUL (photo ci-dessous). Michel Huart (Renouvelle)&nbsp;: Le cadre r\u00e9glementaire donne \u00e9galement un statut \u00e0 l\u2019autoconsommation collective. Quelle en est sa d\u00e9finition&nbsp;? M\u00e9lodie de l\u2019Epine (HESPUL)&nbsp;: C\u2019est le fait de r\u00e9unir, au sein d\u2019une m\u00eame personne morale, un ou plusieurs producteurs et un ou plusieurs consommateurs, en aval d\u2019un m\u00eame poste de distribution. La production sera d\u00e9falqu\u00e9e sur la facture des consommateurs, selon une cl\u00e9 de r\u00e9partition d\u00e9cid\u00e9e entre eux. Le probl\u00e8me, c\u2019est que la cl\u00e9 est bas\u00e9e sur un pas de temps d\u2019une demi-heure. Or l\u2019id\u00e9e de la consommation collective, c\u2019est de b\u00e9n\u00e9ficier d\u2019un foisonnement des usages au sein d\u2019un quartier \u2013 r\u00e9sidentiel, bureaux, commerces, \u2026 &#8211; et de consommer l\u2019\u00e9quivalent de la production. Mais pas sur l\u2019instantan\u00e9. &hellip; <a href=\"https:\/\/www.renouvelle.be\/fr\/la-france-souvre-a-lautoconsommation-collective\/\" class=\"more-link\">Continue reading<span class=\"screen-reader-text\"> \u00ab\u00a0La France s\u2019ouvre \u00e0 l\u2019autoconsommation collective\u00a0\u00bb<\/span><\/a><\/p>\n","protected":false},"author":3,"featured_media":4525,"comment_status":"open","ping_status":"open","sticky":false,"template":"","format":"standard","meta":{"_acf_changed":false,"footnotes":""},"categories":[18],"tags":[],"section":[13],"class_list":["post-3342","post","type-post","status-publish","format-standard","has-post-thumbnail","hentry","category-actualite-internationale","section-solaire"],"acf":[],"yoast_head":"<!-- This site is optimized with the Yoast SEO plugin v27.5 - https:\/\/yoast.com\/product\/yoast-seo-wordpress\/ -->\n<title>La France s\u2019ouvre \u00e0 l\u2019autoconsommation collective - Renouvelle<\/title>\n<meta name=\"robots\" content=\"index, follow, max-snippet:-1, max-image-preview:large, max-video-preview:-1\" \/>\n<link rel=\"canonical\" href=\"https:\/\/www.renouvelle.be\/fr\/la-france-souvre-a-lautoconsommation-collective\/\" \/>\n<meta property=\"og:locale\" content=\"fr_FR\" \/>\n<meta property=\"og:type\" content=\"article\" \/>\n<meta property=\"og:title\" content=\"La France s\u2019ouvre \u00e0 l\u2019autoconsommation collective - Renouvelle\" \/>\n<meta property=\"og:description\" content=\"La France conna\u00eet actuellement un d\u00e9bat riche et inspirant sur la mise \u0153uvre de l\u2019ordonnance du 27 juillet 2016 relative \u00e0 l\u2019autoconsommation d\u2019\u00e9lectricit\u00e9. Ce nouveau cadre r\u00e9glementaire \u2013 ratifi\u00e9 en f\u00e9vrier 2017 \u2013 ouvre la possibilit\u00e9 aux installations renouvelables de moins de 100 kW de disposer d\u2019une autoconsommation collective au sein d\u2019un immeuble, un lotissement ou un quartier en aval d\u2019un m\u00eame poste de distribution. Telle que pr\u00e9vue en France, l\u2019autoconsommation collective permet de b\u00e9n\u00e9ficier de l\u2019effet de foisonnement d\u2019usages \u00e9lectriques d\u2019acteurs diff\u00e9rents (r\u00e9sidentiel, bureaux, \u00e9cole, commerce, \u2026) qui se trouvent en aval d\u2019un m\u00eame poste de distribution \u00e9lectrique. Cela &nbsp;permet une autoconsommation \u00abnaturelle\u00bb beaucoup plus importante que dans le cadre d\u2019une vision sur un b\u00e2timent unique, \u00e0 co\u00fbt faible. En effet, ce haut taux d\u2019autoconsommation permet de r\u00e9duire fortement les besoins d\u2019outils de pilotage ou de batteries. Cependant, le r\u00e9cent arsenal r\u00e9glementaire encadrant la mise en \u0153uvre comporte des dispositions complexes et tr\u00e8s restrictives, qui risquent de freiner les projets. Explications de M\u00e9lodie de l\u2019Epine, coordinatrice du p\u00f4le photovolta\u00efque de l&rsquo;association HESPUL (photo ci-dessous). Michel Huart (Renouvelle)&nbsp;: Le cadre r\u00e9glementaire donne \u00e9galement un statut \u00e0 l\u2019autoconsommation collective. Quelle en est sa d\u00e9finition&nbsp;? M\u00e9lodie de l\u2019Epine (HESPUL)&nbsp;: C\u2019est le fait de r\u00e9unir, au sein d\u2019une m\u00eame personne morale, un ou plusieurs producteurs et un ou plusieurs consommateurs, en aval d\u2019un m\u00eame poste de distribution. La production sera d\u00e9falqu\u00e9e sur la facture des consommateurs, selon une cl\u00e9 de r\u00e9partition d\u00e9cid\u00e9e entre eux. Le probl\u00e8me, c\u2019est que la cl\u00e9 est bas\u00e9e sur un pas de temps d\u2019une demi-heure. Or l\u2019id\u00e9e de la consommation collective, c\u2019est de b\u00e9n\u00e9ficier d\u2019un foisonnement des usages au sein d\u2019un quartier \u2013 r\u00e9sidentiel, bureaux, commerces, \u2026 &#8211; et de consommer l\u2019\u00e9quivalent de la production. Mais pas sur l\u2019instantan\u00e9. &hellip; Continue reading &quot;La France s\u2019ouvre \u00e0 l\u2019autoconsommation collective&quot;\" \/>\n<meta property=\"og:url\" content=\"https:\/\/www.renouvelle.be\/fr\/la-france-souvre-a-lautoconsommation-collective\/\" \/>\n<meta property=\"og:site_name\" content=\"Renouvelle\" \/>\n<meta property=\"article:published_time\" content=\"2017-10-10T14:15:36+00:00\" \/>\n<meta property=\"article:modified_time\" content=\"2023-10-12T14:31:12+00:00\" \/>\n<meta property=\"og:image\" content=\"https:\/\/www.renouvelle.be\/wp-content\/uploads\/2021\/02\/image001.jpg\" \/>\n\t<meta property=\"og:image:width\" content=\"580\" \/>\n\t<meta property=\"og:image:height\" content=\"217\" \/>\n\t<meta property=\"og:image:type\" content=\"image\/jpeg\" \/>\n<meta name=\"author\" content=\"Energie Commune\" \/>\n<meta name=\"twitter:card\" content=\"summary_large_image\" \/>\n<script type=\"application\/ld+json\" class=\"yoast-schema-graph\">{\"@context\":\"https:\\\/\\\/schema.org\",\"@graph\":[{\"@type\":\"Article\",\"@id\":\"https:\\\/\\\/www.renouvelle.be\\\/fr\\\/la-france-souvre-a-lautoconsommation-collective\\\/#article\",\"isPartOf\":{\"@id\":\"https:\\\/\\\/www.renouvelle.be\\\/fr\\\/la-france-souvre-a-lautoconsommation-collective\\\/\"},\"author\":{\"name\":\"Energie Commune\",\"@id\":\"https:\\\/\\\/www.renouvelle.be\\\/fr\\\/#\\\/schema\\\/person\\\/01fbe8226a07f8f3d4a1cd059b31f17a\"},\"headline\":\"La France s\u2019ouvre \u00e0 l\u2019autoconsommation collective\",\"datePublished\":\"2017-10-10T14:15:36+00:00\",\"dateModified\":\"2023-10-12T14:31:12+00:00\",\"mainEntityOfPage\":{\"@id\":\"https:\\\/\\\/www.renouvelle.be\\\/fr\\\/la-france-souvre-a-lautoconsommation-collective\\\/\"},\"wordCount\":1120,\"commentCount\":0,\"image\":{\"@id\":\"https:\\\/\\\/www.renouvelle.be\\\/fr\\\/la-france-souvre-a-lautoconsommation-collective\\\/#primaryimage\"},\"thumbnailUrl\":\"https:\\\/\\\/www.renouvelle.be\\\/wp-content\\\/uploads\\\/2021\\\/02\\\/image001.jpg\",\"articleSection\":[\"Actualit\u00e9 internationale\"],\"inLanguage\":\"fr-FR\",\"potentialAction\":[{\"@type\":\"CommentAction\",\"name\":\"Comment\",\"target\":[\"https:\\\/\\\/www.renouvelle.be\\\/fr\\\/la-france-souvre-a-lautoconsommation-collective\\\/#respond\"]}]},{\"@type\":\"WebPage\",\"@id\":\"https:\\\/\\\/www.renouvelle.be\\\/fr\\\/la-france-souvre-a-lautoconsommation-collective\\\/\",\"url\":\"https:\\\/\\\/www.renouvelle.be\\\/fr\\\/la-france-souvre-a-lautoconsommation-collective\\\/\",\"name\":\"La France s\u2019ouvre \u00e0 l\u2019autoconsommation collective - Renouvelle\",\"isPartOf\":{\"@id\":\"https:\\\/\\\/www.renouvelle.be\\\/fr\\\/#website\"},\"primaryImageOfPage\":{\"@id\":\"https:\\\/\\\/www.renouvelle.be\\\/fr\\\/la-france-souvre-a-lautoconsommation-collective\\\/#primaryimage\"},\"image\":{\"@id\":\"https:\\\/\\\/www.renouvelle.be\\\/fr\\\/la-france-souvre-a-lautoconsommation-collective\\\/#primaryimage\"},\"thumbnailUrl\":\"https:\\\/\\\/www.renouvelle.be\\\/wp-content\\\/uploads\\\/2021\\\/02\\\/image001.jpg\",\"datePublished\":\"2017-10-10T14:15:36+00:00\",\"dateModified\":\"2023-10-12T14:31:12+00:00\",\"author\":{\"@id\":\"https:\\\/\\\/www.renouvelle.be\\\/fr\\\/#\\\/schema\\\/person\\\/01fbe8226a07f8f3d4a1cd059b31f17a\"},\"breadcrumb\":{\"@id\":\"https:\\\/\\\/www.renouvelle.be\\\/fr\\\/la-france-souvre-a-lautoconsommation-collective\\\/#breadcrumb\"},\"inLanguage\":\"fr-FR\",\"potentialAction\":[{\"@type\":\"ReadAction\",\"target\":[\"https:\\\/\\\/www.renouvelle.be\\\/fr\\\/la-france-souvre-a-lautoconsommation-collective\\\/\"]}]},{\"@type\":\"ImageObject\",\"inLanguage\":\"fr-FR\",\"@id\":\"https:\\\/\\\/www.renouvelle.be\\\/fr\\\/la-france-souvre-a-lautoconsommation-collective\\\/#primaryimage\",\"url\":\"https:\\\/\\\/www.renouvelle.be\\\/wp-content\\\/uploads\\\/2021\\\/02\\\/image001.jpg\",\"contentUrl\":\"https:\\\/\\\/www.renouvelle.be\\\/wp-content\\\/uploads\\\/2021\\\/02\\\/image001.jpg\",\"width\":580,\"height\":217},{\"@type\":\"BreadcrumbList\",\"@id\":\"https:\\\/\\\/www.renouvelle.be\\\/fr\\\/la-france-souvre-a-lautoconsommation-collective\\\/#breadcrumb\",\"itemListElement\":[{\"@type\":\"ListItem\",\"position\":1,\"name\":\"Accueil\",\"item\":\"https:\\\/\\\/www.renouvelle.be\\\/fr\\\/\"},{\"@type\":\"ListItem\",\"position\":2,\"name\":\"La France s\u2019ouvre \u00e0 l\u2019autoconsommation collective\"}]},{\"@type\":\"WebSite\",\"@id\":\"https:\\\/\\\/www.renouvelle.be\\\/fr\\\/#website\",\"url\":\"https:\\\/\\\/www.renouvelle.be\\\/fr\\\/\",\"name\":\"Renouvelle\",\"description\":\"L&#039;actualit\u00e9 de l&#039;\u00e9nergie durable\",\"potentialAction\":[{\"@type\":\"SearchAction\",\"target\":{\"@type\":\"EntryPoint\",\"urlTemplate\":\"https:\\\/\\\/www.renouvelle.be\\\/fr\\\/?s={search_term_string}\"},\"query-input\":{\"@type\":\"PropertyValueSpecification\",\"valueRequired\":true,\"valueName\":\"search_term_string\"}}],\"inLanguage\":\"fr-FR\"},{\"@type\":\"Person\",\"@id\":\"https:\\\/\\\/www.renouvelle.be\\\/fr\\\/#\\\/schema\\\/person\\\/01fbe8226a07f8f3d4a1cd059b31f17a\",\"name\":\"Energie Commune\",\"url\":\"https:\\\/\\\/www.renouvelle.be\\\/fr\\\/author\\\/apere\\\/\"}]}<\/script>\n<!-- \/ Yoast SEO plugin. -->","yoast_head_json":{"title":"La France s\u2019ouvre \u00e0 l\u2019autoconsommation collective - Renouvelle","robots":{"index":"index","follow":"follow","max-snippet":"max-snippet:-1","max-image-preview":"max-image-preview:large","max-video-preview":"max-video-preview:-1"},"canonical":"https:\/\/www.renouvelle.be\/fr\/la-france-souvre-a-lautoconsommation-collective\/","og_locale":"fr_FR","og_type":"article","og_title":"La France s\u2019ouvre \u00e0 l\u2019autoconsommation collective - Renouvelle","og_description":"La France conna\u00eet actuellement un d\u00e9bat riche et inspirant sur la mise \u0153uvre de l\u2019ordonnance du 27 juillet 2016 relative \u00e0 l\u2019autoconsommation d\u2019\u00e9lectricit\u00e9. Ce nouveau cadre r\u00e9glementaire \u2013 ratifi\u00e9 en f\u00e9vrier 2017 \u2013 ouvre la possibilit\u00e9 aux installations renouvelables de moins de 100 kW de disposer d\u2019une autoconsommation collective au sein d\u2019un immeuble, un lotissement ou un quartier en aval d\u2019un m\u00eame poste de distribution. Telle que pr\u00e9vue en France, l\u2019autoconsommation collective permet de b\u00e9n\u00e9ficier de l\u2019effet de foisonnement d\u2019usages \u00e9lectriques d\u2019acteurs diff\u00e9rents (r\u00e9sidentiel, bureaux, \u00e9cole, commerce, \u2026) qui se trouvent en aval d\u2019un m\u00eame poste de distribution \u00e9lectrique. Cela &nbsp;permet une autoconsommation \u00abnaturelle\u00bb beaucoup plus importante que dans le cadre d\u2019une vision sur un b\u00e2timent unique, \u00e0 co\u00fbt faible. En effet, ce haut taux d\u2019autoconsommation permet de r\u00e9duire fortement les besoins d\u2019outils de pilotage ou de batteries. Cependant, le r\u00e9cent arsenal r\u00e9glementaire encadrant la mise en \u0153uvre comporte des dispositions complexes et tr\u00e8s restrictives, qui risquent de freiner les projets. Explications de M\u00e9lodie de l\u2019Epine, coordinatrice du p\u00f4le photovolta\u00efque de l&rsquo;association HESPUL (photo ci-dessous). Michel Huart (Renouvelle)&nbsp;: Le cadre r\u00e9glementaire donne \u00e9galement un statut \u00e0 l\u2019autoconsommation collective. Quelle en est sa d\u00e9finition&nbsp;? M\u00e9lodie de l\u2019Epine (HESPUL)&nbsp;: C\u2019est le fait de r\u00e9unir, au sein d\u2019une m\u00eame personne morale, un ou plusieurs producteurs et un ou plusieurs consommateurs, en aval d\u2019un m\u00eame poste de distribution. La production sera d\u00e9falqu\u00e9e sur la facture des consommateurs, selon une cl\u00e9 de r\u00e9partition d\u00e9cid\u00e9e entre eux. Le probl\u00e8me, c\u2019est que la cl\u00e9 est bas\u00e9e sur un pas de temps d\u2019une demi-heure. Or l\u2019id\u00e9e de la consommation collective, c\u2019est de b\u00e9n\u00e9ficier d\u2019un foisonnement des usages au sein d\u2019un quartier \u2013 r\u00e9sidentiel, bureaux, commerces, \u2026 &#8211; et de consommer l\u2019\u00e9quivalent de la production. Mais pas sur l\u2019instantan\u00e9. &hellip; Continue reading \"La France s\u2019ouvre \u00e0 l\u2019autoconsommation collective\"","og_url":"https:\/\/www.renouvelle.be\/fr\/la-france-souvre-a-lautoconsommation-collective\/","og_site_name":"Renouvelle","article_published_time":"2017-10-10T14:15:36+00:00","article_modified_time":"2023-10-12T14:31:12+00:00","og_image":[{"width":580,"height":217,"url":"https:\/\/www.renouvelle.be\/wp-content\/uploads\/2021\/02\/image001.jpg","type":"image\/jpeg"}],"author":"Energie Commune","twitter_card":"summary_large_image","schema":{"@context":"https:\/\/schema.org","@graph":[{"@type":"Article","@id":"https:\/\/www.renouvelle.be\/fr\/la-france-souvre-a-lautoconsommation-collective\/#article","isPartOf":{"@id":"https:\/\/www.renouvelle.be\/fr\/la-france-souvre-a-lautoconsommation-collective\/"},"author":{"name":"Energie Commune","@id":"https:\/\/www.renouvelle.be\/fr\/#\/schema\/person\/01fbe8226a07f8f3d4a1cd059b31f17a"},"headline":"La France s\u2019ouvre \u00e0 l\u2019autoconsommation collective","datePublished":"2017-10-10T14:15:36+00:00","dateModified":"2023-10-12T14:31:12+00:00","mainEntityOfPage":{"@id":"https:\/\/www.renouvelle.be\/fr\/la-france-souvre-a-lautoconsommation-collective\/"},"wordCount":1120,"commentCount":0,"image":{"@id":"https:\/\/www.renouvelle.be\/fr\/la-france-souvre-a-lautoconsommation-collective\/#primaryimage"},"thumbnailUrl":"https:\/\/www.renouvelle.be\/wp-content\/uploads\/2021\/02\/image001.jpg","articleSection":["Actualit\u00e9 internationale"],"inLanguage":"fr-FR","potentialAction":[{"@type":"CommentAction","name":"Comment","target":["https:\/\/www.renouvelle.be\/fr\/la-france-souvre-a-lautoconsommation-collective\/#respond"]}]},{"@type":"WebPage","@id":"https:\/\/www.renouvelle.be\/fr\/la-france-souvre-a-lautoconsommation-collective\/","url":"https:\/\/www.renouvelle.be\/fr\/la-france-souvre-a-lautoconsommation-collective\/","name":"La France s\u2019ouvre \u00e0 l\u2019autoconsommation collective - Renouvelle","isPartOf":{"@id":"https:\/\/www.renouvelle.be\/fr\/#website"},"primaryImageOfPage":{"@id":"https:\/\/www.renouvelle.be\/fr\/la-france-souvre-a-lautoconsommation-collective\/#primaryimage"},"image":{"@id":"https:\/\/www.renouvelle.be\/fr\/la-france-souvre-a-lautoconsommation-collective\/#primaryimage"},"thumbnailUrl":"https:\/\/www.renouvelle.be\/wp-content\/uploads\/2021\/02\/image001.jpg","datePublished":"2017-10-10T14:15:36+00:00","dateModified":"2023-10-12T14:31:12+00:00","author":{"@id":"https:\/\/www.renouvelle.be\/fr\/#\/schema\/person\/01fbe8226a07f8f3d4a1cd059b31f17a"},"breadcrumb":{"@id":"https:\/\/www.renouvelle.be\/fr\/la-france-souvre-a-lautoconsommation-collective\/#breadcrumb"},"inLanguage":"fr-FR","potentialAction":[{"@type":"ReadAction","target":["https:\/\/www.renouvelle.be\/fr\/la-france-souvre-a-lautoconsommation-collective\/"]}]},{"@type":"ImageObject","inLanguage":"fr-FR","@id":"https:\/\/www.renouvelle.be\/fr\/la-france-souvre-a-lautoconsommation-collective\/#primaryimage","url":"https:\/\/www.renouvelle.be\/wp-content\/uploads\/2021\/02\/image001.jpg","contentUrl":"https:\/\/www.renouvelle.be\/wp-content\/uploads\/2021\/02\/image001.jpg","width":580,"height":217},{"@type":"BreadcrumbList","@id":"https:\/\/www.renouvelle.be\/fr\/la-france-souvre-a-lautoconsommation-collective\/#breadcrumb","itemListElement":[{"@type":"ListItem","position":1,"name":"Accueil","item":"https:\/\/www.renouvelle.be\/fr\/"},{"@type":"ListItem","position":2,"name":"La France s\u2019ouvre \u00e0 l\u2019autoconsommation collective"}]},{"@type":"WebSite","@id":"https:\/\/www.renouvelle.be\/fr\/#website","url":"https:\/\/www.renouvelle.be\/fr\/","name":"Renouvelle","description":"L&#039;actualit\u00e9 de l&#039;\u00e9nergie durable","potentialAction":[{"@type":"SearchAction","target":{"@type":"EntryPoint","urlTemplate":"https:\/\/www.renouvelle.be\/fr\/?s={search_term_string}"},"query-input":{"@type":"PropertyValueSpecification","valueRequired":true,"valueName":"search_term_string"}}],"inLanguage":"fr-FR"},{"@type":"Person","@id":"https:\/\/www.renouvelle.be\/fr\/#\/schema\/person\/01fbe8226a07f8f3d4a1cd059b31f17a","name":"Energie Commune","url":"https:\/\/www.renouvelle.be\/fr\/author\/apere\/"}]}},"_links":{"self":[{"href":"https:\/\/www.renouvelle.be\/fr\/wp-json\/wp\/v2\/posts\/3342","targetHints":{"allow":["GET"]}}],"collection":[{"href":"https:\/\/www.renouvelle.be\/fr\/wp-json\/wp\/v2\/posts"}],"about":[{"href":"https:\/\/www.renouvelle.be\/fr\/wp-json\/wp\/v2\/types\/post"}],"author":[{"embeddable":true,"href":"https:\/\/www.renouvelle.be\/fr\/wp-json\/wp\/v2\/users\/3"}],"replies":[{"embeddable":true,"href":"https:\/\/www.renouvelle.be\/fr\/wp-json\/wp\/v2\/comments?post=3342"}],"version-history":[{"count":6,"href":"https:\/\/www.renouvelle.be\/fr\/wp-json\/wp\/v2\/posts\/3342\/revisions"}],"predecessor-version":[{"id":10529,"href":"https:\/\/www.renouvelle.be\/fr\/wp-json\/wp\/v2\/posts\/3342\/revisions\/10529"}],"wp:featuredmedia":[{"embeddable":true,"href":"https:\/\/www.renouvelle.be\/fr\/wp-json\/wp\/v2\/media\/4525"}],"wp:attachment":[{"href":"https:\/\/www.renouvelle.be\/fr\/wp-json\/wp\/v2\/media?parent=3342"}],"wp:term":[{"taxonomy":"category","embeddable":true,"href":"https:\/\/www.renouvelle.be\/fr\/wp-json\/wp\/v2\/categories?post=3342"},{"taxonomy":"post_tag","embeddable":true,"href":"https:\/\/www.renouvelle.be\/fr\/wp-json\/wp\/v2\/tags?post=3342"},{"taxonomy":"section","embeddable":true,"href":"https:\/\/www.renouvelle.be\/fr\/wp-json\/wp\/v2\/section?post=3342"}],"curies":[{"name":"wp","href":"https:\/\/api.w.org\/{rel}","templated":true}]}}