{"id":2916,"date":"2016-11-29T09:41:28","date_gmt":"2016-11-29T09:41:28","guid":{"rendered":""},"modified":"2016-11-29T09:41:28","modified_gmt":"2016-11-29T09:41:28","slug":"2016-annee-charniere-pour-le-vehicule-electrique","status":"publish","type":"post","link":"https:\/\/www.renouvelle.be\/fr\/2016-annee-charniere-pour-le-vehicule-electrique\/","title":{"rendered":"2016, ann\u00e9e charni\u00e8re pour le v\u00e9hicule \u00e9lectrique"},"content":{"rendered":"<h2><strong>Le \u00ab&nbsp;scandale VW&nbsp;\u00bb se traduit par un boom des alternatives \u00e9lectriques<\/strong><\/h2>\n<p>R\u00e9v\u00e9l\u00e9 fin 2015, le \u00ab&nbsp;scandale VW \u00bb a surtout fait sentir ses r\u00e9percussions pratiques en 2016. La plupart des constructeurs automobiles ont trich\u00e9 et menti sur les niveaux d&rsquo;\u00e9mission de CO2 de leurs mod\u00e8les thermiques, bafouant ainsi&nbsp; les normes environnementales qui leur sont l\u00e9gitimement impos\u00e9es. La technologie des moteurs \u00e0 explosion se voit largement ternie par ce \u00ab\u00a0dieselgate\u00a0\u00bb, d&rsquo;autant plus que le secteur automobile maintient un discours de d\u00e9ni, comme en t\u00e9moigne ce reportage hilarant du <a href=\"http:\/\/www.tf1.fr\/tmc\/quotidien-avec-yann-barthes\/videos\/hugo-salon-de-l-auto-une-communication-a-double-sens.html\">Quotidien<\/a> au mondial de l\u2019automobile \u00e0 Paris.<\/p>\n<p>Pour retrouver une certaine cr\u00e9dibilit\u00e9, les constructeurs misent d\u00e9sormais sur les mod\u00e8les \u00e9lectriques ou hybrides. Fin 2016, toutes les grandes marques s&rsquo;y mettent. Volkswagen annonce 5 mod\u00e8les full \u00e9lectriques pour 2020. De son c\u00f4t\u00e9, Toyota se voit oblig\u00e9 de d\u00e9velopper des mod\u00e8les full \u00e9lectrique, pour ne pas rater ce nouveau march\u00e9, en attendant peut-\u00eatre un d\u00e9ploiement de l\u2019hydrog\u00e8ne sur lequel le japonais a principalement mis\u00e9 jusque-l\u00e0.<\/p>\n<p>Les alternatives sont s\u00e9rieuses. Une voiture \u00e9lectrique consomme 3 fois moins d\u2019\u00e9nergie que son \u00e9quivalent thermique pour effectuer le m\u00eame trajet \u00e0 la m\u00eame vitesse. Et cette \u00e9lectricit\u00e9 peut, d\u00e8s aujourd\u2019hui, \u00eatre issue des flux solaires et venteux, photovolta\u00efques et \u00e9oliens. Il est donc possible de rouler r\u00e9ellement propre et local.<\/p>\n<p>Par ailleurs, les impacts politiques du \u00ab&nbsp;dieselgate \u00bb ont stimul\u00e9 plusieurs villes ou Etats du monde \u00e0 prendre des r\u00e9solutions qui bannissent, \u00e0 court ou moyen terme, certains types de motorisations polluantes. Le parlement flamand a ainsi adopt\u00e9 le 24 novembre dernier une r\u00e9solution particuli\u00e8rement ambitieuse, qui entend bannir les moteurs diesel et \u00e0 essence&nbsp;: 50% des v\u00e9hicules vendus en Flandre en 2030 seront \u00e9lectriques puis 100% en 2050.<\/p>\n<h2><strong>300km d&rsquo;autonomie \u00e9lectrique<\/strong><\/h2>\n<p>En 2016, la populaire Renault Zo\u00e9, symbole de l\u2019\u00e9lectrique \u00ab&nbsp;petite et pas cher&nbsp;\u00bb, s\u2019est vu \u00e9quip\u00e9e d\u2019une batterie de plus de 40 kWh, avec le mod\u00e8le ZE 40. Ceci double l\u2019autonomie pr\u00e9c\u00e9dente de ce v\u00e9hicule pour la porter \u00e0 plus de 260 km en conditions r\u00e9elles hivernales. Dans certaines conditions, le conducteur peut facilement envisager de passer les 300 km avec une seule charge (400km selon les normes NEDC). Le frein psychologique de l\u2019autonomie est donc lev\u00e9, m\u00eame pour cette voiture \u00e9lectrique d\u2019entr\u00e9e de gamme. Vous pouvez m\u00eame estimer votre autonomie sur le <a href=\"http:\/\/zoe-simulateur.renault.marcel.typhon.net\/\">simulateur<\/a> du constructeur.<\/p>\n<p>Il faudra cependant d\u00e9bourser 23.000\u20ac \u00e0 l\u2019achat et y ajouter la location des batteries pour minimum 75\u20ac par mois.<\/p>\n<h2><strong>Elon Musk construit un nouveau mod\u00e8le \u00e9nerg\u00e9tique<\/strong><\/h2>\n<p>Elon Musk, entre autre CEO de Tesla Motors, est l\u2019objet de tous les regards et de toutes les attentions et est LA personne qui porte le changement en mati\u00e8re de v\u00e9hicule individuel en 2016.<\/p>\n<p>Ce qui le distingue d\u2019un autre patron d\u2019usine de voiture, c\u2019est le fait d\u2019avoir totalement int\u00e9gr\u00e9 le d\u00e9veloppement d\u2019une voiture et sa dimension \u00e9nerg\u00e9tique (renouvelable en l\u2019occurrence). Cela dans un tout coh\u00e9rent, une vision, parfois futuriste et \u00e0 l\u2019aube de sa d\u00e9mocratisation financi\u00e8re.<\/p>\n<p>Usant de la posture \u00ab&nbsp;Soyons le changement que nous voulons&nbsp;voir \u00bb et en partageant sa vision via Tweeter, Elon Musk se pose en gourou communicant, ce qui, apr\u00e8s Bill Gates et Steve Jobs, semble encore payer d\u2019un point de vue commercial.<\/p>\n<p>Pour r\u00e9sumer, nous pourrions dire qu\u2019il est le meilleur acteur de la transition en 2016, ou en tout cas celui qui \u2013 l\u2019avenir nous le dira \u2013 est en passe de r\u00e9volutionner un secteur jusqu\u2019il y a peu in\u00e9branlable. Il m\u00e8ne la transition de la th\u00e9orie \u00e0 la pratique, en cr\u00e9ant l\u2019ensemble des produits et des services n\u00e9cessaires \u00e0 installer durablement un nouveau march\u00e9 de la mobilit\u00e9 \u00e9lectrique connect\u00e9e \u00e0 l\u2019\u00e9nergie.<\/p>\n<p><img decoding=\"async\" alt=\"\" src=\"\/wp-content\/uploads\/2021\/02\/post\/modele-tesla.png\" style=\"width: 473px; height: 450px;\" \/><br \/>\nElon Musk construit un nouveau mod\u00e8le de services \u00e9nerg\u00e9tiques int\u00e9gr\u00e9s&nbsp;:<\/p>\n<ul>\n<li>Production&nbsp;: Vous avez besoin de panneaux photovolta\u00efques&nbsp;? Il vous en fabrique pour les int\u00e9grer sur la toiture de votre maison (voir cette <a href=\"https:\/\/www.youtube.com\/watch?v=-mUJnKI3ipI\">vid\u00e9o<\/a> de pr\u00e9sentation et lire notre article <a href=\"https:\/\/www.renouvelle.be\/fr\/actualite-internationale\/tesla-mise-sur-solarcity-pour-integrer-lenergie-solaire\">Tesla mise sur SolarCity pour int\u00e9grer l&rsquo;\u00e9nergie solaire<\/a>).<\/li>\n<li>Financement : Vous avez besoin d\u2019argent pour acheter ce syst\u00e8me de production d\u2019\u00e9nergie&nbsp;? Il vous propose un contrat de <a href=\"http:\/\/www.solarcity.com\/\">leasing<\/a> de 20 ans.<\/li>\n<\/ul>\n<ul>\n<li>Stockage : Vous avez besoin de stocker l\u2019\u00e9nergie solaire pour la soir\u00e9e et la nuit&nbsp;? Il vous propose une <a href=\"https:\/\/www.youtube.com\/watch?v=yKORsrlN-2k\">batterie<\/a> domestique.<\/li>\n<li>Mobilit\u00e9&nbsp;: Vous avez besoin d\u2019une voiture&nbsp;? Il vous en construit une&nbsp;propre, pour moins cher qu\u2019Audi (voir la <a href=\"https:\/\/www.tesla.com\/model3\">Tesla model 3<\/a>).<\/li>\n<li>Recharge : Vous avez besoin de recharger votre v\u00e9hicule&nbsp;\u00e9lectrique ? Il vous construit \u00e0 cet effet un <a href=\"https:\/\/www.tesla.com\/supercharger?redirect=no\">r\u00e9seau<\/a> mondial.<\/li>\n<\/ul>\n<p>Ce mod\u00e8le reste cependant confront\u00e9 \u00e0 deux \u00e9normes probl\u00e8mes inh\u00e9rents au transport&nbsp;individuel:<\/p>\n<ul>\n<li>Trop de voitures, trop de kilom\u00e8tres. La construction et la mise en circulation de v\u00e9hicules &#8211; m\u00eame \u00e9lectriques &#8211; est boulimique en \u00e9nergie.<\/li>\n<li>Au bout de la fili\u00e8re \u00e9lectrique, quid de la disponibilit\u00e9 du lithium contenu dans les batteries et de ses m\u00e9thodes d\u2019extraction&nbsp;? Courrons-nous vers une nouvelle d\u00e9pendance mat\u00e9rielle : apr\u00e8s le p\u00e9trole, le lithium&nbsp;?<\/li>\n<\/ul>\n<p>Si la voiture n\u2019est qu\u2019un pr\u00e9texte, pour ElonMusk, \u00e0 nous vendre sa vision d&rsquo;un service \u00e9nerg\u00e9tique global, il y a s\u00e9rieusement lieu de s\u2019inqui\u00e9ter au regard de ces limites.<\/p>\n<p>Un \u00e9l\u00e9ment, cependant, nous fait penser que la voiture ne sera bient\u00f4t plus uniquement un pr\u00e9texte mat\u00e9riel. Cet \u00e9l\u00e9ment est la perspective des v\u00e9hicules autonomes.<\/p>\n<h2><strong>Des voitures autonomes, sans chauffeur et sans voleurs !<\/strong><\/h2>\n<p><img decoding=\"async\" alt=\"\" src=\"\/wp-content\/uploads\/2021\/02\/post\/voiture-autonome.jpg\" style=\"width: 580px; height: 368px;\" \/><\/p>\n<p>En 2016, la voiture \u00e9lectrique autonome a fait son entr\u00e9e avec fracas m\u00e9diatique. Une voiture qui se conduit toute seule, sans chauffeur ! Certes, ce n\u2019est pas encore pour demain, mais les premiers essais sont <a href=\"https:\/\/www.tesla.com\/videos\/autopilot-self-driving-hardware-neighborhood-short\/?utm_campaign=GL_AP_111816&amp;utm_source=Twitter&amp;utm_medium=social\">prometteurs<\/a> et la voiture autonome porte en elle les germes d\u2019un profond bouleversement de la mobilit\u00e9 individuelle.<\/p>\n<p>Dans la perspective de l\u2019autonomie du v\u00e9hicule, l\u2019id\u00e9e m\u00eame de sa propri\u00e9t\u00e9 perd tout son sens puisque la disponibilit\u00e9 des voitures autonomes est assur\u00e9e \u00e0 tout moment et en tout endroit. Nul besoin de poss\u00e9der une cl\u00e9, une place de parking ou un garage \u00ab&nbsp;\u00e0 soi&nbsp;\u00bb, mais besoin d\u2019un abonnement \u00e0 un service.<\/p>\n<p>Partag\u00e9e entre les utilisateurs, la voiture \u00e9lectrique autonome pourrait augurer une diminution drastique du nombre de v\u00e9hicules individuels &#8211; sous-utilis\u00e9s &#8211; pour laisser place \u00e0 un service venant cueillir ses utilisateurs \u00e0 domicile, pour un voyage partag\u00e9 \u00e0 2, 4, 6 ou 8 passagers.<\/p>\n<p>Une telle \u00e9volution semble toute trac\u00e9e, car la voiture autonome l\u00e8ve de nombreux obstacles&nbsp;:<\/p>\n<ul>\n<li>Plus de probl\u00e8me de parking&nbsp;: la voiture autonome se gare moins souvent et, lorsqu\u2019elle se gare, elle se gare seule.<\/li>\n<li>Plus besoin de station fixe&nbsp;: la voiture autonome peut venir vous chercher \u00e0 domicile. Elle ouvre la voie \u00e0 une formule d\u2019auto-partage accessible \u00e0 tous.<\/li>\n<li>Plus besoin de se pr\u00e9occuper de la recharge : la voiture autonome pourra se raccorder, seule, \u00e0 la borne, pour un rechargement ou pour une mise \u00e0 disposition d\u2019\u00e9nergie.<\/li>\n<li>Moins d\u2019embouteillages&nbsp;: ce service induit le co-voiturage \u00e0 grande \u00e9chelle comme optimum \u00e9conomique.<\/li>\n<li>Plus de vols&nbsp;: s\u2019il n\u2019y a plus d\u2019acheteurs, il n\u2019y a plus de voleurs non plus.<\/li>\n<\/ul>\n<p>Ce mode de d\u00e9placement, flexible sur courtes et moyennes distances, offre une perspective de valorisation compl\u00e9mentaire et optimale des transports collectifs. Les trains et les bus, propres et bien remplis, relieront les p\u00f4les urbains et d\u2019activit\u00e9s par les grands axes. Et les voitures \u00e9lectriques autonomes assureront les autres d\u00e9placements.<\/p>\n<p>On vous l&rsquo;avait dit : 2016 a ouvert de v\u00e9ritables perspectives pour la voiture \u00e9lectrique !<\/p>\n","protected":false},"excerpt":{"rendered":"<p>Le \u00ab&nbsp;scandale VW&nbsp;\u00bb se traduit par un boom des alternatives \u00e9lectriques R\u00e9v\u00e9l\u00e9 fin 2015, le \u00ab&nbsp;scandale VW \u00bb a surtout fait sentir ses r\u00e9percussions pratiques en 2016. La plupart des constructeurs automobiles ont trich\u00e9 et menti sur les niveaux d&rsquo;\u00e9mission de CO2 de leurs mod\u00e8les thermiques, bafouant ainsi&nbsp; les normes environnementales qui leur sont l\u00e9gitimement impos\u00e9es. La technologie des moteurs \u00e0 explosion se voit largement ternie par ce \u00ab\u00a0dieselgate\u00a0\u00bb, d&rsquo;autant plus que le secteur automobile maintient un discours de d\u00e9ni, comme en t\u00e9moigne ce reportage hilarant du Quotidien au mondial de l\u2019automobile \u00e0 Paris. Pour retrouver une certaine cr\u00e9dibilit\u00e9, les constructeurs misent d\u00e9sormais sur les mod\u00e8les \u00e9lectriques ou hybrides. Fin 2016, toutes les grandes marques s&rsquo;y mettent. Volkswagen annonce 5 mod\u00e8les full \u00e9lectriques pour 2020. De son c\u00f4t\u00e9, Toyota se voit oblig\u00e9 de d\u00e9velopper des mod\u00e8les full \u00e9lectrique, pour ne pas rater ce nouveau march\u00e9, en attendant peut-\u00eatre un d\u00e9ploiement de l\u2019hydrog\u00e8ne sur lequel le japonais a principalement mis\u00e9 jusque-l\u00e0. Les alternatives sont s\u00e9rieuses. Une voiture \u00e9lectrique consomme 3 fois moins d\u2019\u00e9nergie que son \u00e9quivalent thermique pour effectuer le m\u00eame trajet \u00e0 la m\u00eame vitesse. Et cette \u00e9lectricit\u00e9 peut, d\u00e8s aujourd\u2019hui, \u00eatre issue des flux solaires et venteux, photovolta\u00efques et \u00e9oliens. Il est donc possible de rouler r\u00e9ellement propre et local. Par ailleurs, les impacts politiques du \u00ab&nbsp;dieselgate \u00bb ont stimul\u00e9 plusieurs villes ou Etats du monde \u00e0 prendre des r\u00e9solutions qui bannissent, \u00e0 court ou moyen terme, certains types de motorisations polluantes. Le parlement flamand a ainsi adopt\u00e9 le 24 novembre dernier une r\u00e9solution particuli\u00e8rement ambitieuse, qui entend bannir les moteurs diesel et \u00e0 essence&nbsp;: 50% des v\u00e9hicules vendus en Flandre en 2030 seront \u00e9lectriques puis 100% en 2050. 300km d&rsquo;autonomie \u00e9lectrique En 2016, la populaire Renault Zo\u00e9, symbole &hellip; <a href=\"https:\/\/www.renouvelle.be\/fr\/2016-annee-charniere-pour-le-vehicule-electrique\/\" class=\"more-link\">Continue reading<span class=\"screen-reader-text\"> \u00ab\u00a02016, ann\u00e9e charni\u00e8re pour le v\u00e9hicule \u00e9lectrique\u00a0\u00bb<\/span><\/a><\/p>\n","protected":false},"author":17,"featured_media":4443,"comment_status":"open","ping_status":"open","sticky":false,"template":"","format":"standard","meta":{"_acf_changed":false,"footnotes":""},"categories":[18],"tags":[],"section":[12],"class_list":["post-2916","post","type-post","status-publish","format-standard","has-post-thumbnail","hentry","category-actualite-internationale","section-mobilite"],"acf":[],"yoast_head":"<!-- This site is optimized with the Yoast SEO plugin v27.5 - https:\/\/yoast.com\/product\/yoast-seo-wordpress\/ -->\n<title>2016, ann\u00e9e charni\u00e8re pour le v\u00e9hicule \u00e9lectrique - Renouvelle<\/title>\n<meta name=\"robots\" content=\"index, follow, max-snippet:-1, max-image-preview:large, max-video-preview:-1\" \/>\n<link rel=\"canonical\" href=\"https:\/\/www.renouvelle.be\/fr\/2016-annee-charniere-pour-le-vehicule-electrique\/\" \/>\n<meta property=\"og:locale\" content=\"fr_FR\" \/>\n<meta property=\"og:type\" content=\"article\" \/>\n<meta property=\"og:title\" content=\"2016, ann\u00e9e charni\u00e8re pour le v\u00e9hicule \u00e9lectrique - Renouvelle\" \/>\n<meta property=\"og:description\" content=\"Le \u00ab&nbsp;scandale VW&nbsp;\u00bb se traduit par un boom des alternatives \u00e9lectriques R\u00e9v\u00e9l\u00e9 fin 2015, le \u00ab&nbsp;scandale VW \u00bb a surtout fait sentir ses r\u00e9percussions pratiques en 2016. La plupart des constructeurs automobiles ont trich\u00e9 et menti sur les niveaux d&rsquo;\u00e9mission de CO2 de leurs mod\u00e8les thermiques, bafouant ainsi&nbsp; les normes environnementales qui leur sont l\u00e9gitimement impos\u00e9es. La technologie des moteurs \u00e0 explosion se voit largement ternie par ce \u00ab\u00a0dieselgate\u00a0\u00bb, d&rsquo;autant plus que le secteur automobile maintient un discours de d\u00e9ni, comme en t\u00e9moigne ce reportage hilarant du Quotidien au mondial de l\u2019automobile \u00e0 Paris. Pour retrouver une certaine cr\u00e9dibilit\u00e9, les constructeurs misent d\u00e9sormais sur les mod\u00e8les \u00e9lectriques ou hybrides. Fin 2016, toutes les grandes marques s&rsquo;y mettent. Volkswagen annonce 5 mod\u00e8les full \u00e9lectriques pour 2020. De son c\u00f4t\u00e9, Toyota se voit oblig\u00e9 de d\u00e9velopper des mod\u00e8les full \u00e9lectrique, pour ne pas rater ce nouveau march\u00e9, en attendant peut-\u00eatre un d\u00e9ploiement de l\u2019hydrog\u00e8ne sur lequel le japonais a principalement mis\u00e9 jusque-l\u00e0. Les alternatives sont s\u00e9rieuses. Une voiture \u00e9lectrique consomme 3 fois moins d\u2019\u00e9nergie que son \u00e9quivalent thermique pour effectuer le m\u00eame trajet \u00e0 la m\u00eame vitesse. Et cette \u00e9lectricit\u00e9 peut, d\u00e8s aujourd\u2019hui, \u00eatre issue des flux solaires et venteux, photovolta\u00efques et \u00e9oliens. Il est donc possible de rouler r\u00e9ellement propre et local. Par ailleurs, les impacts politiques du \u00ab&nbsp;dieselgate \u00bb ont stimul\u00e9 plusieurs villes ou Etats du monde \u00e0 prendre des r\u00e9solutions qui bannissent, \u00e0 court ou moyen terme, certains types de motorisations polluantes. Le parlement flamand a ainsi adopt\u00e9 le 24 novembre dernier une r\u00e9solution particuli\u00e8rement ambitieuse, qui entend bannir les moteurs diesel et \u00e0 essence&nbsp;: 50% des v\u00e9hicules vendus en Flandre en 2030 seront \u00e9lectriques puis 100% en 2050. 300km d&rsquo;autonomie \u00e9lectrique En 2016, la populaire Renault Zo\u00e9, symbole &hellip; Continue reading &quot;2016, ann\u00e9e charni\u00e8re pour le v\u00e9hicule \u00e9lectrique&quot;\" \/>\n<meta property=\"og:url\" content=\"https:\/\/www.renouvelle.be\/fr\/2016-annee-charniere-pour-le-vehicule-electrique\/\" \/>\n<meta property=\"og:site_name\" content=\"Renouvelle\" \/>\n<meta property=\"article:published_time\" content=\"2016-11-29T09:41:28+00:00\" \/>\n<meta property=\"og:image\" content=\"https:\/\/www.renouvelle.be\/wp-content\/uploads\/2021\/02\/cooperative.png\" \/>\n\t<meta property=\"og:image:width\" content=\"605\" \/>\n\t<meta property=\"og:image:height\" content=\"168\" \/>\n\t<meta property=\"og:image:type\" content=\"image\/png\" \/>\n<meta name=\"author\" content=\"Benjamin WILKIN\" \/>\n<meta name=\"twitter:card\" content=\"summary_large_image\" \/>\n<script type=\"application\/ld+json\" class=\"yoast-schema-graph\">{\"@context\":\"https:\\\/\\\/schema.org\",\"@graph\":[{\"@type\":\"Article\",\"@id\":\"https:\\\/\\\/www.renouvelle.be\\\/fr\\\/2016-annee-charniere-pour-le-vehicule-electrique\\\/#article\",\"isPartOf\":{\"@id\":\"https:\\\/\\\/www.renouvelle.be\\\/fr\\\/2016-annee-charniere-pour-le-vehicule-electrique\\\/\"},\"author\":{\"name\":\"Benjamin WILKIN\",\"@id\":\"https:\\\/\\\/www.renouvelle.be\\\/fr\\\/#\\\/schema\\\/person\\\/20d41a25c5a48ee6500cc1a14288f058\"},\"headline\":\"2016, ann\u00e9e charni\u00e8re pour le v\u00e9hicule \u00e9lectrique\",\"datePublished\":\"2016-11-29T09:41:28+00:00\",\"mainEntityOfPage\":{\"@id\":\"https:\\\/\\\/www.renouvelle.be\\\/fr\\\/2016-annee-charniere-pour-le-vehicule-electrique\\\/\"},\"wordCount\":1326,\"commentCount\":0,\"image\":{\"@id\":\"https:\\\/\\\/www.renouvelle.be\\\/fr\\\/2016-annee-charniere-pour-le-vehicule-electrique\\\/#primaryimage\"},\"thumbnailUrl\":\"https:\\\/\\\/www.renouvelle.be\\\/wp-content\\\/uploads\\\/2021\\\/02\\\/cooperative.png\",\"articleSection\":[\"Actualit\u00e9 internationale\"],\"inLanguage\":\"fr-FR\",\"potentialAction\":[{\"@type\":\"CommentAction\",\"name\":\"Comment\",\"target\":[\"https:\\\/\\\/www.renouvelle.be\\\/fr\\\/2016-annee-charniere-pour-le-vehicule-electrique\\\/#respond\"]}]},{\"@type\":\"WebPage\",\"@id\":\"https:\\\/\\\/www.renouvelle.be\\\/fr\\\/2016-annee-charniere-pour-le-vehicule-electrique\\\/\",\"url\":\"https:\\\/\\\/www.renouvelle.be\\\/fr\\\/2016-annee-charniere-pour-le-vehicule-electrique\\\/\",\"name\":\"2016, ann\u00e9e charni\u00e8re pour le v\u00e9hicule \u00e9lectrique - Renouvelle\",\"isPartOf\":{\"@id\":\"https:\\\/\\\/www.renouvelle.be\\\/fr\\\/#website\"},\"primaryImageOfPage\":{\"@id\":\"https:\\\/\\\/www.renouvelle.be\\\/fr\\\/2016-annee-charniere-pour-le-vehicule-electrique\\\/#primaryimage\"},\"image\":{\"@id\":\"https:\\\/\\\/www.renouvelle.be\\\/fr\\\/2016-annee-charniere-pour-le-vehicule-electrique\\\/#primaryimage\"},\"thumbnailUrl\":\"https:\\\/\\\/www.renouvelle.be\\\/wp-content\\\/uploads\\\/2021\\\/02\\\/cooperative.png\",\"datePublished\":\"2016-11-29T09:41:28+00:00\",\"author\":{\"@id\":\"https:\\\/\\\/www.renouvelle.be\\\/fr\\\/#\\\/schema\\\/person\\\/20d41a25c5a48ee6500cc1a14288f058\"},\"breadcrumb\":{\"@id\":\"https:\\\/\\\/www.renouvelle.be\\\/fr\\\/2016-annee-charniere-pour-le-vehicule-electrique\\\/#breadcrumb\"},\"inLanguage\":\"fr-FR\",\"potentialAction\":[{\"@type\":\"ReadAction\",\"target\":[\"https:\\\/\\\/www.renouvelle.be\\\/fr\\\/2016-annee-charniere-pour-le-vehicule-electrique\\\/\"]}]},{\"@type\":\"ImageObject\",\"inLanguage\":\"fr-FR\",\"@id\":\"https:\\\/\\\/www.renouvelle.be\\\/fr\\\/2016-annee-charniere-pour-le-vehicule-electrique\\\/#primaryimage\",\"url\":\"https:\\\/\\\/www.renouvelle.be\\\/wp-content\\\/uploads\\\/2021\\\/02\\\/cooperative.png\",\"contentUrl\":\"https:\\\/\\\/www.renouvelle.be\\\/wp-content\\\/uploads\\\/2021\\\/02\\\/cooperative.png\",\"width\":605,\"height\":168},{\"@type\":\"BreadcrumbList\",\"@id\":\"https:\\\/\\\/www.renouvelle.be\\\/fr\\\/2016-annee-charniere-pour-le-vehicule-electrique\\\/#breadcrumb\",\"itemListElement\":[{\"@type\":\"ListItem\",\"position\":1,\"name\":\"Accueil\",\"item\":\"https:\\\/\\\/www.renouvelle.be\\\/fr\\\/\"},{\"@type\":\"ListItem\",\"position\":2,\"name\":\"2016, ann\u00e9e charni\u00e8re pour le v\u00e9hicule \u00e9lectrique\"}]},{\"@type\":\"WebSite\",\"@id\":\"https:\\\/\\\/www.renouvelle.be\\\/fr\\\/#website\",\"url\":\"https:\\\/\\\/www.renouvelle.be\\\/fr\\\/\",\"name\":\"Renouvelle\",\"description\":\"L&#039;actualit\u00e9 de l&#039;\u00e9nergie durable\",\"potentialAction\":[{\"@type\":\"SearchAction\",\"target\":{\"@type\":\"EntryPoint\",\"urlTemplate\":\"https:\\\/\\\/www.renouvelle.be\\\/fr\\\/?s={search_term_string}\"},\"query-input\":{\"@type\":\"PropertyValueSpecification\",\"valueRequired\":true,\"valueName\":\"search_term_string\"}}],\"inLanguage\":\"fr-FR\"},{\"@type\":\"Person\",\"@id\":\"https:\\\/\\\/www.renouvelle.be\\\/fr\\\/#\\\/schema\\\/person\\\/20d41a25c5a48ee6500cc1a14288f058\",\"name\":\"Benjamin WILKIN\",\"url\":\"https:\\\/\\\/www.renouvelle.be\\\/fr\\\/author\\\/benjaminwilkin\\\/\"}]}<\/script>\n<!-- \/ Yoast SEO plugin. -->","yoast_head_json":{"title":"2016, ann\u00e9e charni\u00e8re pour le v\u00e9hicule \u00e9lectrique - Renouvelle","robots":{"index":"index","follow":"follow","max-snippet":"max-snippet:-1","max-image-preview":"max-image-preview:large","max-video-preview":"max-video-preview:-1"},"canonical":"https:\/\/www.renouvelle.be\/fr\/2016-annee-charniere-pour-le-vehicule-electrique\/","og_locale":"fr_FR","og_type":"article","og_title":"2016, ann\u00e9e charni\u00e8re pour le v\u00e9hicule \u00e9lectrique - Renouvelle","og_description":"Le \u00ab&nbsp;scandale VW&nbsp;\u00bb se traduit par un boom des alternatives \u00e9lectriques R\u00e9v\u00e9l\u00e9 fin 2015, le \u00ab&nbsp;scandale VW \u00bb a surtout fait sentir ses r\u00e9percussions pratiques en 2016. La plupart des constructeurs automobiles ont trich\u00e9 et menti sur les niveaux d&rsquo;\u00e9mission de CO2 de leurs mod\u00e8les thermiques, bafouant ainsi&nbsp; les normes environnementales qui leur sont l\u00e9gitimement impos\u00e9es. La technologie des moteurs \u00e0 explosion se voit largement ternie par ce \u00ab\u00a0dieselgate\u00a0\u00bb, d&rsquo;autant plus que le secteur automobile maintient un discours de d\u00e9ni, comme en t\u00e9moigne ce reportage hilarant du Quotidien au mondial de l\u2019automobile \u00e0 Paris. Pour retrouver une certaine cr\u00e9dibilit\u00e9, les constructeurs misent d\u00e9sormais sur les mod\u00e8les \u00e9lectriques ou hybrides. Fin 2016, toutes les grandes marques s&rsquo;y mettent. Volkswagen annonce 5 mod\u00e8les full \u00e9lectriques pour 2020. De son c\u00f4t\u00e9, Toyota se voit oblig\u00e9 de d\u00e9velopper des mod\u00e8les full \u00e9lectrique, pour ne pas rater ce nouveau march\u00e9, en attendant peut-\u00eatre un d\u00e9ploiement de l\u2019hydrog\u00e8ne sur lequel le japonais a principalement mis\u00e9 jusque-l\u00e0. Les alternatives sont s\u00e9rieuses. Une voiture \u00e9lectrique consomme 3 fois moins d\u2019\u00e9nergie que son \u00e9quivalent thermique pour effectuer le m\u00eame trajet \u00e0 la m\u00eame vitesse. Et cette \u00e9lectricit\u00e9 peut, d\u00e8s aujourd\u2019hui, \u00eatre issue des flux solaires et venteux, photovolta\u00efques et \u00e9oliens. Il est donc possible de rouler r\u00e9ellement propre et local. Par ailleurs, les impacts politiques du \u00ab&nbsp;dieselgate \u00bb ont stimul\u00e9 plusieurs villes ou Etats du monde \u00e0 prendre des r\u00e9solutions qui bannissent, \u00e0 court ou moyen terme, certains types de motorisations polluantes. Le parlement flamand a ainsi adopt\u00e9 le 24 novembre dernier une r\u00e9solution particuli\u00e8rement ambitieuse, qui entend bannir les moteurs diesel et \u00e0 essence&nbsp;: 50% des v\u00e9hicules vendus en Flandre en 2030 seront \u00e9lectriques puis 100% en 2050. 300km d&rsquo;autonomie \u00e9lectrique En 2016, la populaire Renault Zo\u00e9, symbole &hellip; Continue reading \"2016, ann\u00e9e charni\u00e8re pour le v\u00e9hicule \u00e9lectrique\"","og_url":"https:\/\/www.renouvelle.be\/fr\/2016-annee-charniere-pour-le-vehicule-electrique\/","og_site_name":"Renouvelle","article_published_time":"2016-11-29T09:41:28+00:00","og_image":[{"width":605,"height":168,"url":"https:\/\/www.renouvelle.be\/wp-content\/uploads\/2021\/02\/cooperative.png","type":"image\/png"}],"author":"Benjamin WILKIN","twitter_card":"summary_large_image","schema":{"@context":"https:\/\/schema.org","@graph":[{"@type":"Article","@id":"https:\/\/www.renouvelle.be\/fr\/2016-annee-charniere-pour-le-vehicule-electrique\/#article","isPartOf":{"@id":"https:\/\/www.renouvelle.be\/fr\/2016-annee-charniere-pour-le-vehicule-electrique\/"},"author":{"name":"Benjamin WILKIN","@id":"https:\/\/www.renouvelle.be\/fr\/#\/schema\/person\/20d41a25c5a48ee6500cc1a14288f058"},"headline":"2016, ann\u00e9e charni\u00e8re pour le v\u00e9hicule \u00e9lectrique","datePublished":"2016-11-29T09:41:28+00:00","mainEntityOfPage":{"@id":"https:\/\/www.renouvelle.be\/fr\/2016-annee-charniere-pour-le-vehicule-electrique\/"},"wordCount":1326,"commentCount":0,"image":{"@id":"https:\/\/www.renouvelle.be\/fr\/2016-annee-charniere-pour-le-vehicule-electrique\/#primaryimage"},"thumbnailUrl":"https:\/\/www.renouvelle.be\/wp-content\/uploads\/2021\/02\/cooperative.png","articleSection":["Actualit\u00e9 internationale"],"inLanguage":"fr-FR","potentialAction":[{"@type":"CommentAction","name":"Comment","target":["https:\/\/www.renouvelle.be\/fr\/2016-annee-charniere-pour-le-vehicule-electrique\/#respond"]}]},{"@type":"WebPage","@id":"https:\/\/www.renouvelle.be\/fr\/2016-annee-charniere-pour-le-vehicule-electrique\/","url":"https:\/\/www.renouvelle.be\/fr\/2016-annee-charniere-pour-le-vehicule-electrique\/","name":"2016, ann\u00e9e charni\u00e8re pour le v\u00e9hicule \u00e9lectrique - Renouvelle","isPartOf":{"@id":"https:\/\/www.renouvelle.be\/fr\/#website"},"primaryImageOfPage":{"@id":"https:\/\/www.renouvelle.be\/fr\/2016-annee-charniere-pour-le-vehicule-electrique\/#primaryimage"},"image":{"@id":"https:\/\/www.renouvelle.be\/fr\/2016-annee-charniere-pour-le-vehicule-electrique\/#primaryimage"},"thumbnailUrl":"https:\/\/www.renouvelle.be\/wp-content\/uploads\/2021\/02\/cooperative.png","datePublished":"2016-11-29T09:41:28+00:00","author":{"@id":"https:\/\/www.renouvelle.be\/fr\/#\/schema\/person\/20d41a25c5a48ee6500cc1a14288f058"},"breadcrumb":{"@id":"https:\/\/www.renouvelle.be\/fr\/2016-annee-charniere-pour-le-vehicule-electrique\/#breadcrumb"},"inLanguage":"fr-FR","potentialAction":[{"@type":"ReadAction","target":["https:\/\/www.renouvelle.be\/fr\/2016-annee-charniere-pour-le-vehicule-electrique\/"]}]},{"@type":"ImageObject","inLanguage":"fr-FR","@id":"https:\/\/www.renouvelle.be\/fr\/2016-annee-charniere-pour-le-vehicule-electrique\/#primaryimage","url":"https:\/\/www.renouvelle.be\/wp-content\/uploads\/2021\/02\/cooperative.png","contentUrl":"https:\/\/www.renouvelle.be\/wp-content\/uploads\/2021\/02\/cooperative.png","width":605,"height":168},{"@type":"BreadcrumbList","@id":"https:\/\/www.renouvelle.be\/fr\/2016-annee-charniere-pour-le-vehicule-electrique\/#breadcrumb","itemListElement":[{"@type":"ListItem","position":1,"name":"Accueil","item":"https:\/\/www.renouvelle.be\/fr\/"},{"@type":"ListItem","position":2,"name":"2016, ann\u00e9e charni\u00e8re pour le v\u00e9hicule \u00e9lectrique"}]},{"@type":"WebSite","@id":"https:\/\/www.renouvelle.be\/fr\/#website","url":"https:\/\/www.renouvelle.be\/fr\/","name":"Renouvelle","description":"L&#039;actualit\u00e9 de l&#039;\u00e9nergie durable","potentialAction":[{"@type":"SearchAction","target":{"@type":"EntryPoint","urlTemplate":"https:\/\/www.renouvelle.be\/fr\/?s={search_term_string}"},"query-input":{"@type":"PropertyValueSpecification","valueRequired":true,"valueName":"search_term_string"}}],"inLanguage":"fr-FR"},{"@type":"Person","@id":"https:\/\/www.renouvelle.be\/fr\/#\/schema\/person\/20d41a25c5a48ee6500cc1a14288f058","name":"Benjamin WILKIN","url":"https:\/\/www.renouvelle.be\/fr\/author\/benjaminwilkin\/"}]}},"_links":{"self":[{"href":"https:\/\/www.renouvelle.be\/fr\/wp-json\/wp\/v2\/posts\/2916","targetHints":{"allow":["GET"]}}],"collection":[{"href":"https:\/\/www.renouvelle.be\/fr\/wp-json\/wp\/v2\/posts"}],"about":[{"href":"https:\/\/www.renouvelle.be\/fr\/wp-json\/wp\/v2\/types\/post"}],"author":[{"embeddable":true,"href":"https:\/\/www.renouvelle.be\/fr\/wp-json\/wp\/v2\/users\/17"}],"replies":[{"embeddable":true,"href":"https:\/\/www.renouvelle.be\/fr\/wp-json\/wp\/v2\/comments?post=2916"}],"version-history":[{"count":0,"href":"https:\/\/www.renouvelle.be\/fr\/wp-json\/wp\/v2\/posts\/2916\/revisions"}],"wp:featuredmedia":[{"embeddable":true,"href":"https:\/\/www.renouvelle.be\/fr\/wp-json\/wp\/v2\/media\/4443"}],"wp:attachment":[{"href":"https:\/\/www.renouvelle.be\/fr\/wp-json\/wp\/v2\/media?parent=2916"}],"wp:term":[{"taxonomy":"category","embeddable":true,"href":"https:\/\/www.renouvelle.be\/fr\/wp-json\/wp\/v2\/categories?post=2916"},{"taxonomy":"post_tag","embeddable":true,"href":"https:\/\/www.renouvelle.be\/fr\/wp-json\/wp\/v2\/tags?post=2916"},{"taxonomy":"section","embeddable":true,"href":"https:\/\/www.renouvelle.be\/fr\/wp-json\/wp\/v2\/section?post=2916"}],"curies":[{"name":"wp","href":"https:\/\/api.w.org\/{rel}","templated":true}]}}