{"id":2571,"date":"2016-09-05T10:09:57","date_gmt":"2016-09-05T10:09:57","guid":{"rendered":""},"modified":"2023-06-12T09:31:31","modified_gmt":"2023-06-12T07:31:31","slug":"les-mini-eoliennes-tulipes-ne-produiront-quasi-rien","status":"publish","type":"post","link":"https:\/\/www.renouvelle.be\/fr\/les-mini-eoliennes-tulipes-ne-produiront-quasi-rien\/","title":{"rendered":"Les mini-\u00e9oliennes \u00ab Tulipes \u00bb ne produiront quasi rien"},"content":{"rendered":"<p>La commune de Donceel, en r\u00e9gion li\u00e9geoise, annonce l&rsquo;installation de 100 mini-\u00e9oliennes \u00ab\u00a0Tulipes\u00a0\u00bb sur plusieurs sites, en partenariat avec le fabricant am\u00e9ricain Flower Turbines, qui souhaite en faire une plate-forme de d\u00e9monstration en Europe.<\/p>\n<p>L\u2019APERe, association belge de r\u00e9f\u00e9rence dans le domaine des \u00e9nergies renouvelables, a aussit\u00f4t r\u00e9agi par <a href=\"http:\/\/1soue.r.ca.d.sendibm2.com\/8q5wt8irdnf.html\" target=\"_blank\" rel=\"noopener\">communiqu\u00e9<\/a>. \u00ab\u00a0Malgr\u00e9 l\u2019image novatrice de ce projet, l&rsquo;APERe attire l\u2019attention des autorit\u00e9s communales sur les nombreux risques et les retours d\u2019exp\u00e9rience souvent n\u00e9gatifs qui ont \u00e9t\u00e9 v\u00e9cus en mati\u00e8re de micro-\u00e9oliennes et auxquels Flower Turbines ne semblent malheureusement pas \u00e9chapper.\u00a0\u00bb<\/p>\n<p>En effet, les \u00e9oliennes de faible puissance (inf\u00e9rieure \u00e0 50 kW) lanc\u00e9es sur le march\u00e9 sont tr\u00e8s rarement conformes \u00e0 la norme internationale en mati\u00e8re de micro-g\u00e9n\u00e9ratrices \u2013 \u00e0 savoir la norme IEC 61400-2.<\/p>\n<h2>Des turbines non conformes<\/h2>\n<p>Cette norme, europ\u00e9enne mais reconnue mondialement, garantit \u00e0 la fois la solidit\u00e9 des mat\u00e9riaux, la fiabilit\u00e9 des composants \u00e9lectroniques, le respect des normes de bruit et, surtout, la certification du productible annuel, c\u2019est-\u00e0-dire la garantie que le nombre de kWh annonc\u00e9 sera bien produit annuellement pour chaque type de gisement venteux.<\/p>\n<p>On s\u2019en doute, le processus de certification \u00e0 la norme IEC exige de nombreux contr\u00f4les et analyses, ainsi que des tests approfondis sur site-pilote en conditions extr\u00eames. Ce processus entra\u00eene pour le fabricant un co\u00fbt important et impacte de mani\u00e8re significative le prix de vente de l\u2019\u00e9olienne.<\/p>\n<p>Mais seule une machine certifi\u00e9e conforme \u00e0 la norme internationale permet d\u2019avoir une garantie en mati\u00e8re de production \u00e9lectrique.<\/p>\n<h2>Aucune garantie sur le productible<\/h2>\n<p>Or, c\u2019est pr\u00e9cis\u00e9ment l\u00e0 que le b\u00e2t blesse : la grande majorit\u00e9 des micro-\u00e9oliennes ne sont pas conformes \u00e0 la norme, et rares sont les fabricants qui annoncent les performances r\u00e9elles de leurs prototypes.<\/p>\n<p>\u00ab\u00a0R\u00e9sultat : les exemples foisonnent de micro-\u00e9oliennes qui ne produisent quasi-rien ou qui n\u2019ont jamais donn\u00e9 un seul coup de pale !\u00a0\u00bb, explique l&rsquo;APERe, qui a \u00e9galement r\u00e9dig\u00e9 un <a href=\"http:\/\/energie.wallonie.be\/fr\/vade-mecum-pour-l-implantation-d-eoliennes-de-faible-puissance-en-wallonie.html?IDC=6170&amp;IDD=77455\" target=\"_blank\" rel=\"noopener\">Vade-mecum pour l&rsquo;implantation d&rsquo;\u00e9oliennes de faible puissance en Wallonie<\/a>.<\/p>\n<h2>Un co\u00fbt de production 2 x plus cher<\/h2>\n<p>Renouvelle a analys\u00e9 les <a href=\"http:\/\/flowerturbines.com\/wp-content\/uploads\/2016\/06\/Flower-Turbines-Flyer-20150706a-small-file.pdf\" target=\"_blank\" rel=\"noopener\">sp\u00e9cifications techniques<\/a> de la \u00ab Wind Tulip \u00bb, ce qui nous conforte dans nos craintes :<\/p>\n<ul>\n<li>Le co\u00fbt de production annonc\u00e9 revient entre 5000 et 6000 \u20ac le kW install\u00e9, soit le double de la moyenne en mati\u00e8re de petit \u00e9olien;<\/li>\n<li>Avec une puissance nominale de 2 kW, la turbine atteindra p\u00e9niblement une production de 1600 kWh\/an <em>dans des conditions optimales<\/em>, ce qui n\u2019est pas le cas \u00e0 Donceel.<\/li>\n<li>L\u2019installateur pr\u00e9voit d\u2019installer certaines \u00e9oliennes en toiture ou au sol. Or on sait que toutes les installations en toiture se sont sold\u00e9es par un \u00e9chec, et que seules les \u00e9oliennes hiss\u00e9es sur un m\u00e2t suffisamment haut produisent de mani\u00e8re satisfaisante (d\u2019o\u00f9 un co\u00fbt suppl\u00e9mentaire).<\/li>\n<\/ul>\n<h2>Ternir l&rsquo;image du petit \u00e9olien<\/h2>\n<p>En r\u00e9sum\u00e9 : installer 100 mini-\u00e9oliennes sur un petit territoire, est-ce bien raisonnable, vu la production d\u2019\u00e9lectricit\u00e9 d\u00e9risoire et l\u2019impact paysager important ?<\/p>\n<p>Ce projet de d\u00e9monstration risque bien de ternir l\u2019image du secteur du petit \u00e9olien, pourtant plein de potentialit\u00e9s pour les acteurs professionnels s\u00e9rieux.<\/p>\n","protected":false},"excerpt":{"rendered":"<p>La commune de Donceel, en r\u00e9gion li\u00e9geoise, annonce l&rsquo;installation de 100 mini-\u00e9oliennes \u00ab\u00a0Tulipes\u00a0\u00bb sur plusieurs sites, en partenariat avec le fabricant am\u00e9ricain Flower Turbines, qui souhaite en faire une plate-forme de d\u00e9monstration en Europe. L\u2019APERe, association belge de r\u00e9f\u00e9rence dans le domaine des \u00e9nergies renouvelables, a aussit\u00f4t r\u00e9agi par communiqu\u00e9. \u00ab\u00a0Malgr\u00e9 l\u2019image novatrice de ce projet, l&rsquo;APERe attire l\u2019attention des autorit\u00e9s communales sur les nombreux risques et les retours d\u2019exp\u00e9rience souvent n\u00e9gatifs qui ont \u00e9t\u00e9 v\u00e9cus en mati\u00e8re de micro-\u00e9oliennes et auxquels Flower Turbines ne semblent malheureusement pas \u00e9chapper.\u00a0\u00bb En effet, les \u00e9oliennes de faible puissance (inf\u00e9rieure \u00e0 50 kW) lanc\u00e9es sur le march\u00e9 sont tr\u00e8s rarement conformes \u00e0 la norme internationale en mati\u00e8re de micro-g\u00e9n\u00e9ratrices \u2013 \u00e0 savoir la norme IEC 61400-2. Des turbines non conformes Cette norme, europ\u00e9enne mais reconnue mondialement, garantit \u00e0 la fois la solidit\u00e9 des mat\u00e9riaux, la fiabilit\u00e9 des composants \u00e9lectroniques, le respect des normes de bruit et, surtout, la certification du productible annuel, c\u2019est-\u00e0-dire la garantie que le nombre de kWh annonc\u00e9 sera bien produit annuellement pour chaque type de gisement venteux. On s\u2019en doute, le processus de certification \u00e0 la norme IEC exige de nombreux contr\u00f4les et analyses, ainsi que des tests approfondis sur site-pilote en conditions extr\u00eames. Ce processus entra\u00eene pour le fabricant un co\u00fbt important et impacte de mani\u00e8re significative le prix de vente de l\u2019\u00e9olienne. Mais seule une machine certifi\u00e9e conforme \u00e0 la norme internationale permet d\u2019avoir une garantie en mati\u00e8re de production \u00e9lectrique. Aucune garantie sur le productible Or, c\u2019est pr\u00e9cis\u00e9ment l\u00e0 que le b\u00e2t blesse : la grande majorit\u00e9 des micro-\u00e9oliennes ne sont pas conformes \u00e0 la norme, et rares sont les fabricants qui annoncent les performances r\u00e9elles de leurs prototypes. \u00ab\u00a0R\u00e9sultat : les exemples foisonnent de micro-\u00e9oliennes &hellip; <a href=\"https:\/\/www.renouvelle.be\/fr\/les-mini-eoliennes-tulipes-ne-produiront-quasi-rien\/\" class=\"more-link\">Continue reading<span class=\"screen-reader-text\"> \u00ab\u00a0Les mini-\u00e9oliennes \u00ab Tulipes \u00bb ne produiront quasi rien\u00a0\u00bb<\/span><\/a><\/p>\n","protected":false},"author":3,"featured_media":4763,"comment_status":"open","ping_status":"open","sticky":false,"template":"","format":"standard","meta":{"_acf_changed":false,"footnotes":""},"categories":[17],"tags":[],"section":[6],"class_list":["post-2571","post","type-post","status-publish","format-standard","has-post-thumbnail","hentry","category-actualite-en-belgique","section-eolien"],"acf":[],"yoast_head":"<!-- This site is optimized with the Yoast SEO plugin v27.5 - https:\/\/yoast.com\/product\/yoast-seo-wordpress\/ -->\n<title>Les mini-\u00e9oliennes \u00ab Tulipes \u00bb ne produiront quasi rien - Renouvelle<\/title>\n<meta name=\"robots\" content=\"index, follow, max-snippet:-1, max-image-preview:large, max-video-preview:-1\" \/>\n<link rel=\"canonical\" href=\"https:\/\/www.renouvelle.be\/fr\/les-mini-eoliennes-tulipes-ne-produiront-quasi-rien\/\" \/>\n<meta property=\"og:locale\" content=\"fr_FR\" \/>\n<meta property=\"og:type\" content=\"article\" \/>\n<meta property=\"og:title\" content=\"Les mini-\u00e9oliennes \u00ab Tulipes \u00bb ne produiront quasi rien - Renouvelle\" \/>\n<meta property=\"og:description\" content=\"La commune de Donceel, en r\u00e9gion li\u00e9geoise, annonce l&rsquo;installation de 100 mini-\u00e9oliennes \u00ab\u00a0Tulipes\u00a0\u00bb sur plusieurs sites, en partenariat avec le fabricant am\u00e9ricain Flower Turbines, qui souhaite en faire une plate-forme de d\u00e9monstration en Europe. L\u2019APERe, association belge de r\u00e9f\u00e9rence dans le domaine des \u00e9nergies renouvelables, a aussit\u00f4t r\u00e9agi par communiqu\u00e9. \u00ab\u00a0Malgr\u00e9 l\u2019image novatrice de ce projet, l&rsquo;APERe attire l\u2019attention des autorit\u00e9s communales sur les nombreux risques et les retours d\u2019exp\u00e9rience souvent n\u00e9gatifs qui ont \u00e9t\u00e9 v\u00e9cus en mati\u00e8re de micro-\u00e9oliennes et auxquels Flower Turbines ne semblent malheureusement pas \u00e9chapper.\u00a0\u00bb En effet, les \u00e9oliennes de faible puissance (inf\u00e9rieure \u00e0 50 kW) lanc\u00e9es sur le march\u00e9 sont tr\u00e8s rarement conformes \u00e0 la norme internationale en mati\u00e8re de micro-g\u00e9n\u00e9ratrices \u2013 \u00e0 savoir la norme IEC 61400-2. Des turbines non conformes Cette norme, europ\u00e9enne mais reconnue mondialement, garantit \u00e0 la fois la solidit\u00e9 des mat\u00e9riaux, la fiabilit\u00e9 des composants \u00e9lectroniques, le respect des normes de bruit et, surtout, la certification du productible annuel, c\u2019est-\u00e0-dire la garantie que le nombre de kWh annonc\u00e9 sera bien produit annuellement pour chaque type de gisement venteux. On s\u2019en doute, le processus de certification \u00e0 la norme IEC exige de nombreux contr\u00f4les et analyses, ainsi que des tests approfondis sur site-pilote en conditions extr\u00eames. Ce processus entra\u00eene pour le fabricant un co\u00fbt important et impacte de mani\u00e8re significative le prix de vente de l\u2019\u00e9olienne. Mais seule une machine certifi\u00e9e conforme \u00e0 la norme internationale permet d\u2019avoir une garantie en mati\u00e8re de production \u00e9lectrique. Aucune garantie sur le productible Or, c\u2019est pr\u00e9cis\u00e9ment l\u00e0 que le b\u00e2t blesse : la grande majorit\u00e9 des micro-\u00e9oliennes ne sont pas conformes \u00e0 la norme, et rares sont les fabricants qui annoncent les performances r\u00e9elles de leurs prototypes. \u00ab\u00a0R\u00e9sultat : les exemples foisonnent de micro-\u00e9oliennes &hellip; Continue reading &quot;Les mini-\u00e9oliennes \u00ab Tulipes \u00bb ne produiront quasi rien&quot;\" \/>\n<meta property=\"og:url\" content=\"https:\/\/www.renouvelle.be\/fr\/les-mini-eoliennes-tulipes-ne-produiront-quasi-rien\/\" \/>\n<meta property=\"og:site_name\" content=\"Renouvelle\" \/>\n<meta property=\"article:published_time\" content=\"2016-09-05T10:09:57+00:00\" \/>\n<meta property=\"article:modified_time\" content=\"2023-06-12T07:31:31+00:00\" \/>\n<meta property=\"og:image\" content=\"https:\/\/www.renouvelle.be\/wp-content\/uploads\/2021\/02\/tulipe.jpg\" \/>\n\t<meta property=\"og:image:width\" content=\"600\" \/>\n\t<meta property=\"og:image:height\" content=\"380\" \/>\n\t<meta property=\"og:image:type\" content=\"image\/jpeg\" \/>\n<meta name=\"author\" content=\"Energie Commune\" \/>\n<meta name=\"twitter:card\" content=\"summary_large_image\" \/>\n<script type=\"application\/ld+json\" class=\"yoast-schema-graph\">{\"@context\":\"https:\\\/\\\/schema.org\",\"@graph\":[{\"@type\":\"Article\",\"@id\":\"https:\\\/\\\/www.renouvelle.be\\\/fr\\\/les-mini-eoliennes-tulipes-ne-produiront-quasi-rien\\\/#article\",\"isPartOf\":{\"@id\":\"https:\\\/\\\/www.renouvelle.be\\\/fr\\\/les-mini-eoliennes-tulipes-ne-produiront-quasi-rien\\\/\"},\"author\":{\"name\":\"Energie Commune\",\"@id\":\"https:\\\/\\\/www.renouvelle.be\\\/fr\\\/#\\\/schema\\\/person\\\/01fbe8226a07f8f3d4a1cd059b31f17a\"},\"headline\":\"Les mini-\u00e9oliennes \u00ab Tulipes \u00bb ne produiront quasi rien\",\"datePublished\":\"2016-09-05T10:09:57+00:00\",\"dateModified\":\"2023-06-12T07:31:31+00:00\",\"mainEntityOfPage\":{\"@id\":\"https:\\\/\\\/www.renouvelle.be\\\/fr\\\/les-mini-eoliennes-tulipes-ne-produiront-quasi-rien\\\/\"},\"wordCount\":560,\"commentCount\":0,\"image\":{\"@id\":\"https:\\\/\\\/www.renouvelle.be\\\/fr\\\/les-mini-eoliennes-tulipes-ne-produiront-quasi-rien\\\/#primaryimage\"},\"thumbnailUrl\":\"https:\\\/\\\/www.renouvelle.be\\\/wp-content\\\/uploads\\\/2021\\\/02\\\/tulipe.jpg\",\"articleSection\":[\"Actualit\u00e9 en Belgique\"],\"inLanguage\":\"fr-FR\",\"potentialAction\":[{\"@type\":\"CommentAction\",\"name\":\"Comment\",\"target\":[\"https:\\\/\\\/www.renouvelle.be\\\/fr\\\/les-mini-eoliennes-tulipes-ne-produiront-quasi-rien\\\/#respond\"]}]},{\"@type\":\"WebPage\",\"@id\":\"https:\\\/\\\/www.renouvelle.be\\\/fr\\\/les-mini-eoliennes-tulipes-ne-produiront-quasi-rien\\\/\",\"url\":\"https:\\\/\\\/www.renouvelle.be\\\/fr\\\/les-mini-eoliennes-tulipes-ne-produiront-quasi-rien\\\/\",\"name\":\"Les mini-\u00e9oliennes \u00ab Tulipes \u00bb ne produiront quasi rien - Renouvelle\",\"isPartOf\":{\"@id\":\"https:\\\/\\\/www.renouvelle.be\\\/fr\\\/#website\"},\"primaryImageOfPage\":{\"@id\":\"https:\\\/\\\/www.renouvelle.be\\\/fr\\\/les-mini-eoliennes-tulipes-ne-produiront-quasi-rien\\\/#primaryimage\"},\"image\":{\"@id\":\"https:\\\/\\\/www.renouvelle.be\\\/fr\\\/les-mini-eoliennes-tulipes-ne-produiront-quasi-rien\\\/#primaryimage\"},\"thumbnailUrl\":\"https:\\\/\\\/www.renouvelle.be\\\/wp-content\\\/uploads\\\/2021\\\/02\\\/tulipe.jpg\",\"datePublished\":\"2016-09-05T10:09:57+00:00\",\"dateModified\":\"2023-06-12T07:31:31+00:00\",\"author\":{\"@id\":\"https:\\\/\\\/www.renouvelle.be\\\/fr\\\/#\\\/schema\\\/person\\\/01fbe8226a07f8f3d4a1cd059b31f17a\"},\"breadcrumb\":{\"@id\":\"https:\\\/\\\/www.renouvelle.be\\\/fr\\\/les-mini-eoliennes-tulipes-ne-produiront-quasi-rien\\\/#breadcrumb\"},\"inLanguage\":\"fr-FR\",\"potentialAction\":[{\"@type\":\"ReadAction\",\"target\":[\"https:\\\/\\\/www.renouvelle.be\\\/fr\\\/les-mini-eoliennes-tulipes-ne-produiront-quasi-rien\\\/\"]}]},{\"@type\":\"ImageObject\",\"inLanguage\":\"fr-FR\",\"@id\":\"https:\\\/\\\/www.renouvelle.be\\\/fr\\\/les-mini-eoliennes-tulipes-ne-produiront-quasi-rien\\\/#primaryimage\",\"url\":\"https:\\\/\\\/www.renouvelle.be\\\/wp-content\\\/uploads\\\/2021\\\/02\\\/tulipe.jpg\",\"contentUrl\":\"https:\\\/\\\/www.renouvelle.be\\\/wp-content\\\/uploads\\\/2021\\\/02\\\/tulipe.jpg\",\"width\":600,\"height\":380},{\"@type\":\"BreadcrumbList\",\"@id\":\"https:\\\/\\\/www.renouvelle.be\\\/fr\\\/les-mini-eoliennes-tulipes-ne-produiront-quasi-rien\\\/#breadcrumb\",\"itemListElement\":[{\"@type\":\"ListItem\",\"position\":1,\"name\":\"Accueil\",\"item\":\"https:\\\/\\\/www.renouvelle.be\\\/fr\\\/\"},{\"@type\":\"ListItem\",\"position\":2,\"name\":\"Les mini-\u00e9oliennes \u00ab Tulipes \u00bb ne produiront quasi rien\"}]},{\"@type\":\"WebSite\",\"@id\":\"https:\\\/\\\/www.renouvelle.be\\\/fr\\\/#website\",\"url\":\"https:\\\/\\\/www.renouvelle.be\\\/fr\\\/\",\"name\":\"Renouvelle\",\"description\":\"L&#039;actualit\u00e9 de l&#039;\u00e9nergie durable\",\"potentialAction\":[{\"@type\":\"SearchAction\",\"target\":{\"@type\":\"EntryPoint\",\"urlTemplate\":\"https:\\\/\\\/www.renouvelle.be\\\/fr\\\/?s={search_term_string}\"},\"query-input\":{\"@type\":\"PropertyValueSpecification\",\"valueRequired\":true,\"valueName\":\"search_term_string\"}}],\"inLanguage\":\"fr-FR\"},{\"@type\":\"Person\",\"@id\":\"https:\\\/\\\/www.renouvelle.be\\\/fr\\\/#\\\/schema\\\/person\\\/01fbe8226a07f8f3d4a1cd059b31f17a\",\"name\":\"Energie Commune\",\"url\":\"https:\\\/\\\/www.renouvelle.be\\\/fr\\\/author\\\/apere\\\/\"}]}<\/script>\n<!-- \/ Yoast SEO plugin. -->","yoast_head_json":{"title":"Les mini-\u00e9oliennes \u00ab Tulipes \u00bb ne produiront quasi rien - Renouvelle","robots":{"index":"index","follow":"follow","max-snippet":"max-snippet:-1","max-image-preview":"max-image-preview:large","max-video-preview":"max-video-preview:-1"},"canonical":"https:\/\/www.renouvelle.be\/fr\/les-mini-eoliennes-tulipes-ne-produiront-quasi-rien\/","og_locale":"fr_FR","og_type":"article","og_title":"Les mini-\u00e9oliennes \u00ab Tulipes \u00bb ne produiront quasi rien - Renouvelle","og_description":"La commune de Donceel, en r\u00e9gion li\u00e9geoise, annonce l&rsquo;installation de 100 mini-\u00e9oliennes \u00ab\u00a0Tulipes\u00a0\u00bb sur plusieurs sites, en partenariat avec le fabricant am\u00e9ricain Flower Turbines, qui souhaite en faire une plate-forme de d\u00e9monstration en Europe. L\u2019APERe, association belge de r\u00e9f\u00e9rence dans le domaine des \u00e9nergies renouvelables, a aussit\u00f4t r\u00e9agi par communiqu\u00e9. \u00ab\u00a0Malgr\u00e9 l\u2019image novatrice de ce projet, l&rsquo;APERe attire l\u2019attention des autorit\u00e9s communales sur les nombreux risques et les retours d\u2019exp\u00e9rience souvent n\u00e9gatifs qui ont \u00e9t\u00e9 v\u00e9cus en mati\u00e8re de micro-\u00e9oliennes et auxquels Flower Turbines ne semblent malheureusement pas \u00e9chapper.\u00a0\u00bb En effet, les \u00e9oliennes de faible puissance (inf\u00e9rieure \u00e0 50 kW) lanc\u00e9es sur le march\u00e9 sont tr\u00e8s rarement conformes \u00e0 la norme internationale en mati\u00e8re de micro-g\u00e9n\u00e9ratrices \u2013 \u00e0 savoir la norme IEC 61400-2. Des turbines non conformes Cette norme, europ\u00e9enne mais reconnue mondialement, garantit \u00e0 la fois la solidit\u00e9 des mat\u00e9riaux, la fiabilit\u00e9 des composants \u00e9lectroniques, le respect des normes de bruit et, surtout, la certification du productible annuel, c\u2019est-\u00e0-dire la garantie que le nombre de kWh annonc\u00e9 sera bien produit annuellement pour chaque type de gisement venteux. On s\u2019en doute, le processus de certification \u00e0 la norme IEC exige de nombreux contr\u00f4les et analyses, ainsi que des tests approfondis sur site-pilote en conditions extr\u00eames. Ce processus entra\u00eene pour le fabricant un co\u00fbt important et impacte de mani\u00e8re significative le prix de vente de l\u2019\u00e9olienne. Mais seule une machine certifi\u00e9e conforme \u00e0 la norme internationale permet d\u2019avoir une garantie en mati\u00e8re de production \u00e9lectrique. Aucune garantie sur le productible Or, c\u2019est pr\u00e9cis\u00e9ment l\u00e0 que le b\u00e2t blesse : la grande majorit\u00e9 des micro-\u00e9oliennes ne sont pas conformes \u00e0 la norme, et rares sont les fabricants qui annoncent les performances r\u00e9elles de leurs prototypes. \u00ab\u00a0R\u00e9sultat : les exemples foisonnent de micro-\u00e9oliennes &hellip; Continue reading \"Les mini-\u00e9oliennes \u00ab Tulipes \u00bb ne produiront quasi rien\"","og_url":"https:\/\/www.renouvelle.be\/fr\/les-mini-eoliennes-tulipes-ne-produiront-quasi-rien\/","og_site_name":"Renouvelle","article_published_time":"2016-09-05T10:09:57+00:00","article_modified_time":"2023-06-12T07:31:31+00:00","og_image":[{"width":600,"height":380,"url":"https:\/\/www.renouvelle.be\/wp-content\/uploads\/2021\/02\/tulipe.jpg","type":"image\/jpeg"}],"author":"Energie Commune","twitter_card":"summary_large_image","schema":{"@context":"https:\/\/schema.org","@graph":[{"@type":"Article","@id":"https:\/\/www.renouvelle.be\/fr\/les-mini-eoliennes-tulipes-ne-produiront-quasi-rien\/#article","isPartOf":{"@id":"https:\/\/www.renouvelle.be\/fr\/les-mini-eoliennes-tulipes-ne-produiront-quasi-rien\/"},"author":{"name":"Energie Commune","@id":"https:\/\/www.renouvelle.be\/fr\/#\/schema\/person\/01fbe8226a07f8f3d4a1cd059b31f17a"},"headline":"Les mini-\u00e9oliennes \u00ab Tulipes \u00bb ne produiront quasi rien","datePublished":"2016-09-05T10:09:57+00:00","dateModified":"2023-06-12T07:31:31+00:00","mainEntityOfPage":{"@id":"https:\/\/www.renouvelle.be\/fr\/les-mini-eoliennes-tulipes-ne-produiront-quasi-rien\/"},"wordCount":560,"commentCount":0,"image":{"@id":"https:\/\/www.renouvelle.be\/fr\/les-mini-eoliennes-tulipes-ne-produiront-quasi-rien\/#primaryimage"},"thumbnailUrl":"https:\/\/www.renouvelle.be\/wp-content\/uploads\/2021\/02\/tulipe.jpg","articleSection":["Actualit\u00e9 en Belgique"],"inLanguage":"fr-FR","potentialAction":[{"@type":"CommentAction","name":"Comment","target":["https:\/\/www.renouvelle.be\/fr\/les-mini-eoliennes-tulipes-ne-produiront-quasi-rien\/#respond"]}]},{"@type":"WebPage","@id":"https:\/\/www.renouvelle.be\/fr\/les-mini-eoliennes-tulipes-ne-produiront-quasi-rien\/","url":"https:\/\/www.renouvelle.be\/fr\/les-mini-eoliennes-tulipes-ne-produiront-quasi-rien\/","name":"Les mini-\u00e9oliennes \u00ab Tulipes \u00bb ne produiront quasi rien - Renouvelle","isPartOf":{"@id":"https:\/\/www.renouvelle.be\/fr\/#website"},"primaryImageOfPage":{"@id":"https:\/\/www.renouvelle.be\/fr\/les-mini-eoliennes-tulipes-ne-produiront-quasi-rien\/#primaryimage"},"image":{"@id":"https:\/\/www.renouvelle.be\/fr\/les-mini-eoliennes-tulipes-ne-produiront-quasi-rien\/#primaryimage"},"thumbnailUrl":"https:\/\/www.renouvelle.be\/wp-content\/uploads\/2021\/02\/tulipe.jpg","datePublished":"2016-09-05T10:09:57+00:00","dateModified":"2023-06-12T07:31:31+00:00","author":{"@id":"https:\/\/www.renouvelle.be\/fr\/#\/schema\/person\/01fbe8226a07f8f3d4a1cd059b31f17a"},"breadcrumb":{"@id":"https:\/\/www.renouvelle.be\/fr\/les-mini-eoliennes-tulipes-ne-produiront-quasi-rien\/#breadcrumb"},"inLanguage":"fr-FR","potentialAction":[{"@type":"ReadAction","target":["https:\/\/www.renouvelle.be\/fr\/les-mini-eoliennes-tulipes-ne-produiront-quasi-rien\/"]}]},{"@type":"ImageObject","inLanguage":"fr-FR","@id":"https:\/\/www.renouvelle.be\/fr\/les-mini-eoliennes-tulipes-ne-produiront-quasi-rien\/#primaryimage","url":"https:\/\/www.renouvelle.be\/wp-content\/uploads\/2021\/02\/tulipe.jpg","contentUrl":"https:\/\/www.renouvelle.be\/wp-content\/uploads\/2021\/02\/tulipe.jpg","width":600,"height":380},{"@type":"BreadcrumbList","@id":"https:\/\/www.renouvelle.be\/fr\/les-mini-eoliennes-tulipes-ne-produiront-quasi-rien\/#breadcrumb","itemListElement":[{"@type":"ListItem","position":1,"name":"Accueil","item":"https:\/\/www.renouvelle.be\/fr\/"},{"@type":"ListItem","position":2,"name":"Les mini-\u00e9oliennes \u00ab Tulipes \u00bb ne produiront quasi rien"}]},{"@type":"WebSite","@id":"https:\/\/www.renouvelle.be\/fr\/#website","url":"https:\/\/www.renouvelle.be\/fr\/","name":"Renouvelle","description":"L&#039;actualit\u00e9 de l&#039;\u00e9nergie durable","potentialAction":[{"@type":"SearchAction","target":{"@type":"EntryPoint","urlTemplate":"https:\/\/www.renouvelle.be\/fr\/?s={search_term_string}"},"query-input":{"@type":"PropertyValueSpecification","valueRequired":true,"valueName":"search_term_string"}}],"inLanguage":"fr-FR"},{"@type":"Person","@id":"https:\/\/www.renouvelle.be\/fr\/#\/schema\/person\/01fbe8226a07f8f3d4a1cd059b31f17a","name":"Energie Commune","url":"https:\/\/www.renouvelle.be\/fr\/author\/apere\/"}]}},"_links":{"self":[{"href":"https:\/\/www.renouvelle.be\/fr\/wp-json\/wp\/v2\/posts\/2571","targetHints":{"allow":["GET"]}}],"collection":[{"href":"https:\/\/www.renouvelle.be\/fr\/wp-json\/wp\/v2\/posts"}],"about":[{"href":"https:\/\/www.renouvelle.be\/fr\/wp-json\/wp\/v2\/types\/post"}],"author":[{"embeddable":true,"href":"https:\/\/www.renouvelle.be\/fr\/wp-json\/wp\/v2\/users\/3"}],"replies":[{"embeddable":true,"href":"https:\/\/www.renouvelle.be\/fr\/wp-json\/wp\/v2\/comments?post=2571"}],"version-history":[{"count":3,"href":"https:\/\/www.renouvelle.be\/fr\/wp-json\/wp\/v2\/posts\/2571\/revisions"}],"predecessor-version":[{"id":9927,"href":"https:\/\/www.renouvelle.be\/fr\/wp-json\/wp\/v2\/posts\/2571\/revisions\/9927"}],"wp:featuredmedia":[{"embeddable":true,"href":"https:\/\/www.renouvelle.be\/fr\/wp-json\/wp\/v2\/media\/4763"}],"wp:attachment":[{"href":"https:\/\/www.renouvelle.be\/fr\/wp-json\/wp\/v2\/media?parent=2571"}],"wp:term":[{"taxonomy":"category","embeddable":true,"href":"https:\/\/www.renouvelle.be\/fr\/wp-json\/wp\/v2\/categories?post=2571"},{"taxonomy":"post_tag","embeddable":true,"href":"https:\/\/www.renouvelle.be\/fr\/wp-json\/wp\/v2\/tags?post=2571"},{"taxonomy":"section","embeddable":true,"href":"https:\/\/www.renouvelle.be\/fr\/wp-json\/wp\/v2\/section?post=2571"}],"curies":[{"name":"wp","href":"https:\/\/api.w.org\/{rel}","templated":true}]}}