{"id":2365,"date":"2016-05-20T13:56:57","date_gmt":"2016-05-20T13:56:57","guid":{"rendered":""},"modified":"2021-06-15T09:17:04","modified_gmt":"2021-06-15T07:17:04","slug":"et-maintenant-place-a-lautoproduction","status":"publish","type":"post","link":"https:\/\/www.renouvelle.be\/fr\/et-maintenant-place-a-lautoproduction\/","title":{"rendered":"Et maintenant : place \u00e0 l\u2019autoproduction !"},"content":{"rendered":"<h2>Oui \u2026 et non, c\u2019est une question de point de vue<\/h2>\n<ol>\n<li><strong>Si je me place du c\u00f4t\u00e9 du prosumer<\/strong>, ce qui m\u2019importe, c\u2019est que l&rsquo;\u00e9lectricit\u00e9 que je consomme provienne le plus possible de mon installation photovolta\u00efque.\n<p>Un peu comme si j\u2019\u00e9tais devenu mon propre fournisseur d\u2019\u00e9lectricit\u00e9 : au-del\u00e0 d\u2019une \u00e9ventuelle diminution de prix, la seule plus-value qualitative de mon nouveau fournisseur est qu\u2019il m\u2019assure une grande proportion d\u2019\u00e9nergie \u00ab verte \u00bb.<\/p>\n<p>Un prosumer a donc int\u00e9r\u00eat \u00e0 ce que l\u2019\u00e9lectricit\u00e9 qu\u2019il consomme soit la plus autoproduite possible.<\/p>\n<p><strong>&gt; Autoproduction<\/strong>, mon souci est donc : d\u2019o\u00f9 vient l\u2019\u00e9lectricit\u00e9 que je consomme ?<\/li>\n<li><strong>Si je me place du c\u00f4t\u00e9 du r\u00e9seau \u00e9lectrique<\/strong>, ce qui m\u2019importe, c\u2019est de pr\u00e9voir si j\u2019aurai assez de production, d\u2019o\u00f9 qu\u2019elle vienne, pour assurer la consommation.<br \/>\nLes r\u00e9seaux \u00e9tant dimensionn\u00e9s en capacit\u00e9 d\u00e9croissante vers la basse tension, mon souci sp\u00e9cifique \u00ab photovolta\u00efque \u00bb est d\u2019\u00e9viter que mon r\u00e9seau soit inond\u00e9 de cette puissance solaire en plein midi (congestion, surtensions).<\/p>\n<p>Je souhaite donc qu\u2019un maximum de la production photovolta\u00efque d\u00e9centralis\u00e9e puisse \u00eatre, simultan\u00e9ment, consomm\u00e9e sur place.<\/p>\n<p><span style=\"font-size: inherit;\"><strong>&gt; Autoconsommation<\/strong>, mon souci est donc : o\u00f9 va l\u2019\u00e9lectricit\u00e9 photovolta\u00efque produite ?<\/span><\/li>\n<\/ol>\n<h2><\/h2>\n<h2><img decoding=\"async\" style=\"width: 580px; height: 301px;\" src=\"\/wp-content\/uploads\/2021\/02\/post\/prod.jpg\" alt=\"\" \/><\/h2>\n<p><small>Graphiques : deux points de vue pour un m\u00eame profil <em>prosumer.<\/em><\/small><\/p>\n<h2>Non, ce n\u2019est pas la m\u00eame chose<\/h2>\n<p>Non, ce n\u2019est pas la m\u00eame chose, car l\u2019impact d\u2019un discours ou de l\u2019autre est radicalement diff\u00e9rent.<\/p>\n<p>En effet, le point commun est que l\u2019acteur vis\u00e9 est, dans les deux cas, celui qui vit sous les capteurs photovolta\u00efques. Et cette personne aura un comportement radicalement diff\u00e9rent en fonction de la mani\u00e8re dont je m\u2019adresse \u00e0 elle.<\/p>\n<p>Si je lui parle <u>d\u2019autoconsommation<\/u>, je vais lui imposer le souci de \u00ab\u00a0o\u00f9 va l\u2019\u00e9lectricit\u00e9 que je produis\u00a0?\u00a0\u00bb. Il s\u2019agit \u00e9videmment d\u2019une question hors de propos pour un non professionnel de l\u2019\u00e9nergie, il n\u2019a ni les moyens techniques ni les connaissances pour pouvoir r\u00e9pondre efficacement \u00e0 cette question, qui n\u2019est pas non plus sa mission.<\/p>\n<p>Si je lui parle d\u2019autoconsommation \u00a0\u2013 c-\u00e0-d s\u2019assurer que la production soit la plus possible consomm\u00e9e sur place -, cela revient \u00e0 sanctionner l\u2019injection d\u2019\u00e9lectricit\u00e9 sur le r\u00e9seau. La r\u00e9action naturelle sera la consommation sur place \u00e0 tout prix, voire m\u00eame (et surtout) inutile. Une autre r\u00e9action naturelle serait le sous dimensionnement important des futures installations photovolta\u00efques.<\/p>\n<p>Dans les deux cas, ces r\u00e9actions sont un non-sens au regard des surco\u00fbts de production que cela engendrerait, de l\u2019incapacit\u00e9 \u00e0 atteindre des objectifs renouvelables raisonnables et les n\u00e9cessaires \u00e9conomies d\u2019\u00e9nergies.<\/p>\n<p>A l\u2019inverse, si je parle <u>autoproduction<\/u> au propri\u00e9taire d\u2019une installation photovolta\u00efque, je lui sugg\u00e8re la question \u00ab\u00a0d\u2019o\u00f9 vient ma consommation\u00a0?\u00a0\u00bb. Comme il \u00a0poss\u00e8de des panneaux, la garantie de r\u00e9ponse \u00e0 cette question r\u00e9side dans un d\u00e9placement des consommations en journ\u00e9e (d\u00e9placement de charge) et dans une diminution des consommations nocturnes des charges non d\u00e9pla\u00e7ables (efficacit\u00e9 \u00e9nerg\u00e9tique).<\/p>\n<p>En allant plus loin, parler d\u2019autoproduction \u00a0\u2013 c-\u00e0-d s\u2019assurer que la consommation soit la plus possible couverte par l\u2019\u00e9nergie solaire produite localement -, cela revient \u00e0 promouvoir\u00a0:<\/p>\n<ul>\n<li>les comportements intelligents (consommer quand l\u2019\u00e9nergie est disponible, gestion active de la demande),<\/li>\n<li>les \u00e9conomies d\u2019\u00e9nergie en dehors des p\u00e9riodes d\u2019ensoleillement (nuit, hiver, journ\u00e9e maussade),<\/li>\n<li>l\u2019int\u00e9r\u00eat d\u2019appareils dits \u00ab\u00a0smart \u00bb via leur meilleure compr\u00e9hension,<\/li>\n<li>la compl\u00e9mentarit\u00e9 des diff\u00e9rentes sources renouvelables (les saisons moins ensoleill\u00e9es sont g\u00e9n\u00e9ralement plus venteuses et donc propice \u00e0 la production \u00e9olienne ).<\/li>\n<\/ul>\n<p>Cette approche permet \u00e9galement de reculer les besoins de stockage, lesquels rench\u00e9rissent syst\u00e9matiquement le prix global de l\u2019\u00e9nergie pour tout le monde.<\/p>\n<h2><img decoding=\"async\" style=\"width: 500px; height: 342px;\" src=\"\/wp-content\/uploads\/2021\/02\/post\/dessin.jpg\" alt=\"\" \/><\/h2>\n<h2>Donc, oui, c\u2019est la m\u00eame chose\u2026<\/h2>\n<p>Oui, c\u2019est la m\u00eame chose\u00a0: l\u2019objectif est que, d\u2019un point de vue global (pour le r\u00e9seau donc), l\u2019autoconsommation soit augment\u00e9e, mais uniquement via la promotion de l\u2019autoproduction aupr\u00e8s des prosumers, qui sont les seuls acteurs d\u00e9centralis\u00e9s de la gestion de la production locale.<\/p>\n<p>Par cette d\u00e9marche, nous pouvons b\u00e9n\u00e9ficier d\u2019un d\u00e9placement de charge, d\u2019\u00e9conomies d\u2019\u00e9nergies, d\u2019un plus grand taux de p\u00e9n\u00e9tration du solaire dans nos r\u00e9seaux, \u00e0 moindres co\u00fbts, et d\u2019une ma\u00eetrise des pertes en ligne.<\/p>\n<p><em>In fine<\/em>, l\u2019autoproduction s\u2019adresse \u00e0 l\u2019int\u00e9r\u00eat individuel, pour que la globalit\u00e9 de ces comportements d\u2019autoproducteur rejoigne l\u2019int\u00e9r\u00eat collectif de l\u2019autoconsommation. Ne nous trompons donc pas de message\u00a0!<\/p>\n<p><img decoding=\"async\" style=\"width: 300px; height: 168px;\" src=\"\/wp-content\/uploads\/2021\/02\/post\/prosumer_0.jpg\" alt=\"\" \/><\/p>\n","protected":false},"excerpt":{"rendered":"<p>Oui \u2026 et non, c\u2019est une question de point de vue Si je me place du c\u00f4t\u00e9 du prosumer, ce qui m\u2019importe, c\u2019est que l&rsquo;\u00e9lectricit\u00e9 que je consomme provienne le plus possible de mon installation photovolta\u00efque. Un peu comme si j\u2019\u00e9tais devenu mon propre fournisseur d\u2019\u00e9lectricit\u00e9 : au-del\u00e0 d\u2019une \u00e9ventuelle diminution de prix, la seule plus-value qualitative de mon nouveau fournisseur est qu\u2019il m\u2019assure une grande proportion d\u2019\u00e9nergie \u00ab verte \u00bb. Un prosumer a donc int\u00e9r\u00eat \u00e0 ce que l\u2019\u00e9lectricit\u00e9 qu\u2019il consomme soit la plus autoproduite possible. &gt; Autoproduction, mon souci est donc : d\u2019o\u00f9 vient l\u2019\u00e9lectricit\u00e9 que je consomme ? Si je me place du c\u00f4t\u00e9 du r\u00e9seau \u00e9lectrique, ce qui m\u2019importe, c\u2019est de pr\u00e9voir si j\u2019aurai assez de production, d\u2019o\u00f9 qu\u2019elle vienne, pour assurer la consommation. Les r\u00e9seaux \u00e9tant dimensionn\u00e9s en capacit\u00e9 d\u00e9croissante vers la basse tension, mon souci sp\u00e9cifique \u00ab photovolta\u00efque \u00bb est d\u2019\u00e9viter que mon r\u00e9seau soit inond\u00e9 de cette puissance solaire en plein midi (congestion, surtensions). Je souhaite donc qu\u2019un maximum de la production photovolta\u00efque d\u00e9centralis\u00e9e puisse \u00eatre, simultan\u00e9ment, consomm\u00e9e sur place. &gt; Autoconsommation, mon souci est donc : o\u00f9 va l\u2019\u00e9lectricit\u00e9 photovolta\u00efque produite ? Graphiques : deux points de vue pour un m\u00eame profil prosumer. Non, ce n\u2019est pas la m\u00eame chose Non, ce n\u2019est pas la m\u00eame chose, car l\u2019impact d\u2019un discours ou de l\u2019autre est radicalement diff\u00e9rent. En effet, le point commun est que l\u2019acteur vis\u00e9 est, dans les deux cas, celui qui vit sous les capteurs photovolta\u00efques. Et cette personne aura un comportement radicalement diff\u00e9rent en fonction de la mani\u00e8re dont je m\u2019adresse \u00e0 elle. Si je lui parle d\u2019autoconsommation, je vais lui imposer le souci de \u00ab\u00a0o\u00f9 va l\u2019\u00e9lectricit\u00e9 que je produis\u00a0?\u00a0\u00bb. Il s\u2019agit \u00e9videmment d\u2019une question hors de propos &hellip; <a href=\"https:\/\/www.renouvelle.be\/fr\/et-maintenant-place-a-lautoproduction\/\" class=\"more-link\">Continue reading<span class=\"screen-reader-text\"> \u00ab\u00a0Et maintenant : place \u00e0 l\u2019autoproduction !\u00a0\u00bb<\/span><\/a><\/p>\n","protected":false},"author":17,"featured_media":4397,"comment_status":"open","ping_status":"open","sticky":false,"template":"","format":"standard","meta":{"_acf_changed":false,"footnotes":""},"categories":[21],"tags":[],"section":[8,13],"class_list":["post-2365","post","type-post","status-publish","format-standard","has-post-thumbnail","hentry","category-debats","section-energie-renouvelables","section-solaire"],"acf":[],"yoast_head":"<!-- This site is optimized with the Yoast SEO plugin v27.4 - https:\/\/yoast.com\/product\/yoast-seo-wordpress\/ -->\n<title>Et maintenant : place \u00e0 l\u2019autoproduction ! - Renouvelle<\/title>\n<meta name=\"robots\" content=\"index, follow, max-snippet:-1, max-image-preview:large, max-video-preview:-1\" \/>\n<link rel=\"canonical\" href=\"https:\/\/www.renouvelle.be\/fr\/et-maintenant-place-a-lautoproduction\/\" \/>\n<meta property=\"og:locale\" content=\"fr_FR\" \/>\n<meta property=\"og:type\" content=\"article\" \/>\n<meta property=\"og:title\" content=\"Et maintenant : place \u00e0 l\u2019autoproduction ! - Renouvelle\" \/>\n<meta property=\"og:description\" content=\"Oui \u2026 et non, c\u2019est une question de point de vue Si je me place du c\u00f4t\u00e9 du prosumer, ce qui m\u2019importe, c\u2019est que l&rsquo;\u00e9lectricit\u00e9 que je consomme provienne le plus possible de mon installation photovolta\u00efque. Un peu comme si j\u2019\u00e9tais devenu mon propre fournisseur d\u2019\u00e9lectricit\u00e9 : au-del\u00e0 d\u2019une \u00e9ventuelle diminution de prix, la seule plus-value qualitative de mon nouveau fournisseur est qu\u2019il m\u2019assure une grande proportion d\u2019\u00e9nergie \u00ab verte \u00bb. Un prosumer a donc int\u00e9r\u00eat \u00e0 ce que l\u2019\u00e9lectricit\u00e9 qu\u2019il consomme soit la plus autoproduite possible. &gt; Autoproduction, mon souci est donc : d\u2019o\u00f9 vient l\u2019\u00e9lectricit\u00e9 que je consomme ? Si je me place du c\u00f4t\u00e9 du r\u00e9seau \u00e9lectrique, ce qui m\u2019importe, c\u2019est de pr\u00e9voir si j\u2019aurai assez de production, d\u2019o\u00f9 qu\u2019elle vienne, pour assurer la consommation. Les r\u00e9seaux \u00e9tant dimensionn\u00e9s en capacit\u00e9 d\u00e9croissante vers la basse tension, mon souci sp\u00e9cifique \u00ab photovolta\u00efque \u00bb est d\u2019\u00e9viter que mon r\u00e9seau soit inond\u00e9 de cette puissance solaire en plein midi (congestion, surtensions). Je souhaite donc qu\u2019un maximum de la production photovolta\u00efque d\u00e9centralis\u00e9e puisse \u00eatre, simultan\u00e9ment, consomm\u00e9e sur place. &gt; Autoconsommation, mon souci est donc : o\u00f9 va l\u2019\u00e9lectricit\u00e9 photovolta\u00efque produite ? Graphiques : deux points de vue pour un m\u00eame profil prosumer. Non, ce n\u2019est pas la m\u00eame chose Non, ce n\u2019est pas la m\u00eame chose, car l\u2019impact d\u2019un discours ou de l\u2019autre est radicalement diff\u00e9rent. En effet, le point commun est que l\u2019acteur vis\u00e9 est, dans les deux cas, celui qui vit sous les capteurs photovolta\u00efques. Et cette personne aura un comportement radicalement diff\u00e9rent en fonction de la mani\u00e8re dont je m\u2019adresse \u00e0 elle. Si je lui parle d\u2019autoconsommation, je vais lui imposer le souci de \u00ab\u00a0o\u00f9 va l\u2019\u00e9lectricit\u00e9 que je produis\u00a0?\u00a0\u00bb. Il s\u2019agit \u00e9videmment d\u2019une question hors de propos &hellip; Continue reading &quot;Et maintenant : place \u00e0 l\u2019autoproduction !&quot;\" \/>\n<meta property=\"og:url\" content=\"https:\/\/www.renouvelle.be\/fr\/et-maintenant-place-a-lautoproduction\/\" \/>\n<meta property=\"og:site_name\" content=\"Renouvelle\" \/>\n<meta property=\"article:published_time\" content=\"2016-05-20T13:56:57+00:00\" \/>\n<meta property=\"article:modified_time\" content=\"2021-06-15T07:17:04+00:00\" \/>\n<meta property=\"og:image\" content=\"https:\/\/www.renouvelle.be\/wp-content\/uploads\/2021\/02\/autoprod.png\" \/>\n\t<meta property=\"og:image:width\" content=\"580\" \/>\n\t<meta property=\"og:image:height\" content=\"316\" \/>\n\t<meta property=\"og:image:type\" content=\"image\/png\" \/>\n<meta name=\"author\" content=\"Benjamin WILKIN\" \/>\n<meta name=\"twitter:card\" content=\"summary_large_image\" \/>\n<script type=\"application\/ld+json\" class=\"yoast-schema-graph\">{\"@context\":\"https:\\\/\\\/schema.org\",\"@graph\":[{\"@type\":\"Article\",\"@id\":\"https:\\\/\\\/www.renouvelle.be\\\/fr\\\/et-maintenant-place-a-lautoproduction\\\/#article\",\"isPartOf\":{\"@id\":\"https:\\\/\\\/www.renouvelle.be\\\/fr\\\/et-maintenant-place-a-lautoproduction\\\/\"},\"author\":{\"name\":\"Benjamin WILKIN\",\"@id\":\"https:\\\/\\\/www.renouvelle.be\\\/fr\\\/#\\\/schema\\\/person\\\/20d41a25c5a48ee6500cc1a14288f058\"},\"headline\":\"Et maintenant : place \u00e0 l\u2019autoproduction !\",\"datePublished\":\"2016-05-20T13:56:57+00:00\",\"dateModified\":\"2021-06-15T07:17:04+00:00\",\"mainEntityOfPage\":{\"@id\":\"https:\\\/\\\/www.renouvelle.be\\\/fr\\\/et-maintenant-place-a-lautoproduction\\\/\"},\"wordCount\":809,\"commentCount\":0,\"image\":{\"@id\":\"https:\\\/\\\/www.renouvelle.be\\\/fr\\\/et-maintenant-place-a-lautoproduction\\\/#primaryimage\"},\"thumbnailUrl\":\"https:\\\/\\\/www.renouvelle.be\\\/wp-content\\\/uploads\\\/2021\\\/02\\\/autoprod.png\",\"articleSection\":[\"D\u00e9bats\"],\"inLanguage\":\"fr-FR\",\"potentialAction\":[{\"@type\":\"CommentAction\",\"name\":\"Comment\",\"target\":[\"https:\\\/\\\/www.renouvelle.be\\\/fr\\\/et-maintenant-place-a-lautoproduction\\\/#respond\"]}]},{\"@type\":\"WebPage\",\"@id\":\"https:\\\/\\\/www.renouvelle.be\\\/fr\\\/et-maintenant-place-a-lautoproduction\\\/\",\"url\":\"https:\\\/\\\/www.renouvelle.be\\\/fr\\\/et-maintenant-place-a-lautoproduction\\\/\",\"name\":\"Et maintenant : place \u00e0 l\u2019autoproduction ! - Renouvelle\",\"isPartOf\":{\"@id\":\"https:\\\/\\\/www.renouvelle.be\\\/fr\\\/#website\"},\"primaryImageOfPage\":{\"@id\":\"https:\\\/\\\/www.renouvelle.be\\\/fr\\\/et-maintenant-place-a-lautoproduction\\\/#primaryimage\"},\"image\":{\"@id\":\"https:\\\/\\\/www.renouvelle.be\\\/fr\\\/et-maintenant-place-a-lautoproduction\\\/#primaryimage\"},\"thumbnailUrl\":\"https:\\\/\\\/www.renouvelle.be\\\/wp-content\\\/uploads\\\/2021\\\/02\\\/autoprod.png\",\"datePublished\":\"2016-05-20T13:56:57+00:00\",\"dateModified\":\"2021-06-15T07:17:04+00:00\",\"author\":{\"@id\":\"https:\\\/\\\/www.renouvelle.be\\\/fr\\\/#\\\/schema\\\/person\\\/20d41a25c5a48ee6500cc1a14288f058\"},\"breadcrumb\":{\"@id\":\"https:\\\/\\\/www.renouvelle.be\\\/fr\\\/et-maintenant-place-a-lautoproduction\\\/#breadcrumb\"},\"inLanguage\":\"fr-FR\",\"potentialAction\":[{\"@type\":\"ReadAction\",\"target\":[\"https:\\\/\\\/www.renouvelle.be\\\/fr\\\/et-maintenant-place-a-lautoproduction\\\/\"]}]},{\"@type\":\"ImageObject\",\"inLanguage\":\"fr-FR\",\"@id\":\"https:\\\/\\\/www.renouvelle.be\\\/fr\\\/et-maintenant-place-a-lautoproduction\\\/#primaryimage\",\"url\":\"https:\\\/\\\/www.renouvelle.be\\\/wp-content\\\/uploads\\\/2021\\\/02\\\/autoprod.png\",\"contentUrl\":\"https:\\\/\\\/www.renouvelle.be\\\/wp-content\\\/uploads\\\/2021\\\/02\\\/autoprod.png\",\"width\":580,\"height\":316},{\"@type\":\"BreadcrumbList\",\"@id\":\"https:\\\/\\\/www.renouvelle.be\\\/fr\\\/et-maintenant-place-a-lautoproduction\\\/#breadcrumb\",\"itemListElement\":[{\"@type\":\"ListItem\",\"position\":1,\"name\":\"Accueil\",\"item\":\"https:\\\/\\\/www.renouvelle.be\\\/fr\\\/\"},{\"@type\":\"ListItem\",\"position\":2,\"name\":\"Et maintenant : place \u00e0 l\u2019autoproduction !\"}]},{\"@type\":\"WebSite\",\"@id\":\"https:\\\/\\\/www.renouvelle.be\\\/fr\\\/#website\",\"url\":\"https:\\\/\\\/www.renouvelle.be\\\/fr\\\/\",\"name\":\"Renouvelle\",\"description\":\"L&#039;actualit\u00e9 de l&#039;\u00e9nergie durable\",\"potentialAction\":[{\"@type\":\"SearchAction\",\"target\":{\"@type\":\"EntryPoint\",\"urlTemplate\":\"https:\\\/\\\/www.renouvelle.be\\\/fr\\\/?s={search_term_string}\"},\"query-input\":{\"@type\":\"PropertyValueSpecification\",\"valueRequired\":true,\"valueName\":\"search_term_string\"}}],\"inLanguage\":\"fr-FR\"},{\"@type\":\"Person\",\"@id\":\"https:\\\/\\\/www.renouvelle.be\\\/fr\\\/#\\\/schema\\\/person\\\/20d41a25c5a48ee6500cc1a14288f058\",\"name\":\"Benjamin WILKIN\",\"url\":\"https:\\\/\\\/www.renouvelle.be\\\/fr\\\/author\\\/benjaminwilkin\\\/\"}]}<\/script>\n<!-- \/ Yoast SEO plugin. -->","yoast_head_json":{"title":"Et maintenant : place \u00e0 l\u2019autoproduction ! - Renouvelle","robots":{"index":"index","follow":"follow","max-snippet":"max-snippet:-1","max-image-preview":"max-image-preview:large","max-video-preview":"max-video-preview:-1"},"canonical":"https:\/\/www.renouvelle.be\/fr\/et-maintenant-place-a-lautoproduction\/","og_locale":"fr_FR","og_type":"article","og_title":"Et maintenant : place \u00e0 l\u2019autoproduction ! - Renouvelle","og_description":"Oui \u2026 et non, c\u2019est une question de point de vue Si je me place du c\u00f4t\u00e9 du prosumer, ce qui m\u2019importe, c\u2019est que l&rsquo;\u00e9lectricit\u00e9 que je consomme provienne le plus possible de mon installation photovolta\u00efque. Un peu comme si j\u2019\u00e9tais devenu mon propre fournisseur d\u2019\u00e9lectricit\u00e9 : au-del\u00e0 d\u2019une \u00e9ventuelle diminution de prix, la seule plus-value qualitative de mon nouveau fournisseur est qu\u2019il m\u2019assure une grande proportion d\u2019\u00e9nergie \u00ab verte \u00bb. Un prosumer a donc int\u00e9r\u00eat \u00e0 ce que l\u2019\u00e9lectricit\u00e9 qu\u2019il consomme soit la plus autoproduite possible. &gt; Autoproduction, mon souci est donc : d\u2019o\u00f9 vient l\u2019\u00e9lectricit\u00e9 que je consomme ? Si je me place du c\u00f4t\u00e9 du r\u00e9seau \u00e9lectrique, ce qui m\u2019importe, c\u2019est de pr\u00e9voir si j\u2019aurai assez de production, d\u2019o\u00f9 qu\u2019elle vienne, pour assurer la consommation. Les r\u00e9seaux \u00e9tant dimensionn\u00e9s en capacit\u00e9 d\u00e9croissante vers la basse tension, mon souci sp\u00e9cifique \u00ab photovolta\u00efque \u00bb est d\u2019\u00e9viter que mon r\u00e9seau soit inond\u00e9 de cette puissance solaire en plein midi (congestion, surtensions). Je souhaite donc qu\u2019un maximum de la production photovolta\u00efque d\u00e9centralis\u00e9e puisse \u00eatre, simultan\u00e9ment, consomm\u00e9e sur place. &gt; Autoconsommation, mon souci est donc : o\u00f9 va l\u2019\u00e9lectricit\u00e9 photovolta\u00efque produite ? Graphiques : deux points de vue pour un m\u00eame profil prosumer. Non, ce n\u2019est pas la m\u00eame chose Non, ce n\u2019est pas la m\u00eame chose, car l\u2019impact d\u2019un discours ou de l\u2019autre est radicalement diff\u00e9rent. En effet, le point commun est que l\u2019acteur vis\u00e9 est, dans les deux cas, celui qui vit sous les capteurs photovolta\u00efques. Et cette personne aura un comportement radicalement diff\u00e9rent en fonction de la mani\u00e8re dont je m\u2019adresse \u00e0 elle. Si je lui parle d\u2019autoconsommation, je vais lui imposer le souci de \u00ab\u00a0o\u00f9 va l\u2019\u00e9lectricit\u00e9 que je produis\u00a0?\u00a0\u00bb. Il s\u2019agit \u00e9videmment d\u2019une question hors de propos &hellip; Continue reading \"Et maintenant : place \u00e0 l\u2019autoproduction !\"","og_url":"https:\/\/www.renouvelle.be\/fr\/et-maintenant-place-a-lautoproduction\/","og_site_name":"Renouvelle","article_published_time":"2016-05-20T13:56:57+00:00","article_modified_time":"2021-06-15T07:17:04+00:00","og_image":[{"width":580,"height":316,"url":"https:\/\/www.renouvelle.be\/wp-content\/uploads\/2021\/02\/autoprod.png","type":"image\/png"}],"author":"Benjamin WILKIN","twitter_card":"summary_large_image","schema":{"@context":"https:\/\/schema.org","@graph":[{"@type":"Article","@id":"https:\/\/www.renouvelle.be\/fr\/et-maintenant-place-a-lautoproduction\/#article","isPartOf":{"@id":"https:\/\/www.renouvelle.be\/fr\/et-maintenant-place-a-lautoproduction\/"},"author":{"name":"Benjamin WILKIN","@id":"https:\/\/www.renouvelle.be\/fr\/#\/schema\/person\/20d41a25c5a48ee6500cc1a14288f058"},"headline":"Et maintenant : place \u00e0 l\u2019autoproduction !","datePublished":"2016-05-20T13:56:57+00:00","dateModified":"2021-06-15T07:17:04+00:00","mainEntityOfPage":{"@id":"https:\/\/www.renouvelle.be\/fr\/et-maintenant-place-a-lautoproduction\/"},"wordCount":809,"commentCount":0,"image":{"@id":"https:\/\/www.renouvelle.be\/fr\/et-maintenant-place-a-lautoproduction\/#primaryimage"},"thumbnailUrl":"https:\/\/www.renouvelle.be\/wp-content\/uploads\/2021\/02\/autoprod.png","articleSection":["D\u00e9bats"],"inLanguage":"fr-FR","potentialAction":[{"@type":"CommentAction","name":"Comment","target":["https:\/\/www.renouvelle.be\/fr\/et-maintenant-place-a-lautoproduction\/#respond"]}]},{"@type":"WebPage","@id":"https:\/\/www.renouvelle.be\/fr\/et-maintenant-place-a-lautoproduction\/","url":"https:\/\/www.renouvelle.be\/fr\/et-maintenant-place-a-lautoproduction\/","name":"Et maintenant : place \u00e0 l\u2019autoproduction ! - Renouvelle","isPartOf":{"@id":"https:\/\/www.renouvelle.be\/fr\/#website"},"primaryImageOfPage":{"@id":"https:\/\/www.renouvelle.be\/fr\/et-maintenant-place-a-lautoproduction\/#primaryimage"},"image":{"@id":"https:\/\/www.renouvelle.be\/fr\/et-maintenant-place-a-lautoproduction\/#primaryimage"},"thumbnailUrl":"https:\/\/www.renouvelle.be\/wp-content\/uploads\/2021\/02\/autoprod.png","datePublished":"2016-05-20T13:56:57+00:00","dateModified":"2021-06-15T07:17:04+00:00","author":{"@id":"https:\/\/www.renouvelle.be\/fr\/#\/schema\/person\/20d41a25c5a48ee6500cc1a14288f058"},"breadcrumb":{"@id":"https:\/\/www.renouvelle.be\/fr\/et-maintenant-place-a-lautoproduction\/#breadcrumb"},"inLanguage":"fr-FR","potentialAction":[{"@type":"ReadAction","target":["https:\/\/www.renouvelle.be\/fr\/et-maintenant-place-a-lautoproduction\/"]}]},{"@type":"ImageObject","inLanguage":"fr-FR","@id":"https:\/\/www.renouvelle.be\/fr\/et-maintenant-place-a-lautoproduction\/#primaryimage","url":"https:\/\/www.renouvelle.be\/wp-content\/uploads\/2021\/02\/autoprod.png","contentUrl":"https:\/\/www.renouvelle.be\/wp-content\/uploads\/2021\/02\/autoprod.png","width":580,"height":316},{"@type":"BreadcrumbList","@id":"https:\/\/www.renouvelle.be\/fr\/et-maintenant-place-a-lautoproduction\/#breadcrumb","itemListElement":[{"@type":"ListItem","position":1,"name":"Accueil","item":"https:\/\/www.renouvelle.be\/fr\/"},{"@type":"ListItem","position":2,"name":"Et maintenant : place \u00e0 l\u2019autoproduction !"}]},{"@type":"WebSite","@id":"https:\/\/www.renouvelle.be\/fr\/#website","url":"https:\/\/www.renouvelle.be\/fr\/","name":"Renouvelle","description":"L&#039;actualit\u00e9 de l&#039;\u00e9nergie durable","potentialAction":[{"@type":"SearchAction","target":{"@type":"EntryPoint","urlTemplate":"https:\/\/www.renouvelle.be\/fr\/?s={search_term_string}"},"query-input":{"@type":"PropertyValueSpecification","valueRequired":true,"valueName":"search_term_string"}}],"inLanguage":"fr-FR"},{"@type":"Person","@id":"https:\/\/www.renouvelle.be\/fr\/#\/schema\/person\/20d41a25c5a48ee6500cc1a14288f058","name":"Benjamin WILKIN","url":"https:\/\/www.renouvelle.be\/fr\/author\/benjaminwilkin\/"}]}},"_links":{"self":[{"href":"https:\/\/www.renouvelle.be\/fr\/wp-json\/wp\/v2\/posts\/2365","targetHints":{"allow":["GET"]}}],"collection":[{"href":"https:\/\/www.renouvelle.be\/fr\/wp-json\/wp\/v2\/posts"}],"about":[{"href":"https:\/\/www.renouvelle.be\/fr\/wp-json\/wp\/v2\/types\/post"}],"author":[{"embeddable":true,"href":"https:\/\/www.renouvelle.be\/fr\/wp-json\/wp\/v2\/users\/17"}],"replies":[{"embeddable":true,"href":"https:\/\/www.renouvelle.be\/fr\/wp-json\/wp\/v2\/comments?post=2365"}],"version-history":[{"count":2,"href":"https:\/\/www.renouvelle.be\/fr\/wp-json\/wp\/v2\/posts\/2365\/revisions"}],"predecessor-version":[{"id":6412,"href":"https:\/\/www.renouvelle.be\/fr\/wp-json\/wp\/v2\/posts\/2365\/revisions\/6412"}],"wp:featuredmedia":[{"embeddable":true,"href":"https:\/\/www.renouvelle.be\/fr\/wp-json\/wp\/v2\/media\/4397"}],"wp:attachment":[{"href":"https:\/\/www.renouvelle.be\/fr\/wp-json\/wp\/v2\/media?parent=2365"}],"wp:term":[{"taxonomy":"category","embeddable":true,"href":"https:\/\/www.renouvelle.be\/fr\/wp-json\/wp\/v2\/categories?post=2365"},{"taxonomy":"post_tag","embeddable":true,"href":"https:\/\/www.renouvelle.be\/fr\/wp-json\/wp\/v2\/tags?post=2365"},{"taxonomy":"section","embeddable":true,"href":"https:\/\/www.renouvelle.be\/fr\/wp-json\/wp\/v2\/section?post=2365"}],"curies":[{"name":"wp","href":"https:\/\/api.w.org\/{rel}","templated":true}]}}