{"id":17092,"date":"2026-09-02T14:09:18","date_gmt":"2026-09-02T12:09:18","guid":{"rendered":"https:\/\/www.renouvelle.be\/?p=17092"},"modified":"2026-09-02T14:09:21","modified_gmt":"2026-09-02T12:09:21","slug":"primes-a-la-renovation-encore-du-changement-en-wallonie","status":"publish","type":"post","link":"https:\/\/www.renouvelle.be\/fr\/primes-a-la-renovation-encore-du-changement-en-wallonie\/","title":{"rendered":"Primes \u00e0 la r\u00e9novation : encore du changement en Wallonie"},"content":{"rendered":"\n<p class=\"wp-block-paragraph\">Le 14 f\u00e9vrier 2025, le Gouvernement wallon mettait fin \u00e0 l\u2019ancien r\u00e9gime de primes \u00e0 la r\u00e9novation, faisant basculer les demandes introduites au-del\u00e0 de ce d\u00e9lai dans un r\u00e9gime transitoire, beaucoup moins g\u00e9n\u00e9reux (<a href=\"https:\/\/www.renouvelle.be\/fr\/wallonie-diminution-de-60-pour-les-primes-a-la-renovation\/\" data-type=\"link\" data-id=\"https:\/\/www.renouvelle.be\/fr\/wallonie-diminution-de-60-pour-les-primes-a-la-renovation\/\" target=\"_blank\" rel=\"noreferrer noopener\">-60 %<\/a> en moyenne des montants octroy\u00e9s par rapport au r\u00e9gime de 2023). Ce dernier prendra fin le 30 septembre 2026, laissant place \u00e0 un nouveau r\u00e9gime.<\/p>\n\n\n\n<h2 class=\"wp-block-heading\">La course aux travaux avant la fin de la p\u00e9riode transitoire<\/h2>\n\n\n\n<p class=\"wp-block-paragraph\">Le changement inattendu du syst\u00e8me transitoire des primes \u00e0 la r\u00e9novation en 2025 avait \u00e9t\u00e9 mal per\u00e7u par le secteur de la construction, qui, apr\u00e8s avoir croul\u00e9 sous les demandes, a connu une p\u00e9riode tr\u00e8s calme avant une reprise des commandes. On peut s\u2019attendre au m\u00eame sc\u00e9nario au d\u00e9but de l\u2019automne 2026, et c\u2019est ce qui inqui\u00e8te de nombreuses <a href=\"https:\/\/www.rtbf.be\/article\/primes-a-la-renovation-en-wallonie-l-actuel-systeme-prend-fin-le-30-septembre-aurez-vous-le-temps-de-boucler-votre-dossier-11766808\" target=\"_blank\" rel=\"noreferrer noopener\">entreprises<\/a>.<\/p>\n\n\n\n<p class=\"wp-block-paragraph\">Pour rappel, le r\u00e9gime de primes en vigueur en Wallonie jusqu\u2019au 30 septembre 2026 vise \u00e0 soutenir les m\u00e9nages dans la r\u00e9alisation de travaux am\u00e9liorant la performance \u00e9nerg\u00e9tique de leur b\u00e2timent (isolation des murs, remplacement du chauffage, des ch\u00e2ssis, etc). Les montants octroy\u00e9s variant selon les revenus du m\u00e9nage et \u00e9tant souvent vers\u00e9s plus d\u2019un an apr\u00e8s la r\u00e9alisation des travaux, il fallait pouvoir avancer la somme, \u00e9ventuellement via un pr\u00eat travaux, et croiser les doigts pour que le dossier soit accept\u00e9 sans encombre.<\/p>\n\n\n\n<p class=\"wp-block-paragraph\">Voici quelques exemples de soutien&nbsp;:<\/p>\n\n\n\n<ul class=\"wp-block-list\">\n<li>Installation d\u2019une pompe \u00e0 chaleur air-eau (budget entre 10 000 et 15 000\u20ac)\u00a0: la prime de base s\u2019\u00e9l\u00e8ve \u00e0 600\u20ac (jusqu\u2019\u00e0 3 600\u20ac pour les cat\u00e9gories R1), sans compte les primes associ\u00e9es au ballon de stockage et \u00e0 l\u2019isolation des conduites.<\/li>\n<\/ul>\n\n\n\n<ul class=\"wp-block-list\">\n<li>Isolation d\u2019un toit de 100m\u00b2 avec remplacement de la couverture (budget 30 000\u20ac)\u00a0: la prime de base s\u2019\u00e9l\u00e8ve \u00e0 2 400\u20ac (jusqu\u2019\u00e0 14 400\u20ac si cat\u00e9gorie R1).<\/li>\n<\/ul>\n\n\n\n<h2 class=\"wp-block-heading\">Qu\u2019est-ce qui remplace les primes \u00e0 la r\u00e9novation en Wallonie&nbsp;?<\/h2>\n\n\n\n<p class=\"wp-block-paragraph\">Le nouveau syst\u00e8me, qui entrera en vigueur le 1<sup>er<\/sup> octobre 2026, reposera sur des pr\u00eats \u00e0 taux z\u00e9ro ou pr\u00e9f\u00e9rentiel (toutes les informations sont disponibles sur <a href=\"https:\/\/www.wallonie.be\/fr\/actualites\/renovation-energetique-les-grandes-lignes-du-futur-regime-de-soutien-sont-connues\" target=\"_blank\" rel=\"noreferrer noopener\">Wallonie.be<\/a>).\u00a0 Ces pr\u00eats existaient d\u00e9j\u00e0 dans le r\u00e9gime actuel, mais seront adapt\u00e9s pour mieux soutenir les m\u00e9nages \u00e0 faibles revenus.<\/p>\n\n\n\n<p class=\"wp-block-paragraph\">Ce dispositif sera exclusivement destin\u00e9 \u00e0 la r\u00e9novation \u00ab&nbsp;des passoires thermiques&nbsp;\u00bb, soit les logements affichant un label PEB E, F ou G. Cette cat\u00e9gorie repr\u00e9sente plus de 54 % du parc de logements wallon (430 589 logements recens\u00e9s en 2024).<\/p>\n\n\n\n<p class=\"wp-block-paragraph\">Les pr\u00eats seront octroy\u00e9s \u00e0 condition que les travaux permettent d\u2019atteindre un label PEB minimum. La priorit\u00e9 sera donn\u00e9e aux travaux offrant le meilleur gain \u00e9nerg\u00e9tique, en termes de kWh \u00e9conomis\u00e9s par euro emprunt\u00e9.<\/p>\n\n\n\n<ul class=\"wp-block-list\">\n<li>Les logements avec <strong>label PEB G et F<\/strong> devront atteindre au minimum le <strong>label D<\/strong><\/li>\n\n\n\n<li>Les logements avec <strong>label PEB E<\/strong> devront atteindre au minimum le <strong>label C<\/strong><\/li>\n<\/ul>\n\n\n\n<figure class=\"wp-block-image size-large\"><img loading=\"lazy\" decoding=\"async\" width=\"1024\" height=\"492\" src=\"https:\/\/www.renouvelle.be\/wp-content\/uploads\/2026\/09\/renovation_wallonie_primes-1024x492.png\" alt=\"primes r\u00e9novation Wallonie\" class=\"wp-image-17109\" srcset=\"https:\/\/www.renouvelle.be\/wp-content\/uploads\/2026\/09\/renovation_wallonie_primes-1024x492.png 1024w, https:\/\/www.renouvelle.be\/wp-content\/uploads\/2026\/09\/renovation_wallonie_primes-300x144.png 300w, https:\/\/www.renouvelle.be\/wp-content\/uploads\/2026\/09\/renovation_wallonie_primes-768x369.png 768w, https:\/\/www.renouvelle.be\/wp-content\/uploads\/2026\/09\/renovation_wallonie_primes.png 1096w\" sizes=\"auto, (max-width: 1024px) 100vw, 1024px\" \/><figcaption class=\"wp-element-caption\">Source : Wallonie.be<\/figcaption><\/figure>\n\n\n\n<h2 class=\"wp-block-heading\">Quels sont les types de pr\u00eats pour la r\u00e9novation en Wallonie&nbsp;?<\/h2>\n\n\n\n<p class=\"wp-block-paragraph\">Si vous r\u00e9pondez aux conditions, rendez-vous sur <a href=\"https:\/\/appicredit.swcs.be\/\">appicredit<\/a>, la plateforme mise en ligne par la Soci\u00e9t\u00e9 wallonne du cr\u00e9dit social. Elle vous permettra de vous orienter vers le pr\u00eat adapt\u00e9 et d\u2019officialiser votre demande. Une fois celle-ci re\u00e7ue, l\u2019organisme de pr\u00eat pourra analyser votre dossier et vous attribuer un matricule, indiquant que celui-ci est complet, mais pas encore accept\u00e9. Vous trouverez toutes ces explications dans <a href=\"https:\/\/www.swcs.be\/actualites\/reforme-des-aides-a-la-renovation-ce-quil-faut-savoir-avant-le-1er-octobre-2026\">cet article<\/a> d\u00e9velopp\u00e9 par la SWCS.<\/p>\n\n\n\n<h3 class=\"wp-block-heading\">Renopack&nbsp;(\u00e0 taux z\u00e9ro)<\/h3>\n\n\n\n<p class=\"wp-block-paragraph\"><strong>Pour qui<\/strong>\u00a0? Pour les m\u00e9nages dont les revenus ne d\u00e9passent pas 67.100\u20ac (montant calcul\u00e9 sur base des revenus d\u00e9clar\u00e9 dans l\u2019avertissement d\u2019extrait de r\u00f4le \u00e0 dater de 2 ans avant l\u2019introduction de la demande, en 2026 c\u2019est l\u2019AER de 2025 pour les revenus imposables 2024).<\/p>\n\n\n\n<p class=\"wp-block-paragraph\"><strong>Particularit\u00e9&nbsp;:<\/strong><\/p>\n\n\n\n<ul class=\"wp-block-list\">\n<li><strong>un taux d\u2019emprunt de z\u00e9ro<\/strong><\/li>\n\n\n\n<li><strong>une r\u00e9duction<\/strong> du montant \u00e0 rembourser en fonction de la cat\u00e9gorie de revenus du m\u00e9nage<\/li>\n\n\n\n<li>Les travaux qui utiliseront <strong>des mat\u00e9riaux biosourc\u00e9s<\/strong> recevront une majoration de la r\u00e9duction du montant \u00e0 rembourser.<\/li>\n<\/ul>\n\n\n\n<figure class=\"wp-block-table\"><table class=\"has-black-color has-text-color has-background has-link-color has-fixed-layout\" style=\"background-color:#f7f7f7\"><tbody><tr><td><strong>Cat\u00e9gorie de revenus<\/strong><\/td><td><strong>Taux<\/strong><\/td><td><strong>R\u00e9duction du montant \u00e0 rembourser<\/strong><\/td><\/tr><tr><td>C1 Jusqu&rsquo;\u00e0 28.900 \u20ac<\/td><td>0 % <\/td><td>50 %<\/td><\/tr><tr><td>C2 De 28.900,01 \u20ac \u00e0 41.100 \u20ac<\/td><td>0 %<\/td><td>40 %<\/td><\/tr><tr><td>C3 De 41.100,01 \u20ac \u00e0 67.100 \u20ac<\/td><td>0 %<\/td><td>10 %<\/td><\/tr><\/tbody><\/table><\/figure>\n\n\n\n<h2 class=\"wp-block-heading\">R\u00e9nopr\u00eat (taux r\u00e9duit)&nbsp;:<\/h2>\n\n\n\n<p class=\"wp-block-paragraph\"><strong>Pour qui<\/strong>&nbsp;? Pour les m\u00e9nages dont les revenus se situent entre 67.100\u20ac et 122.800\u20ac<\/p>\n\n\n\n<p class=\"wp-block-paragraph\"><strong>Particularit\u00e9&nbsp;:<\/strong><\/p>\n\n\n\n<ul class=\"wp-block-list\">\n<li>un taux variable plus attractif que dans des banques classiques,<\/li>\n\n\n\n<li>mais il n\u2019y aura <strong>pas de r\u00e9duction sur le montant emprunt\u00e9<\/strong>.<\/li>\n\n\n\n<li><strong>Pas de r\u00e9duction<\/strong> si vous faites recourt \u00e0 des mat\u00e9riaux biosourc\u00e9s (bien souvent un plus chers que des mat\u00e9riaux issus de la p\u00e9trochimie).<\/li>\n<\/ul>\n\n\n\n<h2 class=\"wp-block-heading\">Ce qui ne change pas pour les deux pr\u00eats !<\/h2>\n\n\n\n<p class=\"wp-block-paragraph\">Les m\u00e9nages devront faire appel \u00e0 un auditeur qui fournira un rapport complet de la situation \u00e9nerg\u00e9tique actuelle et projet\u00e9e de l\u2019habitation apr\u00e8s am\u00e9lioration. C\u2019est probablement seul le diagnostic de l\u2019auditeur qui d\u00e9terminera pr\u00e9cis\u00e9ment le label PEB de votre habitation, vous permettant de savoir si vous r\u00e9pondez \u00e0 la condition de passoire thermique pour b\u00e9n\u00e9ficier du pr\u00eat.<\/p>\n\n\n\n<p class=\"wp-block-paragraph\">Les travaux&nbsp;commencent uniquement apr\u00e8s la signature&nbsp;du contrat de cr\u00e9dit, qu\u2019il s\u2019agisse de travaux financ\u00e9s ou li\u00e9s \u00e0 la salubrit\u00e9.<\/p>\n\n\n\n<p class=\"wp-block-paragraph\">Aucun acompte ne peut \u00eatre vers\u00e9&nbsp;avant la signature de votre contrat de cr\u00e9dit, m\u00eame si un entrepreneur vous le demande.<\/p>\n\n\n\n<h2 class=\"wp-block-heading\">Un accompagnement plus pouss\u00e9<\/h2>\n\n\n\n<p class=\"wp-block-paragraph\">Le gouvernement veut mettre en place un accompagnement sous la forme de \u00ab guichets uniques \u00bb avec trois niveaux de prise en charge selon le besoin des m\u00e9nages&nbsp;:<\/p>\n\n\n\n<ul class=\"wp-block-list\">\n<li><strong>Niveau 1<\/strong> : information et conseils\u00a0<\/li>\n\n\n\n<li><strong>Niveau 2 :<\/strong> accompagnement personnalis\u00e9 pour pr\u00e9parer le projet, rechercher les financements et accomplir les d\u00e9marches administratives ;<\/li>\n\n\n\n<li><strong>Niveau 3 :<\/strong> prise en charge quasi compl\u00e8te du projet, y compris le suivi des travaux.<\/li>\n<\/ul>\n\n\n\n<p class=\"wp-block-paragraph\">Le dispositif sera d\u00e9ploy\u00e9 petit \u00e0 petit :<\/p>\n\n\n\n<ul class=\"wp-block-list\">\n<li><strong>D\u00e8s le 1<sup>er<\/sup>\u00a0octobre 2026<\/strong>, il s\u2019appuiera sur les services existants (Guichet \u00c9nergie, Soci\u00e9t\u00e9 wallonne du cr\u00e9dit social, Fonds du Logement des familles nombreuses, Plateformes Locales de R\u00e9novation \u00c9nerg\u00e9tique.);<\/li>\n\n\n\n<li><strong>D\u00e8s le 1<sup>er<\/sup>\u00a0janvier 2028<\/strong>, la future Agence wallonne de l&rsquo;Habitation pilotera le dispositif, avec des op\u00e9rateurs agr\u00e9\u00e9s, des outils communs et une meilleure couverture territoriale.<\/li>\n<\/ul>\n\n\n\n<p class=\"wp-block-paragraph\"><\/p>\n","protected":false},"excerpt":{"rendered":"<p>Le 14 f\u00e9vrier 2025, le Gouvernement wallon mettait fin \u00e0 l\u2019ancien r\u00e9gime de primes \u00e0 la r\u00e9novation, faisant basculer les demandes introduites au-del\u00e0 de ce d\u00e9lai dans un r\u00e9gime transitoire, beaucoup moins g\u00e9n\u00e9reux (-60 % en moyenne des montants octroy\u00e9s par rapport au r\u00e9gime de 2023). Ce dernier prendra fin le 30 septembre 2026, laissant place \u00e0 un nouveau r\u00e9gime. La course aux travaux avant la fin de la p\u00e9riode transitoire Le changement inattendu du syst\u00e8me transitoire des primes \u00e0 la r\u00e9novation en 2025 avait \u00e9t\u00e9 mal per\u00e7u par le secteur de la construction, qui, apr\u00e8s avoir croul\u00e9 sous les demandes, a connu une p\u00e9riode tr\u00e8s calme avant une reprise des commandes. On peut s\u2019attendre au m\u00eame sc\u00e9nario au d\u00e9but de l\u2019automne 2026, et c\u2019est ce qui inqui\u00e8te de nombreuses entreprises. Pour rappel, le r\u00e9gime de primes en vigueur en Wallonie jusqu\u2019au 30 septembre 2026 vise \u00e0 soutenir les m\u00e9nages dans la r\u00e9alisation de travaux am\u00e9liorant la performance \u00e9nerg\u00e9tique de leur b\u00e2timent (isolation des murs, remplacement du chauffage, des ch\u00e2ssis, etc). Les montants octroy\u00e9s variant selon les revenus du m\u00e9nage et \u00e9tant souvent vers\u00e9s plus d\u2019un an apr\u00e8s la r\u00e9alisation des travaux, il fallait pouvoir avancer la somme, \u00e9ventuellement via un pr\u00eat travaux, et croiser les doigts pour que le dossier soit accept\u00e9 sans encombre. Voici quelques exemples de soutien&nbsp;: Qu\u2019est-ce qui remplace les primes \u00e0 la r\u00e9novation en Wallonie&nbsp;? Le nouveau syst\u00e8me, qui entrera en vigueur le 1er octobre 2026, reposera sur des pr\u00eats \u00e0 taux z\u00e9ro ou pr\u00e9f\u00e9rentiel (toutes les informations sont disponibles sur Wallonie.be).\u00a0 Ces pr\u00eats existaient d\u00e9j\u00e0 dans le r\u00e9gime actuel, mais seront adapt\u00e9s pour mieux soutenir les m\u00e9nages \u00e0 faibles revenus. Ce dispositif sera exclusivement destin\u00e9 \u00e0 la r\u00e9novation \u00ab&nbsp;des passoires thermiques&nbsp;\u00bb, soit les logements &hellip; <a href=\"https:\/\/www.renouvelle.be\/fr\/primes-a-la-renovation-encore-du-changement-en-wallonie\/\" class=\"more-link\">Continue reading<span class=\"screen-reader-text\"> \u00ab\u00a0Primes \u00e0 la r\u00e9novation : encore du changement en Wallonie\u00a0\u00bb<\/span><\/a><\/p>\n","protected":false},"author":27,"featured_media":17106,"comment_status":"closed","ping_status":"closed","sticky":false,"template":"","format":"standard","meta":{"_acf_changed":false,"footnotes":""},"categories":[16,17],"tags":[],"section":[8],"class_list":["post-17092","post","type-post","status-publish","format-standard","has-post-thumbnail","hentry","category-actualite","category-actualite-en-belgique","section-energie-renouvelables"],"acf":[],"yoast_head":"<!-- This site is optimized with the Yoast SEO plugin v28.4 - https:\/\/yoast.com\/product\/yoast-seo-wordpress\/ -->\n<title>Primes \u00e0 la r\u00e9novation : encore du changement en Wallonie - Renouvelle<\/title>\n<meta name=\"description\" content=\"Du changement arrive tr\u00e8s bient\u00f4t pour les primes \u00e0 la r\u00e9novation en Wallonie : au revoir les primes, voici les pr\u00eats.\" \/>\n<meta name=\"robots\" content=\"index, follow, max-snippet:-1, max-image-preview:large, max-video-preview:-1\" \/>\n<link rel=\"canonical\" href=\"https:\/\/www.renouvelle.be\/fr\/primes-a-la-renovation-encore-du-changement-en-wallonie\/\" \/>\n<meta property=\"og:locale\" content=\"fr_FR\" \/>\n<meta property=\"og:type\" content=\"article\" \/>\n<meta property=\"og:title\" content=\"Primes \u00e0 la r\u00e9novation : encore du changement en Wallonie - Renouvelle\" \/>\n<meta property=\"og:description\" content=\"Du changement arrive tr\u00e8s bient\u00f4t pour les primes \u00e0 la r\u00e9novation en Wallonie : au revoir les primes, voici les pr\u00eats.\" \/>\n<meta property=\"og:url\" content=\"https:\/\/www.renouvelle.be\/fr\/primes-a-la-renovation-encore-du-changement-en-wallonie\/\" \/>\n<meta property=\"og:site_name\" content=\"Renouvelle\" \/>\n<meta property=\"article:published_time\" content=\"2026-09-02T12:09:18+00:00\" \/>\n<meta property=\"article:modified_time\" content=\"2026-09-02T12:09:21+00:00\" \/>\n<meta property=\"og:image\" content=\"https:\/\/www.renouvelle.be\/wp-content\/uploads\/2026\/09\/AdobeStock_286030293-scaled.jpeg\" \/>\n\t<meta property=\"og:image:width\" content=\"2560\" \/>\n\t<meta property=\"og:image:height\" content=\"1707\" \/>\n\t<meta property=\"og:image:type\" content=\"image\/jpeg\" \/>\n<meta name=\"author\" content=\"Jean Frippiat\" \/>\n<meta name=\"twitter:card\" content=\"summary_large_image\" \/>\n<script type=\"application\/ld+json\" class=\"yoast-schema-graph\">{\"@context\":\"https:\\\/\\\/schema.org\",\"@graph\":[{\"@type\":\"Article\",\"@id\":\"https:\\\/\\\/www.renouvelle.be\\\/fr\\\/primes-a-la-renovation-encore-du-changement-en-wallonie\\\/#article\",\"isPartOf\":{\"@id\":\"https:\\\/\\\/www.renouvelle.be\\\/fr\\\/primes-a-la-renovation-encore-du-changement-en-wallonie\\\/\"},\"author\":{\"name\":\"Jean Frippiat\",\"@id\":\"https:\\\/\\\/www.renouvelle.be\\\/fr\\\/#\\\/schema\\\/person\\\/1ed054cc98dd70c112869f7c561aa617\"},\"headline\":\"Primes \u00e0 la r\u00e9novation : encore du changement en Wallonie\",\"datePublished\":\"2026-09-02T12:09:18+00:00\",\"dateModified\":\"2026-09-02T12:09:21+00:00\",\"mainEntityOfPage\":{\"@id\":\"https:\\\/\\\/www.renouvelle.be\\\/fr\\\/primes-a-la-renovation-encore-du-changement-en-wallonie\\\/\"},\"wordCount\":1043,\"image\":{\"@id\":\"https:\\\/\\\/www.renouvelle.be\\\/fr\\\/primes-a-la-renovation-encore-du-changement-en-wallonie\\\/#primaryimage\"},\"thumbnailUrl\":\"https:\\\/\\\/www.renouvelle.be\\\/wp-content\\\/uploads\\\/2026\\\/09\\\/AdobeStock_286030293-scaled.jpeg\",\"articleSection\":[\"Actualit\u00e9\",\"Actualit\u00e9 en Belgique\"],\"inLanguage\":\"fr-FR\"},{\"@type\":\"WebPage\",\"@id\":\"https:\\\/\\\/www.renouvelle.be\\\/fr\\\/primes-a-la-renovation-encore-du-changement-en-wallonie\\\/\",\"url\":\"https:\\\/\\\/www.renouvelle.be\\\/fr\\\/primes-a-la-renovation-encore-du-changement-en-wallonie\\\/\",\"name\":\"Primes \u00e0 la r\u00e9novation : encore du changement en Wallonie - Renouvelle\",\"isPartOf\":{\"@id\":\"https:\\\/\\\/www.renouvelle.be\\\/fr\\\/#website\"},\"primaryImageOfPage\":{\"@id\":\"https:\\\/\\\/www.renouvelle.be\\\/fr\\\/primes-a-la-renovation-encore-du-changement-en-wallonie\\\/#primaryimage\"},\"image\":{\"@id\":\"https:\\\/\\\/www.renouvelle.be\\\/fr\\\/primes-a-la-renovation-encore-du-changement-en-wallonie\\\/#primaryimage\"},\"thumbnailUrl\":\"https:\\\/\\\/www.renouvelle.be\\\/wp-content\\\/uploads\\\/2026\\\/09\\\/AdobeStock_286030293-scaled.jpeg\",\"datePublished\":\"2026-09-02T12:09:18+00:00\",\"dateModified\":\"2026-09-02T12:09:21+00:00\",\"author\":{\"@id\":\"https:\\\/\\\/www.renouvelle.be\\\/fr\\\/#\\\/schema\\\/person\\\/1ed054cc98dd70c112869f7c561aa617\"},\"description\":\"Du changement arrive tr\u00e8s bient\u00f4t pour les primes \u00e0 la r\u00e9novation en Wallonie : au revoir les primes, voici les pr\u00eats.\",\"breadcrumb\":{\"@id\":\"https:\\\/\\\/www.renouvelle.be\\\/fr\\\/primes-a-la-renovation-encore-du-changement-en-wallonie\\\/#breadcrumb\"},\"inLanguage\":\"fr-FR\",\"potentialAction\":[{\"@type\":\"ReadAction\",\"target\":[\"https:\\\/\\\/www.renouvelle.be\\\/fr\\\/primes-a-la-renovation-encore-du-changement-en-wallonie\\\/\"]}]},{\"@type\":\"ImageObject\",\"inLanguage\":\"fr-FR\",\"@id\":\"https:\\\/\\\/www.renouvelle.be\\\/fr\\\/primes-a-la-renovation-encore-du-changement-en-wallonie\\\/#primaryimage\",\"url\":\"https:\\\/\\\/www.renouvelle.be\\\/wp-content\\\/uploads\\\/2026\\\/09\\\/AdobeStock_286030293-scaled.jpeg\",\"contentUrl\":\"https:\\\/\\\/www.renouvelle.be\\\/wp-content\\\/uploads\\\/2026\\\/09\\\/AdobeStock_286030293-scaled.jpeg\",\"width\":2560,\"height\":1707,\"caption\":\"Les primes \u00e0 la r\u00e9novation en Wallonie remplac\u00e9es par des pr\u00eats\"},{\"@type\":\"BreadcrumbList\",\"@id\":\"https:\\\/\\\/www.renouvelle.be\\\/fr\\\/primes-a-la-renovation-encore-du-changement-en-wallonie\\\/#breadcrumb\",\"itemListElement\":[{\"@type\":\"ListItem\",\"position\":1,\"name\":\"Accueil\",\"item\":\"https:\\\/\\\/www.renouvelle.be\\\/fr\\\/\"},{\"@type\":\"ListItem\",\"position\":2,\"name\":\"Primes \u00e0 la r\u00e9novation : encore du changement en Wallonie\"}]},{\"@type\":\"WebSite\",\"@id\":\"https:\\\/\\\/www.renouvelle.be\\\/fr\\\/#website\",\"url\":\"https:\\\/\\\/www.renouvelle.be\\\/fr\\\/\",\"name\":\"Renouvelle\",\"description\":\"L&#039;actualit\u00e9 de l&#039;\u00e9nergie durable\",\"potentialAction\":[{\"@type\":\"SearchAction\",\"target\":{\"@type\":\"EntryPoint\",\"urlTemplate\":\"https:\\\/\\\/www.renouvelle.be\\\/fr\\\/?s={search_term_string}\"},\"query-input\":{\"@type\":\"PropertyValueSpecification\",\"valueRequired\":true,\"valueName\":\"search_term_string\"}}],\"inLanguage\":\"fr-FR\"},{\"@type\":\"Person\",\"@id\":\"https:\\\/\\\/www.renouvelle.be\\\/fr\\\/#\\\/schema\\\/person\\\/1ed054cc98dd70c112869f7c561aa617\",\"name\":\"Jean Frippiat\",\"url\":\"https:\\\/\\\/www.renouvelle.be\\\/fr\\\/author\\\/jeanfrippiat\\\/\"}]}<\/script>\n<!-- \/ Yoast SEO plugin. -->","yoast_head_json":{"title":"Primes \u00e0 la r\u00e9novation : encore du changement en Wallonie - Renouvelle","description":"Du changement arrive tr\u00e8s bient\u00f4t pour les primes \u00e0 la r\u00e9novation en Wallonie : au revoir les primes, voici les pr\u00eats.","robots":{"index":"index","follow":"follow","max-snippet":"max-snippet:-1","max-image-preview":"max-image-preview:large","max-video-preview":"max-video-preview:-1"},"canonical":"https:\/\/www.renouvelle.be\/fr\/primes-a-la-renovation-encore-du-changement-en-wallonie\/","og_locale":"fr_FR","og_type":"article","og_title":"Primes \u00e0 la r\u00e9novation : encore du changement en Wallonie - Renouvelle","og_description":"Du changement arrive tr\u00e8s bient\u00f4t pour les primes \u00e0 la r\u00e9novation en Wallonie : au revoir les primes, voici les pr\u00eats.","og_url":"https:\/\/www.renouvelle.be\/fr\/primes-a-la-renovation-encore-du-changement-en-wallonie\/","og_site_name":"Renouvelle","article_published_time":"2026-09-02T12:09:18+00:00","article_modified_time":"2026-09-02T12:09:21+00:00","og_image":[{"width":2560,"height":1707,"url":"https:\/\/www.renouvelle.be\/wp-content\/uploads\/2026\/09\/AdobeStock_286030293-scaled.jpeg","type":"image\/jpeg"}],"author":"Jean Frippiat","twitter_card":"summary_large_image","schema":{"@context":"https:\/\/schema.org","@graph":[{"@type":"Article","@id":"https:\/\/www.renouvelle.be\/fr\/primes-a-la-renovation-encore-du-changement-en-wallonie\/#article","isPartOf":{"@id":"https:\/\/www.renouvelle.be\/fr\/primes-a-la-renovation-encore-du-changement-en-wallonie\/"},"author":{"name":"Jean Frippiat","@id":"https:\/\/www.renouvelle.be\/fr\/#\/schema\/person\/1ed054cc98dd70c112869f7c561aa617"},"headline":"Primes \u00e0 la r\u00e9novation : encore du changement en Wallonie","datePublished":"2026-09-02T12:09:18+00:00","dateModified":"2026-09-02T12:09:21+00:00","mainEntityOfPage":{"@id":"https:\/\/www.renouvelle.be\/fr\/primes-a-la-renovation-encore-du-changement-en-wallonie\/"},"wordCount":1043,"image":{"@id":"https:\/\/www.renouvelle.be\/fr\/primes-a-la-renovation-encore-du-changement-en-wallonie\/#primaryimage"},"thumbnailUrl":"https:\/\/www.renouvelle.be\/wp-content\/uploads\/2026\/09\/AdobeStock_286030293-scaled.jpeg","articleSection":["Actualit\u00e9","Actualit\u00e9 en Belgique"],"inLanguage":"fr-FR"},{"@type":"WebPage","@id":"https:\/\/www.renouvelle.be\/fr\/primes-a-la-renovation-encore-du-changement-en-wallonie\/","url":"https:\/\/www.renouvelle.be\/fr\/primes-a-la-renovation-encore-du-changement-en-wallonie\/","name":"Primes \u00e0 la r\u00e9novation : encore du changement en Wallonie - Renouvelle","isPartOf":{"@id":"https:\/\/www.renouvelle.be\/fr\/#website"},"primaryImageOfPage":{"@id":"https:\/\/www.renouvelle.be\/fr\/primes-a-la-renovation-encore-du-changement-en-wallonie\/#primaryimage"},"image":{"@id":"https:\/\/www.renouvelle.be\/fr\/primes-a-la-renovation-encore-du-changement-en-wallonie\/#primaryimage"},"thumbnailUrl":"https:\/\/www.renouvelle.be\/wp-content\/uploads\/2026\/09\/AdobeStock_286030293-scaled.jpeg","datePublished":"2026-09-02T12:09:18+00:00","dateModified":"2026-09-02T12:09:21+00:00","author":{"@id":"https:\/\/www.renouvelle.be\/fr\/#\/schema\/person\/1ed054cc98dd70c112869f7c561aa617"},"description":"Du changement arrive tr\u00e8s bient\u00f4t pour les primes \u00e0 la r\u00e9novation en Wallonie : au revoir les primes, voici les pr\u00eats.","breadcrumb":{"@id":"https:\/\/www.renouvelle.be\/fr\/primes-a-la-renovation-encore-du-changement-en-wallonie\/#breadcrumb"},"inLanguage":"fr-FR","potentialAction":[{"@type":"ReadAction","target":["https:\/\/www.renouvelle.be\/fr\/primes-a-la-renovation-encore-du-changement-en-wallonie\/"]}]},{"@type":"ImageObject","inLanguage":"fr-FR","@id":"https:\/\/www.renouvelle.be\/fr\/primes-a-la-renovation-encore-du-changement-en-wallonie\/#primaryimage","url":"https:\/\/www.renouvelle.be\/wp-content\/uploads\/2026\/09\/AdobeStock_286030293-scaled.jpeg","contentUrl":"https:\/\/www.renouvelle.be\/wp-content\/uploads\/2026\/09\/AdobeStock_286030293-scaled.jpeg","width":2560,"height":1707,"caption":"Les primes \u00e0 la r\u00e9novation en Wallonie remplac\u00e9es par des pr\u00eats"},{"@type":"BreadcrumbList","@id":"https:\/\/www.renouvelle.be\/fr\/primes-a-la-renovation-encore-du-changement-en-wallonie\/#breadcrumb","itemListElement":[{"@type":"ListItem","position":1,"name":"Accueil","item":"https:\/\/www.renouvelle.be\/fr\/"},{"@type":"ListItem","position":2,"name":"Primes \u00e0 la r\u00e9novation : encore du changement en Wallonie"}]},{"@type":"WebSite","@id":"https:\/\/www.renouvelle.be\/fr\/#website","url":"https:\/\/www.renouvelle.be\/fr\/","name":"Renouvelle","description":"L&#039;actualit\u00e9 de l&#039;\u00e9nergie durable","potentialAction":[{"@type":"SearchAction","target":{"@type":"EntryPoint","urlTemplate":"https:\/\/www.renouvelle.be\/fr\/?s={search_term_string}"},"query-input":{"@type":"PropertyValueSpecification","valueRequired":true,"valueName":"search_term_string"}}],"inLanguage":"fr-FR"},{"@type":"Person","@id":"https:\/\/www.renouvelle.be\/fr\/#\/schema\/person\/1ed054cc98dd70c112869f7c561aa617","name":"Jean Frippiat","url":"https:\/\/www.renouvelle.be\/fr\/author\/jeanfrippiat\/"}]}},"_links":{"self":[{"href":"https:\/\/www.renouvelle.be\/fr\/wp-json\/wp\/v2\/posts\/17092","targetHints":{"allow":["GET"]}}],"collection":[{"href":"https:\/\/www.renouvelle.be\/fr\/wp-json\/wp\/v2\/posts"}],"about":[{"href":"https:\/\/www.renouvelle.be\/fr\/wp-json\/wp\/v2\/types\/post"}],"author":[{"embeddable":true,"href":"https:\/\/www.renouvelle.be\/fr\/wp-json\/wp\/v2\/users\/27"}],"replies":[{"embeddable":true,"href":"https:\/\/www.renouvelle.be\/fr\/wp-json\/wp\/v2\/comments?post=17092"}],"version-history":[{"count":10,"href":"https:\/\/www.renouvelle.be\/fr\/wp-json\/wp\/v2\/posts\/17092\/revisions"}],"predecessor-version":[{"id":17111,"href":"https:\/\/www.renouvelle.be\/fr\/wp-json\/wp\/v2\/posts\/17092\/revisions\/17111"}],"wp:featuredmedia":[{"embeddable":true,"href":"https:\/\/www.renouvelle.be\/fr\/wp-json\/wp\/v2\/media\/17106"}],"wp:attachment":[{"href":"https:\/\/www.renouvelle.be\/fr\/wp-json\/wp\/v2\/media?parent=17092"}],"wp:term":[{"taxonomy":"category","embeddable":true,"href":"https:\/\/www.renouvelle.be\/fr\/wp-json\/wp\/v2\/categories?post=17092"},{"taxonomy":"post_tag","embeddable":true,"href":"https:\/\/www.renouvelle.be\/fr\/wp-json\/wp\/v2\/tags?post=17092"},{"taxonomy":"section","embeddable":true,"href":"https:\/\/www.renouvelle.be\/fr\/wp-json\/wp\/v2\/section?post=17092"}],"curies":[{"name":"wp","href":"https:\/\/api.w.org\/{rel}","templated":true}]}}