{"id":16502,"date":"2026-03-12T13:38:43","date_gmt":"2026-03-12T12:38:43","guid":{"rendered":"https:\/\/www.renouvelle.be\/?p=16502"},"modified":"2026-03-12T14:00:22","modified_gmt":"2026-03-12T13:00:22","slug":"42-electricite-fossile-remplacable-geothermie-ue-europe","status":"publish","type":"post","link":"https:\/\/www.renouvelle.be\/fr\/42-electricite-fossile-remplacable-geothermie-ue-europe\/","title":{"rendered":"42 % d\u2019\u00e9lectricit\u00e9 fossile rempla\u00e7able par la g\u00e9othermie dans l\u2019UE"},"content":{"rendered":"\n<p>Plus discr\u00e8te que ses pairs, le photovolta\u00efque et l\u2019\u00e9olien, la g\u00e9othermie continue de creuser toujours un peu plus dans les m\u00e9ninges pour innover ses technologies et d\u00e9bloquer tout le grand potentiel qu\u2019elle d\u00e9tient pourtant\u00a0: remplacer 42 % de l\u2019\u00e9lectricit\u00e9 produite issue du charbon et du gaz dans l\u2019Union europ\u00e9enne.<\/p>\n\n\n\n<p>Un champ des possibles vers lequel nous dirige le groupe de r\u00e9flexion Ember. En se basant sur les estimations et les innovations technologiques \u00e0 venir, 43 GW de capacit\u00e9 mobilisable pourraient \u00eatre d\u00e9velopp\u00e9s dans l\u2019UE et \u00e0 un co\u00fbt comparable \u00e0 la production au charbon ou au gaz. De quoi fournir environ 301 TWh d\u2019\u00e9lectricit\u00e9 par an.<\/p>\n\n\n\n<p>La Hongrie, la Pologne, l\u2019Allemagne et la France repr\u00e9sentent les plus gros potentiels en mati\u00e8re de g\u00e9othermie dans l\u2019Union. Mais gr\u00e2ce \u00e0 l\u2019\u00e9volution du savoir-faire de son secteur, l\u2019opportunit\u00e9 de profiter de cette source d\u2019\u00e9nergie propre pourrait s\u2019\u00e9tendre plus largement \u00e0 des zones g\u00e9ographiques o\u00f9 celle-ci semblait plus difficile \u00e0 saisir ou restreinte. Elle ne concernerait donc plus uniquement les r\u00e9gions volcaniques comme il est souvent coutumier de le penser.<\/p>\n\n\n\n<p>Les nouvelles technologies g\u00e9othermiques permettent maintenant de g\u00e9n\u00e9rer de l\u2019\u00e9lectricit\u00e9 dans des zones o\u00f9 la roche n\u2019est pas naturellement perm\u00e9able. En cr\u00e9ant artificiellement des passages pour les fluides, en forant plus profond\u00e9ment \u00e0 moindre co\u00fbt et en utilisant des syst\u00e8mes capables de fonctionner \u00e0 des temp\u00e9ratures plus basses, la g\u00e9othermie peut d\u00e9sormais plus facilement s\u2019implanter.<\/p>\n\n\n\n<p>Si on se concentre sur l\u2019aspect \u00e9conomique, les co\u00fbts de cette production, inf\u00e9rieurs \u00e0 100 \u20ac\/MWh, seraient comparables \u00e0 ceux des centrales \u00e0 charbon et au gaz, rivalisant avec les prix du march\u00e9 fix\u00e9s par les combustibles fossiles, tout en offrant un avantage majeur : l\u2019absence de co\u00fbt de combustible, qui la prot\u00e8ge des fluctuations des prix de l\u2019\u00e9nergie et de la hausse du co\u00fbt du carbone.<\/p>\n\n\n<div class=\"wp-block-image\">\n<figure class=\"aligncenter size-full\"><img loading=\"lazy\" decoding=\"async\" width=\"1009\" height=\"605\" src=\"https:\/\/www.renouvelle.be\/wp-content\/uploads\/2026\/03\/geothermie_UE_42.png\" alt=\"\" class=\"wp-image-16507\" srcset=\"https:\/\/www.renouvelle.be\/wp-content\/uploads\/2026\/03\/geothermie_UE_42.png 1009w, https:\/\/www.renouvelle.be\/wp-content\/uploads\/2026\/03\/geothermie_UE_42-300x180.png 300w, https:\/\/www.renouvelle.be\/wp-content\/uploads\/2026\/03\/geothermie_UE_42-768x460.png 768w\" sizes=\"auto, (max-width: 1009px) 100vw, 1009px\" \/><figcaption class=\"wp-element-caption\">43 GW de g\u00e9othermie dans l&rsquo;Union europ\u00e9enne co\u00fbterait moins que l&rsquo;\u00e9lectricit\u00e9 issue du fossile.<\/figcaption><\/figure>\n<\/div>\n\n\n<p><a href=\"https:\/\/ember-energy.org\/latest-insights\/hot-stuff-geothermal-energy-in-europe\/\" type=\"link\" id=\"https:\/\/ember-energy.org\/latest-insights\/hot-stuff-geothermal-energy-in-europe\/\" target=\"_blank\" rel=\"noreferrer noopener\">Ember<\/a> souligne la n\u00e9cessit\u00e9 urgente pour l\u2019Union europ\u00e9enne d\u2019\u00eatre plus proactive dans le d\u00e9ploiement de la g\u00e9othermie si elle ne veut pas perdre son leadership en la mati\u00e8re. En prenant du recul pour se faire une id\u00e9e du tableau dans sa globalit\u00e9, la g\u00e9othermie pourrait r\u00e9pondre \u00e0 15 % de la hausse de la demande en \u00e9lectricit\u00e9 d\u2019ici 2050. Un r\u00e9sultat <a href=\"https:\/\/www.renouvelle.be\/fr\/geothermie-un-potentiel-mondial-encore-sous-utilise\/\" target=\"_blank\" rel=\"noreferrer noopener\">d\u00e9j\u00e0 corrobor\u00e9<\/a> par l\u2019Agence Internationale de l\u2019\u00c9nergie.<\/p>\n\n\n\n<p>\u00c0 <a href=\"https:\/\/www.renouvelle.be\/fr\/bruxelles-installe-son-premier-reseau-de-chaleur-par-geothermie\/\" target=\"_blank\" rel=\"noreferrer noopener\">Bruxelles<\/a>, un premier r\u00e9seau de chaleur par g\u00e9othermie commen\u00e7ait d\u00e9j\u00e0 \u00e0 voir le jour en 2024 et les ventes de PAC repartaient \u00e0 <a href=\"https:\/\/www.renouvelle.be\/fr\/belgique-pompes-a-chaleur-16-pourcent-2025\/\" target=\"_blank\" rel=\"noreferrer noopener\">la hausse<\/a> en 2025.<\/p>\n\n\n\n<p>Certains y verront le verre \u00e0 moiti\u00e9 vide, d\u2019autres y verront l\u2019occasion de continuer la multiplication des sources d\u2019\u00e9nergies vertes, dont l\u2019actualit\u00e9 internationale nous en d\u00e9montre toute l\u2019importance.<\/p>\n","protected":false},"excerpt":{"rendered":"<p>Plus discr\u00e8te que ses pairs, le photovolta\u00efque et l\u2019\u00e9olien, la g\u00e9othermie continue de creuser toujours un peu plus dans les m\u00e9ninges pour innover ses technologies et d\u00e9bloquer tout le grand potentiel qu\u2019elle d\u00e9tient pourtant\u00a0: remplacer 42 % de l\u2019\u00e9lectricit\u00e9 produite issue du charbon et du gaz dans l\u2019Union europ\u00e9enne. Un champ des possibles vers lequel nous dirige le groupe de r\u00e9flexion Ember. En se basant sur les estimations et les innovations technologiques \u00e0 venir, 43 GW de capacit\u00e9 mobilisable pourraient \u00eatre d\u00e9velopp\u00e9s dans l\u2019UE et \u00e0 un co\u00fbt comparable \u00e0 la production au charbon ou au gaz. De quoi fournir environ 301 TWh d\u2019\u00e9lectricit\u00e9 par an. La Hongrie, la Pologne, l\u2019Allemagne et la France repr\u00e9sentent les plus gros potentiels en mati\u00e8re de g\u00e9othermie dans l\u2019Union. Mais gr\u00e2ce \u00e0 l\u2019\u00e9volution du savoir-faire de son secteur, l\u2019opportunit\u00e9 de profiter de cette source d\u2019\u00e9nergie propre pourrait s\u2019\u00e9tendre plus largement \u00e0 des zones g\u00e9ographiques o\u00f9 celle-ci semblait plus difficile \u00e0 saisir ou restreinte. Elle ne concernerait donc plus uniquement les r\u00e9gions volcaniques comme il est souvent coutumier de le penser. Les nouvelles technologies g\u00e9othermiques permettent maintenant de g\u00e9n\u00e9rer de l\u2019\u00e9lectricit\u00e9 dans des zones o\u00f9 la roche n\u2019est pas naturellement perm\u00e9able. En cr\u00e9ant artificiellement des passages pour les fluides, en forant plus profond\u00e9ment \u00e0 moindre co\u00fbt et en utilisant des syst\u00e8mes capables de fonctionner \u00e0 des temp\u00e9ratures plus basses, la g\u00e9othermie peut d\u00e9sormais plus facilement s\u2019implanter. Si on se concentre sur l\u2019aspect \u00e9conomique, les co\u00fbts de cette production, inf\u00e9rieurs \u00e0 100 \u20ac\/MWh, seraient comparables \u00e0 ceux des centrales \u00e0 charbon et au gaz, rivalisant avec les prix du march\u00e9 fix\u00e9s par les combustibles fossiles, tout en offrant un avantage majeur : l\u2019absence de co\u00fbt de combustible, qui la prot\u00e8ge des fluctuations des prix de l\u2019\u00e9nergie &hellip; <a href=\"https:\/\/www.renouvelle.be\/fr\/42-electricite-fossile-remplacable-geothermie-ue-europe\/\" class=\"more-link\">Continue reading<span class=\"screen-reader-text\"> \u00ab\u00a042 % d\u2019\u00e9lectricit\u00e9 fossile rempla\u00e7able par la g\u00e9othermie dans l\u2019UE\u00a0\u00bb<\/span><\/a><\/p>\n","protected":false},"author":38,"featured_media":16505,"comment_status":"closed","ping_status":"closed","sticky":false,"template":"","format":"standard","meta":{"_acf_changed":false,"footnotes":""},"categories":[16,18],"tags":[],"section":[8,9],"class_list":["post-16502","post","type-post","status-publish","format-standard","has-post-thumbnail","hentry","category-actualite","category-actualite-internationale","section-energie-renouvelables","section-geothermie-pac"],"acf":[],"yoast_head":"<!-- This site is optimized with the Yoast SEO plugin v27.4 - https:\/\/yoast.com\/product\/yoast-seo-wordpress\/ -->\n<title>42 % d\u2019\u00e9lectricit\u00e9 fossile rempla\u00e7able par la g\u00e9othermie dans l\u2019UE - Renouvelle<\/title>\n<meta name=\"description\" content=\"La g\u00e9othermie, longtemps sous-estim\u00e9e, r\u00e9v\u00e8le un potentiel majeur pour remplacer une part importante du charbon et du gaz en Europe.\" \/>\n<meta name=\"robots\" content=\"index, follow, max-snippet:-1, max-image-preview:large, max-video-preview:-1\" \/>\n<link rel=\"canonical\" href=\"https:\/\/www.renouvelle.be\/fr\/42-electricite-fossile-remplacable-geothermie-ue-europe\/\" \/>\n<meta property=\"og:locale\" content=\"fr_FR\" \/>\n<meta property=\"og:type\" content=\"article\" \/>\n<meta property=\"og:title\" content=\"42 % d\u2019\u00e9lectricit\u00e9 fossile rempla\u00e7able par la g\u00e9othermie dans l\u2019UE - Renouvelle\" \/>\n<meta property=\"og:description\" content=\"La g\u00e9othermie, longtemps sous-estim\u00e9e, r\u00e9v\u00e8le un potentiel majeur pour remplacer une part importante du charbon et du gaz en Europe.\" \/>\n<meta property=\"og:url\" content=\"https:\/\/www.renouvelle.be\/fr\/42-electricite-fossile-remplacable-geothermie-ue-europe\/\" \/>\n<meta property=\"og:site_name\" content=\"Renouvelle\" \/>\n<meta property=\"article:published_time\" content=\"2026-03-12T12:38:43+00:00\" \/>\n<meta property=\"article:modified_time\" content=\"2026-03-12T13:00:22+00:00\" \/>\n<meta property=\"og:image\" content=\"https:\/\/www.renouvelle.be\/wp-content\/uploads\/2026\/03\/AdobeStock_285966313-scaled.jpeg\" \/>\n\t<meta property=\"og:image:width\" content=\"2560\" \/>\n\t<meta property=\"og:image:height\" content=\"1609\" \/>\n\t<meta property=\"og:image:type\" content=\"image\/jpeg\" \/>\n<meta name=\"author\" content=\"Samuel Alves\" \/>\n<meta name=\"twitter:card\" content=\"summary_large_image\" \/>\n<script type=\"application\/ld+json\" class=\"yoast-schema-graph\">{\"@context\":\"https:\\\/\\\/schema.org\",\"@graph\":[{\"@type\":\"Article\",\"@id\":\"https:\\\/\\\/www.renouvelle.be\\\/fr\\\/42-electricite-fossile-remplacable-geothermie-ue-europe\\\/#article\",\"isPartOf\":{\"@id\":\"https:\\\/\\\/www.renouvelle.be\\\/fr\\\/42-electricite-fossile-remplacable-geothermie-ue-europe\\\/\"},\"author\":{\"name\":\"Samuel Alves\",\"@id\":\"https:\\\/\\\/www.renouvelle.be\\\/fr\\\/#\\\/schema\\\/person\\\/9d743366fb269eeceaa8d60e98d289d3\"},\"headline\":\"42 % d\u2019\u00e9lectricit\u00e9 fossile rempla\u00e7able par la g\u00e9othermie dans l\u2019UE\",\"datePublished\":\"2026-03-12T12:38:43+00:00\",\"dateModified\":\"2026-03-12T13:00:22+00:00\",\"mainEntityOfPage\":{\"@id\":\"https:\\\/\\\/www.renouvelle.be\\\/fr\\\/42-electricite-fossile-remplacable-geothermie-ue-europe\\\/\"},\"wordCount\":502,\"image\":{\"@id\":\"https:\\\/\\\/www.renouvelle.be\\\/fr\\\/42-electricite-fossile-remplacable-geothermie-ue-europe\\\/#primaryimage\"},\"thumbnailUrl\":\"https:\\\/\\\/www.renouvelle.be\\\/wp-content\\\/uploads\\\/2026\\\/03\\\/AdobeStock_285966313-scaled.jpeg\",\"articleSection\":[\"Actualit\u00e9\",\"Actualit\u00e9 internationale\"],\"inLanguage\":\"fr-FR\"},{\"@type\":\"WebPage\",\"@id\":\"https:\\\/\\\/www.renouvelle.be\\\/fr\\\/42-electricite-fossile-remplacable-geothermie-ue-europe\\\/\",\"url\":\"https:\\\/\\\/www.renouvelle.be\\\/fr\\\/42-electricite-fossile-remplacable-geothermie-ue-europe\\\/\",\"name\":\"42 % d\u2019\u00e9lectricit\u00e9 fossile rempla\u00e7able par la g\u00e9othermie dans l\u2019UE - Renouvelle\",\"isPartOf\":{\"@id\":\"https:\\\/\\\/www.renouvelle.be\\\/fr\\\/#website\"},\"primaryImageOfPage\":{\"@id\":\"https:\\\/\\\/www.renouvelle.be\\\/fr\\\/42-electricite-fossile-remplacable-geothermie-ue-europe\\\/#primaryimage\"},\"image\":{\"@id\":\"https:\\\/\\\/www.renouvelle.be\\\/fr\\\/42-electricite-fossile-remplacable-geothermie-ue-europe\\\/#primaryimage\"},\"thumbnailUrl\":\"https:\\\/\\\/www.renouvelle.be\\\/wp-content\\\/uploads\\\/2026\\\/03\\\/AdobeStock_285966313-scaled.jpeg\",\"datePublished\":\"2026-03-12T12:38:43+00:00\",\"dateModified\":\"2026-03-12T13:00:22+00:00\",\"author\":{\"@id\":\"https:\\\/\\\/www.renouvelle.be\\\/fr\\\/#\\\/schema\\\/person\\\/9d743366fb269eeceaa8d60e98d289d3\"},\"description\":\"La g\u00e9othermie, longtemps sous-estim\u00e9e, r\u00e9v\u00e8le un potentiel majeur pour remplacer une part importante du charbon et du gaz en Europe.\",\"breadcrumb\":{\"@id\":\"https:\\\/\\\/www.renouvelle.be\\\/fr\\\/42-electricite-fossile-remplacable-geothermie-ue-europe\\\/#breadcrumb\"},\"inLanguage\":\"fr-FR\",\"potentialAction\":[{\"@type\":\"ReadAction\",\"target\":[\"https:\\\/\\\/www.renouvelle.be\\\/fr\\\/42-electricite-fossile-remplacable-geothermie-ue-europe\\\/\"]}]},{\"@type\":\"ImageObject\",\"inLanguage\":\"fr-FR\",\"@id\":\"https:\\\/\\\/www.renouvelle.be\\\/fr\\\/42-electricite-fossile-remplacable-geothermie-ue-europe\\\/#primaryimage\",\"url\":\"https:\\\/\\\/www.renouvelle.be\\\/wp-content\\\/uploads\\\/2026\\\/03\\\/AdobeStock_285966313-scaled.jpeg\",\"contentUrl\":\"https:\\\/\\\/www.renouvelle.be\\\/wp-content\\\/uploads\\\/2026\\\/03\\\/AdobeStock_285966313-scaled.jpeg\",\"width\":2560,\"height\":1609,\"caption\":\"42 \u00e9lectricit\u00e9 g\u00e9othermie UE\"},{\"@type\":\"BreadcrumbList\",\"@id\":\"https:\\\/\\\/www.renouvelle.be\\\/fr\\\/42-electricite-fossile-remplacable-geothermie-ue-europe\\\/#breadcrumb\",\"itemListElement\":[{\"@type\":\"ListItem\",\"position\":1,\"name\":\"Accueil\",\"item\":\"https:\\\/\\\/www.renouvelle.be\\\/fr\\\/\"},{\"@type\":\"ListItem\",\"position\":2,\"name\":\"42 % d\u2019\u00e9lectricit\u00e9 fossile rempla\u00e7able par la g\u00e9othermie dans l\u2019UE\"}]},{\"@type\":\"WebSite\",\"@id\":\"https:\\\/\\\/www.renouvelle.be\\\/fr\\\/#website\",\"url\":\"https:\\\/\\\/www.renouvelle.be\\\/fr\\\/\",\"name\":\"Renouvelle\",\"description\":\"L&#039;actualit\u00e9 de l&#039;\u00e9nergie durable\",\"potentialAction\":[{\"@type\":\"SearchAction\",\"target\":{\"@type\":\"EntryPoint\",\"urlTemplate\":\"https:\\\/\\\/www.renouvelle.be\\\/fr\\\/?s={search_term_string}\"},\"query-input\":{\"@type\":\"PropertyValueSpecification\",\"valueRequired\":true,\"valueName\":\"search_term_string\"}}],\"inLanguage\":\"fr-FR\"},{\"@type\":\"Person\",\"@id\":\"https:\\\/\\\/www.renouvelle.be\\\/fr\\\/#\\\/schema\\\/person\\\/9d743366fb269eeceaa8d60e98d289d3\",\"name\":\"Samuel Alves\",\"url\":\"https:\\\/\\\/www.renouvelle.be\\\/fr\\\/author\\\/salves\\\/\"}]}<\/script>\n<!-- \/ Yoast SEO plugin. -->","yoast_head_json":{"title":"42 % d\u2019\u00e9lectricit\u00e9 fossile rempla\u00e7able par la g\u00e9othermie dans l\u2019UE - Renouvelle","description":"La g\u00e9othermie, longtemps sous-estim\u00e9e, r\u00e9v\u00e8le un potentiel majeur pour remplacer une part importante du charbon et du gaz en Europe.","robots":{"index":"index","follow":"follow","max-snippet":"max-snippet:-1","max-image-preview":"max-image-preview:large","max-video-preview":"max-video-preview:-1"},"canonical":"https:\/\/www.renouvelle.be\/fr\/42-electricite-fossile-remplacable-geothermie-ue-europe\/","og_locale":"fr_FR","og_type":"article","og_title":"42 % d\u2019\u00e9lectricit\u00e9 fossile rempla\u00e7able par la g\u00e9othermie dans l\u2019UE - Renouvelle","og_description":"La g\u00e9othermie, longtemps sous-estim\u00e9e, r\u00e9v\u00e8le un potentiel majeur pour remplacer une part importante du charbon et du gaz en Europe.","og_url":"https:\/\/www.renouvelle.be\/fr\/42-electricite-fossile-remplacable-geothermie-ue-europe\/","og_site_name":"Renouvelle","article_published_time":"2026-03-12T12:38:43+00:00","article_modified_time":"2026-03-12T13:00:22+00:00","og_image":[{"width":2560,"height":1609,"url":"https:\/\/www.renouvelle.be\/wp-content\/uploads\/2026\/03\/AdobeStock_285966313-scaled.jpeg","type":"image\/jpeg"}],"author":"Samuel Alves","twitter_card":"summary_large_image","schema":{"@context":"https:\/\/schema.org","@graph":[{"@type":"Article","@id":"https:\/\/www.renouvelle.be\/fr\/42-electricite-fossile-remplacable-geothermie-ue-europe\/#article","isPartOf":{"@id":"https:\/\/www.renouvelle.be\/fr\/42-electricite-fossile-remplacable-geothermie-ue-europe\/"},"author":{"name":"Samuel Alves","@id":"https:\/\/www.renouvelle.be\/fr\/#\/schema\/person\/9d743366fb269eeceaa8d60e98d289d3"},"headline":"42 % d\u2019\u00e9lectricit\u00e9 fossile rempla\u00e7able par la g\u00e9othermie dans l\u2019UE","datePublished":"2026-03-12T12:38:43+00:00","dateModified":"2026-03-12T13:00:22+00:00","mainEntityOfPage":{"@id":"https:\/\/www.renouvelle.be\/fr\/42-electricite-fossile-remplacable-geothermie-ue-europe\/"},"wordCount":502,"image":{"@id":"https:\/\/www.renouvelle.be\/fr\/42-electricite-fossile-remplacable-geothermie-ue-europe\/#primaryimage"},"thumbnailUrl":"https:\/\/www.renouvelle.be\/wp-content\/uploads\/2026\/03\/AdobeStock_285966313-scaled.jpeg","articleSection":["Actualit\u00e9","Actualit\u00e9 internationale"],"inLanguage":"fr-FR"},{"@type":"WebPage","@id":"https:\/\/www.renouvelle.be\/fr\/42-electricite-fossile-remplacable-geothermie-ue-europe\/","url":"https:\/\/www.renouvelle.be\/fr\/42-electricite-fossile-remplacable-geothermie-ue-europe\/","name":"42 % d\u2019\u00e9lectricit\u00e9 fossile rempla\u00e7able par la g\u00e9othermie dans l\u2019UE - Renouvelle","isPartOf":{"@id":"https:\/\/www.renouvelle.be\/fr\/#website"},"primaryImageOfPage":{"@id":"https:\/\/www.renouvelle.be\/fr\/42-electricite-fossile-remplacable-geothermie-ue-europe\/#primaryimage"},"image":{"@id":"https:\/\/www.renouvelle.be\/fr\/42-electricite-fossile-remplacable-geothermie-ue-europe\/#primaryimage"},"thumbnailUrl":"https:\/\/www.renouvelle.be\/wp-content\/uploads\/2026\/03\/AdobeStock_285966313-scaled.jpeg","datePublished":"2026-03-12T12:38:43+00:00","dateModified":"2026-03-12T13:00:22+00:00","author":{"@id":"https:\/\/www.renouvelle.be\/fr\/#\/schema\/person\/9d743366fb269eeceaa8d60e98d289d3"},"description":"La g\u00e9othermie, longtemps sous-estim\u00e9e, r\u00e9v\u00e8le un potentiel majeur pour remplacer une part importante du charbon et du gaz en Europe.","breadcrumb":{"@id":"https:\/\/www.renouvelle.be\/fr\/42-electricite-fossile-remplacable-geothermie-ue-europe\/#breadcrumb"},"inLanguage":"fr-FR","potentialAction":[{"@type":"ReadAction","target":["https:\/\/www.renouvelle.be\/fr\/42-electricite-fossile-remplacable-geothermie-ue-europe\/"]}]},{"@type":"ImageObject","inLanguage":"fr-FR","@id":"https:\/\/www.renouvelle.be\/fr\/42-electricite-fossile-remplacable-geothermie-ue-europe\/#primaryimage","url":"https:\/\/www.renouvelle.be\/wp-content\/uploads\/2026\/03\/AdobeStock_285966313-scaled.jpeg","contentUrl":"https:\/\/www.renouvelle.be\/wp-content\/uploads\/2026\/03\/AdobeStock_285966313-scaled.jpeg","width":2560,"height":1609,"caption":"42 \u00e9lectricit\u00e9 g\u00e9othermie UE"},{"@type":"BreadcrumbList","@id":"https:\/\/www.renouvelle.be\/fr\/42-electricite-fossile-remplacable-geothermie-ue-europe\/#breadcrumb","itemListElement":[{"@type":"ListItem","position":1,"name":"Accueil","item":"https:\/\/www.renouvelle.be\/fr\/"},{"@type":"ListItem","position":2,"name":"42 % d\u2019\u00e9lectricit\u00e9 fossile rempla\u00e7able par la g\u00e9othermie dans l\u2019UE"}]},{"@type":"WebSite","@id":"https:\/\/www.renouvelle.be\/fr\/#website","url":"https:\/\/www.renouvelle.be\/fr\/","name":"Renouvelle","description":"L&#039;actualit\u00e9 de l&#039;\u00e9nergie durable","potentialAction":[{"@type":"SearchAction","target":{"@type":"EntryPoint","urlTemplate":"https:\/\/www.renouvelle.be\/fr\/?s={search_term_string}"},"query-input":{"@type":"PropertyValueSpecification","valueRequired":true,"valueName":"search_term_string"}}],"inLanguage":"fr-FR"},{"@type":"Person","@id":"https:\/\/www.renouvelle.be\/fr\/#\/schema\/person\/9d743366fb269eeceaa8d60e98d289d3","name":"Samuel Alves","url":"https:\/\/www.renouvelle.be\/fr\/author\/salves\/"}]}},"_links":{"self":[{"href":"https:\/\/www.renouvelle.be\/fr\/wp-json\/wp\/v2\/posts\/16502","targetHints":{"allow":["GET"]}}],"collection":[{"href":"https:\/\/www.renouvelle.be\/fr\/wp-json\/wp\/v2\/posts"}],"about":[{"href":"https:\/\/www.renouvelle.be\/fr\/wp-json\/wp\/v2\/types\/post"}],"author":[{"embeddable":true,"href":"https:\/\/www.renouvelle.be\/fr\/wp-json\/wp\/v2\/users\/38"}],"replies":[{"embeddable":true,"href":"https:\/\/www.renouvelle.be\/fr\/wp-json\/wp\/v2\/comments?post=16502"}],"version-history":[{"count":9,"href":"https:\/\/www.renouvelle.be\/fr\/wp-json\/wp\/v2\/posts\/16502\/revisions"}],"predecessor-version":[{"id":16516,"href":"https:\/\/www.renouvelle.be\/fr\/wp-json\/wp\/v2\/posts\/16502\/revisions\/16516"}],"wp:featuredmedia":[{"embeddable":true,"href":"https:\/\/www.renouvelle.be\/fr\/wp-json\/wp\/v2\/media\/16505"}],"wp:attachment":[{"href":"https:\/\/www.renouvelle.be\/fr\/wp-json\/wp\/v2\/media?parent=16502"}],"wp:term":[{"taxonomy":"category","embeddable":true,"href":"https:\/\/www.renouvelle.be\/fr\/wp-json\/wp\/v2\/categories?post=16502"},{"taxonomy":"post_tag","embeddable":true,"href":"https:\/\/www.renouvelle.be\/fr\/wp-json\/wp\/v2\/tags?post=16502"},{"taxonomy":"section","embeddable":true,"href":"https:\/\/www.renouvelle.be\/fr\/wp-json\/wp\/v2\/section?post=16502"}],"curies":[{"name":"wp","href":"https:\/\/api.w.org\/{rel}","templated":true}]}}