{"id":16263,"date":"2026-01-22T15:07:26","date_gmt":"2026-01-22T14:07:26","guid":{"rendered":"https:\/\/www.renouvelle.be\/?p=16263"},"modified":"2026-01-22T16:19:43","modified_gmt":"2026-01-22T15:19:43","slug":"solaire-et-eolien-depassent-la-production-fossile-dans-ue","status":"publish","type":"post","link":"https:\/\/www.renouvelle.be\/fr\/solaire-et-eolien-depassent-la-production-fossile-dans-ue\/","title":{"rendered":"Solaire et \u00e9olien d\u00e9passent la production fossile dans l\u2019UE"},"content":{"rendered":"\n<p>Le solaire et l&rsquo;\u00e9olien ont repr\u00e9sent\u00e9 30 % de l\u2019\u00e9lectricit\u00e9 de l\u2019UE, un v\u00e9ritable record quand on sait que cette part \u00e9tait encore de 20 % il y a cinq ans. C&rsquo;est ce que nous partage le groupe de r\u00e9flexion sur l&rsquo;\u00e9nergie Ember dans son rapport <em>European Electricity Review 2026<\/em>. Autres 20 %, plus notables encore, ceux de la croissance de la production solaire qui a atteint un niveau sans pr\u00e9c\u00e9dent de 369 TWh. Un r\u00e9sultat rendu possible gr\u00e2ce au d\u00e9ploiement continue de l\u2019\u00e9nergie solaire.<\/p>\n\n\n\n<p>Malgr\u00e9 un l\u00e9ger recul de 2 % de l\u2019\u00e9olien, et celui plus significatif de 12 % de l\u2019hydro\u00e9lectricit\u00e9, d\u00fb \u00e0 des conditions m\u00e9t\u00e9orologiques peu favorables, le total cumul\u00e9 de la production renouvelable a repr\u00e9sent\u00e9 pr\u00e8s de la moiti\u00e9 de l\u2019\u00e9lectricit\u00e9 de l\u2019Union europ\u00e9enne avec une part de 48 %.<\/p>\n\n\n\n<p>Pour ce qui est de la production issue du charbon, elle est descendue au niveau historiquement bas de 9,2 %. Dans 19 pays de l\u2019UE, ce niveau chute m\u00eame \u00e0 moins de 5 % de l\u2019\u00e9lectricit\u00e9 produite. Cependant, et m\u00eame si la baisse de l\u2019utilisation du charbon est une bonne nouvelle, il est \u00e0 noter que celle du gaz a augment\u00e9 de 8 % par rapport \u00e0 2024 pour venir compenser la baisse de l\u2019hydro\u00e9lectricit\u00e9. \u00c9videmment, cette hausse de l\u2019importation de gaz a eu un impact sur la facture \u00e9nerg\u00e9tique de l\u2019UE&nbsp;: 32 milliards d\u2019euros, soit 16 % de plus que l\u2019ann\u00e9e pr\u00e9c\u00e9dente.<\/p>\n\n\n\n<p>Quelle solution pour en \u00eatre moins d\u00e9pendant\u00a0alors\u00a0? Le stockage par batterie \u00e0 grande \u00e9chelle. Toujours selon Ember, continuer d\u2019acc\u00e9l\u00e9rer l\u2019installation de parcs de batteries permettrait de restituer l\u2019\u00e9nergie renouvelable produite localement aux moments des pics de consommation de gaz.<\/p>\n\n\n\n<h2 class=\"wp-block-heading\">Zoomer sur quelques records du solaire et de l&rsquo;\u00e9olien<\/h2>\n\n\n\n<p>\u00c0 l\u2019\u00e9chelle des pays, certains ont fait \u00e9tat de records comme la Finlande o\u00f9 l\u2019\u00e9nergie \u00e9olienne a pris une part de 27 % dans le mix \u00e9lectrique ou encore le Danemark o\u00f9 <a href=\"https:\/\/www.renouvelle.be\/fr\/eolien-wallon-continue-sur-sa-lancee\/\" target=\"_blank\" rel=\"noreferrer noopener\">le vent<\/a>, combin\u00e9 au solaire se taillent une part de 71 %. Ces m\u00eames \u00e9nergies ont d\u00e9pass\u00e9 l\u2019utilisation du fossile aux Pays-Bas et grimp\u00e9 jusqu\u2019\u00e0 20 % du mix \u00e9nerg\u00e9tique de la Roumanie et de la Bulgarie. Sans oublier la production au gaz d\u00e9pass\u00e9e par le solaire en Allemagne, et par l\u2019\u00e9olien en Croatie. Quelques exemples parmi d\u2019autres que nous vous invitons \u00e0 d\u00e9couvrir dans le rapport complet <em>European Electricity Review 2026 <\/em>d\u2019Ember, consultable <a href=\"https:\/\/ember-energy.org\/latest-insights\/european-electricity-review-2026\/\" target=\"_blank\" rel=\"noreferrer noopener\">ici<\/a>.<\/p>\n","protected":false},"excerpt":{"rendered":"<p>Le solaire et l&rsquo;\u00e9olien ont repr\u00e9sent\u00e9 30 % de l\u2019\u00e9lectricit\u00e9 de l\u2019UE, un v\u00e9ritable record quand on sait que cette part \u00e9tait encore de 20 % il y a cinq ans. C&rsquo;est ce que nous partage le groupe de r\u00e9flexion sur l&rsquo;\u00e9nergie Ember dans son rapport European Electricity Review 2026. Autres 20 %, plus notables encore, ceux de la croissance de la production solaire qui a atteint un niveau sans pr\u00e9c\u00e9dent de 369 TWh. Un r\u00e9sultat rendu possible gr\u00e2ce au d\u00e9ploiement continue de l\u2019\u00e9nergie solaire. Malgr\u00e9 un l\u00e9ger recul de 2 % de l\u2019\u00e9olien, et celui plus significatif de 12 % de l\u2019hydro\u00e9lectricit\u00e9, d\u00fb \u00e0 des conditions m\u00e9t\u00e9orologiques peu favorables, le total cumul\u00e9 de la production renouvelable a repr\u00e9sent\u00e9 pr\u00e8s de la moiti\u00e9 de l\u2019\u00e9lectricit\u00e9 de l\u2019Union europ\u00e9enne avec une part de 48 %. Pour ce qui est de la production issue du charbon, elle est descendue au niveau historiquement bas de 9,2 %. Dans 19 pays de l\u2019UE, ce niveau chute m\u00eame \u00e0 moins de 5 % de l\u2019\u00e9lectricit\u00e9 produite. Cependant, et m\u00eame si la baisse de l\u2019utilisation du charbon est une bonne nouvelle, il est \u00e0 noter que celle du gaz a augment\u00e9 de 8 % par rapport \u00e0 2024 pour venir compenser la baisse de l\u2019hydro\u00e9lectricit\u00e9. \u00c9videmment, cette hausse de l\u2019importation de gaz a eu un impact sur la facture \u00e9nerg\u00e9tique de l\u2019UE&nbsp;: 32 milliards d\u2019euros, soit 16 % de plus que l\u2019ann\u00e9e pr\u00e9c\u00e9dente. Quelle solution pour en \u00eatre moins d\u00e9pendant\u00a0alors\u00a0? Le stockage par batterie \u00e0 grande \u00e9chelle. Toujours selon Ember, continuer d\u2019acc\u00e9l\u00e9rer l\u2019installation de parcs de batteries permettrait de restituer l\u2019\u00e9nergie renouvelable produite localement aux moments des pics de consommation de gaz. Zoomer sur quelques records du solaire et de l&rsquo;\u00e9olien \u00c0 l\u2019\u00e9chelle des pays, certains &hellip; <a href=\"https:\/\/www.renouvelle.be\/fr\/solaire-et-eolien-depassent-la-production-fossile-dans-ue\/\" class=\"more-link\">Continue reading<span class=\"screen-reader-text\"> \u00ab\u00a0Solaire et \u00e9olien d\u00e9passent la production fossile dans l\u2019UE\u00a0\u00bb<\/span><\/a><\/p>\n","protected":false},"author":38,"featured_media":16269,"comment_status":"closed","ping_status":"closed","sticky":false,"template":"","format":"standard","meta":{"_acf_changed":false,"footnotes":""},"categories":[16,18],"tags":[],"section":[8,13,6],"class_list":["post-16263","post","type-post","status-publish","format-standard","has-post-thumbnail","hentry","category-actualite","category-actualite-internationale","section-energie-renouvelables","section-solaire","section-eolien"],"acf":[],"yoast_head":"<!-- This site is optimized with the Yoast SEO plugin v27.4 - https:\/\/yoast.com\/product\/yoast-seo-wordpress\/ -->\n<title>Solaire et \u00e9olien d\u00e9passent la production fossile dans l\u2019UE - Renouvelle<\/title>\n<meta name=\"description\" content=\"En 2025, le solaire et l\u2019\u00e9olien ont d\u00e9pass\u00e9 le fossile dans l&#039;UE, repr\u00e9sentant 30 % de l\u2019\u00e9lectricit\u00e9 produite.\" \/>\n<meta name=\"robots\" content=\"index, follow, max-snippet:-1, max-image-preview:large, max-video-preview:-1\" \/>\n<link rel=\"canonical\" href=\"https:\/\/www.renouvelle.be\/fr\/solaire-et-eolien-depassent-la-production-fossile-dans-ue\/\" \/>\n<meta property=\"og:locale\" content=\"fr_FR\" \/>\n<meta property=\"og:type\" content=\"article\" \/>\n<meta property=\"og:title\" content=\"Solaire et \u00e9olien d\u00e9passent la production fossile dans l\u2019UE - Renouvelle\" \/>\n<meta property=\"og:description\" content=\"En 2025, le solaire et l\u2019\u00e9olien ont d\u00e9pass\u00e9 le fossile dans l&#039;UE, repr\u00e9sentant 30 % de l\u2019\u00e9lectricit\u00e9 produite.\" \/>\n<meta property=\"og:url\" content=\"https:\/\/www.renouvelle.be\/fr\/solaire-et-eolien-depassent-la-production-fossile-dans-ue\/\" \/>\n<meta property=\"og:site_name\" content=\"Renouvelle\" \/>\n<meta property=\"article:published_time\" content=\"2026-01-22T14:07:26+00:00\" \/>\n<meta property=\"article:modified_time\" content=\"2026-01-22T15:19:43+00:00\" \/>\n<meta property=\"og:image\" content=\"https:\/\/www.renouvelle.be\/wp-content\/uploads\/2026\/01\/AdobeStock_144033782-scaled.jpeg\" \/>\n\t<meta property=\"og:image:width\" content=\"2560\" \/>\n\t<meta property=\"og:image:height\" content=\"1707\" \/>\n\t<meta property=\"og:image:type\" content=\"image\/jpeg\" \/>\n<meta name=\"author\" content=\"Samuel Alves\" \/>\n<meta name=\"twitter:card\" content=\"summary_large_image\" \/>\n<script type=\"application\/ld+json\" class=\"yoast-schema-graph\">{\"@context\":\"https:\\\/\\\/schema.org\",\"@graph\":[{\"@type\":\"Article\",\"@id\":\"https:\\\/\\\/www.renouvelle.be\\\/fr\\\/solaire-et-eolien-depassent-la-production-fossile-dans-ue\\\/#article\",\"isPartOf\":{\"@id\":\"https:\\\/\\\/www.renouvelle.be\\\/fr\\\/solaire-et-eolien-depassent-la-production-fossile-dans-ue\\\/\"},\"author\":{\"name\":\"Samuel Alves\",\"@id\":\"https:\\\/\\\/www.renouvelle.be\\\/fr\\\/#\\\/schema\\\/person\\\/9d743366fb269eeceaa8d60e98d289d3\"},\"headline\":\"Solaire et \u00e9olien d\u00e9passent la production fossile dans l\u2019UE\",\"datePublished\":\"2026-01-22T14:07:26+00:00\",\"dateModified\":\"2026-01-22T15:19:43+00:00\",\"mainEntityOfPage\":{\"@id\":\"https:\\\/\\\/www.renouvelle.be\\\/fr\\\/solaire-et-eolien-depassent-la-production-fossile-dans-ue\\\/\"},\"wordCount\":425,\"image\":{\"@id\":\"https:\\\/\\\/www.renouvelle.be\\\/fr\\\/solaire-et-eolien-depassent-la-production-fossile-dans-ue\\\/#primaryimage\"},\"thumbnailUrl\":\"https:\\\/\\\/www.renouvelle.be\\\/wp-content\\\/uploads\\\/2026\\\/01\\\/AdobeStock_144033782-scaled.jpeg\",\"articleSection\":[\"Actualit\u00e9\",\"Actualit\u00e9 internationale\"],\"inLanguage\":\"fr-FR\"},{\"@type\":\"WebPage\",\"@id\":\"https:\\\/\\\/www.renouvelle.be\\\/fr\\\/solaire-et-eolien-depassent-la-production-fossile-dans-ue\\\/\",\"url\":\"https:\\\/\\\/www.renouvelle.be\\\/fr\\\/solaire-et-eolien-depassent-la-production-fossile-dans-ue\\\/\",\"name\":\"Solaire et \u00e9olien d\u00e9passent la production fossile dans l\u2019UE - Renouvelle\",\"isPartOf\":{\"@id\":\"https:\\\/\\\/www.renouvelle.be\\\/fr\\\/#website\"},\"primaryImageOfPage\":{\"@id\":\"https:\\\/\\\/www.renouvelle.be\\\/fr\\\/solaire-et-eolien-depassent-la-production-fossile-dans-ue\\\/#primaryimage\"},\"image\":{\"@id\":\"https:\\\/\\\/www.renouvelle.be\\\/fr\\\/solaire-et-eolien-depassent-la-production-fossile-dans-ue\\\/#primaryimage\"},\"thumbnailUrl\":\"https:\\\/\\\/www.renouvelle.be\\\/wp-content\\\/uploads\\\/2026\\\/01\\\/AdobeStock_144033782-scaled.jpeg\",\"datePublished\":\"2026-01-22T14:07:26+00:00\",\"dateModified\":\"2026-01-22T15:19:43+00:00\",\"author\":{\"@id\":\"https:\\\/\\\/www.renouvelle.be\\\/fr\\\/#\\\/schema\\\/person\\\/9d743366fb269eeceaa8d60e98d289d3\"},\"description\":\"En 2025, le solaire et l\u2019\u00e9olien ont d\u00e9pass\u00e9 le fossile dans l'UE, repr\u00e9sentant 30 % de l\u2019\u00e9lectricit\u00e9 produite.\",\"breadcrumb\":{\"@id\":\"https:\\\/\\\/www.renouvelle.be\\\/fr\\\/solaire-et-eolien-depassent-la-production-fossile-dans-ue\\\/#breadcrumb\"},\"inLanguage\":\"fr-FR\",\"potentialAction\":[{\"@type\":\"ReadAction\",\"target\":[\"https:\\\/\\\/www.renouvelle.be\\\/fr\\\/solaire-et-eolien-depassent-la-production-fossile-dans-ue\\\/\"]}]},{\"@type\":\"ImageObject\",\"inLanguage\":\"fr-FR\",\"@id\":\"https:\\\/\\\/www.renouvelle.be\\\/fr\\\/solaire-et-eolien-depassent-la-production-fossile-dans-ue\\\/#primaryimage\",\"url\":\"https:\\\/\\\/www.renouvelle.be\\\/wp-content\\\/uploads\\\/2026\\\/01\\\/AdobeStock_144033782-scaled.jpeg\",\"contentUrl\":\"https:\\\/\\\/www.renouvelle.be\\\/wp-content\\\/uploads\\\/2026\\\/01\\\/AdobeStock_144033782-scaled.jpeg\",\"width\":2560,\"height\":1707,\"caption\":\"UE solaire \u00e9olien fossile\"},{\"@type\":\"BreadcrumbList\",\"@id\":\"https:\\\/\\\/www.renouvelle.be\\\/fr\\\/solaire-et-eolien-depassent-la-production-fossile-dans-ue\\\/#breadcrumb\",\"itemListElement\":[{\"@type\":\"ListItem\",\"position\":1,\"name\":\"Accueil\",\"item\":\"https:\\\/\\\/www.renouvelle.be\\\/fr\\\/\"},{\"@type\":\"ListItem\",\"position\":2,\"name\":\"Solaire et \u00e9olien d\u00e9passent la production fossile dans l\u2019UE\"}]},{\"@type\":\"WebSite\",\"@id\":\"https:\\\/\\\/www.renouvelle.be\\\/fr\\\/#website\",\"url\":\"https:\\\/\\\/www.renouvelle.be\\\/fr\\\/\",\"name\":\"Renouvelle\",\"description\":\"L&#039;actualit\u00e9 de l&#039;\u00e9nergie durable\",\"potentialAction\":[{\"@type\":\"SearchAction\",\"target\":{\"@type\":\"EntryPoint\",\"urlTemplate\":\"https:\\\/\\\/www.renouvelle.be\\\/fr\\\/?s={search_term_string}\"},\"query-input\":{\"@type\":\"PropertyValueSpecification\",\"valueRequired\":true,\"valueName\":\"search_term_string\"}}],\"inLanguage\":\"fr-FR\"},{\"@type\":\"Person\",\"@id\":\"https:\\\/\\\/www.renouvelle.be\\\/fr\\\/#\\\/schema\\\/person\\\/9d743366fb269eeceaa8d60e98d289d3\",\"name\":\"Samuel Alves\",\"url\":\"https:\\\/\\\/www.renouvelle.be\\\/fr\\\/author\\\/salves\\\/\"}]}<\/script>\n<!-- \/ Yoast SEO plugin. -->","yoast_head_json":{"title":"Solaire et \u00e9olien d\u00e9passent la production fossile dans l\u2019UE - Renouvelle","description":"En 2025, le solaire et l\u2019\u00e9olien ont d\u00e9pass\u00e9 le fossile dans l'UE, repr\u00e9sentant 30 % de l\u2019\u00e9lectricit\u00e9 produite.","robots":{"index":"index","follow":"follow","max-snippet":"max-snippet:-1","max-image-preview":"max-image-preview:large","max-video-preview":"max-video-preview:-1"},"canonical":"https:\/\/www.renouvelle.be\/fr\/solaire-et-eolien-depassent-la-production-fossile-dans-ue\/","og_locale":"fr_FR","og_type":"article","og_title":"Solaire et \u00e9olien d\u00e9passent la production fossile dans l\u2019UE - Renouvelle","og_description":"En 2025, le solaire et l\u2019\u00e9olien ont d\u00e9pass\u00e9 le fossile dans l'UE, repr\u00e9sentant 30 % de l\u2019\u00e9lectricit\u00e9 produite.","og_url":"https:\/\/www.renouvelle.be\/fr\/solaire-et-eolien-depassent-la-production-fossile-dans-ue\/","og_site_name":"Renouvelle","article_published_time":"2026-01-22T14:07:26+00:00","article_modified_time":"2026-01-22T15:19:43+00:00","og_image":[{"width":2560,"height":1707,"url":"https:\/\/www.renouvelle.be\/wp-content\/uploads\/2026\/01\/AdobeStock_144033782-scaled.jpeg","type":"image\/jpeg"}],"author":"Samuel Alves","twitter_card":"summary_large_image","schema":{"@context":"https:\/\/schema.org","@graph":[{"@type":"Article","@id":"https:\/\/www.renouvelle.be\/fr\/solaire-et-eolien-depassent-la-production-fossile-dans-ue\/#article","isPartOf":{"@id":"https:\/\/www.renouvelle.be\/fr\/solaire-et-eolien-depassent-la-production-fossile-dans-ue\/"},"author":{"name":"Samuel Alves","@id":"https:\/\/www.renouvelle.be\/fr\/#\/schema\/person\/9d743366fb269eeceaa8d60e98d289d3"},"headline":"Solaire et \u00e9olien d\u00e9passent la production fossile dans l\u2019UE","datePublished":"2026-01-22T14:07:26+00:00","dateModified":"2026-01-22T15:19:43+00:00","mainEntityOfPage":{"@id":"https:\/\/www.renouvelle.be\/fr\/solaire-et-eolien-depassent-la-production-fossile-dans-ue\/"},"wordCount":425,"image":{"@id":"https:\/\/www.renouvelle.be\/fr\/solaire-et-eolien-depassent-la-production-fossile-dans-ue\/#primaryimage"},"thumbnailUrl":"https:\/\/www.renouvelle.be\/wp-content\/uploads\/2026\/01\/AdobeStock_144033782-scaled.jpeg","articleSection":["Actualit\u00e9","Actualit\u00e9 internationale"],"inLanguage":"fr-FR"},{"@type":"WebPage","@id":"https:\/\/www.renouvelle.be\/fr\/solaire-et-eolien-depassent-la-production-fossile-dans-ue\/","url":"https:\/\/www.renouvelle.be\/fr\/solaire-et-eolien-depassent-la-production-fossile-dans-ue\/","name":"Solaire et \u00e9olien d\u00e9passent la production fossile dans l\u2019UE - Renouvelle","isPartOf":{"@id":"https:\/\/www.renouvelle.be\/fr\/#website"},"primaryImageOfPage":{"@id":"https:\/\/www.renouvelle.be\/fr\/solaire-et-eolien-depassent-la-production-fossile-dans-ue\/#primaryimage"},"image":{"@id":"https:\/\/www.renouvelle.be\/fr\/solaire-et-eolien-depassent-la-production-fossile-dans-ue\/#primaryimage"},"thumbnailUrl":"https:\/\/www.renouvelle.be\/wp-content\/uploads\/2026\/01\/AdobeStock_144033782-scaled.jpeg","datePublished":"2026-01-22T14:07:26+00:00","dateModified":"2026-01-22T15:19:43+00:00","author":{"@id":"https:\/\/www.renouvelle.be\/fr\/#\/schema\/person\/9d743366fb269eeceaa8d60e98d289d3"},"description":"En 2025, le solaire et l\u2019\u00e9olien ont d\u00e9pass\u00e9 le fossile dans l'UE, repr\u00e9sentant 30 % de l\u2019\u00e9lectricit\u00e9 produite.","breadcrumb":{"@id":"https:\/\/www.renouvelle.be\/fr\/solaire-et-eolien-depassent-la-production-fossile-dans-ue\/#breadcrumb"},"inLanguage":"fr-FR","potentialAction":[{"@type":"ReadAction","target":["https:\/\/www.renouvelle.be\/fr\/solaire-et-eolien-depassent-la-production-fossile-dans-ue\/"]}]},{"@type":"ImageObject","inLanguage":"fr-FR","@id":"https:\/\/www.renouvelle.be\/fr\/solaire-et-eolien-depassent-la-production-fossile-dans-ue\/#primaryimage","url":"https:\/\/www.renouvelle.be\/wp-content\/uploads\/2026\/01\/AdobeStock_144033782-scaled.jpeg","contentUrl":"https:\/\/www.renouvelle.be\/wp-content\/uploads\/2026\/01\/AdobeStock_144033782-scaled.jpeg","width":2560,"height":1707,"caption":"UE solaire \u00e9olien fossile"},{"@type":"BreadcrumbList","@id":"https:\/\/www.renouvelle.be\/fr\/solaire-et-eolien-depassent-la-production-fossile-dans-ue\/#breadcrumb","itemListElement":[{"@type":"ListItem","position":1,"name":"Accueil","item":"https:\/\/www.renouvelle.be\/fr\/"},{"@type":"ListItem","position":2,"name":"Solaire et \u00e9olien d\u00e9passent la production fossile dans l\u2019UE"}]},{"@type":"WebSite","@id":"https:\/\/www.renouvelle.be\/fr\/#website","url":"https:\/\/www.renouvelle.be\/fr\/","name":"Renouvelle","description":"L&#039;actualit\u00e9 de l&#039;\u00e9nergie durable","potentialAction":[{"@type":"SearchAction","target":{"@type":"EntryPoint","urlTemplate":"https:\/\/www.renouvelle.be\/fr\/?s={search_term_string}"},"query-input":{"@type":"PropertyValueSpecification","valueRequired":true,"valueName":"search_term_string"}}],"inLanguage":"fr-FR"},{"@type":"Person","@id":"https:\/\/www.renouvelle.be\/fr\/#\/schema\/person\/9d743366fb269eeceaa8d60e98d289d3","name":"Samuel Alves","url":"https:\/\/www.renouvelle.be\/fr\/author\/salves\/"}]}},"_links":{"self":[{"href":"https:\/\/www.renouvelle.be\/fr\/wp-json\/wp\/v2\/posts\/16263","targetHints":{"allow":["GET"]}}],"collection":[{"href":"https:\/\/www.renouvelle.be\/fr\/wp-json\/wp\/v2\/posts"}],"about":[{"href":"https:\/\/www.renouvelle.be\/fr\/wp-json\/wp\/v2\/types\/post"}],"author":[{"embeddable":true,"href":"https:\/\/www.renouvelle.be\/fr\/wp-json\/wp\/v2\/users\/38"}],"replies":[{"embeddable":true,"href":"https:\/\/www.renouvelle.be\/fr\/wp-json\/wp\/v2\/comments?post=16263"}],"version-history":[{"count":9,"href":"https:\/\/www.renouvelle.be\/fr\/wp-json\/wp\/v2\/posts\/16263\/revisions"}],"predecessor-version":[{"id":16276,"href":"https:\/\/www.renouvelle.be\/fr\/wp-json\/wp\/v2\/posts\/16263\/revisions\/16276"}],"wp:featuredmedia":[{"embeddable":true,"href":"https:\/\/www.renouvelle.be\/fr\/wp-json\/wp\/v2\/media\/16269"}],"wp:attachment":[{"href":"https:\/\/www.renouvelle.be\/fr\/wp-json\/wp\/v2\/media?parent=16263"}],"wp:term":[{"taxonomy":"category","embeddable":true,"href":"https:\/\/www.renouvelle.be\/fr\/wp-json\/wp\/v2\/categories?post=16263"},{"taxonomy":"post_tag","embeddable":true,"href":"https:\/\/www.renouvelle.be\/fr\/wp-json\/wp\/v2\/tags?post=16263"},{"taxonomy":"section","embeddable":true,"href":"https:\/\/www.renouvelle.be\/fr\/wp-json\/wp\/v2\/section?post=16263"}],"curies":[{"name":"wp","href":"https:\/\/api.w.org\/{rel}","templated":true}]}}