{"id":16235,"date":"2026-01-28T15:21:35","date_gmt":"2026-01-28T14:21:35","guid":{"rendered":"https:\/\/www.renouvelle.be\/?p=16235"},"modified":"2026-01-28T15:21:37","modified_gmt":"2026-01-28T14:21:37","slug":"le-partage-une-idee-douce-un-enjeu-radical","status":"publish","type":"post","link":"https:\/\/www.renouvelle.be\/fr\/le-partage-une-idee-douce-un-enjeu-radical\/","title":{"rendered":"Le partage\u00a0: une id\u00e9e douce, un enjeu radical"},"content":{"rendered":"\n<p>Il interroge le c\u0153ur m\u00eame de notre mod\u00e8le soci\u00e9tal&nbsp;: le rapport \u00e0 la propri\u00e9t\u00e9, \u00e0 la consommation, \u00e0 la solidarit\u00e9. Il peut surtout devenir un puissant levier de transformation \u00e9cologique, sociale et d\u00e9mocratique.<\/p>\n\n\n\n<h2 class=\"wp-block-heading\">Une soci\u00e9t\u00e9 d\u2019abondance &nbsp;<\/h2>\n\n\n\n<p>Notre soci\u00e9t\u00e9 repose sur une logique de consommation individuelle, o\u00f9 la possession est consid\u00e9r\u00e9e comme naturelle et synonyme de r\u00e9ussite et d\u2019accomplissement. Chacun ses machines, chacun sa voiture, chacun son chez soi. Ainsi, nous vivons dans une \u00e9poque satur\u00e9e d\u2019objets. Les tiroirs d\u00e9bordent de v\u00eatements jamais ou peu port\u00e9s, de nombreux appareils \u00e0 l\u2019utilisation occasionnelle prennent poussi\u00e8re dans les placards, cela sans compter sur ceux, comme nos t\u00e9l\u00e9phones, rendus obsol\u00e8tes en moins de deux ans. Que dire des \u00e9tag\u00e8res croulant sous les livres, vinyles et DVD qui auraient pu \u00eatre emprunt\u00e9s \u00e0 la biblioth\u00e8que communale, mais qui servent surtout de d\u00e9cor \u00e0 nos int\u00e9rieurs.<\/p>\n\n\n\n<p>Rendons-nous compte de cette abondance&nbsp;: 100 milliards de v\u00eatements sont produits chaque ann\u00e9e dans le monde, de quoi habiller l\u2019humanit\u00e9 pendant 6 g\u00e9n\u00e9rations. Selon l\u2019ADEME, un m\u00e9nage fran\u00e7ais poss\u00e8de en moyenne 99 appareils \u00e9lectroniques, pour 2,5 tonnes d\u2019\u00e9quipements dans la maison. Leur fabrication n\u00e9cessite 45 tonnes de mati\u00e8res premi\u00e8res et \u00e9met 6 tonnes de CO\u2082, soit 6 allers-retours Paris-New York.<\/p>\n\n\n\n<p>Collectivement, nous payons donc tr\u00e8s cher pour des biens individuels qui dorment 95% du temps, stock\u00e9s chez nous. On nous a convaincu de poss\u00e9der ce dont on aurait \u00e9ventuellement besoin mais pas r\u00e9ellement. Les fabricants ont cr\u00e9\u00e9 des d\u00e9bouch\u00e9s infinis et des consommateurs captifs, pris dans une logique d\u2019achat perp\u00e9tuel, au d\u00e9triment de notre environnement et de notre bien-\u00eatre collectif&nbsp;: un mod\u00e8le insoutenable.<\/p>\n\n\n\n<p>Pourtant, la propri\u00e9t\u00e9 nous rend-elle vraiment heureux ? De nombreuses choses s\u2019appr\u00e9cient mieux lorsqu\u2019elles sont partag\u00e9es. Ce qui importe, ce n\u2019est pas tant que les choses soient \u00e0 nous, mais qu\u2019elles nous permettent de nous accomplir. Cela ne passe donc pas n\u00e9cessairement par la propri\u00e9t\u00e9, mais par l\u2019acc\u00e8s&nbsp;: \u00e0 la sant\u00e9, \u00e0 l\u2019\u00e9ducation, \u00e0 une habitation, \u00e0 la possibilit\u00e9 de se d\u00e9placer, au divertissement. Et cela pour garantir une vie digne \u00e0 chacun, tout en s\u2019\u00e9panouissant.<\/p>\n\n\n\n<p>Une soci\u00e9t\u00e9 mat\u00e9riellement satur\u00e9e mais socialement appauvrie.&nbsp;<\/p>\n\n\n\n<p>Ironie du sort&nbsp;: malgr\u00e9 cette abondance mat\u00e9rielle, de nombreux belges manquent toujours de l\u2019essentiel. En 2024, 18,3% de la population \u00e9tait expos\u00e9e au risque de pauvret\u00e9 ou d\u2019exclusion sociale, soit un peu plus de 2,1 millions de personnes (Statbel). Cette pauvret\u00e9 ne se limite pas au revenu&nbsp;: elle touche aussi l\u2019acc\u00e8s au logement, \u00e0 la sant\u00e9, \u00e0 la vie sociale. Concernant cette derni\u00e8re, en 2023, l\u2019Organisation mondiale de sant\u00e9 classe la solitude comme une \u00ab priorit\u00e9 de sant\u00e9 publique \u00bb.<\/p>\n\n\n\n<p>Vivant dans nos bulles individuelles, \u00e9largies ici et l\u00e0 \u00e0 nos familles et nos amis, les lieux de rencontre se rar\u00e9fient (le d\u00e9clin des tiers lieux est bien connu). Combien d\u2019heures par semaine consacrons nous encore en dehors de notre travail \u00e0 des projets collectifs&nbsp;? Combien de voisins dans notre rue ou quartier connaissons-nous&nbsp;? Le partage devient une r\u00e9ponse \u00e0 la fois mat\u00e9rielle et relationnelle&nbsp;: il r\u00e9cr\u00e9e des lieux de coop\u00e9ration, remet du commun dans nos vies, retisse des solidarit\u00e9s.<\/p>\n\n\n\n<h2 class=\"wp-block-heading\">Une transformation \u00e9cologique, sociale et d\u00e9mocratique.<\/h2>\n\n\n\n<p>Le partage lutte directement contre la surconsommation, le gaspillage de mati\u00e8res premi\u00e8res et les impacts environnementaux li\u00e9s \u00e0 la production individuelle. <a href=\"https:\/\/www.renouvelle.be\/fr\/reapproprier-energie-grace-au-partage-electricite\/\" target=\"_blank\" rel=\"noreferrer noopener\">Mutualiser<\/a> les objets du quotidien, c\u2019est r\u00e9duire drastiquement notre empreinte \u00e9cologique.<\/p>\n\n\n\n<p>Sur le plan social, le partage c\u2019est aussi un moindre co\u00fbt pour les m\u00e9nages, l\u2019acc\u00e8s \u00e0 des \u00e9quipements de meilleure qualit\u00e9, des emplois locaux non d\u00e9localisables, cr\u00e9ant des services de proximit\u00e9 et du lien social.<\/p>\n\n\n\n<p>Sur le plan d\u00e9mocratique, les initiatives de partage deviennent un pr\u00e9texte pour d\u00e9cider ensemble et reprendre la main sur ce qui nous concerne. L\u00e0 o\u00f9 la soci\u00e9t\u00e9 marchande nous r\u00e9duit trop souvent au r\u00f4le de consommateurs passifs, il restaure la capacit\u00e9 \u00e0 se parler et \u00e0 coop\u00e9rer pour construire des solutions collectives. Beaucoup d\u2019entre elles se fondent sur des gouvernances horizontales o\u00f9 chaque voix compte.&nbsp;Le partage est ainsi un vecteur de socialisation et de reconstruction du commun. De nouveaux lieux, de nouvelles formes d\u2019expression de la citoyennet\u00e9.<\/p>\n\n\n<div class=\"wp-block-image\">\n<figure class=\"aligncenter size-large is-resized\"><img loading=\"lazy\" decoding=\"async\" width=\"1024\" height=\"683\" src=\"https:\/\/www.renouvelle.be\/wp-content\/uploads\/2026\/01\/AdobeStock_428808660-1024x683.jpeg\" alt=\"partage\" class=\"wp-image-16243\" style=\"width:747px;height:auto\" srcset=\"https:\/\/www.renouvelle.be\/wp-content\/uploads\/2026\/01\/AdobeStock_428808660-1024x683.jpeg 1024w, https:\/\/www.renouvelle.be\/wp-content\/uploads\/2026\/01\/AdobeStock_428808660-300x200.jpeg 300w, https:\/\/www.renouvelle.be\/wp-content\/uploads\/2026\/01\/AdobeStock_428808660-768x512.jpeg 768w, https:\/\/www.renouvelle.be\/wp-content\/uploads\/2026\/01\/AdobeStock_428808660-1536x1024.jpeg 1536w, https:\/\/www.renouvelle.be\/wp-content\/uploads\/2026\/01\/AdobeStock_428808660-2048x1365.jpeg 2048w, https:\/\/www.renouvelle.be\/wp-content\/uploads\/2026\/01\/AdobeStock_428808660-1200x800.jpeg 1200w\" sizes=\"auto, (max-width: 1024px) 100vw, 1024px\" \/><\/figure>\n<\/div>\n\n\n<h2 class=\"wp-block-heading\">La marchandisation du partage<\/h2>\n\n\n\n<p>Formidable moteur d\u2019\u00e9mancipation, qui doit en \u00eatre \u00e0 l\u2019initiative&nbsp;? Les citoyens&nbsp;? Le secteur public&nbsp;? Le secteur priv\u00e9&nbsp;? Qui en contr\u00f4le les outils et les r\u00e8gles d\u2019acc\u00e8s&nbsp;? Qui profite de la valeur cr\u00e9\u00e9e&nbsp;?<\/p>\n\n\n\n<p>Dans notre soci\u00e9t\u00e9, la tentation est grande de laisser au secteur priv\u00e9 marchand le soin d\u2019organiser ces initiatives. Or, le danger est qu\u2019il les transforme en un business o\u00f9 l\u2019acc\u00e8s aux biens est organis\u00e9 selon la capacit\u00e9 de payer et les b\u00e9n\u00e9fices possibles \u00e0 en tirer. Le but d\u2019une activit\u00e9 de de partage ne doit pas \u00eatre le profit d\u2019un petit nombre, mais la suffisance de tous. Nous passerions d\u2019une d\u00e9pendance \u00e0 la propri\u00e9t\u00e9 individuelle \u00e0 une d\u00e9pendance \u00e0 des plateformes priv\u00e9es, contr\u00f4lant l\u2019acc\u00e8s aux besoins essentiels via les prix fix\u00e9s par elles-m\u00eames. Le partage ne doit pas devenir un nouveau champ de maximisation des profits et de comp\u00e9tition, mais un droit d\u2019acc\u00e8s universel, construit par et pour les gens. Mais alors comment aider \u00e0 son essor tout en pr\u00e9servant son identit\u00e9 citoyenne&nbsp;?<\/p>\n\n\n\n<h2 class=\"wp-block-heading\">Un minist\u00e8re du partage<\/h2>\n\n\n\n<p>Aujourd\u2019hui, beaucoup d\u2019initiatives citoyennes peinent \u00e0 exister par manque de temps, de moyens, de reconnaissance. \u00c9voluent dans un syst\u00e8me taill\u00e9 sur mesure pour la consommation individuelle, elles reposent souvent sur des b\u00e9n\u00e9voles alors que nos rythmes de vie laissent peu de temps \u00e0 l\u2019engagement collectif. N\u2019oublions pas aussi la difficult\u00e9 \u00e0 mobiliser des publics fa\u00e7onn\u00e9s par une culture de l\u2019individualisme.<\/p>\n\n\n\n<p>Constamment mises en concurrence avec des mod\u00e8les commerciaux plus visibles et plus puissants, elles doivent survivre dans un environnement mondialis\u00e9 o\u00f9 seuls les plus rentables prosp\u00e8rent, au d\u00e9triment de projets dont le but est le bien commun et non le profit.<\/p>\n\n\n\n<p>Dans ces conditions, leur d\u00e9veloppement est fragile. C\u2019est pourquoi un chambardement ne pourra jaillir que par l\u2019intervention d\u2019un \u00c9tat partenaire qui faciliterait activement l\u2019\u00e9mergence de ces dynamiques, au travers par exemple d\u2019un cadre r\u00e9glementaire contraignant, d\u2019imposition d\u2019obligations de mutualisation, de soutien financier et technique aux initiatives citoyennes autoorganis\u00e9es et g\u00e9r\u00e9es d\u00e9mocratiquement, de formations aux citoyens pour leur permettre de retrouver du pouvoir d\u2019agir et de porter des projets transformatifs, etc. En bref, donner au partage les moyens de devenir une v\u00e9ritable politique publique d\u2019\u00e9mancipation collective.<\/p>\n\n\n\n<h2 class=\"wp-block-heading\">Une campagne d\u2019Education Permanente sur le partage<\/h2>\n\n\n\n<p>Pour que cette transition vers une soci\u00e9t\u00e9 du partage devienne r\u00e9alit\u00e9, il faut d\u2019abord en changer l\u2019imaginaire collectif. Montrer que d\u2019autres mani\u00e8res de faire sont d\u00e9j\u00e0 l\u00e0, qu\u2019elles fonctionnent, qu\u2019elles rendent la vie plus simple, plus joyeuse, plus juste. Et cr\u00e9er un rapport de force pour que les pouvoirs publics prennent enfin le relais.<\/p>\n\n\n\n<p>C\u2019est tout l\u2019enjeu de la campagne d\u2019<a href=\"https:\/\/energiecommune.be\/education-permanente-campagne\/communtrucapartager\/\" target=\"_blank\" rel=\"noreferrer noopener\">\u00c9ducation Permanente<\/a> men\u00e9e cette ann\u00e9e par \u00c9nergie Commune. Nous voulons remettre le partage au c\u0153ur du d\u00e9bat d\u00e9mocratique : partage d\u2019\u00e9nergie, d\u2019objets, de temps, de lieux, etc. Autant de pratiques concr\u00e8tes qui r\u00e9inventent nos mani\u00e8res de vivre, de consommer, de nous entraider que nous souhaitons explorer, interroger les conditions n\u00e9cessaires \u00e0 la l\u2019\u00e9mergence des dynamiques de partage, et aussi les \u00e9cueils \u00e0 \u00e9viter.<\/p>\n\n\n\n<p>Nos objectifs<\/p>\n\n\n\n<ul class=\"wp-block-list\">\n<li>Visibiliser les initiatives de partage d\u00e9j\u00e0 actives en Belgique francophone et mettre en avant celles et ceux qui les font vivre.<\/li>\n\n\n\n<li>Comprendre les obstacles rencontr\u00e9s sur le terrain<\/li>\n\n\n\n<li>Co-construire une <a href=\"https:\/\/www.parlement-wallonie.be\/pwpages?p=com-delib-elec-detail&amp;id=64\" target=\"_blank\" rel=\"noreferrer noopener\">p\u00e9tition<\/a> citoyenne en vue d\u2019une commission d\u00e9lib\u00e9rative mixte au Parlement wallon, afin d\u2019\u00e9laborer ensemble des recommandations ambitieuses pour d\u00e9velopper la culture du partage en Wallonie.<\/li>\n<\/ul>\n\n\n\n<p>Parce que le partage ne doit pas \u00eatre un hobby pour id\u00e9alistes isol\u00e9s. Il doit devenir une politique publique forte et un pilier d\u2019un projet de soci\u00e9t\u00e9 plus \u00e9cologique, solidaire et d\u00e9mocratique.<\/p>\n\n\n\n<p>Ensemble, faisons du partage un droit, pas une option.<\/p>\n","protected":false},"excerpt":{"rendered":"<p>Il interroge le c\u0153ur m\u00eame de notre mod\u00e8le soci\u00e9tal&nbsp;: le rapport \u00e0 la propri\u00e9t\u00e9, \u00e0 la consommation, \u00e0 la solidarit\u00e9. Il peut surtout devenir un puissant levier de transformation \u00e9cologique, sociale et d\u00e9mocratique. Une soci\u00e9t\u00e9 d\u2019abondance &nbsp; Notre soci\u00e9t\u00e9 repose sur une logique de consommation individuelle, o\u00f9 la possession est consid\u00e9r\u00e9e comme naturelle et synonyme de r\u00e9ussite et d\u2019accomplissement. Chacun ses machines, chacun sa voiture, chacun son chez soi. Ainsi, nous vivons dans une \u00e9poque satur\u00e9e d\u2019objets. Les tiroirs d\u00e9bordent de v\u00eatements jamais ou peu port\u00e9s, de nombreux appareils \u00e0 l\u2019utilisation occasionnelle prennent poussi\u00e8re dans les placards, cela sans compter sur ceux, comme nos t\u00e9l\u00e9phones, rendus obsol\u00e8tes en moins de deux ans. Que dire des \u00e9tag\u00e8res croulant sous les livres, vinyles et DVD qui auraient pu \u00eatre emprunt\u00e9s \u00e0 la biblioth\u00e8que communale, mais qui servent surtout de d\u00e9cor \u00e0 nos int\u00e9rieurs. Rendons-nous compte de cette abondance&nbsp;: 100 milliards de v\u00eatements sont produits chaque ann\u00e9e dans le monde, de quoi habiller l\u2019humanit\u00e9 pendant 6 g\u00e9n\u00e9rations. Selon l\u2019ADEME, un m\u00e9nage fran\u00e7ais poss\u00e8de en moyenne 99 appareils \u00e9lectroniques, pour 2,5 tonnes d\u2019\u00e9quipements dans la maison. Leur fabrication n\u00e9cessite 45 tonnes de mati\u00e8res premi\u00e8res et \u00e9met 6 tonnes de CO\u2082, soit 6 allers-retours Paris-New York. Collectivement, nous payons donc tr\u00e8s cher pour des biens individuels qui dorment 95% du temps, stock\u00e9s chez nous. On nous a convaincu de poss\u00e9der ce dont on aurait \u00e9ventuellement besoin mais pas r\u00e9ellement. Les fabricants ont cr\u00e9\u00e9 des d\u00e9bouch\u00e9s infinis et des consommateurs captifs, pris dans une logique d\u2019achat perp\u00e9tuel, au d\u00e9triment de notre environnement et de notre bien-\u00eatre collectif&nbsp;: un mod\u00e8le insoutenable. Pourtant, la propri\u00e9t\u00e9 nous rend-elle vraiment heureux ? De nombreuses choses s\u2019appr\u00e9cient mieux lorsqu\u2019elles sont partag\u00e9es. Ce qui importe, ce n\u2019est pas tant que les choses &hellip; <a href=\"https:\/\/www.renouvelle.be\/fr\/le-partage-une-idee-douce-un-enjeu-radical\/\" class=\"more-link\">Continue reading<span class=\"screen-reader-text\"> \u00ab\u00a0Le partage\u00a0: une id\u00e9e douce, un enjeu radical\u00a0\u00bb<\/span><\/a><\/p>\n","protected":false},"author":39,"featured_media":16241,"comment_status":"closed","ping_status":"closed","sticky":false,"template":"","format":"standard","meta":{"_acf_changed":false,"footnotes":""},"categories":[],"tags":[],"section":[8],"class_list":["post-16235","post","type-post","status-publish","format-standard","has-post-thumbnail","hentry","section-energie-renouvelables"],"acf":[],"yoast_head":"<!-- This site is optimized with the Yoast SEO plugin v27.5 - https:\/\/yoast.com\/product\/yoast-seo-wordpress\/ -->\n<title>Le partage\u00a0: une id\u00e9e douce, un enjeu radical - Renouvelle<\/title>\n<meta name=\"description\" content=\"Et si le partage devenait un droit ? Une r\u00e9flexion sur la surconsommation, le bien commun et les initiatives citoyennes en Belgique.\" \/>\n<meta name=\"robots\" content=\"index, follow, max-snippet:-1, max-image-preview:large, max-video-preview:-1\" \/>\n<link rel=\"canonical\" href=\"https:\/\/www.renouvelle.be\/fr\/le-partage-une-idee-douce-un-enjeu-radical\/\" \/>\n<meta property=\"og:locale\" content=\"fr_FR\" \/>\n<meta property=\"og:type\" content=\"article\" \/>\n<meta property=\"og:title\" content=\"Le partage\u00a0: une id\u00e9e douce, un enjeu radical - Renouvelle\" \/>\n<meta property=\"og:description\" content=\"Et si le partage devenait un droit ? Une r\u00e9flexion sur la surconsommation, le bien commun et les initiatives citoyennes en Belgique.\" \/>\n<meta property=\"og:url\" content=\"https:\/\/www.renouvelle.be\/fr\/le-partage-une-idee-douce-un-enjeu-radical\/\" \/>\n<meta property=\"og:site_name\" content=\"Renouvelle\" \/>\n<meta property=\"article:published_time\" content=\"2026-01-28T14:21:35+00:00\" \/>\n<meta property=\"article:modified_time\" content=\"2026-01-28T14:21:37+00:00\" \/>\n<meta property=\"og:image\" content=\"https:\/\/www.renouvelle.be\/wp-content\/uploads\/2026\/01\/AdobeStock_340499197-scaled-e1768917681509.jpeg\" \/>\n\t<meta property=\"og:image:width\" content=\"2560\" \/>\n\t<meta property=\"og:image:height\" content=\"1587\" \/>\n\t<meta property=\"og:image:type\" content=\"image\/jpeg\" \/>\n<meta name=\"author\" content=\"Nicolas Hubert\" \/>\n<meta name=\"twitter:card\" content=\"summary_large_image\" \/>\n<script type=\"application\/ld+json\" class=\"yoast-schema-graph\">{\"@context\":\"https:\\\/\\\/schema.org\",\"@graph\":[{\"@type\":\"Article\",\"@id\":\"https:\\\/\\\/www.renouvelle.be\\\/fr\\\/le-partage-une-idee-douce-un-enjeu-radical\\\/#article\",\"isPartOf\":{\"@id\":\"https:\\\/\\\/www.renouvelle.be\\\/fr\\\/le-partage-une-idee-douce-un-enjeu-radical\\\/\"},\"author\":{\"name\":\"Nicolas Hubert\",\"@id\":\"https:\\\/\\\/www.renouvelle.be\\\/fr\\\/#\\\/schema\\\/person\\\/2f8776071d07c029365db2eee4a0d3cf\"},\"headline\":\"Le partage\u00a0: une id\u00e9e douce, un enjeu radical\",\"datePublished\":\"2026-01-28T14:21:35+00:00\",\"dateModified\":\"2026-01-28T14:21:37+00:00\",\"mainEntityOfPage\":{\"@id\":\"https:\\\/\\\/www.renouvelle.be\\\/fr\\\/le-partage-une-idee-douce-un-enjeu-radical\\\/\"},\"wordCount\":1441,\"image\":{\"@id\":\"https:\\\/\\\/www.renouvelle.be\\\/fr\\\/le-partage-une-idee-douce-un-enjeu-radical\\\/#primaryimage\"},\"thumbnailUrl\":\"https:\\\/\\\/www.renouvelle.be\\\/wp-content\\\/uploads\\\/2026\\\/01\\\/AdobeStock_340499197-scaled-e1768917681509.jpeg\",\"inLanguage\":\"fr-FR\"},{\"@type\":\"WebPage\",\"@id\":\"https:\\\/\\\/www.renouvelle.be\\\/fr\\\/le-partage-une-idee-douce-un-enjeu-radical\\\/\",\"url\":\"https:\\\/\\\/www.renouvelle.be\\\/fr\\\/le-partage-une-idee-douce-un-enjeu-radical\\\/\",\"name\":\"Le partage\u00a0: une id\u00e9e douce, un enjeu radical - Renouvelle\",\"isPartOf\":{\"@id\":\"https:\\\/\\\/www.renouvelle.be\\\/fr\\\/#website\"},\"primaryImageOfPage\":{\"@id\":\"https:\\\/\\\/www.renouvelle.be\\\/fr\\\/le-partage-une-idee-douce-un-enjeu-radical\\\/#primaryimage\"},\"image\":{\"@id\":\"https:\\\/\\\/www.renouvelle.be\\\/fr\\\/le-partage-une-idee-douce-un-enjeu-radical\\\/#primaryimage\"},\"thumbnailUrl\":\"https:\\\/\\\/www.renouvelle.be\\\/wp-content\\\/uploads\\\/2026\\\/01\\\/AdobeStock_340499197-scaled-e1768917681509.jpeg\",\"datePublished\":\"2026-01-28T14:21:35+00:00\",\"dateModified\":\"2026-01-28T14:21:37+00:00\",\"author\":{\"@id\":\"https:\\\/\\\/www.renouvelle.be\\\/fr\\\/#\\\/schema\\\/person\\\/2f8776071d07c029365db2eee4a0d3cf\"},\"description\":\"Et si le partage devenait un droit ? Une r\u00e9flexion sur la surconsommation, le bien commun et les initiatives citoyennes en Belgique.\",\"breadcrumb\":{\"@id\":\"https:\\\/\\\/www.renouvelle.be\\\/fr\\\/le-partage-une-idee-douce-un-enjeu-radical\\\/#breadcrumb\"},\"inLanguage\":\"fr-FR\",\"potentialAction\":[{\"@type\":\"ReadAction\",\"target\":[\"https:\\\/\\\/www.renouvelle.be\\\/fr\\\/le-partage-une-idee-douce-un-enjeu-radical\\\/\"]}]},{\"@type\":\"ImageObject\",\"inLanguage\":\"fr-FR\",\"@id\":\"https:\\\/\\\/www.renouvelle.be\\\/fr\\\/le-partage-une-idee-douce-un-enjeu-radical\\\/#primaryimage\",\"url\":\"https:\\\/\\\/www.renouvelle.be\\\/wp-content\\\/uploads\\\/2026\\\/01\\\/AdobeStock_340499197-scaled-e1768917681509.jpeg\",\"contentUrl\":\"https:\\\/\\\/www.renouvelle.be\\\/wp-content\\\/uploads\\\/2026\\\/01\\\/AdobeStock_340499197-scaled-e1768917681509.jpeg\",\"width\":2560,\"height\":1587,\"caption\":\"partage\"},{\"@type\":\"BreadcrumbList\",\"@id\":\"https:\\\/\\\/www.renouvelle.be\\\/fr\\\/le-partage-une-idee-douce-un-enjeu-radical\\\/#breadcrumb\",\"itemListElement\":[{\"@type\":\"ListItem\",\"position\":1,\"name\":\"Accueil\",\"item\":\"https:\\\/\\\/www.renouvelle.be\\\/fr\\\/\"},{\"@type\":\"ListItem\",\"position\":2,\"name\":\"Le partage\u00a0: une id\u00e9e douce, un enjeu radical\"}]},{\"@type\":\"WebSite\",\"@id\":\"https:\\\/\\\/www.renouvelle.be\\\/fr\\\/#website\",\"url\":\"https:\\\/\\\/www.renouvelle.be\\\/fr\\\/\",\"name\":\"Renouvelle\",\"description\":\"L&#039;actualit\u00e9 de l&#039;\u00e9nergie durable\",\"potentialAction\":[{\"@type\":\"SearchAction\",\"target\":{\"@type\":\"EntryPoint\",\"urlTemplate\":\"https:\\\/\\\/www.renouvelle.be\\\/fr\\\/?s={search_term_string}\"},\"query-input\":{\"@type\":\"PropertyValueSpecification\",\"valueRequired\":true,\"valueName\":\"search_term_string\"}}],\"inLanguage\":\"fr-FR\"},{\"@type\":\"Person\",\"@id\":\"https:\\\/\\\/www.renouvelle.be\\\/fr\\\/#\\\/schema\\\/person\\\/2f8776071d07c029365db2eee4a0d3cf\",\"name\":\"Nicolas Hubert\",\"url\":\"https:\\\/\\\/www.renouvelle.be\\\/fr\\\/author\\\/nhubert\\\/\"}]}<\/script>\n<!-- \/ Yoast SEO plugin. -->","yoast_head_json":{"title":"Le partage\u00a0: une id\u00e9e douce, un enjeu radical - Renouvelle","description":"Et si le partage devenait un droit ? Une r\u00e9flexion sur la surconsommation, le bien commun et les initiatives citoyennes en Belgique.","robots":{"index":"index","follow":"follow","max-snippet":"max-snippet:-1","max-image-preview":"max-image-preview:large","max-video-preview":"max-video-preview:-1"},"canonical":"https:\/\/www.renouvelle.be\/fr\/le-partage-une-idee-douce-un-enjeu-radical\/","og_locale":"fr_FR","og_type":"article","og_title":"Le partage\u00a0: une id\u00e9e douce, un enjeu radical - Renouvelle","og_description":"Et si le partage devenait un droit ? Une r\u00e9flexion sur la surconsommation, le bien commun et les initiatives citoyennes en Belgique.","og_url":"https:\/\/www.renouvelle.be\/fr\/le-partage-une-idee-douce-un-enjeu-radical\/","og_site_name":"Renouvelle","article_published_time":"2026-01-28T14:21:35+00:00","article_modified_time":"2026-01-28T14:21:37+00:00","og_image":[{"width":2560,"height":1587,"url":"https:\/\/www.renouvelle.be\/wp-content\/uploads\/2026\/01\/AdobeStock_340499197-scaled-e1768917681509.jpeg","type":"image\/jpeg"}],"author":"Nicolas Hubert","twitter_card":"summary_large_image","schema":{"@context":"https:\/\/schema.org","@graph":[{"@type":"Article","@id":"https:\/\/www.renouvelle.be\/fr\/le-partage-une-idee-douce-un-enjeu-radical\/#article","isPartOf":{"@id":"https:\/\/www.renouvelle.be\/fr\/le-partage-une-idee-douce-un-enjeu-radical\/"},"author":{"name":"Nicolas Hubert","@id":"https:\/\/www.renouvelle.be\/fr\/#\/schema\/person\/2f8776071d07c029365db2eee4a0d3cf"},"headline":"Le partage\u00a0: une id\u00e9e douce, un enjeu radical","datePublished":"2026-01-28T14:21:35+00:00","dateModified":"2026-01-28T14:21:37+00:00","mainEntityOfPage":{"@id":"https:\/\/www.renouvelle.be\/fr\/le-partage-une-idee-douce-un-enjeu-radical\/"},"wordCount":1441,"image":{"@id":"https:\/\/www.renouvelle.be\/fr\/le-partage-une-idee-douce-un-enjeu-radical\/#primaryimage"},"thumbnailUrl":"https:\/\/www.renouvelle.be\/wp-content\/uploads\/2026\/01\/AdobeStock_340499197-scaled-e1768917681509.jpeg","inLanguage":"fr-FR"},{"@type":"WebPage","@id":"https:\/\/www.renouvelle.be\/fr\/le-partage-une-idee-douce-un-enjeu-radical\/","url":"https:\/\/www.renouvelle.be\/fr\/le-partage-une-idee-douce-un-enjeu-radical\/","name":"Le partage\u00a0: une id\u00e9e douce, un enjeu radical - Renouvelle","isPartOf":{"@id":"https:\/\/www.renouvelle.be\/fr\/#website"},"primaryImageOfPage":{"@id":"https:\/\/www.renouvelle.be\/fr\/le-partage-une-idee-douce-un-enjeu-radical\/#primaryimage"},"image":{"@id":"https:\/\/www.renouvelle.be\/fr\/le-partage-une-idee-douce-un-enjeu-radical\/#primaryimage"},"thumbnailUrl":"https:\/\/www.renouvelle.be\/wp-content\/uploads\/2026\/01\/AdobeStock_340499197-scaled-e1768917681509.jpeg","datePublished":"2026-01-28T14:21:35+00:00","dateModified":"2026-01-28T14:21:37+00:00","author":{"@id":"https:\/\/www.renouvelle.be\/fr\/#\/schema\/person\/2f8776071d07c029365db2eee4a0d3cf"},"description":"Et si le partage devenait un droit ? Une r\u00e9flexion sur la surconsommation, le bien commun et les initiatives citoyennes en Belgique.","breadcrumb":{"@id":"https:\/\/www.renouvelle.be\/fr\/le-partage-une-idee-douce-un-enjeu-radical\/#breadcrumb"},"inLanguage":"fr-FR","potentialAction":[{"@type":"ReadAction","target":["https:\/\/www.renouvelle.be\/fr\/le-partage-une-idee-douce-un-enjeu-radical\/"]}]},{"@type":"ImageObject","inLanguage":"fr-FR","@id":"https:\/\/www.renouvelle.be\/fr\/le-partage-une-idee-douce-un-enjeu-radical\/#primaryimage","url":"https:\/\/www.renouvelle.be\/wp-content\/uploads\/2026\/01\/AdobeStock_340499197-scaled-e1768917681509.jpeg","contentUrl":"https:\/\/www.renouvelle.be\/wp-content\/uploads\/2026\/01\/AdobeStock_340499197-scaled-e1768917681509.jpeg","width":2560,"height":1587,"caption":"partage"},{"@type":"BreadcrumbList","@id":"https:\/\/www.renouvelle.be\/fr\/le-partage-une-idee-douce-un-enjeu-radical\/#breadcrumb","itemListElement":[{"@type":"ListItem","position":1,"name":"Accueil","item":"https:\/\/www.renouvelle.be\/fr\/"},{"@type":"ListItem","position":2,"name":"Le partage\u00a0: une id\u00e9e douce, un enjeu radical"}]},{"@type":"WebSite","@id":"https:\/\/www.renouvelle.be\/fr\/#website","url":"https:\/\/www.renouvelle.be\/fr\/","name":"Renouvelle","description":"L&#039;actualit\u00e9 de l&#039;\u00e9nergie durable","potentialAction":[{"@type":"SearchAction","target":{"@type":"EntryPoint","urlTemplate":"https:\/\/www.renouvelle.be\/fr\/?s={search_term_string}"},"query-input":{"@type":"PropertyValueSpecification","valueRequired":true,"valueName":"search_term_string"}}],"inLanguage":"fr-FR"},{"@type":"Person","@id":"https:\/\/www.renouvelle.be\/fr\/#\/schema\/person\/2f8776071d07c029365db2eee4a0d3cf","name":"Nicolas Hubert","url":"https:\/\/www.renouvelle.be\/fr\/author\/nhubert\/"}]}},"_links":{"self":[{"href":"https:\/\/www.renouvelle.be\/fr\/wp-json\/wp\/v2\/posts\/16235","targetHints":{"allow":["GET"]}}],"collection":[{"href":"https:\/\/www.renouvelle.be\/fr\/wp-json\/wp\/v2\/posts"}],"about":[{"href":"https:\/\/www.renouvelle.be\/fr\/wp-json\/wp\/v2\/types\/post"}],"author":[{"embeddable":true,"href":"https:\/\/www.renouvelle.be\/fr\/wp-json\/wp\/v2\/users\/39"}],"replies":[{"embeddable":true,"href":"https:\/\/www.renouvelle.be\/fr\/wp-json\/wp\/v2\/comments?post=16235"}],"version-history":[{"count":5,"href":"https:\/\/www.renouvelle.be\/fr\/wp-json\/wp\/v2\/posts\/16235\/revisions"}],"predecessor-version":[{"id":16279,"href":"https:\/\/www.renouvelle.be\/fr\/wp-json\/wp\/v2\/posts\/16235\/revisions\/16279"}],"wp:featuredmedia":[{"embeddable":true,"href":"https:\/\/www.renouvelle.be\/fr\/wp-json\/wp\/v2\/media\/16241"}],"wp:attachment":[{"href":"https:\/\/www.renouvelle.be\/fr\/wp-json\/wp\/v2\/media?parent=16235"}],"wp:term":[{"taxonomy":"category","embeddable":true,"href":"https:\/\/www.renouvelle.be\/fr\/wp-json\/wp\/v2\/categories?post=16235"},{"taxonomy":"post_tag","embeddable":true,"href":"https:\/\/www.renouvelle.be\/fr\/wp-json\/wp\/v2\/tags?post=16235"},{"taxonomy":"section","embeddable":true,"href":"https:\/\/www.renouvelle.be\/fr\/wp-json\/wp\/v2\/section?post=16235"}],"curies":[{"name":"wp","href":"https:\/\/api.w.org\/{rel}","templated":true}]}}