{"id":16229,"date":"2026-01-20T16:02:21","date_gmt":"2026-01-20T15:02:21","guid":{"rendered":"https:\/\/www.renouvelle.be\/?p=16229"},"modified":"2026-01-28T15:27:09","modified_gmt":"2026-01-28T14:27:09","slug":"eolien-wallon-continue-sur-sa-lancee","status":"publish","type":"post","link":"https:\/\/www.renouvelle.be\/fr\/eolien-wallon-continue-sur-sa-lancee\/","title":{"rendered":"L\u2019\u00e9olien wallon continue sur sa lanc\u00e9e mais attention \u00e0 garder le cap"},"content":{"rendered":"\n<h2 class=\"wp-block-heading\">Puissance install\u00e9e<\/h2>\n\n\n\n<p>EDORA, la f\u00e9d\u00e9ration des entreprises d\u00e9veloppant des produits et services tourn\u00e9s vers la transition \u00e9nerg\u00e9tique, a publi\u00e9 les donn\u00e9es annuelles du secteur wallon \u00e9olien, collect\u00e9es en collaboration avec Energie Commune. En 2025, <strong>36 nouvelles \u00e9oliennes<\/strong> ont \u00e9t\u00e9 install\u00e9es en Wallonie, correspondant \u00e0 une capacit\u00e9 additionnelle de <strong>133 MW<\/strong>. Ceci porte le parc wallon \u00e0 une capacit\u00e9 de <strong>1 661 MW<\/strong> <strong>r\u00e9partis sur 625 \u00e9oliennes<\/strong>, permettant de produire annuellement une quantit\u00e9 d\u2019\u00e9nergie renouvelable correspondant \u00e0 la consommation de la moiti\u00e9 des m\u00e9nages wallons.<\/p>\n\n\n\n<p>La Wallonie s\u2019est montr\u00e9e plus dynamique que la Flandre, o\u00f9 seules 12 \u00e9oliennes ont \u00e9t\u00e9 install\u00e9es, portant le total belge \u00e0 48 nouveaux m\u00e2ts.<\/p>\n\n\n\n<p>La tendance actuelle, maintenant une croissance de plus de 8%, est amen\u00e9e \u00e0 se maintenir. En effet, 126 MW sont d\u00e9j\u00e0 en construction pour une mise en service attendue en 2026, tandis que presque 198 MW additionnels b\u00e9n\u00e9ficient d\u2019un permis libre de tout recours.<\/p>\n\n\n<div class=\"wp-block-image\">\n<figure class=\"aligncenter size-large\"><img loading=\"lazy\" decoding=\"async\" width=\"1024\" height=\"579\" src=\"https:\/\/www.renouvelle.be\/wp-content\/uploads\/2026\/01\/eolien_wallon_2025_00-1024x579.png\" alt=\"\u00e9olien wallon\" class=\"wp-image-16254\" srcset=\"https:\/\/www.renouvelle.be\/wp-content\/uploads\/2026\/01\/eolien_wallon_2025_00-1024x579.png 1024w, https:\/\/www.renouvelle.be\/wp-content\/uploads\/2026\/01\/eolien_wallon_2025_00-300x170.png 300w, https:\/\/www.renouvelle.be\/wp-content\/uploads\/2026\/01\/eolien_wallon_2025_00-768x434.png 768w, https:\/\/www.renouvelle.be\/wp-content\/uploads\/2026\/01\/eolien_wallon_2025_00-1200x678.png 1200w, https:\/\/www.renouvelle.be\/wp-content\/uploads\/2026\/01\/eolien_wallon_2025_00.png 1207w\" sizes=\"auto, (max-width: 1024px) 100vw, 1024px\" \/><\/figure>\n<\/div>\n\n\n<h2 class=\"wp-block-heading\">Production \u00e9olienne<\/h2>\n\n\n\n<p>En 2025, la production \u00e9olienne belge a atteint environ <strong>12 TWh<\/strong>, selon les donn\u00e9es d\u2019Energie Commune. Cette production est port\u00e9e par l\u2019\u00e9olien offshore (<strong>6,5 TWh<\/strong>), tandis que l\u2019\u00e9olien terrestre contribue pour <strong>3,5 TWh en Flandre<\/strong> et <strong>2 TWh en Wallonie<\/strong>. Le niveau de production observ\u00e9 en 2025 est <strong>tr\u00e8s proche de celui de 2024<\/strong>. La croissance des capacit\u00e9s install\u00e9es constitue d\u00e8s lors un levier essentiel pour augmenter durablement la production renouvelable dans les prochaines ann\u00e9es.<\/p>\n\n\n<div class=\"wp-block-image\">\n<figure class=\"aligncenter size-large\"><img loading=\"lazy\" decoding=\"async\" width=\"1024\" height=\"585\" src=\"https:\/\/www.renouvelle.be\/wp-content\/uploads\/2026\/01\/eolien_wallon_2025_02-1024x585.png\" alt=\"\u00e9olien wallon\" class=\"wp-image-16257\" srcset=\"https:\/\/www.renouvelle.be\/wp-content\/uploads\/2026\/01\/eolien_wallon_2025_02-1024x585.png 1024w, https:\/\/www.renouvelle.be\/wp-content\/uploads\/2026\/01\/eolien_wallon_2025_02-300x171.png 300w, https:\/\/www.renouvelle.be\/wp-content\/uploads\/2026\/01\/eolien_wallon_2025_02-768x439.png 768w, https:\/\/www.renouvelle.be\/wp-content\/uploads\/2026\/01\/eolien_wallon_2025_02-1200x686.png 1200w, https:\/\/www.renouvelle.be\/wp-content\/uploads\/2026\/01\/eolien_wallon_2025_02.png 1209w\" sizes=\"auto, (max-width: 1024px) 100vw, 1024px\" \/><\/figure>\n<\/div>\n\n\n<h2 class=\"wp-block-heading\">Objectif 2030<\/h2>\n\n\n\n<p>Cependant, comme soulign\u00e9 par EDORA, ceci est insuffisant pour atteindre <a href=\"https:\/\/www.renouvelle.be\/fr\/fournisseurs-energie-belgique-greenpeace-investissements-renouvelable\/\" target=\"_blank\" rel=\"noreferrer noopener\">l\u2019objectif <\/a>r\u00e9gional de produire 25% de l\u2019\u00e9lectricit\u00e9 wallonne gr\u00e2ce \u00e0 l\u2019\u00e9olien. Pour cela, il faudrait presque doubler la puissance install\u00e9e chaque ann\u00e9e et d\u00e9passer les 200 MW\/an.<\/p>\n\n\n\n<p>L\u2019espoir est permis, car approximativement 5 700 MW de projets \u00e9oliens sont actuellement au stade d\u2019\u00e9tude, de demande de permis ou de d\u00e9veloppement. Tous ne seront pas concr\u00e9tis\u00e9s, et certains sont mutuellement exclusifs, mais ceci t\u00e9moigne d\u2019une activit\u00e9 cons\u00e9quente.<\/p>\n\n\n\n<p>L\u2019obstacle souvent mentionn\u00e9 \u00e0 l\u2019aboutissement des projets \u00e9oliens est le parcours du combattant que repr\u00e9sente l\u2019obtention d\u2019un permis. En effet, une fois la demande de permis d\u00e9pos\u00e9e avec une \u00e9tude d\u2019incidence sur l\u2019environnement, les fonctionnaires techniques et d\u00e9l\u00e9gu\u00e9s de la R\u00e9gion Wallonne rendent une premi\u00e8re d\u00e9cision. Cette d\u00e9cision peut \u00eatre contest\u00e9e via un recours aupr\u00e8s du gouvernement wallon, qui sera statu\u00e9 par le\u00b7a ministre comp\u00e9tent\u00b7e. Cette d\u00e9cision minist\u00e9rielle peut ensuite elle-m\u00eame \u00eatre contest\u00e9e via un recours au Conseil d\u2019Etat.<\/p>\n\n\n\n<p>Une am\u00e9lioration a n\u00e9anmoins \u00e9t\u00e9 constat\u00e9e par <a href=\"https:\/\/www.edora.org\/\" target=\"_blank\" rel=\"noreferrer noopener\">EDORA<\/a>. Le taux d\u2019octroi des permis par le ministre est en hausse, et le d\u00e9lai maximum des proc\u00e9dures au Conseil d\u2019Etat a \u00e9t\u00e9 fix\u00e9 \u00e0 maximum 15 mois, permettant de diviser les dur\u00e9es des proc\u00e9dures par 3. Ceci est critique, sachant que pr\u00e8s de 678 MW sont actuellement en attente de d\u00e9cision du Conseil d\u2019Etat.<\/p>\n\n\n\n<p>Au-del\u00e0 des demandes de permis, un obstacle majeur au d\u00e9veloppement \u00e9olien est aujourd\u2019hui le raccordement au r\u00e9seau \u00e9lectrique. Les co\u00fbts et les d\u00e9lais importants associ\u00e9s compromettent de nombreux projets, et EDORA souligne l\u2019urgence de mesures de facilitation d\u2019acc\u00e8s.<\/p>\n\n\n\n<p>Le gouvernement wallon a donc l\u2019opportunit\u00e9 de faciliter le d\u00e9veloppement \u00e9olien sur son territoire en permettant au secteur d\u00e9j\u00e0 tr\u00e8s actif de concr\u00e9tiser ses projets, et participer de mani\u00e8re active au d\u00e9veloppement des renouvelables belges et europ\u00e9ens.<\/p>\n","protected":false},"excerpt":{"rendered":"<p>Puissance install\u00e9e EDORA, la f\u00e9d\u00e9ration des entreprises d\u00e9veloppant des produits et services tourn\u00e9s vers la transition \u00e9nerg\u00e9tique, a publi\u00e9 les donn\u00e9es annuelles du secteur wallon \u00e9olien, collect\u00e9es en collaboration avec Energie Commune. En 2025, 36 nouvelles \u00e9oliennes ont \u00e9t\u00e9 install\u00e9es en Wallonie, correspondant \u00e0 une capacit\u00e9 additionnelle de 133 MW. Ceci porte le parc wallon \u00e0 une capacit\u00e9 de 1 661 MW r\u00e9partis sur 625 \u00e9oliennes, permettant de produire annuellement une quantit\u00e9 d\u2019\u00e9nergie renouvelable correspondant \u00e0 la consommation de la moiti\u00e9 des m\u00e9nages wallons. La Wallonie s\u2019est montr\u00e9e plus dynamique que la Flandre, o\u00f9 seules 12 \u00e9oliennes ont \u00e9t\u00e9 install\u00e9es, portant le total belge \u00e0 48 nouveaux m\u00e2ts. La tendance actuelle, maintenant une croissance de plus de 8%, est amen\u00e9e \u00e0 se maintenir. En effet, 126 MW sont d\u00e9j\u00e0 en construction pour une mise en service attendue en 2026, tandis que presque 198 MW additionnels b\u00e9n\u00e9ficient d\u2019un permis libre de tout recours. Production \u00e9olienne En 2025, la production \u00e9olienne belge a atteint environ 12 TWh, selon les donn\u00e9es d\u2019Energie Commune. Cette production est port\u00e9e par l\u2019\u00e9olien offshore (6,5 TWh), tandis que l\u2019\u00e9olien terrestre contribue pour 3,5 TWh en Flandre et 2 TWh en Wallonie. Le niveau de production observ\u00e9 en 2025 est tr\u00e8s proche de celui de 2024. La croissance des capacit\u00e9s install\u00e9es constitue d\u00e8s lors un levier essentiel pour augmenter durablement la production renouvelable dans les prochaines ann\u00e9es. Objectif 2030 Cependant, comme soulign\u00e9 par EDORA, ceci est insuffisant pour atteindre l\u2019objectif r\u00e9gional de produire 25% de l\u2019\u00e9lectricit\u00e9 wallonne gr\u00e2ce \u00e0 l\u2019\u00e9olien. Pour cela, il faudrait presque doubler la puissance install\u00e9e chaque ann\u00e9e et d\u00e9passer les 200 MW\/an. L\u2019espoir est permis, car approximativement 5 700 MW de projets \u00e9oliens sont actuellement au stade d\u2019\u00e9tude, de demande de permis ou de &hellip; <a href=\"https:\/\/www.renouvelle.be\/fr\/eolien-wallon-continue-sur-sa-lancee\/\" class=\"more-link\">Continue reading<span class=\"screen-reader-text\"> \u00ab\u00a0L\u2019\u00e9olien wallon continue sur sa lanc\u00e9e mais attention \u00e0 garder le cap\u00a0\u00bb<\/span><\/a><\/p>\n","protected":false},"author":40,"featured_media":16247,"comment_status":"closed","ping_status":"closed","sticky":false,"template":"","format":"standard","meta":{"_acf_changed":false,"footnotes":""},"categories":[16,17],"tags":[],"section":[8,6],"class_list":["post-16229","post","type-post","status-publish","format-standard","has-post-thumbnail","hentry","category-actualite","category-actualite-en-belgique","section-energie-renouvelables","section-eolien"],"acf":[],"yoast_head":"<!-- This site is optimized with the Yoast SEO plugin v27.4 - https:\/\/yoast.com\/product\/yoast-seo-wordpress\/ -->\n<title>L\u2019\u00e9olien wallon continue sur sa lanc\u00e9e mais attention \u00e0 garder le cap - Renouvelle<\/title>\n<meta name=\"description\" content=\"En 2025, l\u2019\u00e9olien wallon d\u00e9passe 1 660 MW install\u00e9s. Une dynamique positive confirm\u00e9e, mais insuffisante pour atteindre les objectifs 2030.\" \/>\n<meta name=\"robots\" content=\"index, follow, max-snippet:-1, max-image-preview:large, max-video-preview:-1\" \/>\n<link rel=\"canonical\" href=\"https:\/\/www.renouvelle.be\/fr\/eolien-wallon-continue-sur-sa-lancee\/\" \/>\n<meta property=\"og:locale\" content=\"fr_FR\" \/>\n<meta property=\"og:type\" content=\"article\" \/>\n<meta property=\"og:title\" content=\"L\u2019\u00e9olien wallon continue sur sa lanc\u00e9e mais attention \u00e0 garder le cap - Renouvelle\" \/>\n<meta property=\"og:description\" content=\"En 2025, l\u2019\u00e9olien wallon d\u00e9passe 1 660 MW install\u00e9s. Une dynamique positive confirm\u00e9e, mais insuffisante pour atteindre les objectifs 2030.\" \/>\n<meta property=\"og:url\" content=\"https:\/\/www.renouvelle.be\/fr\/eolien-wallon-continue-sur-sa-lancee\/\" \/>\n<meta property=\"og:site_name\" content=\"Renouvelle\" \/>\n<meta property=\"article:published_time\" content=\"2026-01-20T15:02:21+00:00\" \/>\n<meta property=\"article:modified_time\" content=\"2026-01-28T14:27:09+00:00\" \/>\n<meta property=\"og:image\" content=\"https:\/\/www.renouvelle.be\/wp-content\/uploads\/2026\/01\/AdobeStock_383185064-scaled-e1768919488189.jpeg\" \/>\n\t<meta property=\"og:image:width\" content=\"2560\" \/>\n\t<meta property=\"og:image:height\" content=\"1566\" \/>\n\t<meta property=\"og:image:type\" content=\"image\/jpeg\" \/>\n<meta name=\"author\" content=\"Mathieu Petitjean\" \/>\n<meta name=\"twitter:card\" content=\"summary_large_image\" \/>\n<script type=\"application\/ld+json\" class=\"yoast-schema-graph\">{\"@context\":\"https:\\\/\\\/schema.org\",\"@graph\":[{\"@type\":\"Article\",\"@id\":\"https:\\\/\\\/www.renouvelle.be\\\/fr\\\/eolien-wallon-continue-sur-sa-lancee\\\/#article\",\"isPartOf\":{\"@id\":\"https:\\\/\\\/www.renouvelle.be\\\/fr\\\/eolien-wallon-continue-sur-sa-lancee\\\/\"},\"author\":{\"name\":\"Mathieu Petitjean\",\"@id\":\"https:\\\/\\\/www.renouvelle.be\\\/fr\\\/#\\\/schema\\\/person\\\/0458f628084e1c95c296c1f5b9fcf7c2\"},\"headline\":\"L\u2019\u00e9olien wallon continue sur sa lanc\u00e9e mais attention \u00e0 garder le cap\",\"datePublished\":\"2026-01-20T15:02:21+00:00\",\"dateModified\":\"2026-01-28T14:27:09+00:00\",\"mainEntityOfPage\":{\"@id\":\"https:\\\/\\\/www.renouvelle.be\\\/fr\\\/eolien-wallon-continue-sur-sa-lancee\\\/\"},\"wordCount\":604,\"image\":{\"@id\":\"https:\\\/\\\/www.renouvelle.be\\\/fr\\\/eolien-wallon-continue-sur-sa-lancee\\\/#primaryimage\"},\"thumbnailUrl\":\"https:\\\/\\\/www.renouvelle.be\\\/wp-content\\\/uploads\\\/2026\\\/01\\\/AdobeStock_383185064-scaled-e1768919488189.jpeg\",\"articleSection\":[\"Actualit\u00e9\",\"Actualit\u00e9 en Belgique\"],\"inLanguage\":\"fr-FR\"},{\"@type\":\"WebPage\",\"@id\":\"https:\\\/\\\/www.renouvelle.be\\\/fr\\\/eolien-wallon-continue-sur-sa-lancee\\\/\",\"url\":\"https:\\\/\\\/www.renouvelle.be\\\/fr\\\/eolien-wallon-continue-sur-sa-lancee\\\/\",\"name\":\"L\u2019\u00e9olien wallon continue sur sa lanc\u00e9e mais attention \u00e0 garder le cap - Renouvelle\",\"isPartOf\":{\"@id\":\"https:\\\/\\\/www.renouvelle.be\\\/fr\\\/#website\"},\"primaryImageOfPage\":{\"@id\":\"https:\\\/\\\/www.renouvelle.be\\\/fr\\\/eolien-wallon-continue-sur-sa-lancee\\\/#primaryimage\"},\"image\":{\"@id\":\"https:\\\/\\\/www.renouvelle.be\\\/fr\\\/eolien-wallon-continue-sur-sa-lancee\\\/#primaryimage\"},\"thumbnailUrl\":\"https:\\\/\\\/www.renouvelle.be\\\/wp-content\\\/uploads\\\/2026\\\/01\\\/AdobeStock_383185064-scaled-e1768919488189.jpeg\",\"datePublished\":\"2026-01-20T15:02:21+00:00\",\"dateModified\":\"2026-01-28T14:27:09+00:00\",\"author\":{\"@id\":\"https:\\\/\\\/www.renouvelle.be\\\/fr\\\/#\\\/schema\\\/person\\\/0458f628084e1c95c296c1f5b9fcf7c2\"},\"description\":\"En 2025, l\u2019\u00e9olien wallon d\u00e9passe 1 660 MW install\u00e9s. Une dynamique positive confirm\u00e9e, mais insuffisante pour atteindre les objectifs 2030.\",\"breadcrumb\":{\"@id\":\"https:\\\/\\\/www.renouvelle.be\\\/fr\\\/eolien-wallon-continue-sur-sa-lancee\\\/#breadcrumb\"},\"inLanguage\":\"fr-FR\",\"potentialAction\":[{\"@type\":\"ReadAction\",\"target\":[\"https:\\\/\\\/www.renouvelle.be\\\/fr\\\/eolien-wallon-continue-sur-sa-lancee\\\/\"]}]},{\"@type\":\"ImageObject\",\"inLanguage\":\"fr-FR\",\"@id\":\"https:\\\/\\\/www.renouvelle.be\\\/fr\\\/eolien-wallon-continue-sur-sa-lancee\\\/#primaryimage\",\"url\":\"https:\\\/\\\/www.renouvelle.be\\\/wp-content\\\/uploads\\\/2026\\\/01\\\/AdobeStock_383185064-scaled-e1768919488189.jpeg\",\"contentUrl\":\"https:\\\/\\\/www.renouvelle.be\\\/wp-content\\\/uploads\\\/2026\\\/01\\\/AdobeStock_383185064-scaled-e1768919488189.jpeg\",\"width\":2560,\"height\":1566,\"caption\":\"\u00e9olien wallon wallonie\"},{\"@type\":\"BreadcrumbList\",\"@id\":\"https:\\\/\\\/www.renouvelle.be\\\/fr\\\/eolien-wallon-continue-sur-sa-lancee\\\/#breadcrumb\",\"itemListElement\":[{\"@type\":\"ListItem\",\"position\":1,\"name\":\"Accueil\",\"item\":\"https:\\\/\\\/www.renouvelle.be\\\/fr\\\/\"},{\"@type\":\"ListItem\",\"position\":2,\"name\":\"L\u2019\u00e9olien wallon continue sur sa lanc\u00e9e mais attention \u00e0 garder le cap\"}]},{\"@type\":\"WebSite\",\"@id\":\"https:\\\/\\\/www.renouvelle.be\\\/fr\\\/#website\",\"url\":\"https:\\\/\\\/www.renouvelle.be\\\/fr\\\/\",\"name\":\"Renouvelle\",\"description\":\"L&#039;actualit\u00e9 de l&#039;\u00e9nergie durable\",\"potentialAction\":[{\"@type\":\"SearchAction\",\"target\":{\"@type\":\"EntryPoint\",\"urlTemplate\":\"https:\\\/\\\/www.renouvelle.be\\\/fr\\\/?s={search_term_string}\"},\"query-input\":{\"@type\":\"PropertyValueSpecification\",\"valueRequired\":true,\"valueName\":\"search_term_string\"}}],\"inLanguage\":\"fr-FR\"},{\"@type\":\"Person\",\"@id\":\"https:\\\/\\\/www.renouvelle.be\\\/fr\\\/#\\\/schema\\\/person\\\/0458f628084e1c95c296c1f5b9fcf7c2\",\"name\":\"Mathieu Petitjean\",\"url\":\"https:\\\/\\\/www.renouvelle.be\\\/fr\\\/author\\\/mathieu-petitjean\\\/\"}]}<\/script>\n<!-- \/ Yoast SEO plugin. -->","yoast_head_json":{"title":"L\u2019\u00e9olien wallon continue sur sa lanc\u00e9e mais attention \u00e0 garder le cap - Renouvelle","description":"En 2025, l\u2019\u00e9olien wallon d\u00e9passe 1 660 MW install\u00e9s. Une dynamique positive confirm\u00e9e, mais insuffisante pour atteindre les objectifs 2030.","robots":{"index":"index","follow":"follow","max-snippet":"max-snippet:-1","max-image-preview":"max-image-preview:large","max-video-preview":"max-video-preview:-1"},"canonical":"https:\/\/www.renouvelle.be\/fr\/eolien-wallon-continue-sur-sa-lancee\/","og_locale":"fr_FR","og_type":"article","og_title":"L\u2019\u00e9olien wallon continue sur sa lanc\u00e9e mais attention \u00e0 garder le cap - Renouvelle","og_description":"En 2025, l\u2019\u00e9olien wallon d\u00e9passe 1 660 MW install\u00e9s. Une dynamique positive confirm\u00e9e, mais insuffisante pour atteindre les objectifs 2030.","og_url":"https:\/\/www.renouvelle.be\/fr\/eolien-wallon-continue-sur-sa-lancee\/","og_site_name":"Renouvelle","article_published_time":"2026-01-20T15:02:21+00:00","article_modified_time":"2026-01-28T14:27:09+00:00","og_image":[{"width":2560,"height":1566,"url":"https:\/\/www.renouvelle.be\/wp-content\/uploads\/2026\/01\/AdobeStock_383185064-scaled-e1768919488189.jpeg","type":"image\/jpeg"}],"author":"Mathieu Petitjean","twitter_card":"summary_large_image","schema":{"@context":"https:\/\/schema.org","@graph":[{"@type":"Article","@id":"https:\/\/www.renouvelle.be\/fr\/eolien-wallon-continue-sur-sa-lancee\/#article","isPartOf":{"@id":"https:\/\/www.renouvelle.be\/fr\/eolien-wallon-continue-sur-sa-lancee\/"},"author":{"name":"Mathieu Petitjean","@id":"https:\/\/www.renouvelle.be\/fr\/#\/schema\/person\/0458f628084e1c95c296c1f5b9fcf7c2"},"headline":"L\u2019\u00e9olien wallon continue sur sa lanc\u00e9e mais attention \u00e0 garder le cap","datePublished":"2026-01-20T15:02:21+00:00","dateModified":"2026-01-28T14:27:09+00:00","mainEntityOfPage":{"@id":"https:\/\/www.renouvelle.be\/fr\/eolien-wallon-continue-sur-sa-lancee\/"},"wordCount":604,"image":{"@id":"https:\/\/www.renouvelle.be\/fr\/eolien-wallon-continue-sur-sa-lancee\/#primaryimage"},"thumbnailUrl":"https:\/\/www.renouvelle.be\/wp-content\/uploads\/2026\/01\/AdobeStock_383185064-scaled-e1768919488189.jpeg","articleSection":["Actualit\u00e9","Actualit\u00e9 en Belgique"],"inLanguage":"fr-FR"},{"@type":"WebPage","@id":"https:\/\/www.renouvelle.be\/fr\/eolien-wallon-continue-sur-sa-lancee\/","url":"https:\/\/www.renouvelle.be\/fr\/eolien-wallon-continue-sur-sa-lancee\/","name":"L\u2019\u00e9olien wallon continue sur sa lanc\u00e9e mais attention \u00e0 garder le cap - Renouvelle","isPartOf":{"@id":"https:\/\/www.renouvelle.be\/fr\/#website"},"primaryImageOfPage":{"@id":"https:\/\/www.renouvelle.be\/fr\/eolien-wallon-continue-sur-sa-lancee\/#primaryimage"},"image":{"@id":"https:\/\/www.renouvelle.be\/fr\/eolien-wallon-continue-sur-sa-lancee\/#primaryimage"},"thumbnailUrl":"https:\/\/www.renouvelle.be\/wp-content\/uploads\/2026\/01\/AdobeStock_383185064-scaled-e1768919488189.jpeg","datePublished":"2026-01-20T15:02:21+00:00","dateModified":"2026-01-28T14:27:09+00:00","author":{"@id":"https:\/\/www.renouvelle.be\/fr\/#\/schema\/person\/0458f628084e1c95c296c1f5b9fcf7c2"},"description":"En 2025, l\u2019\u00e9olien wallon d\u00e9passe 1 660 MW install\u00e9s. Une dynamique positive confirm\u00e9e, mais insuffisante pour atteindre les objectifs 2030.","breadcrumb":{"@id":"https:\/\/www.renouvelle.be\/fr\/eolien-wallon-continue-sur-sa-lancee\/#breadcrumb"},"inLanguage":"fr-FR","potentialAction":[{"@type":"ReadAction","target":["https:\/\/www.renouvelle.be\/fr\/eolien-wallon-continue-sur-sa-lancee\/"]}]},{"@type":"ImageObject","inLanguage":"fr-FR","@id":"https:\/\/www.renouvelle.be\/fr\/eolien-wallon-continue-sur-sa-lancee\/#primaryimage","url":"https:\/\/www.renouvelle.be\/wp-content\/uploads\/2026\/01\/AdobeStock_383185064-scaled-e1768919488189.jpeg","contentUrl":"https:\/\/www.renouvelle.be\/wp-content\/uploads\/2026\/01\/AdobeStock_383185064-scaled-e1768919488189.jpeg","width":2560,"height":1566,"caption":"\u00e9olien wallon wallonie"},{"@type":"BreadcrumbList","@id":"https:\/\/www.renouvelle.be\/fr\/eolien-wallon-continue-sur-sa-lancee\/#breadcrumb","itemListElement":[{"@type":"ListItem","position":1,"name":"Accueil","item":"https:\/\/www.renouvelle.be\/fr\/"},{"@type":"ListItem","position":2,"name":"L\u2019\u00e9olien wallon continue sur sa lanc\u00e9e mais attention \u00e0 garder le cap"}]},{"@type":"WebSite","@id":"https:\/\/www.renouvelle.be\/fr\/#website","url":"https:\/\/www.renouvelle.be\/fr\/","name":"Renouvelle","description":"L&#039;actualit\u00e9 de l&#039;\u00e9nergie durable","potentialAction":[{"@type":"SearchAction","target":{"@type":"EntryPoint","urlTemplate":"https:\/\/www.renouvelle.be\/fr\/?s={search_term_string}"},"query-input":{"@type":"PropertyValueSpecification","valueRequired":true,"valueName":"search_term_string"}}],"inLanguage":"fr-FR"},{"@type":"Person","@id":"https:\/\/www.renouvelle.be\/fr\/#\/schema\/person\/0458f628084e1c95c296c1f5b9fcf7c2","name":"Mathieu Petitjean","url":"https:\/\/www.renouvelle.be\/fr\/author\/mathieu-petitjean\/"}]}},"_links":{"self":[{"href":"https:\/\/www.renouvelle.be\/fr\/wp-json\/wp\/v2\/posts\/16229","targetHints":{"allow":["GET"]}}],"collection":[{"href":"https:\/\/www.renouvelle.be\/fr\/wp-json\/wp\/v2\/posts"}],"about":[{"href":"https:\/\/www.renouvelle.be\/fr\/wp-json\/wp\/v2\/types\/post"}],"author":[{"embeddable":true,"href":"https:\/\/www.renouvelle.be\/fr\/wp-json\/wp\/v2\/users\/40"}],"replies":[{"embeddable":true,"href":"https:\/\/www.renouvelle.be\/fr\/wp-json\/wp\/v2\/comments?post=16229"}],"version-history":[{"count":11,"href":"https:\/\/www.renouvelle.be\/fr\/wp-json\/wp\/v2\/posts\/16229\/revisions"}],"predecessor-version":[{"id":16282,"href":"https:\/\/www.renouvelle.be\/fr\/wp-json\/wp\/v2\/posts\/16229\/revisions\/16282"}],"wp:featuredmedia":[{"embeddable":true,"href":"https:\/\/www.renouvelle.be\/fr\/wp-json\/wp\/v2\/media\/16247"}],"wp:attachment":[{"href":"https:\/\/www.renouvelle.be\/fr\/wp-json\/wp\/v2\/media?parent=16229"}],"wp:term":[{"taxonomy":"category","embeddable":true,"href":"https:\/\/www.renouvelle.be\/fr\/wp-json\/wp\/v2\/categories?post=16229"},{"taxonomy":"post_tag","embeddable":true,"href":"https:\/\/www.renouvelle.be\/fr\/wp-json\/wp\/v2\/tags?post=16229"},{"taxonomy":"section","embeddable":true,"href":"https:\/\/www.renouvelle.be\/fr\/wp-json\/wp\/v2\/section?post=16229"}],"curies":[{"name":"wp","href":"https:\/\/api.w.org\/{rel}","templated":true}]}}