{"id":16195,"date":"2026-01-12T14:54:56","date_gmt":"2026-01-12T13:54:56","guid":{"rendered":"https:\/\/www.renouvelle.be\/?p=16195"},"modified":"2026-01-12T14:54:58","modified_gmt":"2026-01-12T13:54:58","slug":"prix-negatifs-electricite-belgique","status":"publish","type":"post","link":"https:\/\/www.renouvelle.be\/fr\/prix-negatifs-electricite-belgique\/","title":{"rendered":"Prix n\u00e9gatifs de l\u2019\u00e9lectricit\u00e9\u00a0: de quoi s\u2019agit-il\u00a0?"},"content":{"rendered":"\n<p>Il est de plus en plus fr\u00e9quent d\u2019entendre parler de prix n\u00e9gatifs de l\u2019\u00e9lectricit\u00e9. En Belgique, ces prix ont \u00e9t\u00e9 n\u00e9gatifs 6.1% du temps en 2025, un record. Mais comment cela impacte-t-il la facture du consommateur&nbsp;?<\/p>\n\n\n\n<h2 class=\"wp-block-heading\">Pourquoi et comment les prix chutent sous 0<\/h2>\n\n\n\n<p>Sur le march\u00e9 de gros de l\u2019\u00e9lectricit\u00e9, c\u2019est-\u00e0-dire le march\u00e9 sur lequel les producteurs et fournisseurs d\u2019\u00e9lectricit\u00e9 ach\u00e8tent et vendent, les prix sont fix\u00e9s par une m\u00e9canique d\u2019offre et de demande (avec des sp\u00e9cificit\u00e9s propres aux contraintes techniques). Les prix peuvent varier chaque intervalle d\u2019une heure ou de 15 minutes.<\/p>\n\n\n\n<p>Si la demande en \u00e9lectricit\u00e9 est relativement faible, comme elle peut l\u2019\u00eatre par exemple durant les weekends, et que les conditions m\u00e9t\u00e9orologiques sont favorables \u00e0 de la production importante d\u2019\u00e9nergie renouvelable (ciel d\u00e9gag\u00e9 et vent soutenu), la production d\u2019\u00e9lectricit\u00e9 peut exc\u00e9der la demande.<\/p>\n\n\n\n<p>Cependant, l\u2019\u00e9quilibre entre consommation et production est critique pour le bon fonctionnement du r\u00e9seau \u00e9lectrique. R\u00e9duire rapidement la production n\u2019est pas toujours possible ou \u00e9conomiquement optimal, notamment pour certaines centrales nucl\u00e9aires, biomasse ou thermiques, pour lesquelles l\u2019arr\u00eat et le red\u00e9marrage engendrent des co\u00fbts \u00e9lev\u00e9s.<\/p>\n\n\n\n<p>Dans cette situation, certains producteurs pr\u00e9f\u00e8rent accepter de vendre leur \u00e9lectricit\u00e9 tr\u00e8s peu ch\u00e8re, voire de payer pour qu\u2019elle soit consomm\u00e9e, plut\u00f4t que d\u2019arr\u00eater leurs installations.<\/p>\n\n\n\n<p>Le prix devient alors n\u00e9gatif simplement parce qu\u2019il y a trop d\u2019\u00e9lectricit\u00e9 par rapport aux besoins. Ce prix n\u00e9gatif sert de signal : il encourage \u00e0 consommer davantage d\u2019\u00e9lectricit\u00e9 ou \u00e0 utiliser des \u00e9quipements flexibles (comme le stockage ou certaines consommations pilotables), ce qui permet d\u2019absorber le surplus d\u2019\u00e9lectricit\u00e9 \u00e0 moindre co\u00fbt pour l\u2019ensemble du syst\u00e8me.<\/p>\n\n\n\n<h2 class=\"wp-block-heading\">Comment en b\u00e9n\u00e9ficier en tant que consommateur<\/h2>\n\n\n\n<p>Lorsque les prix de l&rsquo;\u00e9lectricit\u00e9 sont n\u00e9gatifs en Belgique, un consommateur r\u00e9sidentiel peut-il \u00eatre pay\u00e9 pour allumer son four\u00a0? Cela d\u00e9pend de son type de contrat d\u2019\u00e9nergie avec son fournisseur.<\/p>\n\n\n\n<p>Un r\u00e9cent article analyse en plus de d\u00e9tail les diff\u00e9rents <a href=\"https:\/\/www.renouvelle.be\/fr\/quel-contrat-energie-choisir\/\" target=\"_blank\" rel=\"noreferrer noopener\">types de contrat<\/a>. Parmi ceux-ci, seul le contrat dynamique, qui module le prix de l\u2019\u00e9lectricit\u00e9 au quart d\u2019heure selon le march\u00e9, peut th\u00e9oriquement profiter de ces situations.<\/p>\n\n\n\n<p>Plusieurs contraintes importantes doivent cependant \u00eatre mentionn\u00e9es avant de souscrire \u00e0 un tel contrat.<\/p>\n\n\n\n<p>Premi\u00e8rement, le prix du march\u00e9 n\u2019est pas appliqu\u00e9 tel quel au consommateur. En effet, celui-ci est tout d\u2019abord major\u00e9 par le fournisseur afin de couvrir ses frais d\u2019environ 0.01\u20ac\/kWh. Ensuite, les frais r\u00e9seau et les taxes sont ajout\u00e9es. Le prix de l\u2019\u00e9nergie ne repr\u00e9sente qu\u2019environ 50% de la facture pour <a href=\"https:\/\/www.renouvelle.be\/fr\/comprendre-facture-electricite\/\" target=\"_blank\" rel=\"noreferrer noopener\">un contrat classique<\/a>. Un prix \u00ab\u00a0march\u00e9\u00a0\u00bb n\u00e9gatif de -0.1\u20ac\/kWh pourrait correspondre \u00e0 un prix consommateur total encore positif de 0.1\u20ac\/kWh\u00a0! Le consommateur sera pay\u00e9 pour sa consommation uniquement si le prix est suffisamment bas pour aller jusqu\u2019\u00e0 rembourser les frais suppl\u00e9mentaires.<\/p>\n\n\n\n<p>Deuxi\u00e8mement, la volatilit\u00e9 du march\u00e9 affectera le consommateur dans ses pics n\u00e9gatifs, mais \u00e9galement dans ses pics positifs. Les prix peuvent \u00eatre tr\u00e8s bas mais aussi tr\u00e8s \u00e9lev\u00e9s \u00e0 d\u2019autres moments. Un contrat dynamique convient uniquement \u00e0 ceux qui peuvent adapter fortement leur consommation en fonction des signaux du march\u00e9.<\/p>\n\n\n\n<p>En pratique, cette flexibilit\u00e9 est surtout accessible aux installations industrielles ou aux particuliers \u00e9quip\u00e9s de batteries domestiques, de v\u00e9hicules \u00e9lectriques ou d\u2019autres moyens de stockage capables de consommer ou stocker de l\u2019\u00e9lectricit\u00e9 selon le march\u00e9.<\/p>\n","protected":false},"excerpt":{"rendered":"<p>Il est de plus en plus fr\u00e9quent d\u2019entendre parler de prix n\u00e9gatifs de l\u2019\u00e9lectricit\u00e9. En Belgique, ces prix ont \u00e9t\u00e9 n\u00e9gatifs 6.1% du temps en 2025, un record. Mais comment cela impacte-t-il la facture du consommateur&nbsp;? Pourquoi et comment les prix chutent sous 0 Sur le march\u00e9 de gros de l\u2019\u00e9lectricit\u00e9, c\u2019est-\u00e0-dire le march\u00e9 sur lequel les producteurs et fournisseurs d\u2019\u00e9lectricit\u00e9 ach\u00e8tent et vendent, les prix sont fix\u00e9s par une m\u00e9canique d\u2019offre et de demande (avec des sp\u00e9cificit\u00e9s propres aux contraintes techniques). Les prix peuvent varier chaque intervalle d\u2019une heure ou de 15 minutes. Si la demande en \u00e9lectricit\u00e9 est relativement faible, comme elle peut l\u2019\u00eatre par exemple durant les weekends, et que les conditions m\u00e9t\u00e9orologiques sont favorables \u00e0 de la production importante d\u2019\u00e9nergie renouvelable (ciel d\u00e9gag\u00e9 et vent soutenu), la production d\u2019\u00e9lectricit\u00e9 peut exc\u00e9der la demande. Cependant, l\u2019\u00e9quilibre entre consommation et production est critique pour le bon fonctionnement du r\u00e9seau \u00e9lectrique. R\u00e9duire rapidement la production n\u2019est pas toujours possible ou \u00e9conomiquement optimal, notamment pour certaines centrales nucl\u00e9aires, biomasse ou thermiques, pour lesquelles l\u2019arr\u00eat et le red\u00e9marrage engendrent des co\u00fbts \u00e9lev\u00e9s. Dans cette situation, certains producteurs pr\u00e9f\u00e8rent accepter de vendre leur \u00e9lectricit\u00e9 tr\u00e8s peu ch\u00e8re, voire de payer pour qu\u2019elle soit consomm\u00e9e, plut\u00f4t que d\u2019arr\u00eater leurs installations. Le prix devient alors n\u00e9gatif simplement parce qu\u2019il y a trop d\u2019\u00e9lectricit\u00e9 par rapport aux besoins. Ce prix n\u00e9gatif sert de signal : il encourage \u00e0 consommer davantage d\u2019\u00e9lectricit\u00e9 ou \u00e0 utiliser des \u00e9quipements flexibles (comme le stockage ou certaines consommations pilotables), ce qui permet d\u2019absorber le surplus d\u2019\u00e9lectricit\u00e9 \u00e0 moindre co\u00fbt pour l\u2019ensemble du syst\u00e8me. Comment en b\u00e9n\u00e9ficier en tant que consommateur Lorsque les prix de l&rsquo;\u00e9lectricit\u00e9 sont n\u00e9gatifs en Belgique, un consommateur r\u00e9sidentiel peut-il \u00eatre pay\u00e9 pour allumer son four\u00a0? Cela &hellip; <a href=\"https:\/\/www.renouvelle.be\/fr\/prix-negatifs-electricite-belgique\/\" class=\"more-link\">Continue reading<span class=\"screen-reader-text\"> \u00ab\u00a0Prix n\u00e9gatifs de l\u2019\u00e9lectricit\u00e9\u00a0: de quoi s\u2019agit-il\u00a0?\u00a0\u00bb<\/span><\/a><\/p>\n","protected":false},"author":40,"featured_media":16197,"comment_status":"closed","ping_status":"closed","sticky":false,"template":"","format":"standard","meta":{"_acf_changed":false,"footnotes":""},"categories":[],"tags":[],"section":[8,13,6,14],"class_list":["post-16195","post","type-post","status-publish","format-standard","has-post-thumbnail","hentry","section-energie-renouvelables","section-solaire","section-eolien","section-stockage"],"acf":[],"yoast_head":"<!-- This site is optimized with the Yoast SEO plugin v27.5 - https:\/\/yoast.com\/product\/yoast-seo-wordpress\/ -->\n<title>Prix n\u00e9gatifs de l\u2019\u00e9lectricit\u00e9\u00a0: de quoi s\u2019agit-il\u00a0? - Renouvelle<\/title>\n<meta name=\"description\" content=\"Les prix n\u00e9gatifs de l&#039;\u00e9lectricit\u00e9, on en a souvent entendu parler en Belgique en 2025. Quelles cons\u00e9quences pour les consommateurs ?\" \/>\n<meta name=\"robots\" content=\"index, follow, max-snippet:-1, max-image-preview:large, max-video-preview:-1\" \/>\n<link rel=\"canonical\" href=\"https:\/\/www.renouvelle.be\/fr\/prix-negatifs-electricite-belgique\/\" \/>\n<meta property=\"og:locale\" content=\"fr_FR\" \/>\n<meta property=\"og:type\" content=\"article\" \/>\n<meta property=\"og:title\" content=\"Prix n\u00e9gatifs de l\u2019\u00e9lectricit\u00e9\u00a0: de quoi s\u2019agit-il\u00a0? - Renouvelle\" \/>\n<meta property=\"og:description\" content=\"Les prix n\u00e9gatifs de l&#039;\u00e9lectricit\u00e9, on en a souvent entendu parler en Belgique en 2025. Quelles cons\u00e9quences pour les consommateurs ?\" \/>\n<meta property=\"og:url\" content=\"https:\/\/www.renouvelle.be\/fr\/prix-negatifs-electricite-belgique\/\" \/>\n<meta property=\"og:site_name\" content=\"Renouvelle\" \/>\n<meta property=\"article:published_time\" content=\"2026-01-12T13:54:56+00:00\" \/>\n<meta property=\"article:modified_time\" content=\"2026-01-12T13:54:58+00:00\" \/>\n<meta property=\"og:image\" content=\"https:\/\/www.renouvelle.be\/wp-content\/uploads\/2026\/01\/AdobeStock_190591127-scaled.jpeg\" \/>\n\t<meta property=\"og:image:width\" content=\"2560\" \/>\n\t<meta property=\"og:image:height\" content=\"1350\" \/>\n\t<meta property=\"og:image:type\" content=\"image\/jpeg\" \/>\n<meta name=\"author\" content=\"Mathieu Petitjean\" \/>\n<meta name=\"twitter:card\" content=\"summary_large_image\" \/>\n<script type=\"application\/ld+json\" class=\"yoast-schema-graph\">{\"@context\":\"https:\\\/\\\/schema.org\",\"@graph\":[{\"@type\":\"Article\",\"@id\":\"https:\\\/\\\/www.renouvelle.be\\\/fr\\\/prix-negatifs-electricite-belgique\\\/#article\",\"isPartOf\":{\"@id\":\"https:\\\/\\\/www.renouvelle.be\\\/fr\\\/prix-negatifs-electricite-belgique\\\/\"},\"author\":{\"name\":\"Mathieu Petitjean\",\"@id\":\"https:\\\/\\\/www.renouvelle.be\\\/fr\\\/#\\\/schema\\\/person\\\/0458f628084e1c95c296c1f5b9fcf7c2\"},\"headline\":\"Prix n\u00e9gatifs de l\u2019\u00e9lectricit\u00e9\u00a0: de quoi s\u2019agit-il\u00a0?\",\"datePublished\":\"2026-01-12T13:54:56+00:00\",\"dateModified\":\"2026-01-12T13:54:58+00:00\",\"mainEntityOfPage\":{\"@id\":\"https:\\\/\\\/www.renouvelle.be\\\/fr\\\/prix-negatifs-electricite-belgique\\\/\"},\"wordCount\":612,\"image\":{\"@id\":\"https:\\\/\\\/www.renouvelle.be\\\/fr\\\/prix-negatifs-electricite-belgique\\\/#primaryimage\"},\"thumbnailUrl\":\"https:\\\/\\\/www.renouvelle.be\\\/wp-content\\\/uploads\\\/2026\\\/01\\\/AdobeStock_190591127-scaled.jpeg\",\"inLanguage\":\"fr-FR\"},{\"@type\":\"WebPage\",\"@id\":\"https:\\\/\\\/www.renouvelle.be\\\/fr\\\/prix-negatifs-electricite-belgique\\\/\",\"url\":\"https:\\\/\\\/www.renouvelle.be\\\/fr\\\/prix-negatifs-electricite-belgique\\\/\",\"name\":\"Prix n\u00e9gatifs de l\u2019\u00e9lectricit\u00e9\u00a0: de quoi s\u2019agit-il\u00a0? - Renouvelle\",\"isPartOf\":{\"@id\":\"https:\\\/\\\/www.renouvelle.be\\\/fr\\\/#website\"},\"primaryImageOfPage\":{\"@id\":\"https:\\\/\\\/www.renouvelle.be\\\/fr\\\/prix-negatifs-electricite-belgique\\\/#primaryimage\"},\"image\":{\"@id\":\"https:\\\/\\\/www.renouvelle.be\\\/fr\\\/prix-negatifs-electricite-belgique\\\/#primaryimage\"},\"thumbnailUrl\":\"https:\\\/\\\/www.renouvelle.be\\\/wp-content\\\/uploads\\\/2026\\\/01\\\/AdobeStock_190591127-scaled.jpeg\",\"datePublished\":\"2026-01-12T13:54:56+00:00\",\"dateModified\":\"2026-01-12T13:54:58+00:00\",\"author\":{\"@id\":\"https:\\\/\\\/www.renouvelle.be\\\/fr\\\/#\\\/schema\\\/person\\\/0458f628084e1c95c296c1f5b9fcf7c2\"},\"description\":\"Les prix n\u00e9gatifs de l'\u00e9lectricit\u00e9, on en a souvent entendu parler en Belgique en 2025. Quelles cons\u00e9quences pour les consommateurs ?\",\"breadcrumb\":{\"@id\":\"https:\\\/\\\/www.renouvelle.be\\\/fr\\\/prix-negatifs-electricite-belgique\\\/#breadcrumb\"},\"inLanguage\":\"fr-FR\",\"potentialAction\":[{\"@type\":\"ReadAction\",\"target\":[\"https:\\\/\\\/www.renouvelle.be\\\/fr\\\/prix-negatifs-electricite-belgique\\\/\"]}]},{\"@type\":\"ImageObject\",\"inLanguage\":\"fr-FR\",\"@id\":\"https:\\\/\\\/www.renouvelle.be\\\/fr\\\/prix-negatifs-electricite-belgique\\\/#primaryimage\",\"url\":\"https:\\\/\\\/www.renouvelle.be\\\/wp-content\\\/uploads\\\/2026\\\/01\\\/AdobeStock_190591127-scaled.jpeg\",\"contentUrl\":\"https:\\\/\\\/www.renouvelle.be\\\/wp-content\\\/uploads\\\/2026\\\/01\\\/AdobeStock_190591127-scaled.jpeg\",\"width\":2560,\"height\":1350,\"caption\":\"Recession of stock market on tablet computer\"},{\"@type\":\"BreadcrumbList\",\"@id\":\"https:\\\/\\\/www.renouvelle.be\\\/fr\\\/prix-negatifs-electricite-belgique\\\/#breadcrumb\",\"itemListElement\":[{\"@type\":\"ListItem\",\"position\":1,\"name\":\"Accueil\",\"item\":\"https:\\\/\\\/www.renouvelle.be\\\/fr\\\/\"},{\"@type\":\"ListItem\",\"position\":2,\"name\":\"Prix n\u00e9gatifs de l\u2019\u00e9lectricit\u00e9\u00a0: de quoi s\u2019agit-il\u00a0?\"}]},{\"@type\":\"WebSite\",\"@id\":\"https:\\\/\\\/www.renouvelle.be\\\/fr\\\/#website\",\"url\":\"https:\\\/\\\/www.renouvelle.be\\\/fr\\\/\",\"name\":\"Renouvelle\",\"description\":\"L&#039;actualit\u00e9 de l&#039;\u00e9nergie durable\",\"potentialAction\":[{\"@type\":\"SearchAction\",\"target\":{\"@type\":\"EntryPoint\",\"urlTemplate\":\"https:\\\/\\\/www.renouvelle.be\\\/fr\\\/?s={search_term_string}\"},\"query-input\":{\"@type\":\"PropertyValueSpecification\",\"valueRequired\":true,\"valueName\":\"search_term_string\"}}],\"inLanguage\":\"fr-FR\"},{\"@type\":\"Person\",\"@id\":\"https:\\\/\\\/www.renouvelle.be\\\/fr\\\/#\\\/schema\\\/person\\\/0458f628084e1c95c296c1f5b9fcf7c2\",\"name\":\"Mathieu Petitjean\",\"url\":\"https:\\\/\\\/www.renouvelle.be\\\/fr\\\/author\\\/mathieu-petitjean\\\/\"}]}<\/script>\n<!-- \/ Yoast SEO plugin. -->","yoast_head_json":{"title":"Prix n\u00e9gatifs de l\u2019\u00e9lectricit\u00e9\u00a0: de quoi s\u2019agit-il\u00a0? - Renouvelle","description":"Les prix n\u00e9gatifs de l'\u00e9lectricit\u00e9, on en a souvent entendu parler en Belgique en 2025. Quelles cons\u00e9quences pour les consommateurs ?","robots":{"index":"index","follow":"follow","max-snippet":"max-snippet:-1","max-image-preview":"max-image-preview:large","max-video-preview":"max-video-preview:-1"},"canonical":"https:\/\/www.renouvelle.be\/fr\/prix-negatifs-electricite-belgique\/","og_locale":"fr_FR","og_type":"article","og_title":"Prix n\u00e9gatifs de l\u2019\u00e9lectricit\u00e9\u00a0: de quoi s\u2019agit-il\u00a0? - Renouvelle","og_description":"Les prix n\u00e9gatifs de l'\u00e9lectricit\u00e9, on en a souvent entendu parler en Belgique en 2025. Quelles cons\u00e9quences pour les consommateurs ?","og_url":"https:\/\/www.renouvelle.be\/fr\/prix-negatifs-electricite-belgique\/","og_site_name":"Renouvelle","article_published_time":"2026-01-12T13:54:56+00:00","article_modified_time":"2026-01-12T13:54:58+00:00","og_image":[{"width":2560,"height":1350,"url":"https:\/\/www.renouvelle.be\/wp-content\/uploads\/2026\/01\/AdobeStock_190591127-scaled.jpeg","type":"image\/jpeg"}],"author":"Mathieu Petitjean","twitter_card":"summary_large_image","schema":{"@context":"https:\/\/schema.org","@graph":[{"@type":"Article","@id":"https:\/\/www.renouvelle.be\/fr\/prix-negatifs-electricite-belgique\/#article","isPartOf":{"@id":"https:\/\/www.renouvelle.be\/fr\/prix-negatifs-electricite-belgique\/"},"author":{"name":"Mathieu Petitjean","@id":"https:\/\/www.renouvelle.be\/fr\/#\/schema\/person\/0458f628084e1c95c296c1f5b9fcf7c2"},"headline":"Prix n\u00e9gatifs de l\u2019\u00e9lectricit\u00e9\u00a0: de quoi s\u2019agit-il\u00a0?","datePublished":"2026-01-12T13:54:56+00:00","dateModified":"2026-01-12T13:54:58+00:00","mainEntityOfPage":{"@id":"https:\/\/www.renouvelle.be\/fr\/prix-negatifs-electricite-belgique\/"},"wordCount":612,"image":{"@id":"https:\/\/www.renouvelle.be\/fr\/prix-negatifs-electricite-belgique\/#primaryimage"},"thumbnailUrl":"https:\/\/www.renouvelle.be\/wp-content\/uploads\/2026\/01\/AdobeStock_190591127-scaled.jpeg","inLanguage":"fr-FR"},{"@type":"WebPage","@id":"https:\/\/www.renouvelle.be\/fr\/prix-negatifs-electricite-belgique\/","url":"https:\/\/www.renouvelle.be\/fr\/prix-negatifs-electricite-belgique\/","name":"Prix n\u00e9gatifs de l\u2019\u00e9lectricit\u00e9\u00a0: de quoi s\u2019agit-il\u00a0? - Renouvelle","isPartOf":{"@id":"https:\/\/www.renouvelle.be\/fr\/#website"},"primaryImageOfPage":{"@id":"https:\/\/www.renouvelle.be\/fr\/prix-negatifs-electricite-belgique\/#primaryimage"},"image":{"@id":"https:\/\/www.renouvelle.be\/fr\/prix-negatifs-electricite-belgique\/#primaryimage"},"thumbnailUrl":"https:\/\/www.renouvelle.be\/wp-content\/uploads\/2026\/01\/AdobeStock_190591127-scaled.jpeg","datePublished":"2026-01-12T13:54:56+00:00","dateModified":"2026-01-12T13:54:58+00:00","author":{"@id":"https:\/\/www.renouvelle.be\/fr\/#\/schema\/person\/0458f628084e1c95c296c1f5b9fcf7c2"},"description":"Les prix n\u00e9gatifs de l'\u00e9lectricit\u00e9, on en a souvent entendu parler en Belgique en 2025. Quelles cons\u00e9quences pour les consommateurs ?","breadcrumb":{"@id":"https:\/\/www.renouvelle.be\/fr\/prix-negatifs-electricite-belgique\/#breadcrumb"},"inLanguage":"fr-FR","potentialAction":[{"@type":"ReadAction","target":["https:\/\/www.renouvelle.be\/fr\/prix-negatifs-electricite-belgique\/"]}]},{"@type":"ImageObject","inLanguage":"fr-FR","@id":"https:\/\/www.renouvelle.be\/fr\/prix-negatifs-electricite-belgique\/#primaryimage","url":"https:\/\/www.renouvelle.be\/wp-content\/uploads\/2026\/01\/AdobeStock_190591127-scaled.jpeg","contentUrl":"https:\/\/www.renouvelle.be\/wp-content\/uploads\/2026\/01\/AdobeStock_190591127-scaled.jpeg","width":2560,"height":1350,"caption":"Recession of stock market on tablet computer"},{"@type":"BreadcrumbList","@id":"https:\/\/www.renouvelle.be\/fr\/prix-negatifs-electricite-belgique\/#breadcrumb","itemListElement":[{"@type":"ListItem","position":1,"name":"Accueil","item":"https:\/\/www.renouvelle.be\/fr\/"},{"@type":"ListItem","position":2,"name":"Prix n\u00e9gatifs de l\u2019\u00e9lectricit\u00e9\u00a0: de quoi s\u2019agit-il\u00a0?"}]},{"@type":"WebSite","@id":"https:\/\/www.renouvelle.be\/fr\/#website","url":"https:\/\/www.renouvelle.be\/fr\/","name":"Renouvelle","description":"L&#039;actualit\u00e9 de l&#039;\u00e9nergie durable","potentialAction":[{"@type":"SearchAction","target":{"@type":"EntryPoint","urlTemplate":"https:\/\/www.renouvelle.be\/fr\/?s={search_term_string}"},"query-input":{"@type":"PropertyValueSpecification","valueRequired":true,"valueName":"search_term_string"}}],"inLanguage":"fr-FR"},{"@type":"Person","@id":"https:\/\/www.renouvelle.be\/fr\/#\/schema\/person\/0458f628084e1c95c296c1f5b9fcf7c2","name":"Mathieu Petitjean","url":"https:\/\/www.renouvelle.be\/fr\/author\/mathieu-petitjean\/"}]}},"_links":{"self":[{"href":"https:\/\/www.renouvelle.be\/fr\/wp-json\/wp\/v2\/posts\/16195","targetHints":{"allow":["GET"]}}],"collection":[{"href":"https:\/\/www.renouvelle.be\/fr\/wp-json\/wp\/v2\/posts"}],"about":[{"href":"https:\/\/www.renouvelle.be\/fr\/wp-json\/wp\/v2\/types\/post"}],"author":[{"embeddable":true,"href":"https:\/\/www.renouvelle.be\/fr\/wp-json\/wp\/v2\/users\/40"}],"replies":[{"embeddable":true,"href":"https:\/\/www.renouvelle.be\/fr\/wp-json\/wp\/v2\/comments?post=16195"}],"version-history":[{"count":2,"href":"https:\/\/www.renouvelle.be\/fr\/wp-json\/wp\/v2\/posts\/16195\/revisions"}],"predecessor-version":[{"id":16200,"href":"https:\/\/www.renouvelle.be\/fr\/wp-json\/wp\/v2\/posts\/16195\/revisions\/16200"}],"wp:featuredmedia":[{"embeddable":true,"href":"https:\/\/www.renouvelle.be\/fr\/wp-json\/wp\/v2\/media\/16197"}],"wp:attachment":[{"href":"https:\/\/www.renouvelle.be\/fr\/wp-json\/wp\/v2\/media?parent=16195"}],"wp:term":[{"taxonomy":"category","embeddable":true,"href":"https:\/\/www.renouvelle.be\/fr\/wp-json\/wp\/v2\/categories?post=16195"},{"taxonomy":"post_tag","embeddable":true,"href":"https:\/\/www.renouvelle.be\/fr\/wp-json\/wp\/v2\/tags?post=16195"},{"taxonomy":"section","embeddable":true,"href":"https:\/\/www.renouvelle.be\/fr\/wp-json\/wp\/v2\/section?post=16195"}],"curies":[{"name":"wp","href":"https:\/\/api.w.org\/{rel}","templated":true}]}}