{"id":16107,"date":"2025-12-04T16:00:25","date_gmt":"2025-12-04T15:00:25","guid":{"rendered":"https:\/\/www.renouvelle.be\/?p=16107"},"modified":"2025-12-04T16:03:32","modified_gmt":"2025-12-04T15:03:32","slug":"fournisseurs-energie-belgique-greenpeace-investissements-renouvelable","status":"publish","type":"post","link":"https:\/\/www.renouvelle.be\/fr\/fournisseurs-energie-belgique-greenpeace-investissements-renouvelable\/","title":{"rendered":"Les fournisseurs d\u2019\u00e9nergie belges bouderaient-ils le renouvelable\u00a0?"},"content":{"rendered":"\n<p>En 2020, ces m\u00eames fournisseurs faisaient \u00e9tat de l\u2019ajout de 1662 gigawattheures de capacit\u00e9 suppl\u00e9mentaire, en \u00e9nergie solaire et \u00e9olienne, lors des deux ann\u00e9es qui ont pr\u00e9c\u00e9d\u00e9. Un chiffre qui a maintenant brutalement baiss\u00e9 puisque seuls 821 gigawattheures ont \u00e9t\u00e9 install\u00e9s au cours des ann\u00e9es 2023 et 2024, soit une chute de 51 %.<\/p>\n\n\n\n<p>La raison ? Une impossibilit\u00e9 pour les investissements \u00e9oliens de maintenir le cap, les projets peinant, comme on le sait, \u00e0 d\u00e9crocher les permis de construction et faisant face \u00e0 l\u2019opposition de certains citoyens. Un constat qui \u00e9merge du classement de Greenpeace sur l\u2019\u00e9lectricit\u00e9 verte dans le pays, \u00e9valuant les fournisseurs selon les efforts d\u00e9ploy\u00e9s en mati\u00e8re de renouvelables.<\/p>\n\n\n\n<p>C&rsquo;est surtout l\u2019\u00e9olien en mer (\u00e9olien offshore) qui a connu la baisse la plus importante. Et m\u00eame si cette chute brutale pour les investissements \u00e9oliens n\u2019\u00e9tait pas tenue en compte, ceux plus g\u00e9n\u00e9raux dans les \u00e9nergies renouvelables ont diminu\u00e9 de 17 %.<\/p>\n\n\n\n<p>Autre probl\u00e9matique soulev\u00e9e par Greenpeace, la trop lente \u00e9lectrification des syst\u00e8mes de <a href=\"https:\/\/www.renouvelle.be\/fr\/bruxelles-reseau-chaleur-incinerateur-dechets\/\" target=\"_blank\" rel=\"noreferrer noopener\">chauffage<\/a> encore tr\u00e8s d\u00e9pendants des \u00e9nergies fossiles.<\/p>\n\n\n\n<p>Le classement est \u00e0 d\u00e9couvrir sur <a href=\"https:\/\/monelectriciteverte.be\/\" target=\"_blank\" rel=\"noreferrer noopener\">monelectriciteverte.be<\/a><\/p>\n","protected":false},"excerpt":{"rendered":"<p>En 2020, ces m\u00eames fournisseurs faisaient \u00e9tat de l\u2019ajout de 1662 gigawattheures de capacit\u00e9 suppl\u00e9mentaire, en \u00e9nergie solaire et \u00e9olienne, lors des deux ann\u00e9es qui ont pr\u00e9c\u00e9d\u00e9. Un chiffre qui a maintenant brutalement baiss\u00e9 puisque seuls 821 gigawattheures ont \u00e9t\u00e9 install\u00e9s au cours des ann\u00e9es 2023 et 2024, soit une chute de 51 %. La raison ? Une impossibilit\u00e9 pour les investissements \u00e9oliens de maintenir le cap, les projets peinant, comme on le sait, \u00e0 d\u00e9crocher les permis de construction et faisant face \u00e0 l\u2019opposition de certains citoyens. Un constat qui \u00e9merge du classement de Greenpeace sur l\u2019\u00e9lectricit\u00e9 verte dans le pays, \u00e9valuant les fournisseurs selon les efforts d\u00e9ploy\u00e9s en mati\u00e8re de renouvelables. C&rsquo;est surtout l\u2019\u00e9olien en mer (\u00e9olien offshore) qui a connu la baisse la plus importante. Et m\u00eame si cette chute brutale pour les investissements \u00e9oliens n\u2019\u00e9tait pas tenue en compte, ceux plus g\u00e9n\u00e9raux dans les \u00e9nergies renouvelables ont diminu\u00e9 de 17 %. Autre probl\u00e9matique soulev\u00e9e par Greenpeace, la trop lente \u00e9lectrification des syst\u00e8mes de chauffage encore tr\u00e8s d\u00e9pendants des \u00e9nergies fossiles. Le classement est \u00e0 d\u00e9couvrir sur monelectriciteverte.be<\/p>\n","protected":false},"author":38,"featured_media":16110,"comment_status":"closed","ping_status":"closed","sticky":false,"template":"","format":"standard","meta":{"_acf_changed":false,"footnotes":""},"categories":[16,17],"tags":[],"section":[8,13,6],"class_list":["post-16107","post","type-post","status-publish","format-standard","has-post-thumbnail","hentry","category-actualite","category-actualite-en-belgique","section-energie-renouvelables","section-solaire","section-eolien"],"acf":[],"yoast_head":"<!-- This site is optimized with the Yoast SEO plugin v27.4 - https:\/\/yoast.com\/product\/yoast-seo-wordpress\/ -->\n<title>Les fournisseurs d\u2019\u00e9nergie belges bouderaient-ils le renouvelable\u00a0? - Renouvelle<\/title>\n<meta name=\"description\" content=\"Les fournisseurs actifs d&#039;\u00e9nergie semblent snober l&#039;\u00e9nergie renouvelable si l&#039;on en croit la chute des investissements r\u00e9v\u00e9l\u00e9e par Greenpeace.\" \/>\n<meta name=\"robots\" content=\"index, follow, max-snippet:-1, max-image-preview:large, max-video-preview:-1\" \/>\n<link rel=\"canonical\" href=\"https:\/\/www.renouvelle.be\/fr\/fournisseurs-energie-belgique-greenpeace-investissements-renouvelable\/\" \/>\n<meta property=\"og:locale\" content=\"fr_FR\" \/>\n<meta property=\"og:type\" content=\"article\" \/>\n<meta property=\"og:title\" content=\"Les fournisseurs d\u2019\u00e9nergie belges bouderaient-ils le renouvelable\u00a0? - Renouvelle\" \/>\n<meta property=\"og:description\" content=\"Les fournisseurs actifs d&#039;\u00e9nergie semblent snober l&#039;\u00e9nergie renouvelable si l&#039;on en croit la chute des investissements r\u00e9v\u00e9l\u00e9e par Greenpeace.\" \/>\n<meta property=\"og:url\" content=\"https:\/\/www.renouvelle.be\/fr\/fournisseurs-energie-belgique-greenpeace-investissements-renouvelable\/\" \/>\n<meta property=\"og:site_name\" content=\"Renouvelle\" \/>\n<meta property=\"article:published_time\" content=\"2025-12-04T15:00:25+00:00\" \/>\n<meta property=\"article:modified_time\" content=\"2025-12-04T15:03:32+00:00\" \/>\n<meta property=\"og:image\" content=\"https:\/\/www.renouvelle.be\/wp-content\/uploads\/2025\/12\/AdobeStock_283048475-scaled.jpeg\" \/>\n\t<meta property=\"og:image:width\" content=\"2560\" \/>\n\t<meta property=\"og:image:height\" content=\"1707\" \/>\n\t<meta property=\"og:image:type\" content=\"image\/jpeg\" \/>\n<meta name=\"author\" content=\"Samuel Alves\" \/>\n<meta name=\"twitter:card\" content=\"summary_large_image\" \/>\n<script type=\"application\/ld+json\" class=\"yoast-schema-graph\">{\"@context\":\"https:\\\/\\\/schema.org\",\"@graph\":[{\"@type\":\"Article\",\"@id\":\"https:\\\/\\\/www.renouvelle.be\\\/fr\\\/fournisseurs-energie-belgique-greenpeace-investissements-renouvelable\\\/#article\",\"isPartOf\":{\"@id\":\"https:\\\/\\\/www.renouvelle.be\\\/fr\\\/fournisseurs-energie-belgique-greenpeace-investissements-renouvelable\\\/\"},\"author\":{\"name\":\"Samuel Alves\",\"@id\":\"https:\\\/\\\/www.renouvelle.be\\\/fr\\\/#\\\/schema\\\/person\\\/9d743366fb269eeceaa8d60e98d289d3\"},\"headline\":\"Les fournisseurs d\u2019\u00e9nergie belges bouderaient-ils le renouvelable\u00a0?\",\"datePublished\":\"2025-12-04T15:00:25+00:00\",\"dateModified\":\"2025-12-04T15:03:32+00:00\",\"mainEntityOfPage\":{\"@id\":\"https:\\\/\\\/www.renouvelle.be\\\/fr\\\/fournisseurs-energie-belgique-greenpeace-investissements-renouvelable\\\/\"},\"wordCount\":203,\"image\":{\"@id\":\"https:\\\/\\\/www.renouvelle.be\\\/fr\\\/fournisseurs-energie-belgique-greenpeace-investissements-renouvelable\\\/#primaryimage\"},\"thumbnailUrl\":\"https:\\\/\\\/www.renouvelle.be\\\/wp-content\\\/uploads\\\/2025\\\/12\\\/AdobeStock_283048475-scaled.jpeg\",\"articleSection\":[\"Actualit\u00e9\",\"Actualit\u00e9 en Belgique\"],\"inLanguage\":\"fr-FR\"},{\"@type\":\"WebPage\",\"@id\":\"https:\\\/\\\/www.renouvelle.be\\\/fr\\\/fournisseurs-energie-belgique-greenpeace-investissements-renouvelable\\\/\",\"url\":\"https:\\\/\\\/www.renouvelle.be\\\/fr\\\/fournisseurs-energie-belgique-greenpeace-investissements-renouvelable\\\/\",\"name\":\"Les fournisseurs d\u2019\u00e9nergie belges bouderaient-ils le renouvelable\u00a0? - Renouvelle\",\"isPartOf\":{\"@id\":\"https:\\\/\\\/www.renouvelle.be\\\/fr\\\/#website\"},\"primaryImageOfPage\":{\"@id\":\"https:\\\/\\\/www.renouvelle.be\\\/fr\\\/fournisseurs-energie-belgique-greenpeace-investissements-renouvelable\\\/#primaryimage\"},\"image\":{\"@id\":\"https:\\\/\\\/www.renouvelle.be\\\/fr\\\/fournisseurs-energie-belgique-greenpeace-investissements-renouvelable\\\/#primaryimage\"},\"thumbnailUrl\":\"https:\\\/\\\/www.renouvelle.be\\\/wp-content\\\/uploads\\\/2025\\\/12\\\/AdobeStock_283048475-scaled.jpeg\",\"datePublished\":\"2025-12-04T15:00:25+00:00\",\"dateModified\":\"2025-12-04T15:03:32+00:00\",\"author\":{\"@id\":\"https:\\\/\\\/www.renouvelle.be\\\/fr\\\/#\\\/schema\\\/person\\\/9d743366fb269eeceaa8d60e98d289d3\"},\"description\":\"Les fournisseurs actifs d'\u00e9nergie semblent snober l'\u00e9nergie renouvelable si l'on en croit la chute des investissements r\u00e9v\u00e9l\u00e9e par Greenpeace.\",\"breadcrumb\":{\"@id\":\"https:\\\/\\\/www.renouvelle.be\\\/fr\\\/fournisseurs-energie-belgique-greenpeace-investissements-renouvelable\\\/#breadcrumb\"},\"inLanguage\":\"fr-FR\",\"potentialAction\":[{\"@type\":\"ReadAction\",\"target\":[\"https:\\\/\\\/www.renouvelle.be\\\/fr\\\/fournisseurs-energie-belgique-greenpeace-investissements-renouvelable\\\/\"]}]},{\"@type\":\"ImageObject\",\"inLanguage\":\"fr-FR\",\"@id\":\"https:\\\/\\\/www.renouvelle.be\\\/fr\\\/fournisseurs-energie-belgique-greenpeace-investissements-renouvelable\\\/#primaryimage\",\"url\":\"https:\\\/\\\/www.renouvelle.be\\\/wp-content\\\/uploads\\\/2025\\\/12\\\/AdobeStock_283048475-scaled.jpeg\",\"contentUrl\":\"https:\\\/\\\/www.renouvelle.be\\\/wp-content\\\/uploads\\\/2025\\\/12\\\/AdobeStock_283048475-scaled.jpeg\",\"width\":2560,\"height\":1707,\"caption\":\"greenpeace investissements renouvelable\"},{\"@type\":\"BreadcrumbList\",\"@id\":\"https:\\\/\\\/www.renouvelle.be\\\/fr\\\/fournisseurs-energie-belgique-greenpeace-investissements-renouvelable\\\/#breadcrumb\",\"itemListElement\":[{\"@type\":\"ListItem\",\"position\":1,\"name\":\"Accueil\",\"item\":\"https:\\\/\\\/www.renouvelle.be\\\/fr\\\/\"},{\"@type\":\"ListItem\",\"position\":2,\"name\":\"Les fournisseurs d\u2019\u00e9nergie belges bouderaient-ils le renouvelable\u00a0?\"}]},{\"@type\":\"WebSite\",\"@id\":\"https:\\\/\\\/www.renouvelle.be\\\/fr\\\/#website\",\"url\":\"https:\\\/\\\/www.renouvelle.be\\\/fr\\\/\",\"name\":\"Renouvelle\",\"description\":\"L&#039;actualit\u00e9 de l&#039;\u00e9nergie durable\",\"potentialAction\":[{\"@type\":\"SearchAction\",\"target\":{\"@type\":\"EntryPoint\",\"urlTemplate\":\"https:\\\/\\\/www.renouvelle.be\\\/fr\\\/?s={search_term_string}\"},\"query-input\":{\"@type\":\"PropertyValueSpecification\",\"valueRequired\":true,\"valueName\":\"search_term_string\"}}],\"inLanguage\":\"fr-FR\"},{\"@type\":\"Person\",\"@id\":\"https:\\\/\\\/www.renouvelle.be\\\/fr\\\/#\\\/schema\\\/person\\\/9d743366fb269eeceaa8d60e98d289d3\",\"name\":\"Samuel Alves\",\"url\":\"https:\\\/\\\/www.renouvelle.be\\\/fr\\\/author\\\/salves\\\/\"}]}<\/script>\n<!-- \/ Yoast SEO plugin. -->","yoast_head_json":{"title":"Les fournisseurs d\u2019\u00e9nergie belges bouderaient-ils le renouvelable\u00a0? - Renouvelle","description":"Les fournisseurs actifs d'\u00e9nergie semblent snober l'\u00e9nergie renouvelable si l'on en croit la chute des investissements r\u00e9v\u00e9l\u00e9e par Greenpeace.","robots":{"index":"index","follow":"follow","max-snippet":"max-snippet:-1","max-image-preview":"max-image-preview:large","max-video-preview":"max-video-preview:-1"},"canonical":"https:\/\/www.renouvelle.be\/fr\/fournisseurs-energie-belgique-greenpeace-investissements-renouvelable\/","og_locale":"fr_FR","og_type":"article","og_title":"Les fournisseurs d\u2019\u00e9nergie belges bouderaient-ils le renouvelable\u00a0? - Renouvelle","og_description":"Les fournisseurs actifs d'\u00e9nergie semblent snober l'\u00e9nergie renouvelable si l'on en croit la chute des investissements r\u00e9v\u00e9l\u00e9e par Greenpeace.","og_url":"https:\/\/www.renouvelle.be\/fr\/fournisseurs-energie-belgique-greenpeace-investissements-renouvelable\/","og_site_name":"Renouvelle","article_published_time":"2025-12-04T15:00:25+00:00","article_modified_time":"2025-12-04T15:03:32+00:00","og_image":[{"width":2560,"height":1707,"url":"https:\/\/www.renouvelle.be\/wp-content\/uploads\/2025\/12\/AdobeStock_283048475-scaled.jpeg","type":"image\/jpeg"}],"author":"Samuel Alves","twitter_card":"summary_large_image","schema":{"@context":"https:\/\/schema.org","@graph":[{"@type":"Article","@id":"https:\/\/www.renouvelle.be\/fr\/fournisseurs-energie-belgique-greenpeace-investissements-renouvelable\/#article","isPartOf":{"@id":"https:\/\/www.renouvelle.be\/fr\/fournisseurs-energie-belgique-greenpeace-investissements-renouvelable\/"},"author":{"name":"Samuel Alves","@id":"https:\/\/www.renouvelle.be\/fr\/#\/schema\/person\/9d743366fb269eeceaa8d60e98d289d3"},"headline":"Les fournisseurs d\u2019\u00e9nergie belges bouderaient-ils le renouvelable\u00a0?","datePublished":"2025-12-04T15:00:25+00:00","dateModified":"2025-12-04T15:03:32+00:00","mainEntityOfPage":{"@id":"https:\/\/www.renouvelle.be\/fr\/fournisseurs-energie-belgique-greenpeace-investissements-renouvelable\/"},"wordCount":203,"image":{"@id":"https:\/\/www.renouvelle.be\/fr\/fournisseurs-energie-belgique-greenpeace-investissements-renouvelable\/#primaryimage"},"thumbnailUrl":"https:\/\/www.renouvelle.be\/wp-content\/uploads\/2025\/12\/AdobeStock_283048475-scaled.jpeg","articleSection":["Actualit\u00e9","Actualit\u00e9 en Belgique"],"inLanguage":"fr-FR"},{"@type":"WebPage","@id":"https:\/\/www.renouvelle.be\/fr\/fournisseurs-energie-belgique-greenpeace-investissements-renouvelable\/","url":"https:\/\/www.renouvelle.be\/fr\/fournisseurs-energie-belgique-greenpeace-investissements-renouvelable\/","name":"Les fournisseurs d\u2019\u00e9nergie belges bouderaient-ils le renouvelable\u00a0? - Renouvelle","isPartOf":{"@id":"https:\/\/www.renouvelle.be\/fr\/#website"},"primaryImageOfPage":{"@id":"https:\/\/www.renouvelle.be\/fr\/fournisseurs-energie-belgique-greenpeace-investissements-renouvelable\/#primaryimage"},"image":{"@id":"https:\/\/www.renouvelle.be\/fr\/fournisseurs-energie-belgique-greenpeace-investissements-renouvelable\/#primaryimage"},"thumbnailUrl":"https:\/\/www.renouvelle.be\/wp-content\/uploads\/2025\/12\/AdobeStock_283048475-scaled.jpeg","datePublished":"2025-12-04T15:00:25+00:00","dateModified":"2025-12-04T15:03:32+00:00","author":{"@id":"https:\/\/www.renouvelle.be\/fr\/#\/schema\/person\/9d743366fb269eeceaa8d60e98d289d3"},"description":"Les fournisseurs actifs d'\u00e9nergie semblent snober l'\u00e9nergie renouvelable si l'on en croit la chute des investissements r\u00e9v\u00e9l\u00e9e par Greenpeace.","breadcrumb":{"@id":"https:\/\/www.renouvelle.be\/fr\/fournisseurs-energie-belgique-greenpeace-investissements-renouvelable\/#breadcrumb"},"inLanguage":"fr-FR","potentialAction":[{"@type":"ReadAction","target":["https:\/\/www.renouvelle.be\/fr\/fournisseurs-energie-belgique-greenpeace-investissements-renouvelable\/"]}]},{"@type":"ImageObject","inLanguage":"fr-FR","@id":"https:\/\/www.renouvelle.be\/fr\/fournisseurs-energie-belgique-greenpeace-investissements-renouvelable\/#primaryimage","url":"https:\/\/www.renouvelle.be\/wp-content\/uploads\/2025\/12\/AdobeStock_283048475-scaled.jpeg","contentUrl":"https:\/\/www.renouvelle.be\/wp-content\/uploads\/2025\/12\/AdobeStock_283048475-scaled.jpeg","width":2560,"height":1707,"caption":"greenpeace investissements renouvelable"},{"@type":"BreadcrumbList","@id":"https:\/\/www.renouvelle.be\/fr\/fournisseurs-energie-belgique-greenpeace-investissements-renouvelable\/#breadcrumb","itemListElement":[{"@type":"ListItem","position":1,"name":"Accueil","item":"https:\/\/www.renouvelle.be\/fr\/"},{"@type":"ListItem","position":2,"name":"Les fournisseurs d\u2019\u00e9nergie belges bouderaient-ils le renouvelable\u00a0?"}]},{"@type":"WebSite","@id":"https:\/\/www.renouvelle.be\/fr\/#website","url":"https:\/\/www.renouvelle.be\/fr\/","name":"Renouvelle","description":"L&#039;actualit\u00e9 de l&#039;\u00e9nergie durable","potentialAction":[{"@type":"SearchAction","target":{"@type":"EntryPoint","urlTemplate":"https:\/\/www.renouvelle.be\/fr\/?s={search_term_string}"},"query-input":{"@type":"PropertyValueSpecification","valueRequired":true,"valueName":"search_term_string"}}],"inLanguage":"fr-FR"},{"@type":"Person","@id":"https:\/\/www.renouvelle.be\/fr\/#\/schema\/person\/9d743366fb269eeceaa8d60e98d289d3","name":"Samuel Alves","url":"https:\/\/www.renouvelle.be\/fr\/author\/salves\/"}]}},"_links":{"self":[{"href":"https:\/\/www.renouvelle.be\/fr\/wp-json\/wp\/v2\/posts\/16107","targetHints":{"allow":["GET"]}}],"collection":[{"href":"https:\/\/www.renouvelle.be\/fr\/wp-json\/wp\/v2\/posts"}],"about":[{"href":"https:\/\/www.renouvelle.be\/fr\/wp-json\/wp\/v2\/types\/post"}],"author":[{"embeddable":true,"href":"https:\/\/www.renouvelle.be\/fr\/wp-json\/wp\/v2\/users\/38"}],"replies":[{"embeddable":true,"href":"https:\/\/www.renouvelle.be\/fr\/wp-json\/wp\/v2\/comments?post=16107"}],"version-history":[{"count":3,"href":"https:\/\/www.renouvelle.be\/fr\/wp-json\/wp\/v2\/posts\/16107\/revisions"}],"predecessor-version":[{"id":16112,"href":"https:\/\/www.renouvelle.be\/fr\/wp-json\/wp\/v2\/posts\/16107\/revisions\/16112"}],"wp:featuredmedia":[{"embeddable":true,"href":"https:\/\/www.renouvelle.be\/fr\/wp-json\/wp\/v2\/media\/16110"}],"wp:attachment":[{"href":"https:\/\/www.renouvelle.be\/fr\/wp-json\/wp\/v2\/media?parent=16107"}],"wp:term":[{"taxonomy":"category","embeddable":true,"href":"https:\/\/www.renouvelle.be\/fr\/wp-json\/wp\/v2\/categories?post=16107"},{"taxonomy":"post_tag","embeddable":true,"href":"https:\/\/www.renouvelle.be\/fr\/wp-json\/wp\/v2\/tags?post=16107"},{"taxonomy":"section","embeddable":true,"href":"https:\/\/www.renouvelle.be\/fr\/wp-json\/wp\/v2\/section?post=16107"}],"curies":[{"name":"wp","href":"https:\/\/api.w.org\/{rel}","templated":true}]}}