{"id":16076,"date":"2025-11-26T10:58:25","date_gmt":"2025-11-26T09:58:25","guid":{"rendered":"https:\/\/www.renouvelle.be\/?p=16076"},"modified":"2025-11-26T10:58:27","modified_gmt":"2025-11-26T09:58:27","slug":"energie-nouvelles-mesures-gouvernement-belge-belgique","status":"publish","type":"post","link":"https:\/\/www.renouvelle.be\/fr\/energie-nouvelles-mesures-gouvernement-belge-belgique\/","title":{"rendered":"\u00c9nergie : les nouvelles mesures du gouvernement"},"content":{"rendered":"\n<p>Parmi les nombreuses composantes d\u2019une facture d\u2019\u00e9nergie se trouvent la TVA et les accises. Depuis 2023, la TVA est de 6% pour le gaz et l\u2019\u00e9lectricit\u00e9 r\u00e9sidentiels, et les accises sont pr\u00e9lev\u00e9es par tranches de consommation, de mani\u00e8re similaire aux imp\u00f4ts sur le revenu.<\/p>\n\n\n\n<p>Le gouvernement belge a pr\u00e9vu d\u2019augmenter progressivement le prix du gaz de 2026 \u00e0 2029. La TVA ne permettant pas de progressivit\u00e9, ce seront les accises qui seront graduellement augment\u00e9es de mani\u00e8re \u00e0 arriver \u00e0 une situation \u00e9quivalente \u00e0 une TVA \u00e0 12% en 2029. Il est important de noter que l\u2019Union europ\u00e9enne impose le retour \u00e0 une TVA \u00e0 21% sur le gaz \u00e0 partir de 2030, et la mani\u00e8re dont les accises seront adapt\u00e9es n\u2019est pas encore connue.<\/p>\n\n\n\n<p>En contrepartie, celles sur l\u2019\u00e9lectricit\u00e9 seront diminu\u00e9es. Ceci est un premier pas en avant dans un contexte o\u00f9 son prix en Belgique est significativement plus \u00e9lev\u00e9 que celui du gaz (4,15 fois plus cher au 1<sup>er<\/sup> <a href=\"https:\/\/www.creg.be\/sites\/default\/files\/assets\/Prices\/EvolPrFR.pdf\" target=\"_blank\" rel=\"noreferrer noopener\">semestre 2025<\/a>, contre 3,28 en Allemagne ou 1,98 en France, et 1.62 aux Pays-Bas). Ceci est d\u00fb, en partie, aux taxations\u00a0: par exemple, pour des consommations moyennes, les accises f\u00e9d\u00e9rales s\u2019\u00e9l\u00e8vent actuellement \u00e0 50,33 \u20ac\/MWh pour l\u2019\u00e9lectricit\u00e9 et seulement 8,72 \u20ac\/MWh pour le <a href=\"https:\/\/www.test-achats.be\/famille-prive\/droits-des-consommateurs\/presse\/reaction-mesures-budget-federal\" target=\"_blank\" rel=\"noreferrer noopener\">gaz naturel<\/a>.<\/p>\n\n\n\n<p>M\u00eame si cette d\u00e9cision accompagne la r\u00e9cente r\u00e9introduction de la baisse de la TVA sur l\u2019installation des <a href=\"https:\/\/www.renouvelle.be\/fr\/belgique-reduction-de-la-tva-a-6-pour-les-pompes-a-chaleur\/\" target=\"_blank\" rel=\"noreferrer noopener\">pompes \u00e0 chaleur \u00e0 6%<\/a>, plusieurs acteurs soulignent le manque de soutien aux publics pr\u00e9caris\u00e9s qui d\u00e9pendent souvent du gaz naturel pour se chauffer et pour lesquels aucune alternative abordable n\u2019est disponible.<\/p>\n\n\n\n<p>Le gouvernement belge pr\u00e9voit \u00e9galement l\u2019augmentation des accises sur le diesel et l\u2019essence.<\/p>\n","protected":false},"excerpt":{"rendered":"<p>Parmi les nombreuses composantes d\u2019une facture d\u2019\u00e9nergie se trouvent la TVA et les accises. Depuis 2023, la TVA est de 6% pour le gaz et l\u2019\u00e9lectricit\u00e9 r\u00e9sidentiels, et les accises sont pr\u00e9lev\u00e9es par tranches de consommation, de mani\u00e8re similaire aux imp\u00f4ts sur le revenu. Le gouvernement belge a pr\u00e9vu d\u2019augmenter progressivement le prix du gaz de 2026 \u00e0 2029. La TVA ne permettant pas de progressivit\u00e9, ce seront les accises qui seront graduellement augment\u00e9es de mani\u00e8re \u00e0 arriver \u00e0 une situation \u00e9quivalente \u00e0 une TVA \u00e0 12% en 2029. Il est important de noter que l\u2019Union europ\u00e9enne impose le retour \u00e0 une TVA \u00e0 21% sur le gaz \u00e0 partir de 2030, et la mani\u00e8re dont les accises seront adapt\u00e9es n\u2019est pas encore connue. En contrepartie, celles sur l\u2019\u00e9lectricit\u00e9 seront diminu\u00e9es. Ceci est un premier pas en avant dans un contexte o\u00f9 son prix en Belgique est significativement plus \u00e9lev\u00e9 que celui du gaz (4,15 fois plus cher au 1er semestre 2025, contre 3,28 en Allemagne ou 1,98 en France, et 1.62 aux Pays-Bas). Ceci est d\u00fb, en partie, aux taxations\u00a0: par exemple, pour des consommations moyennes, les accises f\u00e9d\u00e9rales s\u2019\u00e9l\u00e8vent actuellement \u00e0 50,33 \u20ac\/MWh pour l\u2019\u00e9lectricit\u00e9 et seulement 8,72 \u20ac\/MWh pour le gaz naturel. M\u00eame si cette d\u00e9cision accompagne la r\u00e9cente r\u00e9introduction de la baisse de la TVA sur l\u2019installation des pompes \u00e0 chaleur \u00e0 6%, plusieurs acteurs soulignent le manque de soutien aux publics pr\u00e9caris\u00e9s qui d\u00e9pendent souvent du gaz naturel pour se chauffer et pour lesquels aucune alternative abordable n\u2019est disponible. Le gouvernement belge pr\u00e9voit \u00e9galement l\u2019augmentation des accises sur le diesel et l\u2019essence.<\/p>\n","protected":false},"author":40,"featured_media":16079,"comment_status":"closed","ping_status":"closed","sticky":false,"template":"","format":"standard","meta":{"_acf_changed":false,"footnotes":""},"categories":[16,17],"tags":[],"section":[8,9],"class_list":["post-16076","post","type-post","status-publish","format-standard","has-post-thumbnail","hentry","category-actualite","category-actualite-en-belgique","section-energie-renouvelables","section-geothermie-pac"],"acf":[],"yoast_head":"<!-- This site is optimized with the Yoast SEO plugin v27.5 - https:\/\/yoast.com\/product\/yoast-seo-wordpress\/ -->\n<title>\u00c9nergie : les nouvelles mesures du gouvernement - Renouvelle<\/title>\n<meta name=\"description\" content=\"Les n\u00e9gociations pour l&#039;accord budg\u00e9taire de la Belgique sont arriv\u00e9es et les nouvelles mesures concerneront aussi l&#039;\u00e9nergie.\" \/>\n<meta name=\"robots\" content=\"index, follow, max-snippet:-1, max-image-preview:large, max-video-preview:-1\" \/>\n<link rel=\"canonical\" href=\"https:\/\/www.renouvelle.be\/fr\/energie-nouvelles-mesures-gouvernement-belge-belgique\/\" \/>\n<meta property=\"og:locale\" content=\"fr_FR\" \/>\n<meta property=\"og:type\" content=\"article\" \/>\n<meta property=\"og:title\" content=\"\u00c9nergie : les nouvelles mesures du gouvernement - Renouvelle\" \/>\n<meta property=\"og:description\" content=\"Les n\u00e9gociations pour l&#039;accord budg\u00e9taire de la Belgique sont arriv\u00e9es et les nouvelles mesures concerneront aussi l&#039;\u00e9nergie.\" \/>\n<meta property=\"og:url\" content=\"https:\/\/www.renouvelle.be\/fr\/energie-nouvelles-mesures-gouvernement-belge-belgique\/\" \/>\n<meta property=\"og:site_name\" content=\"Renouvelle\" \/>\n<meta property=\"article:published_time\" content=\"2025-11-26T09:58:25+00:00\" \/>\n<meta property=\"article:modified_time\" content=\"2025-11-26T09:58:27+00:00\" \/>\n<meta property=\"og:image\" content=\"https:\/\/www.renouvelle.be\/wp-content\/uploads\/2025\/11\/AdobeStock_332398882-scaled.jpeg\" \/>\n\t<meta property=\"og:image:width\" content=\"2560\" \/>\n\t<meta property=\"og:image:height\" content=\"1707\" \/>\n\t<meta property=\"og:image:type\" content=\"image\/jpeg\" \/>\n<meta name=\"author\" content=\"Mathieu Petitjean\" \/>\n<meta name=\"twitter:card\" content=\"summary_large_image\" \/>\n<script type=\"application\/ld+json\" class=\"yoast-schema-graph\">{\"@context\":\"https:\\\/\\\/schema.org\",\"@graph\":[{\"@type\":\"Article\",\"@id\":\"https:\\\/\\\/www.renouvelle.be\\\/fr\\\/energie-nouvelles-mesures-gouvernement-belge-belgique\\\/#article\",\"isPartOf\":{\"@id\":\"https:\\\/\\\/www.renouvelle.be\\\/fr\\\/energie-nouvelles-mesures-gouvernement-belge-belgique\\\/\"},\"author\":{\"name\":\"Mathieu Petitjean\",\"@id\":\"https:\\\/\\\/www.renouvelle.be\\\/fr\\\/#\\\/schema\\\/person\\\/0458f628084e1c95c296c1f5b9fcf7c2\"},\"headline\":\"\u00c9nergie : les nouvelles mesures du gouvernement\",\"datePublished\":\"2025-11-26T09:58:25+00:00\",\"dateModified\":\"2025-11-26T09:58:27+00:00\",\"mainEntityOfPage\":{\"@id\":\"https:\\\/\\\/www.renouvelle.be\\\/fr\\\/energie-nouvelles-mesures-gouvernement-belge-belgique\\\/\"},\"wordCount\":282,\"image\":{\"@id\":\"https:\\\/\\\/www.renouvelle.be\\\/fr\\\/energie-nouvelles-mesures-gouvernement-belge-belgique\\\/#primaryimage\"},\"thumbnailUrl\":\"https:\\\/\\\/www.renouvelle.be\\\/wp-content\\\/uploads\\\/2025\\\/11\\\/AdobeStock_332398882-scaled.jpeg\",\"articleSection\":[\"Actualit\u00e9\",\"Actualit\u00e9 en Belgique\"],\"inLanguage\":\"fr-FR\"},{\"@type\":\"WebPage\",\"@id\":\"https:\\\/\\\/www.renouvelle.be\\\/fr\\\/energie-nouvelles-mesures-gouvernement-belge-belgique\\\/\",\"url\":\"https:\\\/\\\/www.renouvelle.be\\\/fr\\\/energie-nouvelles-mesures-gouvernement-belge-belgique\\\/\",\"name\":\"\u00c9nergie : les nouvelles mesures du gouvernement - Renouvelle\",\"isPartOf\":{\"@id\":\"https:\\\/\\\/www.renouvelle.be\\\/fr\\\/#website\"},\"primaryImageOfPage\":{\"@id\":\"https:\\\/\\\/www.renouvelle.be\\\/fr\\\/energie-nouvelles-mesures-gouvernement-belge-belgique\\\/#primaryimage\"},\"image\":{\"@id\":\"https:\\\/\\\/www.renouvelle.be\\\/fr\\\/energie-nouvelles-mesures-gouvernement-belge-belgique\\\/#primaryimage\"},\"thumbnailUrl\":\"https:\\\/\\\/www.renouvelle.be\\\/wp-content\\\/uploads\\\/2025\\\/11\\\/AdobeStock_332398882-scaled.jpeg\",\"datePublished\":\"2025-11-26T09:58:25+00:00\",\"dateModified\":\"2025-11-26T09:58:27+00:00\",\"author\":{\"@id\":\"https:\\\/\\\/www.renouvelle.be\\\/fr\\\/#\\\/schema\\\/person\\\/0458f628084e1c95c296c1f5b9fcf7c2\"},\"description\":\"Les n\u00e9gociations pour l'accord budg\u00e9taire de la Belgique sont arriv\u00e9es et les nouvelles mesures concerneront aussi l'\u00e9nergie.\",\"breadcrumb\":{\"@id\":\"https:\\\/\\\/www.renouvelle.be\\\/fr\\\/energie-nouvelles-mesures-gouvernement-belge-belgique\\\/#breadcrumb\"},\"inLanguage\":\"fr-FR\",\"potentialAction\":[{\"@type\":\"ReadAction\",\"target\":[\"https:\\\/\\\/www.renouvelle.be\\\/fr\\\/energie-nouvelles-mesures-gouvernement-belge-belgique\\\/\"]}]},{\"@type\":\"ImageObject\",\"inLanguage\":\"fr-FR\",\"@id\":\"https:\\\/\\\/www.renouvelle.be\\\/fr\\\/energie-nouvelles-mesures-gouvernement-belge-belgique\\\/#primaryimage\",\"url\":\"https:\\\/\\\/www.renouvelle.be\\\/wp-content\\\/uploads\\\/2025\\\/11\\\/AdobeStock_332398882-scaled.jpeg\",\"contentUrl\":\"https:\\\/\\\/www.renouvelle.be\\\/wp-content\\\/uploads\\\/2025\\\/11\\\/AdobeStock_332398882-scaled.jpeg\",\"width\":2560,\"height\":1707,\"caption\":\"Quelles sont les nouvelles mesures du gouvernement belge pour l'\u00e9nergie ?\"},{\"@type\":\"BreadcrumbList\",\"@id\":\"https:\\\/\\\/www.renouvelle.be\\\/fr\\\/energie-nouvelles-mesures-gouvernement-belge-belgique\\\/#breadcrumb\",\"itemListElement\":[{\"@type\":\"ListItem\",\"position\":1,\"name\":\"Accueil\",\"item\":\"https:\\\/\\\/www.renouvelle.be\\\/fr\\\/\"},{\"@type\":\"ListItem\",\"position\":2,\"name\":\"\u00c9nergie : les nouvelles mesures du gouvernement\"}]},{\"@type\":\"WebSite\",\"@id\":\"https:\\\/\\\/www.renouvelle.be\\\/fr\\\/#website\",\"url\":\"https:\\\/\\\/www.renouvelle.be\\\/fr\\\/\",\"name\":\"Renouvelle\",\"description\":\"L&#039;actualit\u00e9 de l&#039;\u00e9nergie durable\",\"potentialAction\":[{\"@type\":\"SearchAction\",\"target\":{\"@type\":\"EntryPoint\",\"urlTemplate\":\"https:\\\/\\\/www.renouvelle.be\\\/fr\\\/?s={search_term_string}\"},\"query-input\":{\"@type\":\"PropertyValueSpecification\",\"valueRequired\":true,\"valueName\":\"search_term_string\"}}],\"inLanguage\":\"fr-FR\"},{\"@type\":\"Person\",\"@id\":\"https:\\\/\\\/www.renouvelle.be\\\/fr\\\/#\\\/schema\\\/person\\\/0458f628084e1c95c296c1f5b9fcf7c2\",\"name\":\"Mathieu Petitjean\",\"url\":\"https:\\\/\\\/www.renouvelle.be\\\/fr\\\/author\\\/mathieu-petitjean\\\/\"}]}<\/script>\n<!-- \/ Yoast SEO plugin. -->","yoast_head_json":{"title":"\u00c9nergie : les nouvelles mesures du gouvernement - Renouvelle","description":"Les n\u00e9gociations pour l'accord budg\u00e9taire de la Belgique sont arriv\u00e9es et les nouvelles mesures concerneront aussi l'\u00e9nergie.","robots":{"index":"index","follow":"follow","max-snippet":"max-snippet:-1","max-image-preview":"max-image-preview:large","max-video-preview":"max-video-preview:-1"},"canonical":"https:\/\/www.renouvelle.be\/fr\/energie-nouvelles-mesures-gouvernement-belge-belgique\/","og_locale":"fr_FR","og_type":"article","og_title":"\u00c9nergie : les nouvelles mesures du gouvernement - Renouvelle","og_description":"Les n\u00e9gociations pour l'accord budg\u00e9taire de la Belgique sont arriv\u00e9es et les nouvelles mesures concerneront aussi l'\u00e9nergie.","og_url":"https:\/\/www.renouvelle.be\/fr\/energie-nouvelles-mesures-gouvernement-belge-belgique\/","og_site_name":"Renouvelle","article_published_time":"2025-11-26T09:58:25+00:00","article_modified_time":"2025-11-26T09:58:27+00:00","og_image":[{"width":2560,"height":1707,"url":"https:\/\/www.renouvelle.be\/wp-content\/uploads\/2025\/11\/AdobeStock_332398882-scaled.jpeg","type":"image\/jpeg"}],"author":"Mathieu Petitjean","twitter_card":"summary_large_image","schema":{"@context":"https:\/\/schema.org","@graph":[{"@type":"Article","@id":"https:\/\/www.renouvelle.be\/fr\/energie-nouvelles-mesures-gouvernement-belge-belgique\/#article","isPartOf":{"@id":"https:\/\/www.renouvelle.be\/fr\/energie-nouvelles-mesures-gouvernement-belge-belgique\/"},"author":{"name":"Mathieu Petitjean","@id":"https:\/\/www.renouvelle.be\/fr\/#\/schema\/person\/0458f628084e1c95c296c1f5b9fcf7c2"},"headline":"\u00c9nergie : les nouvelles mesures du gouvernement","datePublished":"2025-11-26T09:58:25+00:00","dateModified":"2025-11-26T09:58:27+00:00","mainEntityOfPage":{"@id":"https:\/\/www.renouvelle.be\/fr\/energie-nouvelles-mesures-gouvernement-belge-belgique\/"},"wordCount":282,"image":{"@id":"https:\/\/www.renouvelle.be\/fr\/energie-nouvelles-mesures-gouvernement-belge-belgique\/#primaryimage"},"thumbnailUrl":"https:\/\/www.renouvelle.be\/wp-content\/uploads\/2025\/11\/AdobeStock_332398882-scaled.jpeg","articleSection":["Actualit\u00e9","Actualit\u00e9 en Belgique"],"inLanguage":"fr-FR"},{"@type":"WebPage","@id":"https:\/\/www.renouvelle.be\/fr\/energie-nouvelles-mesures-gouvernement-belge-belgique\/","url":"https:\/\/www.renouvelle.be\/fr\/energie-nouvelles-mesures-gouvernement-belge-belgique\/","name":"\u00c9nergie : les nouvelles mesures du gouvernement - Renouvelle","isPartOf":{"@id":"https:\/\/www.renouvelle.be\/fr\/#website"},"primaryImageOfPage":{"@id":"https:\/\/www.renouvelle.be\/fr\/energie-nouvelles-mesures-gouvernement-belge-belgique\/#primaryimage"},"image":{"@id":"https:\/\/www.renouvelle.be\/fr\/energie-nouvelles-mesures-gouvernement-belge-belgique\/#primaryimage"},"thumbnailUrl":"https:\/\/www.renouvelle.be\/wp-content\/uploads\/2025\/11\/AdobeStock_332398882-scaled.jpeg","datePublished":"2025-11-26T09:58:25+00:00","dateModified":"2025-11-26T09:58:27+00:00","author":{"@id":"https:\/\/www.renouvelle.be\/fr\/#\/schema\/person\/0458f628084e1c95c296c1f5b9fcf7c2"},"description":"Les n\u00e9gociations pour l'accord budg\u00e9taire de la Belgique sont arriv\u00e9es et les nouvelles mesures concerneront aussi l'\u00e9nergie.","breadcrumb":{"@id":"https:\/\/www.renouvelle.be\/fr\/energie-nouvelles-mesures-gouvernement-belge-belgique\/#breadcrumb"},"inLanguage":"fr-FR","potentialAction":[{"@type":"ReadAction","target":["https:\/\/www.renouvelle.be\/fr\/energie-nouvelles-mesures-gouvernement-belge-belgique\/"]}]},{"@type":"ImageObject","inLanguage":"fr-FR","@id":"https:\/\/www.renouvelle.be\/fr\/energie-nouvelles-mesures-gouvernement-belge-belgique\/#primaryimage","url":"https:\/\/www.renouvelle.be\/wp-content\/uploads\/2025\/11\/AdobeStock_332398882-scaled.jpeg","contentUrl":"https:\/\/www.renouvelle.be\/wp-content\/uploads\/2025\/11\/AdobeStock_332398882-scaled.jpeg","width":2560,"height":1707,"caption":"Quelles sont les nouvelles mesures du gouvernement belge pour l'\u00e9nergie ?"},{"@type":"BreadcrumbList","@id":"https:\/\/www.renouvelle.be\/fr\/energie-nouvelles-mesures-gouvernement-belge-belgique\/#breadcrumb","itemListElement":[{"@type":"ListItem","position":1,"name":"Accueil","item":"https:\/\/www.renouvelle.be\/fr\/"},{"@type":"ListItem","position":2,"name":"\u00c9nergie : les nouvelles mesures du gouvernement"}]},{"@type":"WebSite","@id":"https:\/\/www.renouvelle.be\/fr\/#website","url":"https:\/\/www.renouvelle.be\/fr\/","name":"Renouvelle","description":"L&#039;actualit\u00e9 de l&#039;\u00e9nergie durable","potentialAction":[{"@type":"SearchAction","target":{"@type":"EntryPoint","urlTemplate":"https:\/\/www.renouvelle.be\/fr\/?s={search_term_string}"},"query-input":{"@type":"PropertyValueSpecification","valueRequired":true,"valueName":"search_term_string"}}],"inLanguage":"fr-FR"},{"@type":"Person","@id":"https:\/\/www.renouvelle.be\/fr\/#\/schema\/person\/0458f628084e1c95c296c1f5b9fcf7c2","name":"Mathieu Petitjean","url":"https:\/\/www.renouvelle.be\/fr\/author\/mathieu-petitjean\/"}]}},"_links":{"self":[{"href":"https:\/\/www.renouvelle.be\/fr\/wp-json\/wp\/v2\/posts\/16076","targetHints":{"allow":["GET"]}}],"collection":[{"href":"https:\/\/www.renouvelle.be\/fr\/wp-json\/wp\/v2\/posts"}],"about":[{"href":"https:\/\/www.renouvelle.be\/fr\/wp-json\/wp\/v2\/types\/post"}],"author":[{"embeddable":true,"href":"https:\/\/www.renouvelle.be\/fr\/wp-json\/wp\/v2\/users\/40"}],"replies":[{"embeddable":true,"href":"https:\/\/www.renouvelle.be\/fr\/wp-json\/wp\/v2\/comments?post=16076"}],"version-history":[{"count":5,"href":"https:\/\/www.renouvelle.be\/fr\/wp-json\/wp\/v2\/posts\/16076\/revisions"}],"predecessor-version":[{"id":16088,"href":"https:\/\/www.renouvelle.be\/fr\/wp-json\/wp\/v2\/posts\/16076\/revisions\/16088"}],"wp:featuredmedia":[{"embeddable":true,"href":"https:\/\/www.renouvelle.be\/fr\/wp-json\/wp\/v2\/media\/16079"}],"wp:attachment":[{"href":"https:\/\/www.renouvelle.be\/fr\/wp-json\/wp\/v2\/media?parent=16076"}],"wp:term":[{"taxonomy":"category","embeddable":true,"href":"https:\/\/www.renouvelle.be\/fr\/wp-json\/wp\/v2\/categories?post=16076"},{"taxonomy":"post_tag","embeddable":true,"href":"https:\/\/www.renouvelle.be\/fr\/wp-json\/wp\/v2\/tags?post=16076"},{"taxonomy":"section","embeddable":true,"href":"https:\/\/www.renouvelle.be\/fr\/wp-json\/wp\/v2\/section?post=16076"}],"curies":[{"name":"wp","href":"https:\/\/api.w.org\/{rel}","templated":true}]}}