{"id":16059,"date":"2025-11-25T15:12:44","date_gmt":"2025-11-25T14:12:44","guid":{"rendered":"https:\/\/www.renouvelle.be\/?p=16059"},"modified":"2025-11-26T13:49:37","modified_gmt":"2025-11-26T12:49:37","slug":"comprendre-facture-electricite","status":"publish","type":"post","link":"https:\/\/www.renouvelle.be\/fr\/comprendre-facture-electricite\/","title":{"rendered":"Comprendre sa facture d\u2019\u00e9lectricit\u00e9 : fini le casse-t\u00eate"},"content":{"rendered":"\n<p>Le secteur de l\u2019\u00e9nergie peut \u00eatre relativement opaque pour beaucoup de citoyens. Pourtant, l\u2019\u00e9nergie nous concerne tous : nous la consommons au quotidien, nous payons nos factures et nous avons le pouvoir d\u2019agir pour mieux la ma\u00eetriser. Puisque comprendre est la premi\u00e8re \u00e9tape pour adapter ses comportements, empruntons la porte d\u2019entr\u00e9e vers le march\u00e9 \u00e9nerg\u00e9tique qu\u2019est la facture d\u2019\u00e9lectricit\u00e9&nbsp;! D\u00e9cryptons ensemble ses composantes.<\/p>\n\n\n\n<p>Imaginons&nbsp;que vous avez souscrit \u00e0 un nouveau contrat (variable ou fixe) aupr\u00e8s du fournisseur d\u2019\u00e9lectricit\u00e9 de votre choix. Chaque mois, vous versez un acompte \u00e0 votre fournisseur. Cet acompte se base sur une estimation de la consommation de votre m\u00e9nage. A la fin de l\u2019ann\u00e9e, vous devez vous acquitter du montant indiqu\u00e9 sur votre <strong>facture de r\u00e9gularisation<\/strong>. Ce dernier reprend le co\u00fbt r\u00e9el de l\u2019\u00e9lectricit\u00e9, duquel sont d\u00e9duits les acomptes factur\u00e9s et auquel est ajout\u00e9e la TVA applicable.<\/p>\n\n\n<div class=\"wp-block-image\">\n<figure class=\"aligncenter size-large is-resized\"><img loading=\"lazy\" decoding=\"async\" width=\"1024\" height=\"206\" src=\"https:\/\/www.renouvelle.be\/wp-content\/uploads\/2025\/11\/comprendre_facture_energie_electricite_2-1024x206.jpg\" alt=\"\" class=\"wp-image-16068\" style=\"width:806px;height:auto\" srcset=\"https:\/\/www.renouvelle.be\/wp-content\/uploads\/2025\/11\/comprendre_facture_energie_electricite_2-1024x206.jpg 1024w, https:\/\/www.renouvelle.be\/wp-content\/uploads\/2025\/11\/comprendre_facture_energie_electricite_2-300x60.jpg 300w, https:\/\/www.renouvelle.be\/wp-content\/uploads\/2025\/11\/comprendre_facture_energie_electricite_2-768x154.jpg 768w, https:\/\/www.renouvelle.be\/wp-content\/uploads\/2025\/11\/comprendre_facture_energie_electricite_2-1536x309.jpg 1536w, https:\/\/www.renouvelle.be\/wp-content\/uploads\/2025\/11\/comprendre_facture_energie_electricite_2-1200x241.jpg 1200w, https:\/\/www.renouvelle.be\/wp-content\/uploads\/2025\/11\/comprendre_facture_energie_electricite_2.jpg 1920w\" sizes=\"auto, (max-width: 1024px) 100vw, 1024px\" \/><\/figure>\n<\/div>\n\n\n<p>La date de r\u00e9ception de votre facture de r\u00e9gularisation n\u2019est pas al\u00e9atoire. Elle d\u00e9pend du moment de relev\u00e9 de votre index de consommation. Celui-ci s\u2019organise g\u00e9n\u00e9ralement au cours du m\u00eame mois dans une m\u00eame commune.<\/p>\n\n\n\n<p>Votre facture vous indique la quantit\u00e9 d\u2019\u00e9lectricit\u00e9 consomm\u00e9e sur la p\u00e9riode de facturation. Sur base de cette donn\u00e9e et du co\u00fbt r\u00e9el de l\u2019\u00e9lectricit\u00e9 consomm\u00e9e, vous pouvez connaitre votre prix de l\u2019\u00e9nergie moyen au kWh sur la p\u00e9riode concern\u00e9e.<\/p>\n\n\n\n<p>Quatre composantes sont comprises dans le co\u00fbt r\u00e9el de l\u2019\u00e9lectricit\u00e9\u00a0: le co\u00fbt de l&rsquo;\u00e9nergie, la contribution \u00e9nergie verte, les frais de distribution et de transport, et enfin, les taxes et redevances.<\/p>\n\n\n\n<p>Le <strong>co\u00fbt de l\u2019\u00e9nergie<\/strong> repr\u00e9sente la composante qui va r\u00e9mun\u00e9rer le fournisseur d\u2019\u00e9lectricit\u00e9. Il est g\u00e9n\u00e9ralement compos\u00e9 d\u2019une redevance fixe et d\u2019un co\u00fbt au kWh.<\/p>\n\n\n\n<p>La <strong>contribution \u00e9nergie verte<\/strong> est li\u00e9e \u00e0 l\u2019obligation pour les fournisseurs d\u2019acheter des certificats verts, pour soutenir la production d\u2019\u00e9nergie renouvelable. Ce co\u00fbt est r\u00e9percut\u00e9 sur les consommateurs finaux.<\/p>\n\n\n\n<p>Les <strong>co\u00fbts de transport et de distribution<\/strong> (\u00ab&nbsp;frais r\u00e9seaux&nbsp;\u00bb) repr\u00e9sentent les frais li\u00e9s \u00e0 l\u2019utilisation du r\u00e9seau \u00e9lectrique. Le fournisseur devra les reverser au gestionnaire de r\u00e9seau de distribution puis \u00e0 Elia, pour l\u2019entretien et la gestion du r\u00e9seau \u00e9lectrique public. \u00c0 noter qu\u2019il faut faire une distinction entre transport et distribution&nbsp;: le r\u00e9seau de transport est un r\u00e9seau haute tension, g\u00e9r\u00e9 par Elia, o\u00f9 l\u2019\u00e9lectricit\u00e9 transite sur de larges distances. Celui de distribution est g\u00e9r\u00e9 par le gestionnaire de r\u00e9seau comp\u00e9tent et l\u2019\u00e9lectricit\u00e9 y transite \u00e0 une tension plus r\u00e9duite.<\/p>\n\n\n\n<p>Des <strong>taxes <\/strong>appliqu\u00e9es \u00e0 l\u2019\u00e9lectricit\u00e9&nbsp;constituent la derni\u00e8re partie de la facture&nbsp;:<\/p>\n\n\n\n<ul class=\"wp-block-list\">\n<li>au niveau f\u00e9d\u00e9ral&nbsp;: accises et cotisation f\u00e9d\u00e9rales,<\/li>\n\n\n\n<li>les obligations de services publics&nbsp;: qui servent notamment \u00e0 financer l\u2019\u00e9clairage public ou les feux de signalisation.<\/li>\n<\/ul>\n\n\n\n<p>En moyenne, le co\u00fbt de l\u2019\u00e9nergie et des contribution \u00e9nergie verte repr\u00e9sentent pr\u00e8s de 50% de la facture et c\u2019est la composante la plus sujette aux fluctuations. Les frais r\u00e9seaux comptent pour environ 30% du montant et les taxes pour 15%. La TVA repr\u00e9sente environ 5% de la facture.<\/p>\n\n\n<div class=\"wp-block-image\">\n<figure class=\"aligncenter size-large is-resized\"><img loading=\"lazy\" decoding=\"async\" width=\"1024\" height=\"584\" src=\"https:\/\/www.renouvelle.be\/wp-content\/uploads\/2025\/11\/comprendre_facture_energie_electricite-1024x584.png\" alt=\"\" class=\"wp-image-16065\" style=\"width:658px;height:auto\" srcset=\"https:\/\/www.renouvelle.be\/wp-content\/uploads\/2025\/11\/comprendre_facture_energie_electricite-1024x584.png 1024w, https:\/\/www.renouvelle.be\/wp-content\/uploads\/2025\/11\/comprendre_facture_energie_electricite-300x171.png 300w, https:\/\/www.renouvelle.be\/wp-content\/uploads\/2025\/11\/comprendre_facture_energie_electricite-768x438.png 768w, https:\/\/www.renouvelle.be\/wp-content\/uploads\/2025\/11\/comprendre_facture_energie_electricite.png 1201w\" sizes=\"auto, (max-width: 1024px) 100vw, 1024px\" \/><\/figure>\n<\/div>\n\n\n<p>Mais il est possible de r\u00e9duire votre facture d\u2019\u00e9nergie en participant \u00e0 <strong><a href=\"https:\/\/www.renouvelle.be\/fr\/reapproprier-energie-grace-au-partage-electricite\/\" target=\"_blank\" rel=\"noreferrer noopener\">un partage d\u2019\u00e9lectricit\u00e9<\/a><\/strong> et de b\u00e9n\u00e9ficier d\u2019un prix ind\u00e9pendant des fluctuations du march\u00e9 pour les volumes partag\u00e9s. Ce nouveau syst\u00e8me permet de convenir avec un producteur local d\u2019un prix de l\u2019\u00e9nergie plus attractif que celui propos\u00e9 par votre fournisseur.<\/p>\n\n\n\n<p>Comprendre sa facture, c\u2019est mieux ma\u00eetriser sa consommation et ses co\u00fbts. C\u2019est aussi ouvrir la voie \u00e0 des alternatives plus durables et solidaires.<\/p>\n","protected":false},"excerpt":{"rendered":"<p>Le secteur de l\u2019\u00e9nergie peut \u00eatre relativement opaque pour beaucoup de citoyens. Pourtant, l\u2019\u00e9nergie nous concerne tous : nous la consommons au quotidien, nous payons nos factures et nous avons le pouvoir d\u2019agir pour mieux la ma\u00eetriser. Puisque comprendre est la premi\u00e8re \u00e9tape pour adapter ses comportements, empruntons la porte d\u2019entr\u00e9e vers le march\u00e9 \u00e9nerg\u00e9tique qu\u2019est la facture d\u2019\u00e9lectricit\u00e9&nbsp;! D\u00e9cryptons ensemble ses composantes. Imaginons&nbsp;que vous avez souscrit \u00e0 un nouveau contrat (variable ou fixe) aupr\u00e8s du fournisseur d\u2019\u00e9lectricit\u00e9 de votre choix. Chaque mois, vous versez un acompte \u00e0 votre fournisseur. Cet acompte se base sur une estimation de la consommation de votre m\u00e9nage. A la fin de l\u2019ann\u00e9e, vous devez vous acquitter du montant indiqu\u00e9 sur votre facture de r\u00e9gularisation. Ce dernier reprend le co\u00fbt r\u00e9el de l\u2019\u00e9lectricit\u00e9, duquel sont d\u00e9duits les acomptes factur\u00e9s et auquel est ajout\u00e9e la TVA applicable. La date de r\u00e9ception de votre facture de r\u00e9gularisation n\u2019est pas al\u00e9atoire. Elle d\u00e9pend du moment de relev\u00e9 de votre index de consommation. Celui-ci s\u2019organise g\u00e9n\u00e9ralement au cours du m\u00eame mois dans une m\u00eame commune. Votre facture vous indique la quantit\u00e9 d\u2019\u00e9lectricit\u00e9 consomm\u00e9e sur la p\u00e9riode de facturation. Sur base de cette donn\u00e9e et du co\u00fbt r\u00e9el de l\u2019\u00e9lectricit\u00e9 consomm\u00e9e, vous pouvez connaitre votre prix de l\u2019\u00e9nergie moyen au kWh sur la p\u00e9riode concern\u00e9e. Quatre composantes sont comprises dans le co\u00fbt r\u00e9el de l\u2019\u00e9lectricit\u00e9\u00a0: le co\u00fbt de l&rsquo;\u00e9nergie, la contribution \u00e9nergie verte, les frais de distribution et de transport, et enfin, les taxes et redevances. Le co\u00fbt de l\u2019\u00e9nergie repr\u00e9sente la composante qui va r\u00e9mun\u00e9rer le fournisseur d\u2019\u00e9lectricit\u00e9. Il est g\u00e9n\u00e9ralement compos\u00e9 d\u2019une redevance fixe et d\u2019un co\u00fbt au kWh. La contribution \u00e9nergie verte est li\u00e9e \u00e0 l\u2019obligation pour les fournisseurs d\u2019acheter des certificats verts, pour soutenir la production &hellip; <a href=\"https:\/\/www.renouvelle.be\/fr\/comprendre-facture-electricite\/\" class=\"more-link\">Continue reading<span class=\"screen-reader-text\"> \u00ab\u00a0Comprendre sa facture d\u2019\u00e9lectricit\u00e9 : fini le casse-t\u00eate\u00a0\u00bb<\/span><\/a><\/p>\n","protected":false},"author":43,"featured_media":16071,"comment_status":"closed","ping_status":"closed","sticky":false,"template":"","format":"standard","meta":{"_acf_changed":false,"footnotes":""},"categories":[],"tags":[],"section":[8],"class_list":["post-16059","post","type-post","status-publish","format-standard","has-post-thumbnail","hentry","section-energie-renouvelables"],"acf":[],"yoast_head":"<!-- This site is optimized with the Yoast SEO plugin v27.5 - https:\/\/yoast.com\/product\/yoast-seo-wordpress\/ -->\n<title>Comprendre sa facture d\u2019\u00e9lectricit\u00e9 : fini le casse-t\u00eate - Renouvelle<\/title>\n<meta name=\"description\" content=\"Savez-vous ce qu&#039;inclue le montant final sur votre facture d&#039;\u00e9lectricit\u00e9 ? Renouvelle vous aide \u00e0 le comprendre.\" \/>\n<meta name=\"robots\" content=\"index, follow, max-snippet:-1, max-image-preview:large, max-video-preview:-1\" \/>\n<link rel=\"canonical\" href=\"https:\/\/www.renouvelle.be\/fr\/comprendre-facture-electricite\/\" \/>\n<meta property=\"og:locale\" content=\"fr_FR\" \/>\n<meta property=\"og:type\" content=\"article\" \/>\n<meta property=\"og:title\" content=\"Comprendre sa facture d\u2019\u00e9lectricit\u00e9 : fini le casse-t\u00eate - Renouvelle\" \/>\n<meta property=\"og:description\" content=\"Savez-vous ce qu&#039;inclue le montant final sur votre facture d&#039;\u00e9lectricit\u00e9 ? Renouvelle vous aide \u00e0 le comprendre.\" \/>\n<meta property=\"og:url\" content=\"https:\/\/www.renouvelle.be\/fr\/comprendre-facture-electricite\/\" \/>\n<meta property=\"og:site_name\" content=\"Renouvelle\" \/>\n<meta property=\"article:published_time\" content=\"2025-11-25T14:12:44+00:00\" \/>\n<meta property=\"article:modified_time\" content=\"2025-11-26T12:49:37+00:00\" \/>\n<meta property=\"og:image\" content=\"https:\/\/www.renouvelle.be\/wp-content\/uploads\/2025\/11\/AdobeStock_573249395-scaled.jpeg\" \/>\n\t<meta property=\"og:image:width\" content=\"2560\" \/>\n\t<meta property=\"og:image:height\" content=\"1707\" \/>\n\t<meta property=\"og:image:type\" content=\"image\/jpeg\" \/>\n<meta name=\"author\" content=\"Laur\u00e9line Wattecamps\" \/>\n<meta name=\"twitter:card\" content=\"summary_large_image\" \/>\n<script type=\"application\/ld+json\" class=\"yoast-schema-graph\">{\"@context\":\"https:\\\/\\\/schema.org\",\"@graph\":[{\"@type\":\"Article\",\"@id\":\"https:\\\/\\\/www.renouvelle.be\\\/fr\\\/comprendre-facture-electricite\\\/#article\",\"isPartOf\":{\"@id\":\"https:\\\/\\\/www.renouvelle.be\\\/fr\\\/comprendre-facture-electricite\\\/\"},\"author\":{\"name\":\"Laur\u00e9line Wattecamps\",\"@id\":\"https:\\\/\\\/www.renouvelle.be\\\/fr\\\/#\\\/schema\\\/person\\\/b0875d84d82d563d1f6484ee8dab3c34\"},\"headline\":\"Comprendre sa facture d\u2019\u00e9lectricit\u00e9 : fini le casse-t\u00eate\",\"datePublished\":\"2025-11-25T14:12:44+00:00\",\"dateModified\":\"2025-11-26T12:49:37+00:00\",\"mainEntityOfPage\":{\"@id\":\"https:\\\/\\\/www.renouvelle.be\\\/fr\\\/comprendre-facture-electricite\\\/\"},\"wordCount\":668,\"image\":{\"@id\":\"https:\\\/\\\/www.renouvelle.be\\\/fr\\\/comprendre-facture-electricite\\\/#primaryimage\"},\"thumbnailUrl\":\"https:\\\/\\\/www.renouvelle.be\\\/wp-content\\\/uploads\\\/2025\\\/11\\\/AdobeStock_573249395-scaled.jpeg\",\"inLanguage\":\"fr-FR\"},{\"@type\":\"WebPage\",\"@id\":\"https:\\\/\\\/www.renouvelle.be\\\/fr\\\/comprendre-facture-electricite\\\/\",\"url\":\"https:\\\/\\\/www.renouvelle.be\\\/fr\\\/comprendre-facture-electricite\\\/\",\"name\":\"Comprendre sa facture d\u2019\u00e9lectricit\u00e9 : fini le casse-t\u00eate - Renouvelle\",\"isPartOf\":{\"@id\":\"https:\\\/\\\/www.renouvelle.be\\\/fr\\\/#website\"},\"primaryImageOfPage\":{\"@id\":\"https:\\\/\\\/www.renouvelle.be\\\/fr\\\/comprendre-facture-electricite\\\/#primaryimage\"},\"image\":{\"@id\":\"https:\\\/\\\/www.renouvelle.be\\\/fr\\\/comprendre-facture-electricite\\\/#primaryimage\"},\"thumbnailUrl\":\"https:\\\/\\\/www.renouvelle.be\\\/wp-content\\\/uploads\\\/2025\\\/11\\\/AdobeStock_573249395-scaled.jpeg\",\"datePublished\":\"2025-11-25T14:12:44+00:00\",\"dateModified\":\"2025-11-26T12:49:37+00:00\",\"author\":{\"@id\":\"https:\\\/\\\/www.renouvelle.be\\\/fr\\\/#\\\/schema\\\/person\\\/b0875d84d82d563d1f6484ee8dab3c34\"},\"description\":\"Savez-vous ce qu'inclue le montant final sur votre facture d'\u00e9lectricit\u00e9 ? Renouvelle vous aide \u00e0 le comprendre.\",\"breadcrumb\":{\"@id\":\"https:\\\/\\\/www.renouvelle.be\\\/fr\\\/comprendre-facture-electricite\\\/#breadcrumb\"},\"inLanguage\":\"fr-FR\",\"potentialAction\":[{\"@type\":\"ReadAction\",\"target\":[\"https:\\\/\\\/www.renouvelle.be\\\/fr\\\/comprendre-facture-electricite\\\/\"]}]},{\"@type\":\"ImageObject\",\"inLanguage\":\"fr-FR\",\"@id\":\"https:\\\/\\\/www.renouvelle.be\\\/fr\\\/comprendre-facture-electricite\\\/#primaryimage\",\"url\":\"https:\\\/\\\/www.renouvelle.be\\\/wp-content\\\/uploads\\\/2025\\\/11\\\/AdobeStock_573249395-scaled.jpeg\",\"contentUrl\":\"https:\\\/\\\/www.renouvelle.be\\\/wp-content\\\/uploads\\\/2025\\\/11\\\/AdobeStock_573249395-scaled.jpeg\",\"width\":2560,\"height\":1707,\"caption\":\"une personne veut comprendre sa facture d'\u00e9lectricit\u00e9\"},{\"@type\":\"BreadcrumbList\",\"@id\":\"https:\\\/\\\/www.renouvelle.be\\\/fr\\\/comprendre-facture-electricite\\\/#breadcrumb\",\"itemListElement\":[{\"@type\":\"ListItem\",\"position\":1,\"name\":\"Accueil\",\"item\":\"https:\\\/\\\/www.renouvelle.be\\\/fr\\\/\"},{\"@type\":\"ListItem\",\"position\":2,\"name\":\"Comprendre sa facture d\u2019\u00e9lectricit\u00e9 : fini le casse-t\u00eate\"}]},{\"@type\":\"WebSite\",\"@id\":\"https:\\\/\\\/www.renouvelle.be\\\/fr\\\/#website\",\"url\":\"https:\\\/\\\/www.renouvelle.be\\\/fr\\\/\",\"name\":\"Renouvelle\",\"description\":\"L&#039;actualit\u00e9 de l&#039;\u00e9nergie durable\",\"potentialAction\":[{\"@type\":\"SearchAction\",\"target\":{\"@type\":\"EntryPoint\",\"urlTemplate\":\"https:\\\/\\\/www.renouvelle.be\\\/fr\\\/?s={search_term_string}\"},\"query-input\":{\"@type\":\"PropertyValueSpecification\",\"valueRequired\":true,\"valueName\":\"search_term_string\"}}],\"inLanguage\":\"fr-FR\"},{\"@type\":\"Person\",\"@id\":\"https:\\\/\\\/www.renouvelle.be\\\/fr\\\/#\\\/schema\\\/person\\\/b0875d84d82d563d1f6484ee8dab3c34\",\"name\":\"Laur\u00e9line Wattecamps\",\"url\":\"https:\\\/\\\/www.renouvelle.be\\\/fr\\\/author\\\/laureline-wattecamps\\\/\"}]}<\/script>\n<!-- \/ Yoast SEO plugin. -->","yoast_head_json":{"title":"Comprendre sa facture d\u2019\u00e9lectricit\u00e9 : fini le casse-t\u00eate - Renouvelle","description":"Savez-vous ce qu'inclue le montant final sur votre facture d'\u00e9lectricit\u00e9 ? Renouvelle vous aide \u00e0 le comprendre.","robots":{"index":"index","follow":"follow","max-snippet":"max-snippet:-1","max-image-preview":"max-image-preview:large","max-video-preview":"max-video-preview:-1"},"canonical":"https:\/\/www.renouvelle.be\/fr\/comprendre-facture-electricite\/","og_locale":"fr_FR","og_type":"article","og_title":"Comprendre sa facture d\u2019\u00e9lectricit\u00e9 : fini le casse-t\u00eate - Renouvelle","og_description":"Savez-vous ce qu'inclue le montant final sur votre facture d'\u00e9lectricit\u00e9 ? Renouvelle vous aide \u00e0 le comprendre.","og_url":"https:\/\/www.renouvelle.be\/fr\/comprendre-facture-electricite\/","og_site_name":"Renouvelle","article_published_time":"2025-11-25T14:12:44+00:00","article_modified_time":"2025-11-26T12:49:37+00:00","og_image":[{"width":2560,"height":1707,"url":"https:\/\/www.renouvelle.be\/wp-content\/uploads\/2025\/11\/AdobeStock_573249395-scaled.jpeg","type":"image\/jpeg"}],"author":"Laur\u00e9line Wattecamps","twitter_card":"summary_large_image","schema":{"@context":"https:\/\/schema.org","@graph":[{"@type":"Article","@id":"https:\/\/www.renouvelle.be\/fr\/comprendre-facture-electricite\/#article","isPartOf":{"@id":"https:\/\/www.renouvelle.be\/fr\/comprendre-facture-electricite\/"},"author":{"name":"Laur\u00e9line Wattecamps","@id":"https:\/\/www.renouvelle.be\/fr\/#\/schema\/person\/b0875d84d82d563d1f6484ee8dab3c34"},"headline":"Comprendre sa facture d\u2019\u00e9lectricit\u00e9 : fini le casse-t\u00eate","datePublished":"2025-11-25T14:12:44+00:00","dateModified":"2025-11-26T12:49:37+00:00","mainEntityOfPage":{"@id":"https:\/\/www.renouvelle.be\/fr\/comprendre-facture-electricite\/"},"wordCount":668,"image":{"@id":"https:\/\/www.renouvelle.be\/fr\/comprendre-facture-electricite\/#primaryimage"},"thumbnailUrl":"https:\/\/www.renouvelle.be\/wp-content\/uploads\/2025\/11\/AdobeStock_573249395-scaled.jpeg","inLanguage":"fr-FR"},{"@type":"WebPage","@id":"https:\/\/www.renouvelle.be\/fr\/comprendre-facture-electricite\/","url":"https:\/\/www.renouvelle.be\/fr\/comprendre-facture-electricite\/","name":"Comprendre sa facture d\u2019\u00e9lectricit\u00e9 : fini le casse-t\u00eate - Renouvelle","isPartOf":{"@id":"https:\/\/www.renouvelle.be\/fr\/#website"},"primaryImageOfPage":{"@id":"https:\/\/www.renouvelle.be\/fr\/comprendre-facture-electricite\/#primaryimage"},"image":{"@id":"https:\/\/www.renouvelle.be\/fr\/comprendre-facture-electricite\/#primaryimage"},"thumbnailUrl":"https:\/\/www.renouvelle.be\/wp-content\/uploads\/2025\/11\/AdobeStock_573249395-scaled.jpeg","datePublished":"2025-11-25T14:12:44+00:00","dateModified":"2025-11-26T12:49:37+00:00","author":{"@id":"https:\/\/www.renouvelle.be\/fr\/#\/schema\/person\/b0875d84d82d563d1f6484ee8dab3c34"},"description":"Savez-vous ce qu'inclue le montant final sur votre facture d'\u00e9lectricit\u00e9 ? Renouvelle vous aide \u00e0 le comprendre.","breadcrumb":{"@id":"https:\/\/www.renouvelle.be\/fr\/comprendre-facture-electricite\/#breadcrumb"},"inLanguage":"fr-FR","potentialAction":[{"@type":"ReadAction","target":["https:\/\/www.renouvelle.be\/fr\/comprendre-facture-electricite\/"]}]},{"@type":"ImageObject","inLanguage":"fr-FR","@id":"https:\/\/www.renouvelle.be\/fr\/comprendre-facture-electricite\/#primaryimage","url":"https:\/\/www.renouvelle.be\/wp-content\/uploads\/2025\/11\/AdobeStock_573249395-scaled.jpeg","contentUrl":"https:\/\/www.renouvelle.be\/wp-content\/uploads\/2025\/11\/AdobeStock_573249395-scaled.jpeg","width":2560,"height":1707,"caption":"une personne veut comprendre sa facture d'\u00e9lectricit\u00e9"},{"@type":"BreadcrumbList","@id":"https:\/\/www.renouvelle.be\/fr\/comprendre-facture-electricite\/#breadcrumb","itemListElement":[{"@type":"ListItem","position":1,"name":"Accueil","item":"https:\/\/www.renouvelle.be\/fr\/"},{"@type":"ListItem","position":2,"name":"Comprendre sa facture d\u2019\u00e9lectricit\u00e9 : fini le casse-t\u00eate"}]},{"@type":"WebSite","@id":"https:\/\/www.renouvelle.be\/fr\/#website","url":"https:\/\/www.renouvelle.be\/fr\/","name":"Renouvelle","description":"L&#039;actualit\u00e9 de l&#039;\u00e9nergie durable","potentialAction":[{"@type":"SearchAction","target":{"@type":"EntryPoint","urlTemplate":"https:\/\/www.renouvelle.be\/fr\/?s={search_term_string}"},"query-input":{"@type":"PropertyValueSpecification","valueRequired":true,"valueName":"search_term_string"}}],"inLanguage":"fr-FR"},{"@type":"Person","@id":"https:\/\/www.renouvelle.be\/fr\/#\/schema\/person\/b0875d84d82d563d1f6484ee8dab3c34","name":"Laur\u00e9line Wattecamps","url":"https:\/\/www.renouvelle.be\/fr\/author\/laureline-wattecamps\/"}]}},"_links":{"self":[{"href":"https:\/\/www.renouvelle.be\/fr\/wp-json\/wp\/v2\/posts\/16059","targetHints":{"allow":["GET"]}}],"collection":[{"href":"https:\/\/www.renouvelle.be\/fr\/wp-json\/wp\/v2\/posts"}],"about":[{"href":"https:\/\/www.renouvelle.be\/fr\/wp-json\/wp\/v2\/types\/post"}],"author":[{"embeddable":true,"href":"https:\/\/www.renouvelle.be\/fr\/wp-json\/wp\/v2\/users\/43"}],"replies":[{"embeddable":true,"href":"https:\/\/www.renouvelle.be\/fr\/wp-json\/wp\/v2\/comments?post=16059"}],"version-history":[{"count":8,"href":"https:\/\/www.renouvelle.be\/fr\/wp-json\/wp\/v2\/posts\/16059\/revisions"}],"predecessor-version":[{"id":16095,"href":"https:\/\/www.renouvelle.be\/fr\/wp-json\/wp\/v2\/posts\/16059\/revisions\/16095"}],"wp:featuredmedia":[{"embeddable":true,"href":"https:\/\/www.renouvelle.be\/fr\/wp-json\/wp\/v2\/media\/16071"}],"wp:attachment":[{"href":"https:\/\/www.renouvelle.be\/fr\/wp-json\/wp\/v2\/media?parent=16059"}],"wp:term":[{"taxonomy":"category","embeddable":true,"href":"https:\/\/www.renouvelle.be\/fr\/wp-json\/wp\/v2\/categories?post=16059"},{"taxonomy":"post_tag","embeddable":true,"href":"https:\/\/www.renouvelle.be\/fr\/wp-json\/wp\/v2\/tags?post=16059"},{"taxonomy":"section","embeddable":true,"href":"https:\/\/www.renouvelle.be\/fr\/wp-json\/wp\/v2\/section?post=16059"}],"curies":[{"name":"wp","href":"https:\/\/api.w.org\/{rel}","templated":true}]}}