{"id":16054,"date":"2025-12-02T10:49:44","date_gmt":"2025-12-02T09:49:44","guid":{"rendered":"https:\/\/www.renouvelle.be\/?p=16054"},"modified":"2025-12-02T10:49:45","modified_gmt":"2025-12-02T09:49:45","slug":"reseau-electrique-europeen-pret-pour-hiver","status":"publish","type":"post","link":"https:\/\/www.renouvelle.be\/fr\/reseau-electrique-europeen-pret-pour-hiver\/","title":{"rendered":"Le r\u00e9seau \u00e9lectrique europ\u00e9en\u00a0est-il pr\u00eat pour l\u2019hiver\u00a0?"},"content":{"rendered":"\n<p>ENTSO-E, le r\u00e9seau europ\u00e9en des gestionnaires du r\u00e9seau de transport d\u2019\u00e9lectricit\u00e9, a \u00e9tudi\u00e9 le r\u00e9seau \u00e9lectrique europ\u00e9en afin de savoir si ce dernier \u00e9tait apte \u00e0 affronter l\u2019hiver \u00e0 venir.<\/p>\n\n\n\n<p>Compar\u00e9 \u00e0 l\u2019hiver pr\u00e9c\u00e9dent, la capacit\u00e9 de production d\u2019\u00e9lectricit\u00e9 a principalement augment\u00e9 gr\u00e2ce \u00e0 l\u2019installation de plus de 60 GW de capacit\u00e9 <a href=\"https:\/\/www.renouvelle.be\/fr\/les-energies-renouvelables-depasseront-le-petrole-et-le-charbon-2030\/\" target=\"_blank\" rel=\"noreferrer noopener\">renouvelable<\/a>, surtout solaire, et \u00e9olienne dans une moindre mesure. Le stockage d\u2019\u00e9nergie via hydro\u00e9lectricit\u00e9 est \u00e9galement \u00e0 son niveau le plus haut depuis 2022.<\/p>\n\n\n\n<p>Pour ce qui est de la capacit\u00e9 de stockage, elle a augment\u00e9 de 150%, mais reste tr\u00e8s faible dans le mix total avec 28 GW.<\/p>\n\n\n\n<p>Les sources de production plus g\u00e9n\u00e9ratrices de CO<sub>2<\/sub>, comme le charbon et le lignite, ont chut\u00e9 de 10%.<\/p>\n\n\n\n<h2 class=\"wp-block-heading\"><strong>Indisponibilit\u00e9 planifi\u00e9e des centrales<\/strong><\/h2>\n\n\n\n<p>Les maintenances et mises hors services planifi\u00e9es des centrales thermiques et nucl\u00e9aires seront comparables aux hivers pr\u00e9c\u00e9dents, avec une capacit\u00e9 indisponible variant entre 15 et 50 GW.<\/p>\n\n\n\n<p>Afin de r\u00e9pondre \u00e0 la demande, le minimum de maintenance est pr\u00e9vu durant les mois les plus froids de l\u2019ann\u00e9e (janvier-f\u00e9vrier), \u00e0 l\u2019exception de la Lituanie, la Suisse, Malte, et certaines zones de l\u2019Italie.<\/p>\n\n\n\n<h2 class=\"wp-block-heading\">Niveau d\u2019aptitude du r\u00e9seau \u00e9lectrique europ\u00e9en pour l&rsquo;hiver<\/h2>\n\n\n\n<p>L\u2019aptitude du r\u00e9seau est \u00e9valu\u00e9e gr\u00e2ce \u00e0 un indicateur de la valeur attendue d\u2019\u00e9nergie non d\u00e9livr\u00e9e (<em>Expected Energy Not Served, EENS<\/em>). Celle-ci repr\u00e9sente la quantit\u00e9 d\u2019\u00e9nergie qui ne saura pas \u00eatre d\u00e9livr\u00e9e car la demande exc\u00e8de la production.<\/p>\n\n\n\n<p>Dans des conditions normales de march\u00e9, aucun risque n\u2019est identifi\u00e9 pour la plupart des pays europ\u00e9ens. Seuls les pays ayant des interconnexions faibles ou inexistantes pr\u00e9sentent un risque d\u2019\u00e9nergie non d\u00e9livr\u00e9e, \u00e0 savoir en Chypre, Irlande et \u00e0 Malte. Les quantit\u00e9s d\u2019\u00e9nergie non d\u00e9livr\u00e9es correspondent dans le pire des cas \u00e0 0.6% de la consommation saisonni\u00e8re.<\/p>\n\n\n\n<p>Le \u00ab\u00a0Winter Outlook 2025-2026\u00a0\u00bb est disponible sur ce <a href=\"https:\/\/www.entsoe.eu\/news\/2025\/11\/20\/winter-outlook-2025-2026-europe-is-well-prepared-for-the-coming-winter-with-limited-regional-risks\/\">li<\/a><a href=\"https:\/\/www.entsoe.eu\/news\/2025\/11\/20\/winter-outlook-2025-2026-europe-is-well-prepared-for-the-coming-winter-with-limited-regional-risks\/\" target=\"_blank\" rel=\"noreferrer noopener\">en<\/a>.<\/p>\n","protected":false},"excerpt":{"rendered":"<p>ENTSO-E, le r\u00e9seau europ\u00e9en des gestionnaires du r\u00e9seau de transport d\u2019\u00e9lectricit\u00e9, a \u00e9tudi\u00e9 le r\u00e9seau \u00e9lectrique europ\u00e9en afin de savoir si ce dernier \u00e9tait apte \u00e0 affronter l\u2019hiver \u00e0 venir. Compar\u00e9 \u00e0 l\u2019hiver pr\u00e9c\u00e9dent, la capacit\u00e9 de production d\u2019\u00e9lectricit\u00e9 a principalement augment\u00e9 gr\u00e2ce \u00e0 l\u2019installation de plus de 60 GW de capacit\u00e9 renouvelable, surtout solaire, et \u00e9olienne dans une moindre mesure. Le stockage d\u2019\u00e9nergie via hydro\u00e9lectricit\u00e9 est \u00e9galement \u00e0 son niveau le plus haut depuis 2022. Pour ce qui est de la capacit\u00e9 de stockage, elle a augment\u00e9 de 150%, mais reste tr\u00e8s faible dans le mix total avec 28 GW. Les sources de production plus g\u00e9n\u00e9ratrices de CO2, comme le charbon et le lignite, ont chut\u00e9 de 10%. Indisponibilit\u00e9 planifi\u00e9e des centrales Les maintenances et mises hors services planifi\u00e9es des centrales thermiques et nucl\u00e9aires seront comparables aux hivers pr\u00e9c\u00e9dents, avec une capacit\u00e9 indisponible variant entre 15 et 50 GW. Afin de r\u00e9pondre \u00e0 la demande, le minimum de maintenance est pr\u00e9vu durant les mois les plus froids de l\u2019ann\u00e9e (janvier-f\u00e9vrier), \u00e0 l\u2019exception de la Lituanie, la Suisse, Malte, et certaines zones de l\u2019Italie. Niveau d\u2019aptitude du r\u00e9seau \u00e9lectrique europ\u00e9en pour l&rsquo;hiver L\u2019aptitude du r\u00e9seau est \u00e9valu\u00e9e gr\u00e2ce \u00e0 un indicateur de la valeur attendue d\u2019\u00e9nergie non d\u00e9livr\u00e9e (Expected Energy Not Served, EENS). Celle-ci repr\u00e9sente la quantit\u00e9 d\u2019\u00e9nergie qui ne saura pas \u00eatre d\u00e9livr\u00e9e car la demande exc\u00e8de la production. Dans des conditions normales de march\u00e9, aucun risque n\u2019est identifi\u00e9 pour la plupart des pays europ\u00e9ens. Seuls les pays ayant des interconnexions faibles ou inexistantes pr\u00e9sentent un risque d\u2019\u00e9nergie non d\u00e9livr\u00e9e, \u00e0 savoir en Chypre, Irlande et \u00e0 Malte. Les quantit\u00e9s d\u2019\u00e9nergie non d\u00e9livr\u00e9es correspondent dans le pire des cas \u00e0 0.6% de la consommation saisonni\u00e8re. Le \u00ab\u00a0Winter Outlook 2025-2026\u00a0\u00bb &hellip; <a href=\"https:\/\/www.renouvelle.be\/fr\/reseau-electrique-europeen-pret-pour-hiver\/\" class=\"more-link\">Continue reading<span class=\"screen-reader-text\"> \u00ab\u00a0Le r\u00e9seau \u00e9lectrique europ\u00e9en\u00a0est-il pr\u00eat pour l\u2019hiver\u00a0?\u00a0\u00bb<\/span><\/a><\/p>\n","protected":false},"author":40,"featured_media":16091,"comment_status":"closed","ping_status":"closed","sticky":false,"template":"","format":"standard","meta":{"_acf_changed":false,"footnotes":""},"categories":[16,18],"tags":[],"section":[8],"class_list":["post-16054","post","type-post","status-publish","format-standard","has-post-thumbnail","hentry","category-actualite","category-actualite-internationale","section-energie-renouvelables"],"acf":[],"yoast_head":"<!-- This site is optimized with the Yoast SEO plugin v27.4 - https:\/\/yoast.com\/product\/yoast-seo-wordpress\/ -->\n<title>Le r\u00e9seau \u00e9lectrique europ\u00e9en\u00a0est-il pr\u00eat pour l\u2019hiver\u00a0? - Renouvelle<\/title>\n<meta name=\"description\" content=\"L&#039;hiver approche, et avec lui toujours la m\u00eame question : le r\u00e9seau \u00e9lectrique europ\u00e9en sera-t-il assez robuste pour y r\u00e9sister ?\" \/>\n<meta name=\"robots\" content=\"index, follow, max-snippet:-1, max-image-preview:large, max-video-preview:-1\" \/>\n<link rel=\"canonical\" href=\"https:\/\/www.renouvelle.be\/fr\/reseau-electrique-europeen-pret-pour-hiver\/\" \/>\n<meta property=\"og:locale\" content=\"fr_FR\" \/>\n<meta property=\"og:type\" content=\"article\" \/>\n<meta property=\"og:title\" content=\"Le r\u00e9seau \u00e9lectrique europ\u00e9en\u00a0est-il pr\u00eat pour l\u2019hiver\u00a0? - Renouvelle\" \/>\n<meta property=\"og:description\" content=\"L&#039;hiver approche, et avec lui toujours la m\u00eame question : le r\u00e9seau \u00e9lectrique europ\u00e9en sera-t-il assez robuste pour y r\u00e9sister ?\" \/>\n<meta property=\"og:url\" content=\"https:\/\/www.renouvelle.be\/fr\/reseau-electrique-europeen-pret-pour-hiver\/\" \/>\n<meta property=\"og:site_name\" content=\"Renouvelle\" \/>\n<meta property=\"article:published_time\" content=\"2025-12-02T09:49:44+00:00\" \/>\n<meta property=\"article:modified_time\" content=\"2025-12-02T09:49:45+00:00\" \/>\n<meta property=\"og:image\" content=\"https:\/\/www.renouvelle.be\/wp-content\/uploads\/2025\/11\/AdobeStock_241791743-scaled-e1764161133711.jpeg\" \/>\n\t<meta property=\"og:image:width\" content=\"2210\" \/>\n\t<meta property=\"og:image:height\" content=\"1440\" \/>\n\t<meta property=\"og:image:type\" content=\"image\/jpeg\" \/>\n<meta name=\"author\" content=\"Mathieu Petitjean\" \/>\n<meta name=\"twitter:card\" content=\"summary_large_image\" \/>\n<script type=\"application\/ld+json\" class=\"yoast-schema-graph\">{\"@context\":\"https:\\\/\\\/schema.org\",\"@graph\":[{\"@type\":\"Article\",\"@id\":\"https:\\\/\\\/www.renouvelle.be\\\/fr\\\/reseau-electrique-europeen-pret-pour-hiver\\\/#article\",\"isPartOf\":{\"@id\":\"https:\\\/\\\/www.renouvelle.be\\\/fr\\\/reseau-electrique-europeen-pret-pour-hiver\\\/\"},\"author\":{\"name\":\"Mathieu Petitjean\",\"@id\":\"https:\\\/\\\/www.renouvelle.be\\\/fr\\\/#\\\/schema\\\/person\\\/0458f628084e1c95c296c1f5b9fcf7c2\"},\"headline\":\"Le r\u00e9seau \u00e9lectrique europ\u00e9en\u00a0est-il pr\u00eat pour l\u2019hiver\u00a0?\",\"datePublished\":\"2025-12-02T09:49:44+00:00\",\"dateModified\":\"2025-12-02T09:49:45+00:00\",\"mainEntityOfPage\":{\"@id\":\"https:\\\/\\\/www.renouvelle.be\\\/fr\\\/reseau-electrique-europeen-pret-pour-hiver\\\/\"},\"wordCount\":346,\"image\":{\"@id\":\"https:\\\/\\\/www.renouvelle.be\\\/fr\\\/reseau-electrique-europeen-pret-pour-hiver\\\/#primaryimage\"},\"thumbnailUrl\":\"https:\\\/\\\/www.renouvelle.be\\\/wp-content\\\/uploads\\\/2025\\\/11\\\/AdobeStock_241791743-scaled-e1764161133711.jpeg\",\"articleSection\":[\"Actualit\u00e9\",\"Actualit\u00e9 internationale\"],\"inLanguage\":\"fr-FR\"},{\"@type\":\"WebPage\",\"@id\":\"https:\\\/\\\/www.renouvelle.be\\\/fr\\\/reseau-electrique-europeen-pret-pour-hiver\\\/\",\"url\":\"https:\\\/\\\/www.renouvelle.be\\\/fr\\\/reseau-electrique-europeen-pret-pour-hiver\\\/\",\"name\":\"Le r\u00e9seau \u00e9lectrique europ\u00e9en\u00a0est-il pr\u00eat pour l\u2019hiver\u00a0? - Renouvelle\",\"isPartOf\":{\"@id\":\"https:\\\/\\\/www.renouvelle.be\\\/fr\\\/#website\"},\"primaryImageOfPage\":{\"@id\":\"https:\\\/\\\/www.renouvelle.be\\\/fr\\\/reseau-electrique-europeen-pret-pour-hiver\\\/#primaryimage\"},\"image\":{\"@id\":\"https:\\\/\\\/www.renouvelle.be\\\/fr\\\/reseau-electrique-europeen-pret-pour-hiver\\\/#primaryimage\"},\"thumbnailUrl\":\"https:\\\/\\\/www.renouvelle.be\\\/wp-content\\\/uploads\\\/2025\\\/11\\\/AdobeStock_241791743-scaled-e1764161133711.jpeg\",\"datePublished\":\"2025-12-02T09:49:44+00:00\",\"dateModified\":\"2025-12-02T09:49:45+00:00\",\"author\":{\"@id\":\"https:\\\/\\\/www.renouvelle.be\\\/fr\\\/#\\\/schema\\\/person\\\/0458f628084e1c95c296c1f5b9fcf7c2\"},\"description\":\"L'hiver approche, et avec lui toujours la m\u00eame question : le r\u00e9seau \u00e9lectrique europ\u00e9en sera-t-il assez robuste pour y r\u00e9sister ?\",\"breadcrumb\":{\"@id\":\"https:\\\/\\\/www.renouvelle.be\\\/fr\\\/reseau-electrique-europeen-pret-pour-hiver\\\/#breadcrumb\"},\"inLanguage\":\"fr-FR\",\"potentialAction\":[{\"@type\":\"ReadAction\",\"target\":[\"https:\\\/\\\/www.renouvelle.be\\\/fr\\\/reseau-electrique-europeen-pret-pour-hiver\\\/\"]}]},{\"@type\":\"ImageObject\",\"inLanguage\":\"fr-FR\",\"@id\":\"https:\\\/\\\/www.renouvelle.be\\\/fr\\\/reseau-electrique-europeen-pret-pour-hiver\\\/#primaryimage\",\"url\":\"https:\\\/\\\/www.renouvelle.be\\\/wp-content\\\/uploads\\\/2025\\\/11\\\/AdobeStock_241791743-scaled-e1764161133711.jpeg\",\"contentUrl\":\"https:\\\/\\\/www.renouvelle.be\\\/wp-content\\\/uploads\\\/2025\\\/11\\\/AdobeStock_241791743-scaled-e1764161133711.jpeg\",\"width\":2210,\"height\":1440,\"caption\":\"le r\u00e9seau \u00e9lectrique europ\u00e9en pr\u00eat pour l'hiver\"},{\"@type\":\"BreadcrumbList\",\"@id\":\"https:\\\/\\\/www.renouvelle.be\\\/fr\\\/reseau-electrique-europeen-pret-pour-hiver\\\/#breadcrumb\",\"itemListElement\":[{\"@type\":\"ListItem\",\"position\":1,\"name\":\"Accueil\",\"item\":\"https:\\\/\\\/www.renouvelle.be\\\/fr\\\/\"},{\"@type\":\"ListItem\",\"position\":2,\"name\":\"Le r\u00e9seau \u00e9lectrique europ\u00e9en\u00a0est-il pr\u00eat pour l\u2019hiver\u00a0?\"}]},{\"@type\":\"WebSite\",\"@id\":\"https:\\\/\\\/www.renouvelle.be\\\/fr\\\/#website\",\"url\":\"https:\\\/\\\/www.renouvelle.be\\\/fr\\\/\",\"name\":\"Renouvelle\",\"description\":\"L&#039;actualit\u00e9 de l&#039;\u00e9nergie durable\",\"potentialAction\":[{\"@type\":\"SearchAction\",\"target\":{\"@type\":\"EntryPoint\",\"urlTemplate\":\"https:\\\/\\\/www.renouvelle.be\\\/fr\\\/?s={search_term_string}\"},\"query-input\":{\"@type\":\"PropertyValueSpecification\",\"valueRequired\":true,\"valueName\":\"search_term_string\"}}],\"inLanguage\":\"fr-FR\"},{\"@type\":\"Person\",\"@id\":\"https:\\\/\\\/www.renouvelle.be\\\/fr\\\/#\\\/schema\\\/person\\\/0458f628084e1c95c296c1f5b9fcf7c2\",\"name\":\"Mathieu Petitjean\",\"url\":\"https:\\\/\\\/www.renouvelle.be\\\/fr\\\/author\\\/mathieu-petitjean\\\/\"}]}<\/script>\n<!-- \/ Yoast SEO plugin. -->","yoast_head_json":{"title":"Le r\u00e9seau \u00e9lectrique europ\u00e9en\u00a0est-il pr\u00eat pour l\u2019hiver\u00a0? - Renouvelle","description":"L'hiver approche, et avec lui toujours la m\u00eame question : le r\u00e9seau \u00e9lectrique europ\u00e9en sera-t-il assez robuste pour y r\u00e9sister ?","robots":{"index":"index","follow":"follow","max-snippet":"max-snippet:-1","max-image-preview":"max-image-preview:large","max-video-preview":"max-video-preview:-1"},"canonical":"https:\/\/www.renouvelle.be\/fr\/reseau-electrique-europeen-pret-pour-hiver\/","og_locale":"fr_FR","og_type":"article","og_title":"Le r\u00e9seau \u00e9lectrique europ\u00e9en\u00a0est-il pr\u00eat pour l\u2019hiver\u00a0? - Renouvelle","og_description":"L'hiver approche, et avec lui toujours la m\u00eame question : le r\u00e9seau \u00e9lectrique europ\u00e9en sera-t-il assez robuste pour y r\u00e9sister ?","og_url":"https:\/\/www.renouvelle.be\/fr\/reseau-electrique-europeen-pret-pour-hiver\/","og_site_name":"Renouvelle","article_published_time":"2025-12-02T09:49:44+00:00","article_modified_time":"2025-12-02T09:49:45+00:00","og_image":[{"width":2210,"height":1440,"url":"https:\/\/www.renouvelle.be\/wp-content\/uploads\/2025\/11\/AdobeStock_241791743-scaled-e1764161133711.jpeg","type":"image\/jpeg"}],"author":"Mathieu Petitjean","twitter_card":"summary_large_image","schema":{"@context":"https:\/\/schema.org","@graph":[{"@type":"Article","@id":"https:\/\/www.renouvelle.be\/fr\/reseau-electrique-europeen-pret-pour-hiver\/#article","isPartOf":{"@id":"https:\/\/www.renouvelle.be\/fr\/reseau-electrique-europeen-pret-pour-hiver\/"},"author":{"name":"Mathieu Petitjean","@id":"https:\/\/www.renouvelle.be\/fr\/#\/schema\/person\/0458f628084e1c95c296c1f5b9fcf7c2"},"headline":"Le r\u00e9seau \u00e9lectrique europ\u00e9en\u00a0est-il pr\u00eat pour l\u2019hiver\u00a0?","datePublished":"2025-12-02T09:49:44+00:00","dateModified":"2025-12-02T09:49:45+00:00","mainEntityOfPage":{"@id":"https:\/\/www.renouvelle.be\/fr\/reseau-electrique-europeen-pret-pour-hiver\/"},"wordCount":346,"image":{"@id":"https:\/\/www.renouvelle.be\/fr\/reseau-electrique-europeen-pret-pour-hiver\/#primaryimage"},"thumbnailUrl":"https:\/\/www.renouvelle.be\/wp-content\/uploads\/2025\/11\/AdobeStock_241791743-scaled-e1764161133711.jpeg","articleSection":["Actualit\u00e9","Actualit\u00e9 internationale"],"inLanguage":"fr-FR"},{"@type":"WebPage","@id":"https:\/\/www.renouvelle.be\/fr\/reseau-electrique-europeen-pret-pour-hiver\/","url":"https:\/\/www.renouvelle.be\/fr\/reseau-electrique-europeen-pret-pour-hiver\/","name":"Le r\u00e9seau \u00e9lectrique europ\u00e9en\u00a0est-il pr\u00eat pour l\u2019hiver\u00a0? - Renouvelle","isPartOf":{"@id":"https:\/\/www.renouvelle.be\/fr\/#website"},"primaryImageOfPage":{"@id":"https:\/\/www.renouvelle.be\/fr\/reseau-electrique-europeen-pret-pour-hiver\/#primaryimage"},"image":{"@id":"https:\/\/www.renouvelle.be\/fr\/reseau-electrique-europeen-pret-pour-hiver\/#primaryimage"},"thumbnailUrl":"https:\/\/www.renouvelle.be\/wp-content\/uploads\/2025\/11\/AdobeStock_241791743-scaled-e1764161133711.jpeg","datePublished":"2025-12-02T09:49:44+00:00","dateModified":"2025-12-02T09:49:45+00:00","author":{"@id":"https:\/\/www.renouvelle.be\/fr\/#\/schema\/person\/0458f628084e1c95c296c1f5b9fcf7c2"},"description":"L'hiver approche, et avec lui toujours la m\u00eame question : le r\u00e9seau \u00e9lectrique europ\u00e9en sera-t-il assez robuste pour y r\u00e9sister ?","breadcrumb":{"@id":"https:\/\/www.renouvelle.be\/fr\/reseau-electrique-europeen-pret-pour-hiver\/#breadcrumb"},"inLanguage":"fr-FR","potentialAction":[{"@type":"ReadAction","target":["https:\/\/www.renouvelle.be\/fr\/reseau-electrique-europeen-pret-pour-hiver\/"]}]},{"@type":"ImageObject","inLanguage":"fr-FR","@id":"https:\/\/www.renouvelle.be\/fr\/reseau-electrique-europeen-pret-pour-hiver\/#primaryimage","url":"https:\/\/www.renouvelle.be\/wp-content\/uploads\/2025\/11\/AdobeStock_241791743-scaled-e1764161133711.jpeg","contentUrl":"https:\/\/www.renouvelle.be\/wp-content\/uploads\/2025\/11\/AdobeStock_241791743-scaled-e1764161133711.jpeg","width":2210,"height":1440,"caption":"le r\u00e9seau \u00e9lectrique europ\u00e9en pr\u00eat pour l'hiver"},{"@type":"BreadcrumbList","@id":"https:\/\/www.renouvelle.be\/fr\/reseau-electrique-europeen-pret-pour-hiver\/#breadcrumb","itemListElement":[{"@type":"ListItem","position":1,"name":"Accueil","item":"https:\/\/www.renouvelle.be\/fr\/"},{"@type":"ListItem","position":2,"name":"Le r\u00e9seau \u00e9lectrique europ\u00e9en\u00a0est-il pr\u00eat pour l\u2019hiver\u00a0?"}]},{"@type":"WebSite","@id":"https:\/\/www.renouvelle.be\/fr\/#website","url":"https:\/\/www.renouvelle.be\/fr\/","name":"Renouvelle","description":"L&#039;actualit\u00e9 de l&#039;\u00e9nergie durable","potentialAction":[{"@type":"SearchAction","target":{"@type":"EntryPoint","urlTemplate":"https:\/\/www.renouvelle.be\/fr\/?s={search_term_string}"},"query-input":{"@type":"PropertyValueSpecification","valueRequired":true,"valueName":"search_term_string"}}],"inLanguage":"fr-FR"},{"@type":"Person","@id":"https:\/\/www.renouvelle.be\/fr\/#\/schema\/person\/0458f628084e1c95c296c1f5b9fcf7c2","name":"Mathieu Petitjean","url":"https:\/\/www.renouvelle.be\/fr\/author\/mathieu-petitjean\/"}]}},"_links":{"self":[{"href":"https:\/\/www.renouvelle.be\/fr\/wp-json\/wp\/v2\/posts\/16054","targetHints":{"allow":["GET"]}}],"collection":[{"href":"https:\/\/www.renouvelle.be\/fr\/wp-json\/wp\/v2\/posts"}],"about":[{"href":"https:\/\/www.renouvelle.be\/fr\/wp-json\/wp\/v2\/types\/post"}],"author":[{"embeddable":true,"href":"https:\/\/www.renouvelle.be\/fr\/wp-json\/wp\/v2\/users\/40"}],"replies":[{"embeddable":true,"href":"https:\/\/www.renouvelle.be\/fr\/wp-json\/wp\/v2\/comments?post=16054"}],"version-history":[{"count":8,"href":"https:\/\/www.renouvelle.be\/fr\/wp-json\/wp\/v2\/posts\/16054\/revisions"}],"predecessor-version":[{"id":16103,"href":"https:\/\/www.renouvelle.be\/fr\/wp-json\/wp\/v2\/posts\/16054\/revisions\/16103"}],"wp:featuredmedia":[{"embeddable":true,"href":"https:\/\/www.renouvelle.be\/fr\/wp-json\/wp\/v2\/media\/16091"}],"wp:attachment":[{"href":"https:\/\/www.renouvelle.be\/fr\/wp-json\/wp\/v2\/media?parent=16054"}],"wp:term":[{"taxonomy":"category","embeddable":true,"href":"https:\/\/www.renouvelle.be\/fr\/wp-json\/wp\/v2\/categories?post=16054"},{"taxonomy":"post_tag","embeddable":true,"href":"https:\/\/www.renouvelle.be\/fr\/wp-json\/wp\/v2\/tags?post=16054"},{"taxonomy":"section","embeddable":true,"href":"https:\/\/www.renouvelle.be\/fr\/wp-json\/wp\/v2\/section?post=16054"}],"curies":[{"name":"wp","href":"https:\/\/api.w.org\/{rel}","templated":true}]}}