{"id":16052,"date":"2025-12-04T09:51:19","date_gmt":"2025-12-04T08:51:19","guid":{"rendered":"https:\/\/www.renouvelle.be\/?p=16052"},"modified":"2025-12-04T10:49:09","modified_gmt":"2025-12-04T09:49:09","slug":"gaz-en-europe-vers-un-hiver-critique","status":"publish","type":"post","link":"https:\/\/www.renouvelle.be\/fr\/gaz-en-europe-vers-un-hiver-critique\/","title":{"rendered":"Gaz en Europe : va-t-on vers un hiver critique ?"},"content":{"rendered":"\n<p>ENTSOG, le r\u00e9seau europ\u00e9en des gestionnaires du r\u00e9seau de transport de gaz, a \u00e9tudi\u00e9 l\u2019approvisionnement en gaz pour l\u2019hiver \u00e0 venir. En particulier, dans le cadre d\u2019une d\u00e9pendance d\u00e9croissante au gaz russe et de la disponibilit\u00e9 de gaz naturel liquide.<\/p>\n\n\n\n<p>Le gaz naturel utilis\u00e9 en Europe y \u00e9tait historiquement achemin\u00e9 via des pipelines, dans lequel le gaz circule sous pression \u00e0 l\u2019\u00e9tat gazeux. Afin de pouvoir r\u00e9pondre \u00e0 des demandes exceptionnellement \u00e9lev\u00e9es, il peut \u00eatre stock\u00e9 localement.<\/p>\n\n\n\n<p>Depuis la d\u00e9cision de r\u00e9duire la d\u00e9pendance au gaz russe en 2022, une part plus importante de l\u2019approvisionnement (40%) se fait sous forme de gaz liqu\u00e9fi\u00e9. Celui-ci permet d\u2019\u00e9tendre les importations au-del\u00e0 des r\u00e9seaux gaziers existants, mais implique des d\u00e9penses \u00e9nerg\u00e9tiques suppl\u00e9mentaires, notamment pour la liqu\u00e9faction et regaz\u00e9ification.<\/p>\n\n\n\n<p>L\u2019Union europ\u00e9enne impose \u00e0 ses membres de remplir ses r\u00e9serves de gaz \u00e0 90% dans la p\u00e9riode du 1<sup>er<\/sup> octobre au 1<sup>er<\/sup> d\u00e9cembre. Actuellement, ces r\u00e9serves sont pleines \u00e0 82%, environ.<\/p>\n\n\n\n<p><strong>Diff\u00e9rents sc\u00e9narios pour l\u2019hiver<\/strong><\/p>\n\n\n\n<p>Dans le sc\u00e9nario de r\u00e9f\u00e9rence consid\u00e9r\u00e9 par ENTSOG, le r\u00e9seau europ\u00e9en permet de r\u00e9pondre \u00e0 la demande tout en maintenant des r\u00e9serves de stockage \u00e0 plus de 30%. Ceci est \u00e9galement le cas m\u00eame si l\u2019approvisionnement depuis la Russie venait \u00e0 \u00eatre fortement perturb\u00e9.<\/p>\n\n\n\n<p>Dans le cas de fortes demandes, par exemple des p\u00e9riodes extr\u00eamement froides, des mesures de contr\u00f4le de la demande devraient \u00eatre activ\u00e9es, d\u2019autant plus si l\u2019approvisionnement en gaz liqu\u00e9fi\u00e9 est bas. L\u2019hiver se terminerait avec uniquement 10% des r\u00e9serves de gaz.<\/p>\n\n\n\n<p><a href=\"https:\/\/www.entsog.eu\/sites\/default\/files\/2025-10\/ENTSOG%20Winter%20Supply%20Outlook%202025_26%20-%20With%20Summer%202026%20overview_0.pdf\" target=\"_blank\" rel=\"noreferrer noopener\">ENTSOG<\/a> a \u00e9galement mis en lumi\u00e8re des potentielles congestion dans le r\u00e9seau dans les sc\u00e9narios les plus d\u00e9favorables (haute demande, r\u00e9serves basses, approvisionnement perturb\u00e9) qui contraindraient la possibilit\u00e9 de d\u00e9livrer du gaz de l\u2019ouest \u00e0 l\u2019est de l\u2019Europe.<\/p>\n\n\n\n<p>L\u2019Agence Europ\u00e9enne pour la Coop\u00e9ration des R\u00e9gulateurs d\u2019Energie (ACER) a point\u00e9 la vuln\u00e9rabilit\u00e9 de l\u2019Europe au prix variables du gaz naturel liqu\u00e9fi\u00e9. En r\u00e9action, l\u2019acc\u00e9l\u00e9ration de la d\u00e9carbonisation est pr\u00e9conis\u00e9e.<\/p>\n\n\n\n<p>Un <a href=\"https:\/\/www.renouvelle.be\/fr\/energies-renouvelables-capacite-mondiale-doubler-2030\/\" target=\"_blank\" rel=\"noreferrer noopener\">d\u00e9ploiement massif<\/a> d\u2019\u00e9nergies renouvelables, combin\u00e9e \u00e0 une \u00e9lectrification accrue (de processus industriels ou de g\u00e9n\u00e9ration de chaleur) permettra \u00e0 l\u2019Europe de combiner une r\u00e9silience \u00e9nerg\u00e9tique accrue \u00e0 l\u2019atteinte de ses objectifs climatiques.<\/p>\n","protected":false},"excerpt":{"rendered":"<p>ENTSOG, le r\u00e9seau europ\u00e9en des gestionnaires du r\u00e9seau de transport de gaz, a \u00e9tudi\u00e9 l\u2019approvisionnement en gaz pour l\u2019hiver \u00e0 venir. En particulier, dans le cadre d\u2019une d\u00e9pendance d\u00e9croissante au gaz russe et de la disponibilit\u00e9 de gaz naturel liquide. Le gaz naturel utilis\u00e9 en Europe y \u00e9tait historiquement achemin\u00e9 via des pipelines, dans lequel le gaz circule sous pression \u00e0 l\u2019\u00e9tat gazeux. Afin de pouvoir r\u00e9pondre \u00e0 des demandes exceptionnellement \u00e9lev\u00e9es, il peut \u00eatre stock\u00e9 localement. Depuis la d\u00e9cision de r\u00e9duire la d\u00e9pendance au gaz russe en 2022, une part plus importante de l\u2019approvisionnement (40%) se fait sous forme de gaz liqu\u00e9fi\u00e9. Celui-ci permet d\u2019\u00e9tendre les importations au-del\u00e0 des r\u00e9seaux gaziers existants, mais implique des d\u00e9penses \u00e9nerg\u00e9tiques suppl\u00e9mentaires, notamment pour la liqu\u00e9faction et regaz\u00e9ification. L\u2019Union europ\u00e9enne impose \u00e0 ses membres de remplir ses r\u00e9serves de gaz \u00e0 90% dans la p\u00e9riode du 1er octobre au 1er d\u00e9cembre. Actuellement, ces r\u00e9serves sont pleines \u00e0 82%, environ. Diff\u00e9rents sc\u00e9narios pour l\u2019hiver Dans le sc\u00e9nario de r\u00e9f\u00e9rence consid\u00e9r\u00e9 par ENTSOG, le r\u00e9seau europ\u00e9en permet de r\u00e9pondre \u00e0 la demande tout en maintenant des r\u00e9serves de stockage \u00e0 plus de 30%. Ceci est \u00e9galement le cas m\u00eame si l\u2019approvisionnement depuis la Russie venait \u00e0 \u00eatre fortement perturb\u00e9. Dans le cas de fortes demandes, par exemple des p\u00e9riodes extr\u00eamement froides, des mesures de contr\u00f4le de la demande devraient \u00eatre activ\u00e9es, d\u2019autant plus si l\u2019approvisionnement en gaz liqu\u00e9fi\u00e9 est bas. L\u2019hiver se terminerait avec uniquement 10% des r\u00e9serves de gaz. ENTSOG a \u00e9galement mis en lumi\u00e8re des potentielles congestion dans le r\u00e9seau dans les sc\u00e9narios les plus d\u00e9favorables (haute demande, r\u00e9serves basses, approvisionnement perturb\u00e9) qui contraindraient la possibilit\u00e9 de d\u00e9livrer du gaz de l\u2019ouest \u00e0 l\u2019est de l\u2019Europe. L\u2019Agence Europ\u00e9enne pour la Coop\u00e9ration des R\u00e9gulateurs &hellip; <a href=\"https:\/\/www.renouvelle.be\/fr\/gaz-en-europe-vers-un-hiver-critique\/\" class=\"more-link\">Continue reading<span class=\"screen-reader-text\"> \u00ab\u00a0Gaz en Europe : va-t-on vers un hiver critique ?\u00a0\u00bb<\/span><\/a><\/p>\n","protected":false},"author":40,"featured_media":16098,"comment_status":"closed","ping_status":"closed","sticky":false,"template":"","format":"standard","meta":{"_acf_changed":false,"footnotes":""},"categories":[16,18],"tags":[],"section":[8],"class_list":["post-16052","post","type-post","status-publish","format-standard","has-post-thumbnail","hentry","category-actualite","category-actualite-internationale","section-energie-renouvelables"],"acf":[],"yoast_head":"<!-- This site is optimized with the Yoast SEO plugin v27.4 - https:\/\/yoast.com\/product\/yoast-seo-wordpress\/ -->\n<title>Gaz en Europe : va-t-on vers un hiver critique ? - Renouvelle<\/title>\n<meta name=\"description\" content=\"O\u00f9 en sont les r\u00e9serves de gaz en Europe pour l&#039;hiver ? Un d\u00e9ploiement important des \u00e9nergies renouvelables doit devenir une priorit\u00e9.\" \/>\n<meta name=\"robots\" content=\"index, follow, max-snippet:-1, max-image-preview:large, max-video-preview:-1\" \/>\n<link rel=\"canonical\" href=\"https:\/\/www.renouvelle.be\/fr\/gaz-en-europe-vers-un-hiver-critique\/\" \/>\n<meta property=\"og:locale\" content=\"fr_FR\" \/>\n<meta property=\"og:type\" content=\"article\" \/>\n<meta property=\"og:title\" content=\"Gaz en Europe : va-t-on vers un hiver critique ? - Renouvelle\" \/>\n<meta property=\"og:description\" content=\"O\u00f9 en sont les r\u00e9serves de gaz en Europe pour l&#039;hiver ? Un d\u00e9ploiement important des \u00e9nergies renouvelables doit devenir une priorit\u00e9.\" \/>\n<meta property=\"og:url\" content=\"https:\/\/www.renouvelle.be\/fr\/gaz-en-europe-vers-un-hiver-critique\/\" \/>\n<meta property=\"og:site_name\" content=\"Renouvelle\" \/>\n<meta property=\"article:published_time\" content=\"2025-12-04T08:51:19+00:00\" \/>\n<meta property=\"article:modified_time\" content=\"2025-12-04T09:49:09+00:00\" \/>\n<meta property=\"og:image\" content=\"https:\/\/www.renouvelle.be\/wp-content\/uploads\/2025\/11\/AdobeStock_409452967-scaled-e1764162212204.jpeg\" \/>\n\t<meta property=\"og:image:width\" content=\"2116\" \/>\n\t<meta property=\"og:image:height\" content=\"1280\" \/>\n\t<meta property=\"og:image:type\" content=\"image\/jpeg\" \/>\n<meta name=\"author\" content=\"Mathieu Petitjean\" \/>\n<meta name=\"twitter:card\" content=\"summary_large_image\" \/>\n<script type=\"application\/ld+json\" class=\"yoast-schema-graph\">{\"@context\":\"https:\\\/\\\/schema.org\",\"@graph\":[{\"@type\":\"Article\",\"@id\":\"https:\\\/\\\/www.renouvelle.be\\\/fr\\\/gaz-en-europe-vers-un-hiver-critique\\\/#article\",\"isPartOf\":{\"@id\":\"https:\\\/\\\/www.renouvelle.be\\\/fr\\\/gaz-en-europe-vers-un-hiver-critique\\\/\"},\"author\":{\"name\":\"Mathieu Petitjean\",\"@id\":\"https:\\\/\\\/www.renouvelle.be\\\/fr\\\/#\\\/schema\\\/person\\\/0458f628084e1c95c296c1f5b9fcf7c2\"},\"headline\":\"Gaz en Europe : va-t-on vers un hiver critique ?\",\"datePublished\":\"2025-12-04T08:51:19+00:00\",\"dateModified\":\"2025-12-04T09:49:09+00:00\",\"mainEntityOfPage\":{\"@id\":\"https:\\\/\\\/www.renouvelle.be\\\/fr\\\/gaz-en-europe-vers-un-hiver-critique\\\/\"},\"wordCount\":419,\"image\":{\"@id\":\"https:\\\/\\\/www.renouvelle.be\\\/fr\\\/gaz-en-europe-vers-un-hiver-critique\\\/#primaryimage\"},\"thumbnailUrl\":\"https:\\\/\\\/www.renouvelle.be\\\/wp-content\\\/uploads\\\/2025\\\/11\\\/AdobeStock_409452967-scaled-e1764162212204.jpeg\",\"articleSection\":[\"Actualit\u00e9\",\"Actualit\u00e9 internationale\"],\"inLanguage\":\"fr-FR\"},{\"@type\":\"WebPage\",\"@id\":\"https:\\\/\\\/www.renouvelle.be\\\/fr\\\/gaz-en-europe-vers-un-hiver-critique\\\/\",\"url\":\"https:\\\/\\\/www.renouvelle.be\\\/fr\\\/gaz-en-europe-vers-un-hiver-critique\\\/\",\"name\":\"Gaz en Europe : va-t-on vers un hiver critique ? - Renouvelle\",\"isPartOf\":{\"@id\":\"https:\\\/\\\/www.renouvelle.be\\\/fr\\\/#website\"},\"primaryImageOfPage\":{\"@id\":\"https:\\\/\\\/www.renouvelle.be\\\/fr\\\/gaz-en-europe-vers-un-hiver-critique\\\/#primaryimage\"},\"image\":{\"@id\":\"https:\\\/\\\/www.renouvelle.be\\\/fr\\\/gaz-en-europe-vers-un-hiver-critique\\\/#primaryimage\"},\"thumbnailUrl\":\"https:\\\/\\\/www.renouvelle.be\\\/wp-content\\\/uploads\\\/2025\\\/11\\\/AdobeStock_409452967-scaled-e1764162212204.jpeg\",\"datePublished\":\"2025-12-04T08:51:19+00:00\",\"dateModified\":\"2025-12-04T09:49:09+00:00\",\"author\":{\"@id\":\"https:\\\/\\\/www.renouvelle.be\\\/fr\\\/#\\\/schema\\\/person\\\/0458f628084e1c95c296c1f5b9fcf7c2\"},\"description\":\"O\u00f9 en sont les r\u00e9serves de gaz en Europe pour l'hiver ? Un d\u00e9ploiement important des \u00e9nergies renouvelables doit devenir une priorit\u00e9.\",\"breadcrumb\":{\"@id\":\"https:\\\/\\\/www.renouvelle.be\\\/fr\\\/gaz-en-europe-vers-un-hiver-critique\\\/#breadcrumb\"},\"inLanguage\":\"fr-FR\",\"potentialAction\":[{\"@type\":\"ReadAction\",\"target\":[\"https:\\\/\\\/www.renouvelle.be\\\/fr\\\/gaz-en-europe-vers-un-hiver-critique\\\/\"]}]},{\"@type\":\"ImageObject\",\"inLanguage\":\"fr-FR\",\"@id\":\"https:\\\/\\\/www.renouvelle.be\\\/fr\\\/gaz-en-europe-vers-un-hiver-critique\\\/#primaryimage\",\"url\":\"https:\\\/\\\/www.renouvelle.be\\\/wp-content\\\/uploads\\\/2025\\\/11\\\/AdobeStock_409452967-scaled-e1764162212204.jpeg\",\"contentUrl\":\"https:\\\/\\\/www.renouvelle.be\\\/wp-content\\\/uploads\\\/2025\\\/11\\\/AdobeStock_409452967-scaled-e1764162212204.jpeg\",\"width\":2116,\"height\":1280,\"caption\":\"R\u00e9serves de gaz en Europe pour l'hiver\"},{\"@type\":\"BreadcrumbList\",\"@id\":\"https:\\\/\\\/www.renouvelle.be\\\/fr\\\/gaz-en-europe-vers-un-hiver-critique\\\/#breadcrumb\",\"itemListElement\":[{\"@type\":\"ListItem\",\"position\":1,\"name\":\"Accueil\",\"item\":\"https:\\\/\\\/www.renouvelle.be\\\/fr\\\/\"},{\"@type\":\"ListItem\",\"position\":2,\"name\":\"Gaz en Europe : va-t-on vers un hiver critique ?\"}]},{\"@type\":\"WebSite\",\"@id\":\"https:\\\/\\\/www.renouvelle.be\\\/fr\\\/#website\",\"url\":\"https:\\\/\\\/www.renouvelle.be\\\/fr\\\/\",\"name\":\"Renouvelle\",\"description\":\"L&#039;actualit\u00e9 de l&#039;\u00e9nergie durable\",\"potentialAction\":[{\"@type\":\"SearchAction\",\"target\":{\"@type\":\"EntryPoint\",\"urlTemplate\":\"https:\\\/\\\/www.renouvelle.be\\\/fr\\\/?s={search_term_string}\"},\"query-input\":{\"@type\":\"PropertyValueSpecification\",\"valueRequired\":true,\"valueName\":\"search_term_string\"}}],\"inLanguage\":\"fr-FR\"},{\"@type\":\"Person\",\"@id\":\"https:\\\/\\\/www.renouvelle.be\\\/fr\\\/#\\\/schema\\\/person\\\/0458f628084e1c95c296c1f5b9fcf7c2\",\"name\":\"Mathieu Petitjean\",\"url\":\"https:\\\/\\\/www.renouvelle.be\\\/fr\\\/author\\\/mathieu-petitjean\\\/\"}]}<\/script>\n<!-- \/ Yoast SEO plugin. -->","yoast_head_json":{"title":"Gaz en Europe : va-t-on vers un hiver critique ? - Renouvelle","description":"O\u00f9 en sont les r\u00e9serves de gaz en Europe pour l'hiver ? Un d\u00e9ploiement important des \u00e9nergies renouvelables doit devenir une priorit\u00e9.","robots":{"index":"index","follow":"follow","max-snippet":"max-snippet:-1","max-image-preview":"max-image-preview:large","max-video-preview":"max-video-preview:-1"},"canonical":"https:\/\/www.renouvelle.be\/fr\/gaz-en-europe-vers-un-hiver-critique\/","og_locale":"fr_FR","og_type":"article","og_title":"Gaz en Europe : va-t-on vers un hiver critique ? - Renouvelle","og_description":"O\u00f9 en sont les r\u00e9serves de gaz en Europe pour l'hiver ? Un d\u00e9ploiement important des \u00e9nergies renouvelables doit devenir une priorit\u00e9.","og_url":"https:\/\/www.renouvelle.be\/fr\/gaz-en-europe-vers-un-hiver-critique\/","og_site_name":"Renouvelle","article_published_time":"2025-12-04T08:51:19+00:00","article_modified_time":"2025-12-04T09:49:09+00:00","og_image":[{"width":2116,"height":1280,"url":"https:\/\/www.renouvelle.be\/wp-content\/uploads\/2025\/11\/AdobeStock_409452967-scaled-e1764162212204.jpeg","type":"image\/jpeg"}],"author":"Mathieu Petitjean","twitter_card":"summary_large_image","schema":{"@context":"https:\/\/schema.org","@graph":[{"@type":"Article","@id":"https:\/\/www.renouvelle.be\/fr\/gaz-en-europe-vers-un-hiver-critique\/#article","isPartOf":{"@id":"https:\/\/www.renouvelle.be\/fr\/gaz-en-europe-vers-un-hiver-critique\/"},"author":{"name":"Mathieu Petitjean","@id":"https:\/\/www.renouvelle.be\/fr\/#\/schema\/person\/0458f628084e1c95c296c1f5b9fcf7c2"},"headline":"Gaz en Europe : va-t-on vers un hiver critique ?","datePublished":"2025-12-04T08:51:19+00:00","dateModified":"2025-12-04T09:49:09+00:00","mainEntityOfPage":{"@id":"https:\/\/www.renouvelle.be\/fr\/gaz-en-europe-vers-un-hiver-critique\/"},"wordCount":419,"image":{"@id":"https:\/\/www.renouvelle.be\/fr\/gaz-en-europe-vers-un-hiver-critique\/#primaryimage"},"thumbnailUrl":"https:\/\/www.renouvelle.be\/wp-content\/uploads\/2025\/11\/AdobeStock_409452967-scaled-e1764162212204.jpeg","articleSection":["Actualit\u00e9","Actualit\u00e9 internationale"],"inLanguage":"fr-FR"},{"@type":"WebPage","@id":"https:\/\/www.renouvelle.be\/fr\/gaz-en-europe-vers-un-hiver-critique\/","url":"https:\/\/www.renouvelle.be\/fr\/gaz-en-europe-vers-un-hiver-critique\/","name":"Gaz en Europe : va-t-on vers un hiver critique ? - Renouvelle","isPartOf":{"@id":"https:\/\/www.renouvelle.be\/fr\/#website"},"primaryImageOfPage":{"@id":"https:\/\/www.renouvelle.be\/fr\/gaz-en-europe-vers-un-hiver-critique\/#primaryimage"},"image":{"@id":"https:\/\/www.renouvelle.be\/fr\/gaz-en-europe-vers-un-hiver-critique\/#primaryimage"},"thumbnailUrl":"https:\/\/www.renouvelle.be\/wp-content\/uploads\/2025\/11\/AdobeStock_409452967-scaled-e1764162212204.jpeg","datePublished":"2025-12-04T08:51:19+00:00","dateModified":"2025-12-04T09:49:09+00:00","author":{"@id":"https:\/\/www.renouvelle.be\/fr\/#\/schema\/person\/0458f628084e1c95c296c1f5b9fcf7c2"},"description":"O\u00f9 en sont les r\u00e9serves de gaz en Europe pour l'hiver ? Un d\u00e9ploiement important des \u00e9nergies renouvelables doit devenir une priorit\u00e9.","breadcrumb":{"@id":"https:\/\/www.renouvelle.be\/fr\/gaz-en-europe-vers-un-hiver-critique\/#breadcrumb"},"inLanguage":"fr-FR","potentialAction":[{"@type":"ReadAction","target":["https:\/\/www.renouvelle.be\/fr\/gaz-en-europe-vers-un-hiver-critique\/"]}]},{"@type":"ImageObject","inLanguage":"fr-FR","@id":"https:\/\/www.renouvelle.be\/fr\/gaz-en-europe-vers-un-hiver-critique\/#primaryimage","url":"https:\/\/www.renouvelle.be\/wp-content\/uploads\/2025\/11\/AdobeStock_409452967-scaled-e1764162212204.jpeg","contentUrl":"https:\/\/www.renouvelle.be\/wp-content\/uploads\/2025\/11\/AdobeStock_409452967-scaled-e1764162212204.jpeg","width":2116,"height":1280,"caption":"R\u00e9serves de gaz en Europe pour l'hiver"},{"@type":"BreadcrumbList","@id":"https:\/\/www.renouvelle.be\/fr\/gaz-en-europe-vers-un-hiver-critique\/#breadcrumb","itemListElement":[{"@type":"ListItem","position":1,"name":"Accueil","item":"https:\/\/www.renouvelle.be\/fr\/"},{"@type":"ListItem","position":2,"name":"Gaz en Europe : va-t-on vers un hiver critique ?"}]},{"@type":"WebSite","@id":"https:\/\/www.renouvelle.be\/fr\/#website","url":"https:\/\/www.renouvelle.be\/fr\/","name":"Renouvelle","description":"L&#039;actualit\u00e9 de l&#039;\u00e9nergie durable","potentialAction":[{"@type":"SearchAction","target":{"@type":"EntryPoint","urlTemplate":"https:\/\/www.renouvelle.be\/fr\/?s={search_term_string}"},"query-input":{"@type":"PropertyValueSpecification","valueRequired":true,"valueName":"search_term_string"}}],"inLanguage":"fr-FR"},{"@type":"Person","@id":"https:\/\/www.renouvelle.be\/fr\/#\/schema\/person\/0458f628084e1c95c296c1f5b9fcf7c2","name":"Mathieu Petitjean","url":"https:\/\/www.renouvelle.be\/fr\/author\/mathieu-petitjean\/"}]}},"_links":{"self":[{"href":"https:\/\/www.renouvelle.be\/fr\/wp-json\/wp\/v2\/posts\/16052","targetHints":{"allow":["GET"]}}],"collection":[{"href":"https:\/\/www.renouvelle.be\/fr\/wp-json\/wp\/v2\/posts"}],"about":[{"href":"https:\/\/www.renouvelle.be\/fr\/wp-json\/wp\/v2\/types\/post"}],"author":[{"embeddable":true,"href":"https:\/\/www.renouvelle.be\/fr\/wp-json\/wp\/v2\/users\/40"}],"replies":[{"embeddable":true,"href":"https:\/\/www.renouvelle.be\/fr\/wp-json\/wp\/v2\/comments?post=16052"}],"version-history":[{"count":3,"href":"https:\/\/www.renouvelle.be\/fr\/wp-json\/wp\/v2\/posts\/16052\/revisions"}],"predecessor-version":[{"id":16106,"href":"https:\/\/www.renouvelle.be\/fr\/wp-json\/wp\/v2\/posts\/16052\/revisions\/16106"}],"wp:featuredmedia":[{"embeddable":true,"href":"https:\/\/www.renouvelle.be\/fr\/wp-json\/wp\/v2\/media\/16098"}],"wp:attachment":[{"href":"https:\/\/www.renouvelle.be\/fr\/wp-json\/wp\/v2\/media?parent=16052"}],"wp:term":[{"taxonomy":"category","embeddable":true,"href":"https:\/\/www.renouvelle.be\/fr\/wp-json\/wp\/v2\/categories?post=16052"},{"taxonomy":"post_tag","embeddable":true,"href":"https:\/\/www.renouvelle.be\/fr\/wp-json\/wp\/v2\/tags?post=16052"},{"taxonomy":"section","embeddable":true,"href":"https:\/\/www.renouvelle.be\/fr\/wp-json\/wp\/v2\/section?post=16052"}],"curies":[{"name":"wp","href":"https:\/\/api.w.org\/{rel}","templated":true}]}}