{"id":16017,"date":"2025-11-18T09:17:07","date_gmt":"2025-11-18T08:17:07","guid":{"rendered":"https:\/\/www.renouvelle.be\/?p=16017"},"modified":"2025-11-18T12:16:35","modified_gmt":"2025-11-18T11:16:35","slug":"le-compteur-communicant-dans-la-transition-energetique","status":"publish","type":"post","link":"https:\/\/www.renouvelle.be\/fr\/le-compteur-communicant-dans-la-transition-energetique\/","title":{"rendered":"Le compteur communicant : qu&rsquo;est-ce que \u00e7a change ?"},"content":{"rendered":"\n<p>Que vous habitiez \u00e0 Bruxelles ou en Wallonie, les objectifs sont d\u00e9j\u00e0 fix\u00e9s : un <a href=\"https:\/\/www.renouvelle.be\/fr\/les-compteurs-communicants-bientot-partout-en-wallonie\/\" target=\"_blank\" rel=\"noreferrer noopener\">d\u00e9ploiement<\/a> quasi total des compteurs communicants d\u2019ici 2030 (100 % en Wallonie, 80 % \u00e0 <a href=\"https:\/\/app.powerbi.com\/view?r=eyJrIjoiNmJkZmU3ODQtYWQ2MS00MzgzLWJlMGUtNTUwMGM3OTVjNjkyIiwidCI6ImMwYjg2YzA3LWRhZGUtNDkyMC1hYzEzLWIwZWNhZDNiMmM5NSIsImMiOjh9\" target=\"_blank\" rel=\"noreferrer noopener\">Bruxelles<\/a>).<\/p>\n\n\n\n<h2 class=\"wp-block-heading\">Dans quels cas sont-ils install\u00e9s&nbsp;?<\/h2>\n\n\n\n<p>Pour l\u2019instant, les gestionnaires de r\u00e9seau (GRD) Sibelga \u00e0 Bruxelles, ORES, RESA, ainsi que AEISH, AIEG et REW en Wallonie qui sont \u00e9galement propri\u00e9taires des compteurs, proc\u00e8dent syst\u00e9matiquement au remplacement des mod\u00e8les \u00e9lectrom\u00e9caniques (\u00e0 disque) par des compteurs communicants dans plusieurs cas de figure repris dans le tableau ci-dessous.<\/p>\n\n\n\n<p>Mais m\u00eame si vous ne vous trouvez pas dans l\u2019un de ces cas de figure, votre gestionnaire de r\u00e9seau pourrait un jour vous informer qu\u2019il viendra remplacer votre compteur. En Wallonie, il est d\u2019ailleurs possible de consulter la date approximative de ce remplacement en introduisant votre code postal et votre code EAN sur le site de votre <a href=\"https:\/\/demandes.ores.be\/acdc-planning\" target=\"_blank\" rel=\"noreferrer noopener\">gestionnaire de r\u00e9seau<\/a>.<\/p>\n\n\n\n<p>\u00c0 Bruxelles, si vous faites partie d\u2019un immeuble de logements o\u00f9 l\u2019ensemble des compteurs est consid\u00e9r\u00e9 comme indivisible (tous localis\u00e9s dans les caves par exemple), le GRD peut proc\u00e9der au remplacement de ces derniers.<\/p>\n\n\n\n<h2 class=\"wp-block-heading\">Combien \u00e7a co\u00fbte&nbsp;?<\/h2>\n\n\n\n<p>Dans le cas d\u2019un remplacement&nbsp;: rien. Les travaux sont pris en charge par le GRD.<\/p>\n\n\n\n<h2 class=\"wp-block-heading\">Peut-on s\u2019y opposer&nbsp;?<\/h2>\n\n\n\n<p>En Wallonie, il ne sera pas possible de s\u2019y opposer. Mais il sera possible de refuser l\u2019activation de la fonction communicante. Actuellement, elle n\u2019est utile que dans certaines situations sp\u00e9cifiques comme la participation \u00e0 un partage d\u2019\u00e9nergie.<\/p>\n\n\n\n<p>\u00c0 Bruxelles, il ne sera pas possible de refuser si vous remplissez les conditions de remplacement. Seule exception pr\u00e9vue : l\u2019exposition \u00e0 un risque pour la sant\u00e9 li\u00e9 aux champs \u00e9lectromagn\u00e9tiques (consommateur ou membre de la famille). L\u2019activation de la fonction communicante doit aussi \u00eatre consentie par l\u2019utilisateur et n\u2019est demand\u00e9e que lorsque ce dernier souhaite participer \u00e0 diff\u00e9rentes activit\u00e9s (recharge d\u2019un v\u00e9hicule \u00e9lectrique, participer \u00e0 des services de flexibilit\u00e9, \u00e0 un partage d\u2019\u00e9nergie, injecter son \u00e9lectricit\u00e9 sur le r\u00e9seau). Sans cela, le relev\u00e9 du compteur se fera manuellement, on parle alors de r\u00e9gime R0.<\/p>\n\n\n\n<h2 class=\"wp-block-heading\">Ce qui change avec le compteur communicant<\/h2>\n\n\n\n<p>Avec les m\u00eames fonctionnalit\u00e9s de base que l\u2019ancien, il permettra de mesurer plus pr\u00e9cis\u00e9ment votre <strong>pr\u00e9l\u00e8vement<\/strong> et votre <strong>injection<\/strong> sur le r\u00e9seau public (si vous \u00eates prosumer), d\u2019o\u00f9 son autre nom : compteur double flux.<\/p>\n\n\n\n<p><strong>\u00c0 noter<\/strong> : le compteur ne conna\u00eet pas votre production totale d\u2019\u00e9lectricit\u00e9 (ce qui sort de votre onduleur), mais uniquement l\u2019injection vers le r\u00e9seau.<\/p>\n\n\n\n<p><strong>Si la fonction communicante est activ\u00e9e, les relev\u00e9s se feront automatiquement<\/strong> sans intervention sur place et communiquera ensuite avec une base de donn\u00e9es centrale du GRD&nbsp;: plus besoin d\u2019envoyer d\u2019index.<\/p>\n\n\n\n<p>Bi-horaire, mono-horaire : le compteur communicant peut tout g\u00e9rer. Jusqu\u2019\u00e0 pr\u00e9sent le changement de r\u00e9gime de comptage d\u00e9pendait du type de compteur et n\u00e9cessitait parfois l\u2019intervention d\u2019un technicien. Le compteur communicant permet de le faire rapidement, sans remplacement physique&nbsp;: plus simple pour profiter des <a href=\"https:\/\/www.renouvelle.be\/fr\/wallonie-nouveaux-tarifs-de-distribution-et-tarif-impact\/\" target=\"_blank\" rel=\"noreferrer noopener\">plages horaires incitatives<\/a> qui visent \u00e0 diminuer la saturation du r\u00e9seau en heure de pointe.<\/p>\n\n\n\n<p>Le consommateur <strong>pourra acc\u00e9der \u00e0 ses donn\u00e9es<\/strong> de pr\u00e9l\u00e8vement\/injection soit&nbsp;:<\/p>\n\n\n\n<ul class=\"wp-block-list\">\n<li>En branchant un outil sur le port P1 du compteur, vous permettant de visualiser <strong>vos donn\u00e9es en temps r\u00e9elle<\/strong> (comme le montre l&rsquo;image ci-dessous).<\/li>\n\n\n\n<li>En acc\u00e9dant aux donn\u00e9es via une application d\u00e9velopp\u00e9e par votre gestionnaire de r\u00e9seau, mais affich\u00e9es <strong>en J+1<\/strong> (le GRD ne t\u00e9l\u00e9rel\u00e8ve les compteurs qu\u2019une seule fois par jour).&nbsp;<\/li>\n<\/ul>\n\n\n\n<figure class=\"wp-block-image size-large\"><img loading=\"lazy\" decoding=\"async\" width=\"1024\" height=\"501\" src=\"https:\/\/www.renouvelle.be\/wp-content\/uploads\/2025\/11\/image-1-1024x501.png\" alt=\"\" class=\"wp-image-16022\" srcset=\"https:\/\/www.renouvelle.be\/wp-content\/uploads\/2025\/11\/image-1-1024x501.png 1024w, https:\/\/www.renouvelle.be\/wp-content\/uploads\/2025\/11\/image-1-300x147.png 300w, https:\/\/www.renouvelle.be\/wp-content\/uploads\/2025\/11\/image-1-768x376.png 768w, https:\/\/www.renouvelle.be\/wp-content\/uploads\/2025\/11\/image-1.png 1137w\" sizes=\"auto, (max-width: 1024px) 100vw, 1024px\" \/><\/figure>\n\n\n\n<h2 class=\"wp-block-heading\">Acc\u00e8s \u00e0 de nouveaux services<\/h2>\n\n\n\n<p>Pour la plupart de ces derniers, votre gestionnaire de r\u00e9seau devra pouvoir communiquer vos donn\u00e9es quart horaire (passage au r\u00e9gime R1 et R3) \u00e0 votre fournisseur, via le r\u00e9seau 4G en R\u00e9gion bruxelloise, et un r\u00e9seau utilisant des bandes radio faible d\u00e9bit pour la Wallonie.<\/p>\n\n\n\n<p>S\u2019ils disposent d\u2019un compteur communicant, la fonction communicante est activ\u00e9e,&nbsp;&nbsp;&nbsp;&nbsp; les utilisateurs du r\u00e9seau pourront participer au partage d\u2019\u00e9nergie. Gr\u00e2ce au compteur et aux courbes quart horaires relev\u00e9es de chaque participant, le GRD pourra calculer la part d\u2019\u00e9nergie partag\u00e9e aux consommateurs, et la part commercialis\u00e9e par les fournisseurs.<\/p>\n\n\n\n<p>Des prix dynamiques seront accessibles gr\u00e2ce aux nouvelles offres des fournisseurs. Celui-ci conna\u00eetra votre consommation quart horaire et \u00e9tablira une facturation r\u00e9elle en utilisant les prix dynamiques du <a href=\"https:\/\/www.renouvelle.be\/fr\/contrats-electricite-prix-dynamiques-bruxelles-wallonie\/\" target=\"_blank\" rel=\"noreferrer noopener\">march\u00e9 SPOT<\/a>.<\/p>\n\n\n\n<h2 class=\"wp-block-heading\">Mieux conna\u00eetre le r\u00e9seau<\/h2>\n\n\n\n<p>Les GRD insistent que la pose d\u2019un compteur communicant va dans le sens de l\u2019int\u00e9r\u00eat collectif. La communication de donn\u00e9es de pr\u00e9l\u00e8vement et d\u2019injection permettra de mieux conna\u00eetre le r\u00e9seau, les contraintes techniques qui s\u2019appliquent sur celui-ci. Avec l\u2019utilisation croissante de pompes \u00e0 chaleur, de panneaux photovolta\u00efques et de voitures \u00e9lectriques, on pourra mieux cerner les besoins pr\u00e9sents et anticiper des travaux de renforcement du r\u00e9seau. L\u2019arriv\u00e9e de nouvelles plages tarifaires qui encouragent l\u2019utilisateur \u00e0 modifier son comportement n\u2019est possible que gr\u00e2ce \u00e0 ceux-ci. D\u2019autres m\u00e9thodologies tarifaires pourront \u00eatre d\u00e9velopp\u00e9es, comme on a pu le voir en Flandre o\u00f9 le consommateur doit veiller \u00e0 minimiser davantage les pics de puissance qu\u2019il occasionne sur le r\u00e9seau, que ses volumes qu\u2019il pr\u00e9l\u00e8ve.<\/p>\n\n\n\n<h2 class=\"wp-block-heading\">La fin du compteur qui tourne \u00e0 l\u2019envers<\/h2>\n\n\n\n<p>En <a href=\"https:\/\/www.ores.be\/faq\/les-compteurs?tab=le-compteur-communicant#ores-peut-il-agir-sur-mon-compteur-a-distance\" target=\"_blank\" rel=\"noreferrer noopener\">Wallonie<\/a> (la seule r\u00e9gion o\u00f9 le principe de compensation est encore maintenu), les installations photovolta\u00efques de moins de 10 kVA mises en service avant le 31 d\u00e9cembre 2023 peuvent b\u00e9n\u00e9ficier du m\u00e9canisme de compensation jusqu\u2019au 31 d\u00e9cembre 2030, c\u2019est-\u00e0-dire du compteur qui \u00ab\u00a0tourne \u00e0 l\u2019envers\u00a0\u00bb.<\/p>\n\n\n\n<p>Pour les prosumers concern\u00e9s, l\u2019installation d\u2019un compteur communicant n\u2019entra\u00eene pas la fin de ce principe, \u00e0 condition de le conserver. Le gestionnaire de r\u00e9seau peut alors continuer \u00e0 appliquer une compensation num\u00e9rique.<\/p>\n\n\n\n<p>Cependant, le compteur communicant (dit double flux) permet surtout de mesurer pr\u00e9cis\u00e9ment&nbsp;la quantit\u00e9 d\u2019\u00e9lectricit\u00e9 pr\u00e9lev\u00e9e sur le r\u00e9seau et celle inject\u00e9e par le prosumer.<\/p>\n\n\n\n<p>Cela permet de calculer plus justement les frais de r\u00e9seau li\u00e9s au pr\u00e9l\u00e8vement (en \u20ac\/kWh), plut\u00f4t que de les estimer forfaitairement via le tarif capacitaire (en \u20ac\/kVA bas\u00e9 sur la puissance de l\u2019onduleur). Ce syst\u00e8me vise \u00e0 r\u00e9duire l\u2019impact de ce dernier et \u00e0 faire en sorte que chaque prosumer contribue \u00e9quitablement aux co\u00fbts du r\u00e9seau selon sa consommation r\u00e9elle.<\/p>\n\n\n\n<h2 class=\"wp-block-heading\">Le bon moment pour changer le compteur en cas de compensation&nbsp;<\/h2>\n\n\n\n<p><strong>Le mois de votre relev\u00e9 annuel reste le meilleur moment<\/strong> pour pr\u00e9voir de remplacer votre compteur par un nouveau, tout en conservant la compensation. Gr\u00e2ce \u00e0 cela, l\u2019injection r\u00e9alis\u00e9e sur le r\u00e9seau durant l\u2019ann\u00e9e ne sera pas perdue.<\/p>\n","protected":false},"excerpt":{"rendered":"<p>Que vous habitiez \u00e0 Bruxelles ou en Wallonie, les objectifs sont d\u00e9j\u00e0 fix\u00e9s : un d\u00e9ploiement quasi total des compteurs communicants d\u2019ici 2030 (100 % en Wallonie, 80 % \u00e0 Bruxelles). Dans quels cas sont-ils install\u00e9s&nbsp;? Pour l\u2019instant, les gestionnaires de r\u00e9seau (GRD) Sibelga \u00e0 Bruxelles, ORES, RESA, ainsi que AEISH, AIEG et REW en Wallonie qui sont \u00e9galement propri\u00e9taires des compteurs, proc\u00e8dent syst\u00e9matiquement au remplacement des mod\u00e8les \u00e9lectrom\u00e9caniques (\u00e0 disque) par des compteurs communicants dans plusieurs cas de figure repris dans le tableau ci-dessous. Mais m\u00eame si vous ne vous trouvez pas dans l\u2019un de ces cas de figure, votre gestionnaire de r\u00e9seau pourrait un jour vous informer qu\u2019il viendra remplacer votre compteur. En Wallonie, il est d\u2019ailleurs possible de consulter la date approximative de ce remplacement en introduisant votre code postal et votre code EAN sur le site de votre gestionnaire de r\u00e9seau. \u00c0 Bruxelles, si vous faites partie d\u2019un immeuble de logements o\u00f9 l\u2019ensemble des compteurs est consid\u00e9r\u00e9 comme indivisible (tous localis\u00e9s dans les caves par exemple), le GRD peut proc\u00e9der au remplacement de ces derniers. Combien \u00e7a co\u00fbte&nbsp;? Dans le cas d\u2019un remplacement&nbsp;: rien. Les travaux sont pris en charge par le GRD. Peut-on s\u2019y opposer&nbsp;? En Wallonie, il ne sera pas possible de s\u2019y opposer. Mais il sera possible de refuser l\u2019activation de la fonction communicante. Actuellement, elle n\u2019est utile que dans certaines situations sp\u00e9cifiques comme la participation \u00e0 un partage d\u2019\u00e9nergie. \u00c0 Bruxelles, il ne sera pas possible de refuser si vous remplissez les conditions de remplacement. Seule exception pr\u00e9vue : l\u2019exposition \u00e0 un risque pour la sant\u00e9 li\u00e9 aux champs \u00e9lectromagn\u00e9tiques (consommateur ou membre de la famille). L\u2019activation de la fonction communicante doit aussi \u00eatre consentie par l\u2019utilisateur et n\u2019est demand\u00e9e que lorsque &hellip; <a href=\"https:\/\/www.renouvelle.be\/fr\/le-compteur-communicant-dans-la-transition-energetique\/\" class=\"more-link\">Continue reading<span class=\"screen-reader-text\"> \u00ab\u00a0Le compteur communicant : qu&rsquo;est-ce que \u00e7a change ?\u00a0\u00bb<\/span><\/a><\/p>\n","protected":false},"author":27,"featured_media":16032,"comment_status":"closed","ping_status":"closed","sticky":false,"template":"","format":"standard","meta":{"_acf_changed":false,"footnotes":""},"categories":[16,17],"tags":[],"section":[8,5,13],"class_list":["post-16017","post","type-post","status-publish","format-standard","has-post-thumbnail","hentry","category-actualite","category-actualite-en-belgique","section-energie-renouvelables","section-communaute-denergie","section-solaire"],"acf":[],"yoast_head":"<!-- This site is optimized with the Yoast SEO plugin v27.4 - https:\/\/yoast.com\/product\/yoast-seo-wordpress\/ -->\n<title>Le compteur communicant : qu&#039;est-ce que \u00e7a change ? - Renouvelle<\/title>\n<meta name=\"description\" content=\"Le compteur communicant ? Personne n&#039;y coupera ! Avec ce nouveau mod\u00e8le, il sera plus facile de mieux conna\u00eetre notre r\u00e9seau \u00e9lectrique.\" \/>\n<meta name=\"robots\" content=\"index, follow, max-snippet:-1, max-image-preview:large, max-video-preview:-1\" \/>\n<link rel=\"canonical\" href=\"https:\/\/www.renouvelle.be\/fr\/le-compteur-communicant-dans-la-transition-energetique\/\" \/>\n<meta property=\"og:locale\" content=\"fr_FR\" \/>\n<meta property=\"og:type\" content=\"article\" \/>\n<meta property=\"og:title\" content=\"Le compteur communicant : qu&#039;est-ce que \u00e7a change ? - Renouvelle\" \/>\n<meta property=\"og:description\" content=\"Le compteur communicant ? Personne n&#039;y coupera ! Avec ce nouveau mod\u00e8le, il sera plus facile de mieux conna\u00eetre notre r\u00e9seau \u00e9lectrique.\" \/>\n<meta property=\"og:url\" content=\"https:\/\/www.renouvelle.be\/fr\/le-compteur-communicant-dans-la-transition-energetique\/\" \/>\n<meta property=\"og:site_name\" content=\"Renouvelle\" \/>\n<meta property=\"article:published_time\" content=\"2025-11-18T08:17:07+00:00\" \/>\n<meta property=\"article:modified_time\" content=\"2025-11-18T11:16:35+00:00\" \/>\n<meta property=\"og:image\" content=\"https:\/\/www.renouvelle.be\/wp-content\/uploads\/2025\/11\/AdobeStock_298176863-scaled-e1763464582278.jpeg\" \/>\n\t<meta property=\"og:image:width\" content=\"1843\" \/>\n\t<meta property=\"og:image:height\" content=\"1095\" \/>\n\t<meta property=\"og:image:type\" content=\"image\/jpeg\" \/>\n<meta name=\"author\" content=\"Jean Frippiat\" \/>\n<meta name=\"twitter:card\" content=\"summary_large_image\" \/>\n<script type=\"application\/ld+json\" class=\"yoast-schema-graph\">{\"@context\":\"https:\\\/\\\/schema.org\",\"@graph\":[{\"@type\":\"Article\",\"@id\":\"https:\\\/\\\/www.renouvelle.be\\\/fr\\\/le-compteur-communicant-dans-la-transition-energetique\\\/#article\",\"isPartOf\":{\"@id\":\"https:\\\/\\\/www.renouvelle.be\\\/fr\\\/le-compteur-communicant-dans-la-transition-energetique\\\/\"},\"author\":{\"name\":\"Jean Frippiat\",\"@id\":\"https:\\\/\\\/www.renouvelle.be\\\/fr\\\/#\\\/schema\\\/person\\\/2b8afd89c9b7934d06ad7db3417abc38\"},\"headline\":\"Le compteur communicant : qu&rsquo;est-ce que \u00e7a change ?\",\"datePublished\":\"2025-11-18T08:17:07+00:00\",\"dateModified\":\"2025-11-18T11:16:35+00:00\",\"mainEntityOfPage\":{\"@id\":\"https:\\\/\\\/www.renouvelle.be\\\/fr\\\/le-compteur-communicant-dans-la-transition-energetique\\\/\"},\"wordCount\":1188,\"image\":{\"@id\":\"https:\\\/\\\/www.renouvelle.be\\\/fr\\\/le-compteur-communicant-dans-la-transition-energetique\\\/#primaryimage\"},\"thumbnailUrl\":\"https:\\\/\\\/www.renouvelle.be\\\/wp-content\\\/uploads\\\/2025\\\/11\\\/AdobeStock_298176863-scaled-e1763464582278.jpeg\",\"articleSection\":[\"Actualit\u00e9\",\"Actualit\u00e9 en Belgique\"],\"inLanguage\":\"fr-FR\"},{\"@type\":\"WebPage\",\"@id\":\"https:\\\/\\\/www.renouvelle.be\\\/fr\\\/le-compteur-communicant-dans-la-transition-energetique\\\/\",\"url\":\"https:\\\/\\\/www.renouvelle.be\\\/fr\\\/le-compteur-communicant-dans-la-transition-energetique\\\/\",\"name\":\"Le compteur communicant : qu'est-ce que \u00e7a change ? - Renouvelle\",\"isPartOf\":{\"@id\":\"https:\\\/\\\/www.renouvelle.be\\\/fr\\\/#website\"},\"primaryImageOfPage\":{\"@id\":\"https:\\\/\\\/www.renouvelle.be\\\/fr\\\/le-compteur-communicant-dans-la-transition-energetique\\\/#primaryimage\"},\"image\":{\"@id\":\"https:\\\/\\\/www.renouvelle.be\\\/fr\\\/le-compteur-communicant-dans-la-transition-energetique\\\/#primaryimage\"},\"thumbnailUrl\":\"https:\\\/\\\/www.renouvelle.be\\\/wp-content\\\/uploads\\\/2025\\\/11\\\/AdobeStock_298176863-scaled-e1763464582278.jpeg\",\"datePublished\":\"2025-11-18T08:17:07+00:00\",\"dateModified\":\"2025-11-18T11:16:35+00:00\",\"author\":{\"@id\":\"https:\\\/\\\/www.renouvelle.be\\\/fr\\\/#\\\/schema\\\/person\\\/2b8afd89c9b7934d06ad7db3417abc38\"},\"description\":\"Le compteur communicant ? Personne n'y coupera ! Avec ce nouveau mod\u00e8le, il sera plus facile de mieux conna\u00eetre notre r\u00e9seau \u00e9lectrique.\",\"breadcrumb\":{\"@id\":\"https:\\\/\\\/www.renouvelle.be\\\/fr\\\/le-compteur-communicant-dans-la-transition-energetique\\\/#breadcrumb\"},\"inLanguage\":\"fr-FR\",\"potentialAction\":[{\"@type\":\"ReadAction\",\"target\":[\"https:\\\/\\\/www.renouvelle.be\\\/fr\\\/le-compteur-communicant-dans-la-transition-energetique\\\/\"]}]},{\"@type\":\"ImageObject\",\"inLanguage\":\"fr-FR\",\"@id\":\"https:\\\/\\\/www.renouvelle.be\\\/fr\\\/le-compteur-communicant-dans-la-transition-energetique\\\/#primaryimage\",\"url\":\"https:\\\/\\\/www.renouvelle.be\\\/wp-content\\\/uploads\\\/2025\\\/11\\\/AdobeStock_298176863-scaled-e1763464582278.jpeg\",\"contentUrl\":\"https:\\\/\\\/www.renouvelle.be\\\/wp-content\\\/uploads\\\/2025\\\/11\\\/AdobeStock_298176863-scaled-e1763464582278.jpeg\",\"width\":1843,\"height\":1095,\"caption\":\"compteur communicant, ce que \u00e7a change\"},{\"@type\":\"BreadcrumbList\",\"@id\":\"https:\\\/\\\/www.renouvelle.be\\\/fr\\\/le-compteur-communicant-dans-la-transition-energetique\\\/#breadcrumb\",\"itemListElement\":[{\"@type\":\"ListItem\",\"position\":1,\"name\":\"Accueil\",\"item\":\"https:\\\/\\\/www.renouvelle.be\\\/fr\\\/\"},{\"@type\":\"ListItem\",\"position\":2,\"name\":\"Le compteur communicant : qu&rsquo;est-ce que \u00e7a change ?\"}]},{\"@type\":\"WebSite\",\"@id\":\"https:\\\/\\\/www.renouvelle.be\\\/fr\\\/#website\",\"url\":\"https:\\\/\\\/www.renouvelle.be\\\/fr\\\/\",\"name\":\"Renouvelle\",\"description\":\"L&#039;actualit\u00e9 de l&#039;\u00e9nergie durable\",\"potentialAction\":[{\"@type\":\"SearchAction\",\"target\":{\"@type\":\"EntryPoint\",\"urlTemplate\":\"https:\\\/\\\/www.renouvelle.be\\\/fr\\\/?s={search_term_string}\"},\"query-input\":{\"@type\":\"PropertyValueSpecification\",\"valueRequired\":true,\"valueName\":\"search_term_string\"}}],\"inLanguage\":\"fr-FR\"},{\"@type\":\"Person\",\"@id\":\"https:\\\/\\\/www.renouvelle.be\\\/fr\\\/#\\\/schema\\\/person\\\/2b8afd89c9b7934d06ad7db3417abc38\",\"name\":\"Jean Frippiat\",\"url\":\"https:\\\/\\\/www.renouvelle.be\\\/fr\\\/author\\\/jeanfrippiat\\\/\"}]}<\/script>\n<!-- \/ Yoast SEO plugin. -->","yoast_head_json":{"title":"Le compteur communicant : qu'est-ce que \u00e7a change ? - Renouvelle","description":"Le compteur communicant ? Personne n'y coupera ! Avec ce nouveau mod\u00e8le, il sera plus facile de mieux conna\u00eetre notre r\u00e9seau \u00e9lectrique.","robots":{"index":"index","follow":"follow","max-snippet":"max-snippet:-1","max-image-preview":"max-image-preview:large","max-video-preview":"max-video-preview:-1"},"canonical":"https:\/\/www.renouvelle.be\/fr\/le-compteur-communicant-dans-la-transition-energetique\/","og_locale":"fr_FR","og_type":"article","og_title":"Le compteur communicant : qu'est-ce que \u00e7a change ? - Renouvelle","og_description":"Le compteur communicant ? Personne n'y coupera ! Avec ce nouveau mod\u00e8le, il sera plus facile de mieux conna\u00eetre notre r\u00e9seau \u00e9lectrique.","og_url":"https:\/\/www.renouvelle.be\/fr\/le-compteur-communicant-dans-la-transition-energetique\/","og_site_name":"Renouvelle","article_published_time":"2025-11-18T08:17:07+00:00","article_modified_time":"2025-11-18T11:16:35+00:00","og_image":[{"width":1843,"height":1095,"url":"https:\/\/www.renouvelle.be\/wp-content\/uploads\/2025\/11\/AdobeStock_298176863-scaled-e1763464582278.jpeg","type":"image\/jpeg"}],"author":"Jean Frippiat","twitter_card":"summary_large_image","schema":{"@context":"https:\/\/schema.org","@graph":[{"@type":"Article","@id":"https:\/\/www.renouvelle.be\/fr\/le-compteur-communicant-dans-la-transition-energetique\/#article","isPartOf":{"@id":"https:\/\/www.renouvelle.be\/fr\/le-compteur-communicant-dans-la-transition-energetique\/"},"author":{"name":"Jean Frippiat","@id":"https:\/\/www.renouvelle.be\/fr\/#\/schema\/person\/2b8afd89c9b7934d06ad7db3417abc38"},"headline":"Le compteur communicant : qu&rsquo;est-ce que \u00e7a change ?","datePublished":"2025-11-18T08:17:07+00:00","dateModified":"2025-11-18T11:16:35+00:00","mainEntityOfPage":{"@id":"https:\/\/www.renouvelle.be\/fr\/le-compteur-communicant-dans-la-transition-energetique\/"},"wordCount":1188,"image":{"@id":"https:\/\/www.renouvelle.be\/fr\/le-compteur-communicant-dans-la-transition-energetique\/#primaryimage"},"thumbnailUrl":"https:\/\/www.renouvelle.be\/wp-content\/uploads\/2025\/11\/AdobeStock_298176863-scaled-e1763464582278.jpeg","articleSection":["Actualit\u00e9","Actualit\u00e9 en Belgique"],"inLanguage":"fr-FR"},{"@type":"WebPage","@id":"https:\/\/www.renouvelle.be\/fr\/le-compteur-communicant-dans-la-transition-energetique\/","url":"https:\/\/www.renouvelle.be\/fr\/le-compteur-communicant-dans-la-transition-energetique\/","name":"Le compteur communicant : qu'est-ce que \u00e7a change ? - Renouvelle","isPartOf":{"@id":"https:\/\/www.renouvelle.be\/fr\/#website"},"primaryImageOfPage":{"@id":"https:\/\/www.renouvelle.be\/fr\/le-compteur-communicant-dans-la-transition-energetique\/#primaryimage"},"image":{"@id":"https:\/\/www.renouvelle.be\/fr\/le-compteur-communicant-dans-la-transition-energetique\/#primaryimage"},"thumbnailUrl":"https:\/\/www.renouvelle.be\/wp-content\/uploads\/2025\/11\/AdobeStock_298176863-scaled-e1763464582278.jpeg","datePublished":"2025-11-18T08:17:07+00:00","dateModified":"2025-11-18T11:16:35+00:00","author":{"@id":"https:\/\/www.renouvelle.be\/fr\/#\/schema\/person\/2b8afd89c9b7934d06ad7db3417abc38"},"description":"Le compteur communicant ? Personne n'y coupera ! Avec ce nouveau mod\u00e8le, il sera plus facile de mieux conna\u00eetre notre r\u00e9seau \u00e9lectrique.","breadcrumb":{"@id":"https:\/\/www.renouvelle.be\/fr\/le-compteur-communicant-dans-la-transition-energetique\/#breadcrumb"},"inLanguage":"fr-FR","potentialAction":[{"@type":"ReadAction","target":["https:\/\/www.renouvelle.be\/fr\/le-compteur-communicant-dans-la-transition-energetique\/"]}]},{"@type":"ImageObject","inLanguage":"fr-FR","@id":"https:\/\/www.renouvelle.be\/fr\/le-compteur-communicant-dans-la-transition-energetique\/#primaryimage","url":"https:\/\/www.renouvelle.be\/wp-content\/uploads\/2025\/11\/AdobeStock_298176863-scaled-e1763464582278.jpeg","contentUrl":"https:\/\/www.renouvelle.be\/wp-content\/uploads\/2025\/11\/AdobeStock_298176863-scaled-e1763464582278.jpeg","width":1843,"height":1095,"caption":"compteur communicant, ce que \u00e7a change"},{"@type":"BreadcrumbList","@id":"https:\/\/www.renouvelle.be\/fr\/le-compteur-communicant-dans-la-transition-energetique\/#breadcrumb","itemListElement":[{"@type":"ListItem","position":1,"name":"Accueil","item":"https:\/\/www.renouvelle.be\/fr\/"},{"@type":"ListItem","position":2,"name":"Le compteur communicant : qu&rsquo;est-ce que \u00e7a change ?"}]},{"@type":"WebSite","@id":"https:\/\/www.renouvelle.be\/fr\/#website","url":"https:\/\/www.renouvelle.be\/fr\/","name":"Renouvelle","description":"L&#039;actualit\u00e9 de l&#039;\u00e9nergie durable","potentialAction":[{"@type":"SearchAction","target":{"@type":"EntryPoint","urlTemplate":"https:\/\/www.renouvelle.be\/fr\/?s={search_term_string}"},"query-input":{"@type":"PropertyValueSpecification","valueRequired":true,"valueName":"search_term_string"}}],"inLanguage":"fr-FR"},{"@type":"Person","@id":"https:\/\/www.renouvelle.be\/fr\/#\/schema\/person\/2b8afd89c9b7934d06ad7db3417abc38","name":"Jean Frippiat","url":"https:\/\/www.renouvelle.be\/fr\/author\/jeanfrippiat\/"}]}},"_links":{"self":[{"href":"https:\/\/www.renouvelle.be\/fr\/wp-json\/wp\/v2\/posts\/16017","targetHints":{"allow":["GET"]}}],"collection":[{"href":"https:\/\/www.renouvelle.be\/fr\/wp-json\/wp\/v2\/posts"}],"about":[{"href":"https:\/\/www.renouvelle.be\/fr\/wp-json\/wp\/v2\/types\/post"}],"author":[{"embeddable":true,"href":"https:\/\/www.renouvelle.be\/fr\/wp-json\/wp\/v2\/users\/27"}],"replies":[{"embeddable":true,"href":"https:\/\/www.renouvelle.be\/fr\/wp-json\/wp\/v2\/comments?post=16017"}],"version-history":[{"count":7,"href":"https:\/\/www.renouvelle.be\/fr\/wp-json\/wp\/v2\/posts\/16017\/revisions"}],"predecessor-version":[{"id":16031,"href":"https:\/\/www.renouvelle.be\/fr\/wp-json\/wp\/v2\/posts\/16017\/revisions\/16031"}],"wp:featuredmedia":[{"embeddable":true,"href":"https:\/\/www.renouvelle.be\/fr\/wp-json\/wp\/v2\/media\/16032"}],"wp:attachment":[{"href":"https:\/\/www.renouvelle.be\/fr\/wp-json\/wp\/v2\/media?parent=16017"}],"wp:term":[{"taxonomy":"category","embeddable":true,"href":"https:\/\/www.renouvelle.be\/fr\/wp-json\/wp\/v2\/categories?post=16017"},{"taxonomy":"post_tag","embeddable":true,"href":"https:\/\/www.renouvelle.be\/fr\/wp-json\/wp\/v2\/tags?post=16017"},{"taxonomy":"section","embeddable":true,"href":"https:\/\/www.renouvelle.be\/fr\/wp-json\/wp\/v2\/section?post=16017"}],"curies":[{"name":"wp","href":"https:\/\/api.w.org\/{rel}","templated":true}]}}