{"id":16012,"date":"2025-11-17T11:58:38","date_gmt":"2025-11-17T10:58:38","guid":{"rendered":"https:\/\/www.renouvelle.be\/?p=16012"},"modified":"2025-11-17T12:02:21","modified_gmt":"2025-11-17T11:02:21","slug":"belgique-reduction-de-la-tva-a-6-pour-les-pompes-a-chaleur","status":"publish","type":"post","link":"https:\/\/www.renouvelle.be\/fr\/belgique-reduction-de-la-tva-a-6-pour-les-pompes-a-chaleur\/","title":{"rendered":"Belgique\u00a0: r\u00e9duction de la TVA \u00e0 6% pour les pompes \u00e0 chaleur"},"content":{"rendered":"\n<p>A partir du 1<sup>er<\/sup> janvier 2026, le taux de TVA qui \u00e9tait appliqu\u00e9 pour l\u2019installation de pompes \u00e0 chaleur passera de 21% \u00e0 6%. Une r\u00e9duction qui s\u2019inscrit dans le cadre des objectifs en mati\u00e8re de neutralit\u00e9 carbone en rendant plus accessible un syst\u00e8me de <a href=\"https:\/\/www.renouvelle.be\/fr\/belgique-pompes-a-chaleur-16-pourcent-2025\/\" target=\"_blank\" rel=\"noreferrer noopener\">chauffage<\/a> issu du renouvelable.<br><br>Cette mesure s\u2019appliquera pendant 5 ans.<\/p>\n","protected":false},"excerpt":{"rendered":"<p>A partir du 1er janvier 2026, le taux de TVA qui \u00e9tait appliqu\u00e9 pour l\u2019installation de pompes \u00e0 chaleur passera de 21% \u00e0 6%. Une r\u00e9duction qui s\u2019inscrit dans le cadre des objectifs en mati\u00e8re de neutralit\u00e9 carbone en rendant plus accessible un syst\u00e8me de chauffage issu du renouvelable. Cette mesure s\u2019appliquera pendant 5 ans.<\/p>\n","protected":false},"author":38,"featured_media":16013,"comment_status":"closed","ping_status":"closed","sticky":false,"template":"","format":"standard","meta":{"_acf_changed":false,"footnotes":""},"categories":[16,17],"tags":[],"section":[9],"class_list":["post-16012","post","type-post","status-publish","format-standard","has-post-thumbnail","hentry","category-actualite","category-actualite-en-belgique","section-geothermie-pac"],"acf":[],"yoast_head":"<!-- This site is optimized with the Yoast SEO plugin v27.4 - https:\/\/yoast.com\/product\/yoast-seo-wordpress\/ -->\n<title>Belgique\u00a0: r\u00e9duction de la TVA \u00e0 6% pour les pompes \u00e0 chaleur - Renouvelle<\/title>\n<meta name=\"description\" content=\"Nouvelle r\u00e9duction du taux de TVA pour l&#039;installation de pompes \u00e0 chaleur qui passera de 21% \u00e0 6%, pour une p\u00e9riode de 5 ans.\" \/>\n<meta name=\"robots\" content=\"index, follow, max-snippet:-1, max-image-preview:large, max-video-preview:-1\" \/>\n<link rel=\"canonical\" href=\"https:\/\/www.renouvelle.be\/fr\/belgique-reduction-de-la-tva-a-6-pour-les-pompes-a-chaleur\/\" \/>\n<meta property=\"og:locale\" content=\"fr_FR\" \/>\n<meta property=\"og:type\" content=\"article\" \/>\n<meta property=\"og:title\" content=\"Belgique\u00a0: r\u00e9duction de la TVA \u00e0 6% pour les pompes \u00e0 chaleur - Renouvelle\" \/>\n<meta property=\"og:description\" content=\"Nouvelle r\u00e9duction du taux de TVA pour l&#039;installation de pompes \u00e0 chaleur qui passera de 21% \u00e0 6%, pour une p\u00e9riode de 5 ans.\" \/>\n<meta property=\"og:url\" content=\"https:\/\/www.renouvelle.be\/fr\/belgique-reduction-de-la-tva-a-6-pour-les-pompes-a-chaleur\/\" \/>\n<meta property=\"og:site_name\" content=\"Renouvelle\" \/>\n<meta property=\"article:published_time\" content=\"2025-11-17T10:58:38+00:00\" \/>\n<meta property=\"article:modified_time\" content=\"2025-11-17T11:02:21+00:00\" \/>\n<meta property=\"og:image\" content=\"https:\/\/www.renouvelle.be\/wp-content\/uploads\/2025\/11\/AdobeStock_440519177-scaled-e1763376956969.jpeg\" \/>\n\t<meta property=\"og:image:width\" content=\"1800\" \/>\n\t<meta property=\"og:image:height\" content=\"1070\" \/>\n\t<meta property=\"og:image:type\" content=\"image\/jpeg\" \/>\n<meta name=\"author\" content=\"Samuel Alves\" \/>\n<meta name=\"twitter:card\" content=\"summary_large_image\" \/>\n<script type=\"application\/ld+json\" class=\"yoast-schema-graph\">{\"@context\":\"https:\\\/\\\/schema.org\",\"@graph\":[{\"@type\":\"Article\",\"@id\":\"https:\\\/\\\/www.renouvelle.be\\\/fr\\\/belgique-reduction-de-la-tva-a-6-pour-les-pompes-a-chaleur\\\/#article\",\"isPartOf\":{\"@id\":\"https:\\\/\\\/www.renouvelle.be\\\/fr\\\/belgique-reduction-de-la-tva-a-6-pour-les-pompes-a-chaleur\\\/\"},\"author\":{\"name\":\"Samuel Alves\",\"@id\":\"https:\\\/\\\/www.renouvelle.be\\\/fr\\\/#\\\/schema\\\/person\\\/9d743366fb269eeceaa8d60e98d289d3\"},\"headline\":\"Belgique\u00a0: r\u00e9duction de la TVA \u00e0 6% pour les pompes \u00e0 chaleur\",\"datePublished\":\"2025-11-17T10:58:38+00:00\",\"dateModified\":\"2025-11-17T11:02:21+00:00\",\"mainEntityOfPage\":{\"@id\":\"https:\\\/\\\/www.renouvelle.be\\\/fr\\\/belgique-reduction-de-la-tva-a-6-pour-les-pompes-a-chaleur\\\/\"},\"wordCount\":65,\"image\":{\"@id\":\"https:\\\/\\\/www.renouvelle.be\\\/fr\\\/belgique-reduction-de-la-tva-a-6-pour-les-pompes-a-chaleur\\\/#primaryimage\"},\"thumbnailUrl\":\"https:\\\/\\\/www.renouvelle.be\\\/wp-content\\\/uploads\\\/2025\\\/11\\\/AdobeStock_440519177-scaled-e1763376956969.jpeg\",\"articleSection\":[\"Actualit\u00e9\",\"Actualit\u00e9 en Belgique\"],\"inLanguage\":\"fr-FR\"},{\"@type\":\"WebPage\",\"@id\":\"https:\\\/\\\/www.renouvelle.be\\\/fr\\\/belgique-reduction-de-la-tva-a-6-pour-les-pompes-a-chaleur\\\/\",\"url\":\"https:\\\/\\\/www.renouvelle.be\\\/fr\\\/belgique-reduction-de-la-tva-a-6-pour-les-pompes-a-chaleur\\\/\",\"name\":\"Belgique\u00a0: r\u00e9duction de la TVA \u00e0 6% pour les pompes \u00e0 chaleur - Renouvelle\",\"isPartOf\":{\"@id\":\"https:\\\/\\\/www.renouvelle.be\\\/fr\\\/#website\"},\"primaryImageOfPage\":{\"@id\":\"https:\\\/\\\/www.renouvelle.be\\\/fr\\\/belgique-reduction-de-la-tva-a-6-pour-les-pompes-a-chaleur\\\/#primaryimage\"},\"image\":{\"@id\":\"https:\\\/\\\/www.renouvelle.be\\\/fr\\\/belgique-reduction-de-la-tva-a-6-pour-les-pompes-a-chaleur\\\/#primaryimage\"},\"thumbnailUrl\":\"https:\\\/\\\/www.renouvelle.be\\\/wp-content\\\/uploads\\\/2025\\\/11\\\/AdobeStock_440519177-scaled-e1763376956969.jpeg\",\"datePublished\":\"2025-11-17T10:58:38+00:00\",\"dateModified\":\"2025-11-17T11:02:21+00:00\",\"author\":{\"@id\":\"https:\\\/\\\/www.renouvelle.be\\\/fr\\\/#\\\/schema\\\/person\\\/9d743366fb269eeceaa8d60e98d289d3\"},\"description\":\"Nouvelle r\u00e9duction du taux de TVA pour l'installation de pompes \u00e0 chaleur qui passera de 21% \u00e0 6%, pour une p\u00e9riode de 5 ans.\",\"breadcrumb\":{\"@id\":\"https:\\\/\\\/www.renouvelle.be\\\/fr\\\/belgique-reduction-de-la-tva-a-6-pour-les-pompes-a-chaleur\\\/#breadcrumb\"},\"inLanguage\":\"fr-FR\",\"potentialAction\":[{\"@type\":\"ReadAction\",\"target\":[\"https:\\\/\\\/www.renouvelle.be\\\/fr\\\/belgique-reduction-de-la-tva-a-6-pour-les-pompes-a-chaleur\\\/\"]}]},{\"@type\":\"ImageObject\",\"inLanguage\":\"fr-FR\",\"@id\":\"https:\\\/\\\/www.renouvelle.be\\\/fr\\\/belgique-reduction-de-la-tva-a-6-pour-les-pompes-a-chaleur\\\/#primaryimage\",\"url\":\"https:\\\/\\\/www.renouvelle.be\\\/wp-content\\\/uploads\\\/2025\\\/11\\\/AdobeStock_440519177-scaled-e1763376956969.jpeg\",\"contentUrl\":\"https:\\\/\\\/www.renouvelle.be\\\/wp-content\\\/uploads\\\/2025\\\/11\\\/AdobeStock_440519177-scaled-e1763376956969.jpeg\",\"width\":1800,\"height\":1070,\"caption\":\"r\u00e9duction TVA pompes chaleur\"},{\"@type\":\"BreadcrumbList\",\"@id\":\"https:\\\/\\\/www.renouvelle.be\\\/fr\\\/belgique-reduction-de-la-tva-a-6-pour-les-pompes-a-chaleur\\\/#breadcrumb\",\"itemListElement\":[{\"@type\":\"ListItem\",\"position\":1,\"name\":\"Accueil\",\"item\":\"https:\\\/\\\/www.renouvelle.be\\\/fr\\\/\"},{\"@type\":\"ListItem\",\"position\":2,\"name\":\"Belgique\u00a0: r\u00e9duction de la TVA \u00e0 6% pour les pompes \u00e0 chaleur\"}]},{\"@type\":\"WebSite\",\"@id\":\"https:\\\/\\\/www.renouvelle.be\\\/fr\\\/#website\",\"url\":\"https:\\\/\\\/www.renouvelle.be\\\/fr\\\/\",\"name\":\"Renouvelle\",\"description\":\"L&#039;actualit\u00e9 de l&#039;\u00e9nergie durable\",\"potentialAction\":[{\"@type\":\"SearchAction\",\"target\":{\"@type\":\"EntryPoint\",\"urlTemplate\":\"https:\\\/\\\/www.renouvelle.be\\\/fr\\\/?s={search_term_string}\"},\"query-input\":{\"@type\":\"PropertyValueSpecification\",\"valueRequired\":true,\"valueName\":\"search_term_string\"}}],\"inLanguage\":\"fr-FR\"},{\"@type\":\"Person\",\"@id\":\"https:\\\/\\\/www.renouvelle.be\\\/fr\\\/#\\\/schema\\\/person\\\/9d743366fb269eeceaa8d60e98d289d3\",\"name\":\"Samuel Alves\",\"url\":\"https:\\\/\\\/www.renouvelle.be\\\/fr\\\/author\\\/salves\\\/\"}]}<\/script>\n<!-- \/ Yoast SEO plugin. -->","yoast_head_json":{"title":"Belgique\u00a0: r\u00e9duction de la TVA \u00e0 6% pour les pompes \u00e0 chaleur - Renouvelle","description":"Nouvelle r\u00e9duction du taux de TVA pour l'installation de pompes \u00e0 chaleur qui passera de 21% \u00e0 6%, pour une p\u00e9riode de 5 ans.","robots":{"index":"index","follow":"follow","max-snippet":"max-snippet:-1","max-image-preview":"max-image-preview:large","max-video-preview":"max-video-preview:-1"},"canonical":"https:\/\/www.renouvelle.be\/fr\/belgique-reduction-de-la-tva-a-6-pour-les-pompes-a-chaleur\/","og_locale":"fr_FR","og_type":"article","og_title":"Belgique\u00a0: r\u00e9duction de la TVA \u00e0 6% pour les pompes \u00e0 chaleur - Renouvelle","og_description":"Nouvelle r\u00e9duction du taux de TVA pour l'installation de pompes \u00e0 chaleur qui passera de 21% \u00e0 6%, pour une p\u00e9riode de 5 ans.","og_url":"https:\/\/www.renouvelle.be\/fr\/belgique-reduction-de-la-tva-a-6-pour-les-pompes-a-chaleur\/","og_site_name":"Renouvelle","article_published_time":"2025-11-17T10:58:38+00:00","article_modified_time":"2025-11-17T11:02:21+00:00","og_image":[{"width":1800,"height":1070,"url":"https:\/\/www.renouvelle.be\/wp-content\/uploads\/2025\/11\/AdobeStock_440519177-scaled-e1763376956969.jpeg","type":"image\/jpeg"}],"author":"Samuel Alves","twitter_card":"summary_large_image","schema":{"@context":"https:\/\/schema.org","@graph":[{"@type":"Article","@id":"https:\/\/www.renouvelle.be\/fr\/belgique-reduction-de-la-tva-a-6-pour-les-pompes-a-chaleur\/#article","isPartOf":{"@id":"https:\/\/www.renouvelle.be\/fr\/belgique-reduction-de-la-tva-a-6-pour-les-pompes-a-chaleur\/"},"author":{"name":"Samuel Alves","@id":"https:\/\/www.renouvelle.be\/fr\/#\/schema\/person\/9d743366fb269eeceaa8d60e98d289d3"},"headline":"Belgique\u00a0: r\u00e9duction de la TVA \u00e0 6% pour les pompes \u00e0 chaleur","datePublished":"2025-11-17T10:58:38+00:00","dateModified":"2025-11-17T11:02:21+00:00","mainEntityOfPage":{"@id":"https:\/\/www.renouvelle.be\/fr\/belgique-reduction-de-la-tva-a-6-pour-les-pompes-a-chaleur\/"},"wordCount":65,"image":{"@id":"https:\/\/www.renouvelle.be\/fr\/belgique-reduction-de-la-tva-a-6-pour-les-pompes-a-chaleur\/#primaryimage"},"thumbnailUrl":"https:\/\/www.renouvelle.be\/wp-content\/uploads\/2025\/11\/AdobeStock_440519177-scaled-e1763376956969.jpeg","articleSection":["Actualit\u00e9","Actualit\u00e9 en Belgique"],"inLanguage":"fr-FR"},{"@type":"WebPage","@id":"https:\/\/www.renouvelle.be\/fr\/belgique-reduction-de-la-tva-a-6-pour-les-pompes-a-chaleur\/","url":"https:\/\/www.renouvelle.be\/fr\/belgique-reduction-de-la-tva-a-6-pour-les-pompes-a-chaleur\/","name":"Belgique\u00a0: r\u00e9duction de la TVA \u00e0 6% pour les pompes \u00e0 chaleur - Renouvelle","isPartOf":{"@id":"https:\/\/www.renouvelle.be\/fr\/#website"},"primaryImageOfPage":{"@id":"https:\/\/www.renouvelle.be\/fr\/belgique-reduction-de-la-tva-a-6-pour-les-pompes-a-chaleur\/#primaryimage"},"image":{"@id":"https:\/\/www.renouvelle.be\/fr\/belgique-reduction-de-la-tva-a-6-pour-les-pompes-a-chaleur\/#primaryimage"},"thumbnailUrl":"https:\/\/www.renouvelle.be\/wp-content\/uploads\/2025\/11\/AdobeStock_440519177-scaled-e1763376956969.jpeg","datePublished":"2025-11-17T10:58:38+00:00","dateModified":"2025-11-17T11:02:21+00:00","author":{"@id":"https:\/\/www.renouvelle.be\/fr\/#\/schema\/person\/9d743366fb269eeceaa8d60e98d289d3"},"description":"Nouvelle r\u00e9duction du taux de TVA pour l'installation de pompes \u00e0 chaleur qui passera de 21% \u00e0 6%, pour une p\u00e9riode de 5 ans.","breadcrumb":{"@id":"https:\/\/www.renouvelle.be\/fr\/belgique-reduction-de-la-tva-a-6-pour-les-pompes-a-chaleur\/#breadcrumb"},"inLanguage":"fr-FR","potentialAction":[{"@type":"ReadAction","target":["https:\/\/www.renouvelle.be\/fr\/belgique-reduction-de-la-tva-a-6-pour-les-pompes-a-chaleur\/"]}]},{"@type":"ImageObject","inLanguage":"fr-FR","@id":"https:\/\/www.renouvelle.be\/fr\/belgique-reduction-de-la-tva-a-6-pour-les-pompes-a-chaleur\/#primaryimage","url":"https:\/\/www.renouvelle.be\/wp-content\/uploads\/2025\/11\/AdobeStock_440519177-scaled-e1763376956969.jpeg","contentUrl":"https:\/\/www.renouvelle.be\/wp-content\/uploads\/2025\/11\/AdobeStock_440519177-scaled-e1763376956969.jpeg","width":1800,"height":1070,"caption":"r\u00e9duction TVA pompes chaleur"},{"@type":"BreadcrumbList","@id":"https:\/\/www.renouvelle.be\/fr\/belgique-reduction-de-la-tva-a-6-pour-les-pompes-a-chaleur\/#breadcrumb","itemListElement":[{"@type":"ListItem","position":1,"name":"Accueil","item":"https:\/\/www.renouvelle.be\/fr\/"},{"@type":"ListItem","position":2,"name":"Belgique\u00a0: r\u00e9duction de la TVA \u00e0 6% pour les pompes \u00e0 chaleur"}]},{"@type":"WebSite","@id":"https:\/\/www.renouvelle.be\/fr\/#website","url":"https:\/\/www.renouvelle.be\/fr\/","name":"Renouvelle","description":"L&#039;actualit\u00e9 de l&#039;\u00e9nergie durable","potentialAction":[{"@type":"SearchAction","target":{"@type":"EntryPoint","urlTemplate":"https:\/\/www.renouvelle.be\/fr\/?s={search_term_string}"},"query-input":{"@type":"PropertyValueSpecification","valueRequired":true,"valueName":"search_term_string"}}],"inLanguage":"fr-FR"},{"@type":"Person","@id":"https:\/\/www.renouvelle.be\/fr\/#\/schema\/person\/9d743366fb269eeceaa8d60e98d289d3","name":"Samuel Alves","url":"https:\/\/www.renouvelle.be\/fr\/author\/salves\/"}]}},"_links":{"self":[{"href":"https:\/\/www.renouvelle.be\/fr\/wp-json\/wp\/v2\/posts\/16012","targetHints":{"allow":["GET"]}}],"collection":[{"href":"https:\/\/www.renouvelle.be\/fr\/wp-json\/wp\/v2\/posts"}],"about":[{"href":"https:\/\/www.renouvelle.be\/fr\/wp-json\/wp\/v2\/types\/post"}],"author":[{"embeddable":true,"href":"https:\/\/www.renouvelle.be\/fr\/wp-json\/wp\/v2\/users\/38"}],"replies":[{"embeddable":true,"href":"https:\/\/www.renouvelle.be\/fr\/wp-json\/wp\/v2\/comments?post=16012"}],"version-history":[{"count":2,"href":"https:\/\/www.renouvelle.be\/fr\/wp-json\/wp\/v2\/posts\/16012\/revisions"}],"predecessor-version":[{"id":16016,"href":"https:\/\/www.renouvelle.be\/fr\/wp-json\/wp\/v2\/posts\/16012\/revisions\/16016"}],"wp:featuredmedia":[{"embeddable":true,"href":"https:\/\/www.renouvelle.be\/fr\/wp-json\/wp\/v2\/media\/16013"}],"wp:attachment":[{"href":"https:\/\/www.renouvelle.be\/fr\/wp-json\/wp\/v2\/media?parent=16012"}],"wp:term":[{"taxonomy":"category","embeddable":true,"href":"https:\/\/www.renouvelle.be\/fr\/wp-json\/wp\/v2\/categories?post=16012"},{"taxonomy":"post_tag","embeddable":true,"href":"https:\/\/www.renouvelle.be\/fr\/wp-json\/wp\/v2\/tags?post=16012"},{"taxonomy":"section","embeddable":true,"href":"https:\/\/www.renouvelle.be\/fr\/wp-json\/wp\/v2\/section?post=16012"}],"curies":[{"name":"wp","href":"https:\/\/api.w.org\/{rel}","templated":true}]}}