{"id":16000,"date":"2025-11-12T15:33:51","date_gmt":"2025-11-12T14:33:51","guid":{"rendered":"https:\/\/www.renouvelle.be\/?p=16000"},"modified":"2025-11-13T15:36:43","modified_gmt":"2025-11-13T14:36:43","slug":"les-energies-renouvelables-depasseront-le-petrole-et-le-charbon-2030","status":"publish","type":"post","link":"https:\/\/www.renouvelle.be\/fr\/les-energies-renouvelables-depasseront-le-petrole-et-le-charbon-2030\/","title":{"rendered":"2030 : p\u00e9trole et charbon d\u00e9pass\u00e9s par les \u00e9nergies renouvelables"},"content":{"rendered":"\n<p>\u00c0 travers trois sc\u00e9narios, l\u2019AIE nous partage ses pr\u00e9visions concernant l\u2019avenir de l\u2019\u00e9nergie mondiale, et g\u00e2chons tout de suite une bonne surprise&nbsp;: \u00e7a va bien se passer pour les \u00e9nergies renouvelables d\u2019ici 2030. Surprise qui n\u2019en n\u2019est plus vraiment une en r\u00e9alit\u00e9 comme nous avons pu le constater tout au long de cette ann\u00e9e via plusieurs de nos <a href=\"https:\/\/www.renouvelle.be\/fr\/2025-energies-renouvelables-production-fossile\/\" target=\"_blank\" rel=\"noreferrer noopener\">articles<\/a>.<\/p>\n\n\n\n<p>\u00c9videmment, ces trois sc\u00e9narios se d\u00e9roulent selon diff\u00e9rents cas de figure&nbsp;: le premier se base les politiques d\u00e9j\u00e0 appliqu\u00e9es, le deuxi\u00e8me les ambitions actuelles des pays et le troisi\u00e8me y inclue les mesures \u00e0 adopter dans l\u2019objectif d\u2019atteindre la neutralit\u00e9 carbone en 2050.<\/p>\n\n\n\n<p>Globalement, il faudra s\u2019attendre \u00e0 une importante hausse de la demande en \u00e9lectricit\u00e9, cons\u00e9quence de l\u2019augmentation des besoins en climatiseurs de certains pays mais aussi de ceux g\u00e9n\u00e9r\u00e9s par les data centers ou encore ceux pour le d\u00e9ploiement de la mobilit\u00e9 \u00e9lectrique, sans oublier l\u2019intelligence artificielle.<\/p>\n\n\n\n<p>Les \u00e9nergies renouvelables, qui attestent de <a href=\"https:\/\/www.renouvelle.be\/fr\/energies-renouvelables-capacite-mondiale-doubler-2030\/\" target=\"_blank\" rel=\"noreferrer noopener\">records d\u2019installation<\/a> de nouvelle capacit\u00e9 ann\u00e9e apr\u00e8s ann\u00e9e, devraient poursuivre leur croissance, plus rapide que toute autre source d\u2019\u00e9nergie, peu importe le sc\u00e9nario en action. Et cela y compris dans le cas o\u00f9 les objectifs en mati\u00e8re de climat reculeraient comme aux \u00c9tats-Unis qui, d\u2019ici 2035, devraient conna\u00eetre une baisse de 35% dans les ajouts de nouvelle capacit\u00e9 pr\u00e9vus dans le rapport l\u2019ann\u00e9e pass\u00e9e. Pour la Chine, il s\u2019agira de tout le contraire puisqu\u2019elle devrait repr\u00e9senter 40 \u00e0 60% de la nouvelle capacit\u00e9 mondiale.<\/p>\n\n\n\n<p>Mais attention, tout cela reste des sc\u00e9narios et il ne faudra pas rel\u00e2cher la vigilance et les efforts \u00e0 appliquer dans la vie r\u00e9elle car nous ne sommes pas encore au point de tripler ces capacit\u00e9s d\u2019ici 2030, comme il avait \u00e9t\u00e9 alors d\u00e9cid\u00e9 \u00e0 la COP28. Actuellement, nous serions plut\u00f4t autour de 2,6 fois. Pas loin donc mais pas dans le mille non plus.<\/p>\n\n\n\n<p>Le charbon et le p\u00e9trole devraient atteindre leur pic d\u2019utilisation en 2030 mais il est, \u00e0 nouveau, n\u00e9cessaire de contextualiser l\u2019information car les \u00e9missions produites par le secteur de l\u2019\u00e9nergie continuent de se multiplier. Nous assistons, en effet, \u00e0 des records de demande en ressources fossiles, y compris pour le gaz naturel, qui dans le sc\u00e9nario interm\u00e9diaire et contrairement au charbon et au p\u00e9trole, devrait continuer de cro\u00eetre.<\/p>\n\n\n\n<p>Le nucl\u00e9aire est, quant \u00e0 lui, sur le retour puisqu\u2019apr\u00e8s une p\u00e9riode de ralentissement, voire d\u2019immobilisme, l\u2019AIE nous rapporte que plus de 70 GW de capacit\u00e9 sont en construction soit un niveau des plus \u00e9lev\u00e9s depuis 30 ans.<\/p>\n\n\n\n<p>Peu importe la voie dans laquelle s\u2019engageront nos pays, les infrastructures et syst\u00e8mes \u00e9lectriques seront soumis \u00e0 rudes \u00e9preuves \u00e9tant donn\u00e9 que les besoins en \u00e9lectricit\u00e9 devraient augmenter d\u2019environ 40% sur les 10 ann\u00e9es \u00e0 venir. La solution&nbsp;afin d\u2019\u00e9viter que l\u2019\u00e9lectrification ne devienne pas (plus) p\u00e9nible&nbsp;? Des investissements financiers, comme souvent mais n\u00e9cessaires, si on veut d\u00e9velopper des nouveaux r\u00e9seaux \u00e9lectriques plus rapidement, multiplier les interconnexions et disposer de plus de syst\u00e8mes de stockage d\u2019\u00e9nergie. Les investissements dans la production d&rsquo;\u00e9lectricit\u00e9 ont grimp\u00e9 de pr\u00e8s de 70 % depuis 2015 pour atteindre 1 000 milliards de dollars par an, alors que les d\u00e9penses consacr\u00e9es au r\u00e9seau ont progress\u00e9 deux fois moins vite, atteignant 400 milliards de dollars.<\/p>\n\n\n\n<p>Des inqui\u00e9tudes surgissent \u00e9galement concernant la cha\u00eene d\u2019approvisionnement en mat\u00e9riaux critiques bien trop concentr\u00e9s entre quelques mains seulement sur le march\u00e9, et notamment celles de la Chine.<\/p>\n\n\n\n<p>Les d\u00e9cideurs politiques semblent ne plus avoir comme seul choix de s\u2019engager plus activement et tenir les promesses en mati\u00e8re de renouvelables afin d\u2019assurer la s\u00e9curit\u00e9 \u00e9nerg\u00e9tique de leur pays et, par ricochet, atteindre la neutralit\u00e9 climatique.<\/p>\n\n\n\n<p>Le World Energy Outlook 2025 est \u00e0 lire dans son int\u00e9gralit\u00e9 sur <a href=\"https:\/\/www.iea.org\/reports\/world-energy-outlook-2025\" target=\"_blank\" rel=\"noreferrer noopener\">ce lien<\/a>.<\/p>\n","protected":false},"excerpt":{"rendered":"<p>\u00c0 travers trois sc\u00e9narios, l\u2019AIE nous partage ses pr\u00e9visions concernant l\u2019avenir de l\u2019\u00e9nergie mondiale, et g\u00e2chons tout de suite une bonne surprise&nbsp;: \u00e7a va bien se passer pour les \u00e9nergies renouvelables d\u2019ici 2030. Surprise qui n\u2019en n\u2019est plus vraiment une en r\u00e9alit\u00e9 comme nous avons pu le constater tout au long de cette ann\u00e9e via plusieurs de nos articles. \u00c9videmment, ces trois sc\u00e9narios se d\u00e9roulent selon diff\u00e9rents cas de figure&nbsp;: le premier se base les politiques d\u00e9j\u00e0 appliqu\u00e9es, le deuxi\u00e8me les ambitions actuelles des pays et le troisi\u00e8me y inclue les mesures \u00e0 adopter dans l\u2019objectif d\u2019atteindre la neutralit\u00e9 carbone en 2050. Globalement, il faudra s\u2019attendre \u00e0 une importante hausse de la demande en \u00e9lectricit\u00e9, cons\u00e9quence de l\u2019augmentation des besoins en climatiseurs de certains pays mais aussi de ceux g\u00e9n\u00e9r\u00e9s par les data centers ou encore ceux pour le d\u00e9ploiement de la mobilit\u00e9 \u00e9lectrique, sans oublier l\u2019intelligence artificielle. Les \u00e9nergies renouvelables, qui attestent de records d\u2019installation de nouvelle capacit\u00e9 ann\u00e9e apr\u00e8s ann\u00e9e, devraient poursuivre leur croissance, plus rapide que toute autre source d\u2019\u00e9nergie, peu importe le sc\u00e9nario en action. Et cela y compris dans le cas o\u00f9 les objectifs en mati\u00e8re de climat reculeraient comme aux \u00c9tats-Unis qui, d\u2019ici 2035, devraient conna\u00eetre une baisse de 35% dans les ajouts de nouvelle capacit\u00e9 pr\u00e9vus dans le rapport l\u2019ann\u00e9e pass\u00e9e. Pour la Chine, il s\u2019agira de tout le contraire puisqu\u2019elle devrait repr\u00e9senter 40 \u00e0 60% de la nouvelle capacit\u00e9 mondiale. Mais attention, tout cela reste des sc\u00e9narios et il ne faudra pas rel\u00e2cher la vigilance et les efforts \u00e0 appliquer dans la vie r\u00e9elle car nous ne sommes pas encore au point de tripler ces capacit\u00e9s d\u2019ici 2030, comme il avait \u00e9t\u00e9 alors d\u00e9cid\u00e9 \u00e0 la COP28. Actuellement, nous serions plut\u00f4t autour &hellip; <a href=\"https:\/\/www.renouvelle.be\/fr\/les-energies-renouvelables-depasseront-le-petrole-et-le-charbon-2030\/\" class=\"more-link\">Continue reading<span class=\"screen-reader-text\"> \u00ab\u00a02030 : p\u00e9trole et charbon d\u00e9pass\u00e9s par les \u00e9nergies renouvelables\u00a0\u00bb<\/span><\/a><\/p>\n","protected":false},"author":38,"featured_media":16004,"comment_status":"closed","ping_status":"closed","sticky":false,"template":"","format":"standard","meta":{"_acf_changed":false,"footnotes":""},"categories":[16,18],"tags":[],"section":[8],"class_list":["post-16000","post","type-post","status-publish","format-standard","has-post-thumbnail","hentry","category-actualite","category-actualite-internationale","section-energie-renouvelables"],"acf":[],"yoast_head":"<!-- This site is optimized with the Yoast SEO plugin v27.4 - https:\/\/yoast.com\/product\/yoast-seo-wordpress\/ -->\n<title>2030 : p\u00e9trole et charbon d\u00e9pass\u00e9s par les \u00e9nergies renouvelables - Renouvelle<\/title>\n<meta name=\"description\" content=\"L\u2019AIE d\u00e9voile ses pr\u00e9visions pour l\u2019\u00e9nergie mondiale dont une forte croissance des \u00e9nergies renouvelables d\u2019ici 2030.\" \/>\n<meta name=\"robots\" content=\"index, follow, max-snippet:-1, max-image-preview:large, max-video-preview:-1\" \/>\n<link rel=\"canonical\" href=\"https:\/\/www.renouvelle.be\/fr\/les-energies-renouvelables-depasseront-le-petrole-et-le-charbon-2030\/\" \/>\n<meta property=\"og:locale\" content=\"fr_FR\" \/>\n<meta property=\"og:type\" content=\"article\" \/>\n<meta property=\"og:title\" content=\"2030 : p\u00e9trole et charbon d\u00e9pass\u00e9s par les \u00e9nergies renouvelables - Renouvelle\" \/>\n<meta property=\"og:description\" content=\"L\u2019AIE d\u00e9voile ses pr\u00e9visions pour l\u2019\u00e9nergie mondiale dont une forte croissance des \u00e9nergies renouvelables d\u2019ici 2030.\" \/>\n<meta property=\"og:url\" content=\"https:\/\/www.renouvelle.be\/fr\/les-energies-renouvelables-depasseront-le-petrole-et-le-charbon-2030\/\" \/>\n<meta property=\"og:site_name\" content=\"Renouvelle\" \/>\n<meta property=\"article:published_time\" content=\"2025-11-12T14:33:51+00:00\" \/>\n<meta property=\"article:modified_time\" content=\"2025-11-13T14:36:43+00:00\" \/>\n<meta property=\"og:image\" content=\"https:\/\/www.renouvelle.be\/wp-content\/uploads\/2025\/11\/AdobeStock_626394278-scaled-e1762957786108.jpeg\" \/>\n\t<meta property=\"og:image:width\" content=\"1374\" \/>\n\t<meta property=\"og:image:height\" content=\"832\" \/>\n\t<meta property=\"og:image:type\" content=\"image\/jpeg\" \/>\n<meta name=\"author\" content=\"Samuel Alves\" \/>\n<meta name=\"twitter:card\" content=\"summary_large_image\" \/>\n<script type=\"application\/ld+json\" class=\"yoast-schema-graph\">{\"@context\":\"https:\\\/\\\/schema.org\",\"@graph\":[{\"@type\":\"Article\",\"@id\":\"https:\\\/\\\/www.renouvelle.be\\\/fr\\\/les-energies-renouvelables-depasseront-le-petrole-et-le-charbon-2030\\\/#article\",\"isPartOf\":{\"@id\":\"https:\\\/\\\/www.renouvelle.be\\\/fr\\\/les-energies-renouvelables-depasseront-le-petrole-et-le-charbon-2030\\\/\"},\"author\":{\"name\":\"Samuel Alves\",\"@id\":\"https:\\\/\\\/www.renouvelle.be\\\/fr\\\/#\\\/schema\\\/person\\\/9d743366fb269eeceaa8d60e98d289d3\"},\"headline\":\"2030 : p\u00e9trole et charbon d\u00e9pass\u00e9s par les \u00e9nergies renouvelables\",\"datePublished\":\"2025-11-12T14:33:51+00:00\",\"dateModified\":\"2025-11-13T14:36:43+00:00\",\"mainEntityOfPage\":{\"@id\":\"https:\\\/\\\/www.renouvelle.be\\\/fr\\\/les-energies-renouvelables-depasseront-le-petrole-et-le-charbon-2030\\\/\"},\"wordCount\":684,\"image\":{\"@id\":\"https:\\\/\\\/www.renouvelle.be\\\/fr\\\/les-energies-renouvelables-depasseront-le-petrole-et-le-charbon-2030\\\/#primaryimage\"},\"thumbnailUrl\":\"https:\\\/\\\/www.renouvelle.be\\\/wp-content\\\/uploads\\\/2025\\\/11\\\/AdobeStock_626394278-scaled-e1762957786108.jpeg\",\"articleSection\":[\"Actualit\u00e9\",\"Actualit\u00e9 internationale\"],\"inLanguage\":\"fr-FR\"},{\"@type\":\"WebPage\",\"@id\":\"https:\\\/\\\/www.renouvelle.be\\\/fr\\\/les-energies-renouvelables-depasseront-le-petrole-et-le-charbon-2030\\\/\",\"url\":\"https:\\\/\\\/www.renouvelle.be\\\/fr\\\/les-energies-renouvelables-depasseront-le-petrole-et-le-charbon-2030\\\/\",\"name\":\"2030 : p\u00e9trole et charbon d\u00e9pass\u00e9s par les \u00e9nergies renouvelables - Renouvelle\",\"isPartOf\":{\"@id\":\"https:\\\/\\\/www.renouvelle.be\\\/fr\\\/#website\"},\"primaryImageOfPage\":{\"@id\":\"https:\\\/\\\/www.renouvelle.be\\\/fr\\\/les-energies-renouvelables-depasseront-le-petrole-et-le-charbon-2030\\\/#primaryimage\"},\"image\":{\"@id\":\"https:\\\/\\\/www.renouvelle.be\\\/fr\\\/les-energies-renouvelables-depasseront-le-petrole-et-le-charbon-2030\\\/#primaryimage\"},\"thumbnailUrl\":\"https:\\\/\\\/www.renouvelle.be\\\/wp-content\\\/uploads\\\/2025\\\/11\\\/AdobeStock_626394278-scaled-e1762957786108.jpeg\",\"datePublished\":\"2025-11-12T14:33:51+00:00\",\"dateModified\":\"2025-11-13T14:36:43+00:00\",\"author\":{\"@id\":\"https:\\\/\\\/www.renouvelle.be\\\/fr\\\/#\\\/schema\\\/person\\\/9d743366fb269eeceaa8d60e98d289d3\"},\"description\":\"L\u2019AIE d\u00e9voile ses pr\u00e9visions pour l\u2019\u00e9nergie mondiale dont une forte croissance des \u00e9nergies renouvelables d\u2019ici 2030.\",\"breadcrumb\":{\"@id\":\"https:\\\/\\\/www.renouvelle.be\\\/fr\\\/les-energies-renouvelables-depasseront-le-petrole-et-le-charbon-2030\\\/#breadcrumb\"},\"inLanguage\":\"fr-FR\",\"potentialAction\":[{\"@type\":\"ReadAction\",\"target\":[\"https:\\\/\\\/www.renouvelle.be\\\/fr\\\/les-energies-renouvelables-depasseront-le-petrole-et-le-charbon-2030\\\/\"]}]},{\"@type\":\"ImageObject\",\"inLanguage\":\"fr-FR\",\"@id\":\"https:\\\/\\\/www.renouvelle.be\\\/fr\\\/les-energies-renouvelables-depasseront-le-petrole-et-le-charbon-2030\\\/#primaryimage\",\"url\":\"https:\\\/\\\/www.renouvelle.be\\\/wp-content\\\/uploads\\\/2025\\\/11\\\/AdobeStock_626394278-scaled-e1762957786108.jpeg\",\"contentUrl\":\"https:\\\/\\\/www.renouvelle.be\\\/wp-content\\\/uploads\\\/2025\\\/11\\\/AdobeStock_626394278-scaled-e1762957786108.jpeg\",\"width\":1374,\"height\":832,\"caption\":\"\u00e9nergies renouvelables 2030\"},{\"@type\":\"BreadcrumbList\",\"@id\":\"https:\\\/\\\/www.renouvelle.be\\\/fr\\\/les-energies-renouvelables-depasseront-le-petrole-et-le-charbon-2030\\\/#breadcrumb\",\"itemListElement\":[{\"@type\":\"ListItem\",\"position\":1,\"name\":\"Accueil\",\"item\":\"https:\\\/\\\/www.renouvelle.be\\\/fr\\\/\"},{\"@type\":\"ListItem\",\"position\":2,\"name\":\"2030 : p\u00e9trole et charbon d\u00e9pass\u00e9s par les \u00e9nergies renouvelables\"}]},{\"@type\":\"WebSite\",\"@id\":\"https:\\\/\\\/www.renouvelle.be\\\/fr\\\/#website\",\"url\":\"https:\\\/\\\/www.renouvelle.be\\\/fr\\\/\",\"name\":\"Renouvelle\",\"description\":\"L&#039;actualit\u00e9 de l&#039;\u00e9nergie durable\",\"potentialAction\":[{\"@type\":\"SearchAction\",\"target\":{\"@type\":\"EntryPoint\",\"urlTemplate\":\"https:\\\/\\\/www.renouvelle.be\\\/fr\\\/?s={search_term_string}\"},\"query-input\":{\"@type\":\"PropertyValueSpecification\",\"valueRequired\":true,\"valueName\":\"search_term_string\"}}],\"inLanguage\":\"fr-FR\"},{\"@type\":\"Person\",\"@id\":\"https:\\\/\\\/www.renouvelle.be\\\/fr\\\/#\\\/schema\\\/person\\\/9d743366fb269eeceaa8d60e98d289d3\",\"name\":\"Samuel Alves\",\"url\":\"https:\\\/\\\/www.renouvelle.be\\\/fr\\\/author\\\/salves\\\/\"}]}<\/script>\n<!-- \/ Yoast SEO plugin. -->","yoast_head_json":{"title":"2030 : p\u00e9trole et charbon d\u00e9pass\u00e9s par les \u00e9nergies renouvelables - Renouvelle","description":"L\u2019AIE d\u00e9voile ses pr\u00e9visions pour l\u2019\u00e9nergie mondiale dont une forte croissance des \u00e9nergies renouvelables d\u2019ici 2030.","robots":{"index":"index","follow":"follow","max-snippet":"max-snippet:-1","max-image-preview":"max-image-preview:large","max-video-preview":"max-video-preview:-1"},"canonical":"https:\/\/www.renouvelle.be\/fr\/les-energies-renouvelables-depasseront-le-petrole-et-le-charbon-2030\/","og_locale":"fr_FR","og_type":"article","og_title":"2030 : p\u00e9trole et charbon d\u00e9pass\u00e9s par les \u00e9nergies renouvelables - Renouvelle","og_description":"L\u2019AIE d\u00e9voile ses pr\u00e9visions pour l\u2019\u00e9nergie mondiale dont une forte croissance des \u00e9nergies renouvelables d\u2019ici 2030.","og_url":"https:\/\/www.renouvelle.be\/fr\/les-energies-renouvelables-depasseront-le-petrole-et-le-charbon-2030\/","og_site_name":"Renouvelle","article_published_time":"2025-11-12T14:33:51+00:00","article_modified_time":"2025-11-13T14:36:43+00:00","og_image":[{"width":1374,"height":832,"url":"https:\/\/www.renouvelle.be\/wp-content\/uploads\/2025\/11\/AdobeStock_626394278-scaled-e1762957786108.jpeg","type":"image\/jpeg"}],"author":"Samuel Alves","twitter_card":"summary_large_image","schema":{"@context":"https:\/\/schema.org","@graph":[{"@type":"Article","@id":"https:\/\/www.renouvelle.be\/fr\/les-energies-renouvelables-depasseront-le-petrole-et-le-charbon-2030\/#article","isPartOf":{"@id":"https:\/\/www.renouvelle.be\/fr\/les-energies-renouvelables-depasseront-le-petrole-et-le-charbon-2030\/"},"author":{"name":"Samuel Alves","@id":"https:\/\/www.renouvelle.be\/fr\/#\/schema\/person\/9d743366fb269eeceaa8d60e98d289d3"},"headline":"2030 : p\u00e9trole et charbon d\u00e9pass\u00e9s par les \u00e9nergies renouvelables","datePublished":"2025-11-12T14:33:51+00:00","dateModified":"2025-11-13T14:36:43+00:00","mainEntityOfPage":{"@id":"https:\/\/www.renouvelle.be\/fr\/les-energies-renouvelables-depasseront-le-petrole-et-le-charbon-2030\/"},"wordCount":684,"image":{"@id":"https:\/\/www.renouvelle.be\/fr\/les-energies-renouvelables-depasseront-le-petrole-et-le-charbon-2030\/#primaryimage"},"thumbnailUrl":"https:\/\/www.renouvelle.be\/wp-content\/uploads\/2025\/11\/AdobeStock_626394278-scaled-e1762957786108.jpeg","articleSection":["Actualit\u00e9","Actualit\u00e9 internationale"],"inLanguage":"fr-FR"},{"@type":"WebPage","@id":"https:\/\/www.renouvelle.be\/fr\/les-energies-renouvelables-depasseront-le-petrole-et-le-charbon-2030\/","url":"https:\/\/www.renouvelle.be\/fr\/les-energies-renouvelables-depasseront-le-petrole-et-le-charbon-2030\/","name":"2030 : p\u00e9trole et charbon d\u00e9pass\u00e9s par les \u00e9nergies renouvelables - Renouvelle","isPartOf":{"@id":"https:\/\/www.renouvelle.be\/fr\/#website"},"primaryImageOfPage":{"@id":"https:\/\/www.renouvelle.be\/fr\/les-energies-renouvelables-depasseront-le-petrole-et-le-charbon-2030\/#primaryimage"},"image":{"@id":"https:\/\/www.renouvelle.be\/fr\/les-energies-renouvelables-depasseront-le-petrole-et-le-charbon-2030\/#primaryimage"},"thumbnailUrl":"https:\/\/www.renouvelle.be\/wp-content\/uploads\/2025\/11\/AdobeStock_626394278-scaled-e1762957786108.jpeg","datePublished":"2025-11-12T14:33:51+00:00","dateModified":"2025-11-13T14:36:43+00:00","author":{"@id":"https:\/\/www.renouvelle.be\/fr\/#\/schema\/person\/9d743366fb269eeceaa8d60e98d289d3"},"description":"L\u2019AIE d\u00e9voile ses pr\u00e9visions pour l\u2019\u00e9nergie mondiale dont une forte croissance des \u00e9nergies renouvelables d\u2019ici 2030.","breadcrumb":{"@id":"https:\/\/www.renouvelle.be\/fr\/les-energies-renouvelables-depasseront-le-petrole-et-le-charbon-2030\/#breadcrumb"},"inLanguage":"fr-FR","potentialAction":[{"@type":"ReadAction","target":["https:\/\/www.renouvelle.be\/fr\/les-energies-renouvelables-depasseront-le-petrole-et-le-charbon-2030\/"]}]},{"@type":"ImageObject","inLanguage":"fr-FR","@id":"https:\/\/www.renouvelle.be\/fr\/les-energies-renouvelables-depasseront-le-petrole-et-le-charbon-2030\/#primaryimage","url":"https:\/\/www.renouvelle.be\/wp-content\/uploads\/2025\/11\/AdobeStock_626394278-scaled-e1762957786108.jpeg","contentUrl":"https:\/\/www.renouvelle.be\/wp-content\/uploads\/2025\/11\/AdobeStock_626394278-scaled-e1762957786108.jpeg","width":1374,"height":832,"caption":"\u00e9nergies renouvelables 2030"},{"@type":"BreadcrumbList","@id":"https:\/\/www.renouvelle.be\/fr\/les-energies-renouvelables-depasseront-le-petrole-et-le-charbon-2030\/#breadcrumb","itemListElement":[{"@type":"ListItem","position":1,"name":"Accueil","item":"https:\/\/www.renouvelle.be\/fr\/"},{"@type":"ListItem","position":2,"name":"2030 : p\u00e9trole et charbon d\u00e9pass\u00e9s par les \u00e9nergies renouvelables"}]},{"@type":"WebSite","@id":"https:\/\/www.renouvelle.be\/fr\/#website","url":"https:\/\/www.renouvelle.be\/fr\/","name":"Renouvelle","description":"L&#039;actualit\u00e9 de l&#039;\u00e9nergie durable","potentialAction":[{"@type":"SearchAction","target":{"@type":"EntryPoint","urlTemplate":"https:\/\/www.renouvelle.be\/fr\/?s={search_term_string}"},"query-input":{"@type":"PropertyValueSpecification","valueRequired":true,"valueName":"search_term_string"}}],"inLanguage":"fr-FR"},{"@type":"Person","@id":"https:\/\/www.renouvelle.be\/fr\/#\/schema\/person\/9d743366fb269eeceaa8d60e98d289d3","name":"Samuel Alves","url":"https:\/\/www.renouvelle.be\/fr\/author\/salves\/"}]}},"_links":{"self":[{"href":"https:\/\/www.renouvelle.be\/fr\/wp-json\/wp\/v2\/posts\/16000","targetHints":{"allow":["GET"]}}],"collection":[{"href":"https:\/\/www.renouvelle.be\/fr\/wp-json\/wp\/v2\/posts"}],"about":[{"href":"https:\/\/www.renouvelle.be\/fr\/wp-json\/wp\/v2\/types\/post"}],"author":[{"embeddable":true,"href":"https:\/\/www.renouvelle.be\/fr\/wp-json\/wp\/v2\/users\/38"}],"replies":[{"embeddable":true,"href":"https:\/\/www.renouvelle.be\/fr\/wp-json\/wp\/v2\/comments?post=16000"}],"version-history":[{"count":6,"href":"https:\/\/www.renouvelle.be\/fr\/wp-json\/wp\/v2\/posts\/16000\/revisions"}],"predecessor-version":[{"id":16010,"href":"https:\/\/www.renouvelle.be\/fr\/wp-json\/wp\/v2\/posts\/16000\/revisions\/16010"}],"wp:featuredmedia":[{"embeddable":true,"href":"https:\/\/www.renouvelle.be\/fr\/wp-json\/wp\/v2\/media\/16004"}],"wp:attachment":[{"href":"https:\/\/www.renouvelle.be\/fr\/wp-json\/wp\/v2\/media?parent=16000"}],"wp:term":[{"taxonomy":"category","embeddable":true,"href":"https:\/\/www.renouvelle.be\/fr\/wp-json\/wp\/v2\/categories?post=16000"},{"taxonomy":"post_tag","embeddable":true,"href":"https:\/\/www.renouvelle.be\/fr\/wp-json\/wp\/v2\/tags?post=16000"},{"taxonomy":"section","embeddable":true,"href":"https:\/\/www.renouvelle.be\/fr\/wp-json\/wp\/v2\/section?post=16000"}],"curies":[{"name":"wp","href":"https:\/\/api.w.org\/{rel}","templated":true}]}}