{"id":15979,"date":"2025-11-12T09:55:08","date_gmt":"2025-11-12T08:55:08","guid":{"rendered":"https:\/\/www.renouvelle.be\/?p=15979"},"modified":"2025-11-12T11:03:28","modified_gmt":"2025-11-12T10:03:28","slug":"electricite-en-pologne-la-decarbonation-a-commence","status":"publish","type":"post","link":"https:\/\/www.renouvelle.be\/fr\/electricite-en-pologne-la-decarbonation-a-commence\/","title":{"rendered":"\u00c9lectricit\u00e9 en Pologne\u00a0: la d\u00e9carbonation a commenc\u00e9\u00a0"},"content":{"rendered":"\n<p>La Pologne utilise encore beaucoup de charbon pour produire son \u00e9lectricit\u00e9, \u00e0 savoir 54% en <a href=\"https:\/\/ember-energy.org\/countries-and-regions\/poland\/\" target=\"_blank\" rel=\"noreferrer noopener\">2024<\/a>, ce qui fait d&rsquo;elle le <a href=\"https:\/\/app.electricitymaps.com\/map\/zone\/PL\/live\/fifteen_minutes\" target=\"_blank\" rel=\"noreferrer noopener\">mix \u00e9lectrique<\/a> les plus carbon\u00e9 de l&rsquo;Union Europ\u00e9enne avec 702 gCO2\/kWh en 2024. Mais le pays d\u00e9veloppe des alternatives issues du solaire, de l\u2019\u00e9olien et du nucl\u00e9aire. &nbsp;<\/p>\n\n\n\n<p>Elle dispose de la plus grande centrale thermique d&rsquo;Europe (la centrale \u00e0 charbon de Be\u0142chat\u00f3w), d\u2019une capacit\u00e9 de 5400 MW (soit la puissance de 5 r\u00e9acteurs nucl\u00e9aires) et produisant, \u00e0 elle seule, environ 15 \u00e0 20% de l&rsquo;\u00e9lectricit\u00e9 du pays. Elle utilise du lignite, aussi appel\u00e9 charbon brun, qui figure parmi les types de charbon aux \u00e9missions carbones les plus importantes.<\/p>\n\n\n\n<p>Mais la Pologne a bel et bien amorc\u00e9 sa transition \u00e9nerg\u00e9tique depuis un certain nombre d&rsquo;ann\u00e9es. Les premiers r\u00e9sultats sont visibles : en 2000, le charbon repr\u00e9sentait 95% de l&rsquo;\u00e9lectricit\u00e9 nationale, en 2015 cette proportion baissait jusqu\u2019\u00e0 80% et en 2024 jusqu\u2019\u00e0 54%. Ce d\u00e9clin est remplac\u00e9 par des \u00e9nergies renouvelables, principalement \u00e9olien et solaire (24% en 2024 contre 7% en 2015), mais \u00e9galement par de nouvelles capacit\u00e9s de centrales \u00e0 gaz (12% en 2024 contre 4% en 2015).<\/p>\n\n\n\n<figure class=\"wp-block-image size-large\"><img loading=\"lazy\" decoding=\"async\" width=\"1024\" height=\"409\" src=\"https:\/\/www.renouvelle.be\/wp-content\/uploads\/2025\/11\/pologne_charbon_electricite_01-1024x409.png\" alt=\"\u00e9lectricit\u00e9 pologne\" class=\"wp-image-15993\" srcset=\"https:\/\/www.renouvelle.be\/wp-content\/uploads\/2025\/11\/pologne_charbon_electricite_01-1024x409.png 1024w, https:\/\/www.renouvelle.be\/wp-content\/uploads\/2025\/11\/pologne_charbon_electricite_01-300x120.png 300w, https:\/\/www.renouvelle.be\/wp-content\/uploads\/2025\/11\/pologne_charbon_electricite_01-768x307.png 768w, https:\/\/www.renouvelle.be\/wp-content\/uploads\/2025\/11\/pologne_charbon_electricite_01-1200x479.png 1200w, https:\/\/www.renouvelle.be\/wp-content\/uploads\/2025\/11\/pologne_charbon_electricite_01.png 1264w\" sizes=\"auto, (max-width: 1024px) 100vw, 1024px\" \/><figcaption class=\"wp-element-caption\">Part de la production d\u2019\u00e9lectricit\u00e9 \u00e0 partir du charbon en Pologne. Source : EMBER<\/figcaption><\/figure>\n\n\n\n<p>Le photovolta\u00efque y op\u00e8re une croissance fulgurante depuis 2020, mais fait de plus en plus face \u00e0 des probl\u00e8mes de capacit\u00e9 du r\u00e9seau \u00e9lectrique. Les gestionnaires de r\u00e9seau de distribution sont pr\u00e9occup\u00e9s car les infrastructures ne sont suffisamment dimensionn\u00e9es que pour poursuivre le rythme d&rsquo;installation actuel. Les autorisations de nouvelles connexions commencent \u00e0 se faire plus rares.<\/p>\n\n\n\n<p>D&rsquo;autre part, la strat\u00e9gie \u00e9nerg\u00e9tique polonaise pr\u00e9voit 8 \u00e0 11 GW d&rsquo;\u00e9olien offshore d&rsquo;ici \u00e0 2024, avec notamment la construction du parc <a href=\"https:\/\/www.renouvelle.be\/fr\/baltic-power-parc-eolien-offshore-pologne\/\" target=\"_blank\" rel=\"noreferrer noopener\">Baltic Power<\/a>.<\/p>\n\n\n\n<figure class=\"wp-block-image size-large\"><img loading=\"lazy\" decoding=\"async\" width=\"1024\" height=\"429\" src=\"https:\/\/www.renouvelle.be\/wp-content\/uploads\/2025\/11\/pologne_charbon_electricite_02-1024x429.png\" alt=\"\u00e9lectricit\u00e9 pologne\" class=\"wp-image-15996\" srcset=\"https:\/\/www.renouvelle.be\/wp-content\/uploads\/2025\/11\/pologne_charbon_electricite_02-1024x429.png 1024w, https:\/\/www.renouvelle.be\/wp-content\/uploads\/2025\/11\/pologne_charbon_electricite_02-300x126.png 300w, https:\/\/www.renouvelle.be\/wp-content\/uploads\/2025\/11\/pologne_charbon_electricite_02-768x322.png 768w, https:\/\/www.renouvelle.be\/wp-content\/uploads\/2025\/11\/pologne_charbon_electricite_02-1200x503.png 1200w, https:\/\/www.renouvelle.be\/wp-content\/uploads\/2025\/11\/pologne_charbon_electricite_02.png 1267w\" sizes=\"auto, (max-width: 1024px) 100vw, 1024px\" \/><figcaption class=\"wp-element-caption\">Part de la production d\u2019\u00e9lectricit\u00e9 \u00e0 partir de l\u2019\u00e9olien et du solaire en Pologne. Source : EMBER<\/figcaption><\/figure>\n\n\n\n<p>\u00c0 noter \u00e9galement que la Pologne devrait inaugurer sa premi\u00e8re centrale nucl\u00e9aire d&rsquo;ici 2033. Celle-ci sera compos\u00e9e de 3 tranches, pour une capacit\u00e9 totale de 3.3 GW. D&rsquo;autres centrales sont \u00e9galement pr\u00e9vues pour atteindre une capacit\u00e9 nucl\u00e9aire totale entre 6 et 9 GW d&rsquo;ici \u00e0 2043.<\/p>\n\n\n\n<p>Mais actuellement, l&rsquo;\u00e9lectricit\u00e9 reste encore tr\u00e8s carbon\u00e9e en Pologne, et m\u00eame si depuis 10 ans elle n&rsquo;a baiss\u00e9 \u00ab\u00a0que\u00a0\u00bb de 20-25%, cela repr\u00e9sente quand-m\u00eame des quantit\u00e9s gigantesques de CO2 \u00e9vit\u00e9es : environ 20 millions de tonnes de CO2 par an. La d\u00e9carbonation du secteur \u00e9lectrique est en marche, et elle a des impacts d&rsquo;autant plus grands dans des pays o\u00f9 l&rsquo;\u00e9lectricit\u00e9 est tr\u00e8s carbon\u00e9e.<\/p>\n","protected":false},"excerpt":{"rendered":"<p>La Pologne utilise encore beaucoup de charbon pour produire son \u00e9lectricit\u00e9, \u00e0 savoir 54% en 2024, ce qui fait d&rsquo;elle le mix \u00e9lectrique les plus carbon\u00e9 de l&rsquo;Union Europ\u00e9enne avec 702 gCO2\/kWh en 2024. Mais le pays d\u00e9veloppe des alternatives issues du solaire, de l\u2019\u00e9olien et du nucl\u00e9aire. &nbsp; Elle dispose de la plus grande centrale thermique d&rsquo;Europe (la centrale \u00e0 charbon de Be\u0142chat\u00f3w), d\u2019une capacit\u00e9 de 5400 MW (soit la puissance de 5 r\u00e9acteurs nucl\u00e9aires) et produisant, \u00e0 elle seule, environ 15 \u00e0 20% de l&rsquo;\u00e9lectricit\u00e9 du pays. Elle utilise du lignite, aussi appel\u00e9 charbon brun, qui figure parmi les types de charbon aux \u00e9missions carbones les plus importantes. Mais la Pologne a bel et bien amorc\u00e9 sa transition \u00e9nerg\u00e9tique depuis un certain nombre d&rsquo;ann\u00e9es. Les premiers r\u00e9sultats sont visibles : en 2000, le charbon repr\u00e9sentait 95% de l&rsquo;\u00e9lectricit\u00e9 nationale, en 2015 cette proportion baissait jusqu\u2019\u00e0 80% et en 2024 jusqu\u2019\u00e0 54%. Ce d\u00e9clin est remplac\u00e9 par des \u00e9nergies renouvelables, principalement \u00e9olien et solaire (24% en 2024 contre 7% en 2015), mais \u00e9galement par de nouvelles capacit\u00e9s de centrales \u00e0 gaz (12% en 2024 contre 4% en 2015). Le photovolta\u00efque y op\u00e8re une croissance fulgurante depuis 2020, mais fait de plus en plus face \u00e0 des probl\u00e8mes de capacit\u00e9 du r\u00e9seau \u00e9lectrique. Les gestionnaires de r\u00e9seau de distribution sont pr\u00e9occup\u00e9s car les infrastructures ne sont suffisamment dimensionn\u00e9es que pour poursuivre le rythme d&rsquo;installation actuel. Les autorisations de nouvelles connexions commencent \u00e0 se faire plus rares. D&rsquo;autre part, la strat\u00e9gie \u00e9nerg\u00e9tique polonaise pr\u00e9voit 8 \u00e0 11 GW d&rsquo;\u00e9olien offshore d&rsquo;ici \u00e0 2024, avec notamment la construction du parc Baltic Power. \u00c0 noter \u00e9galement que la Pologne devrait inaugurer sa premi\u00e8re centrale nucl\u00e9aire d&rsquo;ici 2033. Celle-ci sera compos\u00e9e de 3 tranches, &hellip; <a href=\"https:\/\/www.renouvelle.be\/fr\/electricite-en-pologne-la-decarbonation-a-commence\/\" class=\"more-link\">Continue reading<span class=\"screen-reader-text\"> \u00ab\u00a0\u00c9lectricit\u00e9 en Pologne\u00a0: la d\u00e9carbonation a commenc\u00e9\u00a0\u00ab\u00a0<\/span><\/a><\/p>\n","protected":false},"author":34,"featured_media":15981,"comment_status":"closed","ping_status":"closed","sticky":false,"template":"","format":"standard","meta":{"_acf_changed":false,"footnotes":""},"categories":[16,18],"tags":[],"section":[8,13,6],"class_list":["post-15979","post","type-post","status-publish","format-standard","has-post-thumbnail","hentry","category-actualite","category-actualite-internationale","section-energie-renouvelables","section-solaire","section-eolien"],"acf":[],"yoast_head":"<!-- This site is optimized with the Yoast SEO plugin v27.4 - https:\/\/yoast.com\/product\/yoast-seo-wordpress\/ -->\n<title>\u00c9lectricit\u00e9 en Pologne\u00a0: la d\u00e9carbonation a commenc\u00e9\u00a0 - Renouvelle<\/title>\n<meta name=\"description\" content=\"Assistons-nous au d\u00e9but de la d\u00e9carbonation de l&#039;\u00e9lectricit\u00e9 en Pologne ? Tout n&#039;est pas aussi simple, Renouvelle vous l&#039;explique !\" \/>\n<meta name=\"robots\" content=\"index, follow, max-snippet:-1, max-image-preview:large, max-video-preview:-1\" \/>\n<link rel=\"canonical\" href=\"https:\/\/www.renouvelle.be\/fr\/electricite-en-pologne-la-decarbonation-a-commence\/\" \/>\n<meta property=\"og:locale\" content=\"fr_FR\" \/>\n<meta property=\"og:type\" content=\"article\" \/>\n<meta property=\"og:title\" content=\"\u00c9lectricit\u00e9 en Pologne\u00a0: la d\u00e9carbonation a commenc\u00e9\u00a0 - Renouvelle\" \/>\n<meta property=\"og:description\" content=\"Assistons-nous au d\u00e9but de la d\u00e9carbonation de l&#039;\u00e9lectricit\u00e9 en Pologne ? Tout n&#039;est pas aussi simple, Renouvelle vous l&#039;explique !\" \/>\n<meta property=\"og:url\" content=\"https:\/\/www.renouvelle.be\/fr\/electricite-en-pologne-la-decarbonation-a-commence\/\" \/>\n<meta property=\"og:site_name\" content=\"Renouvelle\" \/>\n<meta property=\"article:published_time\" content=\"2025-11-12T08:55:08+00:00\" \/>\n<meta property=\"article:modified_time\" content=\"2025-11-12T10:03:28+00:00\" \/>\n<meta property=\"og:image\" content=\"https:\/\/www.renouvelle.be\/wp-content\/uploads\/2025\/11\/AdobeStock_656587704-scaled-e1762505749817.jpeg\" \/>\n\t<meta property=\"og:image:width\" content=\"2560\" \/>\n\t<meta property=\"og:image:height\" content=\"1638\" \/>\n\t<meta property=\"og:image:type\" content=\"image\/jpeg\" \/>\n<meta name=\"author\" content=\"Olivier BOVEROUX\" \/>\n<meta name=\"twitter:card\" content=\"summary_large_image\" \/>\n<script type=\"application\/ld+json\" class=\"yoast-schema-graph\">{\"@context\":\"https:\\\/\\\/schema.org\",\"@graph\":[{\"@type\":\"Article\",\"@id\":\"https:\\\/\\\/www.renouvelle.be\\\/fr\\\/electricite-en-pologne-la-decarbonation-a-commence\\\/#article\",\"isPartOf\":{\"@id\":\"https:\\\/\\\/www.renouvelle.be\\\/fr\\\/electricite-en-pologne-la-decarbonation-a-commence\\\/\"},\"author\":{\"name\":\"Olivier BOVEROUX\",\"@id\":\"https:\\\/\\\/www.renouvelle.be\\\/fr\\\/#\\\/schema\\\/person\\\/339d070b54005d1c9bb9996bc1f6f7c9\"},\"headline\":\"\u00c9lectricit\u00e9 en Pologne\u00a0: la d\u00e9carbonation a commenc\u00e9\u00a0\",\"datePublished\":\"2025-11-12T08:55:08+00:00\",\"dateModified\":\"2025-11-12T10:03:28+00:00\",\"mainEntityOfPage\":{\"@id\":\"https:\\\/\\\/www.renouvelle.be\\\/fr\\\/electricite-en-pologne-la-decarbonation-a-commence\\\/\"},\"wordCount\":430,\"image\":{\"@id\":\"https:\\\/\\\/www.renouvelle.be\\\/fr\\\/electricite-en-pologne-la-decarbonation-a-commence\\\/#primaryimage\"},\"thumbnailUrl\":\"https:\\\/\\\/www.renouvelle.be\\\/wp-content\\\/uploads\\\/2025\\\/11\\\/AdobeStock_656587704-scaled-e1762505749817.jpeg\",\"articleSection\":[\"Actualit\u00e9\",\"Actualit\u00e9 internationale\"],\"inLanguage\":\"fr-FR\"},{\"@type\":\"WebPage\",\"@id\":\"https:\\\/\\\/www.renouvelle.be\\\/fr\\\/electricite-en-pologne-la-decarbonation-a-commence\\\/\",\"url\":\"https:\\\/\\\/www.renouvelle.be\\\/fr\\\/electricite-en-pologne-la-decarbonation-a-commence\\\/\",\"name\":\"\u00c9lectricit\u00e9 en Pologne\u00a0: la d\u00e9carbonation a commenc\u00e9\u00a0 - Renouvelle\",\"isPartOf\":{\"@id\":\"https:\\\/\\\/www.renouvelle.be\\\/fr\\\/#website\"},\"primaryImageOfPage\":{\"@id\":\"https:\\\/\\\/www.renouvelle.be\\\/fr\\\/electricite-en-pologne-la-decarbonation-a-commence\\\/#primaryimage\"},\"image\":{\"@id\":\"https:\\\/\\\/www.renouvelle.be\\\/fr\\\/electricite-en-pologne-la-decarbonation-a-commence\\\/#primaryimage\"},\"thumbnailUrl\":\"https:\\\/\\\/www.renouvelle.be\\\/wp-content\\\/uploads\\\/2025\\\/11\\\/AdobeStock_656587704-scaled-e1762505749817.jpeg\",\"datePublished\":\"2025-11-12T08:55:08+00:00\",\"dateModified\":\"2025-11-12T10:03:28+00:00\",\"author\":{\"@id\":\"https:\\\/\\\/www.renouvelle.be\\\/fr\\\/#\\\/schema\\\/person\\\/339d070b54005d1c9bb9996bc1f6f7c9\"},\"description\":\"Assistons-nous au d\u00e9but de la d\u00e9carbonation de l'\u00e9lectricit\u00e9 en Pologne ? Tout n'est pas aussi simple, Renouvelle vous l'explique !\",\"breadcrumb\":{\"@id\":\"https:\\\/\\\/www.renouvelle.be\\\/fr\\\/electricite-en-pologne-la-decarbonation-a-commence\\\/#breadcrumb\"},\"inLanguage\":\"fr-FR\",\"potentialAction\":[{\"@type\":\"ReadAction\",\"target\":[\"https:\\\/\\\/www.renouvelle.be\\\/fr\\\/electricite-en-pologne-la-decarbonation-a-commence\\\/\"]}]},{\"@type\":\"ImageObject\",\"inLanguage\":\"fr-FR\",\"@id\":\"https:\\\/\\\/www.renouvelle.be\\\/fr\\\/electricite-en-pologne-la-decarbonation-a-commence\\\/#primaryimage\",\"url\":\"https:\\\/\\\/www.renouvelle.be\\\/wp-content\\\/uploads\\\/2025\\\/11\\\/AdobeStock_656587704-scaled-e1762505749817.jpeg\",\"contentUrl\":\"https:\\\/\\\/www.renouvelle.be\\\/wp-content\\\/uploads\\\/2025\\\/11\\\/AdobeStock_656587704-scaled-e1762505749817.jpeg\",\"width\":2560,\"height\":1638,\"caption\":\"\u00e9lectricit\u00e9 pologne\"},{\"@type\":\"BreadcrumbList\",\"@id\":\"https:\\\/\\\/www.renouvelle.be\\\/fr\\\/electricite-en-pologne-la-decarbonation-a-commence\\\/#breadcrumb\",\"itemListElement\":[{\"@type\":\"ListItem\",\"position\":1,\"name\":\"Accueil\",\"item\":\"https:\\\/\\\/www.renouvelle.be\\\/fr\\\/\"},{\"@type\":\"ListItem\",\"position\":2,\"name\":\"\u00c9lectricit\u00e9 en Pologne\u00a0: la d\u00e9carbonation a commenc\u00e9\u00a0\"}]},{\"@type\":\"WebSite\",\"@id\":\"https:\\\/\\\/www.renouvelle.be\\\/fr\\\/#website\",\"url\":\"https:\\\/\\\/www.renouvelle.be\\\/fr\\\/\",\"name\":\"Renouvelle\",\"description\":\"L&#039;actualit\u00e9 de l&#039;\u00e9nergie durable\",\"potentialAction\":[{\"@type\":\"SearchAction\",\"target\":{\"@type\":\"EntryPoint\",\"urlTemplate\":\"https:\\\/\\\/www.renouvelle.be\\\/fr\\\/?s={search_term_string}\"},\"query-input\":{\"@type\":\"PropertyValueSpecification\",\"valueRequired\":true,\"valueName\":\"search_term_string\"}}],\"inLanguage\":\"fr-FR\"},{\"@type\":\"Person\",\"@id\":\"https:\\\/\\\/www.renouvelle.be\\\/fr\\\/#\\\/schema\\\/person\\\/339d070b54005d1c9bb9996bc1f6f7c9\",\"name\":\"Olivier BOVEROUX\",\"url\":\"https:\\\/\\\/www.renouvelle.be\\\/fr\\\/author\\\/olivier-boveroux\\\/\"}]}<\/script>\n<!-- \/ Yoast SEO plugin. -->","yoast_head_json":{"title":"\u00c9lectricit\u00e9 en Pologne\u00a0: la d\u00e9carbonation a commenc\u00e9\u00a0 - Renouvelle","description":"Assistons-nous au d\u00e9but de la d\u00e9carbonation de l'\u00e9lectricit\u00e9 en Pologne ? Tout n'est pas aussi simple, Renouvelle vous l'explique !","robots":{"index":"index","follow":"follow","max-snippet":"max-snippet:-1","max-image-preview":"max-image-preview:large","max-video-preview":"max-video-preview:-1"},"canonical":"https:\/\/www.renouvelle.be\/fr\/electricite-en-pologne-la-decarbonation-a-commence\/","og_locale":"fr_FR","og_type":"article","og_title":"\u00c9lectricit\u00e9 en Pologne\u00a0: la d\u00e9carbonation a commenc\u00e9\u00a0 - Renouvelle","og_description":"Assistons-nous au d\u00e9but de la d\u00e9carbonation de l'\u00e9lectricit\u00e9 en Pologne ? Tout n'est pas aussi simple, Renouvelle vous l'explique !","og_url":"https:\/\/www.renouvelle.be\/fr\/electricite-en-pologne-la-decarbonation-a-commence\/","og_site_name":"Renouvelle","article_published_time":"2025-11-12T08:55:08+00:00","article_modified_time":"2025-11-12T10:03:28+00:00","og_image":[{"width":2560,"height":1638,"url":"https:\/\/www.renouvelle.be\/wp-content\/uploads\/2025\/11\/AdobeStock_656587704-scaled-e1762505749817.jpeg","type":"image\/jpeg"}],"author":"Olivier BOVEROUX","twitter_card":"summary_large_image","schema":{"@context":"https:\/\/schema.org","@graph":[{"@type":"Article","@id":"https:\/\/www.renouvelle.be\/fr\/electricite-en-pologne-la-decarbonation-a-commence\/#article","isPartOf":{"@id":"https:\/\/www.renouvelle.be\/fr\/electricite-en-pologne-la-decarbonation-a-commence\/"},"author":{"name":"Olivier BOVEROUX","@id":"https:\/\/www.renouvelle.be\/fr\/#\/schema\/person\/339d070b54005d1c9bb9996bc1f6f7c9"},"headline":"\u00c9lectricit\u00e9 en Pologne\u00a0: la d\u00e9carbonation a commenc\u00e9\u00a0","datePublished":"2025-11-12T08:55:08+00:00","dateModified":"2025-11-12T10:03:28+00:00","mainEntityOfPage":{"@id":"https:\/\/www.renouvelle.be\/fr\/electricite-en-pologne-la-decarbonation-a-commence\/"},"wordCount":430,"image":{"@id":"https:\/\/www.renouvelle.be\/fr\/electricite-en-pologne-la-decarbonation-a-commence\/#primaryimage"},"thumbnailUrl":"https:\/\/www.renouvelle.be\/wp-content\/uploads\/2025\/11\/AdobeStock_656587704-scaled-e1762505749817.jpeg","articleSection":["Actualit\u00e9","Actualit\u00e9 internationale"],"inLanguage":"fr-FR"},{"@type":"WebPage","@id":"https:\/\/www.renouvelle.be\/fr\/electricite-en-pologne-la-decarbonation-a-commence\/","url":"https:\/\/www.renouvelle.be\/fr\/electricite-en-pologne-la-decarbonation-a-commence\/","name":"\u00c9lectricit\u00e9 en Pologne\u00a0: la d\u00e9carbonation a commenc\u00e9\u00a0 - Renouvelle","isPartOf":{"@id":"https:\/\/www.renouvelle.be\/fr\/#website"},"primaryImageOfPage":{"@id":"https:\/\/www.renouvelle.be\/fr\/electricite-en-pologne-la-decarbonation-a-commence\/#primaryimage"},"image":{"@id":"https:\/\/www.renouvelle.be\/fr\/electricite-en-pologne-la-decarbonation-a-commence\/#primaryimage"},"thumbnailUrl":"https:\/\/www.renouvelle.be\/wp-content\/uploads\/2025\/11\/AdobeStock_656587704-scaled-e1762505749817.jpeg","datePublished":"2025-11-12T08:55:08+00:00","dateModified":"2025-11-12T10:03:28+00:00","author":{"@id":"https:\/\/www.renouvelle.be\/fr\/#\/schema\/person\/339d070b54005d1c9bb9996bc1f6f7c9"},"description":"Assistons-nous au d\u00e9but de la d\u00e9carbonation de l'\u00e9lectricit\u00e9 en Pologne ? Tout n'est pas aussi simple, Renouvelle vous l'explique !","breadcrumb":{"@id":"https:\/\/www.renouvelle.be\/fr\/electricite-en-pologne-la-decarbonation-a-commence\/#breadcrumb"},"inLanguage":"fr-FR","potentialAction":[{"@type":"ReadAction","target":["https:\/\/www.renouvelle.be\/fr\/electricite-en-pologne-la-decarbonation-a-commence\/"]}]},{"@type":"ImageObject","inLanguage":"fr-FR","@id":"https:\/\/www.renouvelle.be\/fr\/electricite-en-pologne-la-decarbonation-a-commence\/#primaryimage","url":"https:\/\/www.renouvelle.be\/wp-content\/uploads\/2025\/11\/AdobeStock_656587704-scaled-e1762505749817.jpeg","contentUrl":"https:\/\/www.renouvelle.be\/wp-content\/uploads\/2025\/11\/AdobeStock_656587704-scaled-e1762505749817.jpeg","width":2560,"height":1638,"caption":"\u00e9lectricit\u00e9 pologne"},{"@type":"BreadcrumbList","@id":"https:\/\/www.renouvelle.be\/fr\/electricite-en-pologne-la-decarbonation-a-commence\/#breadcrumb","itemListElement":[{"@type":"ListItem","position":1,"name":"Accueil","item":"https:\/\/www.renouvelle.be\/fr\/"},{"@type":"ListItem","position":2,"name":"\u00c9lectricit\u00e9 en Pologne\u00a0: la d\u00e9carbonation a commenc\u00e9\u00a0"}]},{"@type":"WebSite","@id":"https:\/\/www.renouvelle.be\/fr\/#website","url":"https:\/\/www.renouvelle.be\/fr\/","name":"Renouvelle","description":"L&#039;actualit\u00e9 de l&#039;\u00e9nergie durable","potentialAction":[{"@type":"SearchAction","target":{"@type":"EntryPoint","urlTemplate":"https:\/\/www.renouvelle.be\/fr\/?s={search_term_string}"},"query-input":{"@type":"PropertyValueSpecification","valueRequired":true,"valueName":"search_term_string"}}],"inLanguage":"fr-FR"},{"@type":"Person","@id":"https:\/\/www.renouvelle.be\/fr\/#\/schema\/person\/339d070b54005d1c9bb9996bc1f6f7c9","name":"Olivier BOVEROUX","url":"https:\/\/www.renouvelle.be\/fr\/author\/olivier-boveroux\/"}]}},"_links":{"self":[{"href":"https:\/\/www.renouvelle.be\/fr\/wp-json\/wp\/v2\/posts\/15979","targetHints":{"allow":["GET"]}}],"collection":[{"href":"https:\/\/www.renouvelle.be\/fr\/wp-json\/wp\/v2\/posts"}],"about":[{"href":"https:\/\/www.renouvelle.be\/fr\/wp-json\/wp\/v2\/types\/post"}],"author":[{"embeddable":true,"href":"https:\/\/www.renouvelle.be\/fr\/wp-json\/wp\/v2\/users\/34"}],"replies":[{"embeddable":true,"href":"https:\/\/www.renouvelle.be\/fr\/wp-json\/wp\/v2\/comments?post=15979"}],"version-history":[{"count":7,"href":"https:\/\/www.renouvelle.be\/fr\/wp-json\/wp\/v2\/posts\/15979\/revisions"}],"predecessor-version":[{"id":15998,"href":"https:\/\/www.renouvelle.be\/fr\/wp-json\/wp\/v2\/posts\/15979\/revisions\/15998"}],"wp:featuredmedia":[{"embeddable":true,"href":"https:\/\/www.renouvelle.be\/fr\/wp-json\/wp\/v2\/media\/15981"}],"wp:attachment":[{"href":"https:\/\/www.renouvelle.be\/fr\/wp-json\/wp\/v2\/media?parent=15979"}],"wp:term":[{"taxonomy":"category","embeddable":true,"href":"https:\/\/www.renouvelle.be\/fr\/wp-json\/wp\/v2\/categories?post=15979"},{"taxonomy":"post_tag","embeddable":true,"href":"https:\/\/www.renouvelle.be\/fr\/wp-json\/wp\/v2\/tags?post=15979"},{"taxonomy":"section","embeddable":true,"href":"https:\/\/www.renouvelle.be\/fr\/wp-json\/wp\/v2\/section?post=15979"}],"curies":[{"name":"wp","href":"https:\/\/api.w.org\/{rel}","templated":true}]}}