{"id":15966,"date":"2025-11-06T10:51:19","date_gmt":"2025-11-06T09:51:19","guid":{"rendered":"https:\/\/www.renouvelle.be\/?p=15966"},"modified":"2025-11-06T10:51:22","modified_gmt":"2025-11-06T09:51:22","slug":"hydrogene-vert-grace-au-solaire-ca-se-passe-en-belgique","status":"publish","type":"post","link":"https:\/\/www.renouvelle.be\/fr\/hydrogene-vert-grace-au-solaire-ca-se-passe-en-belgique\/","title":{"rendered":"De l&rsquo;hydrog\u00e8ne vert gr\u00e2ce au solaire : \u00e7a se passe en Belgique !"},"content":{"rendered":"\n<p>Solhyd, Nippon Gases, Ether Energy et SunBuild ont d\u00e9cid\u00e9 de joindre leurs forces et de signer un accord pour le lancement du tout premier projet commercial de parc solaire \u00e0 hydrog\u00e8ne vert au monde. Celui-ci sera situ\u00e9 \u00e0 Namur.<\/p>\n\n\n\n<p>Chacun jouera un r\u00f4le bien d\u00e9termin\u00e9&nbsp;: l\u2019exploitation du projet sera g\u00e9r\u00e9e par Ether Energy, SunBuild se chargera de la conception et de la construction de l\u2019infrastructure solaire en y incluant le stockage par batterie, et Nippon Gases prendra en charge le traitement de l\u2019hydrog\u00e8ne produit, du stockage \u00e0 sa distribution.<\/p>\n\n\n\n<p>Il ne manque plus que les modules capables de transformer la lumi\u00e8re du soleil en hydrog\u00e8ne vert. Et c\u2019est <a href=\"https:\/\/solhyd.eu\/en\/solhyd_blog_en\/solhyd-nippon-gases-ether-energy-and-sunbuild-to-build-worlds-first-solar-hydrogen-park-setting-a-new-standard-in-hydrogen-technology\/\" target=\"_blank\" rel=\"noreferrer noopener\">Solhyd<\/a> qui fournira la technologie n\u00e9cessaire. Cette derni\u00e8re, r\u00e9compens\u00e9e par un World Hydrogen Award, g\u00e9n\u00e8re donc de l\u2019hydrog\u00e8ne \u00e0 partir de la lumi\u00e8re mais aussi de l\u2019humidit\u00e9 dans l&rsquo;air, le tout sans avoir recours \u00e0 de l\u2019eau liquide, \u00e0 une forte d\u00e9pendance au r\u00e9seau ou encore \u00e0 des m\u00e9taux rares.<\/p>\n\n\n<div class=\"wp-block-image\">\n<figure class=\"aligncenter size-large\"><img loading=\"lazy\" decoding=\"async\" width=\"1024\" height=\"683\" src=\"https:\/\/www.renouvelle.be\/wp-content\/uploads\/2025\/11\/20251105-_DSF0224-1024x683.jpg\" alt=\"parc solaire hydrog\u00e8ne vert\" class=\"wp-image-15971\" srcset=\"https:\/\/www.renouvelle.be\/wp-content\/uploads\/2025\/11\/20251105-_DSF0224-1024x683.jpg 1024w, https:\/\/www.renouvelle.be\/wp-content\/uploads\/2025\/11\/20251105-_DSF0224-300x200.jpg 300w, https:\/\/www.renouvelle.be\/wp-content\/uploads\/2025\/11\/20251105-_DSF0224-768x512.jpg 768w, https:\/\/www.renouvelle.be\/wp-content\/uploads\/2025\/11\/20251105-_DSF0224-1536x1024.jpg 1536w, https:\/\/www.renouvelle.be\/wp-content\/uploads\/2025\/11\/20251105-_DSF0224-2048x1365.jpg 2048w, https:\/\/www.renouvelle.be\/wp-content\/uploads\/2025\/11\/20251105-_DSF0224-1200x800.jpg 1200w\" sizes=\"auto, (max-width: 1024px) 100vw, 1024px\" \/><figcaption class=\"wp-element-caption\">Partenaires du projet (de gauche \u00e0 droite): Pierre de Liedekerke (Ether Energy), Gilles Charlier (SunBuild), Jan Rong\u00e9 (Solhyd), Tom Bosserez (Solhyd), Johan Desmet (Nippon Gases). Source image : Solhyd<\/figcaption><\/figure>\n<\/div>\n\n\n<p>L\u2019installation de 50 kW, qui devrait \u00eatre mise en service en 2026, fonctionnera pendant au moins cinq ans et sera suivie d\u2019un projet de 2 MW en 2028.<\/p>\n\n\n\n<p>Ce parc solaire \u00e0 hydrog\u00e8ne est donc une nouvelle \u00e9tape importante pour la transition \u00e9nerg\u00e9tique car appliqu\u00e9e \u00e0 grande \u00e9chelle cette innovation belge permettra de r\u00e9duire les co\u00fbts de production de l\u2019hydrog\u00e8ne vert en utilisant l\u2019<a href=\"https:\/\/www.renouvelle.be\/fr\/energies-renouvelables-capacite-mondiale-doubler-2030\/\" target=\"_blank\" rel=\"noreferrer noopener\">\u00e9nergie<\/a> du soleil.<\/p>\n\n\n\n<p>Source image d&rsquo;en-t\u00eate : Solhyd<\/p>\n","protected":false},"excerpt":{"rendered":"<p>Solhyd, Nippon Gases, Ether Energy et SunBuild ont d\u00e9cid\u00e9 de joindre leurs forces et de signer un accord pour le lancement du tout premier projet commercial de parc solaire \u00e0 hydrog\u00e8ne vert au monde. Celui-ci sera situ\u00e9 \u00e0 Namur. Chacun jouera un r\u00f4le bien d\u00e9termin\u00e9&nbsp;: l\u2019exploitation du projet sera g\u00e9r\u00e9e par Ether Energy, SunBuild se chargera de la conception et de la construction de l\u2019infrastructure solaire en y incluant le stockage par batterie, et Nippon Gases prendra en charge le traitement de l\u2019hydrog\u00e8ne produit, du stockage \u00e0 sa distribution. Il ne manque plus que les modules capables de transformer la lumi\u00e8re du soleil en hydrog\u00e8ne vert. Et c\u2019est Solhyd qui fournira la technologie n\u00e9cessaire. Cette derni\u00e8re, r\u00e9compens\u00e9e par un World Hydrogen Award, g\u00e9n\u00e8re donc de l\u2019hydrog\u00e8ne \u00e0 partir de la lumi\u00e8re mais aussi de l\u2019humidit\u00e9 dans l&rsquo;air, le tout sans avoir recours \u00e0 de l\u2019eau liquide, \u00e0 une forte d\u00e9pendance au r\u00e9seau ou encore \u00e0 des m\u00e9taux rares. L\u2019installation de 50 kW, qui devrait \u00eatre mise en service en 2026, fonctionnera pendant au moins cinq ans et sera suivie d\u2019un projet de 2 MW en 2028. Ce parc solaire \u00e0 hydrog\u00e8ne est donc une nouvelle \u00e9tape importante pour la transition \u00e9nerg\u00e9tique car appliqu\u00e9e \u00e0 grande \u00e9chelle cette innovation belge permettra de r\u00e9duire les co\u00fbts de production de l\u2019hydrog\u00e8ne vert en utilisant l\u2019\u00e9nergie du soleil. Source image d&rsquo;en-t\u00eate : Solhyd<\/p>\n","protected":false},"author":38,"featured_media":15969,"comment_status":"closed","ping_status":"closed","sticky":false,"template":"","format":"standard","meta":{"_acf_changed":false,"footnotes":""},"categories":[16,17],"tags":[],"section":[8,13,11],"class_list":["post-15966","post","type-post","status-publish","format-standard","has-post-thumbnail","hentry","category-actualite","category-actualite-en-belgique","section-energie-renouvelables","section-solaire","section-hydrogene"],"acf":[],"yoast_head":"<!-- This site is optimized with the Yoast SEO plugin v27.4 - https:\/\/yoast.com\/product\/yoast-seo-wordpress\/ -->\n<title>De l&#039;hydrog\u00e8ne vert gr\u00e2ce au solaire : \u00e7a se passe en Belgique ! - Renouvelle<\/title>\n<meta name=\"description\" content=\"Un parc solaire produisant de l&#039;hydrog\u00e8ne vert ? Ca sera bient\u00f4t possible et c&#039;est une premi\u00e8re mondiale gr\u00e2ce \u00e0 une innovation belge !\" \/>\n<meta name=\"robots\" content=\"index, follow, max-snippet:-1, max-image-preview:large, max-video-preview:-1\" \/>\n<link rel=\"canonical\" href=\"https:\/\/www.renouvelle.be\/fr\/hydrogene-vert-grace-au-solaire-ca-se-passe-en-belgique\/\" \/>\n<meta property=\"og:locale\" content=\"fr_FR\" \/>\n<meta property=\"og:type\" content=\"article\" \/>\n<meta property=\"og:title\" content=\"De l&#039;hydrog\u00e8ne vert gr\u00e2ce au solaire : \u00e7a se passe en Belgique ! - Renouvelle\" \/>\n<meta property=\"og:description\" content=\"Un parc solaire produisant de l&#039;hydrog\u00e8ne vert ? Ca sera bient\u00f4t possible et c&#039;est une premi\u00e8re mondiale gr\u00e2ce \u00e0 une innovation belge !\" \/>\n<meta property=\"og:url\" content=\"https:\/\/www.renouvelle.be\/fr\/hydrogene-vert-grace-au-solaire-ca-se-passe-en-belgique\/\" \/>\n<meta property=\"og:site_name\" content=\"Renouvelle\" \/>\n<meta property=\"article:published_time\" content=\"2025-11-06T09:51:19+00:00\" \/>\n<meta property=\"article:modified_time\" content=\"2025-11-06T09:51:22+00:00\" \/>\n<meta property=\"og:image\" content=\"https:\/\/www.renouvelle.be\/wp-content\/uploads\/2025\/11\/20251105-_DSF9897-scaled.jpg\" \/>\n\t<meta property=\"og:image:width\" content=\"2560\" \/>\n\t<meta property=\"og:image:height\" content=\"1707\" \/>\n\t<meta property=\"og:image:type\" content=\"image\/jpeg\" \/>\n<meta name=\"author\" content=\"Samuel Alves\" \/>\n<meta name=\"twitter:card\" content=\"summary_large_image\" \/>\n<script type=\"application\/ld+json\" class=\"yoast-schema-graph\">{\"@context\":\"https:\\\/\\\/schema.org\",\"@graph\":[{\"@type\":\"Article\",\"@id\":\"https:\\\/\\\/www.renouvelle.be\\\/fr\\\/hydrogene-vert-grace-au-solaire-ca-se-passe-en-belgique\\\/#article\",\"isPartOf\":{\"@id\":\"https:\\\/\\\/www.renouvelle.be\\\/fr\\\/hydrogene-vert-grace-au-solaire-ca-se-passe-en-belgique\\\/\"},\"author\":{\"name\":\"Samuel Alves\",\"@id\":\"https:\\\/\\\/www.renouvelle.be\\\/fr\\\/#\\\/schema\\\/person\\\/9d743366fb269eeceaa8d60e98d289d3\"},\"headline\":\"De l&rsquo;hydrog\u00e8ne vert gr\u00e2ce au solaire : \u00e7a se passe en Belgique !\",\"datePublished\":\"2025-11-06T09:51:19+00:00\",\"dateModified\":\"2025-11-06T09:51:22+00:00\",\"mainEntityOfPage\":{\"@id\":\"https:\\\/\\\/www.renouvelle.be\\\/fr\\\/hydrogene-vert-grace-au-solaire-ca-se-passe-en-belgique\\\/\"},\"wordCount\":297,\"image\":{\"@id\":\"https:\\\/\\\/www.renouvelle.be\\\/fr\\\/hydrogene-vert-grace-au-solaire-ca-se-passe-en-belgique\\\/#primaryimage\"},\"thumbnailUrl\":\"https:\\\/\\\/www.renouvelle.be\\\/wp-content\\\/uploads\\\/2025\\\/11\\\/20251105-_DSF9897-scaled.jpg\",\"articleSection\":[\"Actualit\u00e9\",\"Actualit\u00e9 en Belgique\"],\"inLanguage\":\"fr-FR\"},{\"@type\":\"WebPage\",\"@id\":\"https:\\\/\\\/www.renouvelle.be\\\/fr\\\/hydrogene-vert-grace-au-solaire-ca-se-passe-en-belgique\\\/\",\"url\":\"https:\\\/\\\/www.renouvelle.be\\\/fr\\\/hydrogene-vert-grace-au-solaire-ca-se-passe-en-belgique\\\/\",\"name\":\"De l'hydrog\u00e8ne vert gr\u00e2ce au solaire : \u00e7a se passe en Belgique ! - Renouvelle\",\"isPartOf\":{\"@id\":\"https:\\\/\\\/www.renouvelle.be\\\/fr\\\/#website\"},\"primaryImageOfPage\":{\"@id\":\"https:\\\/\\\/www.renouvelle.be\\\/fr\\\/hydrogene-vert-grace-au-solaire-ca-se-passe-en-belgique\\\/#primaryimage\"},\"image\":{\"@id\":\"https:\\\/\\\/www.renouvelle.be\\\/fr\\\/hydrogene-vert-grace-au-solaire-ca-se-passe-en-belgique\\\/#primaryimage\"},\"thumbnailUrl\":\"https:\\\/\\\/www.renouvelle.be\\\/wp-content\\\/uploads\\\/2025\\\/11\\\/20251105-_DSF9897-scaled.jpg\",\"datePublished\":\"2025-11-06T09:51:19+00:00\",\"dateModified\":\"2025-11-06T09:51:22+00:00\",\"author\":{\"@id\":\"https:\\\/\\\/www.renouvelle.be\\\/fr\\\/#\\\/schema\\\/person\\\/9d743366fb269eeceaa8d60e98d289d3\"},\"description\":\"Un parc solaire produisant de l'hydrog\u00e8ne vert ? Ca sera bient\u00f4t possible et c'est une premi\u00e8re mondiale gr\u00e2ce \u00e0 une innovation belge !\",\"breadcrumb\":{\"@id\":\"https:\\\/\\\/www.renouvelle.be\\\/fr\\\/hydrogene-vert-grace-au-solaire-ca-se-passe-en-belgique\\\/#breadcrumb\"},\"inLanguage\":\"fr-FR\",\"potentialAction\":[{\"@type\":\"ReadAction\",\"target\":[\"https:\\\/\\\/www.renouvelle.be\\\/fr\\\/hydrogene-vert-grace-au-solaire-ca-se-passe-en-belgique\\\/\"]}]},{\"@type\":\"ImageObject\",\"inLanguage\":\"fr-FR\",\"@id\":\"https:\\\/\\\/www.renouvelle.be\\\/fr\\\/hydrogene-vert-grace-au-solaire-ca-se-passe-en-belgique\\\/#primaryimage\",\"url\":\"https:\\\/\\\/www.renouvelle.be\\\/wp-content\\\/uploads\\\/2025\\\/11\\\/20251105-_DSF9897-scaled.jpg\",\"contentUrl\":\"https:\\\/\\\/www.renouvelle.be\\\/wp-content\\\/uploads\\\/2025\\\/11\\\/20251105-_DSF9897-scaled.jpg\",\"width\":2560,\"height\":1707,\"caption\":\"parc solaire hydrog\u00e8ne vert\"},{\"@type\":\"BreadcrumbList\",\"@id\":\"https:\\\/\\\/www.renouvelle.be\\\/fr\\\/hydrogene-vert-grace-au-solaire-ca-se-passe-en-belgique\\\/#breadcrumb\",\"itemListElement\":[{\"@type\":\"ListItem\",\"position\":1,\"name\":\"Accueil\",\"item\":\"https:\\\/\\\/www.renouvelle.be\\\/fr\\\/\"},{\"@type\":\"ListItem\",\"position\":2,\"name\":\"De l&rsquo;hydrog\u00e8ne vert gr\u00e2ce au solaire : \u00e7a se passe en Belgique !\"}]},{\"@type\":\"WebSite\",\"@id\":\"https:\\\/\\\/www.renouvelle.be\\\/fr\\\/#website\",\"url\":\"https:\\\/\\\/www.renouvelle.be\\\/fr\\\/\",\"name\":\"Renouvelle\",\"description\":\"L&#039;actualit\u00e9 de l&#039;\u00e9nergie durable\",\"potentialAction\":[{\"@type\":\"SearchAction\",\"target\":{\"@type\":\"EntryPoint\",\"urlTemplate\":\"https:\\\/\\\/www.renouvelle.be\\\/fr\\\/?s={search_term_string}\"},\"query-input\":{\"@type\":\"PropertyValueSpecification\",\"valueRequired\":true,\"valueName\":\"search_term_string\"}}],\"inLanguage\":\"fr-FR\"},{\"@type\":\"Person\",\"@id\":\"https:\\\/\\\/www.renouvelle.be\\\/fr\\\/#\\\/schema\\\/person\\\/9d743366fb269eeceaa8d60e98d289d3\",\"name\":\"Samuel Alves\",\"url\":\"https:\\\/\\\/www.renouvelle.be\\\/fr\\\/author\\\/salves\\\/\"}]}<\/script>\n<!-- \/ Yoast SEO plugin. -->","yoast_head_json":{"title":"De l'hydrog\u00e8ne vert gr\u00e2ce au solaire : \u00e7a se passe en Belgique ! - Renouvelle","description":"Un parc solaire produisant de l'hydrog\u00e8ne vert ? Ca sera bient\u00f4t possible et c'est une premi\u00e8re mondiale gr\u00e2ce \u00e0 une innovation belge !","robots":{"index":"index","follow":"follow","max-snippet":"max-snippet:-1","max-image-preview":"max-image-preview:large","max-video-preview":"max-video-preview:-1"},"canonical":"https:\/\/www.renouvelle.be\/fr\/hydrogene-vert-grace-au-solaire-ca-se-passe-en-belgique\/","og_locale":"fr_FR","og_type":"article","og_title":"De l'hydrog\u00e8ne vert gr\u00e2ce au solaire : \u00e7a se passe en Belgique ! - Renouvelle","og_description":"Un parc solaire produisant de l'hydrog\u00e8ne vert ? Ca sera bient\u00f4t possible et c'est une premi\u00e8re mondiale gr\u00e2ce \u00e0 une innovation belge !","og_url":"https:\/\/www.renouvelle.be\/fr\/hydrogene-vert-grace-au-solaire-ca-se-passe-en-belgique\/","og_site_name":"Renouvelle","article_published_time":"2025-11-06T09:51:19+00:00","article_modified_time":"2025-11-06T09:51:22+00:00","og_image":[{"width":2560,"height":1707,"url":"https:\/\/www.renouvelle.be\/wp-content\/uploads\/2025\/11\/20251105-_DSF9897-scaled.jpg","type":"image\/jpeg"}],"author":"Samuel Alves","twitter_card":"summary_large_image","schema":{"@context":"https:\/\/schema.org","@graph":[{"@type":"Article","@id":"https:\/\/www.renouvelle.be\/fr\/hydrogene-vert-grace-au-solaire-ca-se-passe-en-belgique\/#article","isPartOf":{"@id":"https:\/\/www.renouvelle.be\/fr\/hydrogene-vert-grace-au-solaire-ca-se-passe-en-belgique\/"},"author":{"name":"Samuel Alves","@id":"https:\/\/www.renouvelle.be\/fr\/#\/schema\/person\/9d743366fb269eeceaa8d60e98d289d3"},"headline":"De l&rsquo;hydrog\u00e8ne vert gr\u00e2ce au solaire : \u00e7a se passe en Belgique !","datePublished":"2025-11-06T09:51:19+00:00","dateModified":"2025-11-06T09:51:22+00:00","mainEntityOfPage":{"@id":"https:\/\/www.renouvelle.be\/fr\/hydrogene-vert-grace-au-solaire-ca-se-passe-en-belgique\/"},"wordCount":297,"image":{"@id":"https:\/\/www.renouvelle.be\/fr\/hydrogene-vert-grace-au-solaire-ca-se-passe-en-belgique\/#primaryimage"},"thumbnailUrl":"https:\/\/www.renouvelle.be\/wp-content\/uploads\/2025\/11\/20251105-_DSF9897-scaled.jpg","articleSection":["Actualit\u00e9","Actualit\u00e9 en Belgique"],"inLanguage":"fr-FR"},{"@type":"WebPage","@id":"https:\/\/www.renouvelle.be\/fr\/hydrogene-vert-grace-au-solaire-ca-se-passe-en-belgique\/","url":"https:\/\/www.renouvelle.be\/fr\/hydrogene-vert-grace-au-solaire-ca-se-passe-en-belgique\/","name":"De l'hydrog\u00e8ne vert gr\u00e2ce au solaire : \u00e7a se passe en Belgique ! - Renouvelle","isPartOf":{"@id":"https:\/\/www.renouvelle.be\/fr\/#website"},"primaryImageOfPage":{"@id":"https:\/\/www.renouvelle.be\/fr\/hydrogene-vert-grace-au-solaire-ca-se-passe-en-belgique\/#primaryimage"},"image":{"@id":"https:\/\/www.renouvelle.be\/fr\/hydrogene-vert-grace-au-solaire-ca-se-passe-en-belgique\/#primaryimage"},"thumbnailUrl":"https:\/\/www.renouvelle.be\/wp-content\/uploads\/2025\/11\/20251105-_DSF9897-scaled.jpg","datePublished":"2025-11-06T09:51:19+00:00","dateModified":"2025-11-06T09:51:22+00:00","author":{"@id":"https:\/\/www.renouvelle.be\/fr\/#\/schema\/person\/9d743366fb269eeceaa8d60e98d289d3"},"description":"Un parc solaire produisant de l'hydrog\u00e8ne vert ? Ca sera bient\u00f4t possible et c'est une premi\u00e8re mondiale gr\u00e2ce \u00e0 une innovation belge !","breadcrumb":{"@id":"https:\/\/www.renouvelle.be\/fr\/hydrogene-vert-grace-au-solaire-ca-se-passe-en-belgique\/#breadcrumb"},"inLanguage":"fr-FR","potentialAction":[{"@type":"ReadAction","target":["https:\/\/www.renouvelle.be\/fr\/hydrogene-vert-grace-au-solaire-ca-se-passe-en-belgique\/"]}]},{"@type":"ImageObject","inLanguage":"fr-FR","@id":"https:\/\/www.renouvelle.be\/fr\/hydrogene-vert-grace-au-solaire-ca-se-passe-en-belgique\/#primaryimage","url":"https:\/\/www.renouvelle.be\/wp-content\/uploads\/2025\/11\/20251105-_DSF9897-scaled.jpg","contentUrl":"https:\/\/www.renouvelle.be\/wp-content\/uploads\/2025\/11\/20251105-_DSF9897-scaled.jpg","width":2560,"height":1707,"caption":"parc solaire hydrog\u00e8ne vert"},{"@type":"BreadcrumbList","@id":"https:\/\/www.renouvelle.be\/fr\/hydrogene-vert-grace-au-solaire-ca-se-passe-en-belgique\/#breadcrumb","itemListElement":[{"@type":"ListItem","position":1,"name":"Accueil","item":"https:\/\/www.renouvelle.be\/fr\/"},{"@type":"ListItem","position":2,"name":"De l&rsquo;hydrog\u00e8ne vert gr\u00e2ce au solaire : \u00e7a se passe en Belgique !"}]},{"@type":"WebSite","@id":"https:\/\/www.renouvelle.be\/fr\/#website","url":"https:\/\/www.renouvelle.be\/fr\/","name":"Renouvelle","description":"L&#039;actualit\u00e9 de l&#039;\u00e9nergie durable","potentialAction":[{"@type":"SearchAction","target":{"@type":"EntryPoint","urlTemplate":"https:\/\/www.renouvelle.be\/fr\/?s={search_term_string}"},"query-input":{"@type":"PropertyValueSpecification","valueRequired":true,"valueName":"search_term_string"}}],"inLanguage":"fr-FR"},{"@type":"Person","@id":"https:\/\/www.renouvelle.be\/fr\/#\/schema\/person\/9d743366fb269eeceaa8d60e98d289d3","name":"Samuel Alves","url":"https:\/\/www.renouvelle.be\/fr\/author\/salves\/"}]}},"_links":{"self":[{"href":"https:\/\/www.renouvelle.be\/fr\/wp-json\/wp\/v2\/posts\/15966","targetHints":{"allow":["GET"]}}],"collection":[{"href":"https:\/\/www.renouvelle.be\/fr\/wp-json\/wp\/v2\/posts"}],"about":[{"href":"https:\/\/www.renouvelle.be\/fr\/wp-json\/wp\/v2\/types\/post"}],"author":[{"embeddable":true,"href":"https:\/\/www.renouvelle.be\/fr\/wp-json\/wp\/v2\/users\/38"}],"replies":[{"embeddable":true,"href":"https:\/\/www.renouvelle.be\/fr\/wp-json\/wp\/v2\/comments?post=15966"}],"version-history":[{"count":4,"href":"https:\/\/www.renouvelle.be\/fr\/wp-json\/wp\/v2\/posts\/15966\/revisions"}],"predecessor-version":[{"id":15974,"href":"https:\/\/www.renouvelle.be\/fr\/wp-json\/wp\/v2\/posts\/15966\/revisions\/15974"}],"wp:featuredmedia":[{"embeddable":true,"href":"https:\/\/www.renouvelle.be\/fr\/wp-json\/wp\/v2\/media\/15969"}],"wp:attachment":[{"href":"https:\/\/www.renouvelle.be\/fr\/wp-json\/wp\/v2\/media?parent=15966"}],"wp:term":[{"taxonomy":"category","embeddable":true,"href":"https:\/\/www.renouvelle.be\/fr\/wp-json\/wp\/v2\/categories?post=15966"},{"taxonomy":"post_tag","embeddable":true,"href":"https:\/\/www.renouvelle.be\/fr\/wp-json\/wp\/v2\/tags?post=15966"},{"taxonomy":"section","embeddable":true,"href":"https:\/\/www.renouvelle.be\/fr\/wp-json\/wp\/v2\/section?post=15966"}],"curies":[{"name":"wp","href":"https:\/\/api.w.org\/{rel}","templated":true}]}}