{"id":15960,"date":"2025-11-05T16:07:27","date_gmt":"2025-11-05T15:07:27","guid":{"rendered":"https:\/\/www.renouvelle.be\/?p=15960"},"modified":"2025-11-05T16:07:30","modified_gmt":"2025-11-05T15:07:30","slug":"precarite-energetique-menage-belge-sur-cinq","status":"publish","type":"post","link":"https:\/\/www.renouvelle.be\/fr\/precarite-energetique-menage-belge-sur-cinq\/","title":{"rendered":"Pr\u00e9carit\u00e9 \u00e9nerg\u00e9tique\u00a0: un m\u00e9nage belge sur cinq y est confront\u00e9"},"content":{"rendered":"\n<p>La pr\u00e9carit\u00e9 \u00e9nerg\u00e9tique se d\u00e9finit par un acc\u00e8s restreint \u00e0 l\u2019\u00e9nergie, se traduisant par une difficult\u00e9 \u00e0 r\u00e9pondre aux besoins basiques en la mati\u00e8re&nbsp;: chauffage du logement, eau chaude, \u00e9clairage, fonctionnement d\u2019appareils \u00e9lectrom\u00e9nagers, etc.<\/p>\n\n\n\n<p>Et ce sont des chiffres officiels plus qu\u2019interpelant que le SPF Economie nous partage&nbsp;\u00e0 travers trois indicateurs principaux. Pour le premier, il s\u2019agit du risque de pr\u00e9carit\u00e9 \u00e9nerg\u00e9tique mesur\u00e9e qui met en \u00e9vidence la part trop importante des revenus de certains m\u00e9nages consacr\u00e9e aux factures d\u2019\u00e9nergie. L\u2019ann\u00e9e pass\u00e9e, 14,8% de ces derniers \u00e9taient y avaient \u00e9t\u00e9 expos\u00e9s.<\/p>\n\n\n\n<p>Un autre indicateur est celui du risque de pr\u00e9carit\u00e9 \u00e9nerg\u00e9tique cach\u00e9e, autrement dit, il s\u2019agit d\u2019un indicateur qui met en lumi\u00e8re les <a href=\"https:\/\/www.renouvelle.be\/fr\/la-wallonie-davantage-touchee-par-la-precarite-energetique\/\" target=\"_blank\" rel=\"noreferrer noopener\">foyers<\/a> qui pourraient \u00eatre oblig\u00e9s de diminuer leur consommation d\u2019\u00e9nergie au-dessous de leurs besoins fondamentaux. En 2024, ils repr\u00e9sentaient 2,6%.<\/p>\n\n\n\n<p>Le troisi\u00e8me et dernier indicateur est celui de la pr\u00e9carit\u00e9 \u00e9nerg\u00e9tique ressentie qui prend en compte les m\u00e9nages d\u00e9clarant ne pas \u00eatre en mesure de chauffer correctement leur logement. 4,1% de foyers avaient r\u00e9pondu dans ce sens lors de l\u2019enqu\u00eate SILC, \u00e9valuant les risques de pauvret\u00e9.<\/p>\n\n\n\n<p>En additionnant lesdits indicateurs, le constat est sans appel&nbsp;: un m\u00e9nage sur cinq a d\u00e9j\u00e0 \u00e9t\u00e9 confront\u00e9 \u00e0 une de ces probl\u00e9matiques.<\/p>\n\n\n\n<p>Une analyse qui continue de malheureusement d\u00e9montrer que nous ne sommes pas tous \u00e9gaux concernant l\u2019acc\u00e8s \u00e0 l\u2019\u00e9nergie. Encore plus lorsque on vit dans un logement de \u00ab&nbsp;mauvaise qualit\u00e9&nbsp;\u00bb comme le souligne le SPF Economie.<\/p>\n\n\n\n<p>Les chiffres complets du SPF Economie sont disponibles sur ce <a href=\"https:\/\/economie.fgov.be\/fr\/themes\/energie\/energie-sociale\/indicateurs-de-precarite\" target=\"_blank\" rel=\"noreferrer noopener\">lien<\/a>.<\/p>\n","protected":false},"excerpt":{"rendered":"<p>La pr\u00e9carit\u00e9 \u00e9nerg\u00e9tique se d\u00e9finit par un acc\u00e8s restreint \u00e0 l\u2019\u00e9nergie, se traduisant par une difficult\u00e9 \u00e0 r\u00e9pondre aux besoins basiques en la mati\u00e8re&nbsp;: chauffage du logement, eau chaude, \u00e9clairage, fonctionnement d\u2019appareils \u00e9lectrom\u00e9nagers, etc. Et ce sont des chiffres officiels plus qu\u2019interpelant que le SPF Economie nous partage&nbsp;\u00e0 travers trois indicateurs principaux. Pour le premier, il s\u2019agit du risque de pr\u00e9carit\u00e9 \u00e9nerg\u00e9tique mesur\u00e9e qui met en \u00e9vidence la part trop importante des revenus de certains m\u00e9nages consacr\u00e9e aux factures d\u2019\u00e9nergie. L\u2019ann\u00e9e pass\u00e9e, 14,8% de ces derniers \u00e9taient y avaient \u00e9t\u00e9 expos\u00e9s. Un autre indicateur est celui du risque de pr\u00e9carit\u00e9 \u00e9nerg\u00e9tique cach\u00e9e, autrement dit, il s\u2019agit d\u2019un indicateur qui met en lumi\u00e8re les foyers qui pourraient \u00eatre oblig\u00e9s de diminuer leur consommation d\u2019\u00e9nergie au-dessous de leurs besoins fondamentaux. En 2024, ils repr\u00e9sentaient 2,6%. Le troisi\u00e8me et dernier indicateur est celui de la pr\u00e9carit\u00e9 \u00e9nerg\u00e9tique ressentie qui prend en compte les m\u00e9nages d\u00e9clarant ne pas \u00eatre en mesure de chauffer correctement leur logement. 4,1% de foyers avaient r\u00e9pondu dans ce sens lors de l\u2019enqu\u00eate SILC, \u00e9valuant les risques de pauvret\u00e9. En additionnant lesdits indicateurs, le constat est sans appel&nbsp;: un m\u00e9nage sur cinq a d\u00e9j\u00e0 \u00e9t\u00e9 confront\u00e9 \u00e0 une de ces probl\u00e9matiques. Une analyse qui continue de malheureusement d\u00e9montrer que nous ne sommes pas tous \u00e9gaux concernant l\u2019acc\u00e8s \u00e0 l\u2019\u00e9nergie. Encore plus lorsque on vit dans un logement de \u00ab&nbsp;mauvaise qualit\u00e9&nbsp;\u00bb comme le souligne le SPF Economie. Les chiffres complets du SPF Economie sont disponibles sur ce lien.<\/p>\n","protected":false},"author":38,"featured_media":15963,"comment_status":"closed","ping_status":"closed","sticky":false,"template":"","format":"standard","meta":{"_acf_changed":false,"footnotes":""},"categories":[16,17],"tags":[],"section":[8],"class_list":["post-15960","post","type-post","status-publish","format-standard","has-post-thumbnail","hentry","category-actualite","category-actualite-en-belgique","section-energie-renouvelables"],"acf":[],"yoast_head":"<!-- This site is optimized with the Yoast SEO plugin v27.4 - https:\/\/yoast.com\/product\/yoast-seo-wordpress\/ -->\n<title>Pr\u00e9carit\u00e9 \u00e9nerg\u00e9tique\u00a0: un m\u00e9nage belge sur cinq y est confront\u00e9 - Renouvelle<\/title>\n<meta name=\"description\" content=\"La pr\u00e9carit\u00e9 \u00e9nerg\u00e9tique a touch\u00e9 un m\u00e9nage belge sur cinq, l&#039;ann\u00e9e pass\u00e9e. C&#039;est ce que nous rapporter le SPF Economie.\" \/>\n<meta name=\"robots\" content=\"index, follow, max-snippet:-1, max-image-preview:large, max-video-preview:-1\" \/>\n<link rel=\"canonical\" href=\"https:\/\/www.renouvelle.be\/fr\/precarite-energetique-menage-belge-sur-cinq\/\" \/>\n<meta property=\"og:locale\" content=\"fr_FR\" \/>\n<meta property=\"og:type\" content=\"article\" \/>\n<meta property=\"og:title\" content=\"Pr\u00e9carit\u00e9 \u00e9nerg\u00e9tique\u00a0: un m\u00e9nage belge sur cinq y est confront\u00e9 - Renouvelle\" \/>\n<meta property=\"og:description\" content=\"La pr\u00e9carit\u00e9 \u00e9nerg\u00e9tique a touch\u00e9 un m\u00e9nage belge sur cinq, l&#039;ann\u00e9e pass\u00e9e. C&#039;est ce que nous rapporter le SPF Economie.\" \/>\n<meta property=\"og:url\" content=\"https:\/\/www.renouvelle.be\/fr\/precarite-energetique-menage-belge-sur-cinq\/\" \/>\n<meta property=\"og:site_name\" content=\"Renouvelle\" \/>\n<meta property=\"article:published_time\" content=\"2025-11-05T15:07:27+00:00\" \/>\n<meta property=\"article:modified_time\" content=\"2025-11-05T15:07:30+00:00\" \/>\n<meta property=\"og:image\" content=\"https:\/\/www.renouvelle.be\/wp-content\/uploads\/2025\/11\/AdobeStock_469459287-scaled.jpeg\" \/>\n\t<meta property=\"og:image:width\" content=\"2560\" \/>\n\t<meta property=\"og:image:height\" content=\"1707\" \/>\n\t<meta property=\"og:image:type\" content=\"image\/jpeg\" \/>\n<meta name=\"author\" content=\"Samuel Alves\" \/>\n<meta name=\"twitter:card\" content=\"summary_large_image\" \/>\n<script type=\"application\/ld+json\" class=\"yoast-schema-graph\">{\"@context\":\"https:\\\/\\\/schema.org\",\"@graph\":[{\"@type\":\"Article\",\"@id\":\"https:\\\/\\\/www.renouvelle.be\\\/fr\\\/precarite-energetique-menage-belge-sur-cinq\\\/#article\",\"isPartOf\":{\"@id\":\"https:\\\/\\\/www.renouvelle.be\\\/fr\\\/precarite-energetique-menage-belge-sur-cinq\\\/\"},\"author\":{\"name\":\"Samuel Alves\",\"@id\":\"https:\\\/\\\/www.renouvelle.be\\\/fr\\\/#\\\/schema\\\/person\\\/9d743366fb269eeceaa8d60e98d289d3\"},\"headline\":\"Pr\u00e9carit\u00e9 \u00e9nerg\u00e9tique\u00a0: un m\u00e9nage belge sur cinq y est confront\u00e9\",\"datePublished\":\"2025-11-05T15:07:27+00:00\",\"dateModified\":\"2025-11-05T15:07:30+00:00\",\"mainEntityOfPage\":{\"@id\":\"https:\\\/\\\/www.renouvelle.be\\\/fr\\\/precarite-energetique-menage-belge-sur-cinq\\\/\"},\"wordCount\":302,\"image\":{\"@id\":\"https:\\\/\\\/www.renouvelle.be\\\/fr\\\/precarite-energetique-menage-belge-sur-cinq\\\/#primaryimage\"},\"thumbnailUrl\":\"https:\\\/\\\/www.renouvelle.be\\\/wp-content\\\/uploads\\\/2025\\\/11\\\/AdobeStock_469459287-scaled.jpeg\",\"articleSection\":[\"Actualit\u00e9\",\"Actualit\u00e9 en Belgique\"],\"inLanguage\":\"fr-FR\"},{\"@type\":\"WebPage\",\"@id\":\"https:\\\/\\\/www.renouvelle.be\\\/fr\\\/precarite-energetique-menage-belge-sur-cinq\\\/\",\"url\":\"https:\\\/\\\/www.renouvelle.be\\\/fr\\\/precarite-energetique-menage-belge-sur-cinq\\\/\",\"name\":\"Pr\u00e9carit\u00e9 \u00e9nerg\u00e9tique\u00a0: un m\u00e9nage belge sur cinq y est confront\u00e9 - Renouvelle\",\"isPartOf\":{\"@id\":\"https:\\\/\\\/www.renouvelle.be\\\/fr\\\/#website\"},\"primaryImageOfPage\":{\"@id\":\"https:\\\/\\\/www.renouvelle.be\\\/fr\\\/precarite-energetique-menage-belge-sur-cinq\\\/#primaryimage\"},\"image\":{\"@id\":\"https:\\\/\\\/www.renouvelle.be\\\/fr\\\/precarite-energetique-menage-belge-sur-cinq\\\/#primaryimage\"},\"thumbnailUrl\":\"https:\\\/\\\/www.renouvelle.be\\\/wp-content\\\/uploads\\\/2025\\\/11\\\/AdobeStock_469459287-scaled.jpeg\",\"datePublished\":\"2025-11-05T15:07:27+00:00\",\"dateModified\":\"2025-11-05T15:07:30+00:00\",\"author\":{\"@id\":\"https:\\\/\\\/www.renouvelle.be\\\/fr\\\/#\\\/schema\\\/person\\\/9d743366fb269eeceaa8d60e98d289d3\"},\"description\":\"La pr\u00e9carit\u00e9 \u00e9nerg\u00e9tique a touch\u00e9 un m\u00e9nage belge sur cinq, l'ann\u00e9e pass\u00e9e. C'est ce que nous rapporter le SPF Economie.\",\"breadcrumb\":{\"@id\":\"https:\\\/\\\/www.renouvelle.be\\\/fr\\\/precarite-energetique-menage-belge-sur-cinq\\\/#breadcrumb\"},\"inLanguage\":\"fr-FR\",\"potentialAction\":[{\"@type\":\"ReadAction\",\"target\":[\"https:\\\/\\\/www.renouvelle.be\\\/fr\\\/precarite-energetique-menage-belge-sur-cinq\\\/\"]}]},{\"@type\":\"ImageObject\",\"inLanguage\":\"fr-FR\",\"@id\":\"https:\\\/\\\/www.renouvelle.be\\\/fr\\\/precarite-energetique-menage-belge-sur-cinq\\\/#primaryimage\",\"url\":\"https:\\\/\\\/www.renouvelle.be\\\/wp-content\\\/uploads\\\/2025\\\/11\\\/AdobeStock_469459287-scaled.jpeg\",\"contentUrl\":\"https:\\\/\\\/www.renouvelle.be\\\/wp-content\\\/uploads\\\/2025\\\/11\\\/AdobeStock_469459287-scaled.jpeg\",\"width\":2560,\"height\":1707,\"caption\":\"pr\u00e9carit\u00e9 \u00e9nerg\u00e9tique m\u00e9nage belge\"},{\"@type\":\"BreadcrumbList\",\"@id\":\"https:\\\/\\\/www.renouvelle.be\\\/fr\\\/precarite-energetique-menage-belge-sur-cinq\\\/#breadcrumb\",\"itemListElement\":[{\"@type\":\"ListItem\",\"position\":1,\"name\":\"Accueil\",\"item\":\"https:\\\/\\\/www.renouvelle.be\\\/fr\\\/\"},{\"@type\":\"ListItem\",\"position\":2,\"name\":\"Pr\u00e9carit\u00e9 \u00e9nerg\u00e9tique\u00a0: un m\u00e9nage belge sur cinq y est confront\u00e9\"}]},{\"@type\":\"WebSite\",\"@id\":\"https:\\\/\\\/www.renouvelle.be\\\/fr\\\/#website\",\"url\":\"https:\\\/\\\/www.renouvelle.be\\\/fr\\\/\",\"name\":\"Renouvelle\",\"description\":\"L&#039;actualit\u00e9 de l&#039;\u00e9nergie durable\",\"potentialAction\":[{\"@type\":\"SearchAction\",\"target\":{\"@type\":\"EntryPoint\",\"urlTemplate\":\"https:\\\/\\\/www.renouvelle.be\\\/fr\\\/?s={search_term_string}\"},\"query-input\":{\"@type\":\"PropertyValueSpecification\",\"valueRequired\":true,\"valueName\":\"search_term_string\"}}],\"inLanguage\":\"fr-FR\"},{\"@type\":\"Person\",\"@id\":\"https:\\\/\\\/www.renouvelle.be\\\/fr\\\/#\\\/schema\\\/person\\\/9d743366fb269eeceaa8d60e98d289d3\",\"name\":\"Samuel Alves\",\"url\":\"https:\\\/\\\/www.renouvelle.be\\\/fr\\\/author\\\/salves\\\/\"}]}<\/script>\n<!-- \/ Yoast SEO plugin. -->","yoast_head_json":{"title":"Pr\u00e9carit\u00e9 \u00e9nerg\u00e9tique\u00a0: un m\u00e9nage belge sur cinq y est confront\u00e9 - Renouvelle","description":"La pr\u00e9carit\u00e9 \u00e9nerg\u00e9tique a touch\u00e9 un m\u00e9nage belge sur cinq, l'ann\u00e9e pass\u00e9e. C'est ce que nous rapporter le SPF Economie.","robots":{"index":"index","follow":"follow","max-snippet":"max-snippet:-1","max-image-preview":"max-image-preview:large","max-video-preview":"max-video-preview:-1"},"canonical":"https:\/\/www.renouvelle.be\/fr\/precarite-energetique-menage-belge-sur-cinq\/","og_locale":"fr_FR","og_type":"article","og_title":"Pr\u00e9carit\u00e9 \u00e9nerg\u00e9tique\u00a0: un m\u00e9nage belge sur cinq y est confront\u00e9 - Renouvelle","og_description":"La pr\u00e9carit\u00e9 \u00e9nerg\u00e9tique a touch\u00e9 un m\u00e9nage belge sur cinq, l'ann\u00e9e pass\u00e9e. C'est ce que nous rapporter le SPF Economie.","og_url":"https:\/\/www.renouvelle.be\/fr\/precarite-energetique-menage-belge-sur-cinq\/","og_site_name":"Renouvelle","article_published_time":"2025-11-05T15:07:27+00:00","article_modified_time":"2025-11-05T15:07:30+00:00","og_image":[{"width":2560,"height":1707,"url":"https:\/\/www.renouvelle.be\/wp-content\/uploads\/2025\/11\/AdobeStock_469459287-scaled.jpeg","type":"image\/jpeg"}],"author":"Samuel Alves","twitter_card":"summary_large_image","schema":{"@context":"https:\/\/schema.org","@graph":[{"@type":"Article","@id":"https:\/\/www.renouvelle.be\/fr\/precarite-energetique-menage-belge-sur-cinq\/#article","isPartOf":{"@id":"https:\/\/www.renouvelle.be\/fr\/precarite-energetique-menage-belge-sur-cinq\/"},"author":{"name":"Samuel Alves","@id":"https:\/\/www.renouvelle.be\/fr\/#\/schema\/person\/9d743366fb269eeceaa8d60e98d289d3"},"headline":"Pr\u00e9carit\u00e9 \u00e9nerg\u00e9tique\u00a0: un m\u00e9nage belge sur cinq y est confront\u00e9","datePublished":"2025-11-05T15:07:27+00:00","dateModified":"2025-11-05T15:07:30+00:00","mainEntityOfPage":{"@id":"https:\/\/www.renouvelle.be\/fr\/precarite-energetique-menage-belge-sur-cinq\/"},"wordCount":302,"image":{"@id":"https:\/\/www.renouvelle.be\/fr\/precarite-energetique-menage-belge-sur-cinq\/#primaryimage"},"thumbnailUrl":"https:\/\/www.renouvelle.be\/wp-content\/uploads\/2025\/11\/AdobeStock_469459287-scaled.jpeg","articleSection":["Actualit\u00e9","Actualit\u00e9 en Belgique"],"inLanguage":"fr-FR"},{"@type":"WebPage","@id":"https:\/\/www.renouvelle.be\/fr\/precarite-energetique-menage-belge-sur-cinq\/","url":"https:\/\/www.renouvelle.be\/fr\/precarite-energetique-menage-belge-sur-cinq\/","name":"Pr\u00e9carit\u00e9 \u00e9nerg\u00e9tique\u00a0: un m\u00e9nage belge sur cinq y est confront\u00e9 - Renouvelle","isPartOf":{"@id":"https:\/\/www.renouvelle.be\/fr\/#website"},"primaryImageOfPage":{"@id":"https:\/\/www.renouvelle.be\/fr\/precarite-energetique-menage-belge-sur-cinq\/#primaryimage"},"image":{"@id":"https:\/\/www.renouvelle.be\/fr\/precarite-energetique-menage-belge-sur-cinq\/#primaryimage"},"thumbnailUrl":"https:\/\/www.renouvelle.be\/wp-content\/uploads\/2025\/11\/AdobeStock_469459287-scaled.jpeg","datePublished":"2025-11-05T15:07:27+00:00","dateModified":"2025-11-05T15:07:30+00:00","author":{"@id":"https:\/\/www.renouvelle.be\/fr\/#\/schema\/person\/9d743366fb269eeceaa8d60e98d289d3"},"description":"La pr\u00e9carit\u00e9 \u00e9nerg\u00e9tique a touch\u00e9 un m\u00e9nage belge sur cinq, l'ann\u00e9e pass\u00e9e. C'est ce que nous rapporter le SPF Economie.","breadcrumb":{"@id":"https:\/\/www.renouvelle.be\/fr\/precarite-energetique-menage-belge-sur-cinq\/#breadcrumb"},"inLanguage":"fr-FR","potentialAction":[{"@type":"ReadAction","target":["https:\/\/www.renouvelle.be\/fr\/precarite-energetique-menage-belge-sur-cinq\/"]}]},{"@type":"ImageObject","inLanguage":"fr-FR","@id":"https:\/\/www.renouvelle.be\/fr\/precarite-energetique-menage-belge-sur-cinq\/#primaryimage","url":"https:\/\/www.renouvelle.be\/wp-content\/uploads\/2025\/11\/AdobeStock_469459287-scaled.jpeg","contentUrl":"https:\/\/www.renouvelle.be\/wp-content\/uploads\/2025\/11\/AdobeStock_469459287-scaled.jpeg","width":2560,"height":1707,"caption":"pr\u00e9carit\u00e9 \u00e9nerg\u00e9tique m\u00e9nage belge"},{"@type":"BreadcrumbList","@id":"https:\/\/www.renouvelle.be\/fr\/precarite-energetique-menage-belge-sur-cinq\/#breadcrumb","itemListElement":[{"@type":"ListItem","position":1,"name":"Accueil","item":"https:\/\/www.renouvelle.be\/fr\/"},{"@type":"ListItem","position":2,"name":"Pr\u00e9carit\u00e9 \u00e9nerg\u00e9tique\u00a0: un m\u00e9nage belge sur cinq y est confront\u00e9"}]},{"@type":"WebSite","@id":"https:\/\/www.renouvelle.be\/fr\/#website","url":"https:\/\/www.renouvelle.be\/fr\/","name":"Renouvelle","description":"L&#039;actualit\u00e9 de l&#039;\u00e9nergie durable","potentialAction":[{"@type":"SearchAction","target":{"@type":"EntryPoint","urlTemplate":"https:\/\/www.renouvelle.be\/fr\/?s={search_term_string}"},"query-input":{"@type":"PropertyValueSpecification","valueRequired":true,"valueName":"search_term_string"}}],"inLanguage":"fr-FR"},{"@type":"Person","@id":"https:\/\/www.renouvelle.be\/fr\/#\/schema\/person\/9d743366fb269eeceaa8d60e98d289d3","name":"Samuel Alves","url":"https:\/\/www.renouvelle.be\/fr\/author\/salves\/"}]}},"_links":{"self":[{"href":"https:\/\/www.renouvelle.be\/fr\/wp-json\/wp\/v2\/posts\/15960","targetHints":{"allow":["GET"]}}],"collection":[{"href":"https:\/\/www.renouvelle.be\/fr\/wp-json\/wp\/v2\/posts"}],"about":[{"href":"https:\/\/www.renouvelle.be\/fr\/wp-json\/wp\/v2\/types\/post"}],"author":[{"embeddable":true,"href":"https:\/\/www.renouvelle.be\/fr\/wp-json\/wp\/v2\/users\/38"}],"replies":[{"embeddable":true,"href":"https:\/\/www.renouvelle.be\/fr\/wp-json\/wp\/v2\/comments?post=15960"}],"version-history":[{"count":3,"href":"https:\/\/www.renouvelle.be\/fr\/wp-json\/wp\/v2\/posts\/15960\/revisions"}],"predecessor-version":[{"id":15965,"href":"https:\/\/www.renouvelle.be\/fr\/wp-json\/wp\/v2\/posts\/15960\/revisions\/15965"}],"wp:featuredmedia":[{"embeddable":true,"href":"https:\/\/www.renouvelle.be\/fr\/wp-json\/wp\/v2\/media\/15963"}],"wp:attachment":[{"href":"https:\/\/www.renouvelle.be\/fr\/wp-json\/wp\/v2\/media?parent=15960"}],"wp:term":[{"taxonomy":"category","embeddable":true,"href":"https:\/\/www.renouvelle.be\/fr\/wp-json\/wp\/v2\/categories?post=15960"},{"taxonomy":"post_tag","embeddable":true,"href":"https:\/\/www.renouvelle.be\/fr\/wp-json\/wp\/v2\/tags?post=15960"},{"taxonomy":"section","embeddable":true,"href":"https:\/\/www.renouvelle.be\/fr\/wp-json\/wp\/v2\/section?post=15960"}],"curies":[{"name":"wp","href":"https:\/\/api.w.org\/{rel}","templated":true}]}}