{"id":15901,"date":"2025-11-13T11:31:03","date_gmt":"2025-11-13T10:31:03","guid":{"rendered":"https:\/\/www.renouvelle.be\/?p=15901"},"modified":"2025-11-13T11:31:33","modified_gmt":"2025-11-13T10:31:33","slug":"vehicule-electrique-et-photovoltaique-des-economies-a-domicile","status":"publish","type":"post","link":"https:\/\/www.renouvelle.be\/fr\/vehicule-electrique-et-photovoltaique-des-economies-a-domicile\/","title":{"rendered":"V\u00e9hicule \u00e9lectrique et photovolta\u00efque : des \u00e9conomies \u00e0 domicile"},"content":{"rendered":"\n<p>R\u00e9cemment nous avons observ\u00e9 que le co\u00fbt au kilom\u00e8tre d\u2019un v\u00e9hicule \u00e9lectrique est inf\u00e9rieur \u00e0 celui d\u2019un \u00e9quivalent thermique, et cela m\u00eame lorsque le v\u00e9hicule est <a href=\"https:\/\/www.renouvelle.be\/fr\/vehicules-electriques-moins-chers-usage-au-final\/\" target=\"_blank\" rel=\"noreferrer noopener\">charg\u00e9<\/a> dans des bornes publiques. Qu\u2019en est-il lorsqu\u2019on recharge notre v\u00e9hicule \u00e9lectrique \u00e0 domicile quand on dispose de panneaux photovolta\u00efques sur le toit de l\u2019habitation\u00a0? Dans ces conditions, la recharge en heures solaires augmente consid\u00e9rablement son autoconsommation. Elle valorise l\u2019\u00e9lectricit\u00e9 des panneaux au prix d\u2019achat de l\u2019\u00e9lectricit\u00e9 au lieu du prix de revente de l\u2019injection, bien plus modeste.<\/p>\n\n\n\n<h2 class=\"wp-block-heading\"><strong>Modes de recharge existants<\/strong><\/h2>\n\n\n\n<p>Deux mani\u00e8res de recharger un v\u00e9hicule \u00e9lectrique chez soi sont possibles. La premi\u00e8re, la plus simple, est l\u2019utilisation d\u2019une prise domestique classique. La puissance de charge est de 2,3kW, soit la puissance \u00e9quivalente \u00e0 un four. Une charge compl\u00e8te dure entre 10 et 24 heures selon la taille de la batterie. Dans ce cas de figure, aucune communication n\u2019est r\u00e9alis\u00e9e entre le dispositif de charge et l\u2019installation photovolta\u00efque.<\/p>\n\n\n\n<p>L\u2019autre option est l\u2019installation d\u2019une borne de recharge domestique, qui permet deux changements significatifs. D\u2019abord, la puissance maximale de charge peut monter \u00e0 7.4kW ou 11kW en fonction de l\u2019installation \u00e9lectrique. Ensuite, la borne peut \u00eatre mise en communication avec l\u2019onduleur afin de charger la voiture uniquement avec l\u2019exc\u00e9dent d\u2019\u00e9nergie solaire autoproduite disponible. Ce dernier est alors utilis\u00e9 pour charger la voiture au lieu d\u2019\u00eatre r\u00e9inject\u00e9 sur le r\u00e9seau \u00e0 un faible prix de vente. Cependant, ce m\u00e9canisme n\u2019est possible que si la puissance exc\u00e9dentaire disponible est sup\u00e9rieure \u00e0 1,4kW.<\/p>\n\n\n\n<h2 class=\"wp-block-heading\"><strong>Strat\u00e9gie de recharge<\/strong><\/h2>\n\n\n\n<p>Dans le cas d\u2019une prise classique, la charge est enclench\u00e9e au retour d\u2019un trajet uniquement si la batterie est charg\u00e9e en dessous d\u2019un seuil de confort d\u00e9sir\u00e9 et qu\u2019un trajet est pr\u00e9vu le lendemain. Si aucun trajet n\u2019est pr\u00e9vu le lendemain, la charge sera plut\u00f4t programm\u00e9e pour le lendemain entre 9h et 16h.<\/p>\n\n\n\n<p>Dans le cas d\u2019une borne, tant que le v\u00e9hicule est pr\u00e9sent au domicile, la charge s\u2019enclenchera automatiquement si un exc\u00e9dent d\u2019injection est disponible. Si un trajet est pr\u00e9vu le lendemain et que l\u2019exc\u00e9dent d\u2019injection n\u2019a pas suffi, la charge aura lieu de mani\u00e8re \u00e0 garantir un niveau de batterie suffisant.<\/p>\n\n\n\n<h2 class=\"wp-block-heading\"><strong>R\u00e9sultats<\/strong><\/h2>\n\n\n\n<p>Une mod\u00e9lisation au quart-horaire de ces sc\u00e9narios a \u00e9t\u00e9 r\u00e9alis\u00e9e, afin de quantifier l\u2019impact financier de l\u2019installation photovolta\u00efque sur le co\u00fbt de recharge annuel.<\/p>\n\n\n\n<p>La consommation \u00e9lectrique du m\u00e9nage est prise en compte dans la quantit\u00e9 d\u2019\u00e9lectricit\u00e9 photovolta\u00efque autoconsomm\u00e9e, et a priorit\u00e9 sur le v\u00e9hicule. La mod\u00e9lisation se base sur des installations de 3kWc et de 8kWc afin de repr\u00e9senter les petites et grosses installations.<\/p>\n\n\n\n<figure class=\"wp-block-image size-large\"><img loading=\"lazy\" decoding=\"async\" width=\"1024\" height=\"398\" src=\"https:\/\/www.renouvelle.be\/wp-content\/uploads\/2025\/11\/tableau-evpv-e1762273012125-1024x398.jpg\" alt=\"v\u00e9hicule \u00e9lectrique photovolta\u00efque\" class=\"wp-image-15906\" srcset=\"https:\/\/www.renouvelle.be\/wp-content\/uploads\/2025\/11\/tableau-evpv-e1762273012125-1024x398.jpg 1024w, https:\/\/www.renouvelle.be\/wp-content\/uploads\/2025\/11\/tableau-evpv-e1762273012125-300x117.jpg 300w, https:\/\/www.renouvelle.be\/wp-content\/uploads\/2025\/11\/tableau-evpv-e1762273012125-768x298.jpg 768w, https:\/\/www.renouvelle.be\/wp-content\/uploads\/2025\/11\/tableau-evpv-e1762273012125-1536x597.jpg 1536w, https:\/\/www.renouvelle.be\/wp-content\/uploads\/2025\/11\/tableau-evpv-e1762273012125-1200x466.jpg 1200w, https:\/\/www.renouvelle.be\/wp-content\/uploads\/2025\/11\/tableau-evpv-e1762273012125.jpg 1920w\" sizes=\"auto, (max-width: 1024px) 100vw, 1024px\" \/><\/figure>\n\n\n\n<p>Deux profils de conduite ont \u00e9t\u00e9 analys\u00e9s. Le premier correspond \u00e0 une personne pouvant de faire du t\u00e9l\u00e9travail et r\u00e9alisant un trajet de 40km trois fois par semaine (la distance domicile-travail utilis\u00e9e est une moyenne belge). Un trajet de 80km est \u00e9galement r\u00e9alis\u00e9 chaque weekend. Les jours de conduite sont r\u00e9partis al\u00e9atoirement durant la semaine, tout comme les heures de retour au domicile en fin de journ\u00e9e.<\/p>\n\n\n\n<p>Un second profil, \u00e0 plus haut kilom\u00e9trage, r\u00e9alise le trajet domicile-travail 5 fois par jour en plus d\u2019un trajet de 200km chaque weekend.<\/p>\n\n\n\n<h2 class=\"wp-block-heading\"><strong>Observations<\/strong><\/h2>\n\n\n\n<p>Rappelons d\u2019abord que dans tous les cas de figure, le co\u00fbt d\u2019utilisation est plus faible qu\u2019un \u00e9quivalent essence gr\u00e2ce \u00e0 la tr\u00e8s bonne efficacit\u00e9 des moteurs \u00e9lectriques comme nous l\u2019avons d\u00e9j\u00e0 abord\u00e9.<\/p>\n\n\n\n<p>Sans surprise, une installation photovolta\u00efque de plus haute puissance permet des baisses plus significatives de la facture finale. En effet, m\u00eame lors de journ\u00e9es moyennement ensoleill\u00e9es, une grosse installation peut g\u00e9n\u00e9rer la puissance n\u00e9cessaire \u00e0 la charge de la voiture.<\/p>\n\n\n\n<p>Si la charge en journ\u00e9e est possible, m\u00eame une installation plus petite permet de r\u00e9duire les co\u00fbts de mani\u00e8re non n\u00e9gligeable. La borne de recharge intelligente permet d\u2019utiliser automatiquement l\u2019\u00e9lectricit\u00e9 solaire disponible, et g\u00e9n\u00e8re des \u00e9conomies m\u00eame dans le cas o\u00f9 la recharge en pleine journ\u00e9e est rarement possible. Mais son co\u00fbt non n\u00e9gligeable (1000 \u00e0 2000\u20ac) et son seuil de 1,4 kW rend son installation plus pertinente avec les grandes installations.<\/p>\n","protected":false},"excerpt":{"rendered":"<p>R\u00e9cemment nous avons observ\u00e9 que le co\u00fbt au kilom\u00e8tre d\u2019un v\u00e9hicule \u00e9lectrique est inf\u00e9rieur \u00e0 celui d\u2019un \u00e9quivalent thermique, et cela m\u00eame lorsque le v\u00e9hicule est charg\u00e9 dans des bornes publiques. Qu\u2019en est-il lorsqu\u2019on recharge notre v\u00e9hicule \u00e9lectrique \u00e0 domicile quand on dispose de panneaux photovolta\u00efques sur le toit de l\u2019habitation\u00a0? Dans ces conditions, la recharge en heures solaires augmente consid\u00e9rablement son autoconsommation. Elle valorise l\u2019\u00e9lectricit\u00e9 des panneaux au prix d\u2019achat de l\u2019\u00e9lectricit\u00e9 au lieu du prix de revente de l\u2019injection, bien plus modeste. Modes de recharge existants Deux mani\u00e8res de recharger un v\u00e9hicule \u00e9lectrique chez soi sont possibles. La premi\u00e8re, la plus simple, est l\u2019utilisation d\u2019une prise domestique classique. La puissance de charge est de 2,3kW, soit la puissance \u00e9quivalente \u00e0 un four. Une charge compl\u00e8te dure entre 10 et 24 heures selon la taille de la batterie. Dans ce cas de figure, aucune communication n\u2019est r\u00e9alis\u00e9e entre le dispositif de charge et l\u2019installation photovolta\u00efque. L\u2019autre option est l\u2019installation d\u2019une borne de recharge domestique, qui permet deux changements significatifs. D\u2019abord, la puissance maximale de charge peut monter \u00e0 7.4kW ou 11kW en fonction de l\u2019installation \u00e9lectrique. Ensuite, la borne peut \u00eatre mise en communication avec l\u2019onduleur afin de charger la voiture uniquement avec l\u2019exc\u00e9dent d\u2019\u00e9nergie solaire autoproduite disponible. Ce dernier est alors utilis\u00e9 pour charger la voiture au lieu d\u2019\u00eatre r\u00e9inject\u00e9 sur le r\u00e9seau \u00e0 un faible prix de vente. Cependant, ce m\u00e9canisme n\u2019est possible que si la puissance exc\u00e9dentaire disponible est sup\u00e9rieure \u00e0 1,4kW. Strat\u00e9gie de recharge Dans le cas d\u2019une prise classique, la charge est enclench\u00e9e au retour d\u2019un trajet uniquement si la batterie est charg\u00e9e en dessous d\u2019un seuil de confort d\u00e9sir\u00e9 et qu\u2019un trajet est pr\u00e9vu le lendemain. Si aucun trajet n\u2019est pr\u00e9vu le lendemain, &hellip; <a href=\"https:\/\/www.renouvelle.be\/fr\/vehicule-electrique-et-photovoltaique-des-economies-a-domicile\/\" class=\"more-link\">Continue reading<span class=\"screen-reader-text\"> \u00ab\u00a0V\u00e9hicule \u00e9lectrique et photovolta\u00efque : des \u00e9conomies \u00e0 domicile\u00a0\u00bb<\/span><\/a><\/p>\n","protected":false},"author":40,"featured_media":15904,"comment_status":"closed","ping_status":"closed","sticky":false,"template":"","format":"standard","meta":{"_acf_changed":false,"footnotes":""},"categories":[],"tags":[],"section":[8,13,12],"class_list":["post-15901","post","type-post","status-publish","format-standard","has-post-thumbnail","hentry","section-energie-renouvelables","section-solaire","section-mobilite"],"acf":[],"yoast_head":"<!-- This site is optimized with the Yoast SEO plugin v27.5 - https:\/\/yoast.com\/product\/yoast-seo-wordpress\/ -->\n<title>V\u00e9hicule \u00e9lectrique et photovolta\u00efque : des \u00e9conomies \u00e0 domicile - Renouvelle<\/title>\n<meta name=\"description\" content=\"D\u00e9couvrez comment recharger votre v\u00e9hicule \u00e9lectrique \u00e0 domicile avec des panneaux photovolta\u00efques pour r\u00e9duire le co\u00fbt au kilom\u00e8tre.\" \/>\n<meta name=\"robots\" content=\"index, follow, max-snippet:-1, max-image-preview:large, max-video-preview:-1\" \/>\n<link rel=\"canonical\" href=\"https:\/\/www.renouvelle.be\/fr\/vehicule-electrique-et-photovoltaique-des-economies-a-domicile\/\" \/>\n<meta property=\"og:locale\" content=\"fr_FR\" \/>\n<meta property=\"og:type\" content=\"article\" \/>\n<meta property=\"og:title\" content=\"V\u00e9hicule \u00e9lectrique et photovolta\u00efque : des \u00e9conomies \u00e0 domicile - Renouvelle\" \/>\n<meta property=\"og:description\" content=\"D\u00e9couvrez comment recharger votre v\u00e9hicule \u00e9lectrique \u00e0 domicile avec des panneaux photovolta\u00efques pour r\u00e9duire le co\u00fbt au kilom\u00e8tre.\" \/>\n<meta property=\"og:url\" content=\"https:\/\/www.renouvelle.be\/fr\/vehicule-electrique-et-photovoltaique-des-economies-a-domicile\/\" \/>\n<meta property=\"og:site_name\" content=\"Renouvelle\" \/>\n<meta property=\"article:published_time\" content=\"2025-11-13T10:31:03+00:00\" \/>\n<meta property=\"article:modified_time\" content=\"2025-11-13T10:31:33+00:00\" \/>\n<meta property=\"og:image\" content=\"https:\/\/www.renouvelle.be\/wp-content\/uploads\/2025\/11\/AdobeStock_572860509-scaled-e1762271244125.jpeg\" \/>\n\t<meta property=\"og:image:width\" content=\"1950\" \/>\n\t<meta property=\"og:image:height\" content=\"1200\" \/>\n\t<meta property=\"og:image:type\" content=\"image\/jpeg\" \/>\n<meta name=\"author\" content=\"Mathieu Petitjean\" \/>\n<meta name=\"twitter:card\" content=\"summary_large_image\" \/>\n<script type=\"application\/ld+json\" class=\"yoast-schema-graph\">{\"@context\":\"https:\\\/\\\/schema.org\",\"@graph\":[{\"@type\":\"Article\",\"@id\":\"https:\\\/\\\/www.renouvelle.be\\\/fr\\\/vehicule-electrique-et-photovoltaique-des-economies-a-domicile\\\/#article\",\"isPartOf\":{\"@id\":\"https:\\\/\\\/www.renouvelle.be\\\/fr\\\/vehicule-electrique-et-photovoltaique-des-economies-a-domicile\\\/\"},\"author\":{\"name\":\"Mathieu Petitjean\",\"@id\":\"https:\\\/\\\/www.renouvelle.be\\\/fr\\\/#\\\/schema\\\/person\\\/0458f628084e1c95c296c1f5b9fcf7c2\"},\"headline\":\"V\u00e9hicule \u00e9lectrique et photovolta\u00efque : des \u00e9conomies \u00e0 domicile\",\"datePublished\":\"2025-11-13T10:31:03+00:00\",\"dateModified\":\"2025-11-13T10:31:33+00:00\",\"mainEntityOfPage\":{\"@id\":\"https:\\\/\\\/www.renouvelle.be\\\/fr\\\/vehicule-electrique-et-photovoltaique-des-economies-a-domicile\\\/\"},\"wordCount\":772,\"image\":{\"@id\":\"https:\\\/\\\/www.renouvelle.be\\\/fr\\\/vehicule-electrique-et-photovoltaique-des-economies-a-domicile\\\/#primaryimage\"},\"thumbnailUrl\":\"https:\\\/\\\/www.renouvelle.be\\\/wp-content\\\/uploads\\\/2025\\\/11\\\/AdobeStock_572860509-scaled-e1762271244125.jpeg\",\"inLanguage\":\"fr-FR\"},{\"@type\":\"WebPage\",\"@id\":\"https:\\\/\\\/www.renouvelle.be\\\/fr\\\/vehicule-electrique-et-photovoltaique-des-economies-a-domicile\\\/\",\"url\":\"https:\\\/\\\/www.renouvelle.be\\\/fr\\\/vehicule-electrique-et-photovoltaique-des-economies-a-domicile\\\/\",\"name\":\"V\u00e9hicule \u00e9lectrique et photovolta\u00efque : des \u00e9conomies \u00e0 domicile - Renouvelle\",\"isPartOf\":{\"@id\":\"https:\\\/\\\/www.renouvelle.be\\\/fr\\\/#website\"},\"primaryImageOfPage\":{\"@id\":\"https:\\\/\\\/www.renouvelle.be\\\/fr\\\/vehicule-electrique-et-photovoltaique-des-economies-a-domicile\\\/#primaryimage\"},\"image\":{\"@id\":\"https:\\\/\\\/www.renouvelle.be\\\/fr\\\/vehicule-electrique-et-photovoltaique-des-economies-a-domicile\\\/#primaryimage\"},\"thumbnailUrl\":\"https:\\\/\\\/www.renouvelle.be\\\/wp-content\\\/uploads\\\/2025\\\/11\\\/AdobeStock_572860509-scaled-e1762271244125.jpeg\",\"datePublished\":\"2025-11-13T10:31:03+00:00\",\"dateModified\":\"2025-11-13T10:31:33+00:00\",\"author\":{\"@id\":\"https:\\\/\\\/www.renouvelle.be\\\/fr\\\/#\\\/schema\\\/person\\\/0458f628084e1c95c296c1f5b9fcf7c2\"},\"description\":\"D\u00e9couvrez comment recharger votre v\u00e9hicule \u00e9lectrique \u00e0 domicile avec des panneaux photovolta\u00efques pour r\u00e9duire le co\u00fbt au kilom\u00e8tre.\",\"breadcrumb\":{\"@id\":\"https:\\\/\\\/www.renouvelle.be\\\/fr\\\/vehicule-electrique-et-photovoltaique-des-economies-a-domicile\\\/#breadcrumb\"},\"inLanguage\":\"fr-FR\",\"potentialAction\":[{\"@type\":\"ReadAction\",\"target\":[\"https:\\\/\\\/www.renouvelle.be\\\/fr\\\/vehicule-electrique-et-photovoltaique-des-economies-a-domicile\\\/\"]}]},{\"@type\":\"ImageObject\",\"inLanguage\":\"fr-FR\",\"@id\":\"https:\\\/\\\/www.renouvelle.be\\\/fr\\\/vehicule-electrique-et-photovoltaique-des-economies-a-domicile\\\/#primaryimage\",\"url\":\"https:\\\/\\\/www.renouvelle.be\\\/wp-content\\\/uploads\\\/2025\\\/11\\\/AdobeStock_572860509-scaled-e1762271244125.jpeg\",\"contentUrl\":\"https:\\\/\\\/www.renouvelle.be\\\/wp-content\\\/uploads\\\/2025\\\/11\\\/AdobeStock_572860509-scaled-e1762271244125.jpeg\",\"width\":1950,\"height\":1200,\"caption\":\"v\u00e9hicule \u00e9lectrique photovolta\u00efque\"},{\"@type\":\"BreadcrumbList\",\"@id\":\"https:\\\/\\\/www.renouvelle.be\\\/fr\\\/vehicule-electrique-et-photovoltaique-des-economies-a-domicile\\\/#breadcrumb\",\"itemListElement\":[{\"@type\":\"ListItem\",\"position\":1,\"name\":\"Accueil\",\"item\":\"https:\\\/\\\/www.renouvelle.be\\\/fr\\\/\"},{\"@type\":\"ListItem\",\"position\":2,\"name\":\"V\u00e9hicule \u00e9lectrique et photovolta\u00efque : des \u00e9conomies \u00e0 domicile\"}]},{\"@type\":\"WebSite\",\"@id\":\"https:\\\/\\\/www.renouvelle.be\\\/fr\\\/#website\",\"url\":\"https:\\\/\\\/www.renouvelle.be\\\/fr\\\/\",\"name\":\"Renouvelle\",\"description\":\"L&#039;actualit\u00e9 de l&#039;\u00e9nergie durable\",\"potentialAction\":[{\"@type\":\"SearchAction\",\"target\":{\"@type\":\"EntryPoint\",\"urlTemplate\":\"https:\\\/\\\/www.renouvelle.be\\\/fr\\\/?s={search_term_string}\"},\"query-input\":{\"@type\":\"PropertyValueSpecification\",\"valueRequired\":true,\"valueName\":\"search_term_string\"}}],\"inLanguage\":\"fr-FR\"},{\"@type\":\"Person\",\"@id\":\"https:\\\/\\\/www.renouvelle.be\\\/fr\\\/#\\\/schema\\\/person\\\/0458f628084e1c95c296c1f5b9fcf7c2\",\"name\":\"Mathieu Petitjean\",\"url\":\"https:\\\/\\\/www.renouvelle.be\\\/fr\\\/author\\\/mathieu-petitjean\\\/\"}]}<\/script>\n<!-- \/ Yoast SEO plugin. -->","yoast_head_json":{"title":"V\u00e9hicule \u00e9lectrique et photovolta\u00efque : des \u00e9conomies \u00e0 domicile - Renouvelle","description":"D\u00e9couvrez comment recharger votre v\u00e9hicule \u00e9lectrique \u00e0 domicile avec des panneaux photovolta\u00efques pour r\u00e9duire le co\u00fbt au kilom\u00e8tre.","robots":{"index":"index","follow":"follow","max-snippet":"max-snippet:-1","max-image-preview":"max-image-preview:large","max-video-preview":"max-video-preview:-1"},"canonical":"https:\/\/www.renouvelle.be\/fr\/vehicule-electrique-et-photovoltaique-des-economies-a-domicile\/","og_locale":"fr_FR","og_type":"article","og_title":"V\u00e9hicule \u00e9lectrique et photovolta\u00efque : des \u00e9conomies \u00e0 domicile - Renouvelle","og_description":"D\u00e9couvrez comment recharger votre v\u00e9hicule \u00e9lectrique \u00e0 domicile avec des panneaux photovolta\u00efques pour r\u00e9duire le co\u00fbt au kilom\u00e8tre.","og_url":"https:\/\/www.renouvelle.be\/fr\/vehicule-electrique-et-photovoltaique-des-economies-a-domicile\/","og_site_name":"Renouvelle","article_published_time":"2025-11-13T10:31:03+00:00","article_modified_time":"2025-11-13T10:31:33+00:00","og_image":[{"width":1950,"height":1200,"url":"https:\/\/www.renouvelle.be\/wp-content\/uploads\/2025\/11\/AdobeStock_572860509-scaled-e1762271244125.jpeg","type":"image\/jpeg"}],"author":"Mathieu Petitjean","twitter_card":"summary_large_image","schema":{"@context":"https:\/\/schema.org","@graph":[{"@type":"Article","@id":"https:\/\/www.renouvelle.be\/fr\/vehicule-electrique-et-photovoltaique-des-economies-a-domicile\/#article","isPartOf":{"@id":"https:\/\/www.renouvelle.be\/fr\/vehicule-electrique-et-photovoltaique-des-economies-a-domicile\/"},"author":{"name":"Mathieu Petitjean","@id":"https:\/\/www.renouvelle.be\/fr\/#\/schema\/person\/0458f628084e1c95c296c1f5b9fcf7c2"},"headline":"V\u00e9hicule \u00e9lectrique et photovolta\u00efque : des \u00e9conomies \u00e0 domicile","datePublished":"2025-11-13T10:31:03+00:00","dateModified":"2025-11-13T10:31:33+00:00","mainEntityOfPage":{"@id":"https:\/\/www.renouvelle.be\/fr\/vehicule-electrique-et-photovoltaique-des-economies-a-domicile\/"},"wordCount":772,"image":{"@id":"https:\/\/www.renouvelle.be\/fr\/vehicule-electrique-et-photovoltaique-des-economies-a-domicile\/#primaryimage"},"thumbnailUrl":"https:\/\/www.renouvelle.be\/wp-content\/uploads\/2025\/11\/AdobeStock_572860509-scaled-e1762271244125.jpeg","inLanguage":"fr-FR"},{"@type":"WebPage","@id":"https:\/\/www.renouvelle.be\/fr\/vehicule-electrique-et-photovoltaique-des-economies-a-domicile\/","url":"https:\/\/www.renouvelle.be\/fr\/vehicule-electrique-et-photovoltaique-des-economies-a-domicile\/","name":"V\u00e9hicule \u00e9lectrique et photovolta\u00efque : des \u00e9conomies \u00e0 domicile - Renouvelle","isPartOf":{"@id":"https:\/\/www.renouvelle.be\/fr\/#website"},"primaryImageOfPage":{"@id":"https:\/\/www.renouvelle.be\/fr\/vehicule-electrique-et-photovoltaique-des-economies-a-domicile\/#primaryimage"},"image":{"@id":"https:\/\/www.renouvelle.be\/fr\/vehicule-electrique-et-photovoltaique-des-economies-a-domicile\/#primaryimage"},"thumbnailUrl":"https:\/\/www.renouvelle.be\/wp-content\/uploads\/2025\/11\/AdobeStock_572860509-scaled-e1762271244125.jpeg","datePublished":"2025-11-13T10:31:03+00:00","dateModified":"2025-11-13T10:31:33+00:00","author":{"@id":"https:\/\/www.renouvelle.be\/fr\/#\/schema\/person\/0458f628084e1c95c296c1f5b9fcf7c2"},"description":"D\u00e9couvrez comment recharger votre v\u00e9hicule \u00e9lectrique \u00e0 domicile avec des panneaux photovolta\u00efques pour r\u00e9duire le co\u00fbt au kilom\u00e8tre.","breadcrumb":{"@id":"https:\/\/www.renouvelle.be\/fr\/vehicule-electrique-et-photovoltaique-des-economies-a-domicile\/#breadcrumb"},"inLanguage":"fr-FR","potentialAction":[{"@type":"ReadAction","target":["https:\/\/www.renouvelle.be\/fr\/vehicule-electrique-et-photovoltaique-des-economies-a-domicile\/"]}]},{"@type":"ImageObject","inLanguage":"fr-FR","@id":"https:\/\/www.renouvelle.be\/fr\/vehicule-electrique-et-photovoltaique-des-economies-a-domicile\/#primaryimage","url":"https:\/\/www.renouvelle.be\/wp-content\/uploads\/2025\/11\/AdobeStock_572860509-scaled-e1762271244125.jpeg","contentUrl":"https:\/\/www.renouvelle.be\/wp-content\/uploads\/2025\/11\/AdobeStock_572860509-scaled-e1762271244125.jpeg","width":1950,"height":1200,"caption":"v\u00e9hicule \u00e9lectrique photovolta\u00efque"},{"@type":"BreadcrumbList","@id":"https:\/\/www.renouvelle.be\/fr\/vehicule-electrique-et-photovoltaique-des-economies-a-domicile\/#breadcrumb","itemListElement":[{"@type":"ListItem","position":1,"name":"Accueil","item":"https:\/\/www.renouvelle.be\/fr\/"},{"@type":"ListItem","position":2,"name":"V\u00e9hicule \u00e9lectrique et photovolta\u00efque : des \u00e9conomies \u00e0 domicile"}]},{"@type":"WebSite","@id":"https:\/\/www.renouvelle.be\/fr\/#website","url":"https:\/\/www.renouvelle.be\/fr\/","name":"Renouvelle","description":"L&#039;actualit\u00e9 de l&#039;\u00e9nergie durable","potentialAction":[{"@type":"SearchAction","target":{"@type":"EntryPoint","urlTemplate":"https:\/\/www.renouvelle.be\/fr\/?s={search_term_string}"},"query-input":{"@type":"PropertyValueSpecification","valueRequired":true,"valueName":"search_term_string"}}],"inLanguage":"fr-FR"},{"@type":"Person","@id":"https:\/\/www.renouvelle.be\/fr\/#\/schema\/person\/0458f628084e1c95c296c1f5b9fcf7c2","name":"Mathieu Petitjean","url":"https:\/\/www.renouvelle.be\/fr\/author\/mathieu-petitjean\/"}]}},"_links":{"self":[{"href":"https:\/\/www.renouvelle.be\/fr\/wp-json\/wp\/v2\/posts\/15901","targetHints":{"allow":["GET"]}}],"collection":[{"href":"https:\/\/www.renouvelle.be\/fr\/wp-json\/wp\/v2\/posts"}],"about":[{"href":"https:\/\/www.renouvelle.be\/fr\/wp-json\/wp\/v2\/types\/post"}],"author":[{"embeddable":true,"href":"https:\/\/www.renouvelle.be\/fr\/wp-json\/wp\/v2\/users\/40"}],"replies":[{"embeddable":true,"href":"https:\/\/www.renouvelle.be\/fr\/wp-json\/wp\/v2\/comments?post=15901"}],"version-history":[{"count":4,"href":"https:\/\/www.renouvelle.be\/fr\/wp-json\/wp\/v2\/posts\/15901\/revisions"}],"predecessor-version":[{"id":15909,"href":"https:\/\/www.renouvelle.be\/fr\/wp-json\/wp\/v2\/posts\/15901\/revisions\/15909"}],"wp:featuredmedia":[{"embeddable":true,"href":"https:\/\/www.renouvelle.be\/fr\/wp-json\/wp\/v2\/media\/15904"}],"wp:attachment":[{"href":"https:\/\/www.renouvelle.be\/fr\/wp-json\/wp\/v2\/media?parent=15901"}],"wp:term":[{"taxonomy":"category","embeddable":true,"href":"https:\/\/www.renouvelle.be\/fr\/wp-json\/wp\/v2\/categories?post=15901"},{"taxonomy":"post_tag","embeddable":true,"href":"https:\/\/www.renouvelle.be\/fr\/wp-json\/wp\/v2\/tags?post=15901"},{"taxonomy":"section","embeddable":true,"href":"https:\/\/www.renouvelle.be\/fr\/wp-json\/wp\/v2\/section?post=15901"}],"curies":[{"name":"wp","href":"https:\/\/api.w.org\/{rel}","templated":true}]}}