{"id":15873,"date":"2025-11-19T11:35:10","date_gmt":"2025-11-19T10:35:10","guid":{"rendered":"https:\/\/www.renouvelle.be\/?p=15873"},"modified":"2025-11-19T12:12:37","modified_gmt":"2025-11-19T11:12:37","slug":"partage-energie-dans-un-batiment-une-premiere-a-liege","status":"publish","type":"post","link":"https:\/\/www.renouvelle.be\/fr\/partage-energie-dans-un-batiment-une-premiere-a-liege\/","title":{"rendered":"Partage d&rsquo;\u00e9nergie au sein d&rsquo;un b\u00e2timent : une premi\u00e8re \u00e0 Li\u00e8ge"},"content":{"rendered":"\n<p>Situ\u00e9 dans le centre historique de Li\u00e8ge, le projet de r\u00e9novation urbaine Madeleine 4.0, pilot\u00e9 par l\u2019entreprise Noshaq, a marqu\u00e9 une \u00e9tape importante en devenant le premier exemple concret de partage d\u2019\u00e9lectricit\u00e9 au sein d\u2019un m\u00eame b\u00e2timent en Wallonie. Ce nouvel immeuble mixte combine logements, commerces et bureaux, tout en se positionnant comme un mod\u00e8le d&rsquo;efficacit\u00e9 \u00e9nerg\u00e9tique.<\/p>\n\n\n<div class=\"wp-block-image\">\n<figure class=\"alignright size-full is-resized\"><img loading=\"lazy\" decoding=\"async\" width=\"316\" height=\"556\" src=\"https:\/\/www.renouvelle.be\/wp-content\/uploads\/2025\/11\/partage-electricite-batiment.jpg\" alt=\"partage \u00e9lectricit\u00e9 b\u00e2timent\" class=\"wp-image-15954\" style=\"width:304px;height:auto\" srcset=\"https:\/\/www.renouvelle.be\/wp-content\/uploads\/2025\/11\/partage-electricite-batiment.jpg 316w, https:\/\/www.renouvelle.be\/wp-content\/uploads\/2025\/11\/partage-electricite-batiment-171x300.jpg 171w\" sizes=\"auto, (max-width: 316px) 100vw, 316px\" \/><\/figure>\n<\/div>\n\n\n<p>Sur son toit, 144 panneaux photovolta\u00efques d\u2019une puissance unitaire de 425 Wc produisent une \u00e9nergie verte et renouvelable. Certains espaces sont \u00e9quip\u00e9s de pompes \u00e0 chaleur.<\/p>\n\n\n\n<p>Depuis septembre 2024, l\u2019\u00e9lectricit\u00e9 g\u00e9n\u00e9r\u00e9e sur le toit est partag\u00e9e entre les diff\u00e9rents occupants du b\u00e2timent, une configuration optimis\u00e9e par la diversit\u00e9 de leurs usages \u00e9nerg\u00e9tiques. En effet, le partage d\u2019\u00e9lectricit\u00e9 se fait sur une base quart-horaire&nbsp;: il y a partage d\u2019\u00e9lectricit\u00e9 quand il y a des besoins en \u00e9lectricit\u00e9 au m\u00eame moment qu\u2019il y a de l\u2019\u00e9lectricit\u00e9 inject\u00e9e sur le r\u00e9seau par les panneaux photovolta\u00efques (pendant le m\u00eame quart d\u2019heure).<\/p>\n\n\n\n<p>Ici, ce mod\u00e8le de mutualisation est ainsi d\u2019autant plus pertinent que les besoins du b\u00e2timent en \u00e9nergie varient selon les horaires d\u2019utilisation. Par exemple, les bureaux consomment principalement en journ\u00e9e, tandis que les logements sont plus gourmands t\u00f4t le matin, tard le soir, et durant les week-ends. Ces usages vari\u00e9s et compl\u00e9mentaires permettent ainsi d\u2019augmenter le taux d\u2019autoconsommation collective de l\u2019installation commune.<\/p>\n\n\n\n<h2 class=\"wp-block-heading\"><strong>Des chiffres cl\u00e9s<\/strong><\/h2>\n\n\n\n<p>L\u2019installation photovolta\u00efque produit environ 61 000 kWh par an et est reli\u00e9e \u00e0 un compteur d\u2019injection. L\u2019\u00e9nergie est redistribu\u00e9e sur le r\u00e9seau et partag\u00e9e avec les participants consommateurs situ\u00e9s dans l\u2019immeuble&nbsp;:<\/p>\n\n\n\n<ol class=\"wp-block-list\">\n<li><strong>6 logements et des bureaux<\/strong>, tous \u00e9quip\u00e9s de pompes \u00e0 chaleur<\/li>\n\n\n\n<li><strong>4 compteurs pour les communs<\/strong>, incluant un parking avec 8 bornes de recharge pour v\u00e9hicules \u00e9lectriques.<\/li>\n<\/ol>\n\n\n<div class=\"wp-block-image\">\n<figure class=\"aligncenter size-full is-resized\"><img loading=\"lazy\" decoding=\"async\" width=\"907\" height=\"299\" src=\"https:\/\/www.renouvelle.be\/wp-content\/uploads\/2025\/10\/image-3.png\" alt=\"\" class=\"wp-image-15875\" style=\"width:673px;height:auto\" srcset=\"https:\/\/www.renouvelle.be\/wp-content\/uploads\/2025\/10\/image-3.png 907w, https:\/\/www.renouvelle.be\/wp-content\/uploads\/2025\/10\/image-3-300x99.png 300w, https:\/\/www.renouvelle.be\/wp-content\/uploads\/2025\/10\/image-3-768x253.png 768w\" sizes=\"auto, (max-width: 907px) 100vw, 907px\" \/><\/figure>\n<\/div>\n\n\n<p>En une ann\u00e9e de partage d\u2019\u00e9nergie, <strong>87 % de l\u2019\u00e9nergie inject\u00e9e sur le r\u00e9seau (soit 44 589 kWh)<\/strong> est redistribu\u00e9e aux participants gr\u00e2ce au syst\u00e8me de partage en place. Le reste, appel\u00e9 \u00ab&nbsp;surplus du partage&nbsp;\u00bb, soit <strong>6593 kWh<\/strong>, est r\u00e9inject\u00e9 et revendu \u00e0 un fournisseur d\u2019\u00e9lectricit\u00e9.<\/p>\n\n\n\n<p><strong>Les \u00e9tapes pour mettre en place une telle op\u00e9ration<\/strong><\/p>\n\n\n\n<ol class=\"wp-block-list\">\n<li>\u00c9quiper les participants de compteurs intelligents<\/li>\n\n\n\n<li>D\u00e9finir une m\u00e9thode de r\u00e9partition de l\u2019injection entre les participants<\/li>\n\n\n\n<li>D\u00e9signer un repr\u00e9sentant du partage<\/li>\n\n\n\n<li>Signer une convention de partage<\/li>\n\n\n\n<li>Notifier l\u2019activit\u00e9 de partage au Gestionnaire du r\u00e9seau de Distribution<\/li>\n<\/ol>\n\n\n\n<p>Une fois l\u2019op\u00e9ration de partage en route, il est n\u00e9cessaire de proc\u00e9der \u00e0 la facturation de l\u2019\u00e9lectricit\u00e9 partag\u00e9e.<\/p>\n\n\n\n<h2 class=\"wp-block-heading\"><strong>Motivations<\/strong><\/h2>\n\n\n\n<p>L\u2019objectif principal est d\u2019optimiser l\u2019autoconsommation collective en combinant des profils de consommation vari\u00e9s.<\/p>\n\n\n\n<p>En plus de son impact environnemental, ce syst\u00e8me permet de r\u00e9duire les factures d\u2019\u00e9lectricit\u00e9 des participants : l\u2019\u00e9lectricit\u00e9 produite est vendue \u00e0 un tarif inf\u00e9rieur \u00e0 celui du march\u00e9. \u00c0 partir du 1er janvier 2025, les participants b\u00e9n\u00e9ficieront \u00e9galement d\u2019une r\u00e9duction de <strong>80 % sur le tarif d\u2019utilisation du r\u00e9seau et sur le tarif transport haute tension ELIA.<\/strong><\/p>\n\n\n\n<p>Les participants peuvent ainsi r\u00e9duire leurs factures tout en contribuant positivement \u00e0 la transition \u00e9nerg\u00e9tique dans un contexte urbain.<\/p>\n\n\n\n<p>Et le partage d&rsquo;\u00e9lectricit\u00e9, comment est-ce que cela se passe au sein d&rsquo;une <a href=\"https:\/\/www.renouvelle.be\/fr\/coin-balai-une-communaute-energie-partagee\/\" target=\"_blank\" rel=\"noreferrer noopener\">communaut\u00e9 d&rsquo;\u00e9nergie<\/a> ?  R\u00e9ponse ici ! Et pourquoi ne pas poursuivre la r\u00e9flexion avec celui de pair \u00e0 pair, <a href=\"https:\/\/www.renouvelle.be\/fr\/partage-electricite-de-pair-a-pair-au-kouign-amann-solaire\/\" target=\"_blank\" rel=\"noreferrer noopener\">ici<\/a> ?<\/p>\n\n\n\n<p>Source image d&rsquo;en-t\u00eate : <a href=\"https:\/\/noshaq.be\/\" target=\"_blank\" rel=\"noreferrer noopener\">Noshaq<\/a>, projet urbain mixte Madeleine<\/p>\n\n\n\n<p><\/p>\n","protected":false},"excerpt":{"rendered":"<p>Situ\u00e9 dans le centre historique de Li\u00e8ge, le projet de r\u00e9novation urbaine Madeleine 4.0, pilot\u00e9 par l\u2019entreprise Noshaq, a marqu\u00e9 une \u00e9tape importante en devenant le premier exemple concret de partage d\u2019\u00e9lectricit\u00e9 au sein d\u2019un m\u00eame b\u00e2timent en Wallonie. Ce nouvel immeuble mixte combine logements, commerces et bureaux, tout en se positionnant comme un mod\u00e8le d&rsquo;efficacit\u00e9 \u00e9nerg\u00e9tique. Sur son toit, 144 panneaux photovolta\u00efques d\u2019une puissance unitaire de 425 Wc produisent une \u00e9nergie verte et renouvelable. Certains espaces sont \u00e9quip\u00e9s de pompes \u00e0 chaleur. Depuis septembre 2024, l\u2019\u00e9lectricit\u00e9 g\u00e9n\u00e9r\u00e9e sur le toit est partag\u00e9e entre les diff\u00e9rents occupants du b\u00e2timent, une configuration optimis\u00e9e par la diversit\u00e9 de leurs usages \u00e9nerg\u00e9tiques. En effet, le partage d\u2019\u00e9lectricit\u00e9 se fait sur une base quart-horaire&nbsp;: il y a partage d\u2019\u00e9lectricit\u00e9 quand il y a des besoins en \u00e9lectricit\u00e9 au m\u00eame moment qu\u2019il y a de l\u2019\u00e9lectricit\u00e9 inject\u00e9e sur le r\u00e9seau par les panneaux photovolta\u00efques (pendant le m\u00eame quart d\u2019heure). Ici, ce mod\u00e8le de mutualisation est ainsi d\u2019autant plus pertinent que les besoins du b\u00e2timent en \u00e9nergie varient selon les horaires d\u2019utilisation. Par exemple, les bureaux consomment principalement en journ\u00e9e, tandis que les logements sont plus gourmands t\u00f4t le matin, tard le soir, et durant les week-ends. Ces usages vari\u00e9s et compl\u00e9mentaires permettent ainsi d\u2019augmenter le taux d\u2019autoconsommation collective de l\u2019installation commune. Des chiffres cl\u00e9s L\u2019installation photovolta\u00efque produit environ 61 000 kWh par an et est reli\u00e9e \u00e0 un compteur d\u2019injection. L\u2019\u00e9nergie est redistribu\u00e9e sur le r\u00e9seau et partag\u00e9e avec les participants consommateurs situ\u00e9s dans l\u2019immeuble&nbsp;: En une ann\u00e9e de partage d\u2019\u00e9nergie, 87 % de l\u2019\u00e9nergie inject\u00e9e sur le r\u00e9seau (soit 44 589 kWh) est redistribu\u00e9e aux participants gr\u00e2ce au syst\u00e8me de partage en place. Le reste, appel\u00e9 \u00ab&nbsp;surplus du partage&nbsp;\u00bb, soit 6593 kWh, est r\u00e9inject\u00e9 &hellip; <a href=\"https:\/\/www.renouvelle.be\/fr\/partage-energie-dans-un-batiment-une-premiere-a-liege\/\" class=\"more-link\">Continue reading<span class=\"screen-reader-text\"> \u00ab\u00a0Partage d&rsquo;\u00e9nergie au sein d&rsquo;un b\u00e2timent : une premi\u00e8re \u00e0 Li\u00e8ge\u00a0\u00bb<\/span><\/a><\/p>\n","protected":false},"author":42,"featured_media":15977,"comment_status":"closed","ping_status":"closed","sticky":false,"template":"","format":"standard","meta":{"_acf_changed":false,"footnotes":""},"categories":[],"tags":[],"section":[8,13],"class_list":["post-15873","post","type-post","status-publish","format-standard","has-post-thumbnail","hentry","section-energie-renouvelables","section-solaire"],"acf":[],"yoast_head":"<!-- This site is optimized with the Yoast SEO plugin v27.5 - https:\/\/yoast.com\/product\/yoast-seo-wordpress\/ -->\n<title>Partage d&#039;\u00e9nergie au sein d&#039;un b\u00e2timent : une premi\u00e8re \u00e0 Li\u00e8ge - Renouvelle<\/title>\n<meta name=\"description\" content=\"Le partage d&#039;\u00e9nergie c&#039;est possible aussi au sein d&#039;un m\u00eame b\u00e2timent ! On vous explique tout gr\u00e2ce au projet de la Madeleine, \u00e0 Li\u00e8ge.\" \/>\n<meta name=\"robots\" content=\"index, follow, max-snippet:-1, max-image-preview:large, max-video-preview:-1\" \/>\n<link rel=\"canonical\" href=\"https:\/\/www.renouvelle.be\/fr\/partage-energie-dans-un-batiment-une-premiere-a-liege\/\" \/>\n<meta property=\"og:locale\" content=\"fr_FR\" \/>\n<meta property=\"og:type\" content=\"article\" \/>\n<meta property=\"og:title\" content=\"Partage d&#039;\u00e9nergie au sein d&#039;un b\u00e2timent : une premi\u00e8re \u00e0 Li\u00e8ge - Renouvelle\" \/>\n<meta property=\"og:description\" content=\"Le partage d&#039;\u00e9nergie c&#039;est possible aussi au sein d&#039;un m\u00eame b\u00e2timent ! On vous explique tout gr\u00e2ce au projet de la Madeleine, \u00e0 Li\u00e8ge.\" \/>\n<meta property=\"og:url\" content=\"https:\/\/www.renouvelle.be\/fr\/partage-energie-dans-un-batiment-une-premiere-a-liege\/\" \/>\n<meta property=\"og:site_name\" content=\"Renouvelle\" \/>\n<meta property=\"article:published_time\" content=\"2025-11-19T10:35:10+00:00\" \/>\n<meta property=\"article:modified_time\" content=\"2025-11-19T11:12:37+00:00\" \/>\n<meta property=\"og:image\" content=\"https:\/\/www.renouvelle.be\/wp-content\/uploads\/2025\/11\/P1001561-e1762504018606.jpg\" \/>\n\t<meta property=\"og:image:width\" content=\"1500\" \/>\n\t<meta property=\"og:image:height\" content=\"948\" \/>\n\t<meta property=\"og:image:type\" content=\"image\/jpeg\" \/>\n<meta name=\"author\" content=\"Coline Joffroy\" \/>\n<meta name=\"twitter:card\" content=\"summary_large_image\" \/>\n<script type=\"application\/ld+json\" class=\"yoast-schema-graph\">{\"@context\":\"https:\\\/\\\/schema.org\",\"@graph\":[{\"@type\":\"Article\",\"@id\":\"https:\\\/\\\/www.renouvelle.be\\\/fr\\\/partage-energie-dans-un-batiment-une-premiere-a-liege\\\/#article\",\"isPartOf\":{\"@id\":\"https:\\\/\\\/www.renouvelle.be\\\/fr\\\/partage-energie-dans-un-batiment-une-premiere-a-liege\\\/\"},\"author\":{\"name\":\"Coline Joffroy\",\"@id\":\"https:\\\/\\\/www.renouvelle.be\\\/fr\\\/#\\\/schema\\\/person\\\/281946969a3ddcd2ad3c97ce592fb2fa\"},\"headline\":\"Partage d&rsquo;\u00e9nergie au sein d&rsquo;un b\u00e2timent : une premi\u00e8re \u00e0 Li\u00e8ge\",\"datePublished\":\"2025-11-19T10:35:10+00:00\",\"dateModified\":\"2025-11-19T11:12:37+00:00\",\"mainEntityOfPage\":{\"@id\":\"https:\\\/\\\/www.renouvelle.be\\\/fr\\\/partage-energie-dans-un-batiment-une-premiere-a-liege\\\/\"},\"wordCount\":611,\"image\":{\"@id\":\"https:\\\/\\\/www.renouvelle.be\\\/fr\\\/partage-energie-dans-un-batiment-une-premiere-a-liege\\\/#primaryimage\"},\"thumbnailUrl\":\"https:\\\/\\\/www.renouvelle.be\\\/wp-content\\\/uploads\\\/2025\\\/11\\\/P1001561-e1762504018606.jpg\",\"inLanguage\":\"fr-FR\"},{\"@type\":\"WebPage\",\"@id\":\"https:\\\/\\\/www.renouvelle.be\\\/fr\\\/partage-energie-dans-un-batiment-une-premiere-a-liege\\\/\",\"url\":\"https:\\\/\\\/www.renouvelle.be\\\/fr\\\/partage-energie-dans-un-batiment-une-premiere-a-liege\\\/\",\"name\":\"Partage d'\u00e9nergie au sein d'un b\u00e2timent : une premi\u00e8re \u00e0 Li\u00e8ge - Renouvelle\",\"isPartOf\":{\"@id\":\"https:\\\/\\\/www.renouvelle.be\\\/fr\\\/#website\"},\"primaryImageOfPage\":{\"@id\":\"https:\\\/\\\/www.renouvelle.be\\\/fr\\\/partage-energie-dans-un-batiment-une-premiere-a-liege\\\/#primaryimage\"},\"image\":{\"@id\":\"https:\\\/\\\/www.renouvelle.be\\\/fr\\\/partage-energie-dans-un-batiment-une-premiere-a-liege\\\/#primaryimage\"},\"thumbnailUrl\":\"https:\\\/\\\/www.renouvelle.be\\\/wp-content\\\/uploads\\\/2025\\\/11\\\/P1001561-e1762504018606.jpg\",\"datePublished\":\"2025-11-19T10:35:10+00:00\",\"dateModified\":\"2025-11-19T11:12:37+00:00\",\"author\":{\"@id\":\"https:\\\/\\\/www.renouvelle.be\\\/fr\\\/#\\\/schema\\\/person\\\/281946969a3ddcd2ad3c97ce592fb2fa\"},\"description\":\"Le partage d'\u00e9nergie c'est possible aussi au sein d'un m\u00eame b\u00e2timent ! On vous explique tout gr\u00e2ce au projet de la Madeleine, \u00e0 Li\u00e8ge.\",\"breadcrumb\":{\"@id\":\"https:\\\/\\\/www.renouvelle.be\\\/fr\\\/partage-energie-dans-un-batiment-une-premiere-a-liege\\\/#breadcrumb\"},\"inLanguage\":\"fr-FR\",\"potentialAction\":[{\"@type\":\"ReadAction\",\"target\":[\"https:\\\/\\\/www.renouvelle.be\\\/fr\\\/partage-energie-dans-un-batiment-une-premiere-a-liege\\\/\"]}]},{\"@type\":\"ImageObject\",\"inLanguage\":\"fr-FR\",\"@id\":\"https:\\\/\\\/www.renouvelle.be\\\/fr\\\/partage-energie-dans-un-batiment-une-premiere-a-liege\\\/#primaryimage\",\"url\":\"https:\\\/\\\/www.renouvelle.be\\\/wp-content\\\/uploads\\\/2025\\\/11\\\/P1001561-e1762504018606.jpg\",\"contentUrl\":\"https:\\\/\\\/www.renouvelle.be\\\/wp-content\\\/uploads\\\/2025\\\/11\\\/P1001561-e1762504018606.jpg\",\"width\":1500,\"height\":948,\"caption\":\"partage \u00e9nergie b\u00e2timent\"},{\"@type\":\"BreadcrumbList\",\"@id\":\"https:\\\/\\\/www.renouvelle.be\\\/fr\\\/partage-energie-dans-un-batiment-une-premiere-a-liege\\\/#breadcrumb\",\"itemListElement\":[{\"@type\":\"ListItem\",\"position\":1,\"name\":\"Accueil\",\"item\":\"https:\\\/\\\/www.renouvelle.be\\\/fr\\\/\"},{\"@type\":\"ListItem\",\"position\":2,\"name\":\"Partage d&rsquo;\u00e9nergie au sein d&rsquo;un b\u00e2timent : une premi\u00e8re \u00e0 Li\u00e8ge\"}]},{\"@type\":\"WebSite\",\"@id\":\"https:\\\/\\\/www.renouvelle.be\\\/fr\\\/#website\",\"url\":\"https:\\\/\\\/www.renouvelle.be\\\/fr\\\/\",\"name\":\"Renouvelle\",\"description\":\"L&#039;actualit\u00e9 de l&#039;\u00e9nergie durable\",\"potentialAction\":[{\"@type\":\"SearchAction\",\"target\":{\"@type\":\"EntryPoint\",\"urlTemplate\":\"https:\\\/\\\/www.renouvelle.be\\\/fr\\\/?s={search_term_string}\"},\"query-input\":{\"@type\":\"PropertyValueSpecification\",\"valueRequired\":true,\"valueName\":\"search_term_string\"}}],\"inLanguage\":\"fr-FR\"},{\"@type\":\"Person\",\"@id\":\"https:\\\/\\\/www.renouvelle.be\\\/fr\\\/#\\\/schema\\\/person\\\/281946969a3ddcd2ad3c97ce592fb2fa\",\"name\":\"Coline Joffroy\",\"url\":\"https:\\\/\\\/www.renouvelle.be\\\/fr\\\/author\\\/coline-joffroy\\\/\"}]}<\/script>\n<!-- \/ Yoast SEO plugin. -->","yoast_head_json":{"title":"Partage d'\u00e9nergie au sein d'un b\u00e2timent : une premi\u00e8re \u00e0 Li\u00e8ge - Renouvelle","description":"Le partage d'\u00e9nergie c'est possible aussi au sein d'un m\u00eame b\u00e2timent ! On vous explique tout gr\u00e2ce au projet de la Madeleine, \u00e0 Li\u00e8ge.","robots":{"index":"index","follow":"follow","max-snippet":"max-snippet:-1","max-image-preview":"max-image-preview:large","max-video-preview":"max-video-preview:-1"},"canonical":"https:\/\/www.renouvelle.be\/fr\/partage-energie-dans-un-batiment-une-premiere-a-liege\/","og_locale":"fr_FR","og_type":"article","og_title":"Partage d'\u00e9nergie au sein d'un b\u00e2timent : une premi\u00e8re \u00e0 Li\u00e8ge - Renouvelle","og_description":"Le partage d'\u00e9nergie c'est possible aussi au sein d'un m\u00eame b\u00e2timent ! On vous explique tout gr\u00e2ce au projet de la Madeleine, \u00e0 Li\u00e8ge.","og_url":"https:\/\/www.renouvelle.be\/fr\/partage-energie-dans-un-batiment-une-premiere-a-liege\/","og_site_name":"Renouvelle","article_published_time":"2025-11-19T10:35:10+00:00","article_modified_time":"2025-11-19T11:12:37+00:00","og_image":[{"width":1500,"height":948,"url":"https:\/\/www.renouvelle.be\/wp-content\/uploads\/2025\/11\/P1001561-e1762504018606.jpg","type":"image\/jpeg"}],"author":"Coline Joffroy","twitter_card":"summary_large_image","schema":{"@context":"https:\/\/schema.org","@graph":[{"@type":"Article","@id":"https:\/\/www.renouvelle.be\/fr\/partage-energie-dans-un-batiment-une-premiere-a-liege\/#article","isPartOf":{"@id":"https:\/\/www.renouvelle.be\/fr\/partage-energie-dans-un-batiment-une-premiere-a-liege\/"},"author":{"name":"Coline Joffroy","@id":"https:\/\/www.renouvelle.be\/fr\/#\/schema\/person\/281946969a3ddcd2ad3c97ce592fb2fa"},"headline":"Partage d&rsquo;\u00e9nergie au sein d&rsquo;un b\u00e2timent : une premi\u00e8re \u00e0 Li\u00e8ge","datePublished":"2025-11-19T10:35:10+00:00","dateModified":"2025-11-19T11:12:37+00:00","mainEntityOfPage":{"@id":"https:\/\/www.renouvelle.be\/fr\/partage-energie-dans-un-batiment-une-premiere-a-liege\/"},"wordCount":611,"image":{"@id":"https:\/\/www.renouvelle.be\/fr\/partage-energie-dans-un-batiment-une-premiere-a-liege\/#primaryimage"},"thumbnailUrl":"https:\/\/www.renouvelle.be\/wp-content\/uploads\/2025\/11\/P1001561-e1762504018606.jpg","inLanguage":"fr-FR"},{"@type":"WebPage","@id":"https:\/\/www.renouvelle.be\/fr\/partage-energie-dans-un-batiment-une-premiere-a-liege\/","url":"https:\/\/www.renouvelle.be\/fr\/partage-energie-dans-un-batiment-une-premiere-a-liege\/","name":"Partage d'\u00e9nergie au sein d'un b\u00e2timent : une premi\u00e8re \u00e0 Li\u00e8ge - Renouvelle","isPartOf":{"@id":"https:\/\/www.renouvelle.be\/fr\/#website"},"primaryImageOfPage":{"@id":"https:\/\/www.renouvelle.be\/fr\/partage-energie-dans-un-batiment-une-premiere-a-liege\/#primaryimage"},"image":{"@id":"https:\/\/www.renouvelle.be\/fr\/partage-energie-dans-un-batiment-une-premiere-a-liege\/#primaryimage"},"thumbnailUrl":"https:\/\/www.renouvelle.be\/wp-content\/uploads\/2025\/11\/P1001561-e1762504018606.jpg","datePublished":"2025-11-19T10:35:10+00:00","dateModified":"2025-11-19T11:12:37+00:00","author":{"@id":"https:\/\/www.renouvelle.be\/fr\/#\/schema\/person\/281946969a3ddcd2ad3c97ce592fb2fa"},"description":"Le partage d'\u00e9nergie c'est possible aussi au sein d'un m\u00eame b\u00e2timent ! On vous explique tout gr\u00e2ce au projet de la Madeleine, \u00e0 Li\u00e8ge.","breadcrumb":{"@id":"https:\/\/www.renouvelle.be\/fr\/partage-energie-dans-un-batiment-une-premiere-a-liege\/#breadcrumb"},"inLanguage":"fr-FR","potentialAction":[{"@type":"ReadAction","target":["https:\/\/www.renouvelle.be\/fr\/partage-energie-dans-un-batiment-une-premiere-a-liege\/"]}]},{"@type":"ImageObject","inLanguage":"fr-FR","@id":"https:\/\/www.renouvelle.be\/fr\/partage-energie-dans-un-batiment-une-premiere-a-liege\/#primaryimage","url":"https:\/\/www.renouvelle.be\/wp-content\/uploads\/2025\/11\/P1001561-e1762504018606.jpg","contentUrl":"https:\/\/www.renouvelle.be\/wp-content\/uploads\/2025\/11\/P1001561-e1762504018606.jpg","width":1500,"height":948,"caption":"partage \u00e9nergie b\u00e2timent"},{"@type":"BreadcrumbList","@id":"https:\/\/www.renouvelle.be\/fr\/partage-energie-dans-un-batiment-une-premiere-a-liege\/#breadcrumb","itemListElement":[{"@type":"ListItem","position":1,"name":"Accueil","item":"https:\/\/www.renouvelle.be\/fr\/"},{"@type":"ListItem","position":2,"name":"Partage d&rsquo;\u00e9nergie au sein d&rsquo;un b\u00e2timent : une premi\u00e8re \u00e0 Li\u00e8ge"}]},{"@type":"WebSite","@id":"https:\/\/www.renouvelle.be\/fr\/#website","url":"https:\/\/www.renouvelle.be\/fr\/","name":"Renouvelle","description":"L&#039;actualit\u00e9 de l&#039;\u00e9nergie durable","potentialAction":[{"@type":"SearchAction","target":{"@type":"EntryPoint","urlTemplate":"https:\/\/www.renouvelle.be\/fr\/?s={search_term_string}"},"query-input":{"@type":"PropertyValueSpecification","valueRequired":true,"valueName":"search_term_string"}}],"inLanguage":"fr-FR"},{"@type":"Person","@id":"https:\/\/www.renouvelle.be\/fr\/#\/schema\/person\/281946969a3ddcd2ad3c97ce592fb2fa","name":"Coline Joffroy","url":"https:\/\/www.renouvelle.be\/fr\/author\/coline-joffroy\/"}]}},"_links":{"self":[{"href":"https:\/\/www.renouvelle.be\/fr\/wp-json\/wp\/v2\/posts\/15873","targetHints":{"allow":["GET"]}}],"collection":[{"href":"https:\/\/www.renouvelle.be\/fr\/wp-json\/wp\/v2\/posts"}],"about":[{"href":"https:\/\/www.renouvelle.be\/fr\/wp-json\/wp\/v2\/types\/post"}],"author":[{"embeddable":true,"href":"https:\/\/www.renouvelle.be\/fr\/wp-json\/wp\/v2\/users\/42"}],"replies":[{"embeddable":true,"href":"https:\/\/www.renouvelle.be\/fr\/wp-json\/wp\/v2\/comments?post=15873"}],"version-history":[{"count":8,"href":"https:\/\/www.renouvelle.be\/fr\/wp-json\/wp\/v2\/posts\/15873\/revisions"}],"predecessor-version":[{"id":16044,"href":"https:\/\/www.renouvelle.be\/fr\/wp-json\/wp\/v2\/posts\/15873\/revisions\/16044"}],"wp:featuredmedia":[{"embeddable":true,"href":"https:\/\/www.renouvelle.be\/fr\/wp-json\/wp\/v2\/media\/15977"}],"wp:attachment":[{"href":"https:\/\/www.renouvelle.be\/fr\/wp-json\/wp\/v2\/media?parent=15873"}],"wp:term":[{"taxonomy":"category","embeddable":true,"href":"https:\/\/www.renouvelle.be\/fr\/wp-json\/wp\/v2\/categories?post=15873"},{"taxonomy":"post_tag","embeddable":true,"href":"https:\/\/www.renouvelle.be\/fr\/wp-json\/wp\/v2\/tags?post=15873"},{"taxonomy":"section","embeddable":true,"href":"https:\/\/www.renouvelle.be\/fr\/wp-json\/wp\/v2\/section?post=15873"}],"curies":[{"name":"wp","href":"https:\/\/api.w.org\/{rel}","templated":true}]}}