{"id":15869,"date":"2025-11-19T11:22:47","date_gmt":"2025-11-19T10:22:47","guid":{"rendered":"https:\/\/www.renouvelle.be\/?p=15869"},"modified":"2025-11-19T11:36:41","modified_gmt":"2025-11-19T10:36:41","slug":"partage-electricite-de-pair-a-pair-au-kouign-amann-solaire","status":"publish","type":"post","link":"https:\/\/www.renouvelle.be\/fr\/partage-electricite-de-pair-a-pair-au-kouign-amann-solaire\/","title":{"rendered":"Partage d\u2019\u00e9lectricit\u00e9 de pair \u00e0 pair au Kouign Amann solaire"},"content":{"rendered":"\n<p>A Ixelles, Christophe a \u00e9quip\u00e9 sa toiture de panneaux photovolta\u00efques, expos\u00e9s Sud-Est. Peu pr\u00e9sent en journ\u00e9e chez lui, il a cherch\u00e9 comment valoriser sa production d\u2019\u00e9lectricit\u00e9 pour contribuer positivement \u00e0 la vie de son quartier. \u00c0 quelques pas de chez lui seulement, Anna a ouvert la p\u00e2tisserie \u00ab&nbsp;Hermine&nbsp;\u00bb. Consciente des enjeux \u00e9nerg\u00e9tiques, celle-ci \u0153uvre pour un usage raisonn\u00e9 de l\u2019\u00e9lectricit\u00e9 dans son commerce&nbsp;: les espaces au sein des frigos sont optimis\u00e9s, et le four n\u2019est pas mis en marche pour quelques madeleines seulement. &nbsp;<\/p>\n\n\n\n<p>Gr\u00e2ce au partage d\u2019\u00e9lectricit\u00e9 de <a href=\"https:\/\/guidebatimentdurable.brussels\/partage-delectricite-pair-pair\">pair \u00e0 pair<\/a>, la p\u00e2tisserie peut cuir ses fourn\u00e9es avec une partie d\u2019\u00e9lectricit\u00e9 locale et renouvelable, provenant des panneaux de Christophe&nbsp;! En juillet, c\u2019est 26,5% de la consommation totale de la p\u00e2tisserie qui provenait des panneaux photovolta\u00efques de son voisin&nbsp;!<\/p>\n\n\n\n<p><em>\u00ab&nbsp;La p\u00e2tisserie Hermine c\u2019est vraiment un commerce de quartier. Le projet de partage d\u2019\u00e9lectricit\u00e9 renforce l\u2019esprit d\u2019entraide entre voisins \u00bb <\/em>se r\u00e9jouit Anna.<em> &nbsp;<\/em><\/p>\n\n\n<div class=\"wp-block-image\">\n<figure class=\"alignright size-full is-resized\"><img loading=\"lazy\" decoding=\"async\" width=\"547\" height=\"729\" src=\"https:\/\/www.renouvelle.be\/wp-content\/uploads\/2025\/11\/pair-a-pair-partage-electricite-kouign-amann.jpg\" alt=\"partage \u00e9lectricit\u00e9 pair \u00e0 pair\" class=\"wp-image-15939\" style=\"width:359px;height:auto\" srcset=\"https:\/\/www.renouvelle.be\/wp-content\/uploads\/2025\/11\/pair-a-pair-partage-electricite-kouign-amann.jpg 547w, https:\/\/www.renouvelle.be\/wp-content\/uploads\/2025\/11\/pair-a-pair-partage-electricite-kouign-amann-225x300.jpg 225w\" sizes=\"auto, (max-width: 547px) 100vw, 547px\" \/><\/figure>\n<\/div>\n\n\n<h2 class=\"wp-block-heading\"><strong>Motivations<\/strong><\/h2>\n\n\n\n<p>En 2022, Christophe installe 9 panneaux photovolta\u00efques sur la toiture de sa maison. Or, ce journaliste consomme peu en journ\u00e9e, lorsque ses panneaux produisent de l\u2019\u00e9lectricit\u00e9. Bien que son installation alimente un ballon d\u2019eau chaude et la batterie de son v\u00e9lo \u00e9lectrique, il se retrouve souvent \u00e0 injecter une grande quantit\u00e9 d\u2019\u00e9lectricit\u00e9 non autoconsomm\u00e9e dans le r\u00e9seau. Ce n\u2019est pas toujours facile d\u2019adapter sa consommation d\u2019\u00e9lectricit\u00e9 aux moments o\u00f9 les panneaux produisent&nbsp;: le partage d\u2019\u00e9nergie apporte une solution \u00e0 cela.<\/p>\n\n\n\n<p><em>\u00ab&nbsp;Avec la hausse des prix de l\u2019\u00e9nergie, nous craignions que les commerces de proximit\u00e9 ne puissent plus suivre. &nbsp;Cela nous semblait beaucoup plus rentable d\u2019un point de vue socio\u00e9conomique de mettre en place un syst\u00e8me de partage d\u2019\u00e9nergie&nbsp;: au lieu d\u2019\u00eatre revendu \u00e0 un fournisseur, le surplus d\u2019\u00e9lectricit\u00e9 sert \u00e0 alimenter les frigos et les fours de la p\u00e2tisserie<\/em>&nbsp;\u00bb explique Christophe. &nbsp;<\/p>\n\n\n\n<p>Le secteur de l\u2019\u00e9nergie leur a toujours paru \u00e9tranger et inconnu. \u00ab&nbsp;<em>Avec le partage, on se r\u00e9approprie la question de la production d\u2019\u00e9lectricit\u00e9. On a l\u2019impression de devenir des acteurs \u00e0 une \u00e9chelle tr\u00e8s locale<\/em>&nbsp;\u00bb poursuit Christophe. &nbsp;<\/p>\n\n\n\n<h2 class=\"wp-block-heading\"><strong>Quelles d\u00e9marches pour mettre en place le partage de pair \u00e0 pair en R\u00e9gion bruxelloise&nbsp;?<\/strong><\/h2>\n\n\n\n<p>Apr\u00e8s avoir pris connaissance du <a href=\"https:\/\/www.sibelga.be\/fr\/raccordements-compteurs\/energie-renouvelable\/partage-energie\/demande-des-plans-du-reseau-electrique\" target=\"_blank\" rel=\"noreferrer noopener\">p\u00e9rim\u00e8tre r\u00e9seau<\/a> dans lequel ils se situaient et d\u00e9j\u00e0 \u00e9quip\u00e9s de compteurs intelligents, ils ont simplement eu \u00e0 signer une convention de partage d\u2019\u00e9lectricit\u00e9 entre eux, dont un mod\u00e8le est mis \u00e0 disposition par <a href=\"https:\/\/environnement.brussels\/citoyen\/services-et-demandes\/conseils-et-accompagnement\/facilitateur-partage-et-communautes-denergie\" target=\"_blank\" rel=\"noreferrer noopener\">le Facilitateur r\u00e9gional,<\/a> et introduire un formulaire de d\u00e9claration de partage aupr\u00e8s de Sibelga.<\/p>\n\n\n\n<p>Selon Christophe, \u00ab&nbsp;<em>il y a certes des aspects techniques \u00e0 comprendre au fil du projet, mais rien d\u2019insurmontable, surtout avec l\u2019aide du facilitateur partage et communaut\u00e9 d\u2019\u00e9nergie <\/em>\u00bb.<\/p>\n\n\n\n<h2 class=\"wp-block-heading\"><strong>Les \u00e9conomies de la p\u00e2tisserie<\/strong><\/h2>\n\n\n\n<p>Le prix de l\u2019\u00e9lectricit\u00e9 partag\u00e9e se divise en trois parties.<\/p>\n\n\n<div class=\"wp-block-image\">\n<figure class=\"aligncenter size-full is-resized\"><img loading=\"lazy\" decoding=\"async\" width=\"907\" height=\"335\" src=\"https:\/\/www.renouvelle.be\/wp-content\/uploads\/2025\/10\/image-2.png\" alt=\"\" class=\"wp-image-15870\" style=\"width:677px;height:auto\" srcset=\"https:\/\/www.renouvelle.be\/wp-content\/uploads\/2025\/10\/image-2.png 907w, https:\/\/www.renouvelle.be\/wp-content\/uploads\/2025\/10\/image-2-300x111.png 300w, https:\/\/www.renouvelle.be\/wp-content\/uploads\/2025\/10\/image-2-768x284.png 768w\" sizes=\"auto, (max-width: 907px) 100vw, 907px\" \/><\/figure>\n<\/div>\n\n\n<p>La partie \u00ab&nbsp;Energie locale&nbsp;\u00bb, fix\u00e9e \u00e0 5 centimes \u20ac\/kWh, d\u2019un commun accord entre Christophe et Anna.<\/p>\n\n\n\n<p>A Bruxelles, les frais de r\u00e9seau d\u00e9pendent du p\u00e9rim\u00e8tre \u00e9lectrique du partage. Christophe et Anna sont situ\u00e9s sous une m\u00eame cabine basse tension (p\u00e9rim\u00e8tre de type B) &#8211; dans ce type de p\u00e9rim\u00e8tre, les frais de r\u00e9seau b\u00e9n\u00e9ficient d\u2019une r\u00e9duction et s\u2019\u00e9l\u00e8vent \u00e0 6,11 centimes \u20ac \/kWh (HTVA). &nbsp;<\/p>\n\n\n\n<p>Les taxes f\u00e9d\u00e9rales, identiques \u00e0 celles pay\u00e9es pour l\u2019\u00e9lectricit\u00e9 achet\u00e9e aupr\u00e8s d\u2019un fournisseur, repr\u00e9sentent 4,94 centimes \u20ac\/kWh (HTVA).<\/p>\n\n\n\n<p>Ainsi, Anna paie son \u00e9lectricit\u00e9 partag\u00e9e \u00e0 16,05 centimes \u20ac\/kWh (HTVA), une r\u00e9duction de 45% par rapport au prix moyen des fournisseurs \u00e0 Bruxelles, en juillet 2024.<\/p>\n\n\n\n<h2 class=\"wp-block-heading\"><strong>Retour d\u2019exp\u00e9rience<\/strong><\/h2>\n\n\n\n<p>Anna et Christophe encouragent vivement \u00e0 entreprendre une telle initiative. Avec ce projet de <a href=\"https:\/\/www.renouvelle.be\/fr\/reapproprier-energie-grace-au-partage-electricite\/\" target=\"_blank\" rel=\"noreferrer noopener\">partage<\/a>, Christophe ne cherche pas \u00e0 maximiser ses profits, mais \u00e0 ajouter une dimension sociale et conviviale \u00e0 l\u2019utilisation de son surplus d\u2019\u00e9lectricit\u00e9. Forte des retomb\u00e9es positives de cette exp\u00e9rience, Anna esp\u00e8re maintenant voir na\u00eetre une communaut\u00e9 d\u2019\u00e9nergie \u00e0 l\u2019\u00e9chelle du quartier. Une \u00e9cole et une salle d\u2019escalade voisines sont d\u00e9j\u00e0 \u00e9quip\u00e9es de panneaux solaires, et d\u2019autres petits commerces ou r\u00e9sidents, \u00e0 l\u2019image de la p\u00e2tisserie d\u2019Anna, pourraient \u00e9galement b\u00e9n\u00e9ficier de cette \u00e9lectricit\u00e9 locale et renouvelable, renfor\u00e7ant ainsi les liens entre les habitants tout en contribuant \u00e0 un avenir plus durable.<\/p>\n\n\n\n<p>Cette initiative pourrait bien marquer le d\u00e9but d\u2019une nouvelle \u00e8re pour leur quartier, o\u00f9 l\u2019\u00e9nergie verte devient un vecteur de solidarit\u00e9, de d\u00e9veloppement communautaire (et m\u00eame de gourmandise quand on sait qu\u2019Anna paye ses factures d\u2019\u00e9lectricit\u00e9 en p\u00e2tisserie\u2026)&nbsp;!<\/p>\n\n\n\n<p>D\u00e9couvrez le projet \u00e0 travers le partage d&rsquo;exp\u00e9rience d&rsquo;Anna et Christophe dans cette <a href=\"https:\/\/youtu.be\/DFFO7sivpfg?si=3qdHwZVotdTevWxL\" target=\"_blank\" rel=\"noreferrer noopener\">vid\u00e9o<\/a>.<\/p>\n\n\n\n<p>Et pour en savoir plus sur le partage d&rsquo;\u00e9lectricit\u00e9 au sein d&rsquo;une communaut\u00e9 d&rsquo;\u00e9nergie, c&rsquo;est par <a href=\"https:\/\/www.renouvelle.be\/fr\/coin-balai-une-communaute-energie-partagee\/\" target=\"_blank\" rel=\"noreferrer noopener\">ici<\/a> ! Mais n&rsquo;oublions aussi celui au sein d&rsquo;un m\u00eame b\u00e2timent, sur <a href=\"https:\/\/www.renouvelle.be\/fr\/partage-energie-dans-un-batiment-une-premiere-a-liege\/\" target=\"_blank\" rel=\"noreferrer noopener\">ce lien<\/a>.<\/p>\n","protected":false},"excerpt":{"rendered":"<p>A Ixelles, Christophe a \u00e9quip\u00e9 sa toiture de panneaux photovolta\u00efques, expos\u00e9s Sud-Est. Peu pr\u00e9sent en journ\u00e9e chez lui, il a cherch\u00e9 comment valoriser sa production d\u2019\u00e9lectricit\u00e9 pour contribuer positivement \u00e0 la vie de son quartier. \u00c0 quelques pas de chez lui seulement, Anna a ouvert la p\u00e2tisserie \u00ab&nbsp;Hermine&nbsp;\u00bb. Consciente des enjeux \u00e9nerg\u00e9tiques, celle-ci \u0153uvre pour un usage raisonn\u00e9 de l\u2019\u00e9lectricit\u00e9 dans son commerce&nbsp;: les espaces au sein des frigos sont optimis\u00e9s, et le four n\u2019est pas mis en marche pour quelques madeleines seulement. &nbsp; Gr\u00e2ce au partage d\u2019\u00e9lectricit\u00e9 de pair \u00e0 pair, la p\u00e2tisserie peut cuir ses fourn\u00e9es avec une partie d\u2019\u00e9lectricit\u00e9 locale et renouvelable, provenant des panneaux de Christophe&nbsp;! En juillet, c\u2019est 26,5% de la consommation totale de la p\u00e2tisserie qui provenait des panneaux photovolta\u00efques de son voisin&nbsp;! \u00ab&nbsp;La p\u00e2tisserie Hermine c\u2019est vraiment un commerce de quartier. Le projet de partage d\u2019\u00e9lectricit\u00e9 renforce l\u2019esprit d\u2019entraide entre voisins \u00bb se r\u00e9jouit Anna. &nbsp; Motivations En 2022, Christophe installe 9 panneaux photovolta\u00efques sur la toiture de sa maison. Or, ce journaliste consomme peu en journ\u00e9e, lorsque ses panneaux produisent de l\u2019\u00e9lectricit\u00e9. Bien que son installation alimente un ballon d\u2019eau chaude et la batterie de son v\u00e9lo \u00e9lectrique, il se retrouve souvent \u00e0 injecter une grande quantit\u00e9 d\u2019\u00e9lectricit\u00e9 non autoconsomm\u00e9e dans le r\u00e9seau. Ce n\u2019est pas toujours facile d\u2019adapter sa consommation d\u2019\u00e9lectricit\u00e9 aux moments o\u00f9 les panneaux produisent&nbsp;: le partage d\u2019\u00e9nergie apporte une solution \u00e0 cela. \u00ab&nbsp;Avec la hausse des prix de l\u2019\u00e9nergie, nous craignions que les commerces de proximit\u00e9 ne puissent plus suivre. &nbsp;Cela nous semblait beaucoup plus rentable d\u2019un point de vue socio\u00e9conomique de mettre en place un syst\u00e8me de partage d\u2019\u00e9nergie&nbsp;: au lieu d\u2019\u00eatre revendu \u00e0 un fournisseur, le surplus d\u2019\u00e9lectricit\u00e9 sert \u00e0 alimenter les frigos et les fours &hellip; <a href=\"https:\/\/www.renouvelle.be\/fr\/partage-electricite-de-pair-a-pair-au-kouign-amann-solaire\/\" class=\"more-link\">Continue reading<span class=\"screen-reader-text\"> \u00ab\u00a0Partage d\u2019\u00e9lectricit\u00e9 de pair \u00e0 pair au Kouign Amann solaire\u00a0\u00bb<\/span><\/a><\/p>\n","protected":false},"author":42,"featured_media":15949,"comment_status":"closed","ping_status":"closed","sticky":false,"template":"","format":"standard","meta":{"_acf_changed":false,"footnotes":""},"categories":[],"tags":[],"section":[8,13],"class_list":["post-15869","post","type-post","status-publish","format-standard","has-post-thumbnail","hentry","section-energie-renouvelables","section-solaire"],"acf":[],"yoast_head":"<!-- This site is optimized with the Yoast SEO plugin v27.5 - https:\/\/yoast.com\/product\/yoast-seo-wordpress\/ -->\n<title>Partage d\u2019\u00e9lectricit\u00e9 de pair \u00e0 pair au Kouign Amann solaire - Renouvelle<\/title>\n<meta name=\"description\" content=\"Le partage d&#039;\u00e9lectricit\u00e9 de pair \u00e0 pair ? Pour Anna, p\u00e2tissi\u00e8re, et son voisin Christophe : c&#039;\u00e9tait le bon choix \u00e0 faire !\" \/>\n<meta name=\"robots\" content=\"index, follow, max-snippet:-1, max-image-preview:large, max-video-preview:-1\" \/>\n<link rel=\"canonical\" href=\"https:\/\/www.renouvelle.be\/fr\/partage-electricite-de-pair-a-pair-au-kouign-amann-solaire\/\" \/>\n<meta property=\"og:locale\" content=\"fr_FR\" \/>\n<meta property=\"og:type\" content=\"article\" \/>\n<meta property=\"og:title\" content=\"Partage d\u2019\u00e9lectricit\u00e9 de pair \u00e0 pair au Kouign Amann solaire - Renouvelle\" \/>\n<meta property=\"og:description\" content=\"Le partage d&#039;\u00e9lectricit\u00e9 de pair \u00e0 pair ? Pour Anna, p\u00e2tissi\u00e8re, et son voisin Christophe : c&#039;\u00e9tait le bon choix \u00e0 faire !\" \/>\n<meta property=\"og:url\" content=\"https:\/\/www.renouvelle.be\/fr\/partage-electricite-de-pair-a-pair-au-kouign-amann-solaire\/\" \/>\n<meta property=\"og:site_name\" content=\"Renouvelle\" \/>\n<meta property=\"article:published_time\" content=\"2025-11-19T10:22:47+00:00\" \/>\n<meta property=\"article:modified_time\" content=\"2025-11-19T10:36:41+00:00\" \/>\n<meta property=\"og:image\" content=\"https:\/\/www.renouvelle.be\/wp-content\/uploads\/2025\/11\/AdobeStock_509449243-scaled-e1762342093133.jpeg\" \/>\n\t<meta property=\"og:image:width\" content=\"1852\" \/>\n\t<meta property=\"og:image:height\" content=\"1182\" \/>\n\t<meta property=\"og:image:type\" content=\"image\/jpeg\" \/>\n<meta name=\"author\" content=\"Coline Joffroy\" \/>\n<meta name=\"twitter:card\" content=\"summary_large_image\" \/>\n<script type=\"application\/ld+json\" class=\"yoast-schema-graph\">{\"@context\":\"https:\\\/\\\/schema.org\",\"@graph\":[{\"@type\":\"Article\",\"@id\":\"https:\\\/\\\/www.renouvelle.be\\\/fr\\\/partage-electricite-de-pair-a-pair-au-kouign-amann-solaire\\\/#article\",\"isPartOf\":{\"@id\":\"https:\\\/\\\/www.renouvelle.be\\\/fr\\\/partage-electricite-de-pair-a-pair-au-kouign-amann-solaire\\\/\"},\"author\":{\"name\":\"Coline Joffroy\",\"@id\":\"https:\\\/\\\/www.renouvelle.be\\\/fr\\\/#\\\/schema\\\/person\\\/281946969a3ddcd2ad3c97ce592fb2fa\"},\"headline\":\"Partage d\u2019\u00e9lectricit\u00e9 de pair \u00e0 pair au Kouign Amann solaire\",\"datePublished\":\"2025-11-19T10:22:47+00:00\",\"dateModified\":\"2025-11-19T10:36:41+00:00\",\"mainEntityOfPage\":{\"@id\":\"https:\\\/\\\/www.renouvelle.be\\\/fr\\\/partage-electricite-de-pair-a-pair-au-kouign-amann-solaire\\\/\"},\"wordCount\":873,\"image\":{\"@id\":\"https:\\\/\\\/www.renouvelle.be\\\/fr\\\/partage-electricite-de-pair-a-pair-au-kouign-amann-solaire\\\/#primaryimage\"},\"thumbnailUrl\":\"https:\\\/\\\/www.renouvelle.be\\\/wp-content\\\/uploads\\\/2025\\\/11\\\/AdobeStock_509449243-scaled-e1762342093133.jpeg\",\"inLanguage\":\"fr-FR\"},{\"@type\":\"WebPage\",\"@id\":\"https:\\\/\\\/www.renouvelle.be\\\/fr\\\/partage-electricite-de-pair-a-pair-au-kouign-amann-solaire\\\/\",\"url\":\"https:\\\/\\\/www.renouvelle.be\\\/fr\\\/partage-electricite-de-pair-a-pair-au-kouign-amann-solaire\\\/\",\"name\":\"Partage d\u2019\u00e9lectricit\u00e9 de pair \u00e0 pair au Kouign Amann solaire - Renouvelle\",\"isPartOf\":{\"@id\":\"https:\\\/\\\/www.renouvelle.be\\\/fr\\\/#website\"},\"primaryImageOfPage\":{\"@id\":\"https:\\\/\\\/www.renouvelle.be\\\/fr\\\/partage-electricite-de-pair-a-pair-au-kouign-amann-solaire\\\/#primaryimage\"},\"image\":{\"@id\":\"https:\\\/\\\/www.renouvelle.be\\\/fr\\\/partage-electricite-de-pair-a-pair-au-kouign-amann-solaire\\\/#primaryimage\"},\"thumbnailUrl\":\"https:\\\/\\\/www.renouvelle.be\\\/wp-content\\\/uploads\\\/2025\\\/11\\\/AdobeStock_509449243-scaled-e1762342093133.jpeg\",\"datePublished\":\"2025-11-19T10:22:47+00:00\",\"dateModified\":\"2025-11-19T10:36:41+00:00\",\"author\":{\"@id\":\"https:\\\/\\\/www.renouvelle.be\\\/fr\\\/#\\\/schema\\\/person\\\/281946969a3ddcd2ad3c97ce592fb2fa\"},\"description\":\"Le partage d'\u00e9lectricit\u00e9 de pair \u00e0 pair ? Pour Anna, p\u00e2tissi\u00e8re, et son voisin Christophe : c'\u00e9tait le bon choix \u00e0 faire !\",\"breadcrumb\":{\"@id\":\"https:\\\/\\\/www.renouvelle.be\\\/fr\\\/partage-electricite-de-pair-a-pair-au-kouign-amann-solaire\\\/#breadcrumb\"},\"inLanguage\":\"fr-FR\",\"potentialAction\":[{\"@type\":\"ReadAction\",\"target\":[\"https:\\\/\\\/www.renouvelle.be\\\/fr\\\/partage-electricite-de-pair-a-pair-au-kouign-amann-solaire\\\/\"]}]},{\"@type\":\"ImageObject\",\"inLanguage\":\"fr-FR\",\"@id\":\"https:\\\/\\\/www.renouvelle.be\\\/fr\\\/partage-electricite-de-pair-a-pair-au-kouign-amann-solaire\\\/#primaryimage\",\"url\":\"https:\\\/\\\/www.renouvelle.be\\\/wp-content\\\/uploads\\\/2025\\\/11\\\/AdobeStock_509449243-scaled-e1762342093133.jpeg\",\"contentUrl\":\"https:\\\/\\\/www.renouvelle.be\\\/wp-content\\\/uploads\\\/2025\\\/11\\\/AdobeStock_509449243-scaled-e1762342093133.jpeg\",\"width\":1852,\"height\":1182,\"caption\":\"partage \u00e9lectricit\u00e9 pair a pair\"},{\"@type\":\"BreadcrumbList\",\"@id\":\"https:\\\/\\\/www.renouvelle.be\\\/fr\\\/partage-electricite-de-pair-a-pair-au-kouign-amann-solaire\\\/#breadcrumb\",\"itemListElement\":[{\"@type\":\"ListItem\",\"position\":1,\"name\":\"Accueil\",\"item\":\"https:\\\/\\\/www.renouvelle.be\\\/fr\\\/\"},{\"@type\":\"ListItem\",\"position\":2,\"name\":\"Partage d\u2019\u00e9lectricit\u00e9 de pair \u00e0 pair au Kouign Amann solaire\"}]},{\"@type\":\"WebSite\",\"@id\":\"https:\\\/\\\/www.renouvelle.be\\\/fr\\\/#website\",\"url\":\"https:\\\/\\\/www.renouvelle.be\\\/fr\\\/\",\"name\":\"Renouvelle\",\"description\":\"L&#039;actualit\u00e9 de l&#039;\u00e9nergie durable\",\"potentialAction\":[{\"@type\":\"SearchAction\",\"target\":{\"@type\":\"EntryPoint\",\"urlTemplate\":\"https:\\\/\\\/www.renouvelle.be\\\/fr\\\/?s={search_term_string}\"},\"query-input\":{\"@type\":\"PropertyValueSpecification\",\"valueRequired\":true,\"valueName\":\"search_term_string\"}}],\"inLanguage\":\"fr-FR\"},{\"@type\":\"Person\",\"@id\":\"https:\\\/\\\/www.renouvelle.be\\\/fr\\\/#\\\/schema\\\/person\\\/281946969a3ddcd2ad3c97ce592fb2fa\",\"name\":\"Coline Joffroy\",\"url\":\"https:\\\/\\\/www.renouvelle.be\\\/fr\\\/author\\\/coline-joffroy\\\/\"}]}<\/script>\n<!-- \/ Yoast SEO plugin. -->","yoast_head_json":{"title":"Partage d\u2019\u00e9lectricit\u00e9 de pair \u00e0 pair au Kouign Amann solaire - Renouvelle","description":"Le partage d'\u00e9lectricit\u00e9 de pair \u00e0 pair ? Pour Anna, p\u00e2tissi\u00e8re, et son voisin Christophe : c'\u00e9tait le bon choix \u00e0 faire !","robots":{"index":"index","follow":"follow","max-snippet":"max-snippet:-1","max-image-preview":"max-image-preview:large","max-video-preview":"max-video-preview:-1"},"canonical":"https:\/\/www.renouvelle.be\/fr\/partage-electricite-de-pair-a-pair-au-kouign-amann-solaire\/","og_locale":"fr_FR","og_type":"article","og_title":"Partage d\u2019\u00e9lectricit\u00e9 de pair \u00e0 pair au Kouign Amann solaire - Renouvelle","og_description":"Le partage d'\u00e9lectricit\u00e9 de pair \u00e0 pair ? Pour Anna, p\u00e2tissi\u00e8re, et son voisin Christophe : c'\u00e9tait le bon choix \u00e0 faire !","og_url":"https:\/\/www.renouvelle.be\/fr\/partage-electricite-de-pair-a-pair-au-kouign-amann-solaire\/","og_site_name":"Renouvelle","article_published_time":"2025-11-19T10:22:47+00:00","article_modified_time":"2025-11-19T10:36:41+00:00","og_image":[{"width":1852,"height":1182,"url":"https:\/\/www.renouvelle.be\/wp-content\/uploads\/2025\/11\/AdobeStock_509449243-scaled-e1762342093133.jpeg","type":"image\/jpeg"}],"author":"Coline Joffroy","twitter_card":"summary_large_image","schema":{"@context":"https:\/\/schema.org","@graph":[{"@type":"Article","@id":"https:\/\/www.renouvelle.be\/fr\/partage-electricite-de-pair-a-pair-au-kouign-amann-solaire\/#article","isPartOf":{"@id":"https:\/\/www.renouvelle.be\/fr\/partage-electricite-de-pair-a-pair-au-kouign-amann-solaire\/"},"author":{"name":"Coline Joffroy","@id":"https:\/\/www.renouvelle.be\/fr\/#\/schema\/person\/281946969a3ddcd2ad3c97ce592fb2fa"},"headline":"Partage d\u2019\u00e9lectricit\u00e9 de pair \u00e0 pair au Kouign Amann solaire","datePublished":"2025-11-19T10:22:47+00:00","dateModified":"2025-11-19T10:36:41+00:00","mainEntityOfPage":{"@id":"https:\/\/www.renouvelle.be\/fr\/partage-electricite-de-pair-a-pair-au-kouign-amann-solaire\/"},"wordCount":873,"image":{"@id":"https:\/\/www.renouvelle.be\/fr\/partage-electricite-de-pair-a-pair-au-kouign-amann-solaire\/#primaryimage"},"thumbnailUrl":"https:\/\/www.renouvelle.be\/wp-content\/uploads\/2025\/11\/AdobeStock_509449243-scaled-e1762342093133.jpeg","inLanguage":"fr-FR"},{"@type":"WebPage","@id":"https:\/\/www.renouvelle.be\/fr\/partage-electricite-de-pair-a-pair-au-kouign-amann-solaire\/","url":"https:\/\/www.renouvelle.be\/fr\/partage-electricite-de-pair-a-pair-au-kouign-amann-solaire\/","name":"Partage d\u2019\u00e9lectricit\u00e9 de pair \u00e0 pair au Kouign Amann solaire - Renouvelle","isPartOf":{"@id":"https:\/\/www.renouvelle.be\/fr\/#website"},"primaryImageOfPage":{"@id":"https:\/\/www.renouvelle.be\/fr\/partage-electricite-de-pair-a-pair-au-kouign-amann-solaire\/#primaryimage"},"image":{"@id":"https:\/\/www.renouvelle.be\/fr\/partage-electricite-de-pair-a-pair-au-kouign-amann-solaire\/#primaryimage"},"thumbnailUrl":"https:\/\/www.renouvelle.be\/wp-content\/uploads\/2025\/11\/AdobeStock_509449243-scaled-e1762342093133.jpeg","datePublished":"2025-11-19T10:22:47+00:00","dateModified":"2025-11-19T10:36:41+00:00","author":{"@id":"https:\/\/www.renouvelle.be\/fr\/#\/schema\/person\/281946969a3ddcd2ad3c97ce592fb2fa"},"description":"Le partage d'\u00e9lectricit\u00e9 de pair \u00e0 pair ? Pour Anna, p\u00e2tissi\u00e8re, et son voisin Christophe : c'\u00e9tait le bon choix \u00e0 faire !","breadcrumb":{"@id":"https:\/\/www.renouvelle.be\/fr\/partage-electricite-de-pair-a-pair-au-kouign-amann-solaire\/#breadcrumb"},"inLanguage":"fr-FR","potentialAction":[{"@type":"ReadAction","target":["https:\/\/www.renouvelle.be\/fr\/partage-electricite-de-pair-a-pair-au-kouign-amann-solaire\/"]}]},{"@type":"ImageObject","inLanguage":"fr-FR","@id":"https:\/\/www.renouvelle.be\/fr\/partage-electricite-de-pair-a-pair-au-kouign-amann-solaire\/#primaryimage","url":"https:\/\/www.renouvelle.be\/wp-content\/uploads\/2025\/11\/AdobeStock_509449243-scaled-e1762342093133.jpeg","contentUrl":"https:\/\/www.renouvelle.be\/wp-content\/uploads\/2025\/11\/AdobeStock_509449243-scaled-e1762342093133.jpeg","width":1852,"height":1182,"caption":"partage \u00e9lectricit\u00e9 pair a pair"},{"@type":"BreadcrumbList","@id":"https:\/\/www.renouvelle.be\/fr\/partage-electricite-de-pair-a-pair-au-kouign-amann-solaire\/#breadcrumb","itemListElement":[{"@type":"ListItem","position":1,"name":"Accueil","item":"https:\/\/www.renouvelle.be\/fr\/"},{"@type":"ListItem","position":2,"name":"Partage d\u2019\u00e9lectricit\u00e9 de pair \u00e0 pair au Kouign Amann solaire"}]},{"@type":"WebSite","@id":"https:\/\/www.renouvelle.be\/fr\/#website","url":"https:\/\/www.renouvelle.be\/fr\/","name":"Renouvelle","description":"L&#039;actualit\u00e9 de l&#039;\u00e9nergie durable","potentialAction":[{"@type":"SearchAction","target":{"@type":"EntryPoint","urlTemplate":"https:\/\/www.renouvelle.be\/fr\/?s={search_term_string}"},"query-input":{"@type":"PropertyValueSpecification","valueRequired":true,"valueName":"search_term_string"}}],"inLanguage":"fr-FR"},{"@type":"Person","@id":"https:\/\/www.renouvelle.be\/fr\/#\/schema\/person\/281946969a3ddcd2ad3c97ce592fb2fa","name":"Coline Joffroy","url":"https:\/\/www.renouvelle.be\/fr\/author\/coline-joffroy\/"}]}},"_links":{"self":[{"href":"https:\/\/www.renouvelle.be\/fr\/wp-json\/wp\/v2\/posts\/15869","targetHints":{"allow":["GET"]}}],"collection":[{"href":"https:\/\/www.renouvelle.be\/fr\/wp-json\/wp\/v2\/posts"}],"about":[{"href":"https:\/\/www.renouvelle.be\/fr\/wp-json\/wp\/v2\/types\/post"}],"author":[{"embeddable":true,"href":"https:\/\/www.renouvelle.be\/fr\/wp-json\/wp\/v2\/users\/42"}],"replies":[{"embeddable":true,"href":"https:\/\/www.renouvelle.be\/fr\/wp-json\/wp\/v2\/comments?post=15869"}],"version-history":[{"count":11,"href":"https:\/\/www.renouvelle.be\/fr\/wp-json\/wp\/v2\/posts\/15869\/revisions"}],"predecessor-version":[{"id":16045,"href":"https:\/\/www.renouvelle.be\/fr\/wp-json\/wp\/v2\/posts\/15869\/revisions\/16045"}],"wp:featuredmedia":[{"embeddable":true,"href":"https:\/\/www.renouvelle.be\/fr\/wp-json\/wp\/v2\/media\/15949"}],"wp:attachment":[{"href":"https:\/\/www.renouvelle.be\/fr\/wp-json\/wp\/v2\/media?parent=15869"}],"wp:term":[{"taxonomy":"category","embeddable":true,"href":"https:\/\/www.renouvelle.be\/fr\/wp-json\/wp\/v2\/categories?post=15869"},{"taxonomy":"post_tag","embeddable":true,"href":"https:\/\/www.renouvelle.be\/fr\/wp-json\/wp\/v2\/tags?post=15869"},{"taxonomy":"section","embeddable":true,"href":"https:\/\/www.renouvelle.be\/fr\/wp-json\/wp\/v2\/section?post=15869"}],"curies":[{"name":"wp","href":"https:\/\/api.w.org\/{rel}","templated":true}]}}