{"id":15865,"date":"2025-11-19T11:02:51","date_gmt":"2025-11-19T10:02:51","guid":{"rendered":"https:\/\/www.renouvelle.be\/?p=15865"},"modified":"2025-11-19T12:13:27","modified_gmt":"2025-11-19T11:13:27","slug":"coin-balai-une-communaute-energie-partagee","status":"publish","type":"post","link":"https:\/\/www.renouvelle.be\/fr\/coin-balai-une-communaute-energie-partagee\/","title":{"rendered":"Coin du Balai : une communaut\u00e9 d\u2019\u00e9nergie partag\u00e9e"},"content":{"rendered":"\n<p>D\u00e8s 2023, un groupe pilote s\u2019est form\u00e9 pour mettre en place une communaut\u00e9 d\u2019\u00e9nergie et un partage d\u2019\u00e9lectricit\u00e9 au Coin du Balai. Une r\u00e9union citoyenne a permis de faire connaitre le projet aux riverains.<\/p>\n\n\n\n<p>En adaptant les statuts de l\u2019asbl de quartier \u00ab&nbsp;La Ramassette&nbsp;\u00bb, la communaut\u00e9 d\u2019\u00e9nergie \u00ab&nbsp;Energie Solidaire du Balai&nbsp;\u00bb a vu le jour. Ces nouveaux statuts ont \u00e9t\u00e9 publi\u00e9 au Moniteur Belge, apr\u00e8s une autorisation rendue par Brugel.<\/p>\n\n\n\n<p>Pour organiser le <a href=\"https:\/\/www.renouvelle.be\/fr\/reapproprier-energie-grace-au-partage-electricite\/\" target=\"_blank\" rel=\"noreferrer noopener\">partage d\u2019\u00e9lectricit\u00e9<\/a> en son sein, les membres de la communaut\u00e9 ont sign\u00e9 un contrat avec celle-ci, d\u00e9terminant les modalit\u00e9s du partage.<\/p>\n\n\n\n<p>Le groupe pilote au Coin du Balai a pu compter sur l\u2019aide du <a href=\"https:\/\/environnement.brussels\/citoyen\/services-et-demandes\/conseils-et-accompagnement\/facilitateur-partage-et-communautes-denergie\" target=\"_blank\" rel=\"noreferrer noopener\">Facilitateur Partage et Communaut\u00e9 d\u2019\u00e9nergie<\/a> pour les guider pas \u00e0 pas dans la mise en place du projet.<\/p>\n\n\n\n<h2 class=\"wp-block-heading\"><strong>Le Projet \u00ab&nbsp;Energie Solidaire du Balai&nbsp;\u00bb<\/strong><\/h2>\n\n\n\n<p>Bien que l\u2019activit\u00e9 principale de la communaut\u00e9 d\u2019\u00e9nergie <a href=\"https:\/\/www.coindubalai.be\/energiesolidairedubalai\" target=\"_blank\" rel=\"noreferrer noopener\">Energie Solidaire du Balai<\/a> constitue son partage d\u2019\u00e9lectricit\u00e9, les membres organisent \u00e9galement une projection-d\u00e9bat trimestrielle pour \u00e9changer sur les enjeux \u00e9nerg\u00e9tiques.<\/p>\n\n\n\n<p>Concernant le partage, les membres producteurs vendent \u00e0 la communaut\u00e9 l\u2019\u00e9lectricit\u00e9 photovolta\u00efque qu\u2019ils n\u2019ont pas auto-consomm\u00e9e \u00e0 6c\u20ac\/kWh. La communaut\u00e9 revend ensuite cette \u00e9lectricit\u00e9 aux membres consommateurs \u00e0 28c\u20ac\/kWh (TTC), permettant de s\u2019\u00e9changer de l\u2019\u00e9lectricit\u00e9 renouvelable produite localement \u00e0 un prix stable et de provisionner pour soutenir les activit\u00e9s du collectif.<\/p>\n\n\n\n<p>\u00ab<em>&nbsp;Je suis tr\u00e8s heureuse de participer \u00e0 un projet local et surtout un projet qui a du sens, \u00e7a veut dire un projet qui permet de partager une \u00e9lectricit\u00e9 produite localement et qui fait en sorte que finalement, ce sont les habitants qui b\u00e9n\u00e9ficient de la production d&rsquo;\u00e9lectricit\u00e9<\/em>&nbsp;\u00bb Anne, membre de la communaut\u00e9 d\u2019\u00e9nergie.<\/p>\n\n\n\n<p>Depuis sa cr\u00e9ation, la communaut\u00e9 d\u2019\u00e9nergie entra\u00eene une r\u00e9elle dynamique de quartier et ne fait que cro\u00eetre&nbsp;: elle compte pr\u00e8s de 100 membres qui se sont partag\u00e9s pr\u00e8s de 20 000 kWh en 1 an.<\/p>\n\n\n\n<p>Parmi les membres, on trouve principalement des m\u00e9nages mais aussi une \u00e9cole communale ainsi qu\u2019un petit commerce.<\/p>\n\n\n\n<p>Un bel exemple donc de projet collectif citoyen, qui allie coh\u00e9sion sociale et ind\u00e9pendance \u00e9nerg\u00e9tique&nbsp;! Et qui sait, peut-\u00eatre qu\u2019une communaut\u00e9 d\u2019\u00e9nergie est d\u00e9j\u00e0 en marche pr\u00e8s de chez vous\u2026<\/p>\n\n\n\n<p>D\u00e9couvrez les visages derri\u00e8re le projet dans cette <a href=\"https:\/\/www.youtube.com\/watch?v=fLwFNtg8pfw\" target=\"_blank\" rel=\"noreferrer noopener\">vid\u00e9o<\/a>.<\/p>\n\n\n\n<p>Et pour en savoir plus sur le partage au sein d&rsquo;un b\u00e2timent c&rsquo;est <a href=\"https:\/\/www.renouvelle.be\/fr\/partage-energie-dans-un-batiment-une-premiere-a-liege\/\" target=\"_blank\" rel=\"noreferrer noopener\">ici<\/a> que \u00e7a se passe, sans oublier le partage de <a href=\"https:\/\/www.renouvelle.be\/fr\/partage-electricite-de-pair-a-pair-au-kouign-amann-solaire\/\" target=\"_blank\" rel=\"noreferrer noopener\">pair \u00e0 pair.<\/a><\/p>\n\n\n\n<p><\/p>\n","protected":false},"excerpt":{"rendered":"<p>D\u00e8s 2023, un groupe pilote s\u2019est form\u00e9 pour mettre en place une communaut\u00e9 d\u2019\u00e9nergie et un partage d\u2019\u00e9lectricit\u00e9 au Coin du Balai. Une r\u00e9union citoyenne a permis de faire connaitre le projet aux riverains. En adaptant les statuts de l\u2019asbl de quartier \u00ab&nbsp;La Ramassette&nbsp;\u00bb, la communaut\u00e9 d\u2019\u00e9nergie \u00ab&nbsp;Energie Solidaire du Balai&nbsp;\u00bb a vu le jour. Ces nouveaux statuts ont \u00e9t\u00e9 publi\u00e9 au Moniteur Belge, apr\u00e8s une autorisation rendue par Brugel. Pour organiser le partage d\u2019\u00e9lectricit\u00e9 en son sein, les membres de la communaut\u00e9 ont sign\u00e9 un contrat avec celle-ci, d\u00e9terminant les modalit\u00e9s du partage. Le groupe pilote au Coin du Balai a pu compter sur l\u2019aide du Facilitateur Partage et Communaut\u00e9 d\u2019\u00e9nergie pour les guider pas \u00e0 pas dans la mise en place du projet. Le Projet \u00ab&nbsp;Energie Solidaire du Balai&nbsp;\u00bb Bien que l\u2019activit\u00e9 principale de la communaut\u00e9 d\u2019\u00e9nergie Energie Solidaire du Balai constitue son partage d\u2019\u00e9lectricit\u00e9, les membres organisent \u00e9galement une projection-d\u00e9bat trimestrielle pour \u00e9changer sur les enjeux \u00e9nerg\u00e9tiques. Concernant le partage, les membres producteurs vendent \u00e0 la communaut\u00e9 l\u2019\u00e9lectricit\u00e9 photovolta\u00efque qu\u2019ils n\u2019ont pas auto-consomm\u00e9e \u00e0 6c\u20ac\/kWh. La communaut\u00e9 revend ensuite cette \u00e9lectricit\u00e9 aux membres consommateurs \u00e0 28c\u20ac\/kWh (TTC), permettant de s\u2019\u00e9changer de l\u2019\u00e9lectricit\u00e9 renouvelable produite localement \u00e0 un prix stable et de provisionner pour soutenir les activit\u00e9s du collectif. \u00ab&nbsp;Je suis tr\u00e8s heureuse de participer \u00e0 un projet local et surtout un projet qui a du sens, \u00e7a veut dire un projet qui permet de partager une \u00e9lectricit\u00e9 produite localement et qui fait en sorte que finalement, ce sont les habitants qui b\u00e9n\u00e9ficient de la production d&rsquo;\u00e9lectricit\u00e9&nbsp;\u00bb Anne, membre de la communaut\u00e9 d\u2019\u00e9nergie. Depuis sa cr\u00e9ation, la communaut\u00e9 d\u2019\u00e9nergie entra\u00eene une r\u00e9elle dynamique de quartier et ne fait que cro\u00eetre&nbsp;: elle compte pr\u00e8s de 100 membres qui se &hellip; <a href=\"https:\/\/www.renouvelle.be\/fr\/coin-balai-une-communaute-energie-partagee\/\" class=\"more-link\">Continue reading<span class=\"screen-reader-text\"> \u00ab\u00a0Coin du Balai : une communaut\u00e9 d\u2019\u00e9nergie partag\u00e9e\u00a0\u00bb<\/span><\/a><\/p>\n","protected":false},"author":43,"featured_media":15933,"comment_status":"closed","ping_status":"closed","sticky":false,"template":"","format":"standard","meta":{"_acf_changed":false,"footnotes":""},"categories":[],"tags":[],"section":[8,13],"class_list":["post-15865","post","type-post","status-publish","format-standard","has-post-thumbnail","hentry","section-energie-renouvelables","section-solaire"],"acf":[],"yoast_head":"<!-- This site is optimized with the Yoast SEO plugin v27.5 - https:\/\/yoast.com\/product\/yoast-seo-wordpress\/ -->\n<title>Coin du Balai : une communaut\u00e9 d\u2019\u00e9nergie partag\u00e9e - Renouvelle<\/title>\n<meta name=\"description\" content=\"D\u00e9couvrez une communaut\u00e9 d\u2019\u00e9nergie citoyenne au Coin du Balai qui partage l\u2019\u00e9lectricit\u00e9 photovolta\u00efque locale entre voisins.\" \/>\n<meta name=\"robots\" content=\"index, follow, max-snippet:-1, max-image-preview:large, max-video-preview:-1\" \/>\n<link rel=\"canonical\" href=\"https:\/\/www.renouvelle.be\/fr\/coin-balai-une-communaute-energie-partagee\/\" \/>\n<meta property=\"og:locale\" content=\"fr_FR\" \/>\n<meta property=\"og:type\" content=\"article\" \/>\n<meta property=\"og:title\" content=\"Coin du Balai : une communaut\u00e9 d\u2019\u00e9nergie partag\u00e9e - Renouvelle\" \/>\n<meta property=\"og:description\" content=\"D\u00e9couvrez une communaut\u00e9 d\u2019\u00e9nergie citoyenne au Coin du Balai qui partage l\u2019\u00e9lectricit\u00e9 photovolta\u00efque locale entre voisins.\" \/>\n<meta property=\"og:url\" content=\"https:\/\/www.renouvelle.be\/fr\/coin-balai-une-communaute-energie-partagee\/\" \/>\n<meta property=\"og:site_name\" content=\"Renouvelle\" \/>\n<meta property=\"article:published_time\" content=\"2025-11-19T10:02:51+00:00\" \/>\n<meta property=\"article:modified_time\" content=\"2025-11-19T11:13:27+00:00\" \/>\n<meta property=\"og:image\" content=\"https:\/\/www.renouvelle.be\/wp-content\/uploads\/2025\/11\/communaute-energie-balai.jpg\" \/>\n\t<meta property=\"og:image:width\" content=\"2242\" \/>\n\t<meta property=\"og:image:height\" content=\"1181\" \/>\n\t<meta property=\"og:image:type\" content=\"image\/jpeg\" \/>\n<meta name=\"author\" content=\"Laur\u00e9line Wattecamps\" \/>\n<meta name=\"twitter:card\" content=\"summary_large_image\" \/>\n<script type=\"application\/ld+json\" class=\"yoast-schema-graph\">{\"@context\":\"https:\\\/\\\/schema.org\",\"@graph\":[{\"@type\":\"Article\",\"@id\":\"https:\\\/\\\/www.renouvelle.be\\\/fr\\\/coin-balai-une-communaute-energie-partagee\\\/#article\",\"isPartOf\":{\"@id\":\"https:\\\/\\\/www.renouvelle.be\\\/fr\\\/coin-balai-une-communaute-energie-partagee\\\/\"},\"author\":{\"name\":\"Laur\u00e9line Wattecamps\",\"@id\":\"https:\\\/\\\/www.renouvelle.be\\\/fr\\\/#\\\/schema\\\/person\\\/b0875d84d82d563d1f6484ee8dab3c34\"},\"headline\":\"Coin du Balai : une communaut\u00e9 d\u2019\u00e9nergie partag\u00e9e\",\"datePublished\":\"2025-11-19T10:02:51+00:00\",\"dateModified\":\"2025-11-19T11:13:27+00:00\",\"mainEntityOfPage\":{\"@id\":\"https:\\\/\\\/www.renouvelle.be\\\/fr\\\/coin-balai-une-communaute-energie-partagee\\\/\"},\"wordCount\":446,\"image\":{\"@id\":\"https:\\\/\\\/www.renouvelle.be\\\/fr\\\/coin-balai-une-communaute-energie-partagee\\\/#primaryimage\"},\"thumbnailUrl\":\"https:\\\/\\\/www.renouvelle.be\\\/wp-content\\\/uploads\\\/2025\\\/11\\\/communaute-energie-balai.jpg\",\"inLanguage\":\"fr-FR\"},{\"@type\":\"WebPage\",\"@id\":\"https:\\\/\\\/www.renouvelle.be\\\/fr\\\/coin-balai-une-communaute-energie-partagee\\\/\",\"url\":\"https:\\\/\\\/www.renouvelle.be\\\/fr\\\/coin-balai-une-communaute-energie-partagee\\\/\",\"name\":\"Coin du Balai : une communaut\u00e9 d\u2019\u00e9nergie partag\u00e9e - Renouvelle\",\"isPartOf\":{\"@id\":\"https:\\\/\\\/www.renouvelle.be\\\/fr\\\/#website\"},\"primaryImageOfPage\":{\"@id\":\"https:\\\/\\\/www.renouvelle.be\\\/fr\\\/coin-balai-une-communaute-energie-partagee\\\/#primaryimage\"},\"image\":{\"@id\":\"https:\\\/\\\/www.renouvelle.be\\\/fr\\\/coin-balai-une-communaute-energie-partagee\\\/#primaryimage\"},\"thumbnailUrl\":\"https:\\\/\\\/www.renouvelle.be\\\/wp-content\\\/uploads\\\/2025\\\/11\\\/communaute-energie-balai.jpg\",\"datePublished\":\"2025-11-19T10:02:51+00:00\",\"dateModified\":\"2025-11-19T11:13:27+00:00\",\"author\":{\"@id\":\"https:\\\/\\\/www.renouvelle.be\\\/fr\\\/#\\\/schema\\\/person\\\/b0875d84d82d563d1f6484ee8dab3c34\"},\"description\":\"D\u00e9couvrez une communaut\u00e9 d\u2019\u00e9nergie citoyenne au Coin du Balai qui partage l\u2019\u00e9lectricit\u00e9 photovolta\u00efque locale entre voisins.\",\"breadcrumb\":{\"@id\":\"https:\\\/\\\/www.renouvelle.be\\\/fr\\\/coin-balai-une-communaute-energie-partagee\\\/#breadcrumb\"},\"inLanguage\":\"fr-FR\",\"potentialAction\":[{\"@type\":\"ReadAction\",\"target\":[\"https:\\\/\\\/www.renouvelle.be\\\/fr\\\/coin-balai-une-communaute-energie-partagee\\\/\"]}]},{\"@type\":\"ImageObject\",\"inLanguage\":\"fr-FR\",\"@id\":\"https:\\\/\\\/www.renouvelle.be\\\/fr\\\/coin-balai-une-communaute-energie-partagee\\\/#primaryimage\",\"url\":\"https:\\\/\\\/www.renouvelle.be\\\/wp-content\\\/uploads\\\/2025\\\/11\\\/communaute-energie-balai.jpg\",\"contentUrl\":\"https:\\\/\\\/www.renouvelle.be\\\/wp-content\\\/uploads\\\/2025\\\/11\\\/communaute-energie-balai.jpg\",\"width\":2242,\"height\":1181,\"caption\":\"communaut\u00e9 \u00e9nergie balai\"},{\"@type\":\"BreadcrumbList\",\"@id\":\"https:\\\/\\\/www.renouvelle.be\\\/fr\\\/coin-balai-une-communaute-energie-partagee\\\/#breadcrumb\",\"itemListElement\":[{\"@type\":\"ListItem\",\"position\":1,\"name\":\"Accueil\",\"item\":\"https:\\\/\\\/www.renouvelle.be\\\/fr\\\/\"},{\"@type\":\"ListItem\",\"position\":2,\"name\":\"Coin du Balai : une communaut\u00e9 d\u2019\u00e9nergie partag\u00e9e\"}]},{\"@type\":\"WebSite\",\"@id\":\"https:\\\/\\\/www.renouvelle.be\\\/fr\\\/#website\",\"url\":\"https:\\\/\\\/www.renouvelle.be\\\/fr\\\/\",\"name\":\"Renouvelle\",\"description\":\"L&#039;actualit\u00e9 de l&#039;\u00e9nergie durable\",\"potentialAction\":[{\"@type\":\"SearchAction\",\"target\":{\"@type\":\"EntryPoint\",\"urlTemplate\":\"https:\\\/\\\/www.renouvelle.be\\\/fr\\\/?s={search_term_string}\"},\"query-input\":{\"@type\":\"PropertyValueSpecification\",\"valueRequired\":true,\"valueName\":\"search_term_string\"}}],\"inLanguage\":\"fr-FR\"},{\"@type\":\"Person\",\"@id\":\"https:\\\/\\\/www.renouvelle.be\\\/fr\\\/#\\\/schema\\\/person\\\/b0875d84d82d563d1f6484ee8dab3c34\",\"name\":\"Laur\u00e9line Wattecamps\",\"url\":\"https:\\\/\\\/www.renouvelle.be\\\/fr\\\/author\\\/laureline-wattecamps\\\/\"}]}<\/script>\n<!-- \/ Yoast SEO plugin. -->","yoast_head_json":{"title":"Coin du Balai : une communaut\u00e9 d\u2019\u00e9nergie partag\u00e9e - Renouvelle","description":"D\u00e9couvrez une communaut\u00e9 d\u2019\u00e9nergie citoyenne au Coin du Balai qui partage l\u2019\u00e9lectricit\u00e9 photovolta\u00efque locale entre voisins.","robots":{"index":"index","follow":"follow","max-snippet":"max-snippet:-1","max-image-preview":"max-image-preview:large","max-video-preview":"max-video-preview:-1"},"canonical":"https:\/\/www.renouvelle.be\/fr\/coin-balai-une-communaute-energie-partagee\/","og_locale":"fr_FR","og_type":"article","og_title":"Coin du Balai : une communaut\u00e9 d\u2019\u00e9nergie partag\u00e9e - Renouvelle","og_description":"D\u00e9couvrez une communaut\u00e9 d\u2019\u00e9nergie citoyenne au Coin du Balai qui partage l\u2019\u00e9lectricit\u00e9 photovolta\u00efque locale entre voisins.","og_url":"https:\/\/www.renouvelle.be\/fr\/coin-balai-une-communaute-energie-partagee\/","og_site_name":"Renouvelle","article_published_time":"2025-11-19T10:02:51+00:00","article_modified_time":"2025-11-19T11:13:27+00:00","og_image":[{"width":2242,"height":1181,"url":"https:\/\/www.renouvelle.be\/wp-content\/uploads\/2025\/11\/communaute-energie-balai.jpg","type":"image\/jpeg"}],"author":"Laur\u00e9line Wattecamps","twitter_card":"summary_large_image","schema":{"@context":"https:\/\/schema.org","@graph":[{"@type":"Article","@id":"https:\/\/www.renouvelle.be\/fr\/coin-balai-une-communaute-energie-partagee\/#article","isPartOf":{"@id":"https:\/\/www.renouvelle.be\/fr\/coin-balai-une-communaute-energie-partagee\/"},"author":{"name":"Laur\u00e9line Wattecamps","@id":"https:\/\/www.renouvelle.be\/fr\/#\/schema\/person\/b0875d84d82d563d1f6484ee8dab3c34"},"headline":"Coin du Balai : une communaut\u00e9 d\u2019\u00e9nergie partag\u00e9e","datePublished":"2025-11-19T10:02:51+00:00","dateModified":"2025-11-19T11:13:27+00:00","mainEntityOfPage":{"@id":"https:\/\/www.renouvelle.be\/fr\/coin-balai-une-communaute-energie-partagee\/"},"wordCount":446,"image":{"@id":"https:\/\/www.renouvelle.be\/fr\/coin-balai-une-communaute-energie-partagee\/#primaryimage"},"thumbnailUrl":"https:\/\/www.renouvelle.be\/wp-content\/uploads\/2025\/11\/communaute-energie-balai.jpg","inLanguage":"fr-FR"},{"@type":"WebPage","@id":"https:\/\/www.renouvelle.be\/fr\/coin-balai-une-communaute-energie-partagee\/","url":"https:\/\/www.renouvelle.be\/fr\/coin-balai-une-communaute-energie-partagee\/","name":"Coin du Balai : une communaut\u00e9 d\u2019\u00e9nergie partag\u00e9e - Renouvelle","isPartOf":{"@id":"https:\/\/www.renouvelle.be\/fr\/#website"},"primaryImageOfPage":{"@id":"https:\/\/www.renouvelle.be\/fr\/coin-balai-une-communaute-energie-partagee\/#primaryimage"},"image":{"@id":"https:\/\/www.renouvelle.be\/fr\/coin-balai-une-communaute-energie-partagee\/#primaryimage"},"thumbnailUrl":"https:\/\/www.renouvelle.be\/wp-content\/uploads\/2025\/11\/communaute-energie-balai.jpg","datePublished":"2025-11-19T10:02:51+00:00","dateModified":"2025-11-19T11:13:27+00:00","author":{"@id":"https:\/\/www.renouvelle.be\/fr\/#\/schema\/person\/b0875d84d82d563d1f6484ee8dab3c34"},"description":"D\u00e9couvrez une communaut\u00e9 d\u2019\u00e9nergie citoyenne au Coin du Balai qui partage l\u2019\u00e9lectricit\u00e9 photovolta\u00efque locale entre voisins.","breadcrumb":{"@id":"https:\/\/www.renouvelle.be\/fr\/coin-balai-une-communaute-energie-partagee\/#breadcrumb"},"inLanguage":"fr-FR","potentialAction":[{"@type":"ReadAction","target":["https:\/\/www.renouvelle.be\/fr\/coin-balai-une-communaute-energie-partagee\/"]}]},{"@type":"ImageObject","inLanguage":"fr-FR","@id":"https:\/\/www.renouvelle.be\/fr\/coin-balai-une-communaute-energie-partagee\/#primaryimage","url":"https:\/\/www.renouvelle.be\/wp-content\/uploads\/2025\/11\/communaute-energie-balai.jpg","contentUrl":"https:\/\/www.renouvelle.be\/wp-content\/uploads\/2025\/11\/communaute-energie-balai.jpg","width":2242,"height":1181,"caption":"communaut\u00e9 \u00e9nergie balai"},{"@type":"BreadcrumbList","@id":"https:\/\/www.renouvelle.be\/fr\/coin-balai-une-communaute-energie-partagee\/#breadcrumb","itemListElement":[{"@type":"ListItem","position":1,"name":"Accueil","item":"https:\/\/www.renouvelle.be\/fr\/"},{"@type":"ListItem","position":2,"name":"Coin du Balai : une communaut\u00e9 d\u2019\u00e9nergie partag\u00e9e"}]},{"@type":"WebSite","@id":"https:\/\/www.renouvelle.be\/fr\/#website","url":"https:\/\/www.renouvelle.be\/fr\/","name":"Renouvelle","description":"L&#039;actualit\u00e9 de l&#039;\u00e9nergie durable","potentialAction":[{"@type":"SearchAction","target":{"@type":"EntryPoint","urlTemplate":"https:\/\/www.renouvelle.be\/fr\/?s={search_term_string}"},"query-input":{"@type":"PropertyValueSpecification","valueRequired":true,"valueName":"search_term_string"}}],"inLanguage":"fr-FR"},{"@type":"Person","@id":"https:\/\/www.renouvelle.be\/fr\/#\/schema\/person\/b0875d84d82d563d1f6484ee8dab3c34","name":"Laur\u00e9line Wattecamps","url":"https:\/\/www.renouvelle.be\/fr\/author\/laureline-wattecamps\/"}]}},"_links":{"self":[{"href":"https:\/\/www.renouvelle.be\/fr\/wp-json\/wp\/v2\/posts\/15865","targetHints":{"allow":["GET"]}}],"collection":[{"href":"https:\/\/www.renouvelle.be\/fr\/wp-json\/wp\/v2\/posts"}],"about":[{"href":"https:\/\/www.renouvelle.be\/fr\/wp-json\/wp\/v2\/types\/post"}],"author":[{"embeddable":true,"href":"https:\/\/www.renouvelle.be\/fr\/wp-json\/wp\/v2\/users\/43"}],"replies":[{"embeddable":true,"href":"https:\/\/www.renouvelle.be\/fr\/wp-json\/wp\/v2\/comments?post=15865"}],"version-history":[{"count":9,"href":"https:\/\/www.renouvelle.be\/fr\/wp-json\/wp\/v2\/posts\/15865\/revisions"}],"predecessor-version":[{"id":16046,"href":"https:\/\/www.renouvelle.be\/fr\/wp-json\/wp\/v2\/posts\/15865\/revisions\/16046"}],"wp:featuredmedia":[{"embeddable":true,"href":"https:\/\/www.renouvelle.be\/fr\/wp-json\/wp\/v2\/media\/15933"}],"wp:attachment":[{"href":"https:\/\/www.renouvelle.be\/fr\/wp-json\/wp\/v2\/media?parent=15865"}],"wp:term":[{"taxonomy":"category","embeddable":true,"href":"https:\/\/www.renouvelle.be\/fr\/wp-json\/wp\/v2\/categories?post=15865"},{"taxonomy":"post_tag","embeddable":true,"href":"https:\/\/www.renouvelle.be\/fr\/wp-json\/wp\/v2\/tags?post=15865"},{"taxonomy":"section","embeddable":true,"href":"https:\/\/www.renouvelle.be\/fr\/wp-json\/wp\/v2\/section?post=15865"}],"curies":[{"name":"wp","href":"https:\/\/api.w.org\/{rel}","templated":true}]}}