{"id":15863,"date":"2025-11-19T09:51:07","date_gmt":"2025-11-19T08:51:07","guid":{"rendered":"https:\/\/www.renouvelle.be\/?p=15863"},"modified":"2025-11-19T11:54:56","modified_gmt":"2025-11-19T10:54:56","slug":"reapproprier-energie-grace-au-partage-electricite","status":"publish","type":"post","link":"https:\/\/www.renouvelle.be\/fr\/reapproprier-energie-grace-au-partage-electricite\/","title":{"rendered":"Se r\u00e9approprier l&rsquo;\u00e9nergie gr\u00e2ce au partage d&rsquo;\u00e9lectricit\u00e9"},"content":{"rendered":"\n<p>Force est de constater que le march\u00e9 de l\u2019\u00e9lectricit\u00e9 est traditionnellement r\u00e9gi par les acteurs conventionnels de l\u2019\u00e9nergie, comme les fournisseurs ou gestionnaires de r\u00e9seau. Pourtant, aujourd\u2019hui, les citoyens peuvent aussi y prendre part gr\u00e2ce au partage d\u2019\u00e9lectricit\u00e9&nbsp;!<\/p>\n\n\n\n<p>Mais de quoi s\u2019agit-il\u00a0? Ce syst\u00e8me permet \u00e0 un groupe de personnes de se partager, entre elles, de l\u2019\u00e9lectricit\u00e9, produite \u00e0 l\u2019\u00e9chelle locale et le plus souvent renouvelable. Une multitude d\u2019acteurs peut y participer : les m\u00e9nages, les copropri\u00e9t\u00e9s, les PME, les autorit\u00e9s publiques, etc.<\/p>\n\n\n\n<p><strong>Comment \u00e7a marche ?<\/strong><\/p>\n\n\n\n<p>Une personne disposant d\u2019une installation photovolta\u00efque peut partager, avec un voisin ou commerce du coin, l\u2019\u00e9lectricit\u00e9 qu\u2019elle n\u2019a pas auto-consomm\u00e9e.<\/p>\n\n\n\n<p>C\u2019est gr\u00e2ce aux compteurs intelligents que le partage est mis en place. Ils calculent toutes les 15 minutes l\u2019\u00e9lectricit\u00e9 inject\u00e9e, c\u00f4t\u00e9 producteur, et l\u2019allouent au consommateur, s\u2019il y a du pr\u00e9l\u00e8vement durant le quart d\u2019heure.<\/p>\n\n\n\n<p>Le consommateur garde son contrat aupr\u00e8s de son fournisseur et a donc deux sources d\u2019approvisionnement :<\/p>\n\n\n\n<ul class=\"wp-block-list\">\n<li>L\u2019\u00e9lectricit\u00e9 issue du partage, \u00e0 un prix plus avantageux, convenu dans un contrat sp\u00e9cifique<\/li>\n\n\n\n<li>L\u2019\u00e9lectricit\u00e9 du fournisseur, qui compl\u00e8te l\u2019approvisionnement du partage.<\/li>\n<\/ul>\n\n\n\n<p><strong>Le saviez-vous&nbsp;?<\/strong> Un m\u00e9nage classique auto-consomme annuellement environ 30% de sa production photovolta\u00efque. Les 70% inject\u00e9s dans le r\u00e9seau peuvent donc \u00eatre valoris\u00e9s dans un partage.<\/p>\n\n\n\n<p><br><strong>Quelles configurations de partage existent&nbsp;?&nbsp;<\/strong><\/p>\n\n\n\n<p>L\u2019\u00e9nergie \u00e9tant une comp\u00e9tence r\u00e9gionale, chacune d\u2019elle transpose la directive europ\u00e9enne suivant des sp\u00e9cificit\u00e9s propres. Les l\u00e9gislations r\u00e9gionales sont d\u2019application depuis 2021 en Flandre, 2022 en Wallonie et \u00e0 Bruxelles. <\/p>\n\n\n\n<p>Le tableau ci-dessous en r\u00e9sume les configurations et pr\u00e9cise le nombre de projet effectifs en 2025. D&rsquo;ailleurs, nous vous partageons \u00e9galement des success stories pour en savoir plus sur chaque configuration : <a href=\"https:\/\/www.renouvelle.be\/fr\/partage-energie-dans-un-batiment-une-premiere-a-liege\/\" target=\"_blank\" rel=\"noreferrer noopener\">partage au sein d&rsquo;un m\u00eame b\u00e2timent<\/a>, <a href=\"https:\/\/www.renouvelle.be\/fr\/coin-balai-une-communaute-energie-partagee\/\" target=\"_blank\" rel=\"noreferrer noopener\">au sein d&rsquo;une communaut\u00e9 d&rsquo;\u00e9nergie<\/a> et de <a href=\"https:\/\/www.renouvelle.be\/fr\/partage-electricite-de-pair-a-pair-au-kouign-amann-solaire\/\" target=\"_blank\" rel=\"noreferrer noopener\">pair \u00e0 pair.<\/a><br><br>Pour ce qui est du partage au sein d\u2019un m\u00eame b\u00e2timent, l\u2019\u00e9lectricit\u00e9 doit \u00eatre d\u2019origine renouvelable, et ce pour les trois r\u00e9gions. Il en va de m\u00eame pour le partage entre 2 compteurs \u00e0 Bruxelles et en Flandre.<\/p>\n\n\n<div class=\"wp-block-image\">\n<figure class=\"aligncenter size-large is-resized\"><img loading=\"lazy\" decoding=\"async\" width=\"1024\" height=\"480\" src=\"https:\/\/www.renouvelle.be\/wp-content\/uploads\/2025\/11\/tableau-partage-e1762338007106-1024x480.jpg\" alt=\"partage \u00e9lectricit\u00e9\" class=\"wp-image-15918\" style=\"width:676px;height:auto\" srcset=\"https:\/\/www.renouvelle.be\/wp-content\/uploads\/2025\/11\/tableau-partage-e1762338007106-1024x480.jpg 1024w, https:\/\/www.renouvelle.be\/wp-content\/uploads\/2025\/11\/tableau-partage-e1762338007106-300x141.jpg 300w, https:\/\/www.renouvelle.be\/wp-content\/uploads\/2025\/11\/tableau-partage-e1762338007106-768x360.jpg 768w, https:\/\/www.renouvelle.be\/wp-content\/uploads\/2025\/11\/tableau-partage-e1762338007106-1536x720.jpg 1536w, https:\/\/www.renouvelle.be\/wp-content\/uploads\/2025\/11\/tableau-partage-e1762338007106-1200x563.jpg 1200w, https:\/\/www.renouvelle.be\/wp-content\/uploads\/2025\/11\/tableau-partage-e1762338007106.jpg 1712w\" sizes=\"auto, (max-width: 1024px) 100vw, 1024px\" \/><\/figure>\n<\/div>\n\n\n<p><strong>A quel prix&nbsp;?<\/strong><\/p>\n\n\n\n<p>Le prix de l\u2019\u00e9lectricit\u00e9 partag\u00e9e pour les consommateurs se divise en 3 composantes&nbsp;:<\/p>\n\n\n\n<ul class=\"wp-block-list\">\n<li>Le prix de l\u2019\u00e9lectricit\u00e9 locale est \u00e0 d\u00e9finir entre les participants, il peut \u00eatre gratuit.<\/li>\n\n\n\n<li>Les frais r\u00e9seaux sont soit \u00e9quivalents aux frais r\u00e9seaux chez son fournisseur (Wallonie et Flandre), soit connaissent une r\u00e9duction en fonction du p\u00e9rim\u00e8tre du partage (Bruxelles)<\/li>\n\n\n\n<li>Les taxes f\u00e9d\u00e9rales sont \u00e9quivalentes aux taxes appliqu\u00e9es au prix de l\u2019\u00e9lectricit\u00e9 chez le fournisseur (ici, \u00e0 titre indicatif).<\/li>\n<\/ul>\n\n\n\n<figure class=\"wp-block-image size-large\"><img loading=\"lazy\" decoding=\"async\" width=\"1024\" height=\"314\" src=\"https:\/\/www.renouvelle.be\/wp-content\/uploads\/2025\/11\/image-1024x314.png\" alt=\"\" class=\"wp-image-15921\" srcset=\"https:\/\/www.renouvelle.be\/wp-content\/uploads\/2025\/11\/image-1024x314.png 1024w, https:\/\/www.renouvelle.be\/wp-content\/uploads\/2025\/11\/image-300x92.png 300w, https:\/\/www.renouvelle.be\/wp-content\/uploads\/2025\/11\/image-768x235.png 768w, https:\/\/www.renouvelle.be\/wp-content\/uploads\/2025\/11\/image.png 1135w\" sizes=\"auto, (max-width: 1024px) 100vw, 1024px\" \/><\/figure>\n\n\n\n<p><strong>Quels sont les avantages&nbsp;?<\/strong><\/p>\n\n\n\n<p>Le partage d\u2019\u00e9lectricit\u00e9 permet aux participants de s\u2019impliquer dans un projet local de transition \u00e9nerg\u00e9tique, qui fonctionne de mani\u00e8re d\u00e9mocratique et qui peut renforcer la coh\u00e9sion sociale au sein d\u2019un groupe.<\/p>\n\n\n\n<p>Il garantit un prix stable de l\u2019\u00e9lectricit\u00e9 dans le temps, puisqu\u2019il n\u2019est pas d\u00e9pendant des conjonctures internationales.<\/p>\n\n\n\n<p>En fonction du prix choisi pour l\u2019\u00e9lectricit\u00e9 partag\u00e9e, les consommateurs font des \u00e9conomies sur leurs factures individuelles d\u2019\u00e9nergie et les producteurs valorisent mieux leur injection.<\/p>\n\n\n\n<p>Les participants d\u00e9veloppent des comp\u00e9tences et des connaissances sur l\u2019\u00e9nergie, adaptent leurs comportements de consommation et choisissent la provenance de l\u2019\u00e9lectricit\u00e9 qu\u2019ils consomment.<\/p>\n\n\n\n<p><strong>Et pour se lancer dans une activit\u00e9 de partage d\u2019\u00e9nergie, <\/strong>des services r\u00e9gionaux existent pour accompagner les porteurs de projet dans sa mise en place&nbsp;:<\/p>\n\n\n\n<ul class=\"wp-block-list\">\n<li><a href=\"https:\/\/energie.wallonie.be\/fr\/communautes-d-energie-et-partage-d-energie.html?IDC=10295\">Facilitateur Communaut\u00e9s d\u2019\u00e9nergie en Wallonie<\/a><\/li>\n\n\n\n<li><a href=\"https:\/\/environnement.brussels\/citoyen\/services-et-demandes\/conseils-et-accompagnement\/facilitateur-partage-et-communautes-denergie\">Facilitateur Partage et Communaut\u00e9s d\u2019\u00e9nergie, Bruxelles<\/a><\/li>\n\n\n\n<li><a href=\"https:\/\/www.leiedal.be\/ehbe\">EHBE en Flandre<\/a><\/li>\n<\/ul>\n","protected":false},"excerpt":{"rendered":"<p>Force est de constater que le march\u00e9 de l\u2019\u00e9lectricit\u00e9 est traditionnellement r\u00e9gi par les acteurs conventionnels de l\u2019\u00e9nergie, comme les fournisseurs ou gestionnaires de r\u00e9seau. Pourtant, aujourd\u2019hui, les citoyens peuvent aussi y prendre part gr\u00e2ce au partage d\u2019\u00e9lectricit\u00e9&nbsp;! Mais de quoi s\u2019agit-il\u00a0? Ce syst\u00e8me permet \u00e0 un groupe de personnes de se partager, entre elles, de l\u2019\u00e9lectricit\u00e9, produite \u00e0 l\u2019\u00e9chelle locale et le plus souvent renouvelable. Une multitude d\u2019acteurs peut y participer : les m\u00e9nages, les copropri\u00e9t\u00e9s, les PME, les autorit\u00e9s publiques, etc. Comment \u00e7a marche ? Une personne disposant d\u2019une installation photovolta\u00efque peut partager, avec un voisin ou commerce du coin, l\u2019\u00e9lectricit\u00e9 qu\u2019elle n\u2019a pas auto-consomm\u00e9e. C\u2019est gr\u00e2ce aux compteurs intelligents que le partage est mis en place. Ils calculent toutes les 15 minutes l\u2019\u00e9lectricit\u00e9 inject\u00e9e, c\u00f4t\u00e9 producteur, et l\u2019allouent au consommateur, s\u2019il y a du pr\u00e9l\u00e8vement durant le quart d\u2019heure. Le consommateur garde son contrat aupr\u00e8s de son fournisseur et a donc deux sources d\u2019approvisionnement : Le saviez-vous&nbsp;? Un m\u00e9nage classique auto-consomme annuellement environ 30% de sa production photovolta\u00efque. Les 70% inject\u00e9s dans le r\u00e9seau peuvent donc \u00eatre valoris\u00e9s dans un partage. Quelles configurations de partage existent&nbsp;?&nbsp; L\u2019\u00e9nergie \u00e9tant une comp\u00e9tence r\u00e9gionale, chacune d\u2019elle transpose la directive europ\u00e9enne suivant des sp\u00e9cificit\u00e9s propres. Les l\u00e9gislations r\u00e9gionales sont d\u2019application depuis 2021 en Flandre, 2022 en Wallonie et \u00e0 Bruxelles. Le tableau ci-dessous en r\u00e9sume les configurations et pr\u00e9cise le nombre de projet effectifs en 2025. D&rsquo;ailleurs, nous vous partageons \u00e9galement des success stories pour en savoir plus sur chaque configuration : partage au sein d&rsquo;un m\u00eame b\u00e2timent, au sein d&rsquo;une communaut\u00e9 d&rsquo;\u00e9nergie et de pair \u00e0 pair. Pour ce qui est du partage au sein d\u2019un m\u00eame b\u00e2timent, l\u2019\u00e9lectricit\u00e9 doit \u00eatre d\u2019origine renouvelable, et ce pour les trois r\u00e9gions. Il &hellip; <a href=\"https:\/\/www.renouvelle.be\/fr\/reapproprier-energie-grace-au-partage-electricite\/\" class=\"more-link\">Continue reading<span class=\"screen-reader-text\"> \u00ab\u00a0Se r\u00e9approprier l&rsquo;\u00e9nergie gr\u00e2ce au partage d&rsquo;\u00e9lectricit\u00e9\u00a0\u00bb<\/span><\/a><\/p>\n","protected":false},"author":43,"featured_media":15925,"comment_status":"closed","ping_status":"closed","sticky":false,"template":"","format":"standard","meta":{"_acf_changed":false,"footnotes":""},"categories":[],"tags":[],"section":[8,5],"class_list":["post-15863","post","type-post","status-publish","format-standard","has-post-thumbnail","hentry","section-energie-renouvelables","section-communaute-denergie"],"acf":[],"yoast_head":"<!-- This site is optimized with the Yoast SEO plugin v27.5 - https:\/\/yoast.com\/product\/yoast-seo-wordpress\/ -->\n<title>Se r\u00e9approprier l&#039;\u00e9nergie gr\u00e2ce au partage d&#039;\u00e9lectricit\u00e9 - Renouvelle<\/title>\n<meta name=\"description\" content=\"On peut consommer bien des choses dites locales, mais saviez-vous que c&#039;est aussi possible pour l&#039;\u00e9nergie gr\u00e2ce au partage d&#039;\u00e9lectricit\u00e9 ?\" \/>\n<meta name=\"robots\" content=\"index, follow, max-snippet:-1, max-image-preview:large, max-video-preview:-1\" \/>\n<link rel=\"canonical\" href=\"https:\/\/www.renouvelle.be\/fr\/reapproprier-energie-grace-au-partage-electricite\/\" \/>\n<meta property=\"og:locale\" content=\"fr_FR\" \/>\n<meta property=\"og:type\" content=\"article\" \/>\n<meta property=\"og:title\" content=\"Se r\u00e9approprier l&#039;\u00e9nergie gr\u00e2ce au partage d&#039;\u00e9lectricit\u00e9 - Renouvelle\" \/>\n<meta property=\"og:description\" content=\"On peut consommer bien des choses dites locales, mais saviez-vous que c&#039;est aussi possible pour l&#039;\u00e9nergie gr\u00e2ce au partage d&#039;\u00e9lectricit\u00e9 ?\" \/>\n<meta property=\"og:url\" content=\"https:\/\/www.renouvelle.be\/fr\/reapproprier-energie-grace-au-partage-electricite\/\" \/>\n<meta property=\"og:site_name\" content=\"Renouvelle\" \/>\n<meta property=\"article:published_time\" content=\"2025-11-19T08:51:07+00:00\" \/>\n<meta property=\"article:modified_time\" content=\"2025-11-19T10:54:56+00:00\" \/>\n<meta property=\"og:image\" content=\"https:\/\/www.renouvelle.be\/wp-content\/uploads\/2025\/11\/AdobeStock_526165424-scaled-e1762339130278.jpeg\" \/>\n\t<meta property=\"og:image:width\" content=\"1843\" \/>\n\t<meta property=\"og:image:height\" content=\"1185\" \/>\n\t<meta property=\"og:image:type\" content=\"image\/jpeg\" \/>\n<meta name=\"author\" content=\"Laur\u00e9line Wattecamps\" \/>\n<meta name=\"twitter:card\" content=\"summary_large_image\" \/>\n<script type=\"application\/ld+json\" class=\"yoast-schema-graph\">{\"@context\":\"https:\\\/\\\/schema.org\",\"@graph\":[{\"@type\":\"Article\",\"@id\":\"https:\\\/\\\/www.renouvelle.be\\\/fr\\\/reapproprier-energie-grace-au-partage-electricite\\\/#article\",\"isPartOf\":{\"@id\":\"https:\\\/\\\/www.renouvelle.be\\\/fr\\\/reapproprier-energie-grace-au-partage-electricite\\\/\"},\"author\":{\"name\":\"Laur\u00e9line Wattecamps\",\"@id\":\"https:\\\/\\\/www.renouvelle.be\\\/fr\\\/#\\\/schema\\\/person\\\/b0875d84d82d563d1f6484ee8dab3c34\"},\"headline\":\"Se r\u00e9approprier l&rsquo;\u00e9nergie gr\u00e2ce au partage d&rsquo;\u00e9lectricit\u00e9\",\"datePublished\":\"2025-11-19T08:51:07+00:00\",\"dateModified\":\"2025-11-19T10:54:56+00:00\",\"mainEntityOfPage\":{\"@id\":\"https:\\\/\\\/www.renouvelle.be\\\/fr\\\/reapproprier-energie-grace-au-partage-electricite\\\/\"},\"wordCount\":648,\"image\":{\"@id\":\"https:\\\/\\\/www.renouvelle.be\\\/fr\\\/reapproprier-energie-grace-au-partage-electricite\\\/#primaryimage\"},\"thumbnailUrl\":\"https:\\\/\\\/www.renouvelle.be\\\/wp-content\\\/uploads\\\/2025\\\/11\\\/AdobeStock_526165424-scaled-e1762339130278.jpeg\",\"inLanguage\":\"fr-FR\"},{\"@type\":\"WebPage\",\"@id\":\"https:\\\/\\\/www.renouvelle.be\\\/fr\\\/reapproprier-energie-grace-au-partage-electricite\\\/\",\"url\":\"https:\\\/\\\/www.renouvelle.be\\\/fr\\\/reapproprier-energie-grace-au-partage-electricite\\\/\",\"name\":\"Se r\u00e9approprier l'\u00e9nergie gr\u00e2ce au partage d'\u00e9lectricit\u00e9 - Renouvelle\",\"isPartOf\":{\"@id\":\"https:\\\/\\\/www.renouvelle.be\\\/fr\\\/#website\"},\"primaryImageOfPage\":{\"@id\":\"https:\\\/\\\/www.renouvelle.be\\\/fr\\\/reapproprier-energie-grace-au-partage-electricite\\\/#primaryimage\"},\"image\":{\"@id\":\"https:\\\/\\\/www.renouvelle.be\\\/fr\\\/reapproprier-energie-grace-au-partage-electricite\\\/#primaryimage\"},\"thumbnailUrl\":\"https:\\\/\\\/www.renouvelle.be\\\/wp-content\\\/uploads\\\/2025\\\/11\\\/AdobeStock_526165424-scaled-e1762339130278.jpeg\",\"datePublished\":\"2025-11-19T08:51:07+00:00\",\"dateModified\":\"2025-11-19T10:54:56+00:00\",\"author\":{\"@id\":\"https:\\\/\\\/www.renouvelle.be\\\/fr\\\/#\\\/schema\\\/person\\\/b0875d84d82d563d1f6484ee8dab3c34\"},\"description\":\"On peut consommer bien des choses dites locales, mais saviez-vous que c'est aussi possible pour l'\u00e9nergie gr\u00e2ce au partage d'\u00e9lectricit\u00e9 ?\",\"breadcrumb\":{\"@id\":\"https:\\\/\\\/www.renouvelle.be\\\/fr\\\/reapproprier-energie-grace-au-partage-electricite\\\/#breadcrumb\"},\"inLanguage\":\"fr-FR\",\"potentialAction\":[{\"@type\":\"ReadAction\",\"target\":[\"https:\\\/\\\/www.renouvelle.be\\\/fr\\\/reapproprier-energie-grace-au-partage-electricite\\\/\"]}]},{\"@type\":\"ImageObject\",\"inLanguage\":\"fr-FR\",\"@id\":\"https:\\\/\\\/www.renouvelle.be\\\/fr\\\/reapproprier-energie-grace-au-partage-electricite\\\/#primaryimage\",\"url\":\"https:\\\/\\\/www.renouvelle.be\\\/wp-content\\\/uploads\\\/2025\\\/11\\\/AdobeStock_526165424-scaled-e1762339130278.jpeg\",\"contentUrl\":\"https:\\\/\\\/www.renouvelle.be\\\/wp-content\\\/uploads\\\/2025\\\/11\\\/AdobeStock_526165424-scaled-e1762339130278.jpeg\",\"width\":1843,\"height\":1185,\"caption\":\"partage \u00e9lectricit\u00e9\"},{\"@type\":\"BreadcrumbList\",\"@id\":\"https:\\\/\\\/www.renouvelle.be\\\/fr\\\/reapproprier-energie-grace-au-partage-electricite\\\/#breadcrumb\",\"itemListElement\":[{\"@type\":\"ListItem\",\"position\":1,\"name\":\"Accueil\",\"item\":\"https:\\\/\\\/www.renouvelle.be\\\/fr\\\/\"},{\"@type\":\"ListItem\",\"position\":2,\"name\":\"Se r\u00e9approprier l&rsquo;\u00e9nergie gr\u00e2ce au partage d&rsquo;\u00e9lectricit\u00e9\"}]},{\"@type\":\"WebSite\",\"@id\":\"https:\\\/\\\/www.renouvelle.be\\\/fr\\\/#website\",\"url\":\"https:\\\/\\\/www.renouvelle.be\\\/fr\\\/\",\"name\":\"Renouvelle\",\"description\":\"L&#039;actualit\u00e9 de l&#039;\u00e9nergie durable\",\"potentialAction\":[{\"@type\":\"SearchAction\",\"target\":{\"@type\":\"EntryPoint\",\"urlTemplate\":\"https:\\\/\\\/www.renouvelle.be\\\/fr\\\/?s={search_term_string}\"},\"query-input\":{\"@type\":\"PropertyValueSpecification\",\"valueRequired\":true,\"valueName\":\"search_term_string\"}}],\"inLanguage\":\"fr-FR\"},{\"@type\":\"Person\",\"@id\":\"https:\\\/\\\/www.renouvelle.be\\\/fr\\\/#\\\/schema\\\/person\\\/b0875d84d82d563d1f6484ee8dab3c34\",\"name\":\"Laur\u00e9line Wattecamps\",\"url\":\"https:\\\/\\\/www.renouvelle.be\\\/fr\\\/author\\\/laureline-wattecamps\\\/\"}]}<\/script>\n<!-- \/ Yoast SEO plugin. -->","yoast_head_json":{"title":"Se r\u00e9approprier l'\u00e9nergie gr\u00e2ce au partage d'\u00e9lectricit\u00e9 - Renouvelle","description":"On peut consommer bien des choses dites locales, mais saviez-vous que c'est aussi possible pour l'\u00e9nergie gr\u00e2ce au partage d'\u00e9lectricit\u00e9 ?","robots":{"index":"index","follow":"follow","max-snippet":"max-snippet:-1","max-image-preview":"max-image-preview:large","max-video-preview":"max-video-preview:-1"},"canonical":"https:\/\/www.renouvelle.be\/fr\/reapproprier-energie-grace-au-partage-electricite\/","og_locale":"fr_FR","og_type":"article","og_title":"Se r\u00e9approprier l'\u00e9nergie gr\u00e2ce au partage d'\u00e9lectricit\u00e9 - Renouvelle","og_description":"On peut consommer bien des choses dites locales, mais saviez-vous que c'est aussi possible pour l'\u00e9nergie gr\u00e2ce au partage d'\u00e9lectricit\u00e9 ?","og_url":"https:\/\/www.renouvelle.be\/fr\/reapproprier-energie-grace-au-partage-electricite\/","og_site_name":"Renouvelle","article_published_time":"2025-11-19T08:51:07+00:00","article_modified_time":"2025-11-19T10:54:56+00:00","og_image":[{"width":1843,"height":1185,"url":"https:\/\/www.renouvelle.be\/wp-content\/uploads\/2025\/11\/AdobeStock_526165424-scaled-e1762339130278.jpeg","type":"image\/jpeg"}],"author":"Laur\u00e9line Wattecamps","twitter_card":"summary_large_image","schema":{"@context":"https:\/\/schema.org","@graph":[{"@type":"Article","@id":"https:\/\/www.renouvelle.be\/fr\/reapproprier-energie-grace-au-partage-electricite\/#article","isPartOf":{"@id":"https:\/\/www.renouvelle.be\/fr\/reapproprier-energie-grace-au-partage-electricite\/"},"author":{"name":"Laur\u00e9line Wattecamps","@id":"https:\/\/www.renouvelle.be\/fr\/#\/schema\/person\/b0875d84d82d563d1f6484ee8dab3c34"},"headline":"Se r\u00e9approprier l&rsquo;\u00e9nergie gr\u00e2ce au partage d&rsquo;\u00e9lectricit\u00e9","datePublished":"2025-11-19T08:51:07+00:00","dateModified":"2025-11-19T10:54:56+00:00","mainEntityOfPage":{"@id":"https:\/\/www.renouvelle.be\/fr\/reapproprier-energie-grace-au-partage-electricite\/"},"wordCount":648,"image":{"@id":"https:\/\/www.renouvelle.be\/fr\/reapproprier-energie-grace-au-partage-electricite\/#primaryimage"},"thumbnailUrl":"https:\/\/www.renouvelle.be\/wp-content\/uploads\/2025\/11\/AdobeStock_526165424-scaled-e1762339130278.jpeg","inLanguage":"fr-FR"},{"@type":"WebPage","@id":"https:\/\/www.renouvelle.be\/fr\/reapproprier-energie-grace-au-partage-electricite\/","url":"https:\/\/www.renouvelle.be\/fr\/reapproprier-energie-grace-au-partage-electricite\/","name":"Se r\u00e9approprier l'\u00e9nergie gr\u00e2ce au partage d'\u00e9lectricit\u00e9 - Renouvelle","isPartOf":{"@id":"https:\/\/www.renouvelle.be\/fr\/#website"},"primaryImageOfPage":{"@id":"https:\/\/www.renouvelle.be\/fr\/reapproprier-energie-grace-au-partage-electricite\/#primaryimage"},"image":{"@id":"https:\/\/www.renouvelle.be\/fr\/reapproprier-energie-grace-au-partage-electricite\/#primaryimage"},"thumbnailUrl":"https:\/\/www.renouvelle.be\/wp-content\/uploads\/2025\/11\/AdobeStock_526165424-scaled-e1762339130278.jpeg","datePublished":"2025-11-19T08:51:07+00:00","dateModified":"2025-11-19T10:54:56+00:00","author":{"@id":"https:\/\/www.renouvelle.be\/fr\/#\/schema\/person\/b0875d84d82d563d1f6484ee8dab3c34"},"description":"On peut consommer bien des choses dites locales, mais saviez-vous que c'est aussi possible pour l'\u00e9nergie gr\u00e2ce au partage d'\u00e9lectricit\u00e9 ?","breadcrumb":{"@id":"https:\/\/www.renouvelle.be\/fr\/reapproprier-energie-grace-au-partage-electricite\/#breadcrumb"},"inLanguage":"fr-FR","potentialAction":[{"@type":"ReadAction","target":["https:\/\/www.renouvelle.be\/fr\/reapproprier-energie-grace-au-partage-electricite\/"]}]},{"@type":"ImageObject","inLanguage":"fr-FR","@id":"https:\/\/www.renouvelle.be\/fr\/reapproprier-energie-grace-au-partage-electricite\/#primaryimage","url":"https:\/\/www.renouvelle.be\/wp-content\/uploads\/2025\/11\/AdobeStock_526165424-scaled-e1762339130278.jpeg","contentUrl":"https:\/\/www.renouvelle.be\/wp-content\/uploads\/2025\/11\/AdobeStock_526165424-scaled-e1762339130278.jpeg","width":1843,"height":1185,"caption":"partage \u00e9lectricit\u00e9"},{"@type":"BreadcrumbList","@id":"https:\/\/www.renouvelle.be\/fr\/reapproprier-energie-grace-au-partage-electricite\/#breadcrumb","itemListElement":[{"@type":"ListItem","position":1,"name":"Accueil","item":"https:\/\/www.renouvelle.be\/fr\/"},{"@type":"ListItem","position":2,"name":"Se r\u00e9approprier l&rsquo;\u00e9nergie gr\u00e2ce au partage d&rsquo;\u00e9lectricit\u00e9"}]},{"@type":"WebSite","@id":"https:\/\/www.renouvelle.be\/fr\/#website","url":"https:\/\/www.renouvelle.be\/fr\/","name":"Renouvelle","description":"L&#039;actualit\u00e9 de l&#039;\u00e9nergie durable","potentialAction":[{"@type":"SearchAction","target":{"@type":"EntryPoint","urlTemplate":"https:\/\/www.renouvelle.be\/fr\/?s={search_term_string}"},"query-input":{"@type":"PropertyValueSpecification","valueRequired":true,"valueName":"search_term_string"}}],"inLanguage":"fr-FR"},{"@type":"Person","@id":"https:\/\/www.renouvelle.be\/fr\/#\/schema\/person\/b0875d84d82d563d1f6484ee8dab3c34","name":"Laur\u00e9line Wattecamps","url":"https:\/\/www.renouvelle.be\/fr\/author\/laureline-wattecamps\/"}]}},"_links":{"self":[{"href":"https:\/\/www.renouvelle.be\/fr\/wp-json\/wp\/v2\/posts\/15863","targetHints":{"allow":["GET"]}}],"collection":[{"href":"https:\/\/www.renouvelle.be\/fr\/wp-json\/wp\/v2\/posts"}],"about":[{"href":"https:\/\/www.renouvelle.be\/fr\/wp-json\/wp\/v2\/types\/post"}],"author":[{"embeddable":true,"href":"https:\/\/www.renouvelle.be\/fr\/wp-json\/wp\/v2\/users\/43"}],"replies":[{"embeddable":true,"href":"https:\/\/www.renouvelle.be\/fr\/wp-json\/wp\/v2\/comments?post=15863"}],"version-history":[{"count":10,"href":"https:\/\/www.renouvelle.be\/fr\/wp-json\/wp\/v2\/posts\/15863\/revisions"}],"predecessor-version":[{"id":16048,"href":"https:\/\/www.renouvelle.be\/fr\/wp-json\/wp\/v2\/posts\/15863\/revisions\/16048"}],"wp:featuredmedia":[{"embeddable":true,"href":"https:\/\/www.renouvelle.be\/fr\/wp-json\/wp\/v2\/media\/15925"}],"wp:attachment":[{"href":"https:\/\/www.renouvelle.be\/fr\/wp-json\/wp\/v2\/media?parent=15863"}],"wp:term":[{"taxonomy":"category","embeddable":true,"href":"https:\/\/www.renouvelle.be\/fr\/wp-json\/wp\/v2\/categories?post=15863"},{"taxonomy":"post_tag","embeddable":true,"href":"https:\/\/www.renouvelle.be\/fr\/wp-json\/wp\/v2\/tags?post=15863"},{"taxonomy":"section","embeddable":true,"href":"https:\/\/www.renouvelle.be\/fr\/wp-json\/wp\/v2\/section?post=15863"}],"curies":[{"name":"wp","href":"https:\/\/api.w.org\/{rel}","templated":true}]}}