{"id":15853,"date":"2025-10-30T12:12:30","date_gmt":"2025-10-30T11:12:30","guid":{"rendered":"https:\/\/www.renouvelle.be\/?p=15853"},"modified":"2025-10-30T12:12:33","modified_gmt":"2025-10-30T11:12:33","slug":"energies-renouvelables-capacite-mondiale-doubler-2030","status":"publish","type":"post","link":"https:\/\/www.renouvelle.be\/fr\/energies-renouvelables-capacite-mondiale-doubler-2030\/","title":{"rendered":"\u00c9nergies renouvelables : la capacit\u00e9 mondiale va doubler d\u2019ici 2030"},"content":{"rendered":"\n<p>De cette croissance, le solaire en repr\u00e9sentera 80%. Rien d\u2019\u00e9tonnant puisqu\u2019on le sait d\u00e9j\u00e0 maintenant, le d\u00e9ploiement du photovolta\u00efque a fortement acc\u00e9l\u00e9r\u00e9 ces derni\u00e8res ann\u00e9es. Les pr\u00e9visions ne font donc que confirmer la tendance et c\u2019est tant mieux pour la transition \u00e9nerg\u00e9tique. 80%, c\u2019est aussi le taux de pays \u00e0 travers le monde dont la capacit\u00e9 de production d\u2019\u00e9nergie renouvelable devrait bien plus s\u2019acc\u00e9l\u00e9rer entre 2025 et 2030 par rapport au rythme observ\u00e9 des 5 derni\u00e8res ann\u00e9es.<\/p>\n\n\n\n<p>Dans le d\u00e9tail, m\u00eame si l\u2019avenir peut compter sur une \u00e9volution positive pour la production renouvelable, toutes les \u00e9nergies ne seront pas log\u00e9es \u00e0 la m\u00eame enseigne. Pour ce qui est du solaire, par exemple, on sait que sa capacit\u00e9 de production devrait plus que doubler au cours des 5 prochaines ann\u00e9es et rester en t\u00eate de file. Cela s\u2019explique par des co\u00fbts plus faibles, l\u2019acc\u00e9l\u00e9ration des autorisations mais aussi une acceptation sociale plus large de cette technologie.<\/p>\n\n\n\n<p>Autant d\u2019\u00e9l\u00e9ments dont les projets \u00e9oliens ne profiteront malheureusement pas mais leur capacit\u00e9 devrait malgr\u00e9 tout doubler et atteindre 2000 GW. L\u2019hydro\u00e9lectricit\u00e9 devrait repr\u00e9senter quant \u00e0 elle 3% du total de la nouvelle capacit\u00e9 globale, et notamment gr\u00e2ce \u00e0 une croissance plus importante des centrales de stockage par pompage. La g\u00e9othermie atteindrait, d\u2019ici 2030, un niveau sans pr\u00e9c\u00e9dent triplant la hausse de 2024.<\/p>\n\n\n<div class=\"wp-block-image\">\n<figure class=\"aligncenter size-large is-resized\"><img loading=\"lazy\" decoding=\"async\" width=\"1024\" height=\"853\" src=\"https:\/\/www.renouvelle.be\/wp-content\/uploads\/2025\/10\/renewable-electricity-capacity-growth-by-technology-segment-and-solar-pv-share-main-case-2013-2030-1024x853.png\" alt=\"\u00e9nergies renouvelables 2030\" class=\"wp-image-15856\" style=\"width:656px;height:auto\" srcset=\"https:\/\/www.renouvelle.be\/wp-content\/uploads\/2025\/10\/renewable-electricity-capacity-growth-by-technology-segment-and-solar-pv-share-main-case-2013-2030-1024x853.png 1024w, https:\/\/www.renouvelle.be\/wp-content\/uploads\/2025\/10\/renewable-electricity-capacity-growth-by-technology-segment-and-solar-pv-share-main-case-2013-2030-300x250.png 300w, https:\/\/www.renouvelle.be\/wp-content\/uploads\/2025\/10\/renewable-electricity-capacity-growth-by-technology-segment-and-solar-pv-share-main-case-2013-2030-768x640.png 768w, https:\/\/www.renouvelle.be\/wp-content\/uploads\/2025\/10\/renewable-electricity-capacity-growth-by-technology-segment-and-solar-pv-share-main-case-2013-2030.png 1200w\" sizes=\"auto, (max-width: 1024px) 100vw, 1024px\" \/><figcaption class=\"wp-element-caption\">Croissance de la capacit\u00e9 de production d&rsquo;\u00e9lectricit\u00e9 renouvelable par segment technologique et part du solaire photovolta\u00efque, sc\u00e9nario principal, 2013-2030. Source : AIE<\/figcaption><\/figure>\n<\/div>\n\n\n<p>Cependant, il faut souligner que ces estimations ont \u00e9t\u00e9 revues \u00e0 la baisse de 5% par rapport \u00e0 celles projet\u00e9es, l\u2019ann\u00e9e pass\u00e9e. Pour les \u00c9tats-Unis elles ont \u00e9t\u00e9 r\u00e9duites de moiti\u00e9 refl\u00e9tant les nombreux changements de politiques anti-renouvelables, tandis que la Chine continue de repr\u00e9senter 60% de l\u2019augmentation globale et est en voie d\u2019atteindre ses objectifs de 2035\u20265 ans avant \u00e9ch\u00e9ance, et ce malgr\u00e9 diminution des estimations \u00e9galement.<\/p>\n\n\n\n<p>La situation semble plus positive pour l\u2019Inde en passe de devenir le deuxi\u00e8me plus grand march\u00e9 en termes de croissance des renouvelables et dont la capacit\u00e9 augmentera de 2,5 fois d\u2019ici la fin de la d\u00e9cennie. En Europe, la hausse a \u00e9t\u00e9 r\u00e9\u00e9valu\u00e9e positivement gr\u00e2ce \u00e0 un d\u00e9ploiement important du solaire, tout comme l\u2019Arabie Saoudite ou encore en Asie du Sud-Est.<\/p>\n\n\n\n<p>A l\u2019\u00e9chelle mondiale, la capacit\u00e9 des \u00e9nergies renouvelables devrait atteindre 2,6 fois le niveau de 2022 mais rester en-de\u00e7\u00e0 de l\u2019engagement de leur triplement pris lors de la COP28. Un objectif encore atteignable \u00e0 condition de porter des politiques plus ambitieuses mais comme souvent, cela est un peu plus facile \u00e0 dire qu\u2019\u00e0 faire.<\/p>\n\n\n\n<p>En effet, m\u00eame si la demande est forte tout comme la croissance des installations mondiales, les fabricants de panneaux solaires et d&rsquo;\u00e9oliennes rencontrent des difficult\u00e9s financi\u00e8res, avec des pertes importantes. En <a href=\"https:\/\/www.renouvelle.be\/fr\/le-solaire-chinois-aveugle-industrie-photovoltaique-europeenne\/\" target=\"_blank\" rel=\"noreferrer noopener\">Chine<\/a>, les prix des panneaux solaires ont chut\u00e9 de plus de 60 %, inondant le march\u00e9 europ\u00e9en, par exemple, mettant les fabricants sous pression. N\u00e9anmoins, les d\u00e9veloppeurs d&rsquo;\u00e9nergies renouvelables ont maintenu ou augment\u00e9 leurs objectifs de d\u00e9ploiement pour 2030, soutenus par une baisse g\u00e9n\u00e9rale des co\u00fbts du solaire et par des contrats \u00e0 long terme avec les entreprises et les services publics.<\/p>\n\n\n\n<p>Mais les cha\u00eenes d&rsquo;approvisionnement restent largement domin\u00e9es par la Chine, et ce ne sont pas les seules infrastructures vendues par cette derni\u00e8re qui posent probl\u00e8me. Des risques pour la s\u00e9curit\u00e9 \u00e9manent \u00e9galement pour l\u2019approvisionnement des mat\u00e9riaux, notamment pour les \u00e9l\u00e9ments rares n\u00e9cessaires aux \u00e9oliennes. Et m\u00eame si les efforts de diversification se multiplient, cette situation devrait durer jusqu&rsquo;en 2030. Parall\u00e8lement, la croissance rapide de l&rsquo;\u00e9olien et du solaire modifie les march\u00e9s de l&rsquo;\u00e9lectricit\u00e9, notamment en ce qui concerne la gestion de la variabilit\u00e9 de leur production. Cela n\u00e9cessitera davantage de flexibilit\u00e9 dans les r\u00e9seaux \u00e9lectriques, comme l&rsquo;int\u00e9gration du stockage d&rsquo;\u00e9nergie et des solutions intelligentes.<\/p>\n\n\n\n<p>M\u00eame s\u2019il reste encore du chemin \u00e0 parcourir, le d\u00e9ploiement des \u00e9nergies renouvelables a d\u00e9j\u00e0 permis \u00e0 de nombreux pays de r\u00e9duire leurs importations de combustibles fossiles, \u00e9conomisant ainsi des milliards de dollars et renfor\u00e7ant leur s\u00e9curit\u00e9 \u00e9nerg\u00e9tique. Depuis 2010, environ 2 500 GW d&rsquo;\u00e9nergie renouvelable ont \u00e9t\u00e9 install\u00e9s, r\u00e9duisant peu \u00e0 peu la d\u00e9pendance au charbon et au gaz naturel comme on a pu le voir avec la <a href=\"https:\/\/www.renouvelle.be\/fr\/en-finlande-le-charbon-est-deja-presque-du-passe\/\">Finlande<\/a>, par exemple.<\/p>\n\n\n\n<p>Et avec des temp\u00e9ratures qui se rafra\u00eechissent en cette saison, n\u2019oublions pas le secteur de la chaleur o\u00f9 le renouvelable devrait passer de 14 % \u00e0 18 % de la demande mondiale d&rsquo;ici 2030. Le rapport complet de l\u2019Agence internationale de l\u2019\u00e9nergie est \u00e0 lire sur <a href=\"https:\/\/www.iea.org\/reports\/renewables-2025\" target=\"_blank\" rel=\"noreferrer noopener\">ce lien<\/a>.<\/p>\n","protected":false},"excerpt":{"rendered":"<p>De cette croissance, le solaire en repr\u00e9sentera 80%. Rien d\u2019\u00e9tonnant puisqu\u2019on le sait d\u00e9j\u00e0 maintenant, le d\u00e9ploiement du photovolta\u00efque a fortement acc\u00e9l\u00e9r\u00e9 ces derni\u00e8res ann\u00e9es. Les pr\u00e9visions ne font donc que confirmer la tendance et c\u2019est tant mieux pour la transition \u00e9nerg\u00e9tique. 80%, c\u2019est aussi le taux de pays \u00e0 travers le monde dont la capacit\u00e9 de production d\u2019\u00e9nergie renouvelable devrait bien plus s\u2019acc\u00e9l\u00e9rer entre 2025 et 2030 par rapport au rythme observ\u00e9 des 5 derni\u00e8res ann\u00e9es. Dans le d\u00e9tail, m\u00eame si l\u2019avenir peut compter sur une \u00e9volution positive pour la production renouvelable, toutes les \u00e9nergies ne seront pas log\u00e9es \u00e0 la m\u00eame enseigne. Pour ce qui est du solaire, par exemple, on sait que sa capacit\u00e9 de production devrait plus que doubler au cours des 5 prochaines ann\u00e9es et rester en t\u00eate de file. Cela s\u2019explique par des co\u00fbts plus faibles, l\u2019acc\u00e9l\u00e9ration des autorisations mais aussi une acceptation sociale plus large de cette technologie. Autant d\u2019\u00e9l\u00e9ments dont les projets \u00e9oliens ne profiteront malheureusement pas mais leur capacit\u00e9 devrait malgr\u00e9 tout doubler et atteindre 2000 GW. L\u2019hydro\u00e9lectricit\u00e9 devrait repr\u00e9senter quant \u00e0 elle 3% du total de la nouvelle capacit\u00e9 globale, et notamment gr\u00e2ce \u00e0 une croissance plus importante des centrales de stockage par pompage. La g\u00e9othermie atteindrait, d\u2019ici 2030, un niveau sans pr\u00e9c\u00e9dent triplant la hausse de 2024. Cependant, il faut souligner que ces estimations ont \u00e9t\u00e9 revues \u00e0 la baisse de 5% par rapport \u00e0 celles projet\u00e9es, l\u2019ann\u00e9e pass\u00e9e. Pour les \u00c9tats-Unis elles ont \u00e9t\u00e9 r\u00e9duites de moiti\u00e9 refl\u00e9tant les nombreux changements de politiques anti-renouvelables, tandis que la Chine continue de repr\u00e9senter 60% de l\u2019augmentation globale et est en voie d\u2019atteindre ses objectifs de 2035\u20265 ans avant \u00e9ch\u00e9ance, et ce malgr\u00e9 diminution des estimations \u00e9galement. La situation semble plus &hellip; <a href=\"https:\/\/www.renouvelle.be\/fr\/energies-renouvelables-capacite-mondiale-doubler-2030\/\" class=\"more-link\">Continue reading<span class=\"screen-reader-text\"> \u00ab\u00a0\u00c9nergies renouvelables : la capacit\u00e9 mondiale va doubler d\u2019ici 2030\u00a0\u00bb<\/span><\/a><\/p>\n","protected":false},"author":38,"featured_media":15861,"comment_status":"closed","ping_status":"closed","sticky":false,"template":"","format":"standard","meta":{"_acf_changed":false,"footnotes":""},"categories":[16,18],"tags":[],"section":[8,13,6],"class_list":["post-15853","post","type-post","status-publish","format-standard","has-post-thumbnail","hentry","category-actualite","category-actualite-internationale","section-energie-renouvelables","section-solaire","section-eolien"],"acf":[],"yoast_head":"<!-- This site is optimized with the Yoast SEO plugin v27.5 - https:\/\/yoast.com\/product\/yoast-seo-wordpress\/ -->\n<title>\u00c9nergies renouvelables : la capacit\u00e9 mondiale va doubler d\u2019ici 2030 - Renouvelle<\/title>\n<meta name=\"description\" content=\"Selon l\u2019AIE, la capacit\u00e9 mondiale d\u2019\u00e9nergies renouvelables devrait doubler d\u2019ici 2030, port\u00e9e \u00e0 80 % par le solaire.\" \/>\n<meta name=\"robots\" content=\"index, follow, max-snippet:-1, max-image-preview:large, max-video-preview:-1\" \/>\n<link rel=\"canonical\" href=\"https:\/\/www.renouvelle.be\/fr\/energies-renouvelables-capacite-mondiale-doubler-2030\/\" \/>\n<meta property=\"og:locale\" content=\"fr_FR\" \/>\n<meta property=\"og:type\" content=\"article\" \/>\n<meta property=\"og:title\" content=\"\u00c9nergies renouvelables : la capacit\u00e9 mondiale va doubler d\u2019ici 2030 - Renouvelle\" \/>\n<meta property=\"og:description\" content=\"Selon l\u2019AIE, la capacit\u00e9 mondiale d\u2019\u00e9nergies renouvelables devrait doubler d\u2019ici 2030, port\u00e9e \u00e0 80 % par le solaire.\" \/>\n<meta property=\"og:url\" content=\"https:\/\/www.renouvelle.be\/fr\/energies-renouvelables-capacite-mondiale-doubler-2030\/\" \/>\n<meta property=\"og:site_name\" content=\"Renouvelle\" \/>\n<meta property=\"article:published_time\" content=\"2025-10-30T11:12:30+00:00\" \/>\n<meta property=\"article:modified_time\" content=\"2025-10-30T11:12:33+00:00\" \/>\n<meta property=\"og:image\" content=\"https:\/\/www.renouvelle.be\/wp-content\/uploads\/2025\/10\/AdobeStock_244895160-scaled.jpeg\" \/>\n\t<meta property=\"og:image:width\" content=\"2560\" \/>\n\t<meta property=\"og:image:height\" content=\"1534\" \/>\n\t<meta property=\"og:image:type\" content=\"image\/jpeg\" \/>\n<meta name=\"author\" content=\"Samuel Alves\" \/>\n<meta name=\"twitter:card\" content=\"summary_large_image\" \/>\n<script type=\"application\/ld+json\" class=\"yoast-schema-graph\">{\"@context\":\"https:\\\/\\\/schema.org\",\"@graph\":[{\"@type\":\"Article\",\"@id\":\"https:\\\/\\\/www.renouvelle.be\\\/fr\\\/energies-renouvelables-capacite-mondiale-doubler-2030\\\/#article\",\"isPartOf\":{\"@id\":\"https:\\\/\\\/www.renouvelle.be\\\/fr\\\/energies-renouvelables-capacite-mondiale-doubler-2030\\\/\"},\"author\":{\"name\":\"Samuel Alves\",\"@id\":\"https:\\\/\\\/www.renouvelle.be\\\/fr\\\/#\\\/schema\\\/person\\\/9d743366fb269eeceaa8d60e98d289d3\"},\"headline\":\"\u00c9nergies renouvelables : la capacit\u00e9 mondiale va doubler d\u2019ici 2030\",\"datePublished\":\"2025-10-30T11:12:30+00:00\",\"dateModified\":\"2025-10-30T11:12:33+00:00\",\"mainEntityOfPage\":{\"@id\":\"https:\\\/\\\/www.renouvelle.be\\\/fr\\\/energies-renouvelables-capacite-mondiale-doubler-2030\\\/\"},\"wordCount\":822,\"image\":{\"@id\":\"https:\\\/\\\/www.renouvelle.be\\\/fr\\\/energies-renouvelables-capacite-mondiale-doubler-2030\\\/#primaryimage\"},\"thumbnailUrl\":\"https:\\\/\\\/www.renouvelle.be\\\/wp-content\\\/uploads\\\/2025\\\/10\\\/AdobeStock_244895160-scaled.jpeg\",\"articleSection\":[\"Actualit\u00e9\",\"Actualit\u00e9 internationale\"],\"inLanguage\":\"fr-FR\"},{\"@type\":\"WebPage\",\"@id\":\"https:\\\/\\\/www.renouvelle.be\\\/fr\\\/energies-renouvelables-capacite-mondiale-doubler-2030\\\/\",\"url\":\"https:\\\/\\\/www.renouvelle.be\\\/fr\\\/energies-renouvelables-capacite-mondiale-doubler-2030\\\/\",\"name\":\"\u00c9nergies renouvelables : la capacit\u00e9 mondiale va doubler d\u2019ici 2030 - Renouvelle\",\"isPartOf\":{\"@id\":\"https:\\\/\\\/www.renouvelle.be\\\/fr\\\/#website\"},\"primaryImageOfPage\":{\"@id\":\"https:\\\/\\\/www.renouvelle.be\\\/fr\\\/energies-renouvelables-capacite-mondiale-doubler-2030\\\/#primaryimage\"},\"image\":{\"@id\":\"https:\\\/\\\/www.renouvelle.be\\\/fr\\\/energies-renouvelables-capacite-mondiale-doubler-2030\\\/#primaryimage\"},\"thumbnailUrl\":\"https:\\\/\\\/www.renouvelle.be\\\/wp-content\\\/uploads\\\/2025\\\/10\\\/AdobeStock_244895160-scaled.jpeg\",\"datePublished\":\"2025-10-30T11:12:30+00:00\",\"dateModified\":\"2025-10-30T11:12:33+00:00\",\"author\":{\"@id\":\"https:\\\/\\\/www.renouvelle.be\\\/fr\\\/#\\\/schema\\\/person\\\/9d743366fb269eeceaa8d60e98d289d3\"},\"description\":\"Selon l\u2019AIE, la capacit\u00e9 mondiale d\u2019\u00e9nergies renouvelables devrait doubler d\u2019ici 2030, port\u00e9e \u00e0 80 % par le solaire.\",\"breadcrumb\":{\"@id\":\"https:\\\/\\\/www.renouvelle.be\\\/fr\\\/energies-renouvelables-capacite-mondiale-doubler-2030\\\/#breadcrumb\"},\"inLanguage\":\"fr-FR\",\"potentialAction\":[{\"@type\":\"ReadAction\",\"target\":[\"https:\\\/\\\/www.renouvelle.be\\\/fr\\\/energies-renouvelables-capacite-mondiale-doubler-2030\\\/\"]}]},{\"@type\":\"ImageObject\",\"inLanguage\":\"fr-FR\",\"@id\":\"https:\\\/\\\/www.renouvelle.be\\\/fr\\\/energies-renouvelables-capacite-mondiale-doubler-2030\\\/#primaryimage\",\"url\":\"https:\\\/\\\/www.renouvelle.be\\\/wp-content\\\/uploads\\\/2025\\\/10\\\/AdobeStock_244895160-scaled.jpeg\",\"contentUrl\":\"https:\\\/\\\/www.renouvelle.be\\\/wp-content\\\/uploads\\\/2025\\\/10\\\/AdobeStock_244895160-scaled.jpeg\",\"width\":2560,\"height\":1534,\"caption\":\"\u00e9nergies renouvelables 2030\"},{\"@type\":\"BreadcrumbList\",\"@id\":\"https:\\\/\\\/www.renouvelle.be\\\/fr\\\/energies-renouvelables-capacite-mondiale-doubler-2030\\\/#breadcrumb\",\"itemListElement\":[{\"@type\":\"ListItem\",\"position\":1,\"name\":\"Accueil\",\"item\":\"https:\\\/\\\/www.renouvelle.be\\\/fr\\\/\"},{\"@type\":\"ListItem\",\"position\":2,\"name\":\"\u00c9nergies renouvelables : la capacit\u00e9 mondiale va doubler d\u2019ici 2030\"}]},{\"@type\":\"WebSite\",\"@id\":\"https:\\\/\\\/www.renouvelle.be\\\/fr\\\/#website\",\"url\":\"https:\\\/\\\/www.renouvelle.be\\\/fr\\\/\",\"name\":\"Renouvelle\",\"description\":\"L&#039;actualit\u00e9 de l&#039;\u00e9nergie durable\",\"potentialAction\":[{\"@type\":\"SearchAction\",\"target\":{\"@type\":\"EntryPoint\",\"urlTemplate\":\"https:\\\/\\\/www.renouvelle.be\\\/fr\\\/?s={search_term_string}\"},\"query-input\":{\"@type\":\"PropertyValueSpecification\",\"valueRequired\":true,\"valueName\":\"search_term_string\"}}],\"inLanguage\":\"fr-FR\"},{\"@type\":\"Person\",\"@id\":\"https:\\\/\\\/www.renouvelle.be\\\/fr\\\/#\\\/schema\\\/person\\\/9d743366fb269eeceaa8d60e98d289d3\",\"name\":\"Samuel Alves\",\"url\":\"https:\\\/\\\/www.renouvelle.be\\\/fr\\\/author\\\/salves\\\/\"}]}<\/script>\n<!-- \/ Yoast SEO plugin. -->","yoast_head_json":{"title":"\u00c9nergies renouvelables : la capacit\u00e9 mondiale va doubler d\u2019ici 2030 - Renouvelle","description":"Selon l\u2019AIE, la capacit\u00e9 mondiale d\u2019\u00e9nergies renouvelables devrait doubler d\u2019ici 2030, port\u00e9e \u00e0 80 % par le solaire.","robots":{"index":"index","follow":"follow","max-snippet":"max-snippet:-1","max-image-preview":"max-image-preview:large","max-video-preview":"max-video-preview:-1"},"canonical":"https:\/\/www.renouvelle.be\/fr\/energies-renouvelables-capacite-mondiale-doubler-2030\/","og_locale":"fr_FR","og_type":"article","og_title":"\u00c9nergies renouvelables : la capacit\u00e9 mondiale va doubler d\u2019ici 2030 - Renouvelle","og_description":"Selon l\u2019AIE, la capacit\u00e9 mondiale d\u2019\u00e9nergies renouvelables devrait doubler d\u2019ici 2030, port\u00e9e \u00e0 80 % par le solaire.","og_url":"https:\/\/www.renouvelle.be\/fr\/energies-renouvelables-capacite-mondiale-doubler-2030\/","og_site_name":"Renouvelle","article_published_time":"2025-10-30T11:12:30+00:00","article_modified_time":"2025-10-30T11:12:33+00:00","og_image":[{"width":2560,"height":1534,"url":"https:\/\/www.renouvelle.be\/wp-content\/uploads\/2025\/10\/AdobeStock_244895160-scaled.jpeg","type":"image\/jpeg"}],"author":"Samuel Alves","twitter_card":"summary_large_image","schema":{"@context":"https:\/\/schema.org","@graph":[{"@type":"Article","@id":"https:\/\/www.renouvelle.be\/fr\/energies-renouvelables-capacite-mondiale-doubler-2030\/#article","isPartOf":{"@id":"https:\/\/www.renouvelle.be\/fr\/energies-renouvelables-capacite-mondiale-doubler-2030\/"},"author":{"name":"Samuel Alves","@id":"https:\/\/www.renouvelle.be\/fr\/#\/schema\/person\/9d743366fb269eeceaa8d60e98d289d3"},"headline":"\u00c9nergies renouvelables : la capacit\u00e9 mondiale va doubler d\u2019ici 2030","datePublished":"2025-10-30T11:12:30+00:00","dateModified":"2025-10-30T11:12:33+00:00","mainEntityOfPage":{"@id":"https:\/\/www.renouvelle.be\/fr\/energies-renouvelables-capacite-mondiale-doubler-2030\/"},"wordCount":822,"image":{"@id":"https:\/\/www.renouvelle.be\/fr\/energies-renouvelables-capacite-mondiale-doubler-2030\/#primaryimage"},"thumbnailUrl":"https:\/\/www.renouvelle.be\/wp-content\/uploads\/2025\/10\/AdobeStock_244895160-scaled.jpeg","articleSection":["Actualit\u00e9","Actualit\u00e9 internationale"],"inLanguage":"fr-FR"},{"@type":"WebPage","@id":"https:\/\/www.renouvelle.be\/fr\/energies-renouvelables-capacite-mondiale-doubler-2030\/","url":"https:\/\/www.renouvelle.be\/fr\/energies-renouvelables-capacite-mondiale-doubler-2030\/","name":"\u00c9nergies renouvelables : la capacit\u00e9 mondiale va doubler d\u2019ici 2030 - Renouvelle","isPartOf":{"@id":"https:\/\/www.renouvelle.be\/fr\/#website"},"primaryImageOfPage":{"@id":"https:\/\/www.renouvelle.be\/fr\/energies-renouvelables-capacite-mondiale-doubler-2030\/#primaryimage"},"image":{"@id":"https:\/\/www.renouvelle.be\/fr\/energies-renouvelables-capacite-mondiale-doubler-2030\/#primaryimage"},"thumbnailUrl":"https:\/\/www.renouvelle.be\/wp-content\/uploads\/2025\/10\/AdobeStock_244895160-scaled.jpeg","datePublished":"2025-10-30T11:12:30+00:00","dateModified":"2025-10-30T11:12:33+00:00","author":{"@id":"https:\/\/www.renouvelle.be\/fr\/#\/schema\/person\/9d743366fb269eeceaa8d60e98d289d3"},"description":"Selon l\u2019AIE, la capacit\u00e9 mondiale d\u2019\u00e9nergies renouvelables devrait doubler d\u2019ici 2030, port\u00e9e \u00e0 80 % par le solaire.","breadcrumb":{"@id":"https:\/\/www.renouvelle.be\/fr\/energies-renouvelables-capacite-mondiale-doubler-2030\/#breadcrumb"},"inLanguage":"fr-FR","potentialAction":[{"@type":"ReadAction","target":["https:\/\/www.renouvelle.be\/fr\/energies-renouvelables-capacite-mondiale-doubler-2030\/"]}]},{"@type":"ImageObject","inLanguage":"fr-FR","@id":"https:\/\/www.renouvelle.be\/fr\/energies-renouvelables-capacite-mondiale-doubler-2030\/#primaryimage","url":"https:\/\/www.renouvelle.be\/wp-content\/uploads\/2025\/10\/AdobeStock_244895160-scaled.jpeg","contentUrl":"https:\/\/www.renouvelle.be\/wp-content\/uploads\/2025\/10\/AdobeStock_244895160-scaled.jpeg","width":2560,"height":1534,"caption":"\u00e9nergies renouvelables 2030"},{"@type":"BreadcrumbList","@id":"https:\/\/www.renouvelle.be\/fr\/energies-renouvelables-capacite-mondiale-doubler-2030\/#breadcrumb","itemListElement":[{"@type":"ListItem","position":1,"name":"Accueil","item":"https:\/\/www.renouvelle.be\/fr\/"},{"@type":"ListItem","position":2,"name":"\u00c9nergies renouvelables : la capacit\u00e9 mondiale va doubler d\u2019ici 2030"}]},{"@type":"WebSite","@id":"https:\/\/www.renouvelle.be\/fr\/#website","url":"https:\/\/www.renouvelle.be\/fr\/","name":"Renouvelle","description":"L&#039;actualit\u00e9 de l&#039;\u00e9nergie durable","potentialAction":[{"@type":"SearchAction","target":{"@type":"EntryPoint","urlTemplate":"https:\/\/www.renouvelle.be\/fr\/?s={search_term_string}"},"query-input":{"@type":"PropertyValueSpecification","valueRequired":true,"valueName":"search_term_string"}}],"inLanguage":"fr-FR"},{"@type":"Person","@id":"https:\/\/www.renouvelle.be\/fr\/#\/schema\/person\/9d743366fb269eeceaa8d60e98d289d3","name":"Samuel Alves","url":"https:\/\/www.renouvelle.be\/fr\/author\/salves\/"}]}},"_links":{"self":[{"href":"https:\/\/www.renouvelle.be\/fr\/wp-json\/wp\/v2\/posts\/15853","targetHints":{"allow":["GET"]}}],"collection":[{"href":"https:\/\/www.renouvelle.be\/fr\/wp-json\/wp\/v2\/posts"}],"about":[{"href":"https:\/\/www.renouvelle.be\/fr\/wp-json\/wp\/v2\/types\/post"}],"author":[{"embeddable":true,"href":"https:\/\/www.renouvelle.be\/fr\/wp-json\/wp\/v2\/users\/38"}],"replies":[{"embeddable":true,"href":"https:\/\/www.renouvelle.be\/fr\/wp-json\/wp\/v2\/comments?post=15853"}],"version-history":[{"count":6,"href":"https:\/\/www.renouvelle.be\/fr\/wp-json\/wp\/v2\/posts\/15853\/revisions"}],"predecessor-version":[{"id":15878,"href":"https:\/\/www.renouvelle.be\/fr\/wp-json\/wp\/v2\/posts\/15853\/revisions\/15878"}],"wp:featuredmedia":[{"embeddable":true,"href":"https:\/\/www.renouvelle.be\/fr\/wp-json\/wp\/v2\/media\/15861"}],"wp:attachment":[{"href":"https:\/\/www.renouvelle.be\/fr\/wp-json\/wp\/v2\/media?parent=15853"}],"wp:term":[{"taxonomy":"category","embeddable":true,"href":"https:\/\/www.renouvelle.be\/fr\/wp-json\/wp\/v2\/categories?post=15853"},{"taxonomy":"post_tag","embeddable":true,"href":"https:\/\/www.renouvelle.be\/fr\/wp-json\/wp\/v2\/tags?post=15853"},{"taxonomy":"section","embeddable":true,"href":"https:\/\/www.renouvelle.be\/fr\/wp-json\/wp\/v2\/section?post=15853"}],"curies":[{"name":"wp","href":"https:\/\/api.w.org\/{rel}","templated":true}]}}