{"id":15842,"date":"2025-11-04T09:04:15","date_gmt":"2025-11-04T08:04:15","guid":{"rendered":"https:\/\/www.renouvelle.be\/?p=15842"},"modified":"2025-11-13T11:55:20","modified_gmt":"2025-11-13T10:55:20","slug":"vehicules-electriques-moins-chers-usage-au-final","status":"publish","type":"post","link":"https:\/\/www.renouvelle.be\/fr\/vehicules-electriques-moins-chers-usage-au-final\/","title":{"rendered":"Les v\u00e9hicules \u00e9lectriques : moins chers \u00e0 l&rsquo;usage au final ?"},"content":{"rendered":"\n<p>En effet, m\u00eame si leur part du parc automobile ne repr\u00e9sentait encore que 6.4% au 1<sup>er<\/sup> ao\u00fbt 2025, leur nombre a bondi de <a href=\"https:\/\/statbel.fgov.be\/fr\/themes\/mobilite\/circulation\/parc-de-vehicules\" target=\"_blank\" rel=\"noreferrer noopener\">55.4%<\/a> de 2024 \u00e0 2025 et, pour la premi\u00e8re fois en Belgique, le \u00ab&nbsp;carburant&nbsp;\u00bb \u00e9lectrique est le premier choix pour les nouveaux v\u00e9hicules, en 2025 (devant l\u2019essence, puis l\u2019hybride et enfin le diesel).<\/p>\n\n\n\n<p>On entend souvent qu\u2019un v\u00e9hicule \u00e9lectrique permet d\u2019associer le confort de la charge \u00e0 domicile (par opposition au passage \u00e0 la pompe \u00e0 essence) \u00e0 un prix au kilom\u00e8tre moins \u00e9lev\u00e9 qu\u2019un v\u00e9hicule thermique. Mais l\u2019argument du prix est-il toujours vrai quand on ne dispose pas de garage ou d\u2019all\u00e9e pour recharger \u00e0 la maison, ou de borne de recharge \u00e0 prix avantageux au bureau&nbsp;?<\/p>\n\n\n\n<p><strong>Analyse<\/strong><\/p>\n\n\n\n<p>Une \u00e9tude de co\u00fbts peut \u00eatre r\u00e9alis\u00e9e en comparant plusieurs sc\u00e9narios&nbsp;: un v\u00e9hicule \u00e9lectrique b\u00e9n\u00e9ficiant de la recharge \u00e0 domicile, un v\u00e9hicule \u00e9lectrique recharg\u00e9 via des bornes publiques, et un v\u00e9hicule \u00e0 essence classique.<\/p>\n\n\n\n<p>Le premier v\u00e9hicule consid\u00e9r\u00e9 sera la Renault Zo\u00e9, repr\u00e9sentative d\u2019une voiture citadine abordable, et dont la comparaison avec son \u00e9quivalent thermique (Renault Clio) est ais\u00e9e.<\/p>\n\n\n\n<p>Les v\u00e9hicules plus imposants et couteux, fort pouss\u00e9s par l\u2019industrie automobile, seront \u00e9galement \u00e9tudi\u00e9s via le couple BMW iX3 (100% \u00e9lectrique) et BMW X3 M50 (essence et \u00ab&nbsp;hybride l\u00e9ger&nbsp;\u00bb).<\/p>\n\n\n\n<p>Deux profils de conduite seront analys\u00e9s. Premi\u00e8rement, un profil \u00e0 kilom\u00e9trage \u00e9lev\u00e9, qui r\u00e9alise 5 jours par semaine un trajet <a href=\"https:\/\/www.sdworx.be\/fr-be\/propos-de-sd-worx\/presse\/les-belges-champions-deurope-en-distance-et-temps-de-trajet-domicile\" target=\"_blank\" rel=\"noreferrer noopener\">domicile-travail<\/a> de 40 km et 200 km chaque weekend, pour un total de 20.800 km par an. Deuxi\u00e8mement, un profil \u00e0 kilom\u00e9trage plus faible, ne r\u00e9alisant le trajet domicile-travail que 2 fois par semaine en voiture, et parcourant 50 km chaque weekend, pour un total de 6760 km par an.<\/p>\n\n\n\n<p><strong>Charge rapide&nbsp;?<\/strong><\/p>\n\n\n\n<p>M\u00eame pour un profil \u00e0 kilom\u00e9trage \u00e9lev\u00e9, la charge rapide n\u2019est pas indispensable pour obtenir une capacit\u00e9 de charge suffisante pour r\u00e9aliser les d\u00e9placements. Les bornes de recharge classiques, offrant des puissances de charge de 7, 11 ou 22 kW, permettent amplement d\u2019obtenir l\u2019autonomie n\u00e9cessaire en laissant son v\u00e9hicule en charge quelques heures en journ\u00e9e ou en soir\u00e9e. Les tarifs au kWh varient g\u00e9n\u00e9ralement en Belgique entre 0.3 \u20ac\/kWh et 0.7 \u20ac\/kWh. Le prix moyen de 0.5 \u20ac\/kWh sera consid\u00e9r\u00e9.<\/p>\n\n\n\n<p>Dans le cas de la recharge \u00e0 domicile sans borne (recharge via une prise classique), la puissance est limit\u00e9e \u00e0 2 kW. Cela implique qu\u2019un profil \u00e0 haut kilom\u00e9trage devra charger sa voiture la nuit, et ne pourra pas profiter d\u2019une \u00e9ventuelle installation de panneaux photovolta\u00efques. Si le v\u00e9hicule est r\u00e9guli\u00e8rement stationn\u00e9 au domicile durant la journ\u00e9e, comme c\u2019est le cas pour le profil \u00e0 plus faible kilom\u00e9trage, la charge pourra se faire pendant la journ\u00e9e et profiter de l\u2019\u00e9lectricit\u00e9 solaire, si cela est possible. Le prix de la recharge \u00e0 domicile sans autoconsommation photovolta\u00efque est de 0.37 \u20ac\/kWh (prix moyen de l\u2019\u00e9lectricit\u00e9 selon la <a href=\"https:\/\/www.creg.be\/sites\/default\/files\/assets\/Prices\/EvolPrFR.pdf\" target=\"_blank\" rel=\"noreferrer noopener\">CREG<\/a>).<\/p>\n\n\n\n<p>Les bornes de recharge rapide (&gt;22kW), souvent situ\u00e9es \u00e0 proximit\u00e9 des autoroutes, pr\u00e9sentent des tarifs sup\u00e9rieurs mais elles ne sont utiles que pour les longs trajets, occasionnellement.<\/p>\n\n\n\n<p>Dans les calculs, des pertes \u00e0 hauteur de 15% sont prises en compte lors de la recharge.<\/p>\n\n\n\n<p><strong>Synth\u00e8se des co\u00fbts<\/strong><\/p>\n\n\n\n<figure class=\"wp-block-image size-large\"><img loading=\"lazy\" decoding=\"async\" width=\"1024\" height=\"243\" src=\"https:\/\/www.renouvelle.be\/wp-content\/uploads\/2025\/10\/image-1-1024x243.png\" alt=\"\" class=\"wp-image-15844\" srcset=\"https:\/\/www.renouvelle.be\/wp-content\/uploads\/2025\/10\/image-1-1024x243.png 1024w, https:\/\/www.renouvelle.be\/wp-content\/uploads\/2025\/10\/image-1-300x71.png 300w, https:\/\/www.renouvelle.be\/wp-content\/uploads\/2025\/10\/image-1-768x182.png 768w, https:\/\/www.renouvelle.be\/wp-content\/uploads\/2025\/10\/image-1-1200x285.png 1200w, https:\/\/www.renouvelle.be\/wp-content\/uploads\/2025\/10\/image-1.png 1444w\" sizes=\"auto, (max-width: 1024px) 100vw, 1024px\" \/><\/figure>\n\n\n\n<p>Plusieurs observations peuvent \u00eatre d\u00e9gag\u00e9es de ces chiffres. Premi\u00e8rement, m\u00eame lorsque des bornes de recharge publiques sont utilis\u00e9es, recharger une voiture \u00e9lectrique co\u00fbte moins cher au kilom\u00e8tre que faire le plein d\u2019une voiture \u00e0 essence. Cela semble surprenant vu le prix de l\u2019\u00e9lectricit\u00e9, mais celui-ci est compens\u00e9 par la haute efficacit\u00e9 des moteurs \u00e9lectriques par rapport aux moteurs thermiques.<\/p>\n\n\n\n<p>Deuxi\u00e8mement, cette conclusion s\u2019applique aux deux types de v\u00e9hicules consid\u00e9r\u00e9s. La diff\u00e9rence entre les mod\u00e8les \u00e9lectrique et thermique est m\u00eame plus grande pour le v\u00e9hicule le plus imposant, profitant d\u2019autant plus du gain d\u2019efficacit\u00e9.<\/p>\n\n\n\n<p>Ici, les frais d\u2019entretien ne sont pas pris en compte, plus difficilement estimables. Cependant, comme un moteur \u00e9lectrique n\u2019a pas besoin d\u2019un entretien de transmission, d\u2019huile et de son filtre ou d\u2019\u00e9chappement, le co\u00fbt d\u2019entretien est g\u00e9n\u00e9ralement plus faible.<\/p>\n\n\n\n<p><strong>Donn\u00e9es du calcul et sources<\/strong><\/p>\n\n\n\n<p><em><a href=\"https:\/\/ev-database.org\/car\/1164\/Renault-Zoe-ZE50-R110\" target=\"_blank\" rel=\"noreferrer noopener\">Donn\u00e9es Renault Zo\u00e9<\/a> : Mod\u00e8le ZE50 R110, Consommation WLTP 132 Wh\/km<br><a href=\"https:\/\/www.auto-data.net\/en\/renault-clio-v-phase-i-1.0-tce-100hp-cvt-38617\" target=\"_blank\" rel=\"noreferrer noopener\">Donn\u00e9es Renault Clio<\/a> : Mod\u00e8le Clio V Phase I 1.0 Tce, consommation 5.8L\/100km<br><a href=\"https:\/\/ev-database.org\/car\/1535\/BMW-iX3\">Donn\u00e9es BMW iX3<\/a> : Consommation WLTP 163 Wh\/km<br>Donn\u00e9es BMW X3 : Mod\u00e8le X3 M50 xDrive, consommation 8L\/100km<br>Prix de l\u2019essence : 1.71 \u20ac\/L prix moyen SP98 <a href=\"https:\/\/statbel.fgov.be\/fr\/themes\/energie\/prix-du-petrole\">statbel<\/a> au 01\/06\/2025<br>Pertes de charge : 15%<\/em><\/p>\n\n\n\n<p>D\u00e9couvrez notre analyse sur le chargement lorsqu&rsquo;on dispose de panneaux solaires <a href=\"https:\/\/www.renouvelle.be\/fr\/vehicule-electrique-et-photovoltaique-des-economies-a-domicile\/\" target=\"_blank\" rel=\"noreferrer noopener\">ici<\/a>.<\/p>\n","protected":false},"excerpt":{"rendered":"<p>En effet, m\u00eame si leur part du parc automobile ne repr\u00e9sentait encore que 6.4% au 1er ao\u00fbt 2025, leur nombre a bondi de 55.4% de 2024 \u00e0 2025 et, pour la premi\u00e8re fois en Belgique, le \u00ab&nbsp;carburant&nbsp;\u00bb \u00e9lectrique est le premier choix pour les nouveaux v\u00e9hicules, en 2025 (devant l\u2019essence, puis l\u2019hybride et enfin le diesel). On entend souvent qu\u2019un v\u00e9hicule \u00e9lectrique permet d\u2019associer le confort de la charge \u00e0 domicile (par opposition au passage \u00e0 la pompe \u00e0 essence) \u00e0 un prix au kilom\u00e8tre moins \u00e9lev\u00e9 qu\u2019un v\u00e9hicule thermique. Mais l\u2019argument du prix est-il toujours vrai quand on ne dispose pas de garage ou d\u2019all\u00e9e pour recharger \u00e0 la maison, ou de borne de recharge \u00e0 prix avantageux au bureau&nbsp;? Analyse Une \u00e9tude de co\u00fbts peut \u00eatre r\u00e9alis\u00e9e en comparant plusieurs sc\u00e9narios&nbsp;: un v\u00e9hicule \u00e9lectrique b\u00e9n\u00e9ficiant de la recharge \u00e0 domicile, un v\u00e9hicule \u00e9lectrique recharg\u00e9 via des bornes publiques, et un v\u00e9hicule \u00e0 essence classique. Le premier v\u00e9hicule consid\u00e9r\u00e9 sera la Renault Zo\u00e9, repr\u00e9sentative d\u2019une voiture citadine abordable, et dont la comparaison avec son \u00e9quivalent thermique (Renault Clio) est ais\u00e9e. Les v\u00e9hicules plus imposants et couteux, fort pouss\u00e9s par l\u2019industrie automobile, seront \u00e9galement \u00e9tudi\u00e9s via le couple BMW iX3 (100% \u00e9lectrique) et BMW X3 M50 (essence et \u00ab&nbsp;hybride l\u00e9ger&nbsp;\u00bb). Deux profils de conduite seront analys\u00e9s. Premi\u00e8rement, un profil \u00e0 kilom\u00e9trage \u00e9lev\u00e9, qui r\u00e9alise 5 jours par semaine un trajet domicile-travail de 40 km et 200 km chaque weekend, pour un total de 20.800 km par an. Deuxi\u00e8mement, un profil \u00e0 kilom\u00e9trage plus faible, ne r\u00e9alisant le trajet domicile-travail que 2 fois par semaine en voiture, et parcourant 50 km chaque weekend, pour un total de 6760 km par an. Charge rapide&nbsp;? M\u00eame pour un profil \u00e0 kilom\u00e9trage \u00e9lev\u00e9, la &hellip; <a href=\"https:\/\/www.renouvelle.be\/fr\/vehicules-electriques-moins-chers-usage-au-final\/\" class=\"more-link\">Continue reading<span class=\"screen-reader-text\"> \u00ab\u00a0Les v\u00e9hicules \u00e9lectriques : moins chers \u00e0 l&rsquo;usage au final ?\u00a0\u00bb<\/span><\/a><\/p>\n","protected":false},"author":40,"featured_media":15849,"comment_status":"closed","ping_status":"closed","sticky":false,"template":"","format":"standard","meta":{"_acf_changed":false,"footnotes":""},"categories":[],"tags":[],"section":[8,12],"class_list":["post-15842","post","type-post","status-publish","format-standard","has-post-thumbnail","hentry","section-energie-renouvelables","section-mobilite"],"acf":[],"yoast_head":"<!-- This site is optimized with the Yoast SEO plugin v27.5 - https:\/\/yoast.com\/product\/yoast-seo-wordpress\/ -->\n<title>Les v\u00e9hicules \u00e9lectriques : moins chers \u00e0 l&#039;usage au final ? - Renouvelle<\/title>\n<meta name=\"description\" content=\"Les v\u00e9hicules \u00e9lectriques restent encore co\u00fbteux \u00e0 l&#039;achat mais sont rentabilis\u00e9s \u00e0 l&#039;usage, par rapport aux voitures thermiques.\" \/>\n<meta name=\"robots\" content=\"index, follow, max-snippet:-1, max-image-preview:large, max-video-preview:-1\" \/>\n<link rel=\"canonical\" href=\"https:\/\/www.renouvelle.be\/fr\/vehicules-electriques-moins-chers-usage-au-final\/\" \/>\n<meta property=\"og:locale\" content=\"fr_FR\" \/>\n<meta property=\"og:type\" content=\"article\" \/>\n<meta property=\"og:title\" content=\"Les v\u00e9hicules \u00e9lectriques : moins chers \u00e0 l&#039;usage au final ? - Renouvelle\" \/>\n<meta property=\"og:description\" content=\"Les v\u00e9hicules \u00e9lectriques restent encore co\u00fbteux \u00e0 l&#039;achat mais sont rentabilis\u00e9s \u00e0 l&#039;usage, par rapport aux voitures thermiques.\" \/>\n<meta property=\"og:url\" content=\"https:\/\/www.renouvelle.be\/fr\/vehicules-electriques-moins-chers-usage-au-final\/\" \/>\n<meta property=\"og:site_name\" content=\"Renouvelle\" \/>\n<meta property=\"article:published_time\" content=\"2025-11-04T08:04:15+00:00\" \/>\n<meta property=\"article:modified_time\" content=\"2025-11-13T10:55:20+00:00\" \/>\n<meta property=\"og:image\" content=\"https:\/\/www.renouvelle.be\/wp-content\/uploads\/2025\/10\/AdobeStock_437617502-scaled-e1761560779300.jpeg\" \/>\n\t<meta property=\"og:image:width\" content=\"2560\" \/>\n\t<meta property=\"og:image:height\" content=\"1540\" \/>\n\t<meta property=\"og:image:type\" content=\"image\/jpeg\" \/>\n<meta name=\"author\" content=\"Mathieu Petitjean\" \/>\n<meta name=\"twitter:card\" content=\"summary_large_image\" \/>\n<script type=\"application\/ld+json\" class=\"yoast-schema-graph\">{\"@context\":\"https:\\\/\\\/schema.org\",\"@graph\":[{\"@type\":\"Article\",\"@id\":\"https:\\\/\\\/www.renouvelle.be\\\/fr\\\/vehicules-electriques-moins-chers-usage-au-final\\\/#article\",\"isPartOf\":{\"@id\":\"https:\\\/\\\/www.renouvelle.be\\\/fr\\\/vehicules-electriques-moins-chers-usage-au-final\\\/\"},\"author\":{\"name\":\"Mathieu Petitjean\",\"@id\":\"https:\\\/\\\/www.renouvelle.be\\\/fr\\\/#\\\/schema\\\/person\\\/0458f628084e1c95c296c1f5b9fcf7c2\"},\"headline\":\"Les v\u00e9hicules \u00e9lectriques : moins chers \u00e0 l&rsquo;usage au final ?\",\"datePublished\":\"2025-11-04T08:04:15+00:00\",\"dateModified\":\"2025-11-13T10:55:20+00:00\",\"mainEntityOfPage\":{\"@id\":\"https:\\\/\\\/www.renouvelle.be\\\/fr\\\/vehicules-electriques-moins-chers-usage-au-final\\\/\"},\"wordCount\":804,\"image\":{\"@id\":\"https:\\\/\\\/www.renouvelle.be\\\/fr\\\/vehicules-electriques-moins-chers-usage-au-final\\\/#primaryimage\"},\"thumbnailUrl\":\"https:\\\/\\\/www.renouvelle.be\\\/wp-content\\\/uploads\\\/2025\\\/10\\\/AdobeStock_437617502-scaled-e1761560779300.jpeg\",\"inLanguage\":\"fr-FR\"},{\"@type\":\"WebPage\",\"@id\":\"https:\\\/\\\/www.renouvelle.be\\\/fr\\\/vehicules-electriques-moins-chers-usage-au-final\\\/\",\"url\":\"https:\\\/\\\/www.renouvelle.be\\\/fr\\\/vehicules-electriques-moins-chers-usage-au-final\\\/\",\"name\":\"Les v\u00e9hicules \u00e9lectriques : moins chers \u00e0 l'usage au final ? - Renouvelle\",\"isPartOf\":{\"@id\":\"https:\\\/\\\/www.renouvelle.be\\\/fr\\\/#website\"},\"primaryImageOfPage\":{\"@id\":\"https:\\\/\\\/www.renouvelle.be\\\/fr\\\/vehicules-electriques-moins-chers-usage-au-final\\\/#primaryimage\"},\"image\":{\"@id\":\"https:\\\/\\\/www.renouvelle.be\\\/fr\\\/vehicules-electriques-moins-chers-usage-au-final\\\/#primaryimage\"},\"thumbnailUrl\":\"https:\\\/\\\/www.renouvelle.be\\\/wp-content\\\/uploads\\\/2025\\\/10\\\/AdobeStock_437617502-scaled-e1761560779300.jpeg\",\"datePublished\":\"2025-11-04T08:04:15+00:00\",\"dateModified\":\"2025-11-13T10:55:20+00:00\",\"author\":{\"@id\":\"https:\\\/\\\/www.renouvelle.be\\\/fr\\\/#\\\/schema\\\/person\\\/0458f628084e1c95c296c1f5b9fcf7c2\"},\"description\":\"Les v\u00e9hicules \u00e9lectriques restent encore co\u00fbteux \u00e0 l'achat mais sont rentabilis\u00e9s \u00e0 l'usage, par rapport aux voitures thermiques.\",\"breadcrumb\":{\"@id\":\"https:\\\/\\\/www.renouvelle.be\\\/fr\\\/vehicules-electriques-moins-chers-usage-au-final\\\/#breadcrumb\"},\"inLanguage\":\"fr-FR\",\"potentialAction\":[{\"@type\":\"ReadAction\",\"target\":[\"https:\\\/\\\/www.renouvelle.be\\\/fr\\\/vehicules-electriques-moins-chers-usage-au-final\\\/\"]}]},{\"@type\":\"ImageObject\",\"inLanguage\":\"fr-FR\",\"@id\":\"https:\\\/\\\/www.renouvelle.be\\\/fr\\\/vehicules-electriques-moins-chers-usage-au-final\\\/#primaryimage\",\"url\":\"https:\\\/\\\/www.renouvelle.be\\\/wp-content\\\/uploads\\\/2025\\\/10\\\/AdobeStock_437617502-scaled-e1761560779300.jpeg\",\"contentUrl\":\"https:\\\/\\\/www.renouvelle.be\\\/wp-content\\\/uploads\\\/2025\\\/10\\\/AdobeStock_437617502-scaled-e1761560779300.jpeg\",\"width\":2560,\"height\":1540,\"caption\":\"les v\u00e9hicules \u00e9lectriques deviennent-ils moins chers \u00e0 l'usage \u00e0 cause de la recharge ?\"},{\"@type\":\"BreadcrumbList\",\"@id\":\"https:\\\/\\\/www.renouvelle.be\\\/fr\\\/vehicules-electriques-moins-chers-usage-au-final\\\/#breadcrumb\",\"itemListElement\":[{\"@type\":\"ListItem\",\"position\":1,\"name\":\"Accueil\",\"item\":\"https:\\\/\\\/www.renouvelle.be\\\/fr\\\/\"},{\"@type\":\"ListItem\",\"position\":2,\"name\":\"Les v\u00e9hicules \u00e9lectriques : moins chers \u00e0 l&rsquo;usage au final ?\"}]},{\"@type\":\"WebSite\",\"@id\":\"https:\\\/\\\/www.renouvelle.be\\\/fr\\\/#website\",\"url\":\"https:\\\/\\\/www.renouvelle.be\\\/fr\\\/\",\"name\":\"Renouvelle\",\"description\":\"L&#039;actualit\u00e9 de l&#039;\u00e9nergie durable\",\"potentialAction\":[{\"@type\":\"SearchAction\",\"target\":{\"@type\":\"EntryPoint\",\"urlTemplate\":\"https:\\\/\\\/www.renouvelle.be\\\/fr\\\/?s={search_term_string}\"},\"query-input\":{\"@type\":\"PropertyValueSpecification\",\"valueRequired\":true,\"valueName\":\"search_term_string\"}}],\"inLanguage\":\"fr-FR\"},{\"@type\":\"Person\",\"@id\":\"https:\\\/\\\/www.renouvelle.be\\\/fr\\\/#\\\/schema\\\/person\\\/0458f628084e1c95c296c1f5b9fcf7c2\",\"name\":\"Mathieu Petitjean\",\"url\":\"https:\\\/\\\/www.renouvelle.be\\\/fr\\\/author\\\/mathieu-petitjean\\\/\"}]}<\/script>\n<!-- \/ Yoast SEO plugin. -->","yoast_head_json":{"title":"Les v\u00e9hicules \u00e9lectriques : moins chers \u00e0 l'usage au final ? - Renouvelle","description":"Les v\u00e9hicules \u00e9lectriques restent encore co\u00fbteux \u00e0 l'achat mais sont rentabilis\u00e9s \u00e0 l'usage, par rapport aux voitures thermiques.","robots":{"index":"index","follow":"follow","max-snippet":"max-snippet:-1","max-image-preview":"max-image-preview:large","max-video-preview":"max-video-preview:-1"},"canonical":"https:\/\/www.renouvelle.be\/fr\/vehicules-electriques-moins-chers-usage-au-final\/","og_locale":"fr_FR","og_type":"article","og_title":"Les v\u00e9hicules \u00e9lectriques : moins chers \u00e0 l'usage au final ? - Renouvelle","og_description":"Les v\u00e9hicules \u00e9lectriques restent encore co\u00fbteux \u00e0 l'achat mais sont rentabilis\u00e9s \u00e0 l'usage, par rapport aux voitures thermiques.","og_url":"https:\/\/www.renouvelle.be\/fr\/vehicules-electriques-moins-chers-usage-au-final\/","og_site_name":"Renouvelle","article_published_time":"2025-11-04T08:04:15+00:00","article_modified_time":"2025-11-13T10:55:20+00:00","og_image":[{"width":2560,"height":1540,"url":"https:\/\/www.renouvelle.be\/wp-content\/uploads\/2025\/10\/AdobeStock_437617502-scaled-e1761560779300.jpeg","type":"image\/jpeg"}],"author":"Mathieu Petitjean","twitter_card":"summary_large_image","schema":{"@context":"https:\/\/schema.org","@graph":[{"@type":"Article","@id":"https:\/\/www.renouvelle.be\/fr\/vehicules-electriques-moins-chers-usage-au-final\/#article","isPartOf":{"@id":"https:\/\/www.renouvelle.be\/fr\/vehicules-electriques-moins-chers-usage-au-final\/"},"author":{"name":"Mathieu Petitjean","@id":"https:\/\/www.renouvelle.be\/fr\/#\/schema\/person\/0458f628084e1c95c296c1f5b9fcf7c2"},"headline":"Les v\u00e9hicules \u00e9lectriques : moins chers \u00e0 l&rsquo;usage au final ?","datePublished":"2025-11-04T08:04:15+00:00","dateModified":"2025-11-13T10:55:20+00:00","mainEntityOfPage":{"@id":"https:\/\/www.renouvelle.be\/fr\/vehicules-electriques-moins-chers-usage-au-final\/"},"wordCount":804,"image":{"@id":"https:\/\/www.renouvelle.be\/fr\/vehicules-electriques-moins-chers-usage-au-final\/#primaryimage"},"thumbnailUrl":"https:\/\/www.renouvelle.be\/wp-content\/uploads\/2025\/10\/AdobeStock_437617502-scaled-e1761560779300.jpeg","inLanguage":"fr-FR"},{"@type":"WebPage","@id":"https:\/\/www.renouvelle.be\/fr\/vehicules-electriques-moins-chers-usage-au-final\/","url":"https:\/\/www.renouvelle.be\/fr\/vehicules-electriques-moins-chers-usage-au-final\/","name":"Les v\u00e9hicules \u00e9lectriques : moins chers \u00e0 l'usage au final ? - Renouvelle","isPartOf":{"@id":"https:\/\/www.renouvelle.be\/fr\/#website"},"primaryImageOfPage":{"@id":"https:\/\/www.renouvelle.be\/fr\/vehicules-electriques-moins-chers-usage-au-final\/#primaryimage"},"image":{"@id":"https:\/\/www.renouvelle.be\/fr\/vehicules-electriques-moins-chers-usage-au-final\/#primaryimage"},"thumbnailUrl":"https:\/\/www.renouvelle.be\/wp-content\/uploads\/2025\/10\/AdobeStock_437617502-scaled-e1761560779300.jpeg","datePublished":"2025-11-04T08:04:15+00:00","dateModified":"2025-11-13T10:55:20+00:00","author":{"@id":"https:\/\/www.renouvelle.be\/fr\/#\/schema\/person\/0458f628084e1c95c296c1f5b9fcf7c2"},"description":"Les v\u00e9hicules \u00e9lectriques restent encore co\u00fbteux \u00e0 l'achat mais sont rentabilis\u00e9s \u00e0 l'usage, par rapport aux voitures thermiques.","breadcrumb":{"@id":"https:\/\/www.renouvelle.be\/fr\/vehicules-electriques-moins-chers-usage-au-final\/#breadcrumb"},"inLanguage":"fr-FR","potentialAction":[{"@type":"ReadAction","target":["https:\/\/www.renouvelle.be\/fr\/vehicules-electriques-moins-chers-usage-au-final\/"]}]},{"@type":"ImageObject","inLanguage":"fr-FR","@id":"https:\/\/www.renouvelle.be\/fr\/vehicules-electriques-moins-chers-usage-au-final\/#primaryimage","url":"https:\/\/www.renouvelle.be\/wp-content\/uploads\/2025\/10\/AdobeStock_437617502-scaled-e1761560779300.jpeg","contentUrl":"https:\/\/www.renouvelle.be\/wp-content\/uploads\/2025\/10\/AdobeStock_437617502-scaled-e1761560779300.jpeg","width":2560,"height":1540,"caption":"les v\u00e9hicules \u00e9lectriques deviennent-ils moins chers \u00e0 l'usage \u00e0 cause de la recharge ?"},{"@type":"BreadcrumbList","@id":"https:\/\/www.renouvelle.be\/fr\/vehicules-electriques-moins-chers-usage-au-final\/#breadcrumb","itemListElement":[{"@type":"ListItem","position":1,"name":"Accueil","item":"https:\/\/www.renouvelle.be\/fr\/"},{"@type":"ListItem","position":2,"name":"Les v\u00e9hicules \u00e9lectriques : moins chers \u00e0 l&rsquo;usage au final ?"}]},{"@type":"WebSite","@id":"https:\/\/www.renouvelle.be\/fr\/#website","url":"https:\/\/www.renouvelle.be\/fr\/","name":"Renouvelle","description":"L&#039;actualit\u00e9 de l&#039;\u00e9nergie durable","potentialAction":[{"@type":"SearchAction","target":{"@type":"EntryPoint","urlTemplate":"https:\/\/www.renouvelle.be\/fr\/?s={search_term_string}"},"query-input":{"@type":"PropertyValueSpecification","valueRequired":true,"valueName":"search_term_string"}}],"inLanguage":"fr-FR"},{"@type":"Person","@id":"https:\/\/www.renouvelle.be\/fr\/#\/schema\/person\/0458f628084e1c95c296c1f5b9fcf7c2","name":"Mathieu Petitjean","url":"https:\/\/www.renouvelle.be\/fr\/author\/mathieu-petitjean\/"}]}},"_links":{"self":[{"href":"https:\/\/www.renouvelle.be\/fr\/wp-json\/wp\/v2\/posts\/15842","targetHints":{"allow":["GET"]}}],"collection":[{"href":"https:\/\/www.renouvelle.be\/fr\/wp-json\/wp\/v2\/posts"}],"about":[{"href":"https:\/\/www.renouvelle.be\/fr\/wp-json\/wp\/v2\/types\/post"}],"author":[{"embeddable":true,"href":"https:\/\/www.renouvelle.be\/fr\/wp-json\/wp\/v2\/users\/40"}],"replies":[{"embeddable":true,"href":"https:\/\/www.renouvelle.be\/fr\/wp-json\/wp\/v2\/comments?post=15842"}],"version-history":[{"count":11,"href":"https:\/\/www.renouvelle.be\/fr\/wp-json\/wp\/v2\/posts\/15842\/revisions"}],"predecessor-version":[{"id":16009,"href":"https:\/\/www.renouvelle.be\/fr\/wp-json\/wp\/v2\/posts\/15842\/revisions\/16009"}],"wp:featuredmedia":[{"embeddable":true,"href":"https:\/\/www.renouvelle.be\/fr\/wp-json\/wp\/v2\/media\/15849"}],"wp:attachment":[{"href":"https:\/\/www.renouvelle.be\/fr\/wp-json\/wp\/v2\/media?parent=15842"}],"wp:term":[{"taxonomy":"category","embeddable":true,"href":"https:\/\/www.renouvelle.be\/fr\/wp-json\/wp\/v2\/categories?post=15842"},{"taxonomy":"post_tag","embeddable":true,"href":"https:\/\/www.renouvelle.be\/fr\/wp-json\/wp\/v2\/tags?post=15842"},{"taxonomy":"section","embeddable":true,"href":"https:\/\/www.renouvelle.be\/fr\/wp-json\/wp\/v2\/section?post=15842"}],"curies":[{"name":"wp","href":"https:\/\/api.w.org\/{rel}","templated":true}]}}