{"id":15816,"date":"2025-10-21T15:31:18","date_gmt":"2025-10-21T13:31:18","guid":{"rendered":"https:\/\/www.renouvelle.be\/?p=15816"},"modified":"2025-10-24T14:15:06","modified_gmt":"2025-10-24T12:15:06","slug":"bruxelles-nouveaux-taux-octroi-certificats-verts","status":"publish","type":"post","link":"https:\/\/www.renouvelle.be\/fr\/bruxelles-nouveaux-taux-octroi-certificats-verts\/","title":{"rendered":"Bruxelles : nouveaux taux d&rsquo;octroi pour les certificats verts"},"content":{"rendered":"\n<p>Ces taux d\u00e9terminent le nombre de certificats verts attribu\u00e9s aux propri\u00e9taires d\u2019installations pendant 10 ans. Ces certificats ont une valeur \u00e9conomique de minimum 65 \u20ac (correspondant \u00e0 la garantie de rachat par ELIA) et permettent g\u00e9n\u00e9ralement un retour sur investissement d\u2019environ 7 ans.<\/p>\n\n\n\n<p>Brugel, le r\u00e9gulateur du march\u00e9 de l\u2019\u00e9lectricit\u00e9 et du gaz en R\u00e9gion de Bruxelles-Capitale, propose une premi\u00e8re modification des taux appliqu\u00e9s pour l\u2019ann\u00e9e en cours au Ministre de l\u2019\u00c9nergie, qui d\u00e9cide ensuite des ajustements \u00e0 appliquer pour l\u2019ann\u00e9e suivante.<\/p>\n\n\n\n<p>La <a href=\"https:\/\/brugel.brussels\/publication\/document\/propositions\/2025\/fr\/PROPOSITION-36-COEFFICIENT-MULTIPLICATEUR-PV.pdf\" target=\"_blank\" rel=\"noreferrer noopener\">proposition<\/a> de Brugel&nbsp;est le fruit d\u2019une analyse m\u00e9thodologique utilisant entre autres&nbsp;;<\/p>\n\n\n\n<ul class=\"wp-block-list\">\n<li>Les prix d\u2019installations photovolta\u00efques de l\u2019ann\u00e9e, par cat\u00e9gorie de puissance (0-5&nbsp;; 5-36&nbsp;; 36-100&nbsp;; 100-250&nbsp;;&gt;250 kWc) et comprenant mat\u00e9riel, \u00e9tude ainsi que la pose<\/li>\n\n\n\n<li>Les prix d\u2019achat et de vente d\u2019\u00e9lectricit\u00e9 sur le r\u00e9seau<\/li>\n\n\n\n<li>Les taux moyens d\u2019autoconsommation<\/li>\n\n\n\n<li>La valeur moyenne des certificats verts commercialis\u00e9s durant l\u2019ann\u00e9e<\/li>\n<\/ul>\n\n\n\n<p>Elle est \u00e9galement r\u00e9alis\u00e9e pour des installations moins repr\u00e9sentatives comme le BIPV (photovolta\u00efque int\u00e9gr\u00e9 \u00e0 l\u2019architecture du b\u00e2timent).<\/p>\n\n\n\n<p>Son objectif est de s\u2019assurer que le syst\u00e8me de soutien reste \u00e9quilibr\u00e9 : ni trop g\u00e9n\u00e9reux (avec des temps de retour sur investissement bien inf\u00e9rieurs \u00e0 7 ans), ni insuffisant (auquel cas un ajustement \u00e0 la hausse peut \u00eatre envisag\u00e9).<\/p>\n\n\n\n<p>Suite \u00e0 cette analyse, le Ministre a d\u00e9cid\u00e9 de r\u00e9duire les taux d\u2019octroi pour les cat\u00e9gories de puissance B et C par rapport \u00e0 l\u2019ann\u00e9e en cours, et de supprimer le soutien pour les installations de puissance sup\u00e9rieure \u00e0 100 kWc.<\/p>\n\n\n<div class=\"wp-block-image\">\n<figure class=\"aligncenter size-full\"><img loading=\"lazy\" decoding=\"async\" width=\"715\" height=\"307\" src=\"https:\/\/www.renouvelle.be\/wp-content\/uploads\/2025\/10\/brugel-taux-octroi-certificats-verts-soutien-photovoltaique.png\" alt=\"taux certificats verts Bruxelles\" class=\"wp-image-15821\" srcset=\"https:\/\/www.renouvelle.be\/wp-content\/uploads\/2025\/10\/brugel-taux-octroi-certificats-verts-soutien-photovoltaique.png 715w, https:\/\/www.renouvelle.be\/wp-content\/uploads\/2025\/10\/brugel-taux-octroi-certificats-verts-soutien-photovoltaique-300x129.png 300w\" sizes=\"auto, (max-width: 715px) 100vw, 715px\" \/><figcaption class=\"wp-element-caption\">Source : Brugel<\/figcaption><\/figure>\n<\/div>\n\n\n<p>Cette mesure refl\u00e8te une baisse significative des co\u00fbts d\u2019investissement pour les cat\u00e9gories concern\u00e9es au cours de l\u2019ann\u00e9e 2025 (\u00e0 l\u2019exception des installations de plus de 100 kWc, dont le co\u00fbt est rest\u00e9 inchang\u00e9). Elle tient \u00e9galement compte d\u2019une meilleure rentabilit\u00e9 de l\u2019autoconsommation, li\u00e9e \u00e0 la hausse r\u00e9cente des prix de l\u2019\u00e9lectricit\u00e9 sur les factures des Bruxellois, ainsi qu\u2019\u00e0 une r\u00e9\u00e9valuation du taux d\u2019autoconsommation pour les grandes installations (&gt;10 kWc), pass\u00e9 de 43 % \u00e0 69 %.<\/p>\n\n\n\n<p>Cette <a href=\"https:\/\/brugel.brussels\/actualites\/adaptation-des-niveaux-de-soutien-pour-le-photovoltaique-710\">adaptation<\/a> des taux d\u2019octroi n\u2019entrera en vigueur qu\u2019\u00e0 partir du 1<sup>er<\/sup> avril 2026. Cela permettra aux Bruxellois et Bruxelloises, en phase d\u2019investissement, de ne pas devoir presser leur installateur pour que l\u2019installation soit r\u00e9ceptionn\u00e9e avant le soir du r\u00e9veillon.<\/p>\n\n\n\n<p>Nous <a href=\"https:\/\/www.renouvelle.be\/fr\/certificats-verts-attention-aux-fausses-bonnes-idees\/\" target=\"_blank\" rel=\"noreferrer noopener\">rappelons<\/a> \u00e9galement que le syst\u00e8me de certificats verts n\u2019existe plus depuis le 1<sup>er<\/sup> janvier 2025 pour les cog\u00e9n\u00e9rations utilisant du gaz naturel.<\/p>\n\n\n\n<p>Le m\u00e9canisme actuel des certificats verts est appel\u00e9 \u00e0 \u00eatre remplac\u00e9, au plus t\u00f4t en 2028, par une autre forme de soutien pour les installations de production d\u2019\u00e9lectricit\u00e9 renouvelable : contrat pour diff\u00e9rence, prime \u00e0 l\u2019installation, tarif d\u2019injection, etc.<\/p>\n\n\n\n<p><\/p>\n","protected":false},"excerpt":{"rendered":"<p>Ces taux d\u00e9terminent le nombre de certificats verts attribu\u00e9s aux propri\u00e9taires d\u2019installations pendant 10 ans. Ces certificats ont une valeur \u00e9conomique de minimum 65 \u20ac (correspondant \u00e0 la garantie de rachat par ELIA) et permettent g\u00e9n\u00e9ralement un retour sur investissement d\u2019environ 7 ans. Brugel, le r\u00e9gulateur du march\u00e9 de l\u2019\u00e9lectricit\u00e9 et du gaz en R\u00e9gion de Bruxelles-Capitale, propose une premi\u00e8re modification des taux appliqu\u00e9s pour l\u2019ann\u00e9e en cours au Ministre de l\u2019\u00c9nergie, qui d\u00e9cide ensuite des ajustements \u00e0 appliquer pour l\u2019ann\u00e9e suivante. La proposition de Brugel&nbsp;est le fruit d\u2019une analyse m\u00e9thodologique utilisant entre autres&nbsp;; Elle est \u00e9galement r\u00e9alis\u00e9e pour des installations moins repr\u00e9sentatives comme le BIPV (photovolta\u00efque int\u00e9gr\u00e9 \u00e0 l\u2019architecture du b\u00e2timent). Son objectif est de s\u2019assurer que le syst\u00e8me de soutien reste \u00e9quilibr\u00e9 : ni trop g\u00e9n\u00e9reux (avec des temps de retour sur investissement bien inf\u00e9rieurs \u00e0 7 ans), ni insuffisant (auquel cas un ajustement \u00e0 la hausse peut \u00eatre envisag\u00e9). Suite \u00e0 cette analyse, le Ministre a d\u00e9cid\u00e9 de r\u00e9duire les taux d\u2019octroi pour les cat\u00e9gories de puissance B et C par rapport \u00e0 l\u2019ann\u00e9e en cours, et de supprimer le soutien pour les installations de puissance sup\u00e9rieure \u00e0 100 kWc. Cette mesure refl\u00e8te une baisse significative des co\u00fbts d\u2019investissement pour les cat\u00e9gories concern\u00e9es au cours de l\u2019ann\u00e9e 2025 (\u00e0 l\u2019exception des installations de plus de 100 kWc, dont le co\u00fbt est rest\u00e9 inchang\u00e9). Elle tient \u00e9galement compte d\u2019une meilleure rentabilit\u00e9 de l\u2019autoconsommation, li\u00e9e \u00e0 la hausse r\u00e9cente des prix de l\u2019\u00e9lectricit\u00e9 sur les factures des Bruxellois, ainsi qu\u2019\u00e0 une r\u00e9\u00e9valuation du taux d\u2019autoconsommation pour les grandes installations (&gt;10 kWc), pass\u00e9 de 43 % \u00e0 69 %. Cette adaptation des taux d\u2019octroi n\u2019entrera en vigueur qu\u2019\u00e0 partir du 1er avril 2026. Cela permettra aux Bruxellois et Bruxelloises, en &hellip; <a href=\"https:\/\/www.renouvelle.be\/fr\/bruxelles-nouveaux-taux-octroi-certificats-verts\/\" class=\"more-link\">Continue reading<span class=\"screen-reader-text\"> \u00ab\u00a0Bruxelles : nouveaux taux d&rsquo;octroi pour les certificats verts\u00a0\u00bb<\/span><\/a><\/p>\n","protected":false},"author":27,"featured_media":15824,"comment_status":"closed","ping_status":"closed","sticky":false,"template":"","format":"standard","meta":{"_acf_changed":false,"footnotes":""},"categories":[16,17],"tags":[],"section":[8,13],"class_list":["post-15816","post","type-post","status-publish","format-standard","has-post-thumbnail","hentry","category-actualite","category-actualite-en-belgique","section-energie-renouvelables","section-solaire"],"acf":[],"yoast_head":"<!-- This site is optimized with the Yoast SEO plugin v27.5 - https:\/\/yoast.com\/product\/yoast-seo-wordpress\/ -->\n<title>Bruxelles : nouveaux taux d&#039;octroi pour les certificats verts - Renouvelle<\/title>\n<meta name=\"description\" content=\"Brugel a publi\u00e9 les adaptations des niveaux de soutien au photovolta\u00efque, autrement dit, les taux d&#039;octroi pour les certificats verts.\" \/>\n<meta name=\"robots\" content=\"index, follow, max-snippet:-1, max-image-preview:large, max-video-preview:-1\" \/>\n<link rel=\"canonical\" href=\"https:\/\/www.renouvelle.be\/fr\/bruxelles-nouveaux-taux-octroi-certificats-verts\/\" \/>\n<meta property=\"og:locale\" content=\"fr_FR\" \/>\n<meta property=\"og:type\" content=\"article\" \/>\n<meta property=\"og:title\" content=\"Bruxelles : nouveaux taux d&#039;octroi pour les certificats verts - Renouvelle\" \/>\n<meta property=\"og:description\" content=\"Brugel a publi\u00e9 les adaptations des niveaux de soutien au photovolta\u00efque, autrement dit, les taux d&#039;octroi pour les certificats verts.\" \/>\n<meta property=\"og:url\" content=\"https:\/\/www.renouvelle.be\/fr\/bruxelles-nouveaux-taux-octroi-certificats-verts\/\" \/>\n<meta property=\"og:site_name\" content=\"Renouvelle\" \/>\n<meta property=\"article:published_time\" content=\"2025-10-21T13:31:18+00:00\" \/>\n<meta property=\"article:modified_time\" content=\"2025-10-24T12:15:06+00:00\" \/>\n<meta property=\"og:image\" content=\"https:\/\/www.renouvelle.be\/wp-content\/uploads\/2025\/10\/AdobeStock_533108541-scaled.jpeg\" \/>\n\t<meta property=\"og:image:width\" content=\"2560\" \/>\n\t<meta property=\"og:image:height\" content=\"1588\" \/>\n\t<meta property=\"og:image:type\" content=\"image\/jpeg\" \/>\n<meta name=\"author\" content=\"Jean Frippiat\" \/>\n<meta name=\"twitter:card\" content=\"summary_large_image\" \/>\n<script type=\"application\/ld+json\" class=\"yoast-schema-graph\">{\"@context\":\"https:\\\/\\\/schema.org\",\"@graph\":[{\"@type\":\"Article\",\"@id\":\"https:\\\/\\\/www.renouvelle.be\\\/fr\\\/bruxelles-nouveaux-taux-octroi-certificats-verts\\\/#article\",\"isPartOf\":{\"@id\":\"https:\\\/\\\/www.renouvelle.be\\\/fr\\\/bruxelles-nouveaux-taux-octroi-certificats-verts\\\/\"},\"author\":{\"name\":\"Jean Frippiat\",\"@id\":\"https:\\\/\\\/www.renouvelle.be\\\/fr\\\/#\\\/schema\\\/person\\\/2b8afd89c9b7934d06ad7db3417abc38\"},\"headline\":\"Bruxelles : nouveaux taux d&rsquo;octroi pour les certificats verts\",\"datePublished\":\"2025-10-21T13:31:18+00:00\",\"dateModified\":\"2025-10-24T12:15:06+00:00\",\"mainEntityOfPage\":{\"@id\":\"https:\\\/\\\/www.renouvelle.be\\\/fr\\\/bruxelles-nouveaux-taux-octroi-certificats-verts\\\/\"},\"wordCount\":491,\"image\":{\"@id\":\"https:\\\/\\\/www.renouvelle.be\\\/fr\\\/bruxelles-nouveaux-taux-octroi-certificats-verts\\\/#primaryimage\"},\"thumbnailUrl\":\"https:\\\/\\\/www.renouvelle.be\\\/wp-content\\\/uploads\\\/2025\\\/10\\\/AdobeStock_533108541-scaled.jpeg\",\"articleSection\":[\"Actualit\u00e9\",\"Actualit\u00e9 en Belgique\"],\"inLanguage\":\"fr-FR\"},{\"@type\":\"WebPage\",\"@id\":\"https:\\\/\\\/www.renouvelle.be\\\/fr\\\/bruxelles-nouveaux-taux-octroi-certificats-verts\\\/\",\"url\":\"https:\\\/\\\/www.renouvelle.be\\\/fr\\\/bruxelles-nouveaux-taux-octroi-certificats-verts\\\/\",\"name\":\"Bruxelles : nouveaux taux d'octroi pour les certificats verts - Renouvelle\",\"isPartOf\":{\"@id\":\"https:\\\/\\\/www.renouvelle.be\\\/fr\\\/#website\"},\"primaryImageOfPage\":{\"@id\":\"https:\\\/\\\/www.renouvelle.be\\\/fr\\\/bruxelles-nouveaux-taux-octroi-certificats-verts\\\/#primaryimage\"},\"image\":{\"@id\":\"https:\\\/\\\/www.renouvelle.be\\\/fr\\\/bruxelles-nouveaux-taux-octroi-certificats-verts\\\/#primaryimage\"},\"thumbnailUrl\":\"https:\\\/\\\/www.renouvelle.be\\\/wp-content\\\/uploads\\\/2025\\\/10\\\/AdobeStock_533108541-scaled.jpeg\",\"datePublished\":\"2025-10-21T13:31:18+00:00\",\"dateModified\":\"2025-10-24T12:15:06+00:00\",\"author\":{\"@id\":\"https:\\\/\\\/www.renouvelle.be\\\/fr\\\/#\\\/schema\\\/person\\\/2b8afd89c9b7934d06ad7db3417abc38\"},\"description\":\"Brugel a publi\u00e9 les adaptations des niveaux de soutien au photovolta\u00efque, autrement dit, les taux d'octroi pour les certificats verts.\",\"breadcrumb\":{\"@id\":\"https:\\\/\\\/www.renouvelle.be\\\/fr\\\/bruxelles-nouveaux-taux-octroi-certificats-verts\\\/#breadcrumb\"},\"inLanguage\":\"fr-FR\",\"potentialAction\":[{\"@type\":\"ReadAction\",\"target\":[\"https:\\\/\\\/www.renouvelle.be\\\/fr\\\/bruxelles-nouveaux-taux-octroi-certificats-verts\\\/\"]}]},{\"@type\":\"ImageObject\",\"inLanguage\":\"fr-FR\",\"@id\":\"https:\\\/\\\/www.renouvelle.be\\\/fr\\\/bruxelles-nouveaux-taux-octroi-certificats-verts\\\/#primaryimage\",\"url\":\"https:\\\/\\\/www.renouvelle.be\\\/wp-content\\\/uploads\\\/2025\\\/10\\\/AdobeStock_533108541-scaled.jpeg\",\"contentUrl\":\"https:\\\/\\\/www.renouvelle.be\\\/wp-content\\\/uploads\\\/2025\\\/10\\\/AdobeStock_533108541-scaled.jpeg\",\"width\":2560,\"height\":1588,\"caption\":\"taux certificats verts Bruxelles\"},{\"@type\":\"BreadcrumbList\",\"@id\":\"https:\\\/\\\/www.renouvelle.be\\\/fr\\\/bruxelles-nouveaux-taux-octroi-certificats-verts\\\/#breadcrumb\",\"itemListElement\":[{\"@type\":\"ListItem\",\"position\":1,\"name\":\"Accueil\",\"item\":\"https:\\\/\\\/www.renouvelle.be\\\/fr\\\/\"},{\"@type\":\"ListItem\",\"position\":2,\"name\":\"Bruxelles : nouveaux taux d&rsquo;octroi pour les certificats verts\"}]},{\"@type\":\"WebSite\",\"@id\":\"https:\\\/\\\/www.renouvelle.be\\\/fr\\\/#website\",\"url\":\"https:\\\/\\\/www.renouvelle.be\\\/fr\\\/\",\"name\":\"Renouvelle\",\"description\":\"L&#039;actualit\u00e9 de l&#039;\u00e9nergie durable\",\"potentialAction\":[{\"@type\":\"SearchAction\",\"target\":{\"@type\":\"EntryPoint\",\"urlTemplate\":\"https:\\\/\\\/www.renouvelle.be\\\/fr\\\/?s={search_term_string}\"},\"query-input\":{\"@type\":\"PropertyValueSpecification\",\"valueRequired\":true,\"valueName\":\"search_term_string\"}}],\"inLanguage\":\"fr-FR\"},{\"@type\":\"Person\",\"@id\":\"https:\\\/\\\/www.renouvelle.be\\\/fr\\\/#\\\/schema\\\/person\\\/2b8afd89c9b7934d06ad7db3417abc38\",\"name\":\"Jean Frippiat\",\"url\":\"https:\\\/\\\/www.renouvelle.be\\\/fr\\\/author\\\/jeanfrippiat\\\/\"}]}<\/script>\n<!-- \/ Yoast SEO plugin. -->","yoast_head_json":{"title":"Bruxelles : nouveaux taux d'octroi pour les certificats verts - Renouvelle","description":"Brugel a publi\u00e9 les adaptations des niveaux de soutien au photovolta\u00efque, autrement dit, les taux d'octroi pour les certificats verts.","robots":{"index":"index","follow":"follow","max-snippet":"max-snippet:-1","max-image-preview":"max-image-preview:large","max-video-preview":"max-video-preview:-1"},"canonical":"https:\/\/www.renouvelle.be\/fr\/bruxelles-nouveaux-taux-octroi-certificats-verts\/","og_locale":"fr_FR","og_type":"article","og_title":"Bruxelles : nouveaux taux d'octroi pour les certificats verts - Renouvelle","og_description":"Brugel a publi\u00e9 les adaptations des niveaux de soutien au photovolta\u00efque, autrement dit, les taux d'octroi pour les certificats verts.","og_url":"https:\/\/www.renouvelle.be\/fr\/bruxelles-nouveaux-taux-octroi-certificats-verts\/","og_site_name":"Renouvelle","article_published_time":"2025-10-21T13:31:18+00:00","article_modified_time":"2025-10-24T12:15:06+00:00","og_image":[{"width":2560,"height":1588,"url":"https:\/\/www.renouvelle.be\/wp-content\/uploads\/2025\/10\/AdobeStock_533108541-scaled.jpeg","type":"image\/jpeg"}],"author":"Jean Frippiat","twitter_card":"summary_large_image","schema":{"@context":"https:\/\/schema.org","@graph":[{"@type":"Article","@id":"https:\/\/www.renouvelle.be\/fr\/bruxelles-nouveaux-taux-octroi-certificats-verts\/#article","isPartOf":{"@id":"https:\/\/www.renouvelle.be\/fr\/bruxelles-nouveaux-taux-octroi-certificats-verts\/"},"author":{"name":"Jean Frippiat","@id":"https:\/\/www.renouvelle.be\/fr\/#\/schema\/person\/2b8afd89c9b7934d06ad7db3417abc38"},"headline":"Bruxelles : nouveaux taux d&rsquo;octroi pour les certificats verts","datePublished":"2025-10-21T13:31:18+00:00","dateModified":"2025-10-24T12:15:06+00:00","mainEntityOfPage":{"@id":"https:\/\/www.renouvelle.be\/fr\/bruxelles-nouveaux-taux-octroi-certificats-verts\/"},"wordCount":491,"image":{"@id":"https:\/\/www.renouvelle.be\/fr\/bruxelles-nouveaux-taux-octroi-certificats-verts\/#primaryimage"},"thumbnailUrl":"https:\/\/www.renouvelle.be\/wp-content\/uploads\/2025\/10\/AdobeStock_533108541-scaled.jpeg","articleSection":["Actualit\u00e9","Actualit\u00e9 en Belgique"],"inLanguage":"fr-FR"},{"@type":"WebPage","@id":"https:\/\/www.renouvelle.be\/fr\/bruxelles-nouveaux-taux-octroi-certificats-verts\/","url":"https:\/\/www.renouvelle.be\/fr\/bruxelles-nouveaux-taux-octroi-certificats-verts\/","name":"Bruxelles : nouveaux taux d'octroi pour les certificats verts - Renouvelle","isPartOf":{"@id":"https:\/\/www.renouvelle.be\/fr\/#website"},"primaryImageOfPage":{"@id":"https:\/\/www.renouvelle.be\/fr\/bruxelles-nouveaux-taux-octroi-certificats-verts\/#primaryimage"},"image":{"@id":"https:\/\/www.renouvelle.be\/fr\/bruxelles-nouveaux-taux-octroi-certificats-verts\/#primaryimage"},"thumbnailUrl":"https:\/\/www.renouvelle.be\/wp-content\/uploads\/2025\/10\/AdobeStock_533108541-scaled.jpeg","datePublished":"2025-10-21T13:31:18+00:00","dateModified":"2025-10-24T12:15:06+00:00","author":{"@id":"https:\/\/www.renouvelle.be\/fr\/#\/schema\/person\/2b8afd89c9b7934d06ad7db3417abc38"},"description":"Brugel a publi\u00e9 les adaptations des niveaux de soutien au photovolta\u00efque, autrement dit, les taux d'octroi pour les certificats verts.","breadcrumb":{"@id":"https:\/\/www.renouvelle.be\/fr\/bruxelles-nouveaux-taux-octroi-certificats-verts\/#breadcrumb"},"inLanguage":"fr-FR","potentialAction":[{"@type":"ReadAction","target":["https:\/\/www.renouvelle.be\/fr\/bruxelles-nouveaux-taux-octroi-certificats-verts\/"]}]},{"@type":"ImageObject","inLanguage":"fr-FR","@id":"https:\/\/www.renouvelle.be\/fr\/bruxelles-nouveaux-taux-octroi-certificats-verts\/#primaryimage","url":"https:\/\/www.renouvelle.be\/wp-content\/uploads\/2025\/10\/AdobeStock_533108541-scaled.jpeg","contentUrl":"https:\/\/www.renouvelle.be\/wp-content\/uploads\/2025\/10\/AdobeStock_533108541-scaled.jpeg","width":2560,"height":1588,"caption":"taux certificats verts Bruxelles"},{"@type":"BreadcrumbList","@id":"https:\/\/www.renouvelle.be\/fr\/bruxelles-nouveaux-taux-octroi-certificats-verts\/#breadcrumb","itemListElement":[{"@type":"ListItem","position":1,"name":"Accueil","item":"https:\/\/www.renouvelle.be\/fr\/"},{"@type":"ListItem","position":2,"name":"Bruxelles : nouveaux taux d&rsquo;octroi pour les certificats verts"}]},{"@type":"WebSite","@id":"https:\/\/www.renouvelle.be\/fr\/#website","url":"https:\/\/www.renouvelle.be\/fr\/","name":"Renouvelle","description":"L&#039;actualit\u00e9 de l&#039;\u00e9nergie durable","potentialAction":[{"@type":"SearchAction","target":{"@type":"EntryPoint","urlTemplate":"https:\/\/www.renouvelle.be\/fr\/?s={search_term_string}"},"query-input":{"@type":"PropertyValueSpecification","valueRequired":true,"valueName":"search_term_string"}}],"inLanguage":"fr-FR"},{"@type":"Person","@id":"https:\/\/www.renouvelle.be\/fr\/#\/schema\/person\/2b8afd89c9b7934d06ad7db3417abc38","name":"Jean Frippiat","url":"https:\/\/www.renouvelle.be\/fr\/author\/jeanfrippiat\/"}]}},"_links":{"self":[{"href":"https:\/\/www.renouvelle.be\/fr\/wp-json\/wp\/v2\/posts\/15816","targetHints":{"allow":["GET"]}}],"collection":[{"href":"https:\/\/www.renouvelle.be\/fr\/wp-json\/wp\/v2\/posts"}],"about":[{"href":"https:\/\/www.renouvelle.be\/fr\/wp-json\/wp\/v2\/types\/post"}],"author":[{"embeddable":true,"href":"https:\/\/www.renouvelle.be\/fr\/wp-json\/wp\/v2\/users\/27"}],"replies":[{"embeddable":true,"href":"https:\/\/www.renouvelle.be\/fr\/wp-json\/wp\/v2\/comments?post=15816"}],"version-history":[{"count":9,"href":"https:\/\/www.renouvelle.be\/fr\/wp-json\/wp\/v2\/posts\/15816\/revisions"}],"predecessor-version":[{"id":15840,"href":"https:\/\/www.renouvelle.be\/fr\/wp-json\/wp\/v2\/posts\/15816\/revisions\/15840"}],"wp:featuredmedia":[{"embeddable":true,"href":"https:\/\/www.renouvelle.be\/fr\/wp-json\/wp\/v2\/media\/15824"}],"wp:attachment":[{"href":"https:\/\/www.renouvelle.be\/fr\/wp-json\/wp\/v2\/media?parent=15816"}],"wp:term":[{"taxonomy":"category","embeddable":true,"href":"https:\/\/www.renouvelle.be\/fr\/wp-json\/wp\/v2\/categories?post=15816"},{"taxonomy":"post_tag","embeddable":true,"href":"https:\/\/www.renouvelle.be\/fr\/wp-json\/wp\/v2\/tags?post=15816"},{"taxonomy":"section","embeddable":true,"href":"https:\/\/www.renouvelle.be\/fr\/wp-json\/wp\/v2\/section?post=15816"}],"curies":[{"name":"wp","href":"https:\/\/api.w.org\/{rel}","templated":true}]}}