{"id":15805,"date":"2025-10-27T10:27:57","date_gmt":"2025-10-27T09:27:57","guid":{"rendered":"https:\/\/www.renouvelle.be\/?p=15805"},"modified":"2025-10-27T10:28:00","modified_gmt":"2025-10-27T09:28:00","slug":"surtarifs-fournisseurs-partage-energie","status":"publish","type":"post","link":"https:\/\/www.renouvelle.be\/fr\/surtarifs-fournisseurs-partage-energie\/","title":{"rendered":"Surtarifs fournisseurs : un frein au partage d\u2019\u00e9nergie ?"},"content":{"rendered":"\n<p>La surtarification des fournisseurs est un ensemble de frais suppl\u00e9mentaires factur\u00e9s aux clients r\u00e9sidentiels qui pratiquent une activit\u00e9 dite \u201cd\u00e9centralis\u00e9e\u201d comme l\u2019autoproduction d\u2019\u00e9nergie solaire ou le partage d\u2019\u00e9lectricit\u00e9. Ces frais se justifient comme \u00e9tant une cons\u00e9quence de l\u2019impact financier que ces activit\u00e9s ont sur les fournisseurs comme l\u2019ajout d\u2019une nouvelle charge administrative qui recouvre, entre autres, le traitement manuel des donn\u00e9es du partage, l\u2019\u00e9quilibrage, etc.<\/p>\n\n\n\n<p>Mais \u00e7a n\u2019est pas tout, les prosumers wallons b\u00e9n\u00e9ficiant encore du syst\u00e8me de compensation jusqu\u2019en 2030 doivent aussi payer des surtarifs. Cela s\u2019explique par le fait que, gr\u00e2ce \u00e0 la compensation, ces prosumers re\u00e7oivent pour chaque kWh inject\u00e9 sur le r\u00e9seau, le m\u00eame prix que celui qu\u2019ils paient pour consommer, alors qu\u2019en dehors de ce syst\u00e8me, l\u2019\u00e9lectricit\u00e9 inject\u00e9e est rachet\u00e9e \u00e0 un tarif bien plus bas. Attention, le surco\u00fbt li\u00e9 \u00e0 ce syst\u00e8me ne se cumule pas avec celui li\u00e9 \u00e0 un partage d\u2019\u00e9nergie.<\/p>\n\n\n\n<p>Bien que l\u00e9gitimes, ces surtarifs se multiplient et pourraient poser un probl\u00e8me \u00e0 plusieurs \u00e9gards \u00e0 commencer par un d\u00e9couragement des potentiels int\u00e9ress\u00e9s par une activit\u00e9 de partage d\u2019\u00e9nergie, en la rendant moins profitable pour le consommateur. Cela sans compter que d\u2019autres pratiques pourraient \u00eatre aussi concern\u00e9es comme les services de flexibilit\u00e9 offerts au r\u00e9seau par un client raccord\u00e9 au r\u00e9seau basse tension.<\/p>\n\n\n\n<p>Ces surtarifs n\u2019apparaissant pas toujours dans les prix indiqu\u00e9s des comparateurs d\u2019\u00e9nergie, ils rendent les offres des fournisseurs de plus en plus illisibles. La comparaison n\u2019est donc pas tout \u00e0 fait compl\u00e8te.<\/p>\n\n\n\n<p>Plus probl\u00e9matique encore, le r\u00e9gulateur (ici la <a href=\"https:\/\/www.creg.be\/fr\" target=\"_blank\" rel=\"noreferrer noopener\">CREG)<\/a> n\u2019a pas de moyen d\u2019action pour les r\u00e9guler ou d\u2019intervenir en cas d\u2019abus, \u00e9tant donn\u00e9 que les surtarifs se retrouvent dans la partie dite \u00ab&nbsp;lib\u00e9ralis\u00e9e&nbsp;\u00bb de la facture. R\u00e9sultat&nbsp;? Ils peuvent varier tr\u00e8s fort d\u2019un fournisseur \u00e0 l\u2019autre, et ce, sans vraiment en conna\u00eetre la raison et sans savoir si le montant est proportionnel au co\u00fbt engendr\u00e9 par l\u2019activit\u00e9 en question.<\/p>\n\n\n\n<p>Certaines entreprises ou copropri\u00e9t\u00e9s avec un contrat \u00ab\u00a0Business\u00a0\u00bb peuvent devoir payer un surco\u00fbt si elles installent des panneaux solaires. Cela vient du fait qu\u2019elles consomment moins d\u2019\u00e9lectricit\u00e9 du fournisseur, qui doit en plus racheter l\u2019\u00e9nergie qu\u2019elles injectent. Comme l\u2019\u00e9lectricit\u00e9 consomm\u00e9e reste plus ch\u00e8re \u00e0 fournir dans ce cas, certains fournisseurs imposent des p\u00e9nalit\u00e9s, sous forme de forfaits ou de hausses de prix. Pour \u00e9viter ces frais, il est recommand\u00e9 de changer de <a href=\"https:\/\/www.renouvelle.be\/fr\/changer-contrat-energie-fournisseur-economies\/\" target=\"_blank\" rel=\"noreferrer noopener\">contrat<\/a> ou de fournisseur.<\/p>\n\n\n\n<p>Pour ce qui est de la R\u00e9gion bruxelloise, les fournisseurs n\u2019en appliquent pas \u00e0 ce stade aux participants d\u2019un partage d\u2019\u00e9nergie. En effet, la transmission des donn\u00e9es collect\u00e9es par le gestionnaire de r\u00e9seau (Sibelga) vers les fournisseurs des participants, via une plateforme d\u2019\u00e9change, n\u2019est pas impact\u00e9e par le m\u00e9canisme du partage. Ils peuvent donc facturer automatiquement leurs clients, sans devoir effectuer de calculs manuels. Les frais de r\u00e9seau et autres surcharges f\u00e9d\u00e9rales li\u00e9es au partage sont \u00e0 la charge de leur gestionnaire, et non des fournisseurs.<\/p>\n\n\n\n<p>Mais alors que faire pour \u00e9viter que cela d\u00e9g\u00e9n\u00e8re ? Une modification de la loi \u00e9lectricit\u00e9 f\u00e9d\u00e9rale semble n\u00e9cessaire afin d\u2019encadrer ces diff\u00e9rentes pratiques des fournisseurs en exigeant, par exemple, le respect d\u2019un principe de proportionnalit\u00e9 ou aller encore plus loin et les interdire par d\u00e9faut tout en maintenant la possibilit\u00e9 aux fournisseurs de facturer ces surtarifs \u00e0 leurs clients mais apr\u00e8s avoir obtenu l\u2019autorisation de la CREG. Cette derni\u00e8re v\u00e9rifiera s\u2019ils sont justifi\u00e9s et proportionnels<em>.<\/em><\/p>\n\n\n\n<p><\/p>\n\n\n\n<p><\/p>\n","protected":false},"excerpt":{"rendered":"<p>La surtarification des fournisseurs est un ensemble de frais suppl\u00e9mentaires factur\u00e9s aux clients r\u00e9sidentiels qui pratiquent une activit\u00e9 dite \u201cd\u00e9centralis\u00e9e\u201d comme l\u2019autoproduction d\u2019\u00e9nergie solaire ou le partage d\u2019\u00e9lectricit\u00e9. Ces frais se justifient comme \u00e9tant une cons\u00e9quence de l\u2019impact financier que ces activit\u00e9s ont sur les fournisseurs comme l\u2019ajout d\u2019une nouvelle charge administrative qui recouvre, entre autres, le traitement manuel des donn\u00e9es du partage, l\u2019\u00e9quilibrage, etc. Mais \u00e7a n\u2019est pas tout, les prosumers wallons b\u00e9n\u00e9ficiant encore du syst\u00e8me de compensation jusqu\u2019en 2030 doivent aussi payer des surtarifs. Cela s\u2019explique par le fait que, gr\u00e2ce \u00e0 la compensation, ces prosumers re\u00e7oivent pour chaque kWh inject\u00e9 sur le r\u00e9seau, le m\u00eame prix que celui qu\u2019ils paient pour consommer, alors qu\u2019en dehors de ce syst\u00e8me, l\u2019\u00e9lectricit\u00e9 inject\u00e9e est rachet\u00e9e \u00e0 un tarif bien plus bas. Attention, le surco\u00fbt li\u00e9 \u00e0 ce syst\u00e8me ne se cumule pas avec celui li\u00e9 \u00e0 un partage d\u2019\u00e9nergie. Bien que l\u00e9gitimes, ces surtarifs se multiplient et pourraient poser un probl\u00e8me \u00e0 plusieurs \u00e9gards \u00e0 commencer par un d\u00e9couragement des potentiels int\u00e9ress\u00e9s par une activit\u00e9 de partage d\u2019\u00e9nergie, en la rendant moins profitable pour le consommateur. Cela sans compter que d\u2019autres pratiques pourraient \u00eatre aussi concern\u00e9es comme les services de flexibilit\u00e9 offerts au r\u00e9seau par un client raccord\u00e9 au r\u00e9seau basse tension. Ces surtarifs n\u2019apparaissant pas toujours dans les prix indiqu\u00e9s des comparateurs d\u2019\u00e9nergie, ils rendent les offres des fournisseurs de plus en plus illisibles. La comparaison n\u2019est donc pas tout \u00e0 fait compl\u00e8te. Plus probl\u00e9matique encore, le r\u00e9gulateur (ici la CREG) n\u2019a pas de moyen d\u2019action pour les r\u00e9guler ou d\u2019intervenir en cas d\u2019abus, \u00e9tant donn\u00e9 que les surtarifs se retrouvent dans la partie dite \u00ab&nbsp;lib\u00e9ralis\u00e9e&nbsp;\u00bb de la facture. R\u00e9sultat&nbsp;? Ils peuvent varier tr\u00e8s fort d\u2019un fournisseur \u00e0 l\u2019autre, &hellip; <a href=\"https:\/\/www.renouvelle.be\/fr\/surtarifs-fournisseurs-partage-energie\/\" class=\"more-link\">Continue reading<span class=\"screen-reader-text\"> \u00ab\u00a0Surtarifs fournisseurs : un frein au partage d\u2019\u00e9nergie ?\u00a0\u00bb<\/span><\/a><\/p>\n","protected":false},"author":24,"featured_media":15811,"comment_status":"closed","ping_status":"closed","sticky":false,"template":"","format":"standard","meta":{"_acf_changed":false,"footnotes":""},"categories":[],"tags":[],"section":[5,13],"class_list":["post-15805","post","type-post","status-publish","format-standard","has-post-thumbnail","hentry","section-communaute-denergie","section-solaire"],"acf":[],"yoast_head":"<!-- This site is optimized with the Yoast SEO plugin v27.5 - https:\/\/yoast.com\/product\/yoast-seo-wordpress\/ -->\n<title>Surtarifs fournisseurs : un frein au partage d\u2019\u00e9nergie ? - Renouvelle<\/title>\n<meta name=\"description\" content=\"Les surtarifs fournisseurs pourraient-ils ralentir la d\u00e9veloppement des activit\u00e9s de partage d&#039;\u00e9nergie et refroidir les citoyens ?\" \/>\n<meta name=\"robots\" content=\"index, follow, max-snippet:-1, max-image-preview:large, max-video-preview:-1\" \/>\n<link rel=\"canonical\" href=\"https:\/\/www.renouvelle.be\/fr\/surtarifs-fournisseurs-partage-energie\/\" \/>\n<meta property=\"og:locale\" content=\"fr_FR\" \/>\n<meta property=\"og:type\" content=\"article\" \/>\n<meta property=\"og:title\" content=\"Surtarifs fournisseurs : un frein au partage d\u2019\u00e9nergie ? - Renouvelle\" \/>\n<meta property=\"og:description\" content=\"Les surtarifs fournisseurs pourraient-ils ralentir la d\u00e9veloppement des activit\u00e9s de partage d&#039;\u00e9nergie et refroidir les citoyens ?\" \/>\n<meta property=\"og:url\" content=\"https:\/\/www.renouvelle.be\/fr\/surtarifs-fournisseurs-partage-energie\/\" \/>\n<meta property=\"og:site_name\" content=\"Renouvelle\" \/>\n<meta property=\"article:published_time\" content=\"2025-10-27T09:27:57+00:00\" \/>\n<meta property=\"article:modified_time\" content=\"2025-10-27T09:28:00+00:00\" \/>\n<meta property=\"og:image\" content=\"https:\/\/www.renouvelle.be\/wp-content\/uploads\/2025\/10\/AdobeStock_218893645-scaled-e1761032417686.jpeg\" \/>\n\t<meta property=\"og:image:width\" content=\"2206\" \/>\n\t<meta property=\"og:image:height\" content=\"1314\" \/>\n\t<meta property=\"og:image:type\" content=\"image\/jpeg\" \/>\n<meta name=\"author\" content=\"Mathieu BOURGEOIS\" \/>\n<meta name=\"twitter:card\" content=\"summary_large_image\" \/>\n<script type=\"application\/ld+json\" class=\"yoast-schema-graph\">{\"@context\":\"https:\\\/\\\/schema.org\",\"@graph\":[{\"@type\":\"Article\",\"@id\":\"https:\\\/\\\/www.renouvelle.be\\\/fr\\\/surtarifs-fournisseurs-partage-energie\\\/#article\",\"isPartOf\":{\"@id\":\"https:\\\/\\\/www.renouvelle.be\\\/fr\\\/surtarifs-fournisseurs-partage-energie\\\/\"},\"author\":{\"name\":\"Mathieu BOURGEOIS\",\"@id\":\"https:\\\/\\\/www.renouvelle.be\\\/fr\\\/#\\\/schema\\\/person\\\/25b0106180029ed5faaae2c145f02f09\"},\"headline\":\"Surtarifs fournisseurs : un frein au partage d\u2019\u00e9nergie ?\",\"datePublished\":\"2025-10-27T09:27:57+00:00\",\"dateModified\":\"2025-10-27T09:28:00+00:00\",\"mainEntityOfPage\":{\"@id\":\"https:\\\/\\\/www.renouvelle.be\\\/fr\\\/surtarifs-fournisseurs-partage-energie\\\/\"},\"wordCount\":656,\"image\":{\"@id\":\"https:\\\/\\\/www.renouvelle.be\\\/fr\\\/surtarifs-fournisseurs-partage-energie\\\/#primaryimage\"},\"thumbnailUrl\":\"https:\\\/\\\/www.renouvelle.be\\\/wp-content\\\/uploads\\\/2025\\\/10\\\/AdobeStock_218893645-scaled-e1761032417686.jpeg\",\"inLanguage\":\"fr-FR\"},{\"@type\":\"WebPage\",\"@id\":\"https:\\\/\\\/www.renouvelle.be\\\/fr\\\/surtarifs-fournisseurs-partage-energie\\\/\",\"url\":\"https:\\\/\\\/www.renouvelle.be\\\/fr\\\/surtarifs-fournisseurs-partage-energie\\\/\",\"name\":\"Surtarifs fournisseurs : un frein au partage d\u2019\u00e9nergie ? - Renouvelle\",\"isPartOf\":{\"@id\":\"https:\\\/\\\/www.renouvelle.be\\\/fr\\\/#website\"},\"primaryImageOfPage\":{\"@id\":\"https:\\\/\\\/www.renouvelle.be\\\/fr\\\/surtarifs-fournisseurs-partage-energie\\\/#primaryimage\"},\"image\":{\"@id\":\"https:\\\/\\\/www.renouvelle.be\\\/fr\\\/surtarifs-fournisseurs-partage-energie\\\/#primaryimage\"},\"thumbnailUrl\":\"https:\\\/\\\/www.renouvelle.be\\\/wp-content\\\/uploads\\\/2025\\\/10\\\/AdobeStock_218893645-scaled-e1761032417686.jpeg\",\"datePublished\":\"2025-10-27T09:27:57+00:00\",\"dateModified\":\"2025-10-27T09:28:00+00:00\",\"author\":{\"@id\":\"https:\\\/\\\/www.renouvelle.be\\\/fr\\\/#\\\/schema\\\/person\\\/25b0106180029ed5faaae2c145f02f09\"},\"description\":\"Les surtarifs fournisseurs pourraient-ils ralentir la d\u00e9veloppement des activit\u00e9s de partage d'\u00e9nergie et refroidir les citoyens ?\",\"breadcrumb\":{\"@id\":\"https:\\\/\\\/www.renouvelle.be\\\/fr\\\/surtarifs-fournisseurs-partage-energie\\\/#breadcrumb\"},\"inLanguage\":\"fr-FR\",\"potentialAction\":[{\"@type\":\"ReadAction\",\"target\":[\"https:\\\/\\\/www.renouvelle.be\\\/fr\\\/surtarifs-fournisseurs-partage-energie\\\/\"]}]},{\"@type\":\"ImageObject\",\"inLanguage\":\"fr-FR\",\"@id\":\"https:\\\/\\\/www.renouvelle.be\\\/fr\\\/surtarifs-fournisseurs-partage-energie\\\/#primaryimage\",\"url\":\"https:\\\/\\\/www.renouvelle.be\\\/wp-content\\\/uploads\\\/2025\\\/10\\\/AdobeStock_218893645-scaled-e1761032417686.jpeg\",\"contentUrl\":\"https:\\\/\\\/www.renouvelle.be\\\/wp-content\\\/uploads\\\/2025\\\/10\\\/AdobeStock_218893645-scaled-e1761032417686.jpeg\",\"width\":2206,\"height\":1314,\"caption\":\"surtarifs fournisseurs partage \u00e9nergie\"},{\"@type\":\"BreadcrumbList\",\"@id\":\"https:\\\/\\\/www.renouvelle.be\\\/fr\\\/surtarifs-fournisseurs-partage-energie\\\/#breadcrumb\",\"itemListElement\":[{\"@type\":\"ListItem\",\"position\":1,\"name\":\"Accueil\",\"item\":\"https:\\\/\\\/www.renouvelle.be\\\/fr\\\/\"},{\"@type\":\"ListItem\",\"position\":2,\"name\":\"Surtarifs fournisseurs : un frein au partage d\u2019\u00e9nergie ?\"}]},{\"@type\":\"WebSite\",\"@id\":\"https:\\\/\\\/www.renouvelle.be\\\/fr\\\/#website\",\"url\":\"https:\\\/\\\/www.renouvelle.be\\\/fr\\\/\",\"name\":\"Renouvelle\",\"description\":\"L&#039;actualit\u00e9 de l&#039;\u00e9nergie durable\",\"potentialAction\":[{\"@type\":\"SearchAction\",\"target\":{\"@type\":\"EntryPoint\",\"urlTemplate\":\"https:\\\/\\\/www.renouvelle.be\\\/fr\\\/?s={search_term_string}\"},\"query-input\":{\"@type\":\"PropertyValueSpecification\",\"valueRequired\":true,\"valueName\":\"search_term_string\"}}],\"inLanguage\":\"fr-FR\"},{\"@type\":\"Person\",\"@id\":\"https:\\\/\\\/www.renouvelle.be\\\/fr\\\/#\\\/schema\\\/person\\\/25b0106180029ed5faaae2c145f02f09\",\"name\":\"Mathieu BOURGEOIS\",\"url\":\"https:\\\/\\\/www.renouvelle.be\\\/fr\\\/author\\\/mathieubourgeois\\\/\"}]}<\/script>\n<!-- \/ Yoast SEO plugin. -->","yoast_head_json":{"title":"Surtarifs fournisseurs : un frein au partage d\u2019\u00e9nergie ? - Renouvelle","description":"Les surtarifs fournisseurs pourraient-ils ralentir la d\u00e9veloppement des activit\u00e9s de partage d'\u00e9nergie et refroidir les citoyens ?","robots":{"index":"index","follow":"follow","max-snippet":"max-snippet:-1","max-image-preview":"max-image-preview:large","max-video-preview":"max-video-preview:-1"},"canonical":"https:\/\/www.renouvelle.be\/fr\/surtarifs-fournisseurs-partage-energie\/","og_locale":"fr_FR","og_type":"article","og_title":"Surtarifs fournisseurs : un frein au partage d\u2019\u00e9nergie ? - Renouvelle","og_description":"Les surtarifs fournisseurs pourraient-ils ralentir la d\u00e9veloppement des activit\u00e9s de partage d'\u00e9nergie et refroidir les citoyens ?","og_url":"https:\/\/www.renouvelle.be\/fr\/surtarifs-fournisseurs-partage-energie\/","og_site_name":"Renouvelle","article_published_time":"2025-10-27T09:27:57+00:00","article_modified_time":"2025-10-27T09:28:00+00:00","og_image":[{"width":2206,"height":1314,"url":"https:\/\/www.renouvelle.be\/wp-content\/uploads\/2025\/10\/AdobeStock_218893645-scaled-e1761032417686.jpeg","type":"image\/jpeg"}],"author":"Mathieu BOURGEOIS","twitter_card":"summary_large_image","schema":{"@context":"https:\/\/schema.org","@graph":[{"@type":"Article","@id":"https:\/\/www.renouvelle.be\/fr\/surtarifs-fournisseurs-partage-energie\/#article","isPartOf":{"@id":"https:\/\/www.renouvelle.be\/fr\/surtarifs-fournisseurs-partage-energie\/"},"author":{"name":"Mathieu BOURGEOIS","@id":"https:\/\/www.renouvelle.be\/fr\/#\/schema\/person\/25b0106180029ed5faaae2c145f02f09"},"headline":"Surtarifs fournisseurs : un frein au partage d\u2019\u00e9nergie ?","datePublished":"2025-10-27T09:27:57+00:00","dateModified":"2025-10-27T09:28:00+00:00","mainEntityOfPage":{"@id":"https:\/\/www.renouvelle.be\/fr\/surtarifs-fournisseurs-partage-energie\/"},"wordCount":656,"image":{"@id":"https:\/\/www.renouvelle.be\/fr\/surtarifs-fournisseurs-partage-energie\/#primaryimage"},"thumbnailUrl":"https:\/\/www.renouvelle.be\/wp-content\/uploads\/2025\/10\/AdobeStock_218893645-scaled-e1761032417686.jpeg","inLanguage":"fr-FR"},{"@type":"WebPage","@id":"https:\/\/www.renouvelle.be\/fr\/surtarifs-fournisseurs-partage-energie\/","url":"https:\/\/www.renouvelle.be\/fr\/surtarifs-fournisseurs-partage-energie\/","name":"Surtarifs fournisseurs : un frein au partage d\u2019\u00e9nergie ? - Renouvelle","isPartOf":{"@id":"https:\/\/www.renouvelle.be\/fr\/#website"},"primaryImageOfPage":{"@id":"https:\/\/www.renouvelle.be\/fr\/surtarifs-fournisseurs-partage-energie\/#primaryimage"},"image":{"@id":"https:\/\/www.renouvelle.be\/fr\/surtarifs-fournisseurs-partage-energie\/#primaryimage"},"thumbnailUrl":"https:\/\/www.renouvelle.be\/wp-content\/uploads\/2025\/10\/AdobeStock_218893645-scaled-e1761032417686.jpeg","datePublished":"2025-10-27T09:27:57+00:00","dateModified":"2025-10-27T09:28:00+00:00","author":{"@id":"https:\/\/www.renouvelle.be\/fr\/#\/schema\/person\/25b0106180029ed5faaae2c145f02f09"},"description":"Les surtarifs fournisseurs pourraient-ils ralentir la d\u00e9veloppement des activit\u00e9s de partage d'\u00e9nergie et refroidir les citoyens ?","breadcrumb":{"@id":"https:\/\/www.renouvelle.be\/fr\/surtarifs-fournisseurs-partage-energie\/#breadcrumb"},"inLanguage":"fr-FR","potentialAction":[{"@type":"ReadAction","target":["https:\/\/www.renouvelle.be\/fr\/surtarifs-fournisseurs-partage-energie\/"]}]},{"@type":"ImageObject","inLanguage":"fr-FR","@id":"https:\/\/www.renouvelle.be\/fr\/surtarifs-fournisseurs-partage-energie\/#primaryimage","url":"https:\/\/www.renouvelle.be\/wp-content\/uploads\/2025\/10\/AdobeStock_218893645-scaled-e1761032417686.jpeg","contentUrl":"https:\/\/www.renouvelle.be\/wp-content\/uploads\/2025\/10\/AdobeStock_218893645-scaled-e1761032417686.jpeg","width":2206,"height":1314,"caption":"surtarifs fournisseurs partage \u00e9nergie"},{"@type":"BreadcrumbList","@id":"https:\/\/www.renouvelle.be\/fr\/surtarifs-fournisseurs-partage-energie\/#breadcrumb","itemListElement":[{"@type":"ListItem","position":1,"name":"Accueil","item":"https:\/\/www.renouvelle.be\/fr\/"},{"@type":"ListItem","position":2,"name":"Surtarifs fournisseurs : un frein au partage d\u2019\u00e9nergie ?"}]},{"@type":"WebSite","@id":"https:\/\/www.renouvelle.be\/fr\/#website","url":"https:\/\/www.renouvelle.be\/fr\/","name":"Renouvelle","description":"L&#039;actualit\u00e9 de l&#039;\u00e9nergie durable","potentialAction":[{"@type":"SearchAction","target":{"@type":"EntryPoint","urlTemplate":"https:\/\/www.renouvelle.be\/fr\/?s={search_term_string}"},"query-input":{"@type":"PropertyValueSpecification","valueRequired":true,"valueName":"search_term_string"}}],"inLanguage":"fr-FR"},{"@type":"Person","@id":"https:\/\/www.renouvelle.be\/fr\/#\/schema\/person\/25b0106180029ed5faaae2c145f02f09","name":"Mathieu BOURGEOIS","url":"https:\/\/www.renouvelle.be\/fr\/author\/mathieubourgeois\/"}]}},"_links":{"self":[{"href":"https:\/\/www.renouvelle.be\/fr\/wp-json\/wp\/v2\/posts\/15805","targetHints":{"allow":["GET"]}}],"collection":[{"href":"https:\/\/www.renouvelle.be\/fr\/wp-json\/wp\/v2\/posts"}],"about":[{"href":"https:\/\/www.renouvelle.be\/fr\/wp-json\/wp\/v2\/types\/post"}],"author":[{"embeddable":true,"href":"https:\/\/www.renouvelle.be\/fr\/wp-json\/wp\/v2\/users\/24"}],"replies":[{"embeddable":true,"href":"https:\/\/www.renouvelle.be\/fr\/wp-json\/wp\/v2\/comments?post=15805"}],"version-history":[{"count":5,"href":"https:\/\/www.renouvelle.be\/fr\/wp-json\/wp\/v2\/posts\/15805\/revisions"}],"predecessor-version":[{"id":15841,"href":"https:\/\/www.renouvelle.be\/fr\/wp-json\/wp\/v2\/posts\/15805\/revisions\/15841"}],"wp:featuredmedia":[{"embeddable":true,"href":"https:\/\/www.renouvelle.be\/fr\/wp-json\/wp\/v2\/media\/15811"}],"wp:attachment":[{"href":"https:\/\/www.renouvelle.be\/fr\/wp-json\/wp\/v2\/media?parent=15805"}],"wp:term":[{"taxonomy":"category","embeddable":true,"href":"https:\/\/www.renouvelle.be\/fr\/wp-json\/wp\/v2\/categories?post=15805"},{"taxonomy":"post_tag","embeddable":true,"href":"https:\/\/www.renouvelle.be\/fr\/wp-json\/wp\/v2\/tags?post=15805"},{"taxonomy":"section","embeddable":true,"href":"https:\/\/www.renouvelle.be\/fr\/wp-json\/wp\/v2\/section?post=15805"}],"curies":[{"name":"wp","href":"https:\/\/api.w.org\/{rel}","templated":true}]}}