{"id":15799,"date":"2025-10-16T16:37:36","date_gmt":"2025-10-16T14:37:36","guid":{"rendered":"https:\/\/www.renouvelle.be\/?p=15799"},"modified":"2025-10-16T16:37:38","modified_gmt":"2025-10-16T14:37:38","slug":"une-ile-photovoltaique-bientot-mise-en-service-a-soignies","status":"publish","type":"post","link":"https:\/\/www.renouvelle.be\/fr\/une-ile-photovoltaique-bientot-mise-en-service-a-soignies\/","title":{"rendered":"Une \u00eele photovolta\u00efque bient\u00f4t mise en service \u00e0 Soignies"},"content":{"rendered":"\n<p>La transition \u00e9nerg\u00e9tique ne se passera pas que sur les toits. Depuis quelques mois, les annonces de mise en service ou de construction de <a href=\"https:\/\/www.renouvelle.be\/fr\/nymphaea-aurora-solaire-flottant\/\">parcs solaires flottant<\/a> se multiplient en Europe : en Allemagne, en France, aux Pays-Bas ou encore au Portugal pour n\u2019en citer que quelques-uns. La Belgique n\u2019est pas en reste et notamment avec celui situ\u00e9 \u00e0 Dessel. Mais il faudra aussi compter sur l\u2019\u00eele photovolta\u00efque de Soignies.<\/p>\n\n\n\n<p>Et c\u2019est sur le plan d\u2019eau de la carri\u00e8re de Perlonjour que cela se passera. Quelques 12.500 panneaux solaires viendront flotter \u00e0 sa surface. D\u2019une superficie de 28 986 m\u00b2, le parc repr\u00e9sentera l\u2019\u00e9quivalent de 4 terrains de football. D\u2019une puissance de 6.124 MWc, l\u2019estimation de sa production annuelle se chiffre \u00e0 5.695 MWh soit la consommation de 1630 foyers wallons.<\/p>\n\n\n\n<p>\u00c0 l\u2019origine du projet, on retrouve bien s\u00fbr la Ville de Soignies mais aussi le fonds d\u2019investissement Green for Power SA (G4P) ainsi que la coop\u00e9rative citoyenne <a href=\"https:\/\/clef.be\/\" target=\"_blank\" rel=\"noreferrer noopener\">CLEF<\/a>. Cette derni\u00e8re est un d\u00e9tail important du projet puisqu\u2019elle permettra aux citoyens d\u2019investir dans l\u2019\u00eele photovolta\u00efque en devenant coop\u00e9rateurs. En achetant une part de 250 euros (ou plusieurs), le coop\u00e9rateur b\u00e9n\u00e9ficiera d\u2019un rendement de 4 \u00e0 6% et d\u2019une \u00e9lectricit\u00e9 verte via <a href=\"https:\/\/www.cociter.be\/\" target=\"_blank\" rel=\"noreferrer noopener\">Cociter<\/a>, un fournisseur local en \u00e9nergie et en circuit court.<\/p>\n\n\n\n<p>La mise en service de l\u2019\u00eele photovolta\u00efque de Soignies devrait avoir lieu courant du premier semestre 2026.<\/p>\n","protected":false},"excerpt":{"rendered":"<p>La transition \u00e9nerg\u00e9tique ne se passera pas que sur les toits. Depuis quelques mois, les annonces de mise en service ou de construction de parcs solaires flottant se multiplient en Europe : en Allemagne, en France, aux Pays-Bas ou encore au Portugal pour n\u2019en citer que quelques-uns. La Belgique n\u2019est pas en reste et notamment avec celui situ\u00e9 \u00e0 Dessel. Mais il faudra aussi compter sur l\u2019\u00eele photovolta\u00efque de Soignies. Et c\u2019est sur le plan d\u2019eau de la carri\u00e8re de Perlonjour que cela se passera. Quelques 12.500 panneaux solaires viendront flotter \u00e0 sa surface. D\u2019une superficie de 28 986 m\u00b2, le parc repr\u00e9sentera l\u2019\u00e9quivalent de 4 terrains de football. D\u2019une puissance de 6.124 MWc, l\u2019estimation de sa production annuelle se chiffre \u00e0 5.695 MWh soit la consommation de 1630 foyers wallons. \u00c0 l\u2019origine du projet, on retrouve bien s\u00fbr la Ville de Soignies mais aussi le fonds d\u2019investissement Green for Power SA (G4P) ainsi que la coop\u00e9rative citoyenne CLEF. Cette derni\u00e8re est un d\u00e9tail important du projet puisqu\u2019elle permettra aux citoyens d\u2019investir dans l\u2019\u00eele photovolta\u00efque en devenant coop\u00e9rateurs. En achetant une part de 250 euros (ou plusieurs), le coop\u00e9rateur b\u00e9n\u00e9ficiera d\u2019un rendement de 4 \u00e0 6% et d\u2019une \u00e9lectricit\u00e9 verte via Cociter, un fournisseur local en \u00e9nergie et en circuit court. La mise en service de l\u2019\u00eele photovolta\u00efque de Soignies devrait avoir lieu courant du premier semestre 2026.<\/p>\n","protected":false},"author":38,"featured_media":15801,"comment_status":"closed","ping_status":"closed","sticky":false,"template":"","format":"standard","meta":{"_acf_changed":false,"footnotes":""},"categories":[17],"tags":[],"section":[8,13],"class_list":["post-15799","post","type-post","status-publish","format-standard","has-post-thumbnail","hentry","category-actualite-en-belgique","section-energie-renouvelables","section-solaire"],"acf":[],"yoast_head":"<!-- This site is optimized with the Yoast SEO plugin v27.5 - https:\/\/yoast.com\/product\/yoast-seo-wordpress\/ -->\n<title>Une \u00eele photovolta\u00efque bient\u00f4t mise en service \u00e0 Soignies - Renouvelle<\/title>\n<meta name=\"description\" content=\"Une \u00eele photovolta\u00efque \u00e0 Soignies ? La construction est en cours et la mise en service est pr\u00e9vue pour le premier semestre 2026.\" \/>\n<meta name=\"robots\" content=\"index, follow, max-snippet:-1, max-image-preview:large, max-video-preview:-1\" \/>\n<link rel=\"canonical\" href=\"https:\/\/www.renouvelle.be\/fr\/une-ile-photovoltaique-bientot-mise-en-service-a-soignies\/\" \/>\n<meta property=\"og:locale\" content=\"fr_FR\" \/>\n<meta property=\"og:type\" content=\"article\" \/>\n<meta property=\"og:title\" content=\"Une \u00eele photovolta\u00efque bient\u00f4t mise en service \u00e0 Soignies - Renouvelle\" \/>\n<meta property=\"og:description\" content=\"Une \u00eele photovolta\u00efque \u00e0 Soignies ? La construction est en cours et la mise en service est pr\u00e9vue pour le premier semestre 2026.\" \/>\n<meta property=\"og:url\" content=\"https:\/\/www.renouvelle.be\/fr\/une-ile-photovoltaique-bientot-mise-en-service-a-soignies\/\" \/>\n<meta property=\"og:site_name\" content=\"Renouvelle\" \/>\n<meta property=\"article:published_time\" content=\"2025-10-16T14:37:36+00:00\" \/>\n<meta property=\"article:modified_time\" content=\"2025-10-16T14:37:38+00:00\" \/>\n<meta property=\"og:image\" content=\"https:\/\/www.renouvelle.be\/wp-content\/uploads\/2025\/10\/AdobeStock_472858024-scaled.jpeg\" \/>\n\t<meta property=\"og:image:width\" content=\"2560\" \/>\n\t<meta property=\"og:image:height\" content=\"1706\" \/>\n\t<meta property=\"og:image:type\" content=\"image\/jpeg\" \/>\n<meta name=\"author\" content=\"Samuel Alves\" \/>\n<meta name=\"twitter:card\" content=\"summary_large_image\" \/>\n<script type=\"application\/ld+json\" class=\"yoast-schema-graph\">{\"@context\":\"https:\\\/\\\/schema.org\",\"@graph\":[{\"@type\":\"Article\",\"@id\":\"https:\\\/\\\/www.renouvelle.be\\\/fr\\\/une-ile-photovoltaique-bientot-mise-en-service-a-soignies\\\/#article\",\"isPartOf\":{\"@id\":\"https:\\\/\\\/www.renouvelle.be\\\/fr\\\/une-ile-photovoltaique-bientot-mise-en-service-a-soignies\\\/\"},\"author\":{\"name\":\"Samuel Alves\",\"@id\":\"https:\\\/\\\/www.renouvelle.be\\\/fr\\\/#\\\/schema\\\/person\\\/9d743366fb269eeceaa8d60e98d289d3\"},\"headline\":\"Une \u00eele photovolta\u00efque bient\u00f4t mise en service \u00e0 Soignies\",\"datePublished\":\"2025-10-16T14:37:36+00:00\",\"dateModified\":\"2025-10-16T14:37:38+00:00\",\"mainEntityOfPage\":{\"@id\":\"https:\\\/\\\/www.renouvelle.be\\\/fr\\\/une-ile-photovoltaique-bientot-mise-en-service-a-soignies\\\/\"},\"wordCount\":253,\"image\":{\"@id\":\"https:\\\/\\\/www.renouvelle.be\\\/fr\\\/une-ile-photovoltaique-bientot-mise-en-service-a-soignies\\\/#primaryimage\"},\"thumbnailUrl\":\"https:\\\/\\\/www.renouvelle.be\\\/wp-content\\\/uploads\\\/2025\\\/10\\\/AdobeStock_472858024-scaled.jpeg\",\"articleSection\":[\"Actualit\u00e9 en Belgique\"],\"inLanguage\":\"fr-FR\"},{\"@type\":\"WebPage\",\"@id\":\"https:\\\/\\\/www.renouvelle.be\\\/fr\\\/une-ile-photovoltaique-bientot-mise-en-service-a-soignies\\\/\",\"url\":\"https:\\\/\\\/www.renouvelle.be\\\/fr\\\/une-ile-photovoltaique-bientot-mise-en-service-a-soignies\\\/\",\"name\":\"Une \u00eele photovolta\u00efque bient\u00f4t mise en service \u00e0 Soignies - Renouvelle\",\"isPartOf\":{\"@id\":\"https:\\\/\\\/www.renouvelle.be\\\/fr\\\/#website\"},\"primaryImageOfPage\":{\"@id\":\"https:\\\/\\\/www.renouvelle.be\\\/fr\\\/une-ile-photovoltaique-bientot-mise-en-service-a-soignies\\\/#primaryimage\"},\"image\":{\"@id\":\"https:\\\/\\\/www.renouvelle.be\\\/fr\\\/une-ile-photovoltaique-bientot-mise-en-service-a-soignies\\\/#primaryimage\"},\"thumbnailUrl\":\"https:\\\/\\\/www.renouvelle.be\\\/wp-content\\\/uploads\\\/2025\\\/10\\\/AdobeStock_472858024-scaled.jpeg\",\"datePublished\":\"2025-10-16T14:37:36+00:00\",\"dateModified\":\"2025-10-16T14:37:38+00:00\",\"author\":{\"@id\":\"https:\\\/\\\/www.renouvelle.be\\\/fr\\\/#\\\/schema\\\/person\\\/9d743366fb269eeceaa8d60e98d289d3\"},\"description\":\"Une \u00eele photovolta\u00efque \u00e0 Soignies ? La construction est en cours et la mise en service est pr\u00e9vue pour le premier semestre 2026.\",\"breadcrumb\":{\"@id\":\"https:\\\/\\\/www.renouvelle.be\\\/fr\\\/une-ile-photovoltaique-bientot-mise-en-service-a-soignies\\\/#breadcrumb\"},\"inLanguage\":\"fr-FR\",\"potentialAction\":[{\"@type\":\"ReadAction\",\"target\":[\"https:\\\/\\\/www.renouvelle.be\\\/fr\\\/une-ile-photovoltaique-bientot-mise-en-service-a-soignies\\\/\"]}]},{\"@type\":\"ImageObject\",\"inLanguage\":\"fr-FR\",\"@id\":\"https:\\\/\\\/www.renouvelle.be\\\/fr\\\/une-ile-photovoltaique-bientot-mise-en-service-a-soignies\\\/#primaryimage\",\"url\":\"https:\\\/\\\/www.renouvelle.be\\\/wp-content\\\/uploads\\\/2025\\\/10\\\/AdobeStock_472858024-scaled.jpeg\",\"contentUrl\":\"https:\\\/\\\/www.renouvelle.be\\\/wp-content\\\/uploads\\\/2025\\\/10\\\/AdobeStock_472858024-scaled.jpeg\",\"width\":2560,\"height\":1706,\"caption\":\"\u00eele photovolta\u00efque Soignies\"},{\"@type\":\"BreadcrumbList\",\"@id\":\"https:\\\/\\\/www.renouvelle.be\\\/fr\\\/une-ile-photovoltaique-bientot-mise-en-service-a-soignies\\\/#breadcrumb\",\"itemListElement\":[{\"@type\":\"ListItem\",\"position\":1,\"name\":\"Accueil\",\"item\":\"https:\\\/\\\/www.renouvelle.be\\\/fr\\\/\"},{\"@type\":\"ListItem\",\"position\":2,\"name\":\"Une \u00eele photovolta\u00efque bient\u00f4t mise en service \u00e0 Soignies\"}]},{\"@type\":\"WebSite\",\"@id\":\"https:\\\/\\\/www.renouvelle.be\\\/fr\\\/#website\",\"url\":\"https:\\\/\\\/www.renouvelle.be\\\/fr\\\/\",\"name\":\"Renouvelle\",\"description\":\"L&#039;actualit\u00e9 de l&#039;\u00e9nergie durable\",\"potentialAction\":[{\"@type\":\"SearchAction\",\"target\":{\"@type\":\"EntryPoint\",\"urlTemplate\":\"https:\\\/\\\/www.renouvelle.be\\\/fr\\\/?s={search_term_string}\"},\"query-input\":{\"@type\":\"PropertyValueSpecification\",\"valueRequired\":true,\"valueName\":\"search_term_string\"}}],\"inLanguage\":\"fr-FR\"},{\"@type\":\"Person\",\"@id\":\"https:\\\/\\\/www.renouvelle.be\\\/fr\\\/#\\\/schema\\\/person\\\/9d743366fb269eeceaa8d60e98d289d3\",\"name\":\"Samuel Alves\",\"url\":\"https:\\\/\\\/www.renouvelle.be\\\/fr\\\/author\\\/salves\\\/\"}]}<\/script>\n<!-- \/ Yoast SEO plugin. -->","yoast_head_json":{"title":"Une \u00eele photovolta\u00efque bient\u00f4t mise en service \u00e0 Soignies - Renouvelle","description":"Une \u00eele photovolta\u00efque \u00e0 Soignies ? La construction est en cours et la mise en service est pr\u00e9vue pour le premier semestre 2026.","robots":{"index":"index","follow":"follow","max-snippet":"max-snippet:-1","max-image-preview":"max-image-preview:large","max-video-preview":"max-video-preview:-1"},"canonical":"https:\/\/www.renouvelle.be\/fr\/une-ile-photovoltaique-bientot-mise-en-service-a-soignies\/","og_locale":"fr_FR","og_type":"article","og_title":"Une \u00eele photovolta\u00efque bient\u00f4t mise en service \u00e0 Soignies - Renouvelle","og_description":"Une \u00eele photovolta\u00efque \u00e0 Soignies ? La construction est en cours et la mise en service est pr\u00e9vue pour le premier semestre 2026.","og_url":"https:\/\/www.renouvelle.be\/fr\/une-ile-photovoltaique-bientot-mise-en-service-a-soignies\/","og_site_name":"Renouvelle","article_published_time":"2025-10-16T14:37:36+00:00","article_modified_time":"2025-10-16T14:37:38+00:00","og_image":[{"width":2560,"height":1706,"url":"https:\/\/www.renouvelle.be\/wp-content\/uploads\/2025\/10\/AdobeStock_472858024-scaled.jpeg","type":"image\/jpeg"}],"author":"Samuel Alves","twitter_card":"summary_large_image","schema":{"@context":"https:\/\/schema.org","@graph":[{"@type":"Article","@id":"https:\/\/www.renouvelle.be\/fr\/une-ile-photovoltaique-bientot-mise-en-service-a-soignies\/#article","isPartOf":{"@id":"https:\/\/www.renouvelle.be\/fr\/une-ile-photovoltaique-bientot-mise-en-service-a-soignies\/"},"author":{"name":"Samuel Alves","@id":"https:\/\/www.renouvelle.be\/fr\/#\/schema\/person\/9d743366fb269eeceaa8d60e98d289d3"},"headline":"Une \u00eele photovolta\u00efque bient\u00f4t mise en service \u00e0 Soignies","datePublished":"2025-10-16T14:37:36+00:00","dateModified":"2025-10-16T14:37:38+00:00","mainEntityOfPage":{"@id":"https:\/\/www.renouvelle.be\/fr\/une-ile-photovoltaique-bientot-mise-en-service-a-soignies\/"},"wordCount":253,"image":{"@id":"https:\/\/www.renouvelle.be\/fr\/une-ile-photovoltaique-bientot-mise-en-service-a-soignies\/#primaryimage"},"thumbnailUrl":"https:\/\/www.renouvelle.be\/wp-content\/uploads\/2025\/10\/AdobeStock_472858024-scaled.jpeg","articleSection":["Actualit\u00e9 en Belgique"],"inLanguage":"fr-FR"},{"@type":"WebPage","@id":"https:\/\/www.renouvelle.be\/fr\/une-ile-photovoltaique-bientot-mise-en-service-a-soignies\/","url":"https:\/\/www.renouvelle.be\/fr\/une-ile-photovoltaique-bientot-mise-en-service-a-soignies\/","name":"Une \u00eele photovolta\u00efque bient\u00f4t mise en service \u00e0 Soignies - Renouvelle","isPartOf":{"@id":"https:\/\/www.renouvelle.be\/fr\/#website"},"primaryImageOfPage":{"@id":"https:\/\/www.renouvelle.be\/fr\/une-ile-photovoltaique-bientot-mise-en-service-a-soignies\/#primaryimage"},"image":{"@id":"https:\/\/www.renouvelle.be\/fr\/une-ile-photovoltaique-bientot-mise-en-service-a-soignies\/#primaryimage"},"thumbnailUrl":"https:\/\/www.renouvelle.be\/wp-content\/uploads\/2025\/10\/AdobeStock_472858024-scaled.jpeg","datePublished":"2025-10-16T14:37:36+00:00","dateModified":"2025-10-16T14:37:38+00:00","author":{"@id":"https:\/\/www.renouvelle.be\/fr\/#\/schema\/person\/9d743366fb269eeceaa8d60e98d289d3"},"description":"Une \u00eele photovolta\u00efque \u00e0 Soignies ? La construction est en cours et la mise en service est pr\u00e9vue pour le premier semestre 2026.","breadcrumb":{"@id":"https:\/\/www.renouvelle.be\/fr\/une-ile-photovoltaique-bientot-mise-en-service-a-soignies\/#breadcrumb"},"inLanguage":"fr-FR","potentialAction":[{"@type":"ReadAction","target":["https:\/\/www.renouvelle.be\/fr\/une-ile-photovoltaique-bientot-mise-en-service-a-soignies\/"]}]},{"@type":"ImageObject","inLanguage":"fr-FR","@id":"https:\/\/www.renouvelle.be\/fr\/une-ile-photovoltaique-bientot-mise-en-service-a-soignies\/#primaryimage","url":"https:\/\/www.renouvelle.be\/wp-content\/uploads\/2025\/10\/AdobeStock_472858024-scaled.jpeg","contentUrl":"https:\/\/www.renouvelle.be\/wp-content\/uploads\/2025\/10\/AdobeStock_472858024-scaled.jpeg","width":2560,"height":1706,"caption":"\u00eele photovolta\u00efque Soignies"},{"@type":"BreadcrumbList","@id":"https:\/\/www.renouvelle.be\/fr\/une-ile-photovoltaique-bientot-mise-en-service-a-soignies\/#breadcrumb","itemListElement":[{"@type":"ListItem","position":1,"name":"Accueil","item":"https:\/\/www.renouvelle.be\/fr\/"},{"@type":"ListItem","position":2,"name":"Une \u00eele photovolta\u00efque bient\u00f4t mise en service \u00e0 Soignies"}]},{"@type":"WebSite","@id":"https:\/\/www.renouvelle.be\/fr\/#website","url":"https:\/\/www.renouvelle.be\/fr\/","name":"Renouvelle","description":"L&#039;actualit\u00e9 de l&#039;\u00e9nergie durable","potentialAction":[{"@type":"SearchAction","target":{"@type":"EntryPoint","urlTemplate":"https:\/\/www.renouvelle.be\/fr\/?s={search_term_string}"},"query-input":{"@type":"PropertyValueSpecification","valueRequired":true,"valueName":"search_term_string"}}],"inLanguage":"fr-FR"},{"@type":"Person","@id":"https:\/\/www.renouvelle.be\/fr\/#\/schema\/person\/9d743366fb269eeceaa8d60e98d289d3","name":"Samuel Alves","url":"https:\/\/www.renouvelle.be\/fr\/author\/salves\/"}]}},"_links":{"self":[{"href":"https:\/\/www.renouvelle.be\/fr\/wp-json\/wp\/v2\/posts\/15799","targetHints":{"allow":["GET"]}}],"collection":[{"href":"https:\/\/www.renouvelle.be\/fr\/wp-json\/wp\/v2\/posts"}],"about":[{"href":"https:\/\/www.renouvelle.be\/fr\/wp-json\/wp\/v2\/types\/post"}],"author":[{"embeddable":true,"href":"https:\/\/www.renouvelle.be\/fr\/wp-json\/wp\/v2\/users\/38"}],"replies":[{"embeddable":true,"href":"https:\/\/www.renouvelle.be\/fr\/wp-json\/wp\/v2\/comments?post=15799"}],"version-history":[{"count":3,"href":"https:\/\/www.renouvelle.be\/fr\/wp-json\/wp\/v2\/posts\/15799\/revisions"}],"predecessor-version":[{"id":15804,"href":"https:\/\/www.renouvelle.be\/fr\/wp-json\/wp\/v2\/posts\/15799\/revisions\/15804"}],"wp:featuredmedia":[{"embeddable":true,"href":"https:\/\/www.renouvelle.be\/fr\/wp-json\/wp\/v2\/media\/15801"}],"wp:attachment":[{"href":"https:\/\/www.renouvelle.be\/fr\/wp-json\/wp\/v2\/media?parent=15799"}],"wp:term":[{"taxonomy":"category","embeddable":true,"href":"https:\/\/www.renouvelle.be\/fr\/wp-json\/wp\/v2\/categories?post=15799"},{"taxonomy":"post_tag","embeddable":true,"href":"https:\/\/www.renouvelle.be\/fr\/wp-json\/wp\/v2\/tags?post=15799"},{"taxonomy":"section","embeddable":true,"href":"https:\/\/www.renouvelle.be\/fr\/wp-json\/wp\/v2\/section?post=15799"}],"curies":[{"name":"wp","href":"https:\/\/api.w.org\/{rel}","templated":true}]}}