{"id":15767,"date":"2025-10-15T15:13:05","date_gmt":"2025-10-15T13:13:05","guid":{"rendered":"https:\/\/www.renouvelle.be\/?p=15767"},"modified":"2025-10-16T12:21:28","modified_gmt":"2025-10-16T10:21:28","slug":"bruxelles-reseau-chaleur-incinerateur-dechets","status":"publish","type":"post","link":"https:\/\/www.renouvelle.be\/fr\/bruxelles-reseau-chaleur-incinerateur-dechets\/","title":{"rendered":"Bruxelles\u00a0: un r\u00e9seau de chaleur issu d\u2019un incin\u00e9rateur de d\u00e9chets"},"content":{"rendered":"\n<p>Depuis quelques ann\u00e9es, une partie de la chaleur r\u00e9siduelle de l\u2019incin\u00e9rateur de d\u00e9chets de Bruxelles alimente un r\u00e9seau fournissant de la chaleur au Palais royal et aux Serres de Laeken ainsi qu\u2019au centre commercial Docks. Mais le r\u00e9seau ne s\u2019arr\u00eatera plus \u00e0 ces seuls lieux puisque les travaux d\u2019une extension de plus de 3 km aux 6 d\u00e9j\u00e0 existant touchent \u00e0 leur fin. Elle permettra notamment de chauffer deux \u00e9coles, environ 500 logements sociaux et la piscine de Neder (une des trois piscines de la Ville de Bruxelles).<\/p>\n\n\n\n<p>La chaleur r\u00e9siduelle (ou chaleur <a href=\"https:\/\/www.renouvelle.be\/fr\/chaleur-fatale-ou-toute-une-energie-de-perdue\/\" target=\"_blank\" rel=\"noreferrer noopener\">fatale<\/a>) est issue des processus industriels, rejet\u00e9e ensuite dans l\u2019atmosph\u00e8re elle est d\u00e9finitivement perdue sauf si on r\u00e9cup\u00e8re celle-ci en la r\u00e9injectant dans un r\u00e9seau de chaleur, par exemple, et dans le cas qui nous occupe, celui de Neder-Over-Heembeek. \u00c0 l\u2019incin\u00e9rateur de Bruxelles, entre 450.000 et 500.000 tonnes de d\u00e9chets y sont trait\u00e9 chaque ann\u00e9e. Sachant qu\u2019une tonne en produit 3 de vapeur, cette chaleur r\u00e9siduelle repr\u00e9sente donc une opportunit\u00e9 importante pour d\u00e9carboner le chauffage.<\/p>\n\n\n\n<p>Fruit d\u2019une <a href=\"https:\/\/www.sibelga.be\/fr\/raccordements-compteurs\/energie-renouvelable\/reseaux-de-chaleur\/projet-noh\" target=\"_blank\" rel=\"noreferrer noopener\">collaboration<\/a> entre la ville de Bruxelles, Bruxelles \u00c9nergie et Sibelga, ainsi que d\u2019un investissement de 13 millions d\u2019euros, le r\u00e9seau de chaleur de Neder-Over-Heembeek devrait \u00eatre totalement achev\u00e9 et mis en service en 2027.<\/p>\n\n\n\n<p>\u00c0 plus grande \u00e9chelle, la R\u00e9gion ne compte pas s\u2019arr\u00eater l\u00e0 puisqu\u2019elle a \u00e9galement cr\u00e9\u00e9 un groupe de travail (\u00c9nergie 2050) qui a pour objectif la cartographie des diff\u00e9rents quartiers de la capitale afin de proposer la meilleure technologie de chauffage durable comme la g\u00e9othermie, l\u2019aquathermie ou encore la riothermie.<\/p>\n\n\n\n<p>Source image en-t\u00eate : R\u00e9gie des B\u00e2timents<\/p>\n","protected":false},"excerpt":{"rendered":"<p>Depuis quelques ann\u00e9es, une partie de la chaleur r\u00e9siduelle de l\u2019incin\u00e9rateur de d\u00e9chets de Bruxelles alimente un r\u00e9seau fournissant de la chaleur au Palais royal et aux Serres de Laeken ainsi qu\u2019au centre commercial Docks. Mais le r\u00e9seau ne s\u2019arr\u00eatera plus \u00e0 ces seuls lieux puisque les travaux d\u2019une extension de plus de 3 km aux 6 d\u00e9j\u00e0 existant touchent \u00e0 leur fin. Elle permettra notamment de chauffer deux \u00e9coles, environ 500 logements sociaux et la piscine de Neder (une des trois piscines de la Ville de Bruxelles). La chaleur r\u00e9siduelle (ou chaleur fatale) est issue des processus industriels, rejet\u00e9e ensuite dans l\u2019atmosph\u00e8re elle est d\u00e9finitivement perdue sauf si on r\u00e9cup\u00e8re celle-ci en la r\u00e9injectant dans un r\u00e9seau de chaleur, par exemple, et dans le cas qui nous occupe, celui de Neder-Over-Heembeek. \u00c0 l\u2019incin\u00e9rateur de Bruxelles, entre 450.000 et 500.000 tonnes de d\u00e9chets y sont trait\u00e9 chaque ann\u00e9e. Sachant qu\u2019une tonne en produit 3 de vapeur, cette chaleur r\u00e9siduelle repr\u00e9sente donc une opportunit\u00e9 importante pour d\u00e9carboner le chauffage. Fruit d\u2019une collaboration entre la ville de Bruxelles, Bruxelles \u00c9nergie et Sibelga, ainsi que d\u2019un investissement de 13 millions d\u2019euros, le r\u00e9seau de chaleur de Neder-Over-Heembeek devrait \u00eatre totalement achev\u00e9 et mis en service en 2027. \u00c0 plus grande \u00e9chelle, la R\u00e9gion ne compte pas s\u2019arr\u00eater l\u00e0 puisqu\u2019elle a \u00e9galement cr\u00e9\u00e9 un groupe de travail (\u00c9nergie 2050) qui a pour objectif la cartographie des diff\u00e9rents quartiers de la capitale afin de proposer la meilleure technologie de chauffage durable comme la g\u00e9othermie, l\u2019aquathermie ou encore la riothermie. Source image en-t\u00eate : R\u00e9gie des B\u00e2timents<\/p>\n","protected":false},"author":38,"featured_media":15770,"comment_status":"closed","ping_status":"closed","sticky":false,"template":"","format":"standard","meta":{"_acf_changed":false,"footnotes":""},"categories":[16,17],"tags":[],"section":[8,9],"class_list":["post-15767","post","type-post","status-publish","format-standard","has-post-thumbnail","hentry","category-actualite","category-actualite-en-belgique","section-energie-renouvelables","section-geothermie-pac"],"acf":[],"yoast_head":"<!-- This site is optimized with the Yoast SEO plugin v27.5 - https:\/\/yoast.com\/product\/yoast-seo-wordpress\/ -->\n<title>Bruxelles\u00a0: un r\u00e9seau de chaleur issu d\u2019un incin\u00e9rateur de d\u00e9chets - Renouvelle<\/title>\n<meta name=\"description\" content=\"Utiliser la chaleur r\u00e9siduelle d&#039;un incin\u00e9rateur de d\u00e9chets pour alimenter un r\u00e9seau de chaleur ? C&#039;est d\u00e9j\u00e0 le cas \u00e0 Bruxelles.\" \/>\n<meta name=\"robots\" content=\"index, follow, max-snippet:-1, max-image-preview:large, max-video-preview:-1\" \/>\n<link rel=\"canonical\" href=\"https:\/\/www.renouvelle.be\/fr\/bruxelles-reseau-chaleur-incinerateur-dechets\/\" \/>\n<meta property=\"og:locale\" content=\"fr_FR\" \/>\n<meta property=\"og:type\" content=\"article\" \/>\n<meta property=\"og:title\" content=\"Bruxelles\u00a0: un r\u00e9seau de chaleur issu d\u2019un incin\u00e9rateur de d\u00e9chets - Renouvelle\" \/>\n<meta property=\"og:description\" content=\"Utiliser la chaleur r\u00e9siduelle d&#039;un incin\u00e9rateur de d\u00e9chets pour alimenter un r\u00e9seau de chaleur ? C&#039;est d\u00e9j\u00e0 le cas \u00e0 Bruxelles.\" \/>\n<meta property=\"og:url\" content=\"https:\/\/www.renouvelle.be\/fr\/bruxelles-reseau-chaleur-incinerateur-dechets\/\" \/>\n<meta property=\"og:site_name\" content=\"Renouvelle\" \/>\n<meta property=\"article:published_time\" content=\"2025-10-15T13:13:05+00:00\" \/>\n<meta property=\"article:modified_time\" content=\"2025-10-16T10:21:28+00:00\" \/>\n<meta property=\"og:image\" content=\"https:\/\/www.renouvelle.be\/wp-content\/uploads\/2025\/10\/foto1.jpg\" \/>\n\t<meta property=\"og:image:width\" content=\"960\" \/>\n\t<meta property=\"og:image:height\" content=\"540\" \/>\n\t<meta property=\"og:image:type\" content=\"image\/jpeg\" \/>\n<meta name=\"author\" content=\"Samuel Alves\" \/>\n<meta name=\"twitter:card\" content=\"summary_large_image\" \/>\n<script type=\"application\/ld+json\" class=\"yoast-schema-graph\">{\"@context\":\"https:\\\/\\\/schema.org\",\"@graph\":[{\"@type\":\"Article\",\"@id\":\"https:\\\/\\\/www.renouvelle.be\\\/fr\\\/bruxelles-reseau-chaleur-incinerateur-dechets\\\/#article\",\"isPartOf\":{\"@id\":\"https:\\\/\\\/www.renouvelle.be\\\/fr\\\/bruxelles-reseau-chaleur-incinerateur-dechets\\\/\"},\"author\":{\"name\":\"Samuel Alves\",\"@id\":\"https:\\\/\\\/www.renouvelle.be\\\/fr\\\/#\\\/schema\\\/person\\\/9d743366fb269eeceaa8d60e98d289d3\"},\"headline\":\"Bruxelles\u00a0: un r\u00e9seau de chaleur issu d\u2019un incin\u00e9rateur de d\u00e9chets\",\"datePublished\":\"2025-10-15T13:13:05+00:00\",\"dateModified\":\"2025-10-16T10:21:28+00:00\",\"mainEntityOfPage\":{\"@id\":\"https:\\\/\\\/www.renouvelle.be\\\/fr\\\/bruxelles-reseau-chaleur-incinerateur-dechets\\\/\"},\"wordCount\":304,\"image\":{\"@id\":\"https:\\\/\\\/www.renouvelle.be\\\/fr\\\/bruxelles-reseau-chaleur-incinerateur-dechets\\\/#primaryimage\"},\"thumbnailUrl\":\"https:\\\/\\\/www.renouvelle.be\\\/wp-content\\\/uploads\\\/2025\\\/10\\\/foto1.jpg\",\"articleSection\":[\"Actualit\u00e9\",\"Actualit\u00e9 en Belgique\"],\"inLanguage\":\"fr-FR\"},{\"@type\":\"WebPage\",\"@id\":\"https:\\\/\\\/www.renouvelle.be\\\/fr\\\/bruxelles-reseau-chaleur-incinerateur-dechets\\\/\",\"url\":\"https:\\\/\\\/www.renouvelle.be\\\/fr\\\/bruxelles-reseau-chaleur-incinerateur-dechets\\\/\",\"name\":\"Bruxelles\u00a0: un r\u00e9seau de chaleur issu d\u2019un incin\u00e9rateur de d\u00e9chets - Renouvelle\",\"isPartOf\":{\"@id\":\"https:\\\/\\\/www.renouvelle.be\\\/fr\\\/#website\"},\"primaryImageOfPage\":{\"@id\":\"https:\\\/\\\/www.renouvelle.be\\\/fr\\\/bruxelles-reseau-chaleur-incinerateur-dechets\\\/#primaryimage\"},\"image\":{\"@id\":\"https:\\\/\\\/www.renouvelle.be\\\/fr\\\/bruxelles-reseau-chaleur-incinerateur-dechets\\\/#primaryimage\"},\"thumbnailUrl\":\"https:\\\/\\\/www.renouvelle.be\\\/wp-content\\\/uploads\\\/2025\\\/10\\\/foto1.jpg\",\"datePublished\":\"2025-10-15T13:13:05+00:00\",\"dateModified\":\"2025-10-16T10:21:28+00:00\",\"author\":{\"@id\":\"https:\\\/\\\/www.renouvelle.be\\\/fr\\\/#\\\/schema\\\/person\\\/9d743366fb269eeceaa8d60e98d289d3\"},\"description\":\"Utiliser la chaleur r\u00e9siduelle d'un incin\u00e9rateur de d\u00e9chets pour alimenter un r\u00e9seau de chaleur ? C'est d\u00e9j\u00e0 le cas \u00e0 Bruxelles.\",\"breadcrumb\":{\"@id\":\"https:\\\/\\\/www.renouvelle.be\\\/fr\\\/bruxelles-reseau-chaleur-incinerateur-dechets\\\/#breadcrumb\"},\"inLanguage\":\"fr-FR\",\"potentialAction\":[{\"@type\":\"ReadAction\",\"target\":[\"https:\\\/\\\/www.renouvelle.be\\\/fr\\\/bruxelles-reseau-chaleur-incinerateur-dechets\\\/\"]}]},{\"@type\":\"ImageObject\",\"inLanguage\":\"fr-FR\",\"@id\":\"https:\\\/\\\/www.renouvelle.be\\\/fr\\\/bruxelles-reseau-chaleur-incinerateur-dechets\\\/#primaryimage\",\"url\":\"https:\\\/\\\/www.renouvelle.be\\\/wp-content\\\/uploads\\\/2025\\\/10\\\/foto1.jpg\",\"contentUrl\":\"https:\\\/\\\/www.renouvelle.be\\\/wp-content\\\/uploads\\\/2025\\\/10\\\/foto1.jpg\",\"width\":960,\"height\":540,\"caption\":\"Source : R\u00e9gie des B\u00e2timents\"},{\"@type\":\"BreadcrumbList\",\"@id\":\"https:\\\/\\\/www.renouvelle.be\\\/fr\\\/bruxelles-reseau-chaleur-incinerateur-dechets\\\/#breadcrumb\",\"itemListElement\":[{\"@type\":\"ListItem\",\"position\":1,\"name\":\"Accueil\",\"item\":\"https:\\\/\\\/www.renouvelle.be\\\/fr\\\/\"},{\"@type\":\"ListItem\",\"position\":2,\"name\":\"Bruxelles\u00a0: un r\u00e9seau de chaleur issu d\u2019un incin\u00e9rateur de d\u00e9chets\"}]},{\"@type\":\"WebSite\",\"@id\":\"https:\\\/\\\/www.renouvelle.be\\\/fr\\\/#website\",\"url\":\"https:\\\/\\\/www.renouvelle.be\\\/fr\\\/\",\"name\":\"Renouvelle\",\"description\":\"L&#039;actualit\u00e9 de l&#039;\u00e9nergie durable\",\"potentialAction\":[{\"@type\":\"SearchAction\",\"target\":{\"@type\":\"EntryPoint\",\"urlTemplate\":\"https:\\\/\\\/www.renouvelle.be\\\/fr\\\/?s={search_term_string}\"},\"query-input\":{\"@type\":\"PropertyValueSpecification\",\"valueRequired\":true,\"valueName\":\"search_term_string\"}}],\"inLanguage\":\"fr-FR\"},{\"@type\":\"Person\",\"@id\":\"https:\\\/\\\/www.renouvelle.be\\\/fr\\\/#\\\/schema\\\/person\\\/9d743366fb269eeceaa8d60e98d289d3\",\"name\":\"Samuel Alves\",\"url\":\"https:\\\/\\\/www.renouvelle.be\\\/fr\\\/author\\\/salves\\\/\"}]}<\/script>\n<!-- \/ Yoast SEO plugin. -->","yoast_head_json":{"title":"Bruxelles\u00a0: un r\u00e9seau de chaleur issu d\u2019un incin\u00e9rateur de d\u00e9chets - Renouvelle","description":"Utiliser la chaleur r\u00e9siduelle d'un incin\u00e9rateur de d\u00e9chets pour alimenter un r\u00e9seau de chaleur ? C'est d\u00e9j\u00e0 le cas \u00e0 Bruxelles.","robots":{"index":"index","follow":"follow","max-snippet":"max-snippet:-1","max-image-preview":"max-image-preview:large","max-video-preview":"max-video-preview:-1"},"canonical":"https:\/\/www.renouvelle.be\/fr\/bruxelles-reseau-chaleur-incinerateur-dechets\/","og_locale":"fr_FR","og_type":"article","og_title":"Bruxelles\u00a0: un r\u00e9seau de chaleur issu d\u2019un incin\u00e9rateur de d\u00e9chets - Renouvelle","og_description":"Utiliser la chaleur r\u00e9siduelle d'un incin\u00e9rateur de d\u00e9chets pour alimenter un r\u00e9seau de chaleur ? C'est d\u00e9j\u00e0 le cas \u00e0 Bruxelles.","og_url":"https:\/\/www.renouvelle.be\/fr\/bruxelles-reseau-chaleur-incinerateur-dechets\/","og_site_name":"Renouvelle","article_published_time":"2025-10-15T13:13:05+00:00","article_modified_time":"2025-10-16T10:21:28+00:00","og_image":[{"width":960,"height":540,"url":"https:\/\/www.renouvelle.be\/wp-content\/uploads\/2025\/10\/foto1.jpg","type":"image\/jpeg"}],"author":"Samuel Alves","twitter_card":"summary_large_image","schema":{"@context":"https:\/\/schema.org","@graph":[{"@type":"Article","@id":"https:\/\/www.renouvelle.be\/fr\/bruxelles-reseau-chaleur-incinerateur-dechets\/#article","isPartOf":{"@id":"https:\/\/www.renouvelle.be\/fr\/bruxelles-reseau-chaleur-incinerateur-dechets\/"},"author":{"name":"Samuel Alves","@id":"https:\/\/www.renouvelle.be\/fr\/#\/schema\/person\/9d743366fb269eeceaa8d60e98d289d3"},"headline":"Bruxelles\u00a0: un r\u00e9seau de chaleur issu d\u2019un incin\u00e9rateur de d\u00e9chets","datePublished":"2025-10-15T13:13:05+00:00","dateModified":"2025-10-16T10:21:28+00:00","mainEntityOfPage":{"@id":"https:\/\/www.renouvelle.be\/fr\/bruxelles-reseau-chaleur-incinerateur-dechets\/"},"wordCount":304,"image":{"@id":"https:\/\/www.renouvelle.be\/fr\/bruxelles-reseau-chaleur-incinerateur-dechets\/#primaryimage"},"thumbnailUrl":"https:\/\/www.renouvelle.be\/wp-content\/uploads\/2025\/10\/foto1.jpg","articleSection":["Actualit\u00e9","Actualit\u00e9 en Belgique"],"inLanguage":"fr-FR"},{"@type":"WebPage","@id":"https:\/\/www.renouvelle.be\/fr\/bruxelles-reseau-chaleur-incinerateur-dechets\/","url":"https:\/\/www.renouvelle.be\/fr\/bruxelles-reseau-chaleur-incinerateur-dechets\/","name":"Bruxelles\u00a0: un r\u00e9seau de chaleur issu d\u2019un incin\u00e9rateur de d\u00e9chets - Renouvelle","isPartOf":{"@id":"https:\/\/www.renouvelle.be\/fr\/#website"},"primaryImageOfPage":{"@id":"https:\/\/www.renouvelle.be\/fr\/bruxelles-reseau-chaleur-incinerateur-dechets\/#primaryimage"},"image":{"@id":"https:\/\/www.renouvelle.be\/fr\/bruxelles-reseau-chaleur-incinerateur-dechets\/#primaryimage"},"thumbnailUrl":"https:\/\/www.renouvelle.be\/wp-content\/uploads\/2025\/10\/foto1.jpg","datePublished":"2025-10-15T13:13:05+00:00","dateModified":"2025-10-16T10:21:28+00:00","author":{"@id":"https:\/\/www.renouvelle.be\/fr\/#\/schema\/person\/9d743366fb269eeceaa8d60e98d289d3"},"description":"Utiliser la chaleur r\u00e9siduelle d'un incin\u00e9rateur de d\u00e9chets pour alimenter un r\u00e9seau de chaleur ? C'est d\u00e9j\u00e0 le cas \u00e0 Bruxelles.","breadcrumb":{"@id":"https:\/\/www.renouvelle.be\/fr\/bruxelles-reseau-chaleur-incinerateur-dechets\/#breadcrumb"},"inLanguage":"fr-FR","potentialAction":[{"@type":"ReadAction","target":["https:\/\/www.renouvelle.be\/fr\/bruxelles-reseau-chaleur-incinerateur-dechets\/"]}]},{"@type":"ImageObject","inLanguage":"fr-FR","@id":"https:\/\/www.renouvelle.be\/fr\/bruxelles-reseau-chaleur-incinerateur-dechets\/#primaryimage","url":"https:\/\/www.renouvelle.be\/wp-content\/uploads\/2025\/10\/foto1.jpg","contentUrl":"https:\/\/www.renouvelle.be\/wp-content\/uploads\/2025\/10\/foto1.jpg","width":960,"height":540,"caption":"Source : R\u00e9gie des B\u00e2timents"},{"@type":"BreadcrumbList","@id":"https:\/\/www.renouvelle.be\/fr\/bruxelles-reseau-chaleur-incinerateur-dechets\/#breadcrumb","itemListElement":[{"@type":"ListItem","position":1,"name":"Accueil","item":"https:\/\/www.renouvelle.be\/fr\/"},{"@type":"ListItem","position":2,"name":"Bruxelles\u00a0: un r\u00e9seau de chaleur issu d\u2019un incin\u00e9rateur de d\u00e9chets"}]},{"@type":"WebSite","@id":"https:\/\/www.renouvelle.be\/fr\/#website","url":"https:\/\/www.renouvelle.be\/fr\/","name":"Renouvelle","description":"L&#039;actualit\u00e9 de l&#039;\u00e9nergie durable","potentialAction":[{"@type":"SearchAction","target":{"@type":"EntryPoint","urlTemplate":"https:\/\/www.renouvelle.be\/fr\/?s={search_term_string}"},"query-input":{"@type":"PropertyValueSpecification","valueRequired":true,"valueName":"search_term_string"}}],"inLanguage":"fr-FR"},{"@type":"Person","@id":"https:\/\/www.renouvelle.be\/fr\/#\/schema\/person\/9d743366fb269eeceaa8d60e98d289d3","name":"Samuel Alves","url":"https:\/\/www.renouvelle.be\/fr\/author\/salves\/"}]}},"_links":{"self":[{"href":"https:\/\/www.renouvelle.be\/fr\/wp-json\/wp\/v2\/posts\/15767","targetHints":{"allow":["GET"]}}],"collection":[{"href":"https:\/\/www.renouvelle.be\/fr\/wp-json\/wp\/v2\/posts"}],"about":[{"href":"https:\/\/www.renouvelle.be\/fr\/wp-json\/wp\/v2\/types\/post"}],"author":[{"embeddable":true,"href":"https:\/\/www.renouvelle.be\/fr\/wp-json\/wp\/v2\/users\/38"}],"replies":[{"embeddable":true,"href":"https:\/\/www.renouvelle.be\/fr\/wp-json\/wp\/v2\/comments?post=15767"}],"version-history":[{"count":4,"href":"https:\/\/www.renouvelle.be\/fr\/wp-json\/wp\/v2\/posts\/15767\/revisions"}],"predecessor-version":[{"id":15796,"href":"https:\/\/www.renouvelle.be\/fr\/wp-json\/wp\/v2\/posts\/15767\/revisions\/15796"}],"wp:featuredmedia":[{"embeddable":true,"href":"https:\/\/www.renouvelle.be\/fr\/wp-json\/wp\/v2\/media\/15770"}],"wp:attachment":[{"href":"https:\/\/www.renouvelle.be\/fr\/wp-json\/wp\/v2\/media?parent=15767"}],"wp:term":[{"taxonomy":"category","embeddable":true,"href":"https:\/\/www.renouvelle.be\/fr\/wp-json\/wp\/v2\/categories?post=15767"},{"taxonomy":"post_tag","embeddable":true,"href":"https:\/\/www.renouvelle.be\/fr\/wp-json\/wp\/v2\/tags?post=15767"},{"taxonomy":"section","embeddable":true,"href":"https:\/\/www.renouvelle.be\/fr\/wp-json\/wp\/v2\/section?post=15767"}],"curies":[{"name":"wp","href":"https:\/\/api.w.org\/{rel}","templated":true}]}}