{"id":15737,"date":"2025-10-08T16:10:05","date_gmt":"2025-10-08T14:10:05","guid":{"rendered":"https:\/\/www.renouvelle.be\/?p=15737"},"modified":"2025-10-08T16:10:08","modified_gmt":"2025-10-08T14:10:08","slug":"2025-energies-renouvelables-production-fossile","status":"publish","type":"post","link":"https:\/\/www.renouvelle.be\/fr\/2025-energies-renouvelables-production-fossile\/","title":{"rendered":"En 2025, le renouvelable a d\u00e9j\u00e0 surpass\u00e9 la production fossile"},"content":{"rendered":"\n<p>Et c\u2019est le groupe de r\u00e9flexion EMBER qui nous partage cette nouvelle. La vitesse de croissance du solaire et de l\u2019\u00e9olien a d\u00e9pass\u00e9 celle de la demande en \u00e9lectricit\u00e9 pour le premier semestre 2025. \u00c0 lui seul, le solaire a couvert 83% de la hausse de cette derni\u00e8re.<\/p>\n\n\n\n<p>\u00c0 la t\u00eate de cette couverture solaire, on retrouve la Chine avec 55%, suivent les \u00c9tats-Unis avec 14%, vient ensuite l\u2019Europe avec ses 12%, et le podium se termine par l\u2019Inde avec 5,6% et le Br\u00e9sil avec 3,2%. Les autres pays r\u00e9unis auront contribu\u00e9 \u00e0 hauteur de 9%.<\/p>\n\n\n<div class=\"wp-block-image\">\n<figure class=\"aligncenter size-full is-resized\"><img loading=\"lazy\" decoding=\"async\" width=\"993\" height=\"844\" src=\"https:\/\/www.renouvelle.be\/wp-content\/uploads\/2025\/10\/Capture-decran-2025-10-01-100856.png\" alt=\"production solaire \u00e9nergies renouvelables 2025\" class=\"wp-image-15738\" style=\"width:582px;height:auto\" srcset=\"https:\/\/www.renouvelle.be\/wp-content\/uploads\/2025\/10\/Capture-decran-2025-10-01-100856.png 993w, https:\/\/www.renouvelle.be\/wp-content\/uploads\/2025\/10\/Capture-decran-2025-10-01-100856-300x255.png 300w, https:\/\/www.renouvelle.be\/wp-content\/uploads\/2025\/10\/Capture-decran-2025-10-01-100856-768x653.png 768w\" sizes=\"auto, (max-width: 993px) 100vw, 993px\" \/><\/figure>\n<\/div>\n\n\n<p>Si cette hausse se maintient pour le solaire, celui-ci conservera le titre de source d\u2019\u00e9nergie qui grandit le plus rapidement pour la 21<sup>\u00e8me<\/sup> ann\u00e9e cons\u00e9cutive, sans compter qu&rsquo;il d\u00e9passera \u00e9galement la croissance de l\u2019\u00e9olien pour la 4<sup>\u00e8me<\/sup> ann\u00e9e de suite si cette trajectoire se confirme.<\/p>\n\n\n\n<p>Un d\u00e9veloppement qui a permis aux \u00e9nergies renouvelables de prendre la pole position dans la production \u00e9lectrique pour le premier semestre 2025, comptabilisant 5072 TWh contre 4896 TWh d\u2019\u00e9nergie issue du fossile. La production de cette derni\u00e8re a d\u2019ailleurs diminu\u00e9 de 0,3%, et plus sp\u00e9cifiquement de 0,6% pour celle au charbon. Si on passe \u00e0 la loupe, c\u2019est en Chine que l\u2019\u00e9lectricit\u00e9 produite par des sources fossiles a le plus diminu\u00e9. Malheureusement, on ne peut pas en dire autant pour l\u2019Europe et les \u00c9tats-Unis qui r\u00e9gressent un peu avec une augmentation de la production au charbon et au gaz.<\/p>\n\n\n\n<p>Parall\u00e8lement \u00e0 la hausse de 369 TWh de la demande en \u00e9lectricit\u00e9 (+2,6%), la production solaire atteignait alors 306 TWh, passant de 6,9% \u00e0 8,8% dans le mix \u00e9nerg\u00e9tique mondial. Pour certains pays comme la Hongrie, la Gr\u00e8ce ou encore les Pays-Bas, 25% de l\u2019<a href=\"https:\/\/www.renouvelle.be\/fr\/bilan-production-solaire-eolienne-belgique-ete-2025\/\" target=\"_blank\" rel=\"noreferrer noopener\">\u00e9lectricit\u00e9<\/a> \u00e9tait issue du solaire. Il y a 4 ans, ces derniers tournaient encore autour des 10%.<\/p>\n\n\n\n<p>Mais la belle part que se taille le solaire n\u2019a, en r\u00e9alit\u00e9, rien de surprenant. En effet, le premier semestre de cette ann\u00e9e a vu un record des installations photovolta\u00efques&nbsp;\u00e9valu\u00e9 \u00e0 380 GW suppl\u00e9mentaires. Il s\u2019agit d\u2019une augmentation de 64% par rapport aux 232 GW install\u00e9s \u00e0 la m\u00eame p\u00e9riode en 2024.<\/p>\n\n\n\n<p>Pour ce qui est de l\u2019\u00e9nergie g\u00e9n\u00e9r\u00e9e gr\u00e2ce \u00e0 l\u2019\u00e9olien, elle actait d\u2019une hausse de 31% soit 97 TWh de plus.<\/p>\n\n\n<div class=\"wp-block-image\">\n<figure class=\"aligncenter size-full is-resized\"><img loading=\"lazy\" decoding=\"async\" width=\"993\" height=\"763\" src=\"https:\/\/www.renouvelle.be\/wp-content\/uploads\/2025\/10\/Capture-decran-2025-10-08-135726.png\" alt=\"production solaire \u00e9nergies renouvelables 2025\" class=\"wp-image-15740\" style=\"width:579px;height:auto\" srcset=\"https:\/\/www.renouvelle.be\/wp-content\/uploads\/2025\/10\/Capture-decran-2025-10-08-135726.png 993w, https:\/\/www.renouvelle.be\/wp-content\/uploads\/2025\/10\/Capture-decran-2025-10-08-135726-300x231.png 300w, https:\/\/www.renouvelle.be\/wp-content\/uploads\/2025\/10\/Capture-decran-2025-10-08-135726-768x590.png 768w\" sizes=\"auto, (max-width: 993px) 100vw, 993px\" \/><\/figure>\n<\/div>\n\n\n<p>Le rapport d\u2019Ember est disponible int\u00e9gralement sur <a href=\"https:\/\/ember-energy.org\/latest-insights\/global-electricity-mid-year-insights-2025\/\" target=\"_blank\" rel=\"noreferrer noopener\">ce lien<\/a>.<\/p>\n\n\n\n<p><\/p>\n","protected":false},"excerpt":{"rendered":"<p>Et c\u2019est le groupe de r\u00e9flexion EMBER qui nous partage cette nouvelle. La vitesse de croissance du solaire et de l\u2019\u00e9olien a d\u00e9pass\u00e9 celle de la demande en \u00e9lectricit\u00e9 pour le premier semestre 2025. \u00c0 lui seul, le solaire a couvert 83% de la hausse de cette derni\u00e8re. \u00c0 la t\u00eate de cette couverture solaire, on retrouve la Chine avec 55%, suivent les \u00c9tats-Unis avec 14%, vient ensuite l\u2019Europe avec ses 12%, et le podium se termine par l\u2019Inde avec 5,6% et le Br\u00e9sil avec 3,2%. Les autres pays r\u00e9unis auront contribu\u00e9 \u00e0 hauteur de 9%. Si cette hausse se maintient pour le solaire, celui-ci conservera le titre de source d\u2019\u00e9nergie qui grandit le plus rapidement pour la 21\u00e8me ann\u00e9e cons\u00e9cutive, sans compter qu&rsquo;il d\u00e9passera \u00e9galement la croissance de l\u2019\u00e9olien pour la 4\u00e8me ann\u00e9e de suite si cette trajectoire se confirme. Un d\u00e9veloppement qui a permis aux \u00e9nergies renouvelables de prendre la pole position dans la production \u00e9lectrique pour le premier semestre 2025, comptabilisant 5072 TWh contre 4896 TWh d\u2019\u00e9nergie issue du fossile. La production de cette derni\u00e8re a d\u2019ailleurs diminu\u00e9 de 0,3%, et plus sp\u00e9cifiquement de 0,6% pour celle au charbon. Si on passe \u00e0 la loupe, c\u2019est en Chine que l\u2019\u00e9lectricit\u00e9 produite par des sources fossiles a le plus diminu\u00e9. Malheureusement, on ne peut pas en dire autant pour l\u2019Europe et les \u00c9tats-Unis qui r\u00e9gressent un peu avec une augmentation de la production au charbon et au gaz. Parall\u00e8lement \u00e0 la hausse de 369 TWh de la demande en \u00e9lectricit\u00e9 (+2,6%), la production solaire atteignait alors 306 TWh, passant de 6,9% \u00e0 8,8% dans le mix \u00e9nerg\u00e9tique mondial. Pour certains pays comme la Hongrie, la Gr\u00e8ce ou encore les Pays-Bas, 25% de l\u2019\u00e9lectricit\u00e9 \u00e9tait issue du solaire. Il &hellip; <a href=\"https:\/\/www.renouvelle.be\/fr\/2025-energies-renouvelables-production-fossile\/\" class=\"more-link\">Continue reading<span class=\"screen-reader-text\"> \u00ab\u00a0En 2025, le renouvelable a d\u00e9j\u00e0 surpass\u00e9 la production fossile\u00a0\u00bb<\/span><\/a><\/p>\n","protected":false},"author":38,"featured_media":15742,"comment_status":"closed","ping_status":"closed","sticky":false,"template":"","format":"standard","meta":{"_acf_changed":false,"footnotes":""},"categories":[16,18],"tags":[],"section":[8,13],"class_list":["post-15737","post","type-post","status-publish","format-standard","has-post-thumbnail","hentry","category-actualite","category-actualite-internationale","section-energie-renouvelables","section-solaire"],"acf":[],"yoast_head":"<!-- This site is optimized with the Yoast SEO plugin v27.5 - https:\/\/yoast.com\/product\/yoast-seo-wordpress\/ -->\n<title>En 2025, le renouvelable a d\u00e9j\u00e0 surpass\u00e9 la production fossile - Renouvelle<\/title>\n<meta name=\"description\" content=\"Lors du premier semestre 2025, la production d&#039;\u00e9lectricit\u00e9 issue des \u00e9nergies renouvelables a d\u00e9pass\u00e9 celle via les \u00e9nergies fossiles.\" \/>\n<meta name=\"robots\" content=\"index, follow, max-snippet:-1, max-image-preview:large, max-video-preview:-1\" \/>\n<link rel=\"canonical\" href=\"https:\/\/www.renouvelle.be\/fr\/2025-energies-renouvelables-production-fossile\/\" \/>\n<meta property=\"og:locale\" content=\"fr_FR\" \/>\n<meta property=\"og:type\" content=\"article\" \/>\n<meta property=\"og:title\" content=\"En 2025, le renouvelable a d\u00e9j\u00e0 surpass\u00e9 la production fossile - Renouvelle\" \/>\n<meta property=\"og:description\" content=\"Lors du premier semestre 2025, la production d&#039;\u00e9lectricit\u00e9 issue des \u00e9nergies renouvelables a d\u00e9pass\u00e9 celle via les \u00e9nergies fossiles.\" \/>\n<meta property=\"og:url\" content=\"https:\/\/www.renouvelle.be\/fr\/2025-energies-renouvelables-production-fossile\/\" \/>\n<meta property=\"og:site_name\" content=\"Renouvelle\" \/>\n<meta property=\"article:published_time\" content=\"2025-10-08T14:10:05+00:00\" \/>\n<meta property=\"article:modified_time\" content=\"2025-10-08T14:10:08+00:00\" \/>\n<meta property=\"og:image\" content=\"https:\/\/www.renouvelle.be\/wp-content\/uploads\/2025\/10\/AdobeStock_910122915-scaled.jpeg\" \/>\n\t<meta property=\"og:image:width\" content=\"2560\" \/>\n\t<meta property=\"og:image:height\" content=\"1707\" \/>\n\t<meta property=\"og:image:type\" content=\"image\/jpeg\" \/>\n<meta name=\"author\" content=\"Samuel Alves\" \/>\n<meta name=\"twitter:card\" content=\"summary_large_image\" \/>\n<script type=\"application\/ld+json\" class=\"yoast-schema-graph\">{\"@context\":\"https:\\\/\\\/schema.org\",\"@graph\":[{\"@type\":\"Article\",\"@id\":\"https:\\\/\\\/www.renouvelle.be\\\/fr\\\/2025-energies-renouvelables-production-fossile\\\/#article\",\"isPartOf\":{\"@id\":\"https:\\\/\\\/www.renouvelle.be\\\/fr\\\/2025-energies-renouvelables-production-fossile\\\/\"},\"author\":{\"name\":\"Samuel Alves\",\"@id\":\"https:\\\/\\\/www.renouvelle.be\\\/fr\\\/#\\\/schema\\\/person\\\/9d743366fb269eeceaa8d60e98d289d3\"},\"headline\":\"En 2025, le renouvelable a d\u00e9j\u00e0 surpass\u00e9 la production fossile\",\"datePublished\":\"2025-10-08T14:10:05+00:00\",\"dateModified\":\"2025-10-08T14:10:08+00:00\",\"mainEntityOfPage\":{\"@id\":\"https:\\\/\\\/www.renouvelle.be\\\/fr\\\/2025-energies-renouvelables-production-fossile\\\/\"},\"wordCount\":408,\"image\":{\"@id\":\"https:\\\/\\\/www.renouvelle.be\\\/fr\\\/2025-energies-renouvelables-production-fossile\\\/#primaryimage\"},\"thumbnailUrl\":\"https:\\\/\\\/www.renouvelle.be\\\/wp-content\\\/uploads\\\/2025\\\/10\\\/AdobeStock_910122915-scaled.jpeg\",\"articleSection\":[\"Actualit\u00e9\",\"Actualit\u00e9 internationale\"],\"inLanguage\":\"fr-FR\"},{\"@type\":\"WebPage\",\"@id\":\"https:\\\/\\\/www.renouvelle.be\\\/fr\\\/2025-energies-renouvelables-production-fossile\\\/\",\"url\":\"https:\\\/\\\/www.renouvelle.be\\\/fr\\\/2025-energies-renouvelables-production-fossile\\\/\",\"name\":\"En 2025, le renouvelable a d\u00e9j\u00e0 surpass\u00e9 la production fossile - Renouvelle\",\"isPartOf\":{\"@id\":\"https:\\\/\\\/www.renouvelle.be\\\/fr\\\/#website\"},\"primaryImageOfPage\":{\"@id\":\"https:\\\/\\\/www.renouvelle.be\\\/fr\\\/2025-energies-renouvelables-production-fossile\\\/#primaryimage\"},\"image\":{\"@id\":\"https:\\\/\\\/www.renouvelle.be\\\/fr\\\/2025-energies-renouvelables-production-fossile\\\/#primaryimage\"},\"thumbnailUrl\":\"https:\\\/\\\/www.renouvelle.be\\\/wp-content\\\/uploads\\\/2025\\\/10\\\/AdobeStock_910122915-scaled.jpeg\",\"datePublished\":\"2025-10-08T14:10:05+00:00\",\"dateModified\":\"2025-10-08T14:10:08+00:00\",\"author\":{\"@id\":\"https:\\\/\\\/www.renouvelle.be\\\/fr\\\/#\\\/schema\\\/person\\\/9d743366fb269eeceaa8d60e98d289d3\"},\"description\":\"Lors du premier semestre 2025, la production d'\u00e9lectricit\u00e9 issue des \u00e9nergies renouvelables a d\u00e9pass\u00e9 celle via les \u00e9nergies fossiles.\",\"breadcrumb\":{\"@id\":\"https:\\\/\\\/www.renouvelle.be\\\/fr\\\/2025-energies-renouvelables-production-fossile\\\/#breadcrumb\"},\"inLanguage\":\"fr-FR\",\"potentialAction\":[{\"@type\":\"ReadAction\",\"target\":[\"https:\\\/\\\/www.renouvelle.be\\\/fr\\\/2025-energies-renouvelables-production-fossile\\\/\"]}]},{\"@type\":\"ImageObject\",\"inLanguage\":\"fr-FR\",\"@id\":\"https:\\\/\\\/www.renouvelle.be\\\/fr\\\/2025-energies-renouvelables-production-fossile\\\/#primaryimage\",\"url\":\"https:\\\/\\\/www.renouvelle.be\\\/wp-content\\\/uploads\\\/2025\\\/10\\\/AdobeStock_910122915-scaled.jpeg\",\"contentUrl\":\"https:\\\/\\\/www.renouvelle.be\\\/wp-content\\\/uploads\\\/2025\\\/10\\\/AdobeStock_910122915-scaled.jpeg\",\"width\":2560,\"height\":1707,\"caption\":\"production solaire \u00e9nergies renouvelables 2025\"},{\"@type\":\"BreadcrumbList\",\"@id\":\"https:\\\/\\\/www.renouvelle.be\\\/fr\\\/2025-energies-renouvelables-production-fossile\\\/#breadcrumb\",\"itemListElement\":[{\"@type\":\"ListItem\",\"position\":1,\"name\":\"Accueil\",\"item\":\"https:\\\/\\\/www.renouvelle.be\\\/fr\\\/\"},{\"@type\":\"ListItem\",\"position\":2,\"name\":\"En 2025, le renouvelable a d\u00e9j\u00e0 surpass\u00e9 la production fossile\"}]},{\"@type\":\"WebSite\",\"@id\":\"https:\\\/\\\/www.renouvelle.be\\\/fr\\\/#website\",\"url\":\"https:\\\/\\\/www.renouvelle.be\\\/fr\\\/\",\"name\":\"Renouvelle\",\"description\":\"L&#039;actualit\u00e9 de l&#039;\u00e9nergie durable\",\"potentialAction\":[{\"@type\":\"SearchAction\",\"target\":{\"@type\":\"EntryPoint\",\"urlTemplate\":\"https:\\\/\\\/www.renouvelle.be\\\/fr\\\/?s={search_term_string}\"},\"query-input\":{\"@type\":\"PropertyValueSpecification\",\"valueRequired\":true,\"valueName\":\"search_term_string\"}}],\"inLanguage\":\"fr-FR\"},{\"@type\":\"Person\",\"@id\":\"https:\\\/\\\/www.renouvelle.be\\\/fr\\\/#\\\/schema\\\/person\\\/9d743366fb269eeceaa8d60e98d289d3\",\"name\":\"Samuel Alves\",\"url\":\"https:\\\/\\\/www.renouvelle.be\\\/fr\\\/author\\\/salves\\\/\"}]}<\/script>\n<!-- \/ Yoast SEO plugin. -->","yoast_head_json":{"title":"En 2025, le renouvelable a d\u00e9j\u00e0 surpass\u00e9 la production fossile - Renouvelle","description":"Lors du premier semestre 2025, la production d'\u00e9lectricit\u00e9 issue des \u00e9nergies renouvelables a d\u00e9pass\u00e9 celle via les \u00e9nergies fossiles.","robots":{"index":"index","follow":"follow","max-snippet":"max-snippet:-1","max-image-preview":"max-image-preview:large","max-video-preview":"max-video-preview:-1"},"canonical":"https:\/\/www.renouvelle.be\/fr\/2025-energies-renouvelables-production-fossile\/","og_locale":"fr_FR","og_type":"article","og_title":"En 2025, le renouvelable a d\u00e9j\u00e0 surpass\u00e9 la production fossile - Renouvelle","og_description":"Lors du premier semestre 2025, la production d'\u00e9lectricit\u00e9 issue des \u00e9nergies renouvelables a d\u00e9pass\u00e9 celle via les \u00e9nergies fossiles.","og_url":"https:\/\/www.renouvelle.be\/fr\/2025-energies-renouvelables-production-fossile\/","og_site_name":"Renouvelle","article_published_time":"2025-10-08T14:10:05+00:00","article_modified_time":"2025-10-08T14:10:08+00:00","og_image":[{"width":2560,"height":1707,"url":"https:\/\/www.renouvelle.be\/wp-content\/uploads\/2025\/10\/AdobeStock_910122915-scaled.jpeg","type":"image\/jpeg"}],"author":"Samuel Alves","twitter_card":"summary_large_image","schema":{"@context":"https:\/\/schema.org","@graph":[{"@type":"Article","@id":"https:\/\/www.renouvelle.be\/fr\/2025-energies-renouvelables-production-fossile\/#article","isPartOf":{"@id":"https:\/\/www.renouvelle.be\/fr\/2025-energies-renouvelables-production-fossile\/"},"author":{"name":"Samuel Alves","@id":"https:\/\/www.renouvelle.be\/fr\/#\/schema\/person\/9d743366fb269eeceaa8d60e98d289d3"},"headline":"En 2025, le renouvelable a d\u00e9j\u00e0 surpass\u00e9 la production fossile","datePublished":"2025-10-08T14:10:05+00:00","dateModified":"2025-10-08T14:10:08+00:00","mainEntityOfPage":{"@id":"https:\/\/www.renouvelle.be\/fr\/2025-energies-renouvelables-production-fossile\/"},"wordCount":408,"image":{"@id":"https:\/\/www.renouvelle.be\/fr\/2025-energies-renouvelables-production-fossile\/#primaryimage"},"thumbnailUrl":"https:\/\/www.renouvelle.be\/wp-content\/uploads\/2025\/10\/AdobeStock_910122915-scaled.jpeg","articleSection":["Actualit\u00e9","Actualit\u00e9 internationale"],"inLanguage":"fr-FR"},{"@type":"WebPage","@id":"https:\/\/www.renouvelle.be\/fr\/2025-energies-renouvelables-production-fossile\/","url":"https:\/\/www.renouvelle.be\/fr\/2025-energies-renouvelables-production-fossile\/","name":"En 2025, le renouvelable a d\u00e9j\u00e0 surpass\u00e9 la production fossile - Renouvelle","isPartOf":{"@id":"https:\/\/www.renouvelle.be\/fr\/#website"},"primaryImageOfPage":{"@id":"https:\/\/www.renouvelle.be\/fr\/2025-energies-renouvelables-production-fossile\/#primaryimage"},"image":{"@id":"https:\/\/www.renouvelle.be\/fr\/2025-energies-renouvelables-production-fossile\/#primaryimage"},"thumbnailUrl":"https:\/\/www.renouvelle.be\/wp-content\/uploads\/2025\/10\/AdobeStock_910122915-scaled.jpeg","datePublished":"2025-10-08T14:10:05+00:00","dateModified":"2025-10-08T14:10:08+00:00","author":{"@id":"https:\/\/www.renouvelle.be\/fr\/#\/schema\/person\/9d743366fb269eeceaa8d60e98d289d3"},"description":"Lors du premier semestre 2025, la production d'\u00e9lectricit\u00e9 issue des \u00e9nergies renouvelables a d\u00e9pass\u00e9 celle via les \u00e9nergies fossiles.","breadcrumb":{"@id":"https:\/\/www.renouvelle.be\/fr\/2025-energies-renouvelables-production-fossile\/#breadcrumb"},"inLanguage":"fr-FR","potentialAction":[{"@type":"ReadAction","target":["https:\/\/www.renouvelle.be\/fr\/2025-energies-renouvelables-production-fossile\/"]}]},{"@type":"ImageObject","inLanguage":"fr-FR","@id":"https:\/\/www.renouvelle.be\/fr\/2025-energies-renouvelables-production-fossile\/#primaryimage","url":"https:\/\/www.renouvelle.be\/wp-content\/uploads\/2025\/10\/AdobeStock_910122915-scaled.jpeg","contentUrl":"https:\/\/www.renouvelle.be\/wp-content\/uploads\/2025\/10\/AdobeStock_910122915-scaled.jpeg","width":2560,"height":1707,"caption":"production solaire \u00e9nergies renouvelables 2025"},{"@type":"BreadcrumbList","@id":"https:\/\/www.renouvelle.be\/fr\/2025-energies-renouvelables-production-fossile\/#breadcrumb","itemListElement":[{"@type":"ListItem","position":1,"name":"Accueil","item":"https:\/\/www.renouvelle.be\/fr\/"},{"@type":"ListItem","position":2,"name":"En 2025, le renouvelable a d\u00e9j\u00e0 surpass\u00e9 la production fossile"}]},{"@type":"WebSite","@id":"https:\/\/www.renouvelle.be\/fr\/#website","url":"https:\/\/www.renouvelle.be\/fr\/","name":"Renouvelle","description":"L&#039;actualit\u00e9 de l&#039;\u00e9nergie durable","potentialAction":[{"@type":"SearchAction","target":{"@type":"EntryPoint","urlTemplate":"https:\/\/www.renouvelle.be\/fr\/?s={search_term_string}"},"query-input":{"@type":"PropertyValueSpecification","valueRequired":true,"valueName":"search_term_string"}}],"inLanguage":"fr-FR"},{"@type":"Person","@id":"https:\/\/www.renouvelle.be\/fr\/#\/schema\/person\/9d743366fb269eeceaa8d60e98d289d3","name":"Samuel Alves","url":"https:\/\/www.renouvelle.be\/fr\/author\/salves\/"}]}},"_links":{"self":[{"href":"https:\/\/www.renouvelle.be\/fr\/wp-json\/wp\/v2\/posts\/15737","targetHints":{"allow":["GET"]}}],"collection":[{"href":"https:\/\/www.renouvelle.be\/fr\/wp-json\/wp\/v2\/posts"}],"about":[{"href":"https:\/\/www.renouvelle.be\/fr\/wp-json\/wp\/v2\/types\/post"}],"author":[{"embeddable":true,"href":"https:\/\/www.renouvelle.be\/fr\/wp-json\/wp\/v2\/users\/38"}],"replies":[{"embeddable":true,"href":"https:\/\/www.renouvelle.be\/fr\/wp-json\/wp\/v2\/comments?post=15737"}],"version-history":[{"count":8,"href":"https:\/\/www.renouvelle.be\/fr\/wp-json\/wp\/v2\/posts\/15737\/revisions"}],"predecessor-version":[{"id":15751,"href":"https:\/\/www.renouvelle.be\/fr\/wp-json\/wp\/v2\/posts\/15737\/revisions\/15751"}],"wp:featuredmedia":[{"embeddable":true,"href":"https:\/\/www.renouvelle.be\/fr\/wp-json\/wp\/v2\/media\/15742"}],"wp:attachment":[{"href":"https:\/\/www.renouvelle.be\/fr\/wp-json\/wp\/v2\/media?parent=15737"}],"wp:term":[{"taxonomy":"category","embeddable":true,"href":"https:\/\/www.renouvelle.be\/fr\/wp-json\/wp\/v2\/categories?post=15737"},{"taxonomy":"post_tag","embeddable":true,"href":"https:\/\/www.renouvelle.be\/fr\/wp-json\/wp\/v2\/tags?post=15737"},{"taxonomy":"section","embeddable":true,"href":"https:\/\/www.renouvelle.be\/fr\/wp-json\/wp\/v2\/section?post=15737"}],"curies":[{"name":"wp","href":"https:\/\/api.w.org\/{rel}","templated":true}]}}