{"id":15722,"date":"2025-10-07T10:10:56","date_gmt":"2025-10-07T08:10:56","guid":{"rendered":"https:\/\/www.renouvelle.be\/?p=15722"},"modified":"2025-10-07T13:55:45","modified_gmt":"2025-10-07T11:55:45","slug":"agrivoltaique-refus-permis-parc-solaire-gedinne","status":"publish","type":"post","link":"https:\/\/www.renouvelle.be\/fr\/agrivoltaique-refus-permis-parc-solaire-gedinne\/","title":{"rendered":"Agrivolta\u00efque\u00a0: refus de permis pour le parc solaire \u00e0 Gedinne"},"content":{"rendered":"\n<p>La d\u00e9cision du SPW est finalement tomb\u00e9e&nbsp;: \u00e0 Gedinne, le parc solaire <a href=\"https:\/\/etherenergy.eu\/projets\/gedinne-longchamps-la-plus-grande-communaute-denergie-solaire\/\" target=\"_blank\" rel=\"noreferrer noopener\">Longchamps<\/a> d\u2019Ether Energy ne verra pas le jour. Les raisons de ce refus de permis sont multiples si l\u2019on en croit le SPW et la bourgmestre, \u00e0 commencer par la prise en consid\u00e9ration des avis d\u00e9favorables au projet, dont celui de la commune qui met en \u00e9vidence le caract\u00e8re d\u00e9rogatoire de ce dernier et des cons\u00e9quences environnementales importantes (ainsi qu\u2019un enjeu patrimonial avec la conservation d\u2019anciennes tombelles). Sans oublier les inqui\u00e9tudes autour de l\u2019aspect foncier et du prix des terres agricoles qui pourrait grimper, toujours selon la bourgmestre.<\/p>\n\n\n\n<p>Pourtant, ces consid\u00e9rations avaient \u00e9t\u00e9 abord\u00e9es lors de la pr\u00e9sentation du projet, il y a quelques mois. Le parc solaire de 47.640 panneaux int\u00e9grait, dans sa conception, des espaces de 6,5 m\u00e8tres entre les rang\u00e9es laissant suffisamment d\u2019espace pour ne pas interf\u00e9rer avec les activit\u00e9s agricoles. Sans b\u00e9tonnage et avec une hauteur minimale de 2 m\u00e8tres sous les panneaux, un espace de p\u00e2turage aurait \u00e9t\u00e9 pr\u00e9serv\u00e9 pour les 200 vaches Blondes d\u2019Aquitaine que pr\u00e9voyait d\u2019inclure le projet. Des marres devaient \u00eatre cr\u00e9es et 1 km de haies plant\u00e9es afin de favoriser la biodiversit\u00e9.<\/p>\n\n\n\n<p>Le parc solaire aurait permis de produire annuellement 42 GWh d\u2019\u00e9lectricit\u00e9 verte, soit la consommation de 10.000 m\u00e9nages belges et \u00e9viter l\u2019\u00e9mission de 15.000 tonnes de CO<sub>2<\/sub>. Tout cela sans compter la possible cr\u00e9ation d\u2019une communaut\u00e9 d\u2019\u00e9nergie afin de profiter au maximum de cette \u00e9nergie renouvelable et de permettre son acc\u00e8s \u00e0 des habitants qui n\u2019ont pas la possibilit\u00e9 d\u2019installer des panneaux photovolta\u00efques sur leur toit, par exemple.<\/p>\n\n\n\n<p>Cette d\u00e9cision d\u00e9montre, encore une fois, que l&rsquo;occupation des terres est et reste un sujet de vives tensions. Afin d&rsquo;encadrer le d\u00e9veloppement des syst\u00e8mes agrivolta\u00efques, le Cluster Tweed avait publi\u00e9 un <a href=\"https:\/\/www.renouvelle.be\/fr\/vers-un-encadrement-de-lagrivoltaisme-en-wallonie\/\" target=\"_blank\" rel=\"noreferrer noopener\">livre blanc<\/a> regroupant des recommandations issues des secteurs de l&rsquo;\u00e9nergie, du foncier et de l&rsquo;agriculture.<\/p>\n\n\n\n<p><\/p>\n","protected":false},"excerpt":{"rendered":"<p>La d\u00e9cision du SPW est finalement tomb\u00e9e&nbsp;: \u00e0 Gedinne, le parc solaire Longchamps d\u2019Ether Energy ne verra pas le jour. Les raisons de ce refus de permis sont multiples si l\u2019on en croit le SPW et la bourgmestre, \u00e0 commencer par la prise en consid\u00e9ration des avis d\u00e9favorables au projet, dont celui de la commune qui met en \u00e9vidence le caract\u00e8re d\u00e9rogatoire de ce dernier et des cons\u00e9quences environnementales importantes (ainsi qu\u2019un enjeu patrimonial avec la conservation d\u2019anciennes tombelles). Sans oublier les inqui\u00e9tudes autour de l\u2019aspect foncier et du prix des terres agricoles qui pourrait grimper, toujours selon la bourgmestre. Pourtant, ces consid\u00e9rations avaient \u00e9t\u00e9 abord\u00e9es lors de la pr\u00e9sentation du projet, il y a quelques mois. Le parc solaire de 47.640 panneaux int\u00e9grait, dans sa conception, des espaces de 6,5 m\u00e8tres entre les rang\u00e9es laissant suffisamment d\u2019espace pour ne pas interf\u00e9rer avec les activit\u00e9s agricoles. Sans b\u00e9tonnage et avec une hauteur minimale de 2 m\u00e8tres sous les panneaux, un espace de p\u00e2turage aurait \u00e9t\u00e9 pr\u00e9serv\u00e9 pour les 200 vaches Blondes d\u2019Aquitaine que pr\u00e9voyait d\u2019inclure le projet. Des marres devaient \u00eatre cr\u00e9es et 1 km de haies plant\u00e9es afin de favoriser la biodiversit\u00e9. Le parc solaire aurait permis de produire annuellement 42 GWh d\u2019\u00e9lectricit\u00e9 verte, soit la consommation de 10.000 m\u00e9nages belges et \u00e9viter l\u2019\u00e9mission de 15.000 tonnes de CO2. Tout cela sans compter la possible cr\u00e9ation d\u2019une communaut\u00e9 d\u2019\u00e9nergie afin de profiter au maximum de cette \u00e9nergie renouvelable et de permettre son acc\u00e8s \u00e0 des habitants qui n\u2019ont pas la possibilit\u00e9 d\u2019installer des panneaux photovolta\u00efques sur leur toit, par exemple. Cette d\u00e9cision d\u00e9montre, encore une fois, que l&rsquo;occupation des terres est et reste un sujet de vives tensions. Afin d&rsquo;encadrer le d\u00e9veloppement des syst\u00e8mes agrivolta\u00efques, le Cluster Tweed avait &hellip; <a href=\"https:\/\/www.renouvelle.be\/fr\/agrivoltaique-refus-permis-parc-solaire-gedinne\/\" class=\"more-link\">Continue reading<span class=\"screen-reader-text\"> \u00ab\u00a0Agrivolta\u00efque\u00a0: refus de permis pour le parc solaire \u00e0 Gedinne\u00a0\u00bb<\/span><\/a><\/p>\n","protected":false},"author":38,"featured_media":15725,"comment_status":"closed","ping_status":"closed","sticky":false,"template":"","format":"standard","meta":{"_acf_changed":false,"footnotes":""},"categories":[16,17],"tags":[],"section":[8,13],"class_list":["post-15722","post","type-post","status-publish","format-standard","has-post-thumbnail","hentry","category-actualite","category-actualite-en-belgique","section-energie-renouvelables","section-solaire"],"acf":[],"yoast_head":"<!-- This site is optimized with the Yoast SEO plugin v27.5 - https:\/\/yoast.com\/product\/yoast-seo-wordpress\/ -->\n<title>Agrivolta\u00efque\u00a0: refus de permis pour le parc solaire \u00e0 Gedinne - Renouvelle<\/title>\n<meta name=\"description\" content=\"Comptant 47.640 panneaux photovolta\u00efques, le projet de parc solaire \u00e0 Gedinne s&#039;est finalement vu son permis refus\u00e9.\" \/>\n<meta name=\"robots\" content=\"index, follow, max-snippet:-1, max-image-preview:large, max-video-preview:-1\" \/>\n<link rel=\"canonical\" href=\"https:\/\/www.renouvelle.be\/fr\/agrivoltaique-refus-permis-parc-solaire-gedinne\/\" \/>\n<meta property=\"og:locale\" content=\"fr_FR\" \/>\n<meta property=\"og:type\" content=\"article\" \/>\n<meta property=\"og:title\" content=\"Agrivolta\u00efque\u00a0: refus de permis pour le parc solaire \u00e0 Gedinne - Renouvelle\" \/>\n<meta property=\"og:description\" content=\"Comptant 47.640 panneaux photovolta\u00efques, le projet de parc solaire \u00e0 Gedinne s&#039;est finalement vu son permis refus\u00e9.\" \/>\n<meta property=\"og:url\" content=\"https:\/\/www.renouvelle.be\/fr\/agrivoltaique-refus-permis-parc-solaire-gedinne\/\" \/>\n<meta property=\"og:site_name\" content=\"Renouvelle\" \/>\n<meta property=\"article:published_time\" content=\"2025-10-07T08:10:56+00:00\" \/>\n<meta property=\"article:modified_time\" content=\"2025-10-07T11:55:45+00:00\" \/>\n<meta property=\"og:image\" content=\"https:\/\/www.renouvelle.be\/wp-content\/uploads\/2025\/10\/AdobeStock_454599128-scaled.jpeg\" \/>\n\t<meta property=\"og:image:width\" content=\"2560\" \/>\n\t<meta property=\"og:image:height\" content=\"1707\" \/>\n\t<meta property=\"og:image:type\" content=\"image\/jpeg\" \/>\n<meta name=\"author\" content=\"Samuel Alves\" \/>\n<meta name=\"twitter:card\" content=\"summary_large_image\" \/>\n<script type=\"application\/ld+json\" class=\"yoast-schema-graph\">{\"@context\":\"https:\\\/\\\/schema.org\",\"@graph\":[{\"@type\":\"Article\",\"@id\":\"https:\\\/\\\/www.renouvelle.be\\\/fr\\\/agrivoltaique-refus-permis-parc-solaire-gedinne\\\/#article\",\"isPartOf\":{\"@id\":\"https:\\\/\\\/www.renouvelle.be\\\/fr\\\/agrivoltaique-refus-permis-parc-solaire-gedinne\\\/\"},\"author\":{\"name\":\"Samuel Alves\",\"@id\":\"https:\\\/\\\/www.renouvelle.be\\\/fr\\\/#\\\/schema\\\/person\\\/9d743366fb269eeceaa8d60e98d289d3\"},\"headline\":\"Agrivolta\u00efque\u00a0: refus de permis pour le parc solaire \u00e0 Gedinne\",\"datePublished\":\"2025-10-07T08:10:56+00:00\",\"dateModified\":\"2025-10-07T11:55:45+00:00\",\"mainEntityOfPage\":{\"@id\":\"https:\\\/\\\/www.renouvelle.be\\\/fr\\\/agrivoltaique-refus-permis-parc-solaire-gedinne\\\/\"},\"wordCount\":357,\"image\":{\"@id\":\"https:\\\/\\\/www.renouvelle.be\\\/fr\\\/agrivoltaique-refus-permis-parc-solaire-gedinne\\\/#primaryimage\"},\"thumbnailUrl\":\"https:\\\/\\\/www.renouvelle.be\\\/wp-content\\\/uploads\\\/2025\\\/10\\\/AdobeStock_454599128-scaled.jpeg\",\"articleSection\":[\"Actualit\u00e9\",\"Actualit\u00e9 en Belgique\"],\"inLanguage\":\"fr-FR\"},{\"@type\":\"WebPage\",\"@id\":\"https:\\\/\\\/www.renouvelle.be\\\/fr\\\/agrivoltaique-refus-permis-parc-solaire-gedinne\\\/\",\"url\":\"https:\\\/\\\/www.renouvelle.be\\\/fr\\\/agrivoltaique-refus-permis-parc-solaire-gedinne\\\/\",\"name\":\"Agrivolta\u00efque\u00a0: refus de permis pour le parc solaire \u00e0 Gedinne - Renouvelle\",\"isPartOf\":{\"@id\":\"https:\\\/\\\/www.renouvelle.be\\\/fr\\\/#website\"},\"primaryImageOfPage\":{\"@id\":\"https:\\\/\\\/www.renouvelle.be\\\/fr\\\/agrivoltaique-refus-permis-parc-solaire-gedinne\\\/#primaryimage\"},\"image\":{\"@id\":\"https:\\\/\\\/www.renouvelle.be\\\/fr\\\/agrivoltaique-refus-permis-parc-solaire-gedinne\\\/#primaryimage\"},\"thumbnailUrl\":\"https:\\\/\\\/www.renouvelle.be\\\/wp-content\\\/uploads\\\/2025\\\/10\\\/AdobeStock_454599128-scaled.jpeg\",\"datePublished\":\"2025-10-07T08:10:56+00:00\",\"dateModified\":\"2025-10-07T11:55:45+00:00\",\"author\":{\"@id\":\"https:\\\/\\\/www.renouvelle.be\\\/fr\\\/#\\\/schema\\\/person\\\/9d743366fb269eeceaa8d60e98d289d3\"},\"description\":\"Comptant 47.640 panneaux photovolta\u00efques, le projet de parc solaire \u00e0 Gedinne s'est finalement vu son permis refus\u00e9.\",\"breadcrumb\":{\"@id\":\"https:\\\/\\\/www.renouvelle.be\\\/fr\\\/agrivoltaique-refus-permis-parc-solaire-gedinne\\\/#breadcrumb\"},\"inLanguage\":\"fr-FR\",\"potentialAction\":[{\"@type\":\"ReadAction\",\"target\":[\"https:\\\/\\\/www.renouvelle.be\\\/fr\\\/agrivoltaique-refus-permis-parc-solaire-gedinne\\\/\"]}]},{\"@type\":\"ImageObject\",\"inLanguage\":\"fr-FR\",\"@id\":\"https:\\\/\\\/www.renouvelle.be\\\/fr\\\/agrivoltaique-refus-permis-parc-solaire-gedinne\\\/#primaryimage\",\"url\":\"https:\\\/\\\/www.renouvelle.be\\\/wp-content\\\/uploads\\\/2025\\\/10\\\/AdobeStock_454599128-scaled.jpeg\",\"contentUrl\":\"https:\\\/\\\/www.renouvelle.be\\\/wp-content\\\/uploads\\\/2025\\\/10\\\/AdobeStock_454599128-scaled.jpeg\",\"width\":2560,\"height\":1707,\"caption\":\"Gedinne parc solaire agrivolta\u00efque\"},{\"@type\":\"BreadcrumbList\",\"@id\":\"https:\\\/\\\/www.renouvelle.be\\\/fr\\\/agrivoltaique-refus-permis-parc-solaire-gedinne\\\/#breadcrumb\",\"itemListElement\":[{\"@type\":\"ListItem\",\"position\":1,\"name\":\"Accueil\",\"item\":\"https:\\\/\\\/www.renouvelle.be\\\/fr\\\/\"},{\"@type\":\"ListItem\",\"position\":2,\"name\":\"Agrivolta\u00efque\u00a0: refus de permis pour le parc solaire \u00e0 Gedinne\"}]},{\"@type\":\"WebSite\",\"@id\":\"https:\\\/\\\/www.renouvelle.be\\\/fr\\\/#website\",\"url\":\"https:\\\/\\\/www.renouvelle.be\\\/fr\\\/\",\"name\":\"Renouvelle\",\"description\":\"L&#039;actualit\u00e9 de l&#039;\u00e9nergie durable\",\"potentialAction\":[{\"@type\":\"SearchAction\",\"target\":{\"@type\":\"EntryPoint\",\"urlTemplate\":\"https:\\\/\\\/www.renouvelle.be\\\/fr\\\/?s={search_term_string}\"},\"query-input\":{\"@type\":\"PropertyValueSpecification\",\"valueRequired\":true,\"valueName\":\"search_term_string\"}}],\"inLanguage\":\"fr-FR\"},{\"@type\":\"Person\",\"@id\":\"https:\\\/\\\/www.renouvelle.be\\\/fr\\\/#\\\/schema\\\/person\\\/9d743366fb269eeceaa8d60e98d289d3\",\"name\":\"Samuel Alves\",\"url\":\"https:\\\/\\\/www.renouvelle.be\\\/fr\\\/author\\\/salves\\\/\"}]}<\/script>\n<!-- \/ Yoast SEO plugin. -->","yoast_head_json":{"title":"Agrivolta\u00efque\u00a0: refus de permis pour le parc solaire \u00e0 Gedinne - Renouvelle","description":"Comptant 47.640 panneaux photovolta\u00efques, le projet de parc solaire \u00e0 Gedinne s'est finalement vu son permis refus\u00e9.","robots":{"index":"index","follow":"follow","max-snippet":"max-snippet:-1","max-image-preview":"max-image-preview:large","max-video-preview":"max-video-preview:-1"},"canonical":"https:\/\/www.renouvelle.be\/fr\/agrivoltaique-refus-permis-parc-solaire-gedinne\/","og_locale":"fr_FR","og_type":"article","og_title":"Agrivolta\u00efque\u00a0: refus de permis pour le parc solaire \u00e0 Gedinne - Renouvelle","og_description":"Comptant 47.640 panneaux photovolta\u00efques, le projet de parc solaire \u00e0 Gedinne s'est finalement vu son permis refus\u00e9.","og_url":"https:\/\/www.renouvelle.be\/fr\/agrivoltaique-refus-permis-parc-solaire-gedinne\/","og_site_name":"Renouvelle","article_published_time":"2025-10-07T08:10:56+00:00","article_modified_time":"2025-10-07T11:55:45+00:00","og_image":[{"width":2560,"height":1707,"url":"https:\/\/www.renouvelle.be\/wp-content\/uploads\/2025\/10\/AdobeStock_454599128-scaled.jpeg","type":"image\/jpeg"}],"author":"Samuel Alves","twitter_card":"summary_large_image","schema":{"@context":"https:\/\/schema.org","@graph":[{"@type":"Article","@id":"https:\/\/www.renouvelle.be\/fr\/agrivoltaique-refus-permis-parc-solaire-gedinne\/#article","isPartOf":{"@id":"https:\/\/www.renouvelle.be\/fr\/agrivoltaique-refus-permis-parc-solaire-gedinne\/"},"author":{"name":"Samuel Alves","@id":"https:\/\/www.renouvelle.be\/fr\/#\/schema\/person\/9d743366fb269eeceaa8d60e98d289d3"},"headline":"Agrivolta\u00efque\u00a0: refus de permis pour le parc solaire \u00e0 Gedinne","datePublished":"2025-10-07T08:10:56+00:00","dateModified":"2025-10-07T11:55:45+00:00","mainEntityOfPage":{"@id":"https:\/\/www.renouvelle.be\/fr\/agrivoltaique-refus-permis-parc-solaire-gedinne\/"},"wordCount":357,"image":{"@id":"https:\/\/www.renouvelle.be\/fr\/agrivoltaique-refus-permis-parc-solaire-gedinne\/#primaryimage"},"thumbnailUrl":"https:\/\/www.renouvelle.be\/wp-content\/uploads\/2025\/10\/AdobeStock_454599128-scaled.jpeg","articleSection":["Actualit\u00e9","Actualit\u00e9 en Belgique"],"inLanguage":"fr-FR"},{"@type":"WebPage","@id":"https:\/\/www.renouvelle.be\/fr\/agrivoltaique-refus-permis-parc-solaire-gedinne\/","url":"https:\/\/www.renouvelle.be\/fr\/agrivoltaique-refus-permis-parc-solaire-gedinne\/","name":"Agrivolta\u00efque\u00a0: refus de permis pour le parc solaire \u00e0 Gedinne - Renouvelle","isPartOf":{"@id":"https:\/\/www.renouvelle.be\/fr\/#website"},"primaryImageOfPage":{"@id":"https:\/\/www.renouvelle.be\/fr\/agrivoltaique-refus-permis-parc-solaire-gedinne\/#primaryimage"},"image":{"@id":"https:\/\/www.renouvelle.be\/fr\/agrivoltaique-refus-permis-parc-solaire-gedinne\/#primaryimage"},"thumbnailUrl":"https:\/\/www.renouvelle.be\/wp-content\/uploads\/2025\/10\/AdobeStock_454599128-scaled.jpeg","datePublished":"2025-10-07T08:10:56+00:00","dateModified":"2025-10-07T11:55:45+00:00","author":{"@id":"https:\/\/www.renouvelle.be\/fr\/#\/schema\/person\/9d743366fb269eeceaa8d60e98d289d3"},"description":"Comptant 47.640 panneaux photovolta\u00efques, le projet de parc solaire \u00e0 Gedinne s'est finalement vu son permis refus\u00e9.","breadcrumb":{"@id":"https:\/\/www.renouvelle.be\/fr\/agrivoltaique-refus-permis-parc-solaire-gedinne\/#breadcrumb"},"inLanguage":"fr-FR","potentialAction":[{"@type":"ReadAction","target":["https:\/\/www.renouvelle.be\/fr\/agrivoltaique-refus-permis-parc-solaire-gedinne\/"]}]},{"@type":"ImageObject","inLanguage":"fr-FR","@id":"https:\/\/www.renouvelle.be\/fr\/agrivoltaique-refus-permis-parc-solaire-gedinne\/#primaryimage","url":"https:\/\/www.renouvelle.be\/wp-content\/uploads\/2025\/10\/AdobeStock_454599128-scaled.jpeg","contentUrl":"https:\/\/www.renouvelle.be\/wp-content\/uploads\/2025\/10\/AdobeStock_454599128-scaled.jpeg","width":2560,"height":1707,"caption":"Gedinne parc solaire agrivolta\u00efque"},{"@type":"BreadcrumbList","@id":"https:\/\/www.renouvelle.be\/fr\/agrivoltaique-refus-permis-parc-solaire-gedinne\/#breadcrumb","itemListElement":[{"@type":"ListItem","position":1,"name":"Accueil","item":"https:\/\/www.renouvelle.be\/fr\/"},{"@type":"ListItem","position":2,"name":"Agrivolta\u00efque\u00a0: refus de permis pour le parc solaire \u00e0 Gedinne"}]},{"@type":"WebSite","@id":"https:\/\/www.renouvelle.be\/fr\/#website","url":"https:\/\/www.renouvelle.be\/fr\/","name":"Renouvelle","description":"L&#039;actualit\u00e9 de l&#039;\u00e9nergie durable","potentialAction":[{"@type":"SearchAction","target":{"@type":"EntryPoint","urlTemplate":"https:\/\/www.renouvelle.be\/fr\/?s={search_term_string}"},"query-input":{"@type":"PropertyValueSpecification","valueRequired":true,"valueName":"search_term_string"}}],"inLanguage":"fr-FR"},{"@type":"Person","@id":"https:\/\/www.renouvelle.be\/fr\/#\/schema\/person\/9d743366fb269eeceaa8d60e98d289d3","name":"Samuel Alves","url":"https:\/\/www.renouvelle.be\/fr\/author\/salves\/"}]}},"_links":{"self":[{"href":"https:\/\/www.renouvelle.be\/fr\/wp-json\/wp\/v2\/posts\/15722","targetHints":{"allow":["GET"]}}],"collection":[{"href":"https:\/\/www.renouvelle.be\/fr\/wp-json\/wp\/v2\/posts"}],"about":[{"href":"https:\/\/www.renouvelle.be\/fr\/wp-json\/wp\/v2\/types\/post"}],"author":[{"embeddable":true,"href":"https:\/\/www.renouvelle.be\/fr\/wp-json\/wp\/v2\/users\/38"}],"replies":[{"embeddable":true,"href":"https:\/\/www.renouvelle.be\/fr\/wp-json\/wp\/v2\/comments?post=15722"}],"version-history":[{"count":3,"href":"https:\/\/www.renouvelle.be\/fr\/wp-json\/wp\/v2\/posts\/15722\/revisions"}],"predecessor-version":[{"id":15735,"href":"https:\/\/www.renouvelle.be\/fr\/wp-json\/wp\/v2\/posts\/15722\/revisions\/15735"}],"wp:featuredmedia":[{"embeddable":true,"href":"https:\/\/www.renouvelle.be\/fr\/wp-json\/wp\/v2\/media\/15725"}],"wp:attachment":[{"href":"https:\/\/www.renouvelle.be\/fr\/wp-json\/wp\/v2\/media?parent=15722"}],"wp:term":[{"taxonomy":"category","embeddable":true,"href":"https:\/\/www.renouvelle.be\/fr\/wp-json\/wp\/v2\/categories?post=15722"},{"taxonomy":"post_tag","embeddable":true,"href":"https:\/\/www.renouvelle.be\/fr\/wp-json\/wp\/v2\/tags?post=15722"},{"taxonomy":"section","embeddable":true,"href":"https:\/\/www.renouvelle.be\/fr\/wp-json\/wp\/v2\/section?post=15722"}],"curies":[{"name":"wp","href":"https:\/\/api.w.org\/{rel}","templated":true}]}}