{"id":15715,"date":"2025-10-06T10:36:25","date_gmt":"2025-10-06T08:36:25","guid":{"rendered":"https:\/\/www.renouvelle.be\/?p=15715"},"modified":"2025-10-06T10:36:28","modified_gmt":"2025-10-06T08:36:28","slug":"hydrogene-vert-aie-monde","status":"publish","type":"post","link":"https:\/\/www.renouvelle.be\/fr\/hydrogene-vert-aie-monde\/","title":{"rendered":"Hydrog\u00e8ne vert : une production mondiale \u00e0 la tra\u00eene"},"content":{"rendered":"\n<p>Le d\u00e9veloppement du secteur de l\u2019hydrog\u00e8ne vert est confront\u00e9 \u00e0 un ralentissement de ses activit\u00e9s, d\u00fb \u00e0 des retards ou \u00e0 des annulations de projets. Les co\u00fbts importants li\u00e9s \u00e0 ces derniers pour leur d\u00e9ploiement n\u2019arrangent pas les choses, tout comme la lenteur de construction des <a href=\"https:\/\/www.renouvelle.be\/fr\/la-belgique-transporteur-hydrogene-vert-en-europe\/\" target=\"_blank\" rel=\"noreferrer noopener\">infrastructures<\/a> n\u00e9cessaires.<\/p>\n\n\n\n<p>Et bien que la production d\u2019hydrog\u00e8ne vert ait augment\u00e9 de 10 % en 2024 et qu\u2019elle devrait atteindre le million de tonnes cette ann\u00e9e, elle repr\u00e9sente actuellement moins de 1 % de la demande mondiale. Tous ces facteurs ont eu pour cons\u00e9quence une revue \u00e0 la baisse des objectifs \u00e0 l\u2019horizon 2030. Il y a un an, l\u2019AIE en \u00e9valuait la production totale annuelle \u00e0 49 millions de tonnes d\u2019ici la fin de la d\u00e9cennie, mais l\u2019estime d\u00e9sormais plut\u00f4t \u00e0 37 millions de tonnes si les projets annonc\u00e9s se concr\u00e9tisent bien.<\/p>\n\n\n\n<p>Au-del\u00e0 de ces ambitions, pour les projets d\u00e9j\u00e0 en service (ou ayant \u00e9t\u00e9 confirm\u00e9s), on pourra compter sur une production de 4,2 millions de tonnes d\u2019hydrog\u00e8ne vert, soit cinq fois plus qu\u2019en 2024.<\/p>\n\n\n\n<p>L\u2019AIE souligne \u00e9galement qu\u2019actuellement, l\u2019\u00e9cart de prix entre l\u2019hydrog\u00e8ne vert et l\u2019hydrog\u00e8ne gris reste un obstacle majeur au d\u00e9veloppement du premier. Cette diff\u00e9rence devrait n\u00e9anmoins se r\u00e9duire dans les ann\u00e9es \u00e0 venir et permettre \u00e0 l\u2019hydrog\u00e8ne vert de se d\u00e9velopper plus rapidement qu\u2019aujourd\u2019hui.<\/p>\n\n\n\n<p>Le rapport est disponible dans son int\u00e9gralit\u00e9 \u00e0 <a href=\"https:\/\/www.iea.org\/reports\/global-hydrogen-review-2025\" target=\"_blank\" rel=\"noreferrer noopener\">ce lien<\/a>.<\/p>\n","protected":false},"excerpt":{"rendered":"<p>Le d\u00e9veloppement du secteur de l\u2019hydrog\u00e8ne vert est confront\u00e9 \u00e0 un ralentissement de ses activit\u00e9s, d\u00fb \u00e0 des retards ou \u00e0 des annulations de projets. Les co\u00fbts importants li\u00e9s \u00e0 ces derniers pour leur d\u00e9ploiement n\u2019arrangent pas les choses, tout comme la lenteur de construction des infrastructures n\u00e9cessaires. Et bien que la production d\u2019hydrog\u00e8ne vert ait augment\u00e9 de 10 % en 2024 et qu\u2019elle devrait atteindre le million de tonnes cette ann\u00e9e, elle repr\u00e9sente actuellement moins de 1 % de la demande mondiale. Tous ces facteurs ont eu pour cons\u00e9quence une revue \u00e0 la baisse des objectifs \u00e0 l\u2019horizon 2030. Il y a un an, l\u2019AIE en \u00e9valuait la production totale annuelle \u00e0 49 millions de tonnes d\u2019ici la fin de la d\u00e9cennie, mais l\u2019estime d\u00e9sormais plut\u00f4t \u00e0 37 millions de tonnes si les projets annonc\u00e9s se concr\u00e9tisent bien. Au-del\u00e0 de ces ambitions, pour les projets d\u00e9j\u00e0 en service (ou ayant \u00e9t\u00e9 confirm\u00e9s), on pourra compter sur une production de 4,2 millions de tonnes d\u2019hydrog\u00e8ne vert, soit cinq fois plus qu\u2019en 2024. L\u2019AIE souligne \u00e9galement qu\u2019actuellement, l\u2019\u00e9cart de prix entre l\u2019hydrog\u00e8ne vert et l\u2019hydrog\u00e8ne gris reste un obstacle majeur au d\u00e9veloppement du premier. Cette diff\u00e9rence devrait n\u00e9anmoins se r\u00e9duire dans les ann\u00e9es \u00e0 venir et permettre \u00e0 l\u2019hydrog\u00e8ne vert de se d\u00e9velopper plus rapidement qu\u2019aujourd\u2019hui. Le rapport est disponible dans son int\u00e9gralit\u00e9 \u00e0 ce lien.<\/p>\n","protected":false},"author":38,"featured_media":15717,"comment_status":"closed","ping_status":"closed","sticky":false,"template":"","format":"standard","meta":{"_acf_changed":false,"footnotes":""},"categories":[16,18],"tags":[],"section":[8,11],"class_list":["post-15715","post","type-post","status-publish","format-standard","has-post-thumbnail","hentry","category-actualite","category-actualite-internationale","section-energie-renouvelables","section-hydrogene"],"acf":[],"yoast_head":"<!-- This site is optimized with the Yoast SEO plugin v27.5 - https:\/\/yoast.com\/product\/yoast-seo-wordpress\/ -->\n<title>Hydrog\u00e8ne vert : une production mondiale \u00e0 la tra\u00eene - Renouvelle<\/title>\n<meta name=\"description\" content=\"D&#039;apr\u00e8s les derniers chiffres de l&#039;AIE, l&#039;hydrog\u00e8ne vert subirait un ralentissement de production au niveau des estimations pr\u00e9vues pour 2030.\" \/>\n<meta name=\"robots\" content=\"index, follow, max-snippet:-1, max-image-preview:large, max-video-preview:-1\" \/>\n<link rel=\"canonical\" href=\"https:\/\/www.renouvelle.be\/fr\/hydrogene-vert-aie-monde\/\" \/>\n<meta property=\"og:locale\" content=\"fr_FR\" \/>\n<meta property=\"og:type\" content=\"article\" \/>\n<meta property=\"og:title\" content=\"Hydrog\u00e8ne vert : une production mondiale \u00e0 la tra\u00eene - Renouvelle\" \/>\n<meta property=\"og:description\" content=\"D&#039;apr\u00e8s les derniers chiffres de l&#039;AIE, l&#039;hydrog\u00e8ne vert subirait un ralentissement de production au niveau des estimations pr\u00e9vues pour 2030.\" \/>\n<meta property=\"og:url\" content=\"https:\/\/www.renouvelle.be\/fr\/hydrogene-vert-aie-monde\/\" \/>\n<meta property=\"og:site_name\" content=\"Renouvelle\" \/>\n<meta property=\"article:published_time\" content=\"2025-10-06T08:36:25+00:00\" \/>\n<meta property=\"article:modified_time\" content=\"2025-10-06T08:36:28+00:00\" \/>\n<meta property=\"og:image\" content=\"https:\/\/www.renouvelle.be\/wp-content\/uploads\/2025\/10\/AdobeStock_608081126-scaled.jpeg\" \/>\n\t<meta property=\"og:image:width\" content=\"2560\" \/>\n\t<meta property=\"og:image:height\" content=\"1682\" \/>\n\t<meta property=\"og:image:type\" content=\"image\/jpeg\" \/>\n<meta name=\"author\" content=\"Samuel Alves\" \/>\n<meta name=\"twitter:card\" content=\"summary_large_image\" \/>\n<script type=\"application\/ld+json\" class=\"yoast-schema-graph\">{\"@context\":\"https:\\\/\\\/schema.org\",\"@graph\":[{\"@type\":\"Article\",\"@id\":\"https:\\\/\\\/www.renouvelle.be\\\/fr\\\/hydrogene-vert-aie-monde\\\/#article\",\"isPartOf\":{\"@id\":\"https:\\\/\\\/www.renouvelle.be\\\/fr\\\/hydrogene-vert-aie-monde\\\/\"},\"author\":{\"name\":\"Samuel Alves\",\"@id\":\"https:\\\/\\\/www.renouvelle.be\\\/fr\\\/#\\\/schema\\\/person\\\/9d743366fb269eeceaa8d60e98d289d3\"},\"headline\":\"Hydrog\u00e8ne vert : une production mondiale \u00e0 la tra\u00eene\",\"datePublished\":\"2025-10-06T08:36:25+00:00\",\"dateModified\":\"2025-10-06T08:36:28+00:00\",\"mainEntityOfPage\":{\"@id\":\"https:\\\/\\\/www.renouvelle.be\\\/fr\\\/hydrogene-vert-aie-monde\\\/\"},\"wordCount\":260,\"image\":{\"@id\":\"https:\\\/\\\/www.renouvelle.be\\\/fr\\\/hydrogene-vert-aie-monde\\\/#primaryimage\"},\"thumbnailUrl\":\"https:\\\/\\\/www.renouvelle.be\\\/wp-content\\\/uploads\\\/2025\\\/10\\\/AdobeStock_608081126-scaled.jpeg\",\"articleSection\":[\"Actualit\u00e9\",\"Actualit\u00e9 internationale\"],\"inLanguage\":\"fr-FR\"},{\"@type\":\"WebPage\",\"@id\":\"https:\\\/\\\/www.renouvelle.be\\\/fr\\\/hydrogene-vert-aie-monde\\\/\",\"url\":\"https:\\\/\\\/www.renouvelle.be\\\/fr\\\/hydrogene-vert-aie-monde\\\/\",\"name\":\"Hydrog\u00e8ne vert : une production mondiale \u00e0 la tra\u00eene - Renouvelle\",\"isPartOf\":{\"@id\":\"https:\\\/\\\/www.renouvelle.be\\\/fr\\\/#website\"},\"primaryImageOfPage\":{\"@id\":\"https:\\\/\\\/www.renouvelle.be\\\/fr\\\/hydrogene-vert-aie-monde\\\/#primaryimage\"},\"image\":{\"@id\":\"https:\\\/\\\/www.renouvelle.be\\\/fr\\\/hydrogene-vert-aie-monde\\\/#primaryimage\"},\"thumbnailUrl\":\"https:\\\/\\\/www.renouvelle.be\\\/wp-content\\\/uploads\\\/2025\\\/10\\\/AdobeStock_608081126-scaled.jpeg\",\"datePublished\":\"2025-10-06T08:36:25+00:00\",\"dateModified\":\"2025-10-06T08:36:28+00:00\",\"author\":{\"@id\":\"https:\\\/\\\/www.renouvelle.be\\\/fr\\\/#\\\/schema\\\/person\\\/9d743366fb269eeceaa8d60e98d289d3\"},\"description\":\"D'apr\u00e8s les derniers chiffres de l'AIE, l'hydrog\u00e8ne vert subirait un ralentissement de production au niveau des estimations pr\u00e9vues pour 2030.\",\"breadcrumb\":{\"@id\":\"https:\\\/\\\/www.renouvelle.be\\\/fr\\\/hydrogene-vert-aie-monde\\\/#breadcrumb\"},\"inLanguage\":\"fr-FR\",\"potentialAction\":[{\"@type\":\"ReadAction\",\"target\":[\"https:\\\/\\\/www.renouvelle.be\\\/fr\\\/hydrogene-vert-aie-monde\\\/\"]}]},{\"@type\":\"ImageObject\",\"inLanguage\":\"fr-FR\",\"@id\":\"https:\\\/\\\/www.renouvelle.be\\\/fr\\\/hydrogene-vert-aie-monde\\\/#primaryimage\",\"url\":\"https:\\\/\\\/www.renouvelle.be\\\/wp-content\\\/uploads\\\/2025\\\/10\\\/AdobeStock_608081126-scaled.jpeg\",\"contentUrl\":\"https:\\\/\\\/www.renouvelle.be\\\/wp-content\\\/uploads\\\/2025\\\/10\\\/AdobeStock_608081126-scaled.jpeg\",\"width\":2560,\"height\":1682,\"caption\":\"Hydrog\u00e8ne vert\"},{\"@type\":\"BreadcrumbList\",\"@id\":\"https:\\\/\\\/www.renouvelle.be\\\/fr\\\/hydrogene-vert-aie-monde\\\/#breadcrumb\",\"itemListElement\":[{\"@type\":\"ListItem\",\"position\":1,\"name\":\"Accueil\",\"item\":\"https:\\\/\\\/www.renouvelle.be\\\/fr\\\/\"},{\"@type\":\"ListItem\",\"position\":2,\"name\":\"Hydrog\u00e8ne vert : une production mondiale \u00e0 la tra\u00eene\"}]},{\"@type\":\"WebSite\",\"@id\":\"https:\\\/\\\/www.renouvelle.be\\\/fr\\\/#website\",\"url\":\"https:\\\/\\\/www.renouvelle.be\\\/fr\\\/\",\"name\":\"Renouvelle\",\"description\":\"L&#039;actualit\u00e9 de l&#039;\u00e9nergie durable\",\"potentialAction\":[{\"@type\":\"SearchAction\",\"target\":{\"@type\":\"EntryPoint\",\"urlTemplate\":\"https:\\\/\\\/www.renouvelle.be\\\/fr\\\/?s={search_term_string}\"},\"query-input\":{\"@type\":\"PropertyValueSpecification\",\"valueRequired\":true,\"valueName\":\"search_term_string\"}}],\"inLanguage\":\"fr-FR\"},{\"@type\":\"Person\",\"@id\":\"https:\\\/\\\/www.renouvelle.be\\\/fr\\\/#\\\/schema\\\/person\\\/9d743366fb269eeceaa8d60e98d289d3\",\"name\":\"Samuel Alves\",\"url\":\"https:\\\/\\\/www.renouvelle.be\\\/fr\\\/author\\\/salves\\\/\"}]}<\/script>\n<!-- \/ Yoast SEO plugin. -->","yoast_head_json":{"title":"Hydrog\u00e8ne vert : une production mondiale \u00e0 la tra\u00eene - Renouvelle","description":"D'apr\u00e8s les derniers chiffres de l'AIE, l'hydrog\u00e8ne vert subirait un ralentissement de production au niveau des estimations pr\u00e9vues pour 2030.","robots":{"index":"index","follow":"follow","max-snippet":"max-snippet:-1","max-image-preview":"max-image-preview:large","max-video-preview":"max-video-preview:-1"},"canonical":"https:\/\/www.renouvelle.be\/fr\/hydrogene-vert-aie-monde\/","og_locale":"fr_FR","og_type":"article","og_title":"Hydrog\u00e8ne vert : une production mondiale \u00e0 la tra\u00eene - Renouvelle","og_description":"D'apr\u00e8s les derniers chiffres de l'AIE, l'hydrog\u00e8ne vert subirait un ralentissement de production au niveau des estimations pr\u00e9vues pour 2030.","og_url":"https:\/\/www.renouvelle.be\/fr\/hydrogene-vert-aie-monde\/","og_site_name":"Renouvelle","article_published_time":"2025-10-06T08:36:25+00:00","article_modified_time":"2025-10-06T08:36:28+00:00","og_image":[{"width":2560,"height":1682,"url":"https:\/\/www.renouvelle.be\/wp-content\/uploads\/2025\/10\/AdobeStock_608081126-scaled.jpeg","type":"image\/jpeg"}],"author":"Samuel Alves","twitter_card":"summary_large_image","schema":{"@context":"https:\/\/schema.org","@graph":[{"@type":"Article","@id":"https:\/\/www.renouvelle.be\/fr\/hydrogene-vert-aie-monde\/#article","isPartOf":{"@id":"https:\/\/www.renouvelle.be\/fr\/hydrogene-vert-aie-monde\/"},"author":{"name":"Samuel Alves","@id":"https:\/\/www.renouvelle.be\/fr\/#\/schema\/person\/9d743366fb269eeceaa8d60e98d289d3"},"headline":"Hydrog\u00e8ne vert : une production mondiale \u00e0 la tra\u00eene","datePublished":"2025-10-06T08:36:25+00:00","dateModified":"2025-10-06T08:36:28+00:00","mainEntityOfPage":{"@id":"https:\/\/www.renouvelle.be\/fr\/hydrogene-vert-aie-monde\/"},"wordCount":260,"image":{"@id":"https:\/\/www.renouvelle.be\/fr\/hydrogene-vert-aie-monde\/#primaryimage"},"thumbnailUrl":"https:\/\/www.renouvelle.be\/wp-content\/uploads\/2025\/10\/AdobeStock_608081126-scaled.jpeg","articleSection":["Actualit\u00e9","Actualit\u00e9 internationale"],"inLanguage":"fr-FR"},{"@type":"WebPage","@id":"https:\/\/www.renouvelle.be\/fr\/hydrogene-vert-aie-monde\/","url":"https:\/\/www.renouvelle.be\/fr\/hydrogene-vert-aie-monde\/","name":"Hydrog\u00e8ne vert : une production mondiale \u00e0 la tra\u00eene - Renouvelle","isPartOf":{"@id":"https:\/\/www.renouvelle.be\/fr\/#website"},"primaryImageOfPage":{"@id":"https:\/\/www.renouvelle.be\/fr\/hydrogene-vert-aie-monde\/#primaryimage"},"image":{"@id":"https:\/\/www.renouvelle.be\/fr\/hydrogene-vert-aie-monde\/#primaryimage"},"thumbnailUrl":"https:\/\/www.renouvelle.be\/wp-content\/uploads\/2025\/10\/AdobeStock_608081126-scaled.jpeg","datePublished":"2025-10-06T08:36:25+00:00","dateModified":"2025-10-06T08:36:28+00:00","author":{"@id":"https:\/\/www.renouvelle.be\/fr\/#\/schema\/person\/9d743366fb269eeceaa8d60e98d289d3"},"description":"D'apr\u00e8s les derniers chiffres de l'AIE, l'hydrog\u00e8ne vert subirait un ralentissement de production au niveau des estimations pr\u00e9vues pour 2030.","breadcrumb":{"@id":"https:\/\/www.renouvelle.be\/fr\/hydrogene-vert-aie-monde\/#breadcrumb"},"inLanguage":"fr-FR","potentialAction":[{"@type":"ReadAction","target":["https:\/\/www.renouvelle.be\/fr\/hydrogene-vert-aie-monde\/"]}]},{"@type":"ImageObject","inLanguage":"fr-FR","@id":"https:\/\/www.renouvelle.be\/fr\/hydrogene-vert-aie-monde\/#primaryimage","url":"https:\/\/www.renouvelle.be\/wp-content\/uploads\/2025\/10\/AdobeStock_608081126-scaled.jpeg","contentUrl":"https:\/\/www.renouvelle.be\/wp-content\/uploads\/2025\/10\/AdobeStock_608081126-scaled.jpeg","width":2560,"height":1682,"caption":"Hydrog\u00e8ne vert"},{"@type":"BreadcrumbList","@id":"https:\/\/www.renouvelle.be\/fr\/hydrogene-vert-aie-monde\/#breadcrumb","itemListElement":[{"@type":"ListItem","position":1,"name":"Accueil","item":"https:\/\/www.renouvelle.be\/fr\/"},{"@type":"ListItem","position":2,"name":"Hydrog\u00e8ne vert : une production mondiale \u00e0 la tra\u00eene"}]},{"@type":"WebSite","@id":"https:\/\/www.renouvelle.be\/fr\/#website","url":"https:\/\/www.renouvelle.be\/fr\/","name":"Renouvelle","description":"L&#039;actualit\u00e9 de l&#039;\u00e9nergie durable","potentialAction":[{"@type":"SearchAction","target":{"@type":"EntryPoint","urlTemplate":"https:\/\/www.renouvelle.be\/fr\/?s={search_term_string}"},"query-input":{"@type":"PropertyValueSpecification","valueRequired":true,"valueName":"search_term_string"}}],"inLanguage":"fr-FR"},{"@type":"Person","@id":"https:\/\/www.renouvelle.be\/fr\/#\/schema\/person\/9d743366fb269eeceaa8d60e98d289d3","name":"Samuel Alves","url":"https:\/\/www.renouvelle.be\/fr\/author\/salves\/"}]}},"_links":{"self":[{"href":"https:\/\/www.renouvelle.be\/fr\/wp-json\/wp\/v2\/posts\/15715","targetHints":{"allow":["GET"]}}],"collection":[{"href":"https:\/\/www.renouvelle.be\/fr\/wp-json\/wp\/v2\/posts"}],"about":[{"href":"https:\/\/www.renouvelle.be\/fr\/wp-json\/wp\/v2\/types\/post"}],"author":[{"embeddable":true,"href":"https:\/\/www.renouvelle.be\/fr\/wp-json\/wp\/v2\/users\/38"}],"replies":[{"embeddable":true,"href":"https:\/\/www.renouvelle.be\/fr\/wp-json\/wp\/v2\/comments?post=15715"}],"version-history":[{"count":2,"href":"https:\/\/www.renouvelle.be\/fr\/wp-json\/wp\/v2\/posts\/15715\/revisions"}],"predecessor-version":[{"id":15719,"href":"https:\/\/www.renouvelle.be\/fr\/wp-json\/wp\/v2\/posts\/15715\/revisions\/15719"}],"wp:featuredmedia":[{"embeddable":true,"href":"https:\/\/www.renouvelle.be\/fr\/wp-json\/wp\/v2\/media\/15717"}],"wp:attachment":[{"href":"https:\/\/www.renouvelle.be\/fr\/wp-json\/wp\/v2\/media?parent=15715"}],"wp:term":[{"taxonomy":"category","embeddable":true,"href":"https:\/\/www.renouvelle.be\/fr\/wp-json\/wp\/v2\/categories?post=15715"},{"taxonomy":"post_tag","embeddable":true,"href":"https:\/\/www.renouvelle.be\/fr\/wp-json\/wp\/v2\/tags?post=15715"},{"taxonomy":"section","embeddable":true,"href":"https:\/\/www.renouvelle.be\/fr\/wp-json\/wp\/v2\/section?post=15715"}],"curies":[{"name":"wp","href":"https:\/\/api.w.org\/{rel}","templated":true}]}}