{"id":15687,"date":"2025-09-23T12:30:33","date_gmt":"2025-09-23T10:30:33","guid":{"rendered":"https:\/\/www.renouvelle.be\/?p=15687"},"modified":"2025-10-07T10:21:58","modified_gmt":"2025-10-07T08:21:58","slug":"bureau-federal-plan-mix-electrique-belgique","status":"publish","type":"post","link":"https:\/\/www.renouvelle.be\/fr\/bureau-federal-plan-mix-electrique-belgique\/","title":{"rendered":"Quel mix \u00e9lectrique pour la neutralit\u00e9 climatique en Belgique\u00a0?"},"content":{"rendered":"\n<p>La transition \u00e9nerg\u00e9tique de nos soci\u00e9t\u00e9s devra passer par l\u2019abandon des combustibles fossiles et l\u2019\u00e9lectrification des usages. Cela devrait entrainer une hausse de la demande en \u00e9lectricit\u00e9 et notamment en Belgique avec des niveaux jamais \u00e9gal\u00e9s comme nous le rapporte le Bureau f\u00e9d\u00e9ral du Plan. En effet, cette derni\u00e8re pourrait passer de 88 TWh en 2020 \u00e0 202 TWh en 2050.<\/p>\n\n\n\n<p>Quelle sera alors la solution la plus efficace pour y r\u00e9pondre&nbsp;? Trois sc\u00e9narios se dessinent&nbsp;: le premier maintient la sortie du nucl\u00e9aire \u00e0 2035 ainsi que les objectifs actuels en mati\u00e8re d\u2019\u00e9olien offshore (soit 5,7 GW), m\u00eame chose pour le deuxi\u00e8me sc\u00e9nario \u00e0 la diff\u00e9rence que l\u2019\u00e9olien offshore y est massivement d\u00e9velopp\u00e9. Le troisi\u00e8me et dernier sc\u00e9nario se base sur une situation o\u00f9 ces deux \u00e9nergies seraient pleinement exploit\u00e9es avec des capacit\u00e9s maximales de 8 GW chacune, et avec le moins de contraintes possibles. Quoi qu\u2019il en soit, ces trois options prennent toutes en compte des investissements dans les \u00e9nergies solaire et \u00e9olienne terrestre afin de garantir un mix \u00e9nerg\u00e9tique vari\u00e9.<\/p>\n\n\n\n<p>Et toujours selon le Bureau f\u00e9d\u00e9ral du Plan, des diff\u00e9rences importantes apparaissent lorsqu\u2019on analyse de plus pr\u00eat l\u2019impact sur le co\u00fbt de l\u2019\u00e9lectricit\u00e9. Pour ce qui est du premier sc\u00e9nario, le co\u00fbt y est plus \u00e9lev\u00e9 \u00e0 cause du besoin d\u2019amortir des investissements importants dans le <a href=\"https:\/\/www.renouvelle.be\/fr\/bilan-production-solaire-eolienne-belgique-ete-2025\/\" target=\"_blank\" rel=\"noreferrer noopener\">solaire<\/a> et l\u2019\u00e9olien onshore tandis que pour le deuxi\u00e8me sc\u00e9nario, parce qu\u2019une partie de l\u2019\u00e9lectricit\u00e9 devrait \u00eatre import\u00e9e depuis d\u2019autres zones de la mer du Nord.<\/p>\n\n\n\n<p>C\u2019est donc le troisi\u00e8me sc\u00e9nario qui semble \u00eatre le plus adapt\u00e9 pour atteindre les objectifs de neutralit\u00e9 climatique&nbsp;tout en maintenant les co\u00fbts d\u2019\u00e9lectricit\u00e9 les plus bas.<\/p>\n\n\n\n<p>Mais tout n\u2019est pas si simple, puisque d\u2019autres param\u00e8tres, tout aussi essentiels que le co\u00fbt de l\u2019\u00e9lectricit\u00e9, entrent en jeu. En effet, n\u2019oublions pas que d\u00e9velopper le nucl\u00e9aire n\u00e9cessite de l\u2019uranium, impliquant alors une d\u00e9pendance de la Belgique vis-\u00e0-vis de pays tiers.<\/p>\n\n\n\n<p>Enfin, sans exclusion ou sous-financement d\u2019une technologie, le Bureau f\u00e9d\u00e9ral du Plan souligne que la meilleure solution repose donc sur un mix \u00e9lectrique diversifi\u00e9, et ne signifie pas de devoir choisir uniquement entre le nucl\u00e9aire et l\u2019\u00e9olien en mer.<\/p>\n\n\n\n<p>La publication est \u00e0 lire dans son int\u00e9gralit\u00e9 sur <a href=\"https:\/\/www.plan.be\/fr\/publications\/quel-systeme-electrique-pour-atteindre-zero\" target=\"_blank\" rel=\"noreferrer noopener\">ce lien<\/a>.<\/p>\n","protected":false},"excerpt":{"rendered":"<p>La transition \u00e9nerg\u00e9tique de nos soci\u00e9t\u00e9s devra passer par l\u2019abandon des combustibles fossiles et l\u2019\u00e9lectrification des usages. Cela devrait entrainer une hausse de la demande en \u00e9lectricit\u00e9 et notamment en Belgique avec des niveaux jamais \u00e9gal\u00e9s comme nous le rapporte le Bureau f\u00e9d\u00e9ral du Plan. En effet, cette derni\u00e8re pourrait passer de 88 TWh en 2020 \u00e0 202 TWh en 2050. Quelle sera alors la solution la plus efficace pour y r\u00e9pondre&nbsp;? Trois sc\u00e9narios se dessinent&nbsp;: le premier maintient la sortie du nucl\u00e9aire \u00e0 2035 ainsi que les objectifs actuels en mati\u00e8re d\u2019\u00e9olien offshore (soit 5,7 GW), m\u00eame chose pour le deuxi\u00e8me sc\u00e9nario \u00e0 la diff\u00e9rence que l\u2019\u00e9olien offshore y est massivement d\u00e9velopp\u00e9. Le troisi\u00e8me et dernier sc\u00e9nario se base sur une situation o\u00f9 ces deux \u00e9nergies seraient pleinement exploit\u00e9es avec des capacit\u00e9s maximales de 8 GW chacune, et avec le moins de contraintes possibles. Quoi qu\u2019il en soit, ces trois options prennent toutes en compte des investissements dans les \u00e9nergies solaire et \u00e9olienne terrestre afin de garantir un mix \u00e9nerg\u00e9tique vari\u00e9. Et toujours selon le Bureau f\u00e9d\u00e9ral du Plan, des diff\u00e9rences importantes apparaissent lorsqu\u2019on analyse de plus pr\u00eat l\u2019impact sur le co\u00fbt de l\u2019\u00e9lectricit\u00e9. Pour ce qui est du premier sc\u00e9nario, le co\u00fbt y est plus \u00e9lev\u00e9 \u00e0 cause du besoin d\u2019amortir des investissements importants dans le solaire et l\u2019\u00e9olien onshore tandis que pour le deuxi\u00e8me sc\u00e9nario, parce qu\u2019une partie de l\u2019\u00e9lectricit\u00e9 devrait \u00eatre import\u00e9e depuis d\u2019autres zones de la mer du Nord. C\u2019est donc le troisi\u00e8me sc\u00e9nario qui semble \u00eatre le plus adapt\u00e9 pour atteindre les objectifs de neutralit\u00e9 climatique&nbsp;tout en maintenant les co\u00fbts d\u2019\u00e9lectricit\u00e9 les plus bas. Mais tout n\u2019est pas si simple, puisque d\u2019autres param\u00e8tres, tout aussi essentiels que le co\u00fbt de l\u2019\u00e9lectricit\u00e9, entrent en jeu. &hellip; <a href=\"https:\/\/www.renouvelle.be\/fr\/bureau-federal-plan-mix-electrique-belgique\/\" class=\"more-link\">Continue reading<span class=\"screen-reader-text\"> \u00ab\u00a0Quel mix \u00e9lectrique pour la neutralit\u00e9 climatique en Belgique\u00a0?\u00a0\u00bb<\/span><\/a><\/p>\n","protected":false},"author":38,"featured_media":15690,"comment_status":"closed","ping_status":"closed","sticky":false,"template":"","format":"standard","meta":{"_acf_changed":false,"footnotes":""},"categories":[16,17],"tags":[],"section":[8,6],"class_list":["post-15687","post","type-post","status-publish","format-standard","has-post-thumbnail","hentry","category-actualite","category-actualite-en-belgique","section-energie-renouvelables","section-eolien"],"acf":[],"yoast_head":"<!-- This site is optimized with the Yoast SEO plugin v27.5 - https:\/\/yoast.com\/product\/yoast-seo-wordpress\/ -->\n<title>Quel mix \u00e9lectrique pour la neutralit\u00e9 climatique en Belgique\u00a0? - Renouvelle<\/title>\n<meta name=\"description\" content=\"Le Bureau f\u00e9d\u00e9ral du Plan pr\u00e9voit que le nucl\u00e9aire et l&#039;\u00e9olien offshore permettront \u00e0 la Belgique d&#039;atteindre sa neutralit\u00e9 climatique.\" \/>\n<meta name=\"robots\" content=\"index, follow, max-snippet:-1, max-image-preview:large, max-video-preview:-1\" \/>\n<link rel=\"canonical\" href=\"https:\/\/www.renouvelle.be\/fr\/bureau-federal-plan-mix-electrique-belgique\/\" \/>\n<meta property=\"og:locale\" content=\"fr_FR\" \/>\n<meta property=\"og:type\" content=\"article\" \/>\n<meta property=\"og:title\" content=\"Quel mix \u00e9lectrique pour la neutralit\u00e9 climatique en Belgique\u00a0? - Renouvelle\" \/>\n<meta property=\"og:description\" content=\"Le Bureau f\u00e9d\u00e9ral du Plan pr\u00e9voit que le nucl\u00e9aire et l&#039;\u00e9olien offshore permettront \u00e0 la Belgique d&#039;atteindre sa neutralit\u00e9 climatique.\" \/>\n<meta property=\"og:url\" content=\"https:\/\/www.renouvelle.be\/fr\/bureau-federal-plan-mix-electrique-belgique\/\" \/>\n<meta property=\"og:site_name\" content=\"Renouvelle\" \/>\n<meta property=\"article:published_time\" content=\"2025-09-23T10:30:33+00:00\" \/>\n<meta property=\"article:modified_time\" content=\"2025-10-07T08:21:58+00:00\" \/>\n<meta property=\"og:image\" content=\"https:\/\/www.renouvelle.be\/wp-content\/uploads\/2025\/09\/AdobeStock_305403597-scaled-e1758622792627.jpeg\" \/>\n\t<meta property=\"og:image:width\" content=\"2364\" \/>\n\t<meta property=\"og:image:height\" content=\"1485\" \/>\n\t<meta property=\"og:image:type\" content=\"image\/jpeg\" \/>\n<meta name=\"author\" content=\"Samuel Alves\" \/>\n<meta name=\"twitter:card\" content=\"summary_large_image\" \/>\n<script type=\"application\/ld+json\" class=\"yoast-schema-graph\">{\"@context\":\"https:\\\/\\\/schema.org\",\"@graph\":[{\"@type\":\"Article\",\"@id\":\"https:\\\/\\\/www.renouvelle.be\\\/fr\\\/bureau-federal-plan-mix-electrique-belgique\\\/#article\",\"isPartOf\":{\"@id\":\"https:\\\/\\\/www.renouvelle.be\\\/fr\\\/bureau-federal-plan-mix-electrique-belgique\\\/\"},\"author\":{\"name\":\"Samuel Alves\",\"@id\":\"https:\\\/\\\/www.renouvelle.be\\\/fr\\\/#\\\/schema\\\/person\\\/9d743366fb269eeceaa8d60e98d289d3\"},\"headline\":\"Quel mix \u00e9lectrique pour la neutralit\u00e9 climatique en Belgique\u00a0?\",\"datePublished\":\"2025-09-23T10:30:33+00:00\",\"dateModified\":\"2025-10-07T08:21:58+00:00\",\"mainEntityOfPage\":{\"@id\":\"https:\\\/\\\/www.renouvelle.be\\\/fr\\\/bureau-federal-plan-mix-electrique-belgique\\\/\"},\"wordCount\":430,\"image\":{\"@id\":\"https:\\\/\\\/www.renouvelle.be\\\/fr\\\/bureau-federal-plan-mix-electrique-belgique\\\/#primaryimage\"},\"thumbnailUrl\":\"https:\\\/\\\/www.renouvelle.be\\\/wp-content\\\/uploads\\\/2025\\\/09\\\/AdobeStock_305403597-scaled-e1758622792627.jpeg\",\"articleSection\":[\"Actualit\u00e9\",\"Actualit\u00e9 en Belgique\"],\"inLanguage\":\"fr-FR\"},{\"@type\":\"WebPage\",\"@id\":\"https:\\\/\\\/www.renouvelle.be\\\/fr\\\/bureau-federal-plan-mix-electrique-belgique\\\/\",\"url\":\"https:\\\/\\\/www.renouvelle.be\\\/fr\\\/bureau-federal-plan-mix-electrique-belgique\\\/\",\"name\":\"Quel mix \u00e9lectrique pour la neutralit\u00e9 climatique en Belgique\u00a0? - Renouvelle\",\"isPartOf\":{\"@id\":\"https:\\\/\\\/www.renouvelle.be\\\/fr\\\/#website\"},\"primaryImageOfPage\":{\"@id\":\"https:\\\/\\\/www.renouvelle.be\\\/fr\\\/bureau-federal-plan-mix-electrique-belgique\\\/#primaryimage\"},\"image\":{\"@id\":\"https:\\\/\\\/www.renouvelle.be\\\/fr\\\/bureau-federal-plan-mix-electrique-belgique\\\/#primaryimage\"},\"thumbnailUrl\":\"https:\\\/\\\/www.renouvelle.be\\\/wp-content\\\/uploads\\\/2025\\\/09\\\/AdobeStock_305403597-scaled-e1758622792627.jpeg\",\"datePublished\":\"2025-09-23T10:30:33+00:00\",\"dateModified\":\"2025-10-07T08:21:58+00:00\",\"author\":{\"@id\":\"https:\\\/\\\/www.renouvelle.be\\\/fr\\\/#\\\/schema\\\/person\\\/9d743366fb269eeceaa8d60e98d289d3\"},\"description\":\"Le Bureau f\u00e9d\u00e9ral du Plan pr\u00e9voit que le nucl\u00e9aire et l'\u00e9olien offshore permettront \u00e0 la Belgique d'atteindre sa neutralit\u00e9 climatique.\",\"breadcrumb\":{\"@id\":\"https:\\\/\\\/www.renouvelle.be\\\/fr\\\/bureau-federal-plan-mix-electrique-belgique\\\/#breadcrumb\"},\"inLanguage\":\"fr-FR\",\"potentialAction\":[{\"@type\":\"ReadAction\",\"target\":[\"https:\\\/\\\/www.renouvelle.be\\\/fr\\\/bureau-federal-plan-mix-electrique-belgique\\\/\"]}]},{\"@type\":\"ImageObject\",\"inLanguage\":\"fr-FR\",\"@id\":\"https:\\\/\\\/www.renouvelle.be\\\/fr\\\/bureau-federal-plan-mix-electrique-belgique\\\/#primaryimage\",\"url\":\"https:\\\/\\\/www.renouvelle.be\\\/wp-content\\\/uploads\\\/2025\\\/09\\\/AdobeStock_305403597-scaled-e1758622792627.jpeg\",\"contentUrl\":\"https:\\\/\\\/www.renouvelle.be\\\/wp-content\\\/uploads\\\/2025\\\/09\\\/AdobeStock_305403597-scaled-e1758622792627.jpeg\",\"width\":2364,\"height\":1485,\"caption\":\"Quel sera le mix \u00e9lectrique pour une Belgique climatiquement neutre d'ici 2050 selon le Bureau f\u00e9d\u00e9ral du Plan ?\"},{\"@type\":\"BreadcrumbList\",\"@id\":\"https:\\\/\\\/www.renouvelle.be\\\/fr\\\/bureau-federal-plan-mix-electrique-belgique\\\/#breadcrumb\",\"itemListElement\":[{\"@type\":\"ListItem\",\"position\":1,\"name\":\"Accueil\",\"item\":\"https:\\\/\\\/www.renouvelle.be\\\/fr\\\/\"},{\"@type\":\"ListItem\",\"position\":2,\"name\":\"Quel mix \u00e9lectrique pour la neutralit\u00e9 climatique en Belgique\u00a0?\"}]},{\"@type\":\"WebSite\",\"@id\":\"https:\\\/\\\/www.renouvelle.be\\\/fr\\\/#website\",\"url\":\"https:\\\/\\\/www.renouvelle.be\\\/fr\\\/\",\"name\":\"Renouvelle\",\"description\":\"L&#039;actualit\u00e9 de l&#039;\u00e9nergie durable\",\"potentialAction\":[{\"@type\":\"SearchAction\",\"target\":{\"@type\":\"EntryPoint\",\"urlTemplate\":\"https:\\\/\\\/www.renouvelle.be\\\/fr\\\/?s={search_term_string}\"},\"query-input\":{\"@type\":\"PropertyValueSpecification\",\"valueRequired\":true,\"valueName\":\"search_term_string\"}}],\"inLanguage\":\"fr-FR\"},{\"@type\":\"Person\",\"@id\":\"https:\\\/\\\/www.renouvelle.be\\\/fr\\\/#\\\/schema\\\/person\\\/9d743366fb269eeceaa8d60e98d289d3\",\"name\":\"Samuel Alves\",\"url\":\"https:\\\/\\\/www.renouvelle.be\\\/fr\\\/author\\\/salves\\\/\"}]}<\/script>\n<!-- \/ Yoast SEO plugin. -->","yoast_head_json":{"title":"Quel mix \u00e9lectrique pour la neutralit\u00e9 climatique en Belgique\u00a0? - Renouvelle","description":"Le Bureau f\u00e9d\u00e9ral du Plan pr\u00e9voit que le nucl\u00e9aire et l'\u00e9olien offshore permettront \u00e0 la Belgique d'atteindre sa neutralit\u00e9 climatique.","robots":{"index":"index","follow":"follow","max-snippet":"max-snippet:-1","max-image-preview":"max-image-preview:large","max-video-preview":"max-video-preview:-1"},"canonical":"https:\/\/www.renouvelle.be\/fr\/bureau-federal-plan-mix-electrique-belgique\/","og_locale":"fr_FR","og_type":"article","og_title":"Quel mix \u00e9lectrique pour la neutralit\u00e9 climatique en Belgique\u00a0? - Renouvelle","og_description":"Le Bureau f\u00e9d\u00e9ral du Plan pr\u00e9voit que le nucl\u00e9aire et l'\u00e9olien offshore permettront \u00e0 la Belgique d'atteindre sa neutralit\u00e9 climatique.","og_url":"https:\/\/www.renouvelle.be\/fr\/bureau-federal-plan-mix-electrique-belgique\/","og_site_name":"Renouvelle","article_published_time":"2025-09-23T10:30:33+00:00","article_modified_time":"2025-10-07T08:21:58+00:00","og_image":[{"width":2364,"height":1485,"url":"https:\/\/www.renouvelle.be\/wp-content\/uploads\/2025\/09\/AdobeStock_305403597-scaled-e1758622792627.jpeg","type":"image\/jpeg"}],"author":"Samuel Alves","twitter_card":"summary_large_image","schema":{"@context":"https:\/\/schema.org","@graph":[{"@type":"Article","@id":"https:\/\/www.renouvelle.be\/fr\/bureau-federal-plan-mix-electrique-belgique\/#article","isPartOf":{"@id":"https:\/\/www.renouvelle.be\/fr\/bureau-federal-plan-mix-electrique-belgique\/"},"author":{"name":"Samuel Alves","@id":"https:\/\/www.renouvelle.be\/fr\/#\/schema\/person\/9d743366fb269eeceaa8d60e98d289d3"},"headline":"Quel mix \u00e9lectrique pour la neutralit\u00e9 climatique en Belgique\u00a0?","datePublished":"2025-09-23T10:30:33+00:00","dateModified":"2025-10-07T08:21:58+00:00","mainEntityOfPage":{"@id":"https:\/\/www.renouvelle.be\/fr\/bureau-federal-plan-mix-electrique-belgique\/"},"wordCount":430,"image":{"@id":"https:\/\/www.renouvelle.be\/fr\/bureau-federal-plan-mix-electrique-belgique\/#primaryimage"},"thumbnailUrl":"https:\/\/www.renouvelle.be\/wp-content\/uploads\/2025\/09\/AdobeStock_305403597-scaled-e1758622792627.jpeg","articleSection":["Actualit\u00e9","Actualit\u00e9 en Belgique"],"inLanguage":"fr-FR"},{"@type":"WebPage","@id":"https:\/\/www.renouvelle.be\/fr\/bureau-federal-plan-mix-electrique-belgique\/","url":"https:\/\/www.renouvelle.be\/fr\/bureau-federal-plan-mix-electrique-belgique\/","name":"Quel mix \u00e9lectrique pour la neutralit\u00e9 climatique en Belgique\u00a0? - Renouvelle","isPartOf":{"@id":"https:\/\/www.renouvelle.be\/fr\/#website"},"primaryImageOfPage":{"@id":"https:\/\/www.renouvelle.be\/fr\/bureau-federal-plan-mix-electrique-belgique\/#primaryimage"},"image":{"@id":"https:\/\/www.renouvelle.be\/fr\/bureau-federal-plan-mix-electrique-belgique\/#primaryimage"},"thumbnailUrl":"https:\/\/www.renouvelle.be\/wp-content\/uploads\/2025\/09\/AdobeStock_305403597-scaled-e1758622792627.jpeg","datePublished":"2025-09-23T10:30:33+00:00","dateModified":"2025-10-07T08:21:58+00:00","author":{"@id":"https:\/\/www.renouvelle.be\/fr\/#\/schema\/person\/9d743366fb269eeceaa8d60e98d289d3"},"description":"Le Bureau f\u00e9d\u00e9ral du Plan pr\u00e9voit que le nucl\u00e9aire et l'\u00e9olien offshore permettront \u00e0 la Belgique d'atteindre sa neutralit\u00e9 climatique.","breadcrumb":{"@id":"https:\/\/www.renouvelle.be\/fr\/bureau-federal-plan-mix-electrique-belgique\/#breadcrumb"},"inLanguage":"fr-FR","potentialAction":[{"@type":"ReadAction","target":["https:\/\/www.renouvelle.be\/fr\/bureau-federal-plan-mix-electrique-belgique\/"]}]},{"@type":"ImageObject","inLanguage":"fr-FR","@id":"https:\/\/www.renouvelle.be\/fr\/bureau-federal-plan-mix-electrique-belgique\/#primaryimage","url":"https:\/\/www.renouvelle.be\/wp-content\/uploads\/2025\/09\/AdobeStock_305403597-scaled-e1758622792627.jpeg","contentUrl":"https:\/\/www.renouvelle.be\/wp-content\/uploads\/2025\/09\/AdobeStock_305403597-scaled-e1758622792627.jpeg","width":2364,"height":1485,"caption":"Quel sera le mix \u00e9lectrique pour une Belgique climatiquement neutre d'ici 2050 selon le Bureau f\u00e9d\u00e9ral du Plan ?"},{"@type":"BreadcrumbList","@id":"https:\/\/www.renouvelle.be\/fr\/bureau-federal-plan-mix-electrique-belgique\/#breadcrumb","itemListElement":[{"@type":"ListItem","position":1,"name":"Accueil","item":"https:\/\/www.renouvelle.be\/fr\/"},{"@type":"ListItem","position":2,"name":"Quel mix \u00e9lectrique pour la neutralit\u00e9 climatique en Belgique\u00a0?"}]},{"@type":"WebSite","@id":"https:\/\/www.renouvelle.be\/fr\/#website","url":"https:\/\/www.renouvelle.be\/fr\/","name":"Renouvelle","description":"L&#039;actualit\u00e9 de l&#039;\u00e9nergie durable","potentialAction":[{"@type":"SearchAction","target":{"@type":"EntryPoint","urlTemplate":"https:\/\/www.renouvelle.be\/fr\/?s={search_term_string}"},"query-input":{"@type":"PropertyValueSpecification","valueRequired":true,"valueName":"search_term_string"}}],"inLanguage":"fr-FR"},{"@type":"Person","@id":"https:\/\/www.renouvelle.be\/fr\/#\/schema\/person\/9d743366fb269eeceaa8d60e98d289d3","name":"Samuel Alves","url":"https:\/\/www.renouvelle.be\/fr\/author\/salves\/"}]}},"_links":{"self":[{"href":"https:\/\/www.renouvelle.be\/fr\/wp-json\/wp\/v2\/posts\/15687","targetHints":{"allow":["GET"]}}],"collection":[{"href":"https:\/\/www.renouvelle.be\/fr\/wp-json\/wp\/v2\/posts"}],"about":[{"href":"https:\/\/www.renouvelle.be\/fr\/wp-json\/wp\/v2\/types\/post"}],"author":[{"embeddable":true,"href":"https:\/\/www.renouvelle.be\/fr\/wp-json\/wp\/v2\/users\/38"}],"replies":[{"embeddable":true,"href":"https:\/\/www.renouvelle.be\/fr\/wp-json\/wp\/v2\/comments?post=15687"}],"version-history":[{"count":7,"href":"https:\/\/www.renouvelle.be\/fr\/wp-json\/wp\/v2\/posts\/15687\/revisions"}],"predecessor-version":[{"id":15733,"href":"https:\/\/www.renouvelle.be\/fr\/wp-json\/wp\/v2\/posts\/15687\/revisions\/15733"}],"wp:featuredmedia":[{"embeddable":true,"href":"https:\/\/www.renouvelle.be\/fr\/wp-json\/wp\/v2\/media\/15690"}],"wp:attachment":[{"href":"https:\/\/www.renouvelle.be\/fr\/wp-json\/wp\/v2\/media?parent=15687"}],"wp:term":[{"taxonomy":"category","embeddable":true,"href":"https:\/\/www.renouvelle.be\/fr\/wp-json\/wp\/v2\/categories?post=15687"},{"taxonomy":"post_tag","embeddable":true,"href":"https:\/\/www.renouvelle.be\/fr\/wp-json\/wp\/v2\/tags?post=15687"},{"taxonomy":"section","embeddable":true,"href":"https:\/\/www.renouvelle.be\/fr\/wp-json\/wp\/v2\/section?post=15687"}],"curies":[{"name":"wp","href":"https:\/\/api.w.org\/{rel}","templated":true}]}}