{"id":15651,"date":"2025-09-18T15:22:17","date_gmt":"2025-09-18T13:22:17","guid":{"rendered":"https:\/\/www.renouvelle.be\/?p=15651"},"modified":"2025-09-18T15:22:21","modified_gmt":"2025-09-18T13:22:21","slug":"bilan-production-solaire-eolienne-belgique-ete-2025","status":"publish","type":"post","link":"https:\/\/www.renouvelle.be\/fr\/bilan-production-solaire-eolienne-belgique-ete-2025\/","title":{"rendered":"Bilan de la production solaire et \u00e9olienne en Belgique : \u00e9t\u00e9 2025"},"content":{"rendered":"\n<p>Ce tr\u00e8s haut taux d\u2019<a href=\"https:\/\/www.meteo.be\/uploads\/media\/68b563465005a\/bilan-climatique-saisonnier-2025-s3.pdf?token=\/uploads\/media\/68b563465005a\/bilan-climatique-saisonnier-2025-s3.pdf\" target=\"_blank\" rel=\"noreferrer noopener\">ensoleillement<\/a> a boost\u00e9 la production d\u2019\u00e9lectricit\u00e9 solaire en Belgique. En moyenne, chaque kilowatt-cr\u00e8te (kWc) install\u00e9 a g\u00e9n\u00e9r\u00e9 environ 25% d\u2019\u00e9nergie de plus que la moyenne historique, poursuivant ainsi la dynamique amorc\u00e9e au printemps.<\/p>\n\n\n<div class=\"wp-block-image\">\n<figure class=\"aligncenter size-full is-resized\"><img loading=\"lazy\" decoding=\"async\" width=\"593\" height=\"400\" src=\"https:\/\/www.renouvelle.be\/wp-content\/uploads\/2025\/09\/Image1.png\" alt=\"bilan production solaire et \u00e9olienne \u00e9t\u00e9 2025\" class=\"wp-image-15653\" style=\"width:681px;height:auto\" srcset=\"https:\/\/www.renouvelle.be\/wp-content\/uploads\/2025\/09\/Image1.png 593w, https:\/\/www.renouvelle.be\/wp-content\/uploads\/2025\/09\/Image1-300x202.png 300w\" sizes=\"auto, (max-width: 593px) 100vw, 593px\" \/><\/figure>\n<\/div>\n\n\n<p>La combinaison de capacit\u00e9 de production photovolta\u00efque install\u00e9e toujours croissante et de m\u00e9t\u00e9o cl\u00e9mente a permis de d\u00e9j\u00e0 d\u00e9passer \u00e0 la fin de l\u2019\u00e9t\u00e9 le record de production totale annuelle en Belgique.<\/p>\n\n\n<div class=\"wp-block-image\">\n<figure class=\"aligncenter size-full is-resized\"><img loading=\"lazy\" decoding=\"async\" width=\"467\" height=\"336\" src=\"https:\/\/www.renouvelle.be\/wp-content\/uploads\/2025\/09\/Image2.png\" alt=\"bilan production solaire et \u00e9olienne \u00e9t\u00e9 2025\" class=\"wp-image-15655\" style=\"width:627px;height:auto\" srcset=\"https:\/\/www.renouvelle.be\/wp-content\/uploads\/2025\/09\/Image2.png 467w, https:\/\/www.renouvelle.be\/wp-content\/uploads\/2025\/09\/Image2-300x216.png 300w\" sizes=\"auto, (max-width: 467px) 100vw, 467px\" \/><\/figure>\n<\/div>\n\n\n<p>Le vent, quant \u00e0 lui, s\u2019est maintenu dans les normes estivales, avec une vitesse moyenne de 3,1 m\/s (la moyenne \u00e9tant de 3 m\/s). L\u2019\u00e9t\u00e9 est g\u00e9n\u00e9ralement une p\u00e9riode o\u00f9 le vent souffle moins fort, ce qui se traduit par un taux de charge \u00e9olien inf\u00e9rieur au reste de l\u2019ann\u00e9e\u00a0: la proportion d\u2019\u00e9nergie r\u00e9ellement produite par rapport \u00e0 la capacit\u00e9 maximale th\u00e9orique des \u00e9oliennes est toujours plus basse en \u00e9t\u00e9.<\/p>\n\n\n<div class=\"wp-block-image\">\n<figure class=\"aligncenter size-full is-resized\"><img loading=\"lazy\" decoding=\"async\" width=\"546\" height=\"369\" src=\"https:\/\/www.renouvelle.be\/wp-content\/uploads\/2025\/09\/Image3.png\" alt=\"bilan production solaire et \u00e9olienne \u00e9t\u00e9 2025\" class=\"wp-image-15657\" style=\"width:700px;height:auto\" srcset=\"https:\/\/www.renouvelle.be\/wp-content\/uploads\/2025\/09\/Image3.png 546w, https:\/\/www.renouvelle.be\/wp-content\/uploads\/2025\/09\/Image3-300x203.png 300w\" sizes=\"auto, (max-width: 546px) 100vw, 546px\" \/><\/figure>\n<\/div>\n\n\n<p>Dans le mix \u00e9nerg\u00e9tique belge, ces conditions ont conduit les \u00e9nergies renouvelables \u00e0 repr\u00e9senter 35% de la production totale pendant l\u2019\u00e9t\u00e9, principalement port\u00e9es par le photovolta\u00efque.<\/p>\n\n\n<div class=\"wp-block-image\">\n<figure class=\"aligncenter size-full is-resized\"><img loading=\"lazy\" decoding=\"async\" width=\"487\" height=\"370\" src=\"https:\/\/www.renouvelle.be\/wp-content\/uploads\/2025\/09\/Image4.png\" alt=\"bilan production solaire et \u00e9olienne \u00e9t\u00e9 2025\" class=\"wp-image-15659\" style=\"width:567px;height:auto\" srcset=\"https:\/\/www.renouvelle.be\/wp-content\/uploads\/2025\/09\/Image4.png 487w, https:\/\/www.renouvelle.be\/wp-content\/uploads\/2025\/09\/Image4-300x228.png 300w\" sizes=\"auto, (max-width: 487px) 100vw, 487px\" \/><figcaption class=\"wp-element-caption\">R\u00e9partition des productions d&rsquo;\u00e9lectricit\u00e9 du 01\/06\/25 au 31\/08\/25<\/figcaption><\/figure>\n<\/div>\n\n\n<p>Pour aller plus loin, les graphiques interactifs de Renouvelle et Energie Commune sont disponibles <a href=\"https:\/\/www.renouvelle.be\/fr\/faits-chiffres\/electricite-renouvelable\/\" target=\"_blank\" rel=\"noreferrer noopener\">ici<\/a>.<\/p>\n\n\n\n<p><\/p>\n","protected":false},"excerpt":{"rendered":"<p>Ce tr\u00e8s haut taux d\u2019ensoleillement a boost\u00e9 la production d\u2019\u00e9lectricit\u00e9 solaire en Belgique. En moyenne, chaque kilowatt-cr\u00e8te (kWc) install\u00e9 a g\u00e9n\u00e9r\u00e9 environ 25% d\u2019\u00e9nergie de plus que la moyenne historique, poursuivant ainsi la dynamique amorc\u00e9e au printemps. La combinaison de capacit\u00e9 de production photovolta\u00efque install\u00e9e toujours croissante et de m\u00e9t\u00e9o cl\u00e9mente a permis de d\u00e9j\u00e0 d\u00e9passer \u00e0 la fin de l\u2019\u00e9t\u00e9 le record de production totale annuelle en Belgique. Le vent, quant \u00e0 lui, s\u2019est maintenu dans les normes estivales, avec une vitesse moyenne de 3,1 m\/s (la moyenne \u00e9tant de 3 m\/s). L\u2019\u00e9t\u00e9 est g\u00e9n\u00e9ralement une p\u00e9riode o\u00f9 le vent souffle moins fort, ce qui se traduit par un taux de charge \u00e9olien inf\u00e9rieur au reste de l\u2019ann\u00e9e\u00a0: la proportion d\u2019\u00e9nergie r\u00e9ellement produite par rapport \u00e0 la capacit\u00e9 maximale th\u00e9orique des \u00e9oliennes est toujours plus basse en \u00e9t\u00e9. Dans le mix \u00e9nerg\u00e9tique belge, ces conditions ont conduit les \u00e9nergies renouvelables \u00e0 repr\u00e9senter 35% de la production totale pendant l\u2019\u00e9t\u00e9, principalement port\u00e9es par le photovolta\u00efque. Pour aller plus loin, les graphiques interactifs de Renouvelle et Energie Commune sont disponibles ici.<\/p>\n","protected":false},"author":40,"featured_media":15663,"comment_status":"closed","ping_status":"closed","sticky":false,"template":"","format":"standard","meta":{"_acf_changed":false,"footnotes":""},"categories":[16,17],"tags":[],"section":[13,6],"class_list":["post-15651","post","type-post","status-publish","format-standard","has-post-thumbnail","hentry","category-actualite","category-actualite-en-belgique","section-solaire","section-eolien"],"acf":[],"yoast_head":"<!-- This site is optimized with the Yoast SEO plugin v27.5 - https:\/\/yoast.com\/product\/yoast-seo-wordpress\/ -->\n<title>Bilan de la production solaire et \u00e9olienne en Belgique : \u00e9t\u00e9 2025 - Renouvelle<\/title>\n<meta name=\"description\" content=\"Quel a \u00e9t\u00e9 le bilan pour la production solaire et \u00e9olienne en Belgique pendant l&#039;\u00e9t\u00e9 ? D\u00e9couvrez notre analyse Renouvelle.\" \/>\n<meta name=\"robots\" content=\"index, follow, max-snippet:-1, max-image-preview:large, max-video-preview:-1\" \/>\n<link rel=\"canonical\" href=\"https:\/\/www.renouvelle.be\/fr\/bilan-production-solaire-eolienne-belgique-ete-2025\/\" \/>\n<meta property=\"og:locale\" content=\"fr_FR\" \/>\n<meta property=\"og:type\" content=\"article\" \/>\n<meta property=\"og:title\" content=\"Bilan de la production solaire et \u00e9olienne en Belgique : \u00e9t\u00e9 2025 - Renouvelle\" \/>\n<meta property=\"og:description\" content=\"Quel a \u00e9t\u00e9 le bilan pour la production solaire et \u00e9olienne en Belgique pendant l&#039;\u00e9t\u00e9 ? D\u00e9couvrez notre analyse Renouvelle.\" \/>\n<meta property=\"og:url\" content=\"https:\/\/www.renouvelle.be\/fr\/bilan-production-solaire-eolienne-belgique-ete-2025\/\" \/>\n<meta property=\"og:site_name\" content=\"Renouvelle\" \/>\n<meta property=\"article:published_time\" content=\"2025-09-18T13:22:17+00:00\" \/>\n<meta property=\"article:modified_time\" content=\"2025-09-18T13:22:21+00:00\" \/>\n<meta property=\"og:image\" content=\"https:\/\/www.renouvelle.be\/wp-content\/uploads\/2025\/09\/AdobeStock_418494009-scaled-e1758201651482.jpeg\" \/>\n\t<meta property=\"og:image:width\" content=\"2556\" \/>\n\t<meta property=\"og:image:height\" content=\"1536\" \/>\n\t<meta property=\"og:image:type\" content=\"image\/jpeg\" \/>\n<meta name=\"author\" content=\"Mathieu Petitjean\" \/>\n<meta name=\"twitter:card\" content=\"summary_large_image\" \/>\n<script type=\"application\/ld+json\" class=\"yoast-schema-graph\">{\"@context\":\"https:\\\/\\\/schema.org\",\"@graph\":[{\"@type\":\"Article\",\"@id\":\"https:\\\/\\\/www.renouvelle.be\\\/fr\\\/bilan-production-solaire-eolienne-belgique-ete-2025\\\/#article\",\"isPartOf\":{\"@id\":\"https:\\\/\\\/www.renouvelle.be\\\/fr\\\/bilan-production-solaire-eolienne-belgique-ete-2025\\\/\"},\"author\":{\"name\":\"Mathieu Petitjean\",\"@id\":\"https:\\\/\\\/www.renouvelle.be\\\/fr\\\/#\\\/schema\\\/person\\\/0458f628084e1c95c296c1f5b9fcf7c2\"},\"headline\":\"Bilan de la production solaire et \u00e9olienne en Belgique : \u00e9t\u00e9 2025\",\"datePublished\":\"2025-09-18T13:22:17+00:00\",\"dateModified\":\"2025-09-18T13:22:21+00:00\",\"mainEntityOfPage\":{\"@id\":\"https:\\\/\\\/www.renouvelle.be\\\/fr\\\/bilan-production-solaire-eolienne-belgique-ete-2025\\\/\"},\"wordCount\":224,\"image\":{\"@id\":\"https:\\\/\\\/www.renouvelle.be\\\/fr\\\/bilan-production-solaire-eolienne-belgique-ete-2025\\\/#primaryimage\"},\"thumbnailUrl\":\"https:\\\/\\\/www.renouvelle.be\\\/wp-content\\\/uploads\\\/2025\\\/09\\\/AdobeStock_418494009-scaled-e1758201651482.jpeg\",\"articleSection\":[\"Actualit\u00e9\",\"Actualit\u00e9 en Belgique\"],\"inLanguage\":\"fr-FR\"},{\"@type\":\"WebPage\",\"@id\":\"https:\\\/\\\/www.renouvelle.be\\\/fr\\\/bilan-production-solaire-eolienne-belgique-ete-2025\\\/\",\"url\":\"https:\\\/\\\/www.renouvelle.be\\\/fr\\\/bilan-production-solaire-eolienne-belgique-ete-2025\\\/\",\"name\":\"Bilan de la production solaire et \u00e9olienne en Belgique : \u00e9t\u00e9 2025 - Renouvelle\",\"isPartOf\":{\"@id\":\"https:\\\/\\\/www.renouvelle.be\\\/fr\\\/#website\"},\"primaryImageOfPage\":{\"@id\":\"https:\\\/\\\/www.renouvelle.be\\\/fr\\\/bilan-production-solaire-eolienne-belgique-ete-2025\\\/#primaryimage\"},\"image\":{\"@id\":\"https:\\\/\\\/www.renouvelle.be\\\/fr\\\/bilan-production-solaire-eolienne-belgique-ete-2025\\\/#primaryimage\"},\"thumbnailUrl\":\"https:\\\/\\\/www.renouvelle.be\\\/wp-content\\\/uploads\\\/2025\\\/09\\\/AdobeStock_418494009-scaled-e1758201651482.jpeg\",\"datePublished\":\"2025-09-18T13:22:17+00:00\",\"dateModified\":\"2025-09-18T13:22:21+00:00\",\"author\":{\"@id\":\"https:\\\/\\\/www.renouvelle.be\\\/fr\\\/#\\\/schema\\\/person\\\/0458f628084e1c95c296c1f5b9fcf7c2\"},\"description\":\"Quel a \u00e9t\u00e9 le bilan pour la production solaire et \u00e9olienne en Belgique pendant l'\u00e9t\u00e9 ? D\u00e9couvrez notre analyse Renouvelle.\",\"breadcrumb\":{\"@id\":\"https:\\\/\\\/www.renouvelle.be\\\/fr\\\/bilan-production-solaire-eolienne-belgique-ete-2025\\\/#breadcrumb\"},\"inLanguage\":\"fr-FR\",\"potentialAction\":[{\"@type\":\"ReadAction\",\"target\":[\"https:\\\/\\\/www.renouvelle.be\\\/fr\\\/bilan-production-solaire-eolienne-belgique-ete-2025\\\/\"]}]},{\"@type\":\"ImageObject\",\"inLanguage\":\"fr-FR\",\"@id\":\"https:\\\/\\\/www.renouvelle.be\\\/fr\\\/bilan-production-solaire-eolienne-belgique-ete-2025\\\/#primaryimage\",\"url\":\"https:\\\/\\\/www.renouvelle.be\\\/wp-content\\\/uploads\\\/2025\\\/09\\\/AdobeStock_418494009-scaled-e1758201651482.jpeg\",\"contentUrl\":\"https:\\\/\\\/www.renouvelle.be\\\/wp-content\\\/uploads\\\/2025\\\/09\\\/AdobeStock_418494009-scaled-e1758201651482.jpeg\",\"width\":2556,\"height\":1536,\"caption\":\"bilan production solaire et \u00e9olienne en Belgique pour l'\u00e9t\u00e9 2025\"},{\"@type\":\"BreadcrumbList\",\"@id\":\"https:\\\/\\\/www.renouvelle.be\\\/fr\\\/bilan-production-solaire-eolienne-belgique-ete-2025\\\/#breadcrumb\",\"itemListElement\":[{\"@type\":\"ListItem\",\"position\":1,\"name\":\"Accueil\",\"item\":\"https:\\\/\\\/www.renouvelle.be\\\/fr\\\/\"},{\"@type\":\"ListItem\",\"position\":2,\"name\":\"Bilan de la production solaire et \u00e9olienne en Belgique : \u00e9t\u00e9 2025\"}]},{\"@type\":\"WebSite\",\"@id\":\"https:\\\/\\\/www.renouvelle.be\\\/fr\\\/#website\",\"url\":\"https:\\\/\\\/www.renouvelle.be\\\/fr\\\/\",\"name\":\"Renouvelle\",\"description\":\"L&#039;actualit\u00e9 de l&#039;\u00e9nergie durable\",\"potentialAction\":[{\"@type\":\"SearchAction\",\"target\":{\"@type\":\"EntryPoint\",\"urlTemplate\":\"https:\\\/\\\/www.renouvelle.be\\\/fr\\\/?s={search_term_string}\"},\"query-input\":{\"@type\":\"PropertyValueSpecification\",\"valueRequired\":true,\"valueName\":\"search_term_string\"}}],\"inLanguage\":\"fr-FR\"},{\"@type\":\"Person\",\"@id\":\"https:\\\/\\\/www.renouvelle.be\\\/fr\\\/#\\\/schema\\\/person\\\/0458f628084e1c95c296c1f5b9fcf7c2\",\"name\":\"Mathieu Petitjean\",\"url\":\"https:\\\/\\\/www.renouvelle.be\\\/fr\\\/author\\\/mathieu-petitjean\\\/\"}]}<\/script>\n<!-- \/ Yoast SEO plugin. -->","yoast_head_json":{"title":"Bilan de la production solaire et \u00e9olienne en Belgique : \u00e9t\u00e9 2025 - Renouvelle","description":"Quel a \u00e9t\u00e9 le bilan pour la production solaire et \u00e9olienne en Belgique pendant l'\u00e9t\u00e9 ? D\u00e9couvrez notre analyse Renouvelle.","robots":{"index":"index","follow":"follow","max-snippet":"max-snippet:-1","max-image-preview":"max-image-preview:large","max-video-preview":"max-video-preview:-1"},"canonical":"https:\/\/www.renouvelle.be\/fr\/bilan-production-solaire-eolienne-belgique-ete-2025\/","og_locale":"fr_FR","og_type":"article","og_title":"Bilan de la production solaire et \u00e9olienne en Belgique : \u00e9t\u00e9 2025 - Renouvelle","og_description":"Quel a \u00e9t\u00e9 le bilan pour la production solaire et \u00e9olienne en Belgique pendant l'\u00e9t\u00e9 ? D\u00e9couvrez notre analyse Renouvelle.","og_url":"https:\/\/www.renouvelle.be\/fr\/bilan-production-solaire-eolienne-belgique-ete-2025\/","og_site_name":"Renouvelle","article_published_time":"2025-09-18T13:22:17+00:00","article_modified_time":"2025-09-18T13:22:21+00:00","og_image":[{"width":2556,"height":1536,"url":"https:\/\/www.renouvelle.be\/wp-content\/uploads\/2025\/09\/AdobeStock_418494009-scaled-e1758201651482.jpeg","type":"image\/jpeg"}],"author":"Mathieu Petitjean","twitter_card":"summary_large_image","schema":{"@context":"https:\/\/schema.org","@graph":[{"@type":"Article","@id":"https:\/\/www.renouvelle.be\/fr\/bilan-production-solaire-eolienne-belgique-ete-2025\/#article","isPartOf":{"@id":"https:\/\/www.renouvelle.be\/fr\/bilan-production-solaire-eolienne-belgique-ete-2025\/"},"author":{"name":"Mathieu Petitjean","@id":"https:\/\/www.renouvelle.be\/fr\/#\/schema\/person\/0458f628084e1c95c296c1f5b9fcf7c2"},"headline":"Bilan de la production solaire et \u00e9olienne en Belgique : \u00e9t\u00e9 2025","datePublished":"2025-09-18T13:22:17+00:00","dateModified":"2025-09-18T13:22:21+00:00","mainEntityOfPage":{"@id":"https:\/\/www.renouvelle.be\/fr\/bilan-production-solaire-eolienne-belgique-ete-2025\/"},"wordCount":224,"image":{"@id":"https:\/\/www.renouvelle.be\/fr\/bilan-production-solaire-eolienne-belgique-ete-2025\/#primaryimage"},"thumbnailUrl":"https:\/\/www.renouvelle.be\/wp-content\/uploads\/2025\/09\/AdobeStock_418494009-scaled-e1758201651482.jpeg","articleSection":["Actualit\u00e9","Actualit\u00e9 en Belgique"],"inLanguage":"fr-FR"},{"@type":"WebPage","@id":"https:\/\/www.renouvelle.be\/fr\/bilan-production-solaire-eolienne-belgique-ete-2025\/","url":"https:\/\/www.renouvelle.be\/fr\/bilan-production-solaire-eolienne-belgique-ete-2025\/","name":"Bilan de la production solaire et \u00e9olienne en Belgique : \u00e9t\u00e9 2025 - Renouvelle","isPartOf":{"@id":"https:\/\/www.renouvelle.be\/fr\/#website"},"primaryImageOfPage":{"@id":"https:\/\/www.renouvelle.be\/fr\/bilan-production-solaire-eolienne-belgique-ete-2025\/#primaryimage"},"image":{"@id":"https:\/\/www.renouvelle.be\/fr\/bilan-production-solaire-eolienne-belgique-ete-2025\/#primaryimage"},"thumbnailUrl":"https:\/\/www.renouvelle.be\/wp-content\/uploads\/2025\/09\/AdobeStock_418494009-scaled-e1758201651482.jpeg","datePublished":"2025-09-18T13:22:17+00:00","dateModified":"2025-09-18T13:22:21+00:00","author":{"@id":"https:\/\/www.renouvelle.be\/fr\/#\/schema\/person\/0458f628084e1c95c296c1f5b9fcf7c2"},"description":"Quel a \u00e9t\u00e9 le bilan pour la production solaire et \u00e9olienne en Belgique pendant l'\u00e9t\u00e9 ? D\u00e9couvrez notre analyse Renouvelle.","breadcrumb":{"@id":"https:\/\/www.renouvelle.be\/fr\/bilan-production-solaire-eolienne-belgique-ete-2025\/#breadcrumb"},"inLanguage":"fr-FR","potentialAction":[{"@type":"ReadAction","target":["https:\/\/www.renouvelle.be\/fr\/bilan-production-solaire-eolienne-belgique-ete-2025\/"]}]},{"@type":"ImageObject","inLanguage":"fr-FR","@id":"https:\/\/www.renouvelle.be\/fr\/bilan-production-solaire-eolienne-belgique-ete-2025\/#primaryimage","url":"https:\/\/www.renouvelle.be\/wp-content\/uploads\/2025\/09\/AdobeStock_418494009-scaled-e1758201651482.jpeg","contentUrl":"https:\/\/www.renouvelle.be\/wp-content\/uploads\/2025\/09\/AdobeStock_418494009-scaled-e1758201651482.jpeg","width":2556,"height":1536,"caption":"bilan production solaire et \u00e9olienne en Belgique pour l'\u00e9t\u00e9 2025"},{"@type":"BreadcrumbList","@id":"https:\/\/www.renouvelle.be\/fr\/bilan-production-solaire-eolienne-belgique-ete-2025\/#breadcrumb","itemListElement":[{"@type":"ListItem","position":1,"name":"Accueil","item":"https:\/\/www.renouvelle.be\/fr\/"},{"@type":"ListItem","position":2,"name":"Bilan de la production solaire et \u00e9olienne en Belgique : \u00e9t\u00e9 2025"}]},{"@type":"WebSite","@id":"https:\/\/www.renouvelle.be\/fr\/#website","url":"https:\/\/www.renouvelle.be\/fr\/","name":"Renouvelle","description":"L&#039;actualit\u00e9 de l&#039;\u00e9nergie durable","potentialAction":[{"@type":"SearchAction","target":{"@type":"EntryPoint","urlTemplate":"https:\/\/www.renouvelle.be\/fr\/?s={search_term_string}"},"query-input":{"@type":"PropertyValueSpecification","valueRequired":true,"valueName":"search_term_string"}}],"inLanguage":"fr-FR"},{"@type":"Person","@id":"https:\/\/www.renouvelle.be\/fr\/#\/schema\/person\/0458f628084e1c95c296c1f5b9fcf7c2","name":"Mathieu Petitjean","url":"https:\/\/www.renouvelle.be\/fr\/author\/mathieu-petitjean\/"}]}},"_links":{"self":[{"href":"https:\/\/www.renouvelle.be\/fr\/wp-json\/wp\/v2\/posts\/15651","targetHints":{"allow":["GET"]}}],"collection":[{"href":"https:\/\/www.renouvelle.be\/fr\/wp-json\/wp\/v2\/posts"}],"about":[{"href":"https:\/\/www.renouvelle.be\/fr\/wp-json\/wp\/v2\/types\/post"}],"author":[{"embeddable":true,"href":"https:\/\/www.renouvelle.be\/fr\/wp-json\/wp\/v2\/users\/40"}],"replies":[{"embeddable":true,"href":"https:\/\/www.renouvelle.be\/fr\/wp-json\/wp\/v2\/comments?post=15651"}],"version-history":[{"count":4,"href":"https:\/\/www.renouvelle.be\/fr\/wp-json\/wp\/v2\/posts\/15651\/revisions"}],"predecessor-version":[{"id":15667,"href":"https:\/\/www.renouvelle.be\/fr\/wp-json\/wp\/v2\/posts\/15651\/revisions\/15667"}],"wp:featuredmedia":[{"embeddable":true,"href":"https:\/\/www.renouvelle.be\/fr\/wp-json\/wp\/v2\/media\/15663"}],"wp:attachment":[{"href":"https:\/\/www.renouvelle.be\/fr\/wp-json\/wp\/v2\/media?parent=15651"}],"wp:term":[{"taxonomy":"category","embeddable":true,"href":"https:\/\/www.renouvelle.be\/fr\/wp-json\/wp\/v2\/categories?post=15651"},{"taxonomy":"post_tag","embeddable":true,"href":"https:\/\/www.renouvelle.be\/fr\/wp-json\/wp\/v2\/tags?post=15651"},{"taxonomy":"section","embeddable":true,"href":"https:\/\/www.renouvelle.be\/fr\/wp-json\/wp\/v2\/section?post=15651"}],"curies":[{"name":"wp","href":"https:\/\/api.w.org\/{rel}","templated":true}]}}