{"id":15646,"date":"2025-09-18T14:41:24","date_gmt":"2025-09-18T12:41:24","guid":{"rendered":"https:\/\/www.renouvelle.be\/?p=15646"},"modified":"2025-10-07T10:19:52","modified_gmt":"2025-10-07T08:19:52","slug":"les-compteurs-communicants-bientot-partout-en-wallonie","status":"publish","type":"post","link":"https:\/\/www.renouvelle.be\/fr\/les-compteurs-communicants-bientot-partout-en-wallonie\/","title":{"rendered":"Les compteurs communicants bient\u00f4t partout en Wallonie"},"content":{"rendered":"\n<p>Fin 2029. C\u2019est d\u2019ici l\u00e0 que devra \u00eatre remplie la mission d\u2019Ores et Resa de remplacer les compteurs m\u00e9caniques actuels par des compteurs communicants en Wallonie. A terme, ce sont presque 2 millions de clients qui devront en \u00eatre \u00e9quip\u00e9s (1,5 millions du c\u00f4t\u00e9 d\u2019Ores et 465.000 pour Resa).<\/p>\n\n\n\n<p>Pourquoi est-il important de passer \u00e0 ces fameux compteurs\u00a0communicants\u00a0? Transition \u00e9nerg\u00e9tique oblige, l\u2019\u00e9lectrification des usages devient de plus en plus importante. Ces compteurs permettront d\u2019observer l\u2019\u00e9tat du r\u00e9seau \u00e9lectrique avec plus de pr\u00e9cision puisqu\u2019ils sont capables de mesurer, en temps r\u00e9el, l\u2019\u00e9lectricit\u00e9 consomm\u00e9e ou inject\u00e9e sur celui-ci. Un outil utile donc pour d\u00e9tecter les \u00e9ventuels probl\u00e8mes de tension et garantir la s\u00e9curit\u00e9 du r\u00e9seau.<\/p>\n\n\n\n<p>Cette digitalisation permettra \u00e9galement de r\u00e9aliser certaines d\u00e9marches \u00e0 distance comme le changement de fournisseur ou l\u2019ouverture et la fermeture d\u2019un compte, <a href=\"https:\/\/www.ores.be\/particulier\/compteur-communicant-fonctionnement\" target=\"_blank\" rel=\"noreferrer noopener\">entre autres<\/a>. Sans oublier qu\u2019un compteur communicant est forc\u00e9ment n\u00e9cessaire pour pouvoir souscrire \u00e0 un contrat \u00e0 <a href=\"https:\/\/www.renouvelle.be\/fr\/contrats-electricite-prix-dynamiques-bruxelles-wallonie\/\" target=\"_blank\" rel=\"noreferrer noopener\">tarifs dynamiques.<\/a><\/p>\n\n\n\n<p>Le co\u00fbt de l\u2019installation sera pris en charge par le GRD, mais sera r\u00e9percut\u00e9 ensuite sur les factures d\u2019\u00e9nergie des consommateurs via les frais de r\u00e9seaux.<\/p>\n\n\n\n<p>Jusqu\u2019\u00e0 pr\u00e9sent Ores a d\u00e9j\u00e0 install\u00e9 389.000 compteurs communicants et Resa 100.000. La cadence devrait s\u2019acc\u00e9l\u00e9r\u00e9e et atteindre 300.000 installations par an en 2027.<\/p>\n","protected":false},"excerpt":{"rendered":"<p>Fin 2029. C\u2019est d\u2019ici l\u00e0 que devra \u00eatre remplie la mission d\u2019Ores et Resa de remplacer les compteurs m\u00e9caniques actuels par des compteurs communicants en Wallonie. A terme, ce sont presque 2 millions de clients qui devront en \u00eatre \u00e9quip\u00e9s (1,5 millions du c\u00f4t\u00e9 d\u2019Ores et 465.000 pour Resa). Pourquoi est-il important de passer \u00e0 ces fameux compteurs\u00a0communicants\u00a0? Transition \u00e9nerg\u00e9tique oblige, l\u2019\u00e9lectrification des usages devient de plus en plus importante. Ces compteurs permettront d\u2019observer l\u2019\u00e9tat du r\u00e9seau \u00e9lectrique avec plus de pr\u00e9cision puisqu\u2019ils sont capables de mesurer, en temps r\u00e9el, l\u2019\u00e9lectricit\u00e9 consomm\u00e9e ou inject\u00e9e sur celui-ci. Un outil utile donc pour d\u00e9tecter les \u00e9ventuels probl\u00e8mes de tension et garantir la s\u00e9curit\u00e9 du r\u00e9seau. Cette digitalisation permettra \u00e9galement de r\u00e9aliser certaines d\u00e9marches \u00e0 distance comme le changement de fournisseur ou l\u2019ouverture et la fermeture d\u2019un compte, entre autres. Sans oublier qu\u2019un compteur communicant est forc\u00e9ment n\u00e9cessaire pour pouvoir souscrire \u00e0 un contrat \u00e0 tarifs dynamiques. Le co\u00fbt de l\u2019installation sera pris en charge par le GRD, mais sera r\u00e9percut\u00e9 ensuite sur les factures d\u2019\u00e9nergie des consommateurs via les frais de r\u00e9seaux. Jusqu\u2019\u00e0 pr\u00e9sent Ores a d\u00e9j\u00e0 install\u00e9 389.000 compteurs communicants et Resa 100.000. La cadence devrait s\u2019acc\u00e9l\u00e9r\u00e9e et atteindre 300.000 installations par an en 2027.<\/p>\n","protected":false},"author":38,"featured_media":15647,"comment_status":"closed","ping_status":"closed","sticky":false,"template":"","format":"standard","meta":{"_acf_changed":false,"footnotes":""},"categories":[16,17],"tags":[],"section":[8],"class_list":["post-15646","post","type-post","status-publish","format-standard","has-post-thumbnail","hentry","category-actualite","category-actualite-en-belgique","section-energie-renouvelables"],"acf":[],"yoast_head":"<!-- This site is optimized with the Yoast SEO plugin v27.5 - https:\/\/yoast.com\/product\/yoast-seo-wordpress\/ -->\n<title>Les compteurs communicants bient\u00f4t partout en Wallonie - Renouvelle<\/title>\n<meta name=\"description\" content=\"150.000 compteurs communicants seront install\u00e9s d&#039;ici la fin de l&#039;ann\u00e9e en Wallonie. Tous les clients wallons en seront \u00e9quip\u00e9s d&#039;ici 2029.\" \/>\n<meta name=\"robots\" content=\"index, follow, max-snippet:-1, max-image-preview:large, max-video-preview:-1\" \/>\n<link rel=\"canonical\" href=\"https:\/\/www.renouvelle.be\/fr\/les-compteurs-communicants-bientot-partout-en-wallonie\/\" \/>\n<meta property=\"og:locale\" content=\"fr_FR\" \/>\n<meta property=\"og:type\" content=\"article\" \/>\n<meta property=\"og:title\" content=\"Les compteurs communicants bient\u00f4t partout en Wallonie - Renouvelle\" \/>\n<meta property=\"og:description\" content=\"150.000 compteurs communicants seront install\u00e9s d&#039;ici la fin de l&#039;ann\u00e9e en Wallonie. Tous les clients wallons en seront \u00e9quip\u00e9s d&#039;ici 2029.\" \/>\n<meta property=\"og:url\" content=\"https:\/\/www.renouvelle.be\/fr\/les-compteurs-communicants-bientot-partout-en-wallonie\/\" \/>\n<meta property=\"og:site_name\" content=\"Renouvelle\" \/>\n<meta property=\"article:published_time\" content=\"2025-09-18T12:41:24+00:00\" \/>\n<meta property=\"article:modified_time\" content=\"2025-10-07T08:19:52+00:00\" \/>\n<meta property=\"og:image\" content=\"https:\/\/www.renouvelle.be\/wp-content\/uploads\/2025\/09\/AdobeStock_670585044-scaled.jpeg\" \/>\n\t<meta property=\"og:image:width\" content=\"2560\" \/>\n\t<meta property=\"og:image:height\" content=\"1440\" \/>\n\t<meta property=\"og:image:type\" content=\"image\/jpeg\" \/>\n<meta name=\"author\" content=\"Samuel Alves\" \/>\n<meta name=\"twitter:card\" content=\"summary_large_image\" \/>\n<script type=\"application\/ld+json\" class=\"yoast-schema-graph\">{\"@context\":\"https:\\\/\\\/schema.org\",\"@graph\":[{\"@type\":\"Article\",\"@id\":\"https:\\\/\\\/www.renouvelle.be\\\/fr\\\/les-compteurs-communicants-bientot-partout-en-wallonie\\\/#article\",\"isPartOf\":{\"@id\":\"https:\\\/\\\/www.renouvelle.be\\\/fr\\\/les-compteurs-communicants-bientot-partout-en-wallonie\\\/\"},\"author\":{\"name\":\"Samuel Alves\",\"@id\":\"https:\\\/\\\/www.renouvelle.be\\\/fr\\\/#\\\/schema\\\/person\\\/9d743366fb269eeceaa8d60e98d289d3\"},\"headline\":\"Les compteurs communicants bient\u00f4t partout en Wallonie\",\"datePublished\":\"2025-09-18T12:41:24+00:00\",\"dateModified\":\"2025-10-07T08:19:52+00:00\",\"mainEntityOfPage\":{\"@id\":\"https:\\\/\\\/www.renouvelle.be\\\/fr\\\/les-compteurs-communicants-bientot-partout-en-wallonie\\\/\"},\"wordCount\":241,\"image\":{\"@id\":\"https:\\\/\\\/www.renouvelle.be\\\/fr\\\/les-compteurs-communicants-bientot-partout-en-wallonie\\\/#primaryimage\"},\"thumbnailUrl\":\"https:\\\/\\\/www.renouvelle.be\\\/wp-content\\\/uploads\\\/2025\\\/09\\\/AdobeStock_670585044-scaled.jpeg\",\"articleSection\":[\"Actualit\u00e9\",\"Actualit\u00e9 en Belgique\"],\"inLanguage\":\"fr-FR\"},{\"@type\":\"WebPage\",\"@id\":\"https:\\\/\\\/www.renouvelle.be\\\/fr\\\/les-compteurs-communicants-bientot-partout-en-wallonie\\\/\",\"url\":\"https:\\\/\\\/www.renouvelle.be\\\/fr\\\/les-compteurs-communicants-bientot-partout-en-wallonie\\\/\",\"name\":\"Les compteurs communicants bient\u00f4t partout en Wallonie - Renouvelle\",\"isPartOf\":{\"@id\":\"https:\\\/\\\/www.renouvelle.be\\\/fr\\\/#website\"},\"primaryImageOfPage\":{\"@id\":\"https:\\\/\\\/www.renouvelle.be\\\/fr\\\/les-compteurs-communicants-bientot-partout-en-wallonie\\\/#primaryimage\"},\"image\":{\"@id\":\"https:\\\/\\\/www.renouvelle.be\\\/fr\\\/les-compteurs-communicants-bientot-partout-en-wallonie\\\/#primaryimage\"},\"thumbnailUrl\":\"https:\\\/\\\/www.renouvelle.be\\\/wp-content\\\/uploads\\\/2025\\\/09\\\/AdobeStock_670585044-scaled.jpeg\",\"datePublished\":\"2025-09-18T12:41:24+00:00\",\"dateModified\":\"2025-10-07T08:19:52+00:00\",\"author\":{\"@id\":\"https:\\\/\\\/www.renouvelle.be\\\/fr\\\/#\\\/schema\\\/person\\\/9d743366fb269eeceaa8d60e98d289d3\"},\"description\":\"150.000 compteurs communicants seront install\u00e9s d'ici la fin de l'ann\u00e9e en Wallonie. Tous les clients wallons en seront \u00e9quip\u00e9s d'ici 2029.\",\"breadcrumb\":{\"@id\":\"https:\\\/\\\/www.renouvelle.be\\\/fr\\\/les-compteurs-communicants-bientot-partout-en-wallonie\\\/#breadcrumb\"},\"inLanguage\":\"fr-FR\",\"potentialAction\":[{\"@type\":\"ReadAction\",\"target\":[\"https:\\\/\\\/www.renouvelle.be\\\/fr\\\/les-compteurs-communicants-bientot-partout-en-wallonie\\\/\"]}]},{\"@type\":\"ImageObject\",\"inLanguage\":\"fr-FR\",\"@id\":\"https:\\\/\\\/www.renouvelle.be\\\/fr\\\/les-compteurs-communicants-bientot-partout-en-wallonie\\\/#primaryimage\",\"url\":\"https:\\\/\\\/www.renouvelle.be\\\/wp-content\\\/uploads\\\/2025\\\/09\\\/AdobeStock_670585044-scaled.jpeg\",\"contentUrl\":\"https:\\\/\\\/www.renouvelle.be\\\/wp-content\\\/uploads\\\/2025\\\/09\\\/AdobeStock_670585044-scaled.jpeg\",\"width\":2560,\"height\":1440,\"caption\":\"Les compteurs communicants en Wallonie permettront d'analyser la tension du r\u00e9seau \u00e9lectrique en direct.\"},{\"@type\":\"BreadcrumbList\",\"@id\":\"https:\\\/\\\/www.renouvelle.be\\\/fr\\\/les-compteurs-communicants-bientot-partout-en-wallonie\\\/#breadcrumb\",\"itemListElement\":[{\"@type\":\"ListItem\",\"position\":1,\"name\":\"Accueil\",\"item\":\"https:\\\/\\\/www.renouvelle.be\\\/fr\\\/\"},{\"@type\":\"ListItem\",\"position\":2,\"name\":\"Les compteurs communicants bient\u00f4t partout en Wallonie\"}]},{\"@type\":\"WebSite\",\"@id\":\"https:\\\/\\\/www.renouvelle.be\\\/fr\\\/#website\",\"url\":\"https:\\\/\\\/www.renouvelle.be\\\/fr\\\/\",\"name\":\"Renouvelle\",\"description\":\"L&#039;actualit\u00e9 de l&#039;\u00e9nergie durable\",\"potentialAction\":[{\"@type\":\"SearchAction\",\"target\":{\"@type\":\"EntryPoint\",\"urlTemplate\":\"https:\\\/\\\/www.renouvelle.be\\\/fr\\\/?s={search_term_string}\"},\"query-input\":{\"@type\":\"PropertyValueSpecification\",\"valueRequired\":true,\"valueName\":\"search_term_string\"}}],\"inLanguage\":\"fr-FR\"},{\"@type\":\"Person\",\"@id\":\"https:\\\/\\\/www.renouvelle.be\\\/fr\\\/#\\\/schema\\\/person\\\/9d743366fb269eeceaa8d60e98d289d3\",\"name\":\"Samuel Alves\",\"url\":\"https:\\\/\\\/www.renouvelle.be\\\/fr\\\/author\\\/salves\\\/\"}]}<\/script>\n<!-- \/ Yoast SEO plugin. -->","yoast_head_json":{"title":"Les compteurs communicants bient\u00f4t partout en Wallonie - Renouvelle","description":"150.000 compteurs communicants seront install\u00e9s d'ici la fin de l'ann\u00e9e en Wallonie. Tous les clients wallons en seront \u00e9quip\u00e9s d'ici 2029.","robots":{"index":"index","follow":"follow","max-snippet":"max-snippet:-1","max-image-preview":"max-image-preview:large","max-video-preview":"max-video-preview:-1"},"canonical":"https:\/\/www.renouvelle.be\/fr\/les-compteurs-communicants-bientot-partout-en-wallonie\/","og_locale":"fr_FR","og_type":"article","og_title":"Les compteurs communicants bient\u00f4t partout en Wallonie - Renouvelle","og_description":"150.000 compteurs communicants seront install\u00e9s d'ici la fin de l'ann\u00e9e en Wallonie. Tous les clients wallons en seront \u00e9quip\u00e9s d'ici 2029.","og_url":"https:\/\/www.renouvelle.be\/fr\/les-compteurs-communicants-bientot-partout-en-wallonie\/","og_site_name":"Renouvelle","article_published_time":"2025-09-18T12:41:24+00:00","article_modified_time":"2025-10-07T08:19:52+00:00","og_image":[{"width":2560,"height":1440,"url":"https:\/\/www.renouvelle.be\/wp-content\/uploads\/2025\/09\/AdobeStock_670585044-scaled.jpeg","type":"image\/jpeg"}],"author":"Samuel Alves","twitter_card":"summary_large_image","schema":{"@context":"https:\/\/schema.org","@graph":[{"@type":"Article","@id":"https:\/\/www.renouvelle.be\/fr\/les-compteurs-communicants-bientot-partout-en-wallonie\/#article","isPartOf":{"@id":"https:\/\/www.renouvelle.be\/fr\/les-compteurs-communicants-bientot-partout-en-wallonie\/"},"author":{"name":"Samuel Alves","@id":"https:\/\/www.renouvelle.be\/fr\/#\/schema\/person\/9d743366fb269eeceaa8d60e98d289d3"},"headline":"Les compteurs communicants bient\u00f4t partout en Wallonie","datePublished":"2025-09-18T12:41:24+00:00","dateModified":"2025-10-07T08:19:52+00:00","mainEntityOfPage":{"@id":"https:\/\/www.renouvelle.be\/fr\/les-compteurs-communicants-bientot-partout-en-wallonie\/"},"wordCount":241,"image":{"@id":"https:\/\/www.renouvelle.be\/fr\/les-compteurs-communicants-bientot-partout-en-wallonie\/#primaryimage"},"thumbnailUrl":"https:\/\/www.renouvelle.be\/wp-content\/uploads\/2025\/09\/AdobeStock_670585044-scaled.jpeg","articleSection":["Actualit\u00e9","Actualit\u00e9 en Belgique"],"inLanguage":"fr-FR"},{"@type":"WebPage","@id":"https:\/\/www.renouvelle.be\/fr\/les-compteurs-communicants-bientot-partout-en-wallonie\/","url":"https:\/\/www.renouvelle.be\/fr\/les-compteurs-communicants-bientot-partout-en-wallonie\/","name":"Les compteurs communicants bient\u00f4t partout en Wallonie - Renouvelle","isPartOf":{"@id":"https:\/\/www.renouvelle.be\/fr\/#website"},"primaryImageOfPage":{"@id":"https:\/\/www.renouvelle.be\/fr\/les-compteurs-communicants-bientot-partout-en-wallonie\/#primaryimage"},"image":{"@id":"https:\/\/www.renouvelle.be\/fr\/les-compteurs-communicants-bientot-partout-en-wallonie\/#primaryimage"},"thumbnailUrl":"https:\/\/www.renouvelle.be\/wp-content\/uploads\/2025\/09\/AdobeStock_670585044-scaled.jpeg","datePublished":"2025-09-18T12:41:24+00:00","dateModified":"2025-10-07T08:19:52+00:00","author":{"@id":"https:\/\/www.renouvelle.be\/fr\/#\/schema\/person\/9d743366fb269eeceaa8d60e98d289d3"},"description":"150.000 compteurs communicants seront install\u00e9s d'ici la fin de l'ann\u00e9e en Wallonie. Tous les clients wallons en seront \u00e9quip\u00e9s d'ici 2029.","breadcrumb":{"@id":"https:\/\/www.renouvelle.be\/fr\/les-compteurs-communicants-bientot-partout-en-wallonie\/#breadcrumb"},"inLanguage":"fr-FR","potentialAction":[{"@type":"ReadAction","target":["https:\/\/www.renouvelle.be\/fr\/les-compteurs-communicants-bientot-partout-en-wallonie\/"]}]},{"@type":"ImageObject","inLanguage":"fr-FR","@id":"https:\/\/www.renouvelle.be\/fr\/les-compteurs-communicants-bientot-partout-en-wallonie\/#primaryimage","url":"https:\/\/www.renouvelle.be\/wp-content\/uploads\/2025\/09\/AdobeStock_670585044-scaled.jpeg","contentUrl":"https:\/\/www.renouvelle.be\/wp-content\/uploads\/2025\/09\/AdobeStock_670585044-scaled.jpeg","width":2560,"height":1440,"caption":"Les compteurs communicants en Wallonie permettront d'analyser la tension du r\u00e9seau \u00e9lectrique en direct."},{"@type":"BreadcrumbList","@id":"https:\/\/www.renouvelle.be\/fr\/les-compteurs-communicants-bientot-partout-en-wallonie\/#breadcrumb","itemListElement":[{"@type":"ListItem","position":1,"name":"Accueil","item":"https:\/\/www.renouvelle.be\/fr\/"},{"@type":"ListItem","position":2,"name":"Les compteurs communicants bient\u00f4t partout en Wallonie"}]},{"@type":"WebSite","@id":"https:\/\/www.renouvelle.be\/fr\/#website","url":"https:\/\/www.renouvelle.be\/fr\/","name":"Renouvelle","description":"L&#039;actualit\u00e9 de l&#039;\u00e9nergie durable","potentialAction":[{"@type":"SearchAction","target":{"@type":"EntryPoint","urlTemplate":"https:\/\/www.renouvelle.be\/fr\/?s={search_term_string}"},"query-input":{"@type":"PropertyValueSpecification","valueRequired":true,"valueName":"search_term_string"}}],"inLanguage":"fr-FR"},{"@type":"Person","@id":"https:\/\/www.renouvelle.be\/fr\/#\/schema\/person\/9d743366fb269eeceaa8d60e98d289d3","name":"Samuel Alves","url":"https:\/\/www.renouvelle.be\/fr\/author\/salves\/"}]}},"_links":{"self":[{"href":"https:\/\/www.renouvelle.be\/fr\/wp-json\/wp\/v2\/posts\/15646","targetHints":{"allow":["GET"]}}],"collection":[{"href":"https:\/\/www.renouvelle.be\/fr\/wp-json\/wp\/v2\/posts"}],"about":[{"href":"https:\/\/www.renouvelle.be\/fr\/wp-json\/wp\/v2\/types\/post"}],"author":[{"embeddable":true,"href":"https:\/\/www.renouvelle.be\/fr\/wp-json\/wp\/v2\/users\/38"}],"replies":[{"embeddable":true,"href":"https:\/\/www.renouvelle.be\/fr\/wp-json\/wp\/v2\/comments?post=15646"}],"version-history":[{"count":3,"href":"https:\/\/www.renouvelle.be\/fr\/wp-json\/wp\/v2\/posts\/15646\/revisions"}],"predecessor-version":[{"id":15730,"href":"https:\/\/www.renouvelle.be\/fr\/wp-json\/wp\/v2\/posts\/15646\/revisions\/15730"}],"wp:featuredmedia":[{"embeddable":true,"href":"https:\/\/www.renouvelle.be\/fr\/wp-json\/wp\/v2\/media\/15647"}],"wp:attachment":[{"href":"https:\/\/www.renouvelle.be\/fr\/wp-json\/wp\/v2\/media?parent=15646"}],"wp:term":[{"taxonomy":"category","embeddable":true,"href":"https:\/\/www.renouvelle.be\/fr\/wp-json\/wp\/v2\/categories?post=15646"},{"taxonomy":"post_tag","embeddable":true,"href":"https:\/\/www.renouvelle.be\/fr\/wp-json\/wp\/v2\/tags?post=15646"},{"taxonomy":"section","embeddable":true,"href":"https:\/\/www.renouvelle.be\/fr\/wp-json\/wp\/v2\/section?post=15646"}],"curies":[{"name":"wp","href":"https:\/\/api.w.org\/{rel}","templated":true}]}}