{"id":15626,"date":"2025-09-10T14:00:21","date_gmt":"2025-09-10T12:00:21","guid":{"rendered":"https:\/\/www.renouvelle.be\/?p=15626"},"modified":"2025-09-11T10:34:28","modified_gmt":"2025-09-11T08:34:28","slug":"maroc-solaire-flottant-tanger-med","status":"publish","type":"post","link":"https:\/\/www.renouvelle.be\/fr\/maroc-solaire-flottant-tanger-med\/","title":{"rendered":"Maroc\u00a0: le solaire flottant, un alli\u00e9 contre la s\u00e9cheresse"},"content":{"rendered":"\n<p>Afin de contrer ce ph\u00e9nom\u00e8ne de s\u00e9cheresse, le Maroc s\u2019est int\u00e9ress\u00e9 de plus pr\u00e8s \u00e0 la technologie du solaire flottant et a r\u00e9cemment inaugur\u00e9 sa toute premi\u00e8re centrale solaire flottante au barrage de Oued Rmel, \u00e0 proximit\u00e9 du port de Tanger Med. L\u2019objectif&nbsp;? Produire de l\u2019\u00e9lectricit\u00e9 verte afin de renforcer la s\u00e9curit\u00e9 \u00e9nerg\u00e9tique du pays tout en r\u00e9duisant l\u2019\u00e9vaporation de l\u2019eau des barrages en la prot\u00e9geant des rayons du soleil.<\/p>\n\n\n\n<p>Pos\u00e9s sur 404 plateformes, les plus de 20000 panneaux photovolta\u00efques flottants devraient, \u00e0 terme, couvrir une surface d\u2019environ 10 hectares. D\u2019une capacit\u00e9 de production de 13 MW, la centrale alimentera le complexe portuaire de <a href=\"https:\/\/www.tangermedport.com\/fr\/\" target=\"_blank\" rel=\"noreferrer noopener\">Tanger Med<\/a> en \u00e9nergie propre et permettra de r\u00e9duire de 30% les pertes en eau du barrage de Oued Rmel, qui perd en moyenne 3000 m3 d\u2019eau par jour (voire le double en \u00e9t\u00e9).<\/p>\n\n\n\n<p>Test\u00e9 jusqu&rsquo;\u00e0 pr\u00e9sent en phase pilote, le solaire flottant s&rsquo;ancrera-t-il bient\u00f4t dans les m\u0153urs ? Dans tous les cas, la technologie semble en int\u00e9resser plus d&rsquo;un, car plus t\u00f4t cet \u00e9t\u00e9, les <a href=\"https:\/\/www.renouvelle.be\/fr\/nymphaea-aurora-solaire-flottant\/\" target=\"_blank\" rel=\"noreferrer noopener\">Pays-Bas<\/a> lan\u00e7aient le tout premier parc solaire flottant commercial.<\/p>\n\n\n\n<p>Source image en-t\u00eate : Tanger Med<\/p>\n","protected":false},"excerpt":{"rendered":"<p>Afin de contrer ce ph\u00e9nom\u00e8ne de s\u00e9cheresse, le Maroc s\u2019est int\u00e9ress\u00e9 de plus pr\u00e8s \u00e0 la technologie du solaire flottant et a r\u00e9cemment inaugur\u00e9 sa toute premi\u00e8re centrale solaire flottante au barrage de Oued Rmel, \u00e0 proximit\u00e9 du port de Tanger Med. L\u2019objectif&nbsp;? Produire de l\u2019\u00e9lectricit\u00e9 verte afin de renforcer la s\u00e9curit\u00e9 \u00e9nerg\u00e9tique du pays tout en r\u00e9duisant l\u2019\u00e9vaporation de l\u2019eau des barrages en la prot\u00e9geant des rayons du soleil. Pos\u00e9s sur 404 plateformes, les plus de 20000 panneaux photovolta\u00efques flottants devraient, \u00e0 terme, couvrir une surface d\u2019environ 10 hectares. D\u2019une capacit\u00e9 de production de 13 MW, la centrale alimentera le complexe portuaire de Tanger Med en \u00e9nergie propre et permettra de r\u00e9duire de 30% les pertes en eau du barrage de Oued Rmel, qui perd en moyenne 3000 m3 d\u2019eau par jour (voire le double en \u00e9t\u00e9). Test\u00e9 jusqu&rsquo;\u00e0 pr\u00e9sent en phase pilote, le solaire flottant s&rsquo;ancrera-t-il bient\u00f4t dans les m\u0153urs ? Dans tous les cas, la technologie semble en int\u00e9resser plus d&rsquo;un, car plus t\u00f4t cet \u00e9t\u00e9, les Pays-Bas lan\u00e7aient le tout premier parc solaire flottant commercial. Source image en-t\u00eate : Tanger Med<\/p>\n","protected":false},"author":38,"featured_media":15628,"comment_status":"closed","ping_status":"closed","sticky":false,"template":"","format":"standard","meta":{"_acf_changed":false,"footnotes":""},"categories":[16,18],"tags":[],"section":[8,13],"class_list":["post-15626","post","type-post","status-publish","format-standard","has-post-thumbnail","hentry","category-actualite","category-actualite-internationale","section-energie-renouvelables","section-solaire"],"acf":[],"yoast_head":"<!-- This site is optimized with the Yoast SEO plugin v27.4 - https:\/\/yoast.com\/product\/yoast-seo-wordpress\/ -->\n<title>Maroc\u00a0: le solaire flottant, un alli\u00e9 contre la s\u00e9cheresse - Renouvelle<\/title>\n<meta name=\"description\" content=\"Le Maroc inaugure sa premi\u00e8re centrale solaire flottante au barrage de Oued Rmel pr\u00e8s du port de Tanger Med.\" \/>\n<meta name=\"robots\" content=\"index, follow, max-snippet:-1, max-image-preview:large, max-video-preview:-1\" \/>\n<link rel=\"canonical\" href=\"https:\/\/www.renouvelle.be\/fr\/maroc-solaire-flottant-tanger-med\/\" \/>\n<meta property=\"og:locale\" content=\"fr_FR\" \/>\n<meta property=\"og:type\" content=\"article\" \/>\n<meta property=\"og:title\" content=\"Maroc\u00a0: le solaire flottant, un alli\u00e9 contre la s\u00e9cheresse - Renouvelle\" \/>\n<meta property=\"og:description\" content=\"Le Maroc inaugure sa premi\u00e8re centrale solaire flottante au barrage de Oued Rmel pr\u00e8s du port de Tanger Med.\" \/>\n<meta property=\"og:url\" content=\"https:\/\/www.renouvelle.be\/fr\/maroc-solaire-flottant-tanger-med\/\" \/>\n<meta property=\"og:site_name\" content=\"Renouvelle\" \/>\n<meta property=\"article:published_time\" content=\"2025-09-10T12:00:21+00:00\" \/>\n<meta property=\"article:modified_time\" content=\"2025-09-11T08:34:28+00:00\" \/>\n<meta property=\"og:image\" content=\"https:\/\/www.renouvelle.be\/wp-content\/uploads\/2025\/09\/UN-PARC-SOLAIRE-FLOTTANT-e1757505346798.jpg\" \/>\n\t<meta property=\"og:image:width\" content=\"1502\" \/>\n\t<meta property=\"og:image:height\" content=\"974\" \/>\n\t<meta property=\"og:image:type\" content=\"image\/jpeg\" \/>\n<meta name=\"author\" content=\"Samuel Alves\" \/>\n<meta name=\"twitter:card\" content=\"summary_large_image\" \/>\n<script type=\"application\/ld+json\" class=\"yoast-schema-graph\">{\"@context\":\"https:\\\/\\\/schema.org\",\"@graph\":[{\"@type\":\"Article\",\"@id\":\"https:\\\/\\\/www.renouvelle.be\\\/fr\\\/maroc-solaire-flottant-tanger-med\\\/#article\",\"isPartOf\":{\"@id\":\"https:\\\/\\\/www.renouvelle.be\\\/fr\\\/maroc-solaire-flottant-tanger-med\\\/\"},\"author\":{\"name\":\"Samuel Alves\",\"@id\":\"https:\\\/\\\/www.renouvelle.be\\\/fr\\\/#\\\/schema\\\/person\\\/9d743366fb269eeceaa8d60e98d289d3\"},\"headline\":\"Maroc\u00a0: le solaire flottant, un alli\u00e9 contre la s\u00e9cheresse\",\"datePublished\":\"2025-09-10T12:00:21+00:00\",\"dateModified\":\"2025-09-11T08:34:28+00:00\",\"mainEntityOfPage\":{\"@id\":\"https:\\\/\\\/www.renouvelle.be\\\/fr\\\/maroc-solaire-flottant-tanger-med\\\/\"},\"wordCount\":216,\"image\":{\"@id\":\"https:\\\/\\\/www.renouvelle.be\\\/fr\\\/maroc-solaire-flottant-tanger-med\\\/#primaryimage\"},\"thumbnailUrl\":\"https:\\\/\\\/www.renouvelle.be\\\/wp-content\\\/uploads\\\/2025\\\/09\\\/UN-PARC-SOLAIRE-FLOTTANT-e1757505346798.jpg\",\"articleSection\":[\"Actualit\u00e9\",\"Actualit\u00e9 internationale\"],\"inLanguage\":\"fr-FR\"},{\"@type\":\"WebPage\",\"@id\":\"https:\\\/\\\/www.renouvelle.be\\\/fr\\\/maroc-solaire-flottant-tanger-med\\\/\",\"url\":\"https:\\\/\\\/www.renouvelle.be\\\/fr\\\/maroc-solaire-flottant-tanger-med\\\/\",\"name\":\"Maroc\u00a0: le solaire flottant, un alli\u00e9 contre la s\u00e9cheresse - Renouvelle\",\"isPartOf\":{\"@id\":\"https:\\\/\\\/www.renouvelle.be\\\/fr\\\/#website\"},\"primaryImageOfPage\":{\"@id\":\"https:\\\/\\\/www.renouvelle.be\\\/fr\\\/maroc-solaire-flottant-tanger-med\\\/#primaryimage\"},\"image\":{\"@id\":\"https:\\\/\\\/www.renouvelle.be\\\/fr\\\/maroc-solaire-flottant-tanger-med\\\/#primaryimage\"},\"thumbnailUrl\":\"https:\\\/\\\/www.renouvelle.be\\\/wp-content\\\/uploads\\\/2025\\\/09\\\/UN-PARC-SOLAIRE-FLOTTANT-e1757505346798.jpg\",\"datePublished\":\"2025-09-10T12:00:21+00:00\",\"dateModified\":\"2025-09-11T08:34:28+00:00\",\"author\":{\"@id\":\"https:\\\/\\\/www.renouvelle.be\\\/fr\\\/#\\\/schema\\\/person\\\/9d743366fb269eeceaa8d60e98d289d3\"},\"description\":\"Le Maroc inaugure sa premi\u00e8re centrale solaire flottante au barrage de Oued Rmel pr\u00e8s du port de Tanger Med.\",\"breadcrumb\":{\"@id\":\"https:\\\/\\\/www.renouvelle.be\\\/fr\\\/maroc-solaire-flottant-tanger-med\\\/#breadcrumb\"},\"inLanguage\":\"fr-FR\",\"potentialAction\":[{\"@type\":\"ReadAction\",\"target\":[\"https:\\\/\\\/www.renouvelle.be\\\/fr\\\/maroc-solaire-flottant-tanger-med\\\/\"]}]},{\"@type\":\"ImageObject\",\"inLanguage\":\"fr-FR\",\"@id\":\"https:\\\/\\\/www.renouvelle.be\\\/fr\\\/maroc-solaire-flottant-tanger-med\\\/#primaryimage\",\"url\":\"https:\\\/\\\/www.renouvelle.be\\\/wp-content\\\/uploads\\\/2025\\\/09\\\/UN-PARC-SOLAIRE-FLOTTANT-e1757505346798.jpg\",\"contentUrl\":\"https:\\\/\\\/www.renouvelle.be\\\/wp-content\\\/uploads\\\/2025\\\/09\\\/UN-PARC-SOLAIRE-FLOTTANT-e1757505346798.jpg\",\"width\":1502,\"height\":974,\"caption\":\"Centrale solaire flottant barrage Oued Rmel\"},{\"@type\":\"BreadcrumbList\",\"@id\":\"https:\\\/\\\/www.renouvelle.be\\\/fr\\\/maroc-solaire-flottant-tanger-med\\\/#breadcrumb\",\"itemListElement\":[{\"@type\":\"ListItem\",\"position\":1,\"name\":\"Accueil\",\"item\":\"https:\\\/\\\/www.renouvelle.be\\\/fr\\\/\"},{\"@type\":\"ListItem\",\"position\":2,\"name\":\"Maroc\u00a0: le solaire flottant, un alli\u00e9 contre la s\u00e9cheresse\"}]},{\"@type\":\"WebSite\",\"@id\":\"https:\\\/\\\/www.renouvelle.be\\\/fr\\\/#website\",\"url\":\"https:\\\/\\\/www.renouvelle.be\\\/fr\\\/\",\"name\":\"Renouvelle\",\"description\":\"L&#039;actualit\u00e9 de l&#039;\u00e9nergie durable\",\"potentialAction\":[{\"@type\":\"SearchAction\",\"target\":{\"@type\":\"EntryPoint\",\"urlTemplate\":\"https:\\\/\\\/www.renouvelle.be\\\/fr\\\/?s={search_term_string}\"},\"query-input\":{\"@type\":\"PropertyValueSpecification\",\"valueRequired\":true,\"valueName\":\"search_term_string\"}}],\"inLanguage\":\"fr-FR\"},{\"@type\":\"Person\",\"@id\":\"https:\\\/\\\/www.renouvelle.be\\\/fr\\\/#\\\/schema\\\/person\\\/9d743366fb269eeceaa8d60e98d289d3\",\"name\":\"Samuel Alves\",\"url\":\"https:\\\/\\\/www.renouvelle.be\\\/fr\\\/author\\\/salves\\\/\"}]}<\/script>\n<!-- \/ Yoast SEO plugin. -->","yoast_head_json":{"title":"Maroc\u00a0: le solaire flottant, un alli\u00e9 contre la s\u00e9cheresse - Renouvelle","description":"Le Maroc inaugure sa premi\u00e8re centrale solaire flottante au barrage de Oued Rmel pr\u00e8s du port de Tanger Med.","robots":{"index":"index","follow":"follow","max-snippet":"max-snippet:-1","max-image-preview":"max-image-preview:large","max-video-preview":"max-video-preview:-1"},"canonical":"https:\/\/www.renouvelle.be\/fr\/maroc-solaire-flottant-tanger-med\/","og_locale":"fr_FR","og_type":"article","og_title":"Maroc\u00a0: le solaire flottant, un alli\u00e9 contre la s\u00e9cheresse - Renouvelle","og_description":"Le Maroc inaugure sa premi\u00e8re centrale solaire flottante au barrage de Oued Rmel pr\u00e8s du port de Tanger Med.","og_url":"https:\/\/www.renouvelle.be\/fr\/maroc-solaire-flottant-tanger-med\/","og_site_name":"Renouvelle","article_published_time":"2025-09-10T12:00:21+00:00","article_modified_time":"2025-09-11T08:34:28+00:00","og_image":[{"width":1502,"height":974,"url":"https:\/\/www.renouvelle.be\/wp-content\/uploads\/2025\/09\/UN-PARC-SOLAIRE-FLOTTANT-e1757505346798.jpg","type":"image\/jpeg"}],"author":"Samuel Alves","twitter_card":"summary_large_image","schema":{"@context":"https:\/\/schema.org","@graph":[{"@type":"Article","@id":"https:\/\/www.renouvelle.be\/fr\/maroc-solaire-flottant-tanger-med\/#article","isPartOf":{"@id":"https:\/\/www.renouvelle.be\/fr\/maroc-solaire-flottant-tanger-med\/"},"author":{"name":"Samuel Alves","@id":"https:\/\/www.renouvelle.be\/fr\/#\/schema\/person\/9d743366fb269eeceaa8d60e98d289d3"},"headline":"Maroc\u00a0: le solaire flottant, un alli\u00e9 contre la s\u00e9cheresse","datePublished":"2025-09-10T12:00:21+00:00","dateModified":"2025-09-11T08:34:28+00:00","mainEntityOfPage":{"@id":"https:\/\/www.renouvelle.be\/fr\/maroc-solaire-flottant-tanger-med\/"},"wordCount":216,"image":{"@id":"https:\/\/www.renouvelle.be\/fr\/maroc-solaire-flottant-tanger-med\/#primaryimage"},"thumbnailUrl":"https:\/\/www.renouvelle.be\/wp-content\/uploads\/2025\/09\/UN-PARC-SOLAIRE-FLOTTANT-e1757505346798.jpg","articleSection":["Actualit\u00e9","Actualit\u00e9 internationale"],"inLanguage":"fr-FR"},{"@type":"WebPage","@id":"https:\/\/www.renouvelle.be\/fr\/maroc-solaire-flottant-tanger-med\/","url":"https:\/\/www.renouvelle.be\/fr\/maroc-solaire-flottant-tanger-med\/","name":"Maroc\u00a0: le solaire flottant, un alli\u00e9 contre la s\u00e9cheresse - Renouvelle","isPartOf":{"@id":"https:\/\/www.renouvelle.be\/fr\/#website"},"primaryImageOfPage":{"@id":"https:\/\/www.renouvelle.be\/fr\/maroc-solaire-flottant-tanger-med\/#primaryimage"},"image":{"@id":"https:\/\/www.renouvelle.be\/fr\/maroc-solaire-flottant-tanger-med\/#primaryimage"},"thumbnailUrl":"https:\/\/www.renouvelle.be\/wp-content\/uploads\/2025\/09\/UN-PARC-SOLAIRE-FLOTTANT-e1757505346798.jpg","datePublished":"2025-09-10T12:00:21+00:00","dateModified":"2025-09-11T08:34:28+00:00","author":{"@id":"https:\/\/www.renouvelle.be\/fr\/#\/schema\/person\/9d743366fb269eeceaa8d60e98d289d3"},"description":"Le Maroc inaugure sa premi\u00e8re centrale solaire flottante au barrage de Oued Rmel pr\u00e8s du port de Tanger Med.","breadcrumb":{"@id":"https:\/\/www.renouvelle.be\/fr\/maroc-solaire-flottant-tanger-med\/#breadcrumb"},"inLanguage":"fr-FR","potentialAction":[{"@type":"ReadAction","target":["https:\/\/www.renouvelle.be\/fr\/maroc-solaire-flottant-tanger-med\/"]}]},{"@type":"ImageObject","inLanguage":"fr-FR","@id":"https:\/\/www.renouvelle.be\/fr\/maroc-solaire-flottant-tanger-med\/#primaryimage","url":"https:\/\/www.renouvelle.be\/wp-content\/uploads\/2025\/09\/UN-PARC-SOLAIRE-FLOTTANT-e1757505346798.jpg","contentUrl":"https:\/\/www.renouvelle.be\/wp-content\/uploads\/2025\/09\/UN-PARC-SOLAIRE-FLOTTANT-e1757505346798.jpg","width":1502,"height":974,"caption":"Centrale solaire flottant barrage Oued Rmel"},{"@type":"BreadcrumbList","@id":"https:\/\/www.renouvelle.be\/fr\/maroc-solaire-flottant-tanger-med\/#breadcrumb","itemListElement":[{"@type":"ListItem","position":1,"name":"Accueil","item":"https:\/\/www.renouvelle.be\/fr\/"},{"@type":"ListItem","position":2,"name":"Maroc\u00a0: le solaire flottant, un alli\u00e9 contre la s\u00e9cheresse"}]},{"@type":"WebSite","@id":"https:\/\/www.renouvelle.be\/fr\/#website","url":"https:\/\/www.renouvelle.be\/fr\/","name":"Renouvelle","description":"L&#039;actualit\u00e9 de l&#039;\u00e9nergie durable","potentialAction":[{"@type":"SearchAction","target":{"@type":"EntryPoint","urlTemplate":"https:\/\/www.renouvelle.be\/fr\/?s={search_term_string}"},"query-input":{"@type":"PropertyValueSpecification","valueRequired":true,"valueName":"search_term_string"}}],"inLanguage":"fr-FR"},{"@type":"Person","@id":"https:\/\/www.renouvelle.be\/fr\/#\/schema\/person\/9d743366fb269eeceaa8d60e98d289d3","name":"Samuel Alves","url":"https:\/\/www.renouvelle.be\/fr\/author\/salves\/"}]}},"_links":{"self":[{"href":"https:\/\/www.renouvelle.be\/fr\/wp-json\/wp\/v2\/posts\/15626","targetHints":{"allow":["GET"]}}],"collection":[{"href":"https:\/\/www.renouvelle.be\/fr\/wp-json\/wp\/v2\/posts"}],"about":[{"href":"https:\/\/www.renouvelle.be\/fr\/wp-json\/wp\/v2\/types\/post"}],"author":[{"embeddable":true,"href":"https:\/\/www.renouvelle.be\/fr\/wp-json\/wp\/v2\/users\/38"}],"replies":[{"embeddable":true,"href":"https:\/\/www.renouvelle.be\/fr\/wp-json\/wp\/v2\/comments?post=15626"}],"version-history":[{"count":3,"href":"https:\/\/www.renouvelle.be\/fr\/wp-json\/wp\/v2\/posts\/15626\/revisions"}],"predecessor-version":[{"id":15631,"href":"https:\/\/www.renouvelle.be\/fr\/wp-json\/wp\/v2\/posts\/15626\/revisions\/15631"}],"wp:featuredmedia":[{"embeddable":true,"href":"https:\/\/www.renouvelle.be\/fr\/wp-json\/wp\/v2\/media\/15628"}],"wp:attachment":[{"href":"https:\/\/www.renouvelle.be\/fr\/wp-json\/wp\/v2\/media?parent=15626"}],"wp:term":[{"taxonomy":"category","embeddable":true,"href":"https:\/\/www.renouvelle.be\/fr\/wp-json\/wp\/v2\/categories?post=15626"},{"taxonomy":"post_tag","embeddable":true,"href":"https:\/\/www.renouvelle.be\/fr\/wp-json\/wp\/v2\/tags?post=15626"},{"taxonomy":"section","embeddable":true,"href":"https:\/\/www.renouvelle.be\/fr\/wp-json\/wp\/v2\/section?post=15626"}],"curies":[{"name":"wp","href":"https:\/\/api.w.org\/{rel}","templated":true}]}}