{"id":15613,"date":"2025-09-10T15:51:08","date_gmt":"2025-09-10T13:51:08","guid":{"rendered":"https:\/\/www.renouvelle.be\/?p=15613"},"modified":"2025-10-07T10:19:07","modified_gmt":"2025-10-07T08:19:07","slug":"flex-my-heat-pompes-a-chaleur-intelligentes","status":"publish","type":"post","link":"https:\/\/www.renouvelle.be\/fr\/flex-my-heat-pompes-a-chaleur-intelligentes\/","title":{"rendered":"FlexMyHeat\u00a0: la pompe \u00e0 chaleur pour all\u00e9ger le r\u00e9seau \u00e9lectrique"},"content":{"rendered":"\n<p>FlexMyHeat est un projet de recherche qui se concentre sur le potentiel de flexibilit\u00e9 des pompes \u00e0 chaleur et du stockage d\u00e9centralis\u00e9, en analysant comment leur pilotage \u00e0 distance pourrait soulager le r\u00e9seau \u00e9lectrique. Men\u00e9 entre novembre 2023 et juin 2025 par diff\u00e9rents acteurs acad\u00e9miques, publics et priv\u00e9s (imec, UGent, ORES, Elia, Energie Commune, Destore, LIFEPOWR, et Thomas &amp; Piron), il a \u00e9t\u00e9 soutenu financi\u00e8rement par le Fonds pour la Transition Energ\u00e9tique f\u00e9d\u00e9ral.<\/p>\n\n\n\n<p>Selon les pr\u00e9visions, les pompes \u00e0 chaleur pourraient fournir entre 40 et 90% de la chaleur en <a href=\"https:\/\/www.renouvelle.be\/fr\/belgique-pompes-a-chaleur-16-pourcent-2025\/\" target=\"_blank\" rel=\"noreferrer noopener\">Belgique<\/a> d\u2019ici 2050. Dans le secteur r\u00e9sidentiel, ajouter une pompe \u00e0 chaleur sans r\u00e9glage intelligent peut augmenter la consommation d\u2019\u00e9lectricit\u00e9 de 42% aux moments de pointe. Bien s\u00fbr, ce chiffre varie en fonction de son type (chauffage par le sol ou par radiateur, basse ou haute temp\u00e9rature) et en fonction de l&rsquo;isolation thermique du b\u00e2timent.<\/p>\n\n\n\n<p>Concr\u00e8tement, la pompe \u00e0 chaleur va \u00eatre pilot\u00e9e en jouant sur la capacit\u00e9 du b\u00e2timent \u00e0 stocker la chaleur et la restituer lentement (inertie thermique). Par exemple, en hiver lorsqu&rsquo;il fait 20\u00b0C dans le logement et que le chauffage est ensuite coup\u00e9, la temp\u00e9rature ne va pas chuter imm\u00e9diatement car les murs et les meubles ont eux aussi emmagasin\u00e9 de la chaleur et vont la transf\u00e9rer \u00e0 l&rsquo;air des pi\u00e8ces. Plus le logement est isol\u00e9, plus son inertie thermique sera grande.<\/p>\n\n\n\n<p>On pourrait donc programmer la pompe \u00e0 chaleur afin qu\u2019elle chauffe au bon moment et non plus en continu. Cela tout en conservant un intervalle de temp\u00e9ratures acceptables pour les occupants et en profitant aussi des moments o\u00f9 l\u2019\u00e9lectricit\u00e9 co\u00fbte moins cher, soit parce que l\u2019habitation produit sa propre \u00e9lectricit\u00e9 gr\u00e2ce \u00e0 des panneaux photovolta\u00efques, soit parce qu\u2019elle est consomm\u00e9e aux heures o\u00f9 son prix est le plus bas (tarifs dynamiques). Dans ce contexte, un pilotage intelligent pourrait r\u00e9duire le pic de consommation du m\u00e9nage de 9 \u00e014%, voire 25% en ajoutant un syst\u00e8me de stockage thermique \u00e0 changement de phase.<\/p>\n\n\n\n<p>Et pour ne rien g\u00e2cher, le r\u00e9seau \u00e9lectrique n&rsquo;est pas le seul gagnant dans l&rsquo;histoire puisque la facture de chauffage baisse \u00e9galement, sans parler de l\u2019am\u00e9lioration de l&rsquo;autoconsommation photovolta\u00efque (si pr\u00e9sence de panneaux solaires, bien s\u00fbr). Les \u00e9missions de CO2 baissent aussi puisque la pompe \u00e0 chaleur a fonctionn\u00e9 \u00e0 des moments o\u00f9 l\u2019\u00e9lectricit\u00e9 \u00e9tait moins carbon\u00e9e.<\/p>\n\n\n\n<p>Des r\u00e9sultats encourageants pour passer \u00e0 la gestion active et flexible de certains appareils \u00e9lectriques, m\u00eame au niveau r\u00e9sidentiel.<\/p>\n\n\n\n<p>Cependant, deux d\u00e9fis subsistent&nbsp;:<\/p>\n\n\n\n<ol class=\"wp-block-list\">\n<li>En Belgique, les pompes \u00e0 chaleur ne sont pas tr\u00e8s attractives sur le plan \u00e9conomique, notamment \u00e0 cause d\u2019un <strong>prix \u00e9lev\u00e9 de l\u2019\u00e9lectricit\u00e9 par rapport au gaz<\/strong>. En effet, le prix de l\u2019\u00e9lectricit\u00e9 est 4,2 fois plus \u00e9lev\u00e9 que celui du gaz en Belgique, alors que ce rapport de prix est de 3,3 en Allemagne, 2,4 en France ou encore 1,7 aux Pays-Bas. <br><br>Cela s\u2019explique notamment par des taxes plus \u00e9lev\u00e9es sur l\u2019\u00e9lectricit\u00e9 que sur le gaz. Cette particularit\u00e9 belge n\u2019encourage pas l\u2019\u00e9lectrification de certaines consommations, et cette imposition pourrait \u00eatre adapt\u00e9e pour rendre plus abordables ce type d\u2019investissements.<br><\/li>\n\n\n\n<li>L\u2019<strong>interop\u00e9rabilit\u00e9<\/strong> de diff\u00e9rents appareils \u00e9lectriques, c\u2019est-\u00e0-dire la capacit\u00e9 de pouvoir les faire fonctionner ensemble, reste \u00e0 ce jour fort complexe, car les protocoles de communication entre eux ne sont pas encore suffisamment standardis\u00e9s. Autrement dit, chaque fabricant con\u00e7oit le pilotage \u00e0 sa mani\u00e8re, ce qui peut poser des probl\u00e8mes si on veut piloter plusieurs appareils de fa\u00e7on int\u00e9gr\u00e9e (par exemple des v\u00e9hicules \u00e9lectriques, des batteries, des boilers \u00e9lectriques, etc.).<br><br>L\u2019harmonisation des protocoles de communication est en cours, et des normes ISO voient le jour, mais cela reste actuellement un point de friction pour exploiter pleinement le potentiel des pompes \u00e0 chaleur et autres appareils flexibles.<\/li>\n<\/ol>\n\n\n\n<p>Pour plus d&rsquo;informations sur les r\u00e9sultats de FlexMyHeat, vous pouvez les retrouver sur <a href=\"https:\/\/flexmyheat.ilabt.imec.be\/\" target=\"_blank\" rel=\"noreferrer noopener\">le site du projet<\/a>, o\u00f9 les diff\u00e9rents rapports et publications sont accessibles.<\/p>\n","protected":false},"excerpt":{"rendered":"<p>FlexMyHeat est un projet de recherche qui se concentre sur le potentiel de flexibilit\u00e9 des pompes \u00e0 chaleur et du stockage d\u00e9centralis\u00e9, en analysant comment leur pilotage \u00e0 distance pourrait soulager le r\u00e9seau \u00e9lectrique. Men\u00e9 entre novembre 2023 et juin 2025 par diff\u00e9rents acteurs acad\u00e9miques, publics et priv\u00e9s (imec, UGent, ORES, Elia, Energie Commune, Destore, LIFEPOWR, et Thomas &amp; Piron), il a \u00e9t\u00e9 soutenu financi\u00e8rement par le Fonds pour la Transition Energ\u00e9tique f\u00e9d\u00e9ral. Selon les pr\u00e9visions, les pompes \u00e0 chaleur pourraient fournir entre 40 et 90% de la chaleur en Belgique d\u2019ici 2050. Dans le secteur r\u00e9sidentiel, ajouter une pompe \u00e0 chaleur sans r\u00e9glage intelligent peut augmenter la consommation d\u2019\u00e9lectricit\u00e9 de 42% aux moments de pointe. Bien s\u00fbr, ce chiffre varie en fonction de son type (chauffage par le sol ou par radiateur, basse ou haute temp\u00e9rature) et en fonction de l&rsquo;isolation thermique du b\u00e2timent. Concr\u00e8tement, la pompe \u00e0 chaleur va \u00eatre pilot\u00e9e en jouant sur la capacit\u00e9 du b\u00e2timent \u00e0 stocker la chaleur et la restituer lentement (inertie thermique). Par exemple, en hiver lorsqu&rsquo;il fait 20\u00b0C dans le logement et que le chauffage est ensuite coup\u00e9, la temp\u00e9rature ne va pas chuter imm\u00e9diatement car les murs et les meubles ont eux aussi emmagasin\u00e9 de la chaleur et vont la transf\u00e9rer \u00e0 l&rsquo;air des pi\u00e8ces. Plus le logement est isol\u00e9, plus son inertie thermique sera grande. On pourrait donc programmer la pompe \u00e0 chaleur afin qu\u2019elle chauffe au bon moment et non plus en continu. Cela tout en conservant un intervalle de temp\u00e9ratures acceptables pour les occupants et en profitant aussi des moments o\u00f9 l\u2019\u00e9lectricit\u00e9 co\u00fbte moins cher, soit parce que l\u2019habitation produit sa propre \u00e9lectricit\u00e9 gr\u00e2ce \u00e0 des panneaux photovolta\u00efques, soit parce qu\u2019elle est consomm\u00e9e aux heures o\u00f9 son &hellip; <a href=\"https:\/\/www.renouvelle.be\/fr\/flex-my-heat-pompes-a-chaleur-intelligentes\/\" class=\"more-link\">Continue reading<span class=\"screen-reader-text\"> \u00ab\u00a0FlexMyHeat\u00a0: la pompe \u00e0 chaleur pour all\u00e9ger le r\u00e9seau \u00e9lectrique\u00a0\u00bb<\/span><\/a><\/p>\n","protected":false},"author":34,"featured_media":15615,"comment_status":"closed","ping_status":"closed","sticky":false,"template":"","format":"standard","meta":{"_acf_changed":false,"footnotes":""},"categories":[16,17],"tags":[],"section":[8,9],"class_list":["post-15613","post","type-post","status-publish","format-standard","has-post-thumbnail","hentry","category-actualite","category-actualite-en-belgique","section-energie-renouvelables","section-geothermie-pac"],"acf":[],"yoast_head":"<!-- This site is optimized with the Yoast SEO plugin v27.5 - https:\/\/yoast.com\/product\/yoast-seo-wordpress\/ -->\n<title>FlexMyHeat\u00a0: la pompe \u00e0 chaleur pour all\u00e9ger le r\u00e9seau \u00e9lectrique - Renouvelle<\/title>\n<meta name=\"description\" content=\"Et si on pouvait piloter intelligemment les pompes \u00e0 chaleur pour soulager le r\u00e9seau \u00e9lectrique en Belgique ? C&#039;est le projet FlexMyHeat !\" \/>\n<meta name=\"robots\" content=\"index, follow, max-snippet:-1, max-image-preview:large, max-video-preview:-1\" \/>\n<link rel=\"canonical\" href=\"https:\/\/www.renouvelle.be\/fr\/flex-my-heat-pompes-a-chaleur-intelligentes\/\" \/>\n<meta property=\"og:locale\" content=\"fr_FR\" \/>\n<meta property=\"og:type\" content=\"article\" \/>\n<meta property=\"og:title\" content=\"FlexMyHeat\u00a0: la pompe \u00e0 chaleur pour all\u00e9ger le r\u00e9seau \u00e9lectrique - Renouvelle\" \/>\n<meta property=\"og:description\" content=\"Et si on pouvait piloter intelligemment les pompes \u00e0 chaleur pour soulager le r\u00e9seau \u00e9lectrique en Belgique ? C&#039;est le projet FlexMyHeat !\" \/>\n<meta property=\"og:url\" content=\"https:\/\/www.renouvelle.be\/fr\/flex-my-heat-pompes-a-chaleur-intelligentes\/\" \/>\n<meta property=\"og:site_name\" content=\"Renouvelle\" \/>\n<meta property=\"article:published_time\" content=\"2025-09-10T13:51:08+00:00\" \/>\n<meta property=\"article:modified_time\" content=\"2025-10-07T08:19:07+00:00\" \/>\n<meta property=\"og:image\" content=\"https:\/\/www.renouvelle.be\/wp-content\/uploads\/2025\/09\/iStock-1365611282.jpg\" \/>\n\t<meta property=\"og:image:width\" content=\"2121\" \/>\n\t<meta property=\"og:image:height\" content=\"1414\" \/>\n\t<meta property=\"og:image:type\" content=\"image\/jpeg\" \/>\n<meta name=\"author\" content=\"Olivier BOVEROUX\" \/>\n<meta name=\"twitter:card\" content=\"summary_large_image\" \/>\n<script type=\"application\/ld+json\" class=\"yoast-schema-graph\">{\"@context\":\"https:\\\/\\\/schema.org\",\"@graph\":[{\"@type\":\"Article\",\"@id\":\"https:\\\/\\\/www.renouvelle.be\\\/fr\\\/flex-my-heat-pompes-a-chaleur-intelligentes\\\/#article\",\"isPartOf\":{\"@id\":\"https:\\\/\\\/www.renouvelle.be\\\/fr\\\/flex-my-heat-pompes-a-chaleur-intelligentes\\\/\"},\"author\":{\"name\":\"Olivier BOVEROUX\",\"@id\":\"https:\\\/\\\/www.renouvelle.be\\\/fr\\\/#\\\/schema\\\/person\\\/339d070b54005d1c9bb9996bc1f6f7c9\"},\"headline\":\"FlexMyHeat\u00a0: la pompe \u00e0 chaleur pour all\u00e9ger le r\u00e9seau \u00e9lectrique\",\"datePublished\":\"2025-09-10T13:51:08+00:00\",\"dateModified\":\"2025-10-07T08:19:07+00:00\",\"mainEntityOfPage\":{\"@id\":\"https:\\\/\\\/www.renouvelle.be\\\/fr\\\/flex-my-heat-pompes-a-chaleur-intelligentes\\\/\"},\"wordCount\":700,\"image\":{\"@id\":\"https:\\\/\\\/www.renouvelle.be\\\/fr\\\/flex-my-heat-pompes-a-chaleur-intelligentes\\\/#primaryimage\"},\"thumbnailUrl\":\"https:\\\/\\\/www.renouvelle.be\\\/wp-content\\\/uploads\\\/2025\\\/09\\\/iStock-1365611282.jpg\",\"articleSection\":[\"Actualit\u00e9\",\"Actualit\u00e9 en Belgique\"],\"inLanguage\":\"fr-FR\"},{\"@type\":\"WebPage\",\"@id\":\"https:\\\/\\\/www.renouvelle.be\\\/fr\\\/flex-my-heat-pompes-a-chaleur-intelligentes\\\/\",\"url\":\"https:\\\/\\\/www.renouvelle.be\\\/fr\\\/flex-my-heat-pompes-a-chaleur-intelligentes\\\/\",\"name\":\"FlexMyHeat\u00a0: la pompe \u00e0 chaleur pour all\u00e9ger le r\u00e9seau \u00e9lectrique - Renouvelle\",\"isPartOf\":{\"@id\":\"https:\\\/\\\/www.renouvelle.be\\\/fr\\\/#website\"},\"primaryImageOfPage\":{\"@id\":\"https:\\\/\\\/www.renouvelle.be\\\/fr\\\/flex-my-heat-pompes-a-chaleur-intelligentes\\\/#primaryimage\"},\"image\":{\"@id\":\"https:\\\/\\\/www.renouvelle.be\\\/fr\\\/flex-my-heat-pompes-a-chaleur-intelligentes\\\/#primaryimage\"},\"thumbnailUrl\":\"https:\\\/\\\/www.renouvelle.be\\\/wp-content\\\/uploads\\\/2025\\\/09\\\/iStock-1365611282.jpg\",\"datePublished\":\"2025-09-10T13:51:08+00:00\",\"dateModified\":\"2025-10-07T08:19:07+00:00\",\"author\":{\"@id\":\"https:\\\/\\\/www.renouvelle.be\\\/fr\\\/#\\\/schema\\\/person\\\/339d070b54005d1c9bb9996bc1f6f7c9\"},\"description\":\"Et si on pouvait piloter intelligemment les pompes \u00e0 chaleur pour soulager le r\u00e9seau \u00e9lectrique en Belgique ? C'est le projet FlexMyHeat !\",\"breadcrumb\":{\"@id\":\"https:\\\/\\\/www.renouvelle.be\\\/fr\\\/flex-my-heat-pompes-a-chaleur-intelligentes\\\/#breadcrumb\"},\"inLanguage\":\"fr-FR\",\"potentialAction\":[{\"@type\":\"ReadAction\",\"target\":[\"https:\\\/\\\/www.renouvelle.be\\\/fr\\\/flex-my-heat-pompes-a-chaleur-intelligentes\\\/\"]}]},{\"@type\":\"ImageObject\",\"inLanguage\":\"fr-FR\",\"@id\":\"https:\\\/\\\/www.renouvelle.be\\\/fr\\\/flex-my-heat-pompes-a-chaleur-intelligentes\\\/#primaryimage\",\"url\":\"https:\\\/\\\/www.renouvelle.be\\\/wp-content\\\/uploads\\\/2025\\\/09\\\/iStock-1365611282.jpg\",\"contentUrl\":\"https:\\\/\\\/www.renouvelle.be\\\/wp-content\\\/uploads\\\/2025\\\/09\\\/iStock-1365611282.jpg\",\"width\":2121,\"height\":1414,\"caption\":\"Close Up Of Woman Holding Smart Energy Meter In Kitchen Measuring Domestic Electricity And Gas Use\"},{\"@type\":\"BreadcrumbList\",\"@id\":\"https:\\\/\\\/www.renouvelle.be\\\/fr\\\/flex-my-heat-pompes-a-chaleur-intelligentes\\\/#breadcrumb\",\"itemListElement\":[{\"@type\":\"ListItem\",\"position\":1,\"name\":\"Accueil\",\"item\":\"https:\\\/\\\/www.renouvelle.be\\\/fr\\\/\"},{\"@type\":\"ListItem\",\"position\":2,\"name\":\"FlexMyHeat\u00a0: la pompe \u00e0 chaleur pour all\u00e9ger le r\u00e9seau \u00e9lectrique\"}]},{\"@type\":\"WebSite\",\"@id\":\"https:\\\/\\\/www.renouvelle.be\\\/fr\\\/#website\",\"url\":\"https:\\\/\\\/www.renouvelle.be\\\/fr\\\/\",\"name\":\"Renouvelle\",\"description\":\"L&#039;actualit\u00e9 de l&#039;\u00e9nergie durable\",\"potentialAction\":[{\"@type\":\"SearchAction\",\"target\":{\"@type\":\"EntryPoint\",\"urlTemplate\":\"https:\\\/\\\/www.renouvelle.be\\\/fr\\\/?s={search_term_string}\"},\"query-input\":{\"@type\":\"PropertyValueSpecification\",\"valueRequired\":true,\"valueName\":\"search_term_string\"}}],\"inLanguage\":\"fr-FR\"},{\"@type\":\"Person\",\"@id\":\"https:\\\/\\\/www.renouvelle.be\\\/fr\\\/#\\\/schema\\\/person\\\/339d070b54005d1c9bb9996bc1f6f7c9\",\"name\":\"Olivier BOVEROUX\",\"url\":\"https:\\\/\\\/www.renouvelle.be\\\/fr\\\/author\\\/olivier-boveroux\\\/\"}]}<\/script>\n<!-- \/ Yoast SEO plugin. -->","yoast_head_json":{"title":"FlexMyHeat\u00a0: la pompe \u00e0 chaleur pour all\u00e9ger le r\u00e9seau \u00e9lectrique - Renouvelle","description":"Et si on pouvait piloter intelligemment les pompes \u00e0 chaleur pour soulager le r\u00e9seau \u00e9lectrique en Belgique ? C'est le projet FlexMyHeat !","robots":{"index":"index","follow":"follow","max-snippet":"max-snippet:-1","max-image-preview":"max-image-preview:large","max-video-preview":"max-video-preview:-1"},"canonical":"https:\/\/www.renouvelle.be\/fr\/flex-my-heat-pompes-a-chaleur-intelligentes\/","og_locale":"fr_FR","og_type":"article","og_title":"FlexMyHeat\u00a0: la pompe \u00e0 chaleur pour all\u00e9ger le r\u00e9seau \u00e9lectrique - Renouvelle","og_description":"Et si on pouvait piloter intelligemment les pompes \u00e0 chaleur pour soulager le r\u00e9seau \u00e9lectrique en Belgique ? C'est le projet FlexMyHeat !","og_url":"https:\/\/www.renouvelle.be\/fr\/flex-my-heat-pompes-a-chaleur-intelligentes\/","og_site_name":"Renouvelle","article_published_time":"2025-09-10T13:51:08+00:00","article_modified_time":"2025-10-07T08:19:07+00:00","og_image":[{"width":2121,"height":1414,"url":"https:\/\/www.renouvelle.be\/wp-content\/uploads\/2025\/09\/iStock-1365611282.jpg","type":"image\/jpeg"}],"author":"Olivier BOVEROUX","twitter_card":"summary_large_image","schema":{"@context":"https:\/\/schema.org","@graph":[{"@type":"Article","@id":"https:\/\/www.renouvelle.be\/fr\/flex-my-heat-pompes-a-chaleur-intelligentes\/#article","isPartOf":{"@id":"https:\/\/www.renouvelle.be\/fr\/flex-my-heat-pompes-a-chaleur-intelligentes\/"},"author":{"name":"Olivier BOVEROUX","@id":"https:\/\/www.renouvelle.be\/fr\/#\/schema\/person\/339d070b54005d1c9bb9996bc1f6f7c9"},"headline":"FlexMyHeat\u00a0: la pompe \u00e0 chaleur pour all\u00e9ger le r\u00e9seau \u00e9lectrique","datePublished":"2025-09-10T13:51:08+00:00","dateModified":"2025-10-07T08:19:07+00:00","mainEntityOfPage":{"@id":"https:\/\/www.renouvelle.be\/fr\/flex-my-heat-pompes-a-chaleur-intelligentes\/"},"wordCount":700,"image":{"@id":"https:\/\/www.renouvelle.be\/fr\/flex-my-heat-pompes-a-chaleur-intelligentes\/#primaryimage"},"thumbnailUrl":"https:\/\/www.renouvelle.be\/wp-content\/uploads\/2025\/09\/iStock-1365611282.jpg","articleSection":["Actualit\u00e9","Actualit\u00e9 en Belgique"],"inLanguage":"fr-FR"},{"@type":"WebPage","@id":"https:\/\/www.renouvelle.be\/fr\/flex-my-heat-pompes-a-chaleur-intelligentes\/","url":"https:\/\/www.renouvelle.be\/fr\/flex-my-heat-pompes-a-chaleur-intelligentes\/","name":"FlexMyHeat\u00a0: la pompe \u00e0 chaleur pour all\u00e9ger le r\u00e9seau \u00e9lectrique - Renouvelle","isPartOf":{"@id":"https:\/\/www.renouvelle.be\/fr\/#website"},"primaryImageOfPage":{"@id":"https:\/\/www.renouvelle.be\/fr\/flex-my-heat-pompes-a-chaleur-intelligentes\/#primaryimage"},"image":{"@id":"https:\/\/www.renouvelle.be\/fr\/flex-my-heat-pompes-a-chaleur-intelligentes\/#primaryimage"},"thumbnailUrl":"https:\/\/www.renouvelle.be\/wp-content\/uploads\/2025\/09\/iStock-1365611282.jpg","datePublished":"2025-09-10T13:51:08+00:00","dateModified":"2025-10-07T08:19:07+00:00","author":{"@id":"https:\/\/www.renouvelle.be\/fr\/#\/schema\/person\/339d070b54005d1c9bb9996bc1f6f7c9"},"description":"Et si on pouvait piloter intelligemment les pompes \u00e0 chaleur pour soulager le r\u00e9seau \u00e9lectrique en Belgique ? C'est le projet FlexMyHeat !","breadcrumb":{"@id":"https:\/\/www.renouvelle.be\/fr\/flex-my-heat-pompes-a-chaleur-intelligentes\/#breadcrumb"},"inLanguage":"fr-FR","potentialAction":[{"@type":"ReadAction","target":["https:\/\/www.renouvelle.be\/fr\/flex-my-heat-pompes-a-chaleur-intelligentes\/"]}]},{"@type":"ImageObject","inLanguage":"fr-FR","@id":"https:\/\/www.renouvelle.be\/fr\/flex-my-heat-pompes-a-chaleur-intelligentes\/#primaryimage","url":"https:\/\/www.renouvelle.be\/wp-content\/uploads\/2025\/09\/iStock-1365611282.jpg","contentUrl":"https:\/\/www.renouvelle.be\/wp-content\/uploads\/2025\/09\/iStock-1365611282.jpg","width":2121,"height":1414,"caption":"Close Up Of Woman Holding Smart Energy Meter In Kitchen Measuring Domestic Electricity And Gas Use"},{"@type":"BreadcrumbList","@id":"https:\/\/www.renouvelle.be\/fr\/flex-my-heat-pompes-a-chaleur-intelligentes\/#breadcrumb","itemListElement":[{"@type":"ListItem","position":1,"name":"Accueil","item":"https:\/\/www.renouvelle.be\/fr\/"},{"@type":"ListItem","position":2,"name":"FlexMyHeat\u00a0: la pompe \u00e0 chaleur pour all\u00e9ger le r\u00e9seau \u00e9lectrique"}]},{"@type":"WebSite","@id":"https:\/\/www.renouvelle.be\/fr\/#website","url":"https:\/\/www.renouvelle.be\/fr\/","name":"Renouvelle","description":"L&#039;actualit\u00e9 de l&#039;\u00e9nergie durable","potentialAction":[{"@type":"SearchAction","target":{"@type":"EntryPoint","urlTemplate":"https:\/\/www.renouvelle.be\/fr\/?s={search_term_string}"},"query-input":{"@type":"PropertyValueSpecification","valueRequired":true,"valueName":"search_term_string"}}],"inLanguage":"fr-FR"},{"@type":"Person","@id":"https:\/\/www.renouvelle.be\/fr\/#\/schema\/person\/339d070b54005d1c9bb9996bc1f6f7c9","name":"Olivier BOVEROUX","url":"https:\/\/www.renouvelle.be\/fr\/author\/olivier-boveroux\/"}]}},"_links":{"self":[{"href":"https:\/\/www.renouvelle.be\/fr\/wp-json\/wp\/v2\/posts\/15613","targetHints":{"allow":["GET"]}}],"collection":[{"href":"https:\/\/www.renouvelle.be\/fr\/wp-json\/wp\/v2\/posts"}],"about":[{"href":"https:\/\/www.renouvelle.be\/fr\/wp-json\/wp\/v2\/types\/post"}],"author":[{"embeddable":true,"href":"https:\/\/www.renouvelle.be\/fr\/wp-json\/wp\/v2\/users\/34"}],"replies":[{"embeddable":true,"href":"https:\/\/www.renouvelle.be\/fr\/wp-json\/wp\/v2\/comments?post=15613"}],"version-history":[{"count":11,"href":"https:\/\/www.renouvelle.be\/fr\/wp-json\/wp\/v2\/posts\/15613\/revisions"}],"predecessor-version":[{"id":15729,"href":"https:\/\/www.renouvelle.be\/fr\/wp-json\/wp\/v2\/posts\/15613\/revisions\/15729"}],"wp:featuredmedia":[{"embeddable":true,"href":"https:\/\/www.renouvelle.be\/fr\/wp-json\/wp\/v2\/media\/15615"}],"wp:attachment":[{"href":"https:\/\/www.renouvelle.be\/fr\/wp-json\/wp\/v2\/media?parent=15613"}],"wp:term":[{"taxonomy":"category","embeddable":true,"href":"https:\/\/www.renouvelle.be\/fr\/wp-json\/wp\/v2\/categories?post=15613"},{"taxonomy":"post_tag","embeddable":true,"href":"https:\/\/www.renouvelle.be\/fr\/wp-json\/wp\/v2\/tags?post=15613"},{"taxonomy":"section","embeddable":true,"href":"https:\/\/www.renouvelle.be\/fr\/wp-json\/wp\/v2\/section?post=15613"}],"curies":[{"name":"wp","href":"https:\/\/api.w.org\/{rel}","templated":true}]}}