{"id":15599,"date":"2025-09-16T10:09:39","date_gmt":"2025-09-16T08:09:39","guid":{"rendered":"https:\/\/www.renouvelle.be\/?p=15599"},"modified":"2025-09-16T10:13:55","modified_gmt":"2025-09-16T08:13:55","slug":"pompes-a-chaleur-un-marche-stable-malgre-un-recul-en-europe","status":"publish","type":"post","link":"https:\/\/www.renouvelle.be\/fr\/pompes-a-chaleur-un-marche-stable-malgre-un-recul-en-europe\/","title":{"rendered":"Pompes \u00e0 chaleur : un march\u00e9 stable malgr\u00e9 un recul en Europe"},"content":{"rendered":"\n<p>C\u2019est le constat partag\u00e9 par l\u2019EHPA (European Heat Pump Association) plus t\u00f4t cette ann\u00e9e\u00a0: en 2024, les ventes de pompes \u00e0 chaleur (PAC) ont d\u00e9gringol\u00e9 de 23% sur le march\u00e9 de 13 pays de l\u2019UE (repr\u00e9sentant pas moins de 85% du march\u00e9 europ\u00e9en). Certains pays ont \u00e9t\u00e9 plus lourdement touch\u00e9s par ces diminutions comme la Belgique avec -52% ou encore l\u2019Allemagne et le Danemark qui ont connu, chacun, une chute de 48%. Si on ne se concentre que sur ce point de vue, tout semble catastrophique mais il y a aussi des signaux positifs \u00e0 l\u2019image du <a href=\"https:\/\/www.renouvelle.be\/fr\/royaume-uni-les-panneaux-solaires-obligatoires-pour-les-nouvelles-maisons\/\" target=\"_blank\" rel=\"noreferrer noopener\">Royaume-Uni<\/a> qui a enregistr\u00e9 une hausse de 60% des ventes. Et cela, gr\u00e2ce \u00e0 des politiques publiques ambitieuses.<\/p>\n\n\n\n<p>M\u00eame si 2024 n\u2019a pas \u00e9t\u00e9 le meilleur des crus, cela ne veut pas pour autant dire que l\u2019\u00e9volution du secteur des pompes \u00e0 chaleur a subi un grave retour en arri\u00e8re. Comme nous le partage l\u2019<a href=\"https:\/\/www.ehpa.org\/\" target=\"_blank\" rel=\"noreferrer noopener\">EHPA<\/a>, elles grignotent, doucement mais surement, des parts de march\u00e9 aux syst\u00e8mes de chauffage traditionnels depuis dix ans.<\/p>\n\n\n\n<p>\u00c0 quelques points du pic de 2023 qui avait atteint 31,6% de part de march\u00e9 du chauffage r\u00e9sidentiel, les PAC conservaient 28% l\u2019ann\u00e9e pass\u00e9e. Un r\u00e9sultat qui reste sup\u00e9rieur de 6% par rapport \u00e0 2021pour un nombre de ventes similaire.<\/p>\n\n\n\n<p>Et en passant \u00e0 la loupe les chiffres des 19 pays repris dans l\u2019analyse, on remarque que plus de 90% des parts de march\u00e9 du chauffage r\u00e9sidentiel sont couvertes par les pompes \u00e0 chaleur en Norv\u00e8ge, en Su\u00e8de et en Finlande. D\u2019autres ont d\u00e9pass\u00e9 la barre des 40% de ventes annuelles comme la France, l\u2019Autriche ou encore le Portugal.<\/p>\n\n\n\n<p>Au niveau du type de syst\u00e8me, ce sont les pompes air-air qui ont \u00e9t\u00e9 pl\u00e9biscit\u00e9es en 2024 avec 875 000 unit\u00e9s vendues. Surprenant&nbsp;? Pas vraiment \u00e9tant donn\u00e9 que la technologie assure et le chauffage et la climatisation, un argument fort attractif pour les consommateurs.<\/p>\n\n\n\n<p>En <a href=\"https:\/\/www.renouvelle.be\/fr\/belgique-pompes-a-chaleur-16-pourcent-2025\/\" target=\"_blank\" rel=\"noreferrer noopener\">Belgique<\/a>, les ventes sont reparties \u00e0 la hausse comme l\u2019ont montr\u00e9 les chiffres pour le premier semestre 2025.<\/p>\n","protected":false},"excerpt":{"rendered":"<p>C\u2019est le constat partag\u00e9 par l\u2019EHPA (European Heat Pump Association) plus t\u00f4t cette ann\u00e9e\u00a0: en 2024, les ventes de pompes \u00e0 chaleur (PAC) ont d\u00e9gringol\u00e9 de 23% sur le march\u00e9 de 13 pays de l\u2019UE (repr\u00e9sentant pas moins de 85% du march\u00e9 europ\u00e9en). Certains pays ont \u00e9t\u00e9 plus lourdement touch\u00e9s par ces diminutions comme la Belgique avec -52% ou encore l\u2019Allemagne et le Danemark qui ont connu, chacun, une chute de 48%. Si on ne se concentre que sur ce point de vue, tout semble catastrophique mais il y a aussi des signaux positifs \u00e0 l\u2019image du Royaume-Uni qui a enregistr\u00e9 une hausse de 60% des ventes. Et cela, gr\u00e2ce \u00e0 des politiques publiques ambitieuses. M\u00eame si 2024 n\u2019a pas \u00e9t\u00e9 le meilleur des crus, cela ne veut pas pour autant dire que l\u2019\u00e9volution du secteur des pompes \u00e0 chaleur a subi un grave retour en arri\u00e8re. Comme nous le partage l\u2019EHPA, elles grignotent, doucement mais surement, des parts de march\u00e9 aux syst\u00e8mes de chauffage traditionnels depuis dix ans. \u00c0 quelques points du pic de 2023 qui avait atteint 31,6% de part de march\u00e9 du chauffage r\u00e9sidentiel, les PAC conservaient 28% l\u2019ann\u00e9e pass\u00e9e. Un r\u00e9sultat qui reste sup\u00e9rieur de 6% par rapport \u00e0 2021pour un nombre de ventes similaire. Et en passant \u00e0 la loupe les chiffres des 19 pays repris dans l\u2019analyse, on remarque que plus de 90% des parts de march\u00e9 du chauffage r\u00e9sidentiel sont couvertes par les pompes \u00e0 chaleur en Norv\u00e8ge, en Su\u00e8de et en Finlande. D\u2019autres ont d\u00e9pass\u00e9 la barre des 40% de ventes annuelles comme la France, l\u2019Autriche ou encore le Portugal. Au niveau du type de syst\u00e8me, ce sont les pompes air-air qui ont \u00e9t\u00e9 pl\u00e9biscit\u00e9es en 2024 avec 875 000 unit\u00e9s vendues. &hellip; <a href=\"https:\/\/www.renouvelle.be\/fr\/pompes-a-chaleur-un-marche-stable-malgre-un-recul-en-europe\/\" class=\"more-link\">Continue reading<span class=\"screen-reader-text\"> \u00ab\u00a0Pompes \u00e0 chaleur : un march\u00e9 stable malgr\u00e9 un recul en Europe\u00a0\u00bb<\/span><\/a><\/p>\n","protected":false},"author":38,"featured_media":15609,"comment_status":"closed","ping_status":"closed","sticky":false,"template":"","format":"standard","meta":{"_acf_changed":false,"footnotes":""},"categories":[],"tags":[],"section":[8,9],"class_list":["post-15599","post","type-post","status-publish","format-standard","has-post-thumbnail","hentry","section-energie-renouvelables","section-geothermie-pac"],"acf":[],"yoast_head":"<!-- This site is optimized with the Yoast SEO plugin v27.5 - https:\/\/yoast.com\/product\/yoast-seo-wordpress\/ -->\n<title>Pompes \u00e0 chaleur : un march\u00e9 stable malgr\u00e9 un recul en Europe - Renouvelle<\/title>\n<meta name=\"description\" content=\"Malgr\u00e9 un ralentissement des ventes de pompes \u00e0 chaleur en Europe en 2024, le secteur conserve de la stabilit\u00e9.\" \/>\n<meta name=\"robots\" content=\"index, follow, max-snippet:-1, max-image-preview:large, max-video-preview:-1\" \/>\n<link rel=\"canonical\" href=\"https:\/\/www.renouvelle.be\/fr\/pompes-a-chaleur-un-marche-stable-malgre-un-recul-en-europe\/\" \/>\n<meta property=\"og:locale\" content=\"fr_FR\" \/>\n<meta property=\"og:type\" content=\"article\" \/>\n<meta property=\"og:title\" content=\"Pompes \u00e0 chaleur : un march\u00e9 stable malgr\u00e9 un recul en Europe - Renouvelle\" \/>\n<meta property=\"og:description\" content=\"Malgr\u00e9 un ralentissement des ventes de pompes \u00e0 chaleur en Europe en 2024, le secteur conserve de la stabilit\u00e9.\" \/>\n<meta property=\"og:url\" content=\"https:\/\/www.renouvelle.be\/fr\/pompes-a-chaleur-un-marche-stable-malgre-un-recul-en-europe\/\" \/>\n<meta property=\"og:site_name\" content=\"Renouvelle\" \/>\n<meta property=\"article:published_time\" content=\"2025-09-16T08:09:39+00:00\" \/>\n<meta property=\"article:modified_time\" content=\"2025-09-16T08:13:55+00:00\" \/>\n<meta property=\"og:image\" content=\"https:\/\/www.renouvelle.be\/wp-content\/uploads\/2025\/09\/AdobeStock_134445560-scaled-e1757413607218.jpeg\" \/>\n\t<meta property=\"og:image:width\" content=\"2560\" \/>\n\t<meta property=\"og:image:height\" content=\"1710\" \/>\n\t<meta property=\"og:image:type\" content=\"image\/jpeg\" \/>\n<meta name=\"author\" content=\"Samuel Alves\" \/>\n<meta name=\"twitter:card\" content=\"summary_large_image\" \/>\n<script type=\"application\/ld+json\" class=\"yoast-schema-graph\">{\"@context\":\"https:\\\/\\\/schema.org\",\"@graph\":[{\"@type\":\"Article\",\"@id\":\"https:\\\/\\\/www.renouvelle.be\\\/fr\\\/pompes-a-chaleur-un-marche-stable-malgre-un-recul-en-europe\\\/#article\",\"isPartOf\":{\"@id\":\"https:\\\/\\\/www.renouvelle.be\\\/fr\\\/pompes-a-chaleur-un-marche-stable-malgre-un-recul-en-europe\\\/\"},\"author\":{\"name\":\"Samuel Alves\",\"@id\":\"https:\\\/\\\/www.renouvelle.be\\\/fr\\\/#\\\/schema\\\/person\\\/9d743366fb269eeceaa8d60e98d289d3\"},\"headline\":\"Pompes \u00e0 chaleur : un march\u00e9 stable malgr\u00e9 un recul en Europe\",\"datePublished\":\"2025-09-16T08:09:39+00:00\",\"dateModified\":\"2025-09-16T08:13:55+00:00\",\"mainEntityOfPage\":{\"@id\":\"https:\\\/\\\/www.renouvelle.be\\\/fr\\\/pompes-a-chaleur-un-marche-stable-malgre-un-recul-en-europe\\\/\"},\"wordCount\":351,\"image\":{\"@id\":\"https:\\\/\\\/www.renouvelle.be\\\/fr\\\/pompes-a-chaleur-un-marche-stable-malgre-un-recul-en-europe\\\/#primaryimage\"},\"thumbnailUrl\":\"https:\\\/\\\/www.renouvelle.be\\\/wp-content\\\/uploads\\\/2025\\\/09\\\/AdobeStock_134445560-scaled-e1757413607218.jpeg\",\"inLanguage\":\"fr-FR\"},{\"@type\":\"WebPage\",\"@id\":\"https:\\\/\\\/www.renouvelle.be\\\/fr\\\/pompes-a-chaleur-un-marche-stable-malgre-un-recul-en-europe\\\/\",\"url\":\"https:\\\/\\\/www.renouvelle.be\\\/fr\\\/pompes-a-chaleur-un-marche-stable-malgre-un-recul-en-europe\\\/\",\"name\":\"Pompes \u00e0 chaleur : un march\u00e9 stable malgr\u00e9 un recul en Europe - Renouvelle\",\"isPartOf\":{\"@id\":\"https:\\\/\\\/www.renouvelle.be\\\/fr\\\/#website\"},\"primaryImageOfPage\":{\"@id\":\"https:\\\/\\\/www.renouvelle.be\\\/fr\\\/pompes-a-chaleur-un-marche-stable-malgre-un-recul-en-europe\\\/#primaryimage\"},\"image\":{\"@id\":\"https:\\\/\\\/www.renouvelle.be\\\/fr\\\/pompes-a-chaleur-un-marche-stable-malgre-un-recul-en-europe\\\/#primaryimage\"},\"thumbnailUrl\":\"https:\\\/\\\/www.renouvelle.be\\\/wp-content\\\/uploads\\\/2025\\\/09\\\/AdobeStock_134445560-scaled-e1757413607218.jpeg\",\"datePublished\":\"2025-09-16T08:09:39+00:00\",\"dateModified\":\"2025-09-16T08:13:55+00:00\",\"author\":{\"@id\":\"https:\\\/\\\/www.renouvelle.be\\\/fr\\\/#\\\/schema\\\/person\\\/9d743366fb269eeceaa8d60e98d289d3\"},\"description\":\"Malgr\u00e9 un ralentissement des ventes de pompes \u00e0 chaleur en Europe en 2024, le secteur conserve de la stabilit\u00e9.\",\"breadcrumb\":{\"@id\":\"https:\\\/\\\/www.renouvelle.be\\\/fr\\\/pompes-a-chaleur-un-marche-stable-malgre-un-recul-en-europe\\\/#breadcrumb\"},\"inLanguage\":\"fr-FR\",\"potentialAction\":[{\"@type\":\"ReadAction\",\"target\":[\"https:\\\/\\\/www.renouvelle.be\\\/fr\\\/pompes-a-chaleur-un-marche-stable-malgre-un-recul-en-europe\\\/\"]}]},{\"@type\":\"ImageObject\",\"inLanguage\":\"fr-FR\",\"@id\":\"https:\\\/\\\/www.renouvelle.be\\\/fr\\\/pompes-a-chaleur-un-marche-stable-malgre-un-recul-en-europe\\\/#primaryimage\",\"url\":\"https:\\\/\\\/www.renouvelle.be\\\/wp-content\\\/uploads\\\/2025\\\/09\\\/AdobeStock_134445560-scaled-e1757413607218.jpeg\",\"contentUrl\":\"https:\\\/\\\/www.renouvelle.be\\\/wp-content\\\/uploads\\\/2025\\\/09\\\/AdobeStock_134445560-scaled-e1757413607218.jpeg\",\"width\":2560,\"height\":1710,\"caption\":\"pompes \u00e0 chaleur en Europe\"},{\"@type\":\"BreadcrumbList\",\"@id\":\"https:\\\/\\\/www.renouvelle.be\\\/fr\\\/pompes-a-chaleur-un-marche-stable-malgre-un-recul-en-europe\\\/#breadcrumb\",\"itemListElement\":[{\"@type\":\"ListItem\",\"position\":1,\"name\":\"Accueil\",\"item\":\"https:\\\/\\\/www.renouvelle.be\\\/fr\\\/\"},{\"@type\":\"ListItem\",\"position\":2,\"name\":\"Pompes \u00e0 chaleur : un march\u00e9 stable malgr\u00e9 un recul en Europe\"}]},{\"@type\":\"WebSite\",\"@id\":\"https:\\\/\\\/www.renouvelle.be\\\/fr\\\/#website\",\"url\":\"https:\\\/\\\/www.renouvelle.be\\\/fr\\\/\",\"name\":\"Renouvelle\",\"description\":\"L&#039;actualit\u00e9 de l&#039;\u00e9nergie durable\",\"potentialAction\":[{\"@type\":\"SearchAction\",\"target\":{\"@type\":\"EntryPoint\",\"urlTemplate\":\"https:\\\/\\\/www.renouvelle.be\\\/fr\\\/?s={search_term_string}\"},\"query-input\":{\"@type\":\"PropertyValueSpecification\",\"valueRequired\":true,\"valueName\":\"search_term_string\"}}],\"inLanguage\":\"fr-FR\"},{\"@type\":\"Person\",\"@id\":\"https:\\\/\\\/www.renouvelle.be\\\/fr\\\/#\\\/schema\\\/person\\\/9d743366fb269eeceaa8d60e98d289d3\",\"name\":\"Samuel Alves\",\"url\":\"https:\\\/\\\/www.renouvelle.be\\\/fr\\\/author\\\/salves\\\/\"}]}<\/script>\n<!-- \/ Yoast SEO plugin. -->","yoast_head_json":{"title":"Pompes \u00e0 chaleur : un march\u00e9 stable malgr\u00e9 un recul en Europe - Renouvelle","description":"Malgr\u00e9 un ralentissement des ventes de pompes \u00e0 chaleur en Europe en 2024, le secteur conserve de la stabilit\u00e9.","robots":{"index":"index","follow":"follow","max-snippet":"max-snippet:-1","max-image-preview":"max-image-preview:large","max-video-preview":"max-video-preview:-1"},"canonical":"https:\/\/www.renouvelle.be\/fr\/pompes-a-chaleur-un-marche-stable-malgre-un-recul-en-europe\/","og_locale":"fr_FR","og_type":"article","og_title":"Pompes \u00e0 chaleur : un march\u00e9 stable malgr\u00e9 un recul en Europe - Renouvelle","og_description":"Malgr\u00e9 un ralentissement des ventes de pompes \u00e0 chaleur en Europe en 2024, le secteur conserve de la stabilit\u00e9.","og_url":"https:\/\/www.renouvelle.be\/fr\/pompes-a-chaleur-un-marche-stable-malgre-un-recul-en-europe\/","og_site_name":"Renouvelle","article_published_time":"2025-09-16T08:09:39+00:00","article_modified_time":"2025-09-16T08:13:55+00:00","og_image":[{"width":2560,"height":1710,"url":"https:\/\/www.renouvelle.be\/wp-content\/uploads\/2025\/09\/AdobeStock_134445560-scaled-e1757413607218.jpeg","type":"image\/jpeg"}],"author":"Samuel Alves","twitter_card":"summary_large_image","schema":{"@context":"https:\/\/schema.org","@graph":[{"@type":"Article","@id":"https:\/\/www.renouvelle.be\/fr\/pompes-a-chaleur-un-marche-stable-malgre-un-recul-en-europe\/#article","isPartOf":{"@id":"https:\/\/www.renouvelle.be\/fr\/pompes-a-chaleur-un-marche-stable-malgre-un-recul-en-europe\/"},"author":{"name":"Samuel Alves","@id":"https:\/\/www.renouvelle.be\/fr\/#\/schema\/person\/9d743366fb269eeceaa8d60e98d289d3"},"headline":"Pompes \u00e0 chaleur : un march\u00e9 stable malgr\u00e9 un recul en Europe","datePublished":"2025-09-16T08:09:39+00:00","dateModified":"2025-09-16T08:13:55+00:00","mainEntityOfPage":{"@id":"https:\/\/www.renouvelle.be\/fr\/pompes-a-chaleur-un-marche-stable-malgre-un-recul-en-europe\/"},"wordCount":351,"image":{"@id":"https:\/\/www.renouvelle.be\/fr\/pompes-a-chaleur-un-marche-stable-malgre-un-recul-en-europe\/#primaryimage"},"thumbnailUrl":"https:\/\/www.renouvelle.be\/wp-content\/uploads\/2025\/09\/AdobeStock_134445560-scaled-e1757413607218.jpeg","inLanguage":"fr-FR"},{"@type":"WebPage","@id":"https:\/\/www.renouvelle.be\/fr\/pompes-a-chaleur-un-marche-stable-malgre-un-recul-en-europe\/","url":"https:\/\/www.renouvelle.be\/fr\/pompes-a-chaleur-un-marche-stable-malgre-un-recul-en-europe\/","name":"Pompes \u00e0 chaleur : un march\u00e9 stable malgr\u00e9 un recul en Europe - Renouvelle","isPartOf":{"@id":"https:\/\/www.renouvelle.be\/fr\/#website"},"primaryImageOfPage":{"@id":"https:\/\/www.renouvelle.be\/fr\/pompes-a-chaleur-un-marche-stable-malgre-un-recul-en-europe\/#primaryimage"},"image":{"@id":"https:\/\/www.renouvelle.be\/fr\/pompes-a-chaleur-un-marche-stable-malgre-un-recul-en-europe\/#primaryimage"},"thumbnailUrl":"https:\/\/www.renouvelle.be\/wp-content\/uploads\/2025\/09\/AdobeStock_134445560-scaled-e1757413607218.jpeg","datePublished":"2025-09-16T08:09:39+00:00","dateModified":"2025-09-16T08:13:55+00:00","author":{"@id":"https:\/\/www.renouvelle.be\/fr\/#\/schema\/person\/9d743366fb269eeceaa8d60e98d289d3"},"description":"Malgr\u00e9 un ralentissement des ventes de pompes \u00e0 chaleur en Europe en 2024, le secteur conserve de la stabilit\u00e9.","breadcrumb":{"@id":"https:\/\/www.renouvelle.be\/fr\/pompes-a-chaleur-un-marche-stable-malgre-un-recul-en-europe\/#breadcrumb"},"inLanguage":"fr-FR","potentialAction":[{"@type":"ReadAction","target":["https:\/\/www.renouvelle.be\/fr\/pompes-a-chaleur-un-marche-stable-malgre-un-recul-en-europe\/"]}]},{"@type":"ImageObject","inLanguage":"fr-FR","@id":"https:\/\/www.renouvelle.be\/fr\/pompes-a-chaleur-un-marche-stable-malgre-un-recul-en-europe\/#primaryimage","url":"https:\/\/www.renouvelle.be\/wp-content\/uploads\/2025\/09\/AdobeStock_134445560-scaled-e1757413607218.jpeg","contentUrl":"https:\/\/www.renouvelle.be\/wp-content\/uploads\/2025\/09\/AdobeStock_134445560-scaled-e1757413607218.jpeg","width":2560,"height":1710,"caption":"pompes \u00e0 chaleur en Europe"},{"@type":"BreadcrumbList","@id":"https:\/\/www.renouvelle.be\/fr\/pompes-a-chaleur-un-marche-stable-malgre-un-recul-en-europe\/#breadcrumb","itemListElement":[{"@type":"ListItem","position":1,"name":"Accueil","item":"https:\/\/www.renouvelle.be\/fr\/"},{"@type":"ListItem","position":2,"name":"Pompes \u00e0 chaleur : un march\u00e9 stable malgr\u00e9 un recul en Europe"}]},{"@type":"WebSite","@id":"https:\/\/www.renouvelle.be\/fr\/#website","url":"https:\/\/www.renouvelle.be\/fr\/","name":"Renouvelle","description":"L&#039;actualit\u00e9 de l&#039;\u00e9nergie durable","potentialAction":[{"@type":"SearchAction","target":{"@type":"EntryPoint","urlTemplate":"https:\/\/www.renouvelle.be\/fr\/?s={search_term_string}"},"query-input":{"@type":"PropertyValueSpecification","valueRequired":true,"valueName":"search_term_string"}}],"inLanguage":"fr-FR"},{"@type":"Person","@id":"https:\/\/www.renouvelle.be\/fr\/#\/schema\/person\/9d743366fb269eeceaa8d60e98d289d3","name":"Samuel Alves","url":"https:\/\/www.renouvelle.be\/fr\/author\/salves\/"}]}},"_links":{"self":[{"href":"https:\/\/www.renouvelle.be\/fr\/wp-json\/wp\/v2\/posts\/15599","targetHints":{"allow":["GET"]}}],"collection":[{"href":"https:\/\/www.renouvelle.be\/fr\/wp-json\/wp\/v2\/posts"}],"about":[{"href":"https:\/\/www.renouvelle.be\/fr\/wp-json\/wp\/v2\/types\/post"}],"author":[{"embeddable":true,"href":"https:\/\/www.renouvelle.be\/fr\/wp-json\/wp\/v2\/users\/38"}],"replies":[{"embeddable":true,"href":"https:\/\/www.renouvelle.be\/fr\/wp-json\/wp\/v2\/comments?post=15599"}],"version-history":[{"count":11,"href":"https:\/\/www.renouvelle.be\/fr\/wp-json\/wp\/v2\/posts\/15599\/revisions"}],"predecessor-version":[{"id":15635,"href":"https:\/\/www.renouvelle.be\/fr\/wp-json\/wp\/v2\/posts\/15599\/revisions\/15635"}],"wp:featuredmedia":[{"embeddable":true,"href":"https:\/\/www.renouvelle.be\/fr\/wp-json\/wp\/v2\/media\/15609"}],"wp:attachment":[{"href":"https:\/\/www.renouvelle.be\/fr\/wp-json\/wp\/v2\/media?parent=15599"}],"wp:term":[{"taxonomy":"category","embeddable":true,"href":"https:\/\/www.renouvelle.be\/fr\/wp-json\/wp\/v2\/categories?post=15599"},{"taxonomy":"post_tag","embeddable":true,"href":"https:\/\/www.renouvelle.be\/fr\/wp-json\/wp\/v2\/tags?post=15599"},{"taxonomy":"section","embeddable":true,"href":"https:\/\/www.renouvelle.be\/fr\/wp-json\/wp\/v2\/section?post=15599"}],"curies":[{"name":"wp","href":"https:\/\/api.w.org\/{rel}","templated":true}]}}