{"id":15581,"date":"2025-09-09T09:16:14","date_gmt":"2025-09-09T07:16:14","guid":{"rendered":"https:\/\/www.renouvelle.be\/?p=15581"},"modified":"2025-09-09T09:16:16","modified_gmt":"2025-09-09T07:16:16","slug":"eolien-offshore-83-gw-gwec","status":"publish","type":"post","link":"https:\/\/www.renouvelle.be\/fr\/eolien-offshore-83-gw-gwec\/","title":{"rendered":"L\u2019\u00e9olien offshore mondial atteint 83 GW de capacit\u00e9 install\u00e9e"},"content":{"rendered":"\n<p>Avec 83 GW de capacit\u00e9 totale install\u00e9e \u00e0 travers le globe, l\u2019\u00e9olien offshore offre d\u00e9sormais de quoi alimenter en \u00e9lectricit\u00e9 73 millions de foyers \u00e0 travers le monde. Mais ce n\u2019est pas tout puisque, pour l\u2019ann\u00e9e 2025, 56 GW de nouveaux projets ont d\u00e9j\u00e0 \u00e9t\u00e9 attribu\u00e9s lors d\u2019ench\u00e8res publiques et 48 GW sont d\u2019ores et d\u00e9j\u00e0 en construction.<\/p>\n\n\n\n<p>Selon les pr\u00e9visions du GWEC, les installations \u00e9oliennes offshore annuelles devraient passer de 8 GW en 2024 \u00e0 34 GW en 2030. Malgr\u00e9 cela, il est essentiel de souligner que les estimations \u00e0 court terme pour 2024 ont \u00e9t\u00e9 inf\u00e9rieures de 24 %, un r\u00e9sultat d\u00fb notamment aux politiques d\u00e9favorables concernant les \u00e9nergies renouvelables aux \u00c9tats-Unis, mais aussi \u00e0 des \u00e9checs d\u2019attribution de march\u00e9s au Danemark et au Royaume-Uni.<\/p>\n\n\n\n<p>Dans l\u2019\u00e9tat actuel des choses, les hausses annuelles devraient atteindre 28 % jusqu\u2019en 2029 et 15 % jusqu\u2019en 2034. \u00c0 ce rythme, le secteur de l\u2019\u00e9olien offshore devrait donc d\u00e9passer les caps des 30 GW annuels en 2030 et des 50 GW en 2033.<\/p>\n\n\n\n<p>Comme on le sait, la <a href=\"https:\/\/www.renouvelle.be\/fr\/en-chine-baisse-des-emissions-de-co2-au-premier-trimestre-2025\/\" target=\"_blank\" rel=\"noreferrer noopener\">Chine<\/a> s\u2019est fortement d\u00e9velopp\u00e9e sur le plan des \u00e9nergies renouvelables ces derni\u00e8res ann\u00e9es et c\u2019est donc sans r\u00e9elle surprise qu\u2019elle arrive en t\u00eate du classement mondial des nouvelles installations offshore (pour la septi\u00e8me ann\u00e9e cons\u00e9cutive). Elle est suivie du Royaume-Uni, de Ta\u00efwan, de l\u2019Allemagne et de la France.<\/p>\n\n\n\n<p>La Chine et l\u2019Europe devraient mener la course \u00e0 l\u2019ajout de capacit\u00e9, bien que leurs parts de march\u00e9 respectives en termes d\u2019installations cumul\u00e9es devraient diminuer, r\u00e9sultant de la croissance de celles de l\u2019Asie-Pacifique, de l\u2019Am\u00e9rique du Nord et de l\u2019Am\u00e9rique latine.<\/p>\n\n\n\n<p>Le rapport complet du GWEC est \u00e0 retrouver sur ce <a href=\"https:\/\/www.gwec.net\/reports\/globaloffshorewindreport\" target=\"_blank\" rel=\"noreferrer noopener\">lien<\/a>.<\/p>\n","protected":false},"excerpt":{"rendered":"<p>Avec 83 GW de capacit\u00e9 totale install\u00e9e \u00e0 travers le globe, l\u2019\u00e9olien offshore offre d\u00e9sormais de quoi alimenter en \u00e9lectricit\u00e9 73 millions de foyers \u00e0 travers le monde. Mais ce n\u2019est pas tout puisque, pour l\u2019ann\u00e9e 2025, 56 GW de nouveaux projets ont d\u00e9j\u00e0 \u00e9t\u00e9 attribu\u00e9s lors d\u2019ench\u00e8res publiques et 48 GW sont d\u2019ores et d\u00e9j\u00e0 en construction. Selon les pr\u00e9visions du GWEC, les installations \u00e9oliennes offshore annuelles devraient passer de 8 GW en 2024 \u00e0 34 GW en 2030. Malgr\u00e9 cela, il est essentiel de souligner que les estimations \u00e0 court terme pour 2024 ont \u00e9t\u00e9 inf\u00e9rieures de 24 %, un r\u00e9sultat d\u00fb notamment aux politiques d\u00e9favorables concernant les \u00e9nergies renouvelables aux \u00c9tats-Unis, mais aussi \u00e0 des \u00e9checs d\u2019attribution de march\u00e9s au Danemark et au Royaume-Uni. Dans l\u2019\u00e9tat actuel des choses, les hausses annuelles devraient atteindre 28 % jusqu\u2019en 2029 et 15 % jusqu\u2019en 2034. \u00c0 ce rythme, le secteur de l\u2019\u00e9olien offshore devrait donc d\u00e9passer les caps des 30 GW annuels en 2030 et des 50 GW en 2033. Comme on le sait, la Chine s\u2019est fortement d\u00e9velopp\u00e9e sur le plan des \u00e9nergies renouvelables ces derni\u00e8res ann\u00e9es et c\u2019est donc sans r\u00e9elle surprise qu\u2019elle arrive en t\u00eate du classement mondial des nouvelles installations offshore (pour la septi\u00e8me ann\u00e9e cons\u00e9cutive). Elle est suivie du Royaume-Uni, de Ta\u00efwan, de l\u2019Allemagne et de la France. La Chine et l\u2019Europe devraient mener la course \u00e0 l\u2019ajout de capacit\u00e9, bien que leurs parts de march\u00e9 respectives en termes d\u2019installations cumul\u00e9es devraient diminuer, r\u00e9sultant de la croissance de celles de l\u2019Asie-Pacifique, de l\u2019Am\u00e9rique du Nord et de l\u2019Am\u00e9rique latine. Le rapport complet du GWEC est \u00e0 retrouver sur ce lien.<\/p>\n","protected":false},"author":38,"featured_media":15583,"comment_status":"closed","ping_status":"closed","sticky":false,"template":"","format":"standard","meta":{"_acf_changed":false,"footnotes":""},"categories":[],"tags":[],"section":[6],"class_list":["post-15581","post","type-post","status-publish","format-standard","has-post-thumbnail","hentry","section-eolien"],"acf":[],"yoast_head":"<!-- This site is optimized with the Yoast SEO plugin v27.5 - https:\/\/yoast.com\/product\/yoast-seo-wordpress\/ -->\n<title>L\u2019\u00e9olien offshore mondial atteint 83 GW de capacit\u00e9 install\u00e9e - Renouvelle<\/title>\n<meta name=\"description\" content=\"Le march\u00e9 de l\u2019\u00e9olien offshore continue de cro\u00eetre et atteint d\u00e9sormais une capacit\u00e9 install\u00e9e de 83 GW dans le monde.\" \/>\n<meta name=\"robots\" content=\"index, follow, max-snippet:-1, max-image-preview:large, max-video-preview:-1\" \/>\n<link rel=\"canonical\" href=\"https:\/\/www.renouvelle.be\/fr\/eolien-offshore-83-gw-gwec\/\" \/>\n<meta property=\"og:locale\" content=\"fr_FR\" \/>\n<meta property=\"og:type\" content=\"article\" \/>\n<meta property=\"og:title\" content=\"L\u2019\u00e9olien offshore mondial atteint 83 GW de capacit\u00e9 install\u00e9e - Renouvelle\" \/>\n<meta property=\"og:description\" content=\"Le march\u00e9 de l\u2019\u00e9olien offshore continue de cro\u00eetre et atteint d\u00e9sormais une capacit\u00e9 install\u00e9e de 83 GW dans le monde.\" \/>\n<meta property=\"og:url\" content=\"https:\/\/www.renouvelle.be\/fr\/eolien-offshore-83-gw-gwec\/\" \/>\n<meta property=\"og:site_name\" content=\"Renouvelle\" \/>\n<meta property=\"article:published_time\" content=\"2025-09-09T07:16:14+00:00\" \/>\n<meta property=\"article:modified_time\" content=\"2025-09-09T07:16:16+00:00\" \/>\n<meta property=\"og:image\" content=\"https:\/\/www.renouvelle.be\/wp-content\/uploads\/2025\/09\/AdobeStock_751160255-scaled.jpeg\" \/>\n\t<meta property=\"og:image:width\" content=\"2560\" \/>\n\t<meta property=\"og:image:height\" content=\"1554\" \/>\n\t<meta property=\"og:image:type\" content=\"image\/jpeg\" \/>\n<meta name=\"author\" content=\"Samuel Alves\" \/>\n<meta name=\"twitter:card\" content=\"summary_large_image\" \/>\n<script type=\"application\/ld+json\" class=\"yoast-schema-graph\">{\"@context\":\"https:\\\/\\\/schema.org\",\"@graph\":[{\"@type\":\"Article\",\"@id\":\"https:\\\/\\\/www.renouvelle.be\\\/fr\\\/eolien-offshore-83-gw-gwec\\\/#article\",\"isPartOf\":{\"@id\":\"https:\\\/\\\/www.renouvelle.be\\\/fr\\\/eolien-offshore-83-gw-gwec\\\/\"},\"author\":{\"name\":\"Samuel Alves\",\"@id\":\"https:\\\/\\\/www.renouvelle.be\\\/fr\\\/#\\\/schema\\\/person\\\/9d743366fb269eeceaa8d60e98d289d3\"},\"headline\":\"L\u2019\u00e9olien offshore mondial atteint 83 GW de capacit\u00e9 install\u00e9e\",\"datePublished\":\"2025-09-09T07:16:14+00:00\",\"dateModified\":\"2025-09-09T07:16:16+00:00\",\"mainEntityOfPage\":{\"@id\":\"https:\\\/\\\/www.renouvelle.be\\\/fr\\\/eolien-offshore-83-gw-gwec\\\/\"},\"wordCount\":303,\"image\":{\"@id\":\"https:\\\/\\\/www.renouvelle.be\\\/fr\\\/eolien-offshore-83-gw-gwec\\\/#primaryimage\"},\"thumbnailUrl\":\"https:\\\/\\\/www.renouvelle.be\\\/wp-content\\\/uploads\\\/2025\\\/09\\\/AdobeStock_751160255-scaled.jpeg\",\"inLanguage\":\"fr-FR\"},{\"@type\":\"WebPage\",\"@id\":\"https:\\\/\\\/www.renouvelle.be\\\/fr\\\/eolien-offshore-83-gw-gwec\\\/\",\"url\":\"https:\\\/\\\/www.renouvelle.be\\\/fr\\\/eolien-offshore-83-gw-gwec\\\/\",\"name\":\"L\u2019\u00e9olien offshore mondial atteint 83 GW de capacit\u00e9 install\u00e9e - Renouvelle\",\"isPartOf\":{\"@id\":\"https:\\\/\\\/www.renouvelle.be\\\/fr\\\/#website\"},\"primaryImageOfPage\":{\"@id\":\"https:\\\/\\\/www.renouvelle.be\\\/fr\\\/eolien-offshore-83-gw-gwec\\\/#primaryimage\"},\"image\":{\"@id\":\"https:\\\/\\\/www.renouvelle.be\\\/fr\\\/eolien-offshore-83-gw-gwec\\\/#primaryimage\"},\"thumbnailUrl\":\"https:\\\/\\\/www.renouvelle.be\\\/wp-content\\\/uploads\\\/2025\\\/09\\\/AdobeStock_751160255-scaled.jpeg\",\"datePublished\":\"2025-09-09T07:16:14+00:00\",\"dateModified\":\"2025-09-09T07:16:16+00:00\",\"author\":{\"@id\":\"https:\\\/\\\/www.renouvelle.be\\\/fr\\\/#\\\/schema\\\/person\\\/9d743366fb269eeceaa8d60e98d289d3\"},\"description\":\"Le march\u00e9 de l\u2019\u00e9olien offshore continue de cro\u00eetre et atteint d\u00e9sormais une capacit\u00e9 install\u00e9e de 83 GW dans le monde.\",\"breadcrumb\":{\"@id\":\"https:\\\/\\\/www.renouvelle.be\\\/fr\\\/eolien-offshore-83-gw-gwec\\\/#breadcrumb\"},\"inLanguage\":\"fr-FR\",\"potentialAction\":[{\"@type\":\"ReadAction\",\"target\":[\"https:\\\/\\\/www.renouvelle.be\\\/fr\\\/eolien-offshore-83-gw-gwec\\\/\"]}]},{\"@type\":\"ImageObject\",\"inLanguage\":\"fr-FR\",\"@id\":\"https:\\\/\\\/www.renouvelle.be\\\/fr\\\/eolien-offshore-83-gw-gwec\\\/#primaryimage\",\"url\":\"https:\\\/\\\/www.renouvelle.be\\\/wp-content\\\/uploads\\\/2025\\\/09\\\/AdobeStock_751160255-scaled.jpeg\",\"contentUrl\":\"https:\\\/\\\/www.renouvelle.be\\\/wp-content\\\/uploads\\\/2025\\\/09\\\/AdobeStock_751160255-scaled.jpeg\",\"width\":2560,\"height\":1554,\"caption\":\"L'\u00e9olien offshore atteint 83 GW de capacit\u00e9 install\u00e9e dans le monde\"},{\"@type\":\"BreadcrumbList\",\"@id\":\"https:\\\/\\\/www.renouvelle.be\\\/fr\\\/eolien-offshore-83-gw-gwec\\\/#breadcrumb\",\"itemListElement\":[{\"@type\":\"ListItem\",\"position\":1,\"name\":\"Accueil\",\"item\":\"https:\\\/\\\/www.renouvelle.be\\\/fr\\\/\"},{\"@type\":\"ListItem\",\"position\":2,\"name\":\"L\u2019\u00e9olien offshore mondial atteint 83 GW de capacit\u00e9 install\u00e9e\"}]},{\"@type\":\"WebSite\",\"@id\":\"https:\\\/\\\/www.renouvelle.be\\\/fr\\\/#website\",\"url\":\"https:\\\/\\\/www.renouvelle.be\\\/fr\\\/\",\"name\":\"Renouvelle\",\"description\":\"L&#039;actualit\u00e9 de l&#039;\u00e9nergie durable\",\"potentialAction\":[{\"@type\":\"SearchAction\",\"target\":{\"@type\":\"EntryPoint\",\"urlTemplate\":\"https:\\\/\\\/www.renouvelle.be\\\/fr\\\/?s={search_term_string}\"},\"query-input\":{\"@type\":\"PropertyValueSpecification\",\"valueRequired\":true,\"valueName\":\"search_term_string\"}}],\"inLanguage\":\"fr-FR\"},{\"@type\":\"Person\",\"@id\":\"https:\\\/\\\/www.renouvelle.be\\\/fr\\\/#\\\/schema\\\/person\\\/9d743366fb269eeceaa8d60e98d289d3\",\"name\":\"Samuel Alves\",\"url\":\"https:\\\/\\\/www.renouvelle.be\\\/fr\\\/author\\\/salves\\\/\"}]}<\/script>\n<!-- \/ Yoast SEO plugin. -->","yoast_head_json":{"title":"L\u2019\u00e9olien offshore mondial atteint 83 GW de capacit\u00e9 install\u00e9e - Renouvelle","description":"Le march\u00e9 de l\u2019\u00e9olien offshore continue de cro\u00eetre et atteint d\u00e9sormais une capacit\u00e9 install\u00e9e de 83 GW dans le monde.","robots":{"index":"index","follow":"follow","max-snippet":"max-snippet:-1","max-image-preview":"max-image-preview:large","max-video-preview":"max-video-preview:-1"},"canonical":"https:\/\/www.renouvelle.be\/fr\/eolien-offshore-83-gw-gwec\/","og_locale":"fr_FR","og_type":"article","og_title":"L\u2019\u00e9olien offshore mondial atteint 83 GW de capacit\u00e9 install\u00e9e - Renouvelle","og_description":"Le march\u00e9 de l\u2019\u00e9olien offshore continue de cro\u00eetre et atteint d\u00e9sormais une capacit\u00e9 install\u00e9e de 83 GW dans le monde.","og_url":"https:\/\/www.renouvelle.be\/fr\/eolien-offshore-83-gw-gwec\/","og_site_name":"Renouvelle","article_published_time":"2025-09-09T07:16:14+00:00","article_modified_time":"2025-09-09T07:16:16+00:00","og_image":[{"width":2560,"height":1554,"url":"https:\/\/www.renouvelle.be\/wp-content\/uploads\/2025\/09\/AdobeStock_751160255-scaled.jpeg","type":"image\/jpeg"}],"author":"Samuel Alves","twitter_card":"summary_large_image","schema":{"@context":"https:\/\/schema.org","@graph":[{"@type":"Article","@id":"https:\/\/www.renouvelle.be\/fr\/eolien-offshore-83-gw-gwec\/#article","isPartOf":{"@id":"https:\/\/www.renouvelle.be\/fr\/eolien-offshore-83-gw-gwec\/"},"author":{"name":"Samuel Alves","@id":"https:\/\/www.renouvelle.be\/fr\/#\/schema\/person\/9d743366fb269eeceaa8d60e98d289d3"},"headline":"L\u2019\u00e9olien offshore mondial atteint 83 GW de capacit\u00e9 install\u00e9e","datePublished":"2025-09-09T07:16:14+00:00","dateModified":"2025-09-09T07:16:16+00:00","mainEntityOfPage":{"@id":"https:\/\/www.renouvelle.be\/fr\/eolien-offshore-83-gw-gwec\/"},"wordCount":303,"image":{"@id":"https:\/\/www.renouvelle.be\/fr\/eolien-offshore-83-gw-gwec\/#primaryimage"},"thumbnailUrl":"https:\/\/www.renouvelle.be\/wp-content\/uploads\/2025\/09\/AdobeStock_751160255-scaled.jpeg","inLanguage":"fr-FR"},{"@type":"WebPage","@id":"https:\/\/www.renouvelle.be\/fr\/eolien-offshore-83-gw-gwec\/","url":"https:\/\/www.renouvelle.be\/fr\/eolien-offshore-83-gw-gwec\/","name":"L\u2019\u00e9olien offshore mondial atteint 83 GW de capacit\u00e9 install\u00e9e - Renouvelle","isPartOf":{"@id":"https:\/\/www.renouvelle.be\/fr\/#website"},"primaryImageOfPage":{"@id":"https:\/\/www.renouvelle.be\/fr\/eolien-offshore-83-gw-gwec\/#primaryimage"},"image":{"@id":"https:\/\/www.renouvelle.be\/fr\/eolien-offshore-83-gw-gwec\/#primaryimage"},"thumbnailUrl":"https:\/\/www.renouvelle.be\/wp-content\/uploads\/2025\/09\/AdobeStock_751160255-scaled.jpeg","datePublished":"2025-09-09T07:16:14+00:00","dateModified":"2025-09-09T07:16:16+00:00","author":{"@id":"https:\/\/www.renouvelle.be\/fr\/#\/schema\/person\/9d743366fb269eeceaa8d60e98d289d3"},"description":"Le march\u00e9 de l\u2019\u00e9olien offshore continue de cro\u00eetre et atteint d\u00e9sormais une capacit\u00e9 install\u00e9e de 83 GW dans le monde.","breadcrumb":{"@id":"https:\/\/www.renouvelle.be\/fr\/eolien-offshore-83-gw-gwec\/#breadcrumb"},"inLanguage":"fr-FR","potentialAction":[{"@type":"ReadAction","target":["https:\/\/www.renouvelle.be\/fr\/eolien-offshore-83-gw-gwec\/"]}]},{"@type":"ImageObject","inLanguage":"fr-FR","@id":"https:\/\/www.renouvelle.be\/fr\/eolien-offshore-83-gw-gwec\/#primaryimage","url":"https:\/\/www.renouvelle.be\/wp-content\/uploads\/2025\/09\/AdobeStock_751160255-scaled.jpeg","contentUrl":"https:\/\/www.renouvelle.be\/wp-content\/uploads\/2025\/09\/AdobeStock_751160255-scaled.jpeg","width":2560,"height":1554,"caption":"L'\u00e9olien offshore atteint 83 GW de capacit\u00e9 install\u00e9e dans le monde"},{"@type":"BreadcrumbList","@id":"https:\/\/www.renouvelle.be\/fr\/eolien-offshore-83-gw-gwec\/#breadcrumb","itemListElement":[{"@type":"ListItem","position":1,"name":"Accueil","item":"https:\/\/www.renouvelle.be\/fr\/"},{"@type":"ListItem","position":2,"name":"L\u2019\u00e9olien offshore mondial atteint 83 GW de capacit\u00e9 install\u00e9e"}]},{"@type":"WebSite","@id":"https:\/\/www.renouvelle.be\/fr\/#website","url":"https:\/\/www.renouvelle.be\/fr\/","name":"Renouvelle","description":"L&#039;actualit\u00e9 de l&#039;\u00e9nergie durable","potentialAction":[{"@type":"SearchAction","target":{"@type":"EntryPoint","urlTemplate":"https:\/\/www.renouvelle.be\/fr\/?s={search_term_string}"},"query-input":{"@type":"PropertyValueSpecification","valueRequired":true,"valueName":"search_term_string"}}],"inLanguage":"fr-FR"},{"@type":"Person","@id":"https:\/\/www.renouvelle.be\/fr\/#\/schema\/person\/9d743366fb269eeceaa8d60e98d289d3","name":"Samuel Alves","url":"https:\/\/www.renouvelle.be\/fr\/author\/salves\/"}]}},"_links":{"self":[{"href":"https:\/\/www.renouvelle.be\/fr\/wp-json\/wp\/v2\/posts\/15581","targetHints":{"allow":["GET"]}}],"collection":[{"href":"https:\/\/www.renouvelle.be\/fr\/wp-json\/wp\/v2\/posts"}],"about":[{"href":"https:\/\/www.renouvelle.be\/fr\/wp-json\/wp\/v2\/types\/post"}],"author":[{"embeddable":true,"href":"https:\/\/www.renouvelle.be\/fr\/wp-json\/wp\/v2\/users\/38"}],"replies":[{"embeddable":true,"href":"https:\/\/www.renouvelle.be\/fr\/wp-json\/wp\/v2\/comments?post=15581"}],"version-history":[{"count":1,"href":"https:\/\/www.renouvelle.be\/fr\/wp-json\/wp\/v2\/posts\/15581\/revisions"}],"predecessor-version":[{"id":15582,"href":"https:\/\/www.renouvelle.be\/fr\/wp-json\/wp\/v2\/posts\/15581\/revisions\/15582"}],"wp:featuredmedia":[{"embeddable":true,"href":"https:\/\/www.renouvelle.be\/fr\/wp-json\/wp\/v2\/media\/15583"}],"wp:attachment":[{"href":"https:\/\/www.renouvelle.be\/fr\/wp-json\/wp\/v2\/media?parent=15581"}],"wp:term":[{"taxonomy":"category","embeddable":true,"href":"https:\/\/www.renouvelle.be\/fr\/wp-json\/wp\/v2\/categories?post=15581"},{"taxonomy":"post_tag","embeddable":true,"href":"https:\/\/www.renouvelle.be\/fr\/wp-json\/wp\/v2\/tags?post=15581"},{"taxonomy":"section","embeddable":true,"href":"https:\/\/www.renouvelle.be\/fr\/wp-json\/wp\/v2\/section?post=15581"}],"curies":[{"name":"wp","href":"https:\/\/api.w.org\/{rel}","templated":true}]}}