{"id":15572,"date":"2025-09-03T09:19:05","date_gmt":"2025-09-03T07:19:05","guid":{"rendered":"https:\/\/www.renouvelle.be\/?p=15572"},"modified":"2025-09-03T09:19:07","modified_gmt":"2025-09-03T07:19:07","slug":"reseau-electrique-cooperation-transfrontaliere-alpaca","status":"publish","type":"post","link":"https:\/\/www.renouvelle.be\/fr\/reseau-electrique-cooperation-transfrontaliere-alpaca\/","title":{"rendered":"ALPACA : partager les capacit\u00e9s d\u2019\u00e9quilibrage entre pays"},"content":{"rendered":"\n<p>Autour d\u2019un projet de coop\u00e9ration nomm\u00e9 ALPACA, L\u2019Allemagne, l\u2019Autriche et la R\u00e9publique Tch\u00e8que s\u2019allient pour mettre en commun leurs capacit\u00e9s d\u2019\u00e9quilibrage de r\u00e9seau \u00e9lectrique.<\/p>\n\n\n\n<p>Une des missions du gestionnaire du r\u00e9seau de transport (GRT) comme Elia en <a href=\"https:\/\/www.renouvelle.be\/fr\/elia-adeqflex-reseau-electrique-flexible-belgique\/\" target=\"_blank\" rel=\"noreferrer noopener\">Belgique<\/a>, est de garantir la stabilit\u00e9 de son r\u00e9seau en \u00e9quilibrant la quantit\u00e9 d\u2019\u00e9nergie produite et consomm\u00e9e. Lorsqu\u2019un d\u00e9s\u00e9quilibre survient, la fr\u00e9quence du r\u00e9seau (normalement de 50 Hz) est perturb\u00e9e, entrainant possiblement blackouts et dommages mat\u00e9riels.<\/p>\n\n\n\n<p>Les GRT disposent de r\u00e9serves, c\u2019est-\u00e0-dire des producteurs ou des consommateurs flexibles qui peuvent ajuster le fonctionnement. En particulier, l\u2019aFRR (automatic Frequency Restoration Reserve) est une r\u00e9serve qui peut r\u00e9agir en quelques minutes, et qui agit automatiquement sur commande de la part du GRT.<\/p>\n\n\n\n<p>Dor\u00e9navant, gr\u00e2ce au projet <a href=\"https:\/\/www.entsoe.eu\/network_codes\/eb\/alpaca\/\" target=\"_blank\" rel=\"noreferrer noopener\">ALPACA<\/a> (Allocation of Cross-zonal Capacity and Procurement of aFRR Cooperation Agreement), des \u00e9changes de r\u00e9serves aFRR sont possibles entre l\u2019Autriche, la R\u00e9publique Tch\u00e8que, et l\u2019Allemagne. Ceci compl\u00e9mente la coop\u00e9ration entre l\u2019Allemagne et l\u2019Autriche, op\u00e9rationnelle depuis 2020.<\/p>\n\n\n\n<p>Les premiers \u00e9changes ALPACA sont pr\u00e9vus pour le 3 septembre 2025, marquant une nouvelle \u00e9tape dans l\u2019int\u00e9gration des march\u00e9s europ\u00e9ens de l\u2019\u00e9lectricit\u00e9.<\/p>\n","protected":false},"excerpt":{"rendered":"<p>Autour d\u2019un projet de coop\u00e9ration nomm\u00e9 ALPACA, L\u2019Allemagne, l\u2019Autriche et la R\u00e9publique Tch\u00e8que s\u2019allient pour mettre en commun leurs capacit\u00e9s d\u2019\u00e9quilibrage de r\u00e9seau \u00e9lectrique. Une des missions du gestionnaire du r\u00e9seau de transport (GRT) comme Elia en Belgique, est de garantir la stabilit\u00e9 de son r\u00e9seau en \u00e9quilibrant la quantit\u00e9 d\u2019\u00e9nergie produite et consomm\u00e9e. Lorsqu\u2019un d\u00e9s\u00e9quilibre survient, la fr\u00e9quence du r\u00e9seau (normalement de 50 Hz) est perturb\u00e9e, entrainant possiblement blackouts et dommages mat\u00e9riels. Les GRT disposent de r\u00e9serves, c\u2019est-\u00e0-dire des producteurs ou des consommateurs flexibles qui peuvent ajuster le fonctionnement. En particulier, l\u2019aFRR (automatic Frequency Restoration Reserve) est une r\u00e9serve qui peut r\u00e9agir en quelques minutes, et qui agit automatiquement sur commande de la part du GRT. Dor\u00e9navant, gr\u00e2ce au projet ALPACA (Allocation of Cross-zonal Capacity and Procurement of aFRR Cooperation Agreement), des \u00e9changes de r\u00e9serves aFRR sont possibles entre l\u2019Autriche, la R\u00e9publique Tch\u00e8que, et l\u2019Allemagne. Ceci compl\u00e9mente la coop\u00e9ration entre l\u2019Allemagne et l\u2019Autriche, op\u00e9rationnelle depuis 2020. Les premiers \u00e9changes ALPACA sont pr\u00e9vus pour le 3 septembre 2025, marquant une nouvelle \u00e9tape dans l\u2019int\u00e9gration des march\u00e9s europ\u00e9ens de l\u2019\u00e9lectricit\u00e9.<\/p>\n","protected":false},"author":40,"featured_media":15577,"comment_status":"closed","ping_status":"closed","sticky":false,"template":"","format":"standard","meta":{"_acf_changed":false,"footnotes":""},"categories":[16,18],"tags":[],"section":[8,14],"class_list":["post-15572","post","type-post","status-publish","format-standard","has-post-thumbnail","hentry","category-actualite","category-actualite-internationale","section-energie-renouvelables","section-stockage"],"acf":[],"yoast_head":"<!-- This site is optimized with the Yoast SEO plugin v27.5 - https:\/\/yoast.com\/product\/yoast-seo-wordpress\/ -->\n<title>ALPACA : partager les capacit\u00e9s d\u2019\u00e9quilibrage entre pays - Renouvelle<\/title>\n<meta name=\"description\" content=\"D\u00e9couvrez comment le projet ALPACA renforce la stabilit\u00e9 des r\u00e9seaux \u00e9lectriques gr\u00e2ce \u00e0 la coop\u00e9ration transfrontali\u00e8re d&#039;\u00e9quilibrage.\" \/>\n<meta name=\"robots\" content=\"index, follow, max-snippet:-1, max-image-preview:large, max-video-preview:-1\" \/>\n<link rel=\"canonical\" href=\"https:\/\/www.renouvelle.be\/fr\/reseau-electrique-cooperation-transfrontaliere-alpaca\/\" \/>\n<meta property=\"og:locale\" content=\"fr_FR\" \/>\n<meta property=\"og:type\" content=\"article\" \/>\n<meta property=\"og:title\" content=\"ALPACA : partager les capacit\u00e9s d\u2019\u00e9quilibrage entre pays - Renouvelle\" \/>\n<meta property=\"og:description\" content=\"D\u00e9couvrez comment le projet ALPACA renforce la stabilit\u00e9 des r\u00e9seaux \u00e9lectriques gr\u00e2ce \u00e0 la coop\u00e9ration transfrontali\u00e8re d&#039;\u00e9quilibrage.\" \/>\n<meta property=\"og:url\" content=\"https:\/\/www.renouvelle.be\/fr\/reseau-electrique-cooperation-transfrontaliere-alpaca\/\" \/>\n<meta property=\"og:site_name\" content=\"Renouvelle\" \/>\n<meta property=\"article:published_time\" content=\"2025-09-03T07:19:05+00:00\" \/>\n<meta property=\"article:modified_time\" content=\"2025-09-03T07:19:07+00:00\" \/>\n<meta property=\"og:image\" content=\"https:\/\/www.renouvelle.be\/wp-content\/uploads\/2025\/09\/AdobeStock_211309406-scaled-e1756817688933.jpeg\" \/>\n\t<meta property=\"og:image:width\" content=\"2556\" \/>\n\t<meta property=\"og:image:height\" content=\"1643\" \/>\n\t<meta property=\"og:image:type\" content=\"image\/jpeg\" \/>\n<meta name=\"author\" content=\"Mathieu Petitjean\" \/>\n<meta name=\"twitter:card\" content=\"summary_large_image\" \/>\n<script type=\"application\/ld+json\" class=\"yoast-schema-graph\">{\"@context\":\"https:\\\/\\\/schema.org\",\"@graph\":[{\"@type\":\"Article\",\"@id\":\"https:\\\/\\\/www.renouvelle.be\\\/fr\\\/reseau-electrique-cooperation-transfrontaliere-alpaca\\\/#article\",\"isPartOf\":{\"@id\":\"https:\\\/\\\/www.renouvelle.be\\\/fr\\\/reseau-electrique-cooperation-transfrontaliere-alpaca\\\/\"},\"author\":{\"name\":\"Mathieu Petitjean\",\"@id\":\"https:\\\/\\\/www.renouvelle.be\\\/fr\\\/#\\\/schema\\\/person\\\/0458f628084e1c95c296c1f5b9fcf7c2\"},\"headline\":\"ALPACA : partager les capacit\u00e9s d\u2019\u00e9quilibrage entre pays\",\"datePublished\":\"2025-09-03T07:19:05+00:00\",\"dateModified\":\"2025-09-03T07:19:07+00:00\",\"mainEntityOfPage\":{\"@id\":\"https:\\\/\\\/www.renouvelle.be\\\/fr\\\/reseau-electrique-cooperation-transfrontaliere-alpaca\\\/\"},\"wordCount\":229,\"image\":{\"@id\":\"https:\\\/\\\/www.renouvelle.be\\\/fr\\\/reseau-electrique-cooperation-transfrontaliere-alpaca\\\/#primaryimage\"},\"thumbnailUrl\":\"https:\\\/\\\/www.renouvelle.be\\\/wp-content\\\/uploads\\\/2025\\\/09\\\/AdobeStock_211309406-scaled-e1756817688933.jpeg\",\"articleSection\":[\"Actualit\u00e9\",\"Actualit\u00e9 internationale\"],\"inLanguage\":\"fr-FR\"},{\"@type\":\"WebPage\",\"@id\":\"https:\\\/\\\/www.renouvelle.be\\\/fr\\\/reseau-electrique-cooperation-transfrontaliere-alpaca\\\/\",\"url\":\"https:\\\/\\\/www.renouvelle.be\\\/fr\\\/reseau-electrique-cooperation-transfrontaliere-alpaca\\\/\",\"name\":\"ALPACA : partager les capacit\u00e9s d\u2019\u00e9quilibrage entre pays - Renouvelle\",\"isPartOf\":{\"@id\":\"https:\\\/\\\/www.renouvelle.be\\\/fr\\\/#website\"},\"primaryImageOfPage\":{\"@id\":\"https:\\\/\\\/www.renouvelle.be\\\/fr\\\/reseau-electrique-cooperation-transfrontaliere-alpaca\\\/#primaryimage\"},\"image\":{\"@id\":\"https:\\\/\\\/www.renouvelle.be\\\/fr\\\/reseau-electrique-cooperation-transfrontaliere-alpaca\\\/#primaryimage\"},\"thumbnailUrl\":\"https:\\\/\\\/www.renouvelle.be\\\/wp-content\\\/uploads\\\/2025\\\/09\\\/AdobeStock_211309406-scaled-e1756817688933.jpeg\",\"datePublished\":\"2025-09-03T07:19:05+00:00\",\"dateModified\":\"2025-09-03T07:19:07+00:00\",\"author\":{\"@id\":\"https:\\\/\\\/www.renouvelle.be\\\/fr\\\/#\\\/schema\\\/person\\\/0458f628084e1c95c296c1f5b9fcf7c2\"},\"description\":\"D\u00e9couvrez comment le projet ALPACA renforce la stabilit\u00e9 des r\u00e9seaux \u00e9lectriques gr\u00e2ce \u00e0 la coop\u00e9ration transfrontali\u00e8re d'\u00e9quilibrage.\",\"breadcrumb\":{\"@id\":\"https:\\\/\\\/www.renouvelle.be\\\/fr\\\/reseau-electrique-cooperation-transfrontaliere-alpaca\\\/#breadcrumb\"},\"inLanguage\":\"fr-FR\",\"potentialAction\":[{\"@type\":\"ReadAction\",\"target\":[\"https:\\\/\\\/www.renouvelle.be\\\/fr\\\/reseau-electrique-cooperation-transfrontaliere-alpaca\\\/\"]}]},{\"@type\":\"ImageObject\",\"inLanguage\":\"fr-FR\",\"@id\":\"https:\\\/\\\/www.renouvelle.be\\\/fr\\\/reseau-electrique-cooperation-transfrontaliere-alpaca\\\/#primaryimage\",\"url\":\"https:\\\/\\\/www.renouvelle.be\\\/wp-content\\\/uploads\\\/2025\\\/09\\\/AdobeStock_211309406-scaled-e1756817688933.jpeg\",\"contentUrl\":\"https:\\\/\\\/www.renouvelle.be\\\/wp-content\\\/uploads\\\/2025\\\/09\\\/AdobeStock_211309406-scaled-e1756817688933.jpeg\",\"width\":2556,\"height\":1643,\"caption\":\"ALPACA \u00e9change et \u00e9quilibrage de capacit\u00e9s \u00e9lectriques\"},{\"@type\":\"BreadcrumbList\",\"@id\":\"https:\\\/\\\/www.renouvelle.be\\\/fr\\\/reseau-electrique-cooperation-transfrontaliere-alpaca\\\/#breadcrumb\",\"itemListElement\":[{\"@type\":\"ListItem\",\"position\":1,\"name\":\"Accueil\",\"item\":\"https:\\\/\\\/www.renouvelle.be\\\/fr\\\/\"},{\"@type\":\"ListItem\",\"position\":2,\"name\":\"ALPACA : partager les capacit\u00e9s d\u2019\u00e9quilibrage entre pays\"}]},{\"@type\":\"WebSite\",\"@id\":\"https:\\\/\\\/www.renouvelle.be\\\/fr\\\/#website\",\"url\":\"https:\\\/\\\/www.renouvelle.be\\\/fr\\\/\",\"name\":\"Renouvelle\",\"description\":\"L&#039;actualit\u00e9 de l&#039;\u00e9nergie durable\",\"potentialAction\":[{\"@type\":\"SearchAction\",\"target\":{\"@type\":\"EntryPoint\",\"urlTemplate\":\"https:\\\/\\\/www.renouvelle.be\\\/fr\\\/?s={search_term_string}\"},\"query-input\":{\"@type\":\"PropertyValueSpecification\",\"valueRequired\":true,\"valueName\":\"search_term_string\"}}],\"inLanguage\":\"fr-FR\"},{\"@type\":\"Person\",\"@id\":\"https:\\\/\\\/www.renouvelle.be\\\/fr\\\/#\\\/schema\\\/person\\\/0458f628084e1c95c296c1f5b9fcf7c2\",\"name\":\"Mathieu Petitjean\",\"url\":\"https:\\\/\\\/www.renouvelle.be\\\/fr\\\/author\\\/mathieu-petitjean\\\/\"}]}<\/script>\n<!-- \/ Yoast SEO plugin. -->","yoast_head_json":{"title":"ALPACA : partager les capacit\u00e9s d\u2019\u00e9quilibrage entre pays - Renouvelle","description":"D\u00e9couvrez comment le projet ALPACA renforce la stabilit\u00e9 des r\u00e9seaux \u00e9lectriques gr\u00e2ce \u00e0 la coop\u00e9ration transfrontali\u00e8re d'\u00e9quilibrage.","robots":{"index":"index","follow":"follow","max-snippet":"max-snippet:-1","max-image-preview":"max-image-preview:large","max-video-preview":"max-video-preview:-1"},"canonical":"https:\/\/www.renouvelle.be\/fr\/reseau-electrique-cooperation-transfrontaliere-alpaca\/","og_locale":"fr_FR","og_type":"article","og_title":"ALPACA : partager les capacit\u00e9s d\u2019\u00e9quilibrage entre pays - Renouvelle","og_description":"D\u00e9couvrez comment le projet ALPACA renforce la stabilit\u00e9 des r\u00e9seaux \u00e9lectriques gr\u00e2ce \u00e0 la coop\u00e9ration transfrontali\u00e8re d'\u00e9quilibrage.","og_url":"https:\/\/www.renouvelle.be\/fr\/reseau-electrique-cooperation-transfrontaliere-alpaca\/","og_site_name":"Renouvelle","article_published_time":"2025-09-03T07:19:05+00:00","article_modified_time":"2025-09-03T07:19:07+00:00","og_image":[{"width":2556,"height":1643,"url":"https:\/\/www.renouvelle.be\/wp-content\/uploads\/2025\/09\/AdobeStock_211309406-scaled-e1756817688933.jpeg","type":"image\/jpeg"}],"author":"Mathieu Petitjean","twitter_card":"summary_large_image","schema":{"@context":"https:\/\/schema.org","@graph":[{"@type":"Article","@id":"https:\/\/www.renouvelle.be\/fr\/reseau-electrique-cooperation-transfrontaliere-alpaca\/#article","isPartOf":{"@id":"https:\/\/www.renouvelle.be\/fr\/reseau-electrique-cooperation-transfrontaliere-alpaca\/"},"author":{"name":"Mathieu Petitjean","@id":"https:\/\/www.renouvelle.be\/fr\/#\/schema\/person\/0458f628084e1c95c296c1f5b9fcf7c2"},"headline":"ALPACA : partager les capacit\u00e9s d\u2019\u00e9quilibrage entre pays","datePublished":"2025-09-03T07:19:05+00:00","dateModified":"2025-09-03T07:19:07+00:00","mainEntityOfPage":{"@id":"https:\/\/www.renouvelle.be\/fr\/reseau-electrique-cooperation-transfrontaliere-alpaca\/"},"wordCount":229,"image":{"@id":"https:\/\/www.renouvelle.be\/fr\/reseau-electrique-cooperation-transfrontaliere-alpaca\/#primaryimage"},"thumbnailUrl":"https:\/\/www.renouvelle.be\/wp-content\/uploads\/2025\/09\/AdobeStock_211309406-scaled-e1756817688933.jpeg","articleSection":["Actualit\u00e9","Actualit\u00e9 internationale"],"inLanguage":"fr-FR"},{"@type":"WebPage","@id":"https:\/\/www.renouvelle.be\/fr\/reseau-electrique-cooperation-transfrontaliere-alpaca\/","url":"https:\/\/www.renouvelle.be\/fr\/reseau-electrique-cooperation-transfrontaliere-alpaca\/","name":"ALPACA : partager les capacit\u00e9s d\u2019\u00e9quilibrage entre pays - Renouvelle","isPartOf":{"@id":"https:\/\/www.renouvelle.be\/fr\/#website"},"primaryImageOfPage":{"@id":"https:\/\/www.renouvelle.be\/fr\/reseau-electrique-cooperation-transfrontaliere-alpaca\/#primaryimage"},"image":{"@id":"https:\/\/www.renouvelle.be\/fr\/reseau-electrique-cooperation-transfrontaliere-alpaca\/#primaryimage"},"thumbnailUrl":"https:\/\/www.renouvelle.be\/wp-content\/uploads\/2025\/09\/AdobeStock_211309406-scaled-e1756817688933.jpeg","datePublished":"2025-09-03T07:19:05+00:00","dateModified":"2025-09-03T07:19:07+00:00","author":{"@id":"https:\/\/www.renouvelle.be\/fr\/#\/schema\/person\/0458f628084e1c95c296c1f5b9fcf7c2"},"description":"D\u00e9couvrez comment le projet ALPACA renforce la stabilit\u00e9 des r\u00e9seaux \u00e9lectriques gr\u00e2ce \u00e0 la coop\u00e9ration transfrontali\u00e8re d'\u00e9quilibrage.","breadcrumb":{"@id":"https:\/\/www.renouvelle.be\/fr\/reseau-electrique-cooperation-transfrontaliere-alpaca\/#breadcrumb"},"inLanguage":"fr-FR","potentialAction":[{"@type":"ReadAction","target":["https:\/\/www.renouvelle.be\/fr\/reseau-electrique-cooperation-transfrontaliere-alpaca\/"]}]},{"@type":"ImageObject","inLanguage":"fr-FR","@id":"https:\/\/www.renouvelle.be\/fr\/reseau-electrique-cooperation-transfrontaliere-alpaca\/#primaryimage","url":"https:\/\/www.renouvelle.be\/wp-content\/uploads\/2025\/09\/AdobeStock_211309406-scaled-e1756817688933.jpeg","contentUrl":"https:\/\/www.renouvelle.be\/wp-content\/uploads\/2025\/09\/AdobeStock_211309406-scaled-e1756817688933.jpeg","width":2556,"height":1643,"caption":"ALPACA \u00e9change et \u00e9quilibrage de capacit\u00e9s \u00e9lectriques"},{"@type":"BreadcrumbList","@id":"https:\/\/www.renouvelle.be\/fr\/reseau-electrique-cooperation-transfrontaliere-alpaca\/#breadcrumb","itemListElement":[{"@type":"ListItem","position":1,"name":"Accueil","item":"https:\/\/www.renouvelle.be\/fr\/"},{"@type":"ListItem","position":2,"name":"ALPACA : partager les capacit\u00e9s d\u2019\u00e9quilibrage entre pays"}]},{"@type":"WebSite","@id":"https:\/\/www.renouvelle.be\/fr\/#website","url":"https:\/\/www.renouvelle.be\/fr\/","name":"Renouvelle","description":"L&#039;actualit\u00e9 de l&#039;\u00e9nergie durable","potentialAction":[{"@type":"SearchAction","target":{"@type":"EntryPoint","urlTemplate":"https:\/\/www.renouvelle.be\/fr\/?s={search_term_string}"},"query-input":{"@type":"PropertyValueSpecification","valueRequired":true,"valueName":"search_term_string"}}],"inLanguage":"fr-FR"},{"@type":"Person","@id":"https:\/\/www.renouvelle.be\/fr\/#\/schema\/person\/0458f628084e1c95c296c1f5b9fcf7c2","name":"Mathieu Petitjean","url":"https:\/\/www.renouvelle.be\/fr\/author\/mathieu-petitjean\/"}]}},"_links":{"self":[{"href":"https:\/\/www.renouvelle.be\/fr\/wp-json\/wp\/v2\/posts\/15572","targetHints":{"allow":["GET"]}}],"collection":[{"href":"https:\/\/www.renouvelle.be\/fr\/wp-json\/wp\/v2\/posts"}],"about":[{"href":"https:\/\/www.renouvelle.be\/fr\/wp-json\/wp\/v2\/types\/post"}],"author":[{"embeddable":true,"href":"https:\/\/www.renouvelle.be\/fr\/wp-json\/wp\/v2\/users\/40"}],"replies":[{"embeddable":true,"href":"https:\/\/www.renouvelle.be\/fr\/wp-json\/wp\/v2\/comments?post=15572"}],"version-history":[{"count":4,"href":"https:\/\/www.renouvelle.be\/fr\/wp-json\/wp\/v2\/posts\/15572\/revisions"}],"predecessor-version":[{"id":15580,"href":"https:\/\/www.renouvelle.be\/fr\/wp-json\/wp\/v2\/posts\/15572\/revisions\/15580"}],"wp:featuredmedia":[{"embeddable":true,"href":"https:\/\/www.renouvelle.be\/fr\/wp-json\/wp\/v2\/media\/15577"}],"wp:attachment":[{"href":"https:\/\/www.renouvelle.be\/fr\/wp-json\/wp\/v2\/media?parent=15572"}],"wp:term":[{"taxonomy":"category","embeddable":true,"href":"https:\/\/www.renouvelle.be\/fr\/wp-json\/wp\/v2\/categories?post=15572"},{"taxonomy":"post_tag","embeddable":true,"href":"https:\/\/www.renouvelle.be\/fr\/wp-json\/wp\/v2\/tags?post=15572"},{"taxonomy":"section","embeddable":true,"href":"https:\/\/www.renouvelle.be\/fr\/wp-json\/wp\/v2\/section?post=15572"}],"curies":[{"name":"wp","href":"https:\/\/api.w.org\/{rel}","templated":true}]}}