{"id":15567,"date":"2025-09-01T14:01:23","date_gmt":"2025-09-01T12:01:23","guid":{"rendered":"https:\/\/www.renouvelle.be\/?p=15567"},"modified":"2025-09-01T14:01:26","modified_gmt":"2025-09-01T12:01:26","slug":"bridgestone-world-solar-challenge-innoptus-ku-leuven","status":"publish","type":"post","link":"https:\/\/www.renouvelle.be\/fr\/bridgestone-world-solar-challenge-innoptus-ku-leuven\/","title":{"rendered":"La Belgique sur le podium du championnat de voitures solaires"},"content":{"rendered":"\n<p>C\u2019est \u00e0 la troisi\u00e8me place qu\u2019a termin\u00e9 l\u2019<a href=\"https:\/\/press.solarteam.be\/les-belges-terminent-troisiemes-au-championnat-du-monde-de-voitures-solaires-apres-une-course-haletante\" target=\"_blank\" rel=\"noreferrer noopener\">Innoptus Solar Team<\/a> de la KU Leuven lors du championnat mondial de voitures solaires entre Darwin et Ad\u00e9la\u00efde. Ayant d\u00e9marr\u00e9 la course \u00e0 la seizi\u00e8me position le dimanche 24 juillet, l\u2019\u00e9quipe s\u2019est hiss\u00e9e \u00e0 la deuxi\u00e8me place le lundi suivant. Jeudi, alors qu\u2019il leur restait encore 236 km \u00e0 parcourir pour atteindre la ligne d\u2019arriv\u00e9e et apr\u00e8s avoir pris la d\u00e9cision de davantage recharger leur voiture solaire \u00e0 cause du mauvais temps, c\u2019est finalement \u00e0 la (tr\u00e8s belle) troisi\u00e8me place qu\u2019elle termine.<\/p>\n\n\n\n<p>La deuxi\u00e8me place est alors revenue \u00e0 la Solar Team Twente, derri\u00e8re les grands gagnants, les N\u00e9erlandais de la Brunel Solar Team, originaires de Delft.<\/p>\n\n\n\n<p>Source image en-t\u00eate : <a href=\"https:\/\/press.solarteam.be\/les-belges-terminent-troisiemes-au-championnat-du-monde-de-voitures-solaires-apres-une-course-haletante\" target=\"_blank\" rel=\"noreferrer noopener\">Innoptus Solar Team<\/a><\/p>\n","protected":false},"excerpt":{"rendered":"<p>C\u2019est \u00e0 la troisi\u00e8me place qu\u2019a termin\u00e9 l\u2019Innoptus Solar Team de la KU Leuven lors du championnat mondial de voitures solaires entre Darwin et Ad\u00e9la\u00efde. Ayant d\u00e9marr\u00e9 la course \u00e0 la seizi\u00e8me position le dimanche 24 juillet, l\u2019\u00e9quipe s\u2019est hiss\u00e9e \u00e0 la deuxi\u00e8me place le lundi suivant. Jeudi, alors qu\u2019il leur restait encore 236 km \u00e0 parcourir pour atteindre la ligne d\u2019arriv\u00e9e et apr\u00e8s avoir pris la d\u00e9cision de davantage recharger leur voiture solaire \u00e0 cause du mauvais temps, c\u2019est finalement \u00e0 la (tr\u00e8s belle) troisi\u00e8me place qu\u2019elle termine. La deuxi\u00e8me place est alors revenue \u00e0 la Solar Team Twente, derri\u00e8re les grands gagnants, les N\u00e9erlandais de la Brunel Solar Team, originaires de Delft. Source image en-t\u00eate : Innoptus Solar Team<\/p>\n","protected":false},"author":38,"featured_media":15568,"comment_status":"closed","ping_status":"closed","sticky":false,"template":"","format":"standard","meta":{"_acf_changed":false,"footnotes":""},"categories":[16,17],"tags":[],"section":[13,12],"class_list":["post-15567","post","type-post","status-publish","format-standard","has-post-thumbnail","hentry","category-actualite","category-actualite-en-belgique","section-solaire","section-mobilite"],"acf":[],"yoast_head":"<!-- This site is optimized with the Yoast SEO plugin v27.4 - https:\/\/yoast.com\/product\/yoast-seo-wordpress\/ -->\n<title>La Belgique sur le podium du championnat de voitures solaires - Renouvelle<\/title>\n<meta name=\"description\" content=\"L\u2019Innoptus Solar Team de la KU Leuven termine 3\u1d49 du Bridgestone World Solar Challenge, une course de voitures solaires en Australie.\" \/>\n<meta name=\"robots\" content=\"index, follow, max-snippet:-1, max-image-preview:large, max-video-preview:-1\" \/>\n<link rel=\"canonical\" href=\"https:\/\/www.renouvelle.be\/fr\/bridgestone-world-solar-challenge-innoptus-ku-leuven\/\" \/>\n<meta property=\"og:locale\" content=\"fr_FR\" \/>\n<meta property=\"og:type\" content=\"article\" \/>\n<meta property=\"og:title\" content=\"La Belgique sur le podium du championnat de voitures solaires - Renouvelle\" \/>\n<meta property=\"og:description\" content=\"L\u2019Innoptus Solar Team de la KU Leuven termine 3\u1d49 du Bridgestone World Solar Challenge, une course de voitures solaires en Australie.\" \/>\n<meta property=\"og:url\" content=\"https:\/\/www.renouvelle.be\/fr\/bridgestone-world-solar-challenge-innoptus-ku-leuven\/\" \/>\n<meta property=\"og:site_name\" content=\"Renouvelle\" \/>\n<meta property=\"article:published_time\" content=\"2025-09-01T12:01:23+00:00\" \/>\n<meta property=\"article:modified_time\" content=\"2025-09-01T12:01:26+00:00\" \/>\n<meta name=\"author\" content=\"Samuel Alves\" \/>\n<meta name=\"twitter:card\" content=\"summary_large_image\" \/>\n<script type=\"application\/ld+json\" class=\"yoast-schema-graph\">{\"@context\":\"https:\\\/\\\/schema.org\",\"@graph\":[{\"@type\":\"Article\",\"@id\":\"https:\\\/\\\/www.renouvelle.be\\\/fr\\\/bridgestone-world-solar-challenge-innoptus-ku-leuven\\\/#article\",\"isPartOf\":{\"@id\":\"https:\\\/\\\/www.renouvelle.be\\\/fr\\\/bridgestone-world-solar-challenge-innoptus-ku-leuven\\\/\"},\"author\":{\"name\":\"Samuel Alves\",\"@id\":\"https:\\\/\\\/www.renouvelle.be\\\/fr\\\/#\\\/schema\\\/person\\\/9d743366fb269eeceaa8d60e98d289d3\"},\"headline\":\"La Belgique sur le podium du championnat de voitures solaires\",\"datePublished\":\"2025-09-01T12:01:23+00:00\",\"dateModified\":\"2025-09-01T12:01:26+00:00\",\"mainEntityOfPage\":{\"@id\":\"https:\\\/\\\/www.renouvelle.be\\\/fr\\\/bridgestone-world-solar-challenge-innoptus-ku-leuven\\\/\"},\"wordCount\":146,\"image\":{\"@id\":\"https:\\\/\\\/www.renouvelle.be\\\/fr\\\/bridgestone-world-solar-challenge-innoptus-ku-leuven\\\/#primaryimage\"},\"thumbnailUrl\":\"https:\\\/\\\/www.renouvelle.be\\\/wp-content\\\/uploads\\\/2025\\\/09\\\/BWSC2025-28-augustus-2025-4-AM-59m-19s-RACEDAY-5-THUESDAY.avif\",\"articleSection\":[\"Actualit\u00e9\",\"Actualit\u00e9 en Belgique\"],\"inLanguage\":\"fr-FR\"},{\"@type\":\"WebPage\",\"@id\":\"https:\\\/\\\/www.renouvelle.be\\\/fr\\\/bridgestone-world-solar-challenge-innoptus-ku-leuven\\\/\",\"url\":\"https:\\\/\\\/www.renouvelle.be\\\/fr\\\/bridgestone-world-solar-challenge-innoptus-ku-leuven\\\/\",\"name\":\"La Belgique sur le podium du championnat de voitures solaires - Renouvelle\",\"isPartOf\":{\"@id\":\"https:\\\/\\\/www.renouvelle.be\\\/fr\\\/#website\"},\"primaryImageOfPage\":{\"@id\":\"https:\\\/\\\/www.renouvelle.be\\\/fr\\\/bridgestone-world-solar-challenge-innoptus-ku-leuven\\\/#primaryimage\"},\"image\":{\"@id\":\"https:\\\/\\\/www.renouvelle.be\\\/fr\\\/bridgestone-world-solar-challenge-innoptus-ku-leuven\\\/#primaryimage\"},\"thumbnailUrl\":\"https:\\\/\\\/www.renouvelle.be\\\/wp-content\\\/uploads\\\/2025\\\/09\\\/BWSC2025-28-augustus-2025-4-AM-59m-19s-RACEDAY-5-THUESDAY.avif\",\"datePublished\":\"2025-09-01T12:01:23+00:00\",\"dateModified\":\"2025-09-01T12:01:26+00:00\",\"author\":{\"@id\":\"https:\\\/\\\/www.renouvelle.be\\\/fr\\\/#\\\/schema\\\/person\\\/9d743366fb269eeceaa8d60e98d289d3\"},\"description\":\"L\u2019Innoptus Solar Team de la KU Leuven termine 3\u1d49 du Bridgestone World Solar Challenge, une course de voitures solaires en Australie.\",\"breadcrumb\":{\"@id\":\"https:\\\/\\\/www.renouvelle.be\\\/fr\\\/bridgestone-world-solar-challenge-innoptus-ku-leuven\\\/#breadcrumb\"},\"inLanguage\":\"fr-FR\",\"potentialAction\":[{\"@type\":\"ReadAction\",\"target\":[\"https:\\\/\\\/www.renouvelle.be\\\/fr\\\/bridgestone-world-solar-challenge-innoptus-ku-leuven\\\/\"]}]},{\"@type\":\"ImageObject\",\"inLanguage\":\"fr-FR\",\"@id\":\"https:\\\/\\\/www.renouvelle.be\\\/fr\\\/bridgestone-world-solar-challenge-innoptus-ku-leuven\\\/#primaryimage\",\"url\":\"https:\\\/\\\/www.renouvelle.be\\\/wp-content\\\/uploads\\\/2025\\\/09\\\/BWSC2025-28-augustus-2025-4-AM-59m-19s-RACEDAY-5-THUESDAY.avif\",\"contentUrl\":\"https:\\\/\\\/www.renouvelle.be\\\/wp-content\\\/uploads\\\/2025\\\/09\\\/BWSC2025-28-augustus-2025-4-AM-59m-19s-RACEDAY-5-THUESDAY.avif\",\"width\":1600,\"height\":1067,\"caption\":\"Source image d'en-t\u00eate : Innoptus Solar Team\"},{\"@type\":\"BreadcrumbList\",\"@id\":\"https:\\\/\\\/www.renouvelle.be\\\/fr\\\/bridgestone-world-solar-challenge-innoptus-ku-leuven\\\/#breadcrumb\",\"itemListElement\":[{\"@type\":\"ListItem\",\"position\":1,\"name\":\"Accueil\",\"item\":\"https:\\\/\\\/www.renouvelle.be\\\/fr\\\/\"},{\"@type\":\"ListItem\",\"position\":2,\"name\":\"La Belgique sur le podium du championnat de voitures solaires\"}]},{\"@type\":\"WebSite\",\"@id\":\"https:\\\/\\\/www.renouvelle.be\\\/fr\\\/#website\",\"url\":\"https:\\\/\\\/www.renouvelle.be\\\/fr\\\/\",\"name\":\"Renouvelle\",\"description\":\"L&#039;actualit\u00e9 de l&#039;\u00e9nergie durable\",\"potentialAction\":[{\"@type\":\"SearchAction\",\"target\":{\"@type\":\"EntryPoint\",\"urlTemplate\":\"https:\\\/\\\/www.renouvelle.be\\\/fr\\\/?s={search_term_string}\"},\"query-input\":{\"@type\":\"PropertyValueSpecification\",\"valueRequired\":true,\"valueName\":\"search_term_string\"}}],\"inLanguage\":\"fr-FR\"},{\"@type\":\"Person\",\"@id\":\"https:\\\/\\\/www.renouvelle.be\\\/fr\\\/#\\\/schema\\\/person\\\/9d743366fb269eeceaa8d60e98d289d3\",\"name\":\"Samuel Alves\",\"url\":\"https:\\\/\\\/www.renouvelle.be\\\/fr\\\/author\\\/salves\\\/\"}]}<\/script>\n<!-- \/ Yoast SEO plugin. -->","yoast_head_json":{"title":"La Belgique sur le podium du championnat de voitures solaires - Renouvelle","description":"L\u2019Innoptus Solar Team de la KU Leuven termine 3\u1d49 du Bridgestone World Solar Challenge, une course de voitures solaires en Australie.","robots":{"index":"index","follow":"follow","max-snippet":"max-snippet:-1","max-image-preview":"max-image-preview:large","max-video-preview":"max-video-preview:-1"},"canonical":"https:\/\/www.renouvelle.be\/fr\/bridgestone-world-solar-challenge-innoptus-ku-leuven\/","og_locale":"fr_FR","og_type":"article","og_title":"La Belgique sur le podium du championnat de voitures solaires - Renouvelle","og_description":"L\u2019Innoptus Solar Team de la KU Leuven termine 3\u1d49 du Bridgestone World Solar Challenge, une course de voitures solaires en Australie.","og_url":"https:\/\/www.renouvelle.be\/fr\/bridgestone-world-solar-challenge-innoptus-ku-leuven\/","og_site_name":"Renouvelle","article_published_time":"2025-09-01T12:01:23+00:00","article_modified_time":"2025-09-01T12:01:26+00:00","author":"Samuel Alves","twitter_card":"summary_large_image","schema":{"@context":"https:\/\/schema.org","@graph":[{"@type":"Article","@id":"https:\/\/www.renouvelle.be\/fr\/bridgestone-world-solar-challenge-innoptus-ku-leuven\/#article","isPartOf":{"@id":"https:\/\/www.renouvelle.be\/fr\/bridgestone-world-solar-challenge-innoptus-ku-leuven\/"},"author":{"name":"Samuel Alves","@id":"https:\/\/www.renouvelle.be\/fr\/#\/schema\/person\/9d743366fb269eeceaa8d60e98d289d3"},"headline":"La Belgique sur le podium du championnat de voitures solaires","datePublished":"2025-09-01T12:01:23+00:00","dateModified":"2025-09-01T12:01:26+00:00","mainEntityOfPage":{"@id":"https:\/\/www.renouvelle.be\/fr\/bridgestone-world-solar-challenge-innoptus-ku-leuven\/"},"wordCount":146,"image":{"@id":"https:\/\/www.renouvelle.be\/fr\/bridgestone-world-solar-challenge-innoptus-ku-leuven\/#primaryimage"},"thumbnailUrl":"https:\/\/www.renouvelle.be\/wp-content\/uploads\/2025\/09\/BWSC2025-28-augustus-2025-4-AM-59m-19s-RACEDAY-5-THUESDAY.avif","articleSection":["Actualit\u00e9","Actualit\u00e9 en Belgique"],"inLanguage":"fr-FR"},{"@type":"WebPage","@id":"https:\/\/www.renouvelle.be\/fr\/bridgestone-world-solar-challenge-innoptus-ku-leuven\/","url":"https:\/\/www.renouvelle.be\/fr\/bridgestone-world-solar-challenge-innoptus-ku-leuven\/","name":"La Belgique sur le podium du championnat de voitures solaires - Renouvelle","isPartOf":{"@id":"https:\/\/www.renouvelle.be\/fr\/#website"},"primaryImageOfPage":{"@id":"https:\/\/www.renouvelle.be\/fr\/bridgestone-world-solar-challenge-innoptus-ku-leuven\/#primaryimage"},"image":{"@id":"https:\/\/www.renouvelle.be\/fr\/bridgestone-world-solar-challenge-innoptus-ku-leuven\/#primaryimage"},"thumbnailUrl":"https:\/\/www.renouvelle.be\/wp-content\/uploads\/2025\/09\/BWSC2025-28-augustus-2025-4-AM-59m-19s-RACEDAY-5-THUESDAY.avif","datePublished":"2025-09-01T12:01:23+00:00","dateModified":"2025-09-01T12:01:26+00:00","author":{"@id":"https:\/\/www.renouvelle.be\/fr\/#\/schema\/person\/9d743366fb269eeceaa8d60e98d289d3"},"description":"L\u2019Innoptus Solar Team de la KU Leuven termine 3\u1d49 du Bridgestone World Solar Challenge, une course de voitures solaires en Australie.","breadcrumb":{"@id":"https:\/\/www.renouvelle.be\/fr\/bridgestone-world-solar-challenge-innoptus-ku-leuven\/#breadcrumb"},"inLanguage":"fr-FR","potentialAction":[{"@type":"ReadAction","target":["https:\/\/www.renouvelle.be\/fr\/bridgestone-world-solar-challenge-innoptus-ku-leuven\/"]}]},{"@type":"ImageObject","inLanguage":"fr-FR","@id":"https:\/\/www.renouvelle.be\/fr\/bridgestone-world-solar-challenge-innoptus-ku-leuven\/#primaryimage","url":"https:\/\/www.renouvelle.be\/wp-content\/uploads\/2025\/09\/BWSC2025-28-augustus-2025-4-AM-59m-19s-RACEDAY-5-THUESDAY.avif","contentUrl":"https:\/\/www.renouvelle.be\/wp-content\/uploads\/2025\/09\/BWSC2025-28-augustus-2025-4-AM-59m-19s-RACEDAY-5-THUESDAY.avif","width":1600,"height":1067,"caption":"Source image d'en-t\u00eate : Innoptus Solar Team"},{"@type":"BreadcrumbList","@id":"https:\/\/www.renouvelle.be\/fr\/bridgestone-world-solar-challenge-innoptus-ku-leuven\/#breadcrumb","itemListElement":[{"@type":"ListItem","position":1,"name":"Accueil","item":"https:\/\/www.renouvelle.be\/fr\/"},{"@type":"ListItem","position":2,"name":"La Belgique sur le podium du championnat de voitures solaires"}]},{"@type":"WebSite","@id":"https:\/\/www.renouvelle.be\/fr\/#website","url":"https:\/\/www.renouvelle.be\/fr\/","name":"Renouvelle","description":"L&#039;actualit\u00e9 de l&#039;\u00e9nergie durable","potentialAction":[{"@type":"SearchAction","target":{"@type":"EntryPoint","urlTemplate":"https:\/\/www.renouvelle.be\/fr\/?s={search_term_string}"},"query-input":{"@type":"PropertyValueSpecification","valueRequired":true,"valueName":"search_term_string"}}],"inLanguage":"fr-FR"},{"@type":"Person","@id":"https:\/\/www.renouvelle.be\/fr\/#\/schema\/person\/9d743366fb269eeceaa8d60e98d289d3","name":"Samuel Alves","url":"https:\/\/www.renouvelle.be\/fr\/author\/salves\/"}]}},"_links":{"self":[{"href":"https:\/\/www.renouvelle.be\/fr\/wp-json\/wp\/v2\/posts\/15567","targetHints":{"allow":["GET"]}}],"collection":[{"href":"https:\/\/www.renouvelle.be\/fr\/wp-json\/wp\/v2\/posts"}],"about":[{"href":"https:\/\/www.renouvelle.be\/fr\/wp-json\/wp\/v2\/types\/post"}],"author":[{"embeddable":true,"href":"https:\/\/www.renouvelle.be\/fr\/wp-json\/wp\/v2\/users\/38"}],"replies":[{"embeddable":true,"href":"https:\/\/www.renouvelle.be\/fr\/wp-json\/wp\/v2\/comments?post=15567"}],"version-history":[{"count":2,"href":"https:\/\/www.renouvelle.be\/fr\/wp-json\/wp\/v2\/posts\/15567\/revisions"}],"predecessor-version":[{"id":15571,"href":"https:\/\/www.renouvelle.be\/fr\/wp-json\/wp\/v2\/posts\/15567\/revisions\/15571"}],"wp:featuredmedia":[{"embeddable":true,"href":"https:\/\/www.renouvelle.be\/fr\/wp-json\/wp\/v2\/media\/15568"}],"wp:attachment":[{"href":"https:\/\/www.renouvelle.be\/fr\/wp-json\/wp\/v2\/media?parent=15567"}],"wp:term":[{"taxonomy":"category","embeddable":true,"href":"https:\/\/www.renouvelle.be\/fr\/wp-json\/wp\/v2\/categories?post=15567"},{"taxonomy":"post_tag","embeddable":true,"href":"https:\/\/www.renouvelle.be\/fr\/wp-json\/wp\/v2\/tags?post=15567"},{"taxonomy":"section","embeddable":true,"href":"https:\/\/www.renouvelle.be\/fr\/wp-json\/wp\/v2\/section?post=15567"}],"curies":[{"name":"wp","href":"https:\/\/api.w.org\/{rel}","templated":true}]}}