{"id":15554,"date":"2025-09-02T09:25:38","date_gmt":"2025-09-02T07:25:38","guid":{"rendered":"https:\/\/www.renouvelle.be\/?p=15554"},"modified":"2025-09-02T09:25:42","modified_gmt":"2025-09-02T07:25:42","slug":"elia-adeqflex-reseau-electrique-flexible-belgique","status":"publish","type":"post","link":"https:\/\/www.renouvelle.be\/fr\/elia-adeqflex-reseau-electrique-flexible-belgique\/","title":{"rendered":"AdeqFlex\u00a0: Elia plaide pour un r\u00e9seau \u00e9lectrique flexible"},"content":{"rendered":"\n<p>Pour se d\u00e9carboner, nos soci\u00e9t\u00e9s s\u2019\u00e9lectrifient de plus en plus et doivent continuer \u00e0 d\u00e9velopper les \u00e9nergies renouvelables. Mais pour s\u2019adapter \u00e0 ces nouveaux flux et usages \u00e9nerg\u00e9tiques, il faudra aussi garantir la stabilit\u00e9 du r\u00e9seau \u00e9lectrique en toutes circonstances. Qu\u2019entend-on exactement par \u00ab&nbsp;ad\u00e9quation&nbsp;\u00bb et \u00ab&nbsp;flexibilit\u00e9&nbsp;\u00bb ?<\/p>\n\n\n\n<ul class=\"wp-block-list\">\n<li>L\u2019<strong>ad\u00e9quation<\/strong> d\u00e9signe la capacit\u00e9 du r\u00e9seau \u00e0 fournir l\u2019\u00e9lectricit\u00e9 n\u00e9cessaire, y compris lors de pics de consommation ou d\u2019impr\u00e9vus.<\/li>\n\n\n\n<li>La <strong>flexibilit\u00e9<\/strong> d\u00e9signe l\u2019aptitude du r\u00e9seau \u00e0 s\u2019adapter rapidement aux variations de production et de consommation li\u00e9es, entre autres, \u00e0 l\u2019int\u00e9gration croissante du solaire et de l\u2019\u00e9olien.<\/li>\n<\/ul>\n\n\n\n<p>Pour anticiper l\u2019\u00e9volution du syst\u00e8me \u00e9lectrique belge entre 2026 et 2036, Elia d\u00e9finit trois sc\u00e9narios. Le sc\u00e9nario <strong>\u00ab\u00a0Current Commitments\u00a0\u00bb<\/strong> correspond aux engagements actuels de la Belgique. Le sc\u00e9nario <strong>\u00ab\u00a0Constrained Transition\u00a0\u00bb<\/strong> imagine une transition plus lente, frein\u00e9e par des obstacles \u00e9conomiques, techniques et soci\u00e9taux. Enfin, le sc\u00e9nario <strong>\u00ab\u00a0Prosumer Power\u00a0\u00bb<\/strong> mise sur une adoption plus rapide des technologies vertes par les consommateurs (panneaux solaires, voitures \u00e9lectriques, pompes \u00e0 chaleur, etc).<\/p>\n\n\n\n<p>Les hypoth\u00e8ses et tendances du rapport d\u2019Elia ont \u00e9t\u00e9 \u00e9labor\u00e9es en concertation avec les nombreuses parties prenantes.<\/p>\n\n\n\n<p>Riche de plus de 260 pages et de nombreux d\u00e9tails, cet article en retient ici quelques points cl\u00e9s.<\/p>\n\n\n\n<h2 class=\"wp-block-heading\"><strong>La sobri\u00e9t\u00e9 comme levier de flexibilit\u00e9<\/strong><\/h2>\n\n\n\n<p>Le rapport pr\u00e9sente la sobri\u00e9t\u00e9 (\u00ab\u00a0sufficiency\u00a0\u00bben anglais) comme un levier de flexibilit\u00e9 pour le r\u00e9seau. Afin de ne pas confondre sobri\u00e9t\u00e9 et efficience, les auteurs rappellent que la sobri\u00e9t\u00e9 \u00e9nerg\u00e9tique consiste \u00e0 revoir nos besoins en \u00e9nergie pour en consommer moins tout en assurant un niveau de confort satisfaisant. L\u2019id\u00e9e est d\u2019ajuster nos consommations (\u00e9nergie, mat\u00e9riaux, espace, etc.) pour qu\u2019elles respectent les limites plan\u00e9taires fix\u00e9es par le GIEC.<\/p>\n\n\n\n<p>Le rapport a quantifi\u00e9 l&rsquo;impact de diff\u00e9rentes mesures de sobri\u00e9t\u00e9, class\u00e9es en changements comportementaux ou changement syst\u00e9mique (c\u2019est-\u00e0-dire des changements de comportements comportementaux associ\u00e9s \u00e0 des transformations structurelles).<\/p>\n\n\n\n<ul class=\"wp-block-list\">\n<li>D&rsquo;une part, les changements comportementaux incluent, entre autres, la r\u00e9duction des besoins en eau chaude sanitaire, la baisse de 2\u00b0C de la consigne de chauffage dans les b\u00e2timents ou encore la diminution des limites de vitesse de 10 km\/h sur les autoroutes. En 2036, Elia estime que l\u2019application de ses mesures pourrait permettre d\u2019\u00e9viter 4,1 TWh de consommation \u00e9lectrique.<\/li>\n\n\n\n<li>D&rsquo;autre part, les changements structurels comportent notamment des mesures visant \u00e0 r\u00e9duire la taille des v\u00e9hicules, celle de la distance parcourue par personne ou encore des impacts de circularit\u00e9 dans l&rsquo;industrie. En 2036, Elia chiffre \u00e0 2,7 TWh l\u2019\u00e9conomie d\u2019\u00e9lectricit\u00e9.<\/li>\n<\/ul>\n\n\n\n<p>Au total, toutes les mesures de sobri\u00e9t\u00e9 permettraient d\u2019\u00e9viter 6.8 TWh de consommation d&rsquo;\u00e9lectricit\u00e9, soit 5% du total de celle pr\u00e9vue en 2036. C\u2019est donc un levier r\u00e9el pour all\u00e9ger la pression sur le r\u00e9seau \u00e9lectrique tout en garantissant le m\u00eame niveau de confort aux citoyens. Des institutions comme RTE ou le GIEC soulignent l\u2019importance de la sobri\u00e9t\u00e9 pour la d\u00e9carbonation. On peut donc saluer l\u2019approche d\u2019Elia, qui prend la sobri\u00e9t\u00e9 au s\u00e9rieux et quantifie ses impacts, contribuant ainsi \u00e0 mieux comprendre et \u00e9valuer ses effets positifs.<\/p>\n\n\n\n<h2 class=\"wp-block-heading\"><strong>Ecr\u00eatage photovolta\u00efque du secteur r\u00e9sidentiel<\/strong><\/h2>\n\n\n\n<p>Lors de week-ends tr\u00e8s ensoleill\u00e9s, le syst\u00e8me \u00e9lectrique aura du mal \u00e0 absorber toute la production photovolta\u00efque exc\u00e9dentaire en milieu de journ\u00e9e, m\u00eame en consid\u00e9rant la flexibilit\u00e9 de l&rsquo;industrie et des particuliers (v\u00e9hicule \u00e9lectrique, chauffe-eau, etc.). Il semble donc indispensable que le secteur r\u00e9sidentiel limite aussi l\u2019injection d\u2019\u00e9lectricit\u00e9 sur le r\u00e9seau afin de le soulager. Pour y parvenir, des m\u00e9canismes incitatifs pourraient \u00eatre mis en place&nbsp;: par exemple des prix dynamiques de l&rsquo;\u00e9nergie, o\u00f9 l&rsquo;onduleur n&rsquo;injecte pas lorsque le prix est n\u00e9gatif, ou des contrats de flexibilit\u00e9 permettant \u00e0 un op\u00e9rateur de piloter l\u2019injection \u00e0 distance comme c\u2019est d\u00e9j\u00e0 le cas pour les batteries stationnaires et les voitures \u00e9lectriques.<\/p>\n\n\n\n<p>Bien entendu, le secteur r\u00e9sidentiel ne serait pas le seul \u00e0 devoir s\u2019adapter, mais Elia souligne qu\u2019il devra aussi <a href=\"https:\/\/www.renouvelle.be\/fr\/flexibilite-electrique-consommateur-en-4-gestes\/\" target=\"_blank\" rel=\"noreferrer noopener\">participer<\/a> \u00e0 l\u2019effort collectif.<\/p>\n\n\n\n<h2 class=\"wp-block-heading\"><strong>Augmentation de 50% de la consommation \u00e9lectrique en 10 ans<\/strong><\/h2>\n\n\n\n<p>Pour le sc\u00e9nario central (\u00ab\u00a0Current commitments\u00a0\u00bb), la consommation \u00e9lectrique belge passerait de 84 TWh en 2026 \u00e0 124 TWh en 2036, soit une hausse de pr\u00e8s de 50%. Cette augmentation s\u2019explique par la future \u00e9lectrification de secteurs qui se reposent sur les \u00e9nergies fossiles (transport, chauffage, industrie). Le graphe ci-dessous montre l\u2019\u00e9volution de la consommation par secteur en 2030 et 2035.<\/p>\n\n\n<div class=\"wp-block-image\">\n<figure class=\"aligncenter size-full is-resized\"><img loading=\"lazy\" decoding=\"async\" width=\"853\" height=\"465\" src=\"https:\/\/www.renouvelle.be\/wp-content\/uploads\/2025\/08\/elia-reseau-electrique-flexible.jpg\" alt=\"\" class=\"wp-image-15563\" style=\"width:723px;height:auto\" srcset=\"https:\/\/www.renouvelle.be\/wp-content\/uploads\/2025\/08\/elia-reseau-electrique-flexible.jpg 853w, https:\/\/www.renouvelle.be\/wp-content\/uploads\/2025\/08\/elia-reseau-electrique-flexible-300x164.jpg 300w, https:\/\/www.renouvelle.be\/wp-content\/uploads\/2025\/08\/elia-reseau-electrique-flexible-768x419.jpg 768w\" sizes=\"auto, (max-width: 853px) 100vw, 853px\" \/><figcaption class=\"wp-element-caption\">Source : rapport AdeqFlex d&rsquo;Elia<\/figcaption><\/figure>\n<\/div>\n\n\n<p>Ce type de rapport, riche en informations, permettent \u00e0 chacun de mieux comprendre l\u2019avenir du syst\u00e8me \u00e9lectrique belge et d\u2019alimenter les d\u00e9bats sur la transition \u00e9nerg\u00e9tique. Celui d\u2019Elia est \u00e0 d\u00e9couvrir dans son int\u00e9gralit\u00e9 <a href=\"https:\/\/issuu.com\/eliagroup\/docs\/adequacy_and_flexibility_study_for_belgium_2026-2?fr=sZGQ5Njg2NjM5NTg\">i<\/a><a href=\"https:\/\/issuu.com\/eliagroup\/docs\/adequacy_and_flexibility_study_for_belgium_2026-2?fr=sZGQ5Njg2NjM5NTg\" target=\"_blank\" rel=\"noreferrer noopener\">ci<\/a>.<\/p>\n","protected":false},"excerpt":{"rendered":"<p>Pour se d\u00e9carboner, nos soci\u00e9t\u00e9s s\u2019\u00e9lectrifient de plus en plus et doivent continuer \u00e0 d\u00e9velopper les \u00e9nergies renouvelables. Mais pour s\u2019adapter \u00e0 ces nouveaux flux et usages \u00e9nerg\u00e9tiques, il faudra aussi garantir la stabilit\u00e9 du r\u00e9seau \u00e9lectrique en toutes circonstances. Qu\u2019entend-on exactement par \u00ab&nbsp;ad\u00e9quation&nbsp;\u00bb et \u00ab&nbsp;flexibilit\u00e9&nbsp;\u00bb ? Pour anticiper l\u2019\u00e9volution du syst\u00e8me \u00e9lectrique belge entre 2026 et 2036, Elia d\u00e9finit trois sc\u00e9narios. Le sc\u00e9nario \u00ab\u00a0Current Commitments\u00a0\u00bb correspond aux engagements actuels de la Belgique. Le sc\u00e9nario \u00ab\u00a0Constrained Transition\u00a0\u00bb imagine une transition plus lente, frein\u00e9e par des obstacles \u00e9conomiques, techniques et soci\u00e9taux. Enfin, le sc\u00e9nario \u00ab\u00a0Prosumer Power\u00a0\u00bb mise sur une adoption plus rapide des technologies vertes par les consommateurs (panneaux solaires, voitures \u00e9lectriques, pompes \u00e0 chaleur, etc). Les hypoth\u00e8ses et tendances du rapport d\u2019Elia ont \u00e9t\u00e9 \u00e9labor\u00e9es en concertation avec les nombreuses parties prenantes. Riche de plus de 260 pages et de nombreux d\u00e9tails, cet article en retient ici quelques points cl\u00e9s. La sobri\u00e9t\u00e9 comme levier de flexibilit\u00e9 Le rapport pr\u00e9sente la sobri\u00e9t\u00e9 (\u00ab\u00a0sufficiency\u00a0\u00bben anglais) comme un levier de flexibilit\u00e9 pour le r\u00e9seau. Afin de ne pas confondre sobri\u00e9t\u00e9 et efficience, les auteurs rappellent que la sobri\u00e9t\u00e9 \u00e9nerg\u00e9tique consiste \u00e0 revoir nos besoins en \u00e9nergie pour en consommer moins tout en assurant un niveau de confort satisfaisant. L\u2019id\u00e9e est d\u2019ajuster nos consommations (\u00e9nergie, mat\u00e9riaux, espace, etc.) pour qu\u2019elles respectent les limites plan\u00e9taires fix\u00e9es par le GIEC. Le rapport a quantifi\u00e9 l&rsquo;impact de diff\u00e9rentes mesures de sobri\u00e9t\u00e9, class\u00e9es en changements comportementaux ou changement syst\u00e9mique (c\u2019est-\u00e0-dire des changements de comportements comportementaux associ\u00e9s \u00e0 des transformations structurelles). Au total, toutes les mesures de sobri\u00e9t\u00e9 permettraient d\u2019\u00e9viter 6.8 TWh de consommation d&rsquo;\u00e9lectricit\u00e9, soit 5% du total de celle pr\u00e9vue en 2036. C\u2019est donc un levier r\u00e9el pour all\u00e9ger la pression sur le r\u00e9seau \u00e9lectrique tout en &hellip; <a href=\"https:\/\/www.renouvelle.be\/fr\/elia-adeqflex-reseau-electrique-flexible-belgique\/\" class=\"more-link\">Continue reading<span class=\"screen-reader-text\"> \u00ab\u00a0AdeqFlex\u00a0: Elia plaide pour un r\u00e9seau \u00e9lectrique flexible\u00a0\u00bb<\/span><\/a><\/p>\n","protected":false},"author":34,"featured_media":15561,"comment_status":"closed","ping_status":"closed","sticky":false,"template":"","format":"standard","meta":{"_acf_changed":false,"footnotes":""},"categories":[16,17],"tags":[],"section":[8,13,6,14],"class_list":["post-15554","post","type-post","status-publish","format-standard","has-post-thumbnail","hentry","category-actualite","category-actualite-en-belgique","section-energie-renouvelables","section-solaire","section-eolien","section-stockage"],"acf":[],"yoast_head":"<!-- This site is optimized with the Yoast SEO plugin v27.4 - https:\/\/yoast.com\/product\/yoast-seo-wordpress\/ -->\n<title>AdeqFlex\u00a0: Elia plaide pour un r\u00e9seau \u00e9lectrique flexible - Renouvelle<\/title>\n<meta name=\"description\" content=\"Elia continue de plaider pour un r\u00e9seau \u00e9lectrique flexible en Belgique afin de pr\u00e9parer l\u2019avenir du syst\u00e8me \u00e9lectrique.\" \/>\n<meta name=\"robots\" content=\"index, follow, max-snippet:-1, max-image-preview:large, max-video-preview:-1\" \/>\n<link rel=\"canonical\" href=\"https:\/\/www.renouvelle.be\/fr\/elia-adeqflex-reseau-electrique-flexible-belgique\/\" \/>\n<meta property=\"og:locale\" content=\"fr_FR\" \/>\n<meta property=\"og:type\" content=\"article\" \/>\n<meta property=\"og:title\" content=\"AdeqFlex\u00a0: Elia plaide pour un r\u00e9seau \u00e9lectrique flexible - Renouvelle\" \/>\n<meta property=\"og:description\" content=\"Elia continue de plaider pour un r\u00e9seau \u00e9lectrique flexible en Belgique afin de pr\u00e9parer l\u2019avenir du syst\u00e8me \u00e9lectrique.\" \/>\n<meta property=\"og:url\" content=\"https:\/\/www.renouvelle.be\/fr\/elia-adeqflex-reseau-electrique-flexible-belgique\/\" \/>\n<meta property=\"og:site_name\" content=\"Renouvelle\" \/>\n<meta property=\"article:published_time\" content=\"2025-09-02T07:25:38+00:00\" \/>\n<meta property=\"article:modified_time\" content=\"2025-09-02T07:25:42+00:00\" \/>\n<meta property=\"og:image\" content=\"https:\/\/www.renouvelle.be\/wp-content\/uploads\/2025\/08\/AdobeStock_276048961-scaled-e1756382228538.jpeg\" \/>\n\t<meta property=\"og:image:width\" content=\"2556\" \/>\n\t<meta property=\"og:image:height\" content=\"1523\" \/>\n\t<meta property=\"og:image:type\" content=\"image\/jpeg\" \/>\n<meta name=\"author\" content=\"Olivier BOVEROUX\" \/>\n<meta name=\"twitter:card\" content=\"summary_large_image\" \/>\n<script type=\"application\/ld+json\" class=\"yoast-schema-graph\">{\"@context\":\"https:\\\/\\\/schema.org\",\"@graph\":[{\"@type\":\"Article\",\"@id\":\"https:\\\/\\\/www.renouvelle.be\\\/fr\\\/elia-adeqflex-reseau-electrique-flexible-belgique\\\/#article\",\"isPartOf\":{\"@id\":\"https:\\\/\\\/www.renouvelle.be\\\/fr\\\/elia-adeqflex-reseau-electrique-flexible-belgique\\\/\"},\"author\":{\"name\":\"Olivier BOVEROUX\",\"@id\":\"https:\\\/\\\/www.renouvelle.be\\\/fr\\\/#\\\/schema\\\/person\\\/339d070b54005d1c9bb9996bc1f6f7c9\"},\"headline\":\"AdeqFlex\u00a0: Elia plaide pour un r\u00e9seau \u00e9lectrique flexible\",\"datePublished\":\"2025-09-02T07:25:38+00:00\",\"dateModified\":\"2025-09-02T07:25:42+00:00\",\"mainEntityOfPage\":{\"@id\":\"https:\\\/\\\/www.renouvelle.be\\\/fr\\\/elia-adeqflex-reseau-electrique-flexible-belgique\\\/\"},\"wordCount\":840,\"image\":{\"@id\":\"https:\\\/\\\/www.renouvelle.be\\\/fr\\\/elia-adeqflex-reseau-electrique-flexible-belgique\\\/#primaryimage\"},\"thumbnailUrl\":\"https:\\\/\\\/www.renouvelle.be\\\/wp-content\\\/uploads\\\/2025\\\/08\\\/AdobeStock_276048961-scaled-e1756382228538.jpeg\",\"articleSection\":[\"Actualit\u00e9\",\"Actualit\u00e9 en Belgique\"],\"inLanguage\":\"fr-FR\"},{\"@type\":\"WebPage\",\"@id\":\"https:\\\/\\\/www.renouvelle.be\\\/fr\\\/elia-adeqflex-reseau-electrique-flexible-belgique\\\/\",\"url\":\"https:\\\/\\\/www.renouvelle.be\\\/fr\\\/elia-adeqflex-reseau-electrique-flexible-belgique\\\/\",\"name\":\"AdeqFlex\u00a0: Elia plaide pour un r\u00e9seau \u00e9lectrique flexible - Renouvelle\",\"isPartOf\":{\"@id\":\"https:\\\/\\\/www.renouvelle.be\\\/fr\\\/#website\"},\"primaryImageOfPage\":{\"@id\":\"https:\\\/\\\/www.renouvelle.be\\\/fr\\\/elia-adeqflex-reseau-electrique-flexible-belgique\\\/#primaryimage\"},\"image\":{\"@id\":\"https:\\\/\\\/www.renouvelle.be\\\/fr\\\/elia-adeqflex-reseau-electrique-flexible-belgique\\\/#primaryimage\"},\"thumbnailUrl\":\"https:\\\/\\\/www.renouvelle.be\\\/wp-content\\\/uploads\\\/2025\\\/08\\\/AdobeStock_276048961-scaled-e1756382228538.jpeg\",\"datePublished\":\"2025-09-02T07:25:38+00:00\",\"dateModified\":\"2025-09-02T07:25:42+00:00\",\"author\":{\"@id\":\"https:\\\/\\\/www.renouvelle.be\\\/fr\\\/#\\\/schema\\\/person\\\/339d070b54005d1c9bb9996bc1f6f7c9\"},\"description\":\"Elia continue de plaider pour un r\u00e9seau \u00e9lectrique flexible en Belgique afin de pr\u00e9parer l\u2019avenir du syst\u00e8me \u00e9lectrique.\",\"breadcrumb\":{\"@id\":\"https:\\\/\\\/www.renouvelle.be\\\/fr\\\/elia-adeqflex-reseau-electrique-flexible-belgique\\\/#breadcrumb\"},\"inLanguage\":\"fr-FR\",\"potentialAction\":[{\"@type\":\"ReadAction\",\"target\":[\"https:\\\/\\\/www.renouvelle.be\\\/fr\\\/elia-adeqflex-reseau-electrique-flexible-belgique\\\/\"]}]},{\"@type\":\"ImageObject\",\"inLanguage\":\"fr-FR\",\"@id\":\"https:\\\/\\\/www.renouvelle.be\\\/fr\\\/elia-adeqflex-reseau-electrique-flexible-belgique\\\/#primaryimage\",\"url\":\"https:\\\/\\\/www.renouvelle.be\\\/wp-content\\\/uploads\\\/2025\\\/08\\\/AdobeStock_276048961-scaled-e1756382228538.jpeg\",\"contentUrl\":\"https:\\\/\\\/www.renouvelle.be\\\/wp-content\\\/uploads\\\/2025\\\/08\\\/AdobeStock_276048961-scaled-e1756382228538.jpeg\",\"width\":2556,\"height\":1523,\"caption\":\"Illustration du rapport AdeqFlex d\u2019Elia sur un r\u00e9seau \u00e9lectrique flexible en Belgique\"},{\"@type\":\"BreadcrumbList\",\"@id\":\"https:\\\/\\\/www.renouvelle.be\\\/fr\\\/elia-adeqflex-reseau-electrique-flexible-belgique\\\/#breadcrumb\",\"itemListElement\":[{\"@type\":\"ListItem\",\"position\":1,\"name\":\"Accueil\",\"item\":\"https:\\\/\\\/www.renouvelle.be\\\/fr\\\/\"},{\"@type\":\"ListItem\",\"position\":2,\"name\":\"AdeqFlex\u00a0: Elia plaide pour un r\u00e9seau \u00e9lectrique flexible\"}]},{\"@type\":\"WebSite\",\"@id\":\"https:\\\/\\\/www.renouvelle.be\\\/fr\\\/#website\",\"url\":\"https:\\\/\\\/www.renouvelle.be\\\/fr\\\/\",\"name\":\"Renouvelle\",\"description\":\"L&#039;actualit\u00e9 de l&#039;\u00e9nergie durable\",\"potentialAction\":[{\"@type\":\"SearchAction\",\"target\":{\"@type\":\"EntryPoint\",\"urlTemplate\":\"https:\\\/\\\/www.renouvelle.be\\\/fr\\\/?s={search_term_string}\"},\"query-input\":{\"@type\":\"PropertyValueSpecification\",\"valueRequired\":true,\"valueName\":\"search_term_string\"}}],\"inLanguage\":\"fr-FR\"},{\"@type\":\"Person\",\"@id\":\"https:\\\/\\\/www.renouvelle.be\\\/fr\\\/#\\\/schema\\\/person\\\/339d070b54005d1c9bb9996bc1f6f7c9\",\"name\":\"Olivier BOVEROUX\",\"url\":\"https:\\\/\\\/www.renouvelle.be\\\/fr\\\/author\\\/olivier-boveroux\\\/\"}]}<\/script>\n<!-- \/ Yoast SEO plugin. -->","yoast_head_json":{"title":"AdeqFlex\u00a0: Elia plaide pour un r\u00e9seau \u00e9lectrique flexible - Renouvelle","description":"Elia continue de plaider pour un r\u00e9seau \u00e9lectrique flexible en Belgique afin de pr\u00e9parer l\u2019avenir du syst\u00e8me \u00e9lectrique.","robots":{"index":"index","follow":"follow","max-snippet":"max-snippet:-1","max-image-preview":"max-image-preview:large","max-video-preview":"max-video-preview:-1"},"canonical":"https:\/\/www.renouvelle.be\/fr\/elia-adeqflex-reseau-electrique-flexible-belgique\/","og_locale":"fr_FR","og_type":"article","og_title":"AdeqFlex\u00a0: Elia plaide pour un r\u00e9seau \u00e9lectrique flexible - Renouvelle","og_description":"Elia continue de plaider pour un r\u00e9seau \u00e9lectrique flexible en Belgique afin de pr\u00e9parer l\u2019avenir du syst\u00e8me \u00e9lectrique.","og_url":"https:\/\/www.renouvelle.be\/fr\/elia-adeqflex-reseau-electrique-flexible-belgique\/","og_site_name":"Renouvelle","article_published_time":"2025-09-02T07:25:38+00:00","article_modified_time":"2025-09-02T07:25:42+00:00","og_image":[{"width":2556,"height":1523,"url":"https:\/\/www.renouvelle.be\/wp-content\/uploads\/2025\/08\/AdobeStock_276048961-scaled-e1756382228538.jpeg","type":"image\/jpeg"}],"author":"Olivier BOVEROUX","twitter_card":"summary_large_image","schema":{"@context":"https:\/\/schema.org","@graph":[{"@type":"Article","@id":"https:\/\/www.renouvelle.be\/fr\/elia-adeqflex-reseau-electrique-flexible-belgique\/#article","isPartOf":{"@id":"https:\/\/www.renouvelle.be\/fr\/elia-adeqflex-reseau-electrique-flexible-belgique\/"},"author":{"name":"Olivier BOVEROUX","@id":"https:\/\/www.renouvelle.be\/fr\/#\/schema\/person\/339d070b54005d1c9bb9996bc1f6f7c9"},"headline":"AdeqFlex\u00a0: Elia plaide pour un r\u00e9seau \u00e9lectrique flexible","datePublished":"2025-09-02T07:25:38+00:00","dateModified":"2025-09-02T07:25:42+00:00","mainEntityOfPage":{"@id":"https:\/\/www.renouvelle.be\/fr\/elia-adeqflex-reseau-electrique-flexible-belgique\/"},"wordCount":840,"image":{"@id":"https:\/\/www.renouvelle.be\/fr\/elia-adeqflex-reseau-electrique-flexible-belgique\/#primaryimage"},"thumbnailUrl":"https:\/\/www.renouvelle.be\/wp-content\/uploads\/2025\/08\/AdobeStock_276048961-scaled-e1756382228538.jpeg","articleSection":["Actualit\u00e9","Actualit\u00e9 en Belgique"],"inLanguage":"fr-FR"},{"@type":"WebPage","@id":"https:\/\/www.renouvelle.be\/fr\/elia-adeqflex-reseau-electrique-flexible-belgique\/","url":"https:\/\/www.renouvelle.be\/fr\/elia-adeqflex-reseau-electrique-flexible-belgique\/","name":"AdeqFlex\u00a0: Elia plaide pour un r\u00e9seau \u00e9lectrique flexible - Renouvelle","isPartOf":{"@id":"https:\/\/www.renouvelle.be\/fr\/#website"},"primaryImageOfPage":{"@id":"https:\/\/www.renouvelle.be\/fr\/elia-adeqflex-reseau-electrique-flexible-belgique\/#primaryimage"},"image":{"@id":"https:\/\/www.renouvelle.be\/fr\/elia-adeqflex-reseau-electrique-flexible-belgique\/#primaryimage"},"thumbnailUrl":"https:\/\/www.renouvelle.be\/wp-content\/uploads\/2025\/08\/AdobeStock_276048961-scaled-e1756382228538.jpeg","datePublished":"2025-09-02T07:25:38+00:00","dateModified":"2025-09-02T07:25:42+00:00","author":{"@id":"https:\/\/www.renouvelle.be\/fr\/#\/schema\/person\/339d070b54005d1c9bb9996bc1f6f7c9"},"description":"Elia continue de plaider pour un r\u00e9seau \u00e9lectrique flexible en Belgique afin de pr\u00e9parer l\u2019avenir du syst\u00e8me \u00e9lectrique.","breadcrumb":{"@id":"https:\/\/www.renouvelle.be\/fr\/elia-adeqflex-reseau-electrique-flexible-belgique\/#breadcrumb"},"inLanguage":"fr-FR","potentialAction":[{"@type":"ReadAction","target":["https:\/\/www.renouvelle.be\/fr\/elia-adeqflex-reseau-electrique-flexible-belgique\/"]}]},{"@type":"ImageObject","inLanguage":"fr-FR","@id":"https:\/\/www.renouvelle.be\/fr\/elia-adeqflex-reseau-electrique-flexible-belgique\/#primaryimage","url":"https:\/\/www.renouvelle.be\/wp-content\/uploads\/2025\/08\/AdobeStock_276048961-scaled-e1756382228538.jpeg","contentUrl":"https:\/\/www.renouvelle.be\/wp-content\/uploads\/2025\/08\/AdobeStock_276048961-scaled-e1756382228538.jpeg","width":2556,"height":1523,"caption":"Illustration du rapport AdeqFlex d\u2019Elia sur un r\u00e9seau \u00e9lectrique flexible en Belgique"},{"@type":"BreadcrumbList","@id":"https:\/\/www.renouvelle.be\/fr\/elia-adeqflex-reseau-electrique-flexible-belgique\/#breadcrumb","itemListElement":[{"@type":"ListItem","position":1,"name":"Accueil","item":"https:\/\/www.renouvelle.be\/fr\/"},{"@type":"ListItem","position":2,"name":"AdeqFlex\u00a0: Elia plaide pour un r\u00e9seau \u00e9lectrique flexible"}]},{"@type":"WebSite","@id":"https:\/\/www.renouvelle.be\/fr\/#website","url":"https:\/\/www.renouvelle.be\/fr\/","name":"Renouvelle","description":"L&#039;actualit\u00e9 de l&#039;\u00e9nergie durable","potentialAction":[{"@type":"SearchAction","target":{"@type":"EntryPoint","urlTemplate":"https:\/\/www.renouvelle.be\/fr\/?s={search_term_string}"},"query-input":{"@type":"PropertyValueSpecification","valueRequired":true,"valueName":"search_term_string"}}],"inLanguage":"fr-FR"},{"@type":"Person","@id":"https:\/\/www.renouvelle.be\/fr\/#\/schema\/person\/339d070b54005d1c9bb9996bc1f6f7c9","name":"Olivier BOVEROUX","url":"https:\/\/www.renouvelle.be\/fr\/author\/olivier-boveroux\/"}]}},"_links":{"self":[{"href":"https:\/\/www.renouvelle.be\/fr\/wp-json\/wp\/v2\/posts\/15554","targetHints":{"allow":["GET"]}}],"collection":[{"href":"https:\/\/www.renouvelle.be\/fr\/wp-json\/wp\/v2\/posts"}],"about":[{"href":"https:\/\/www.renouvelle.be\/fr\/wp-json\/wp\/v2\/types\/post"}],"author":[{"embeddable":true,"href":"https:\/\/www.renouvelle.be\/fr\/wp-json\/wp\/v2\/users\/34"}],"replies":[{"embeddable":true,"href":"https:\/\/www.renouvelle.be\/fr\/wp-json\/wp\/v2\/comments?post=15554"}],"version-history":[{"count":4,"href":"https:\/\/www.renouvelle.be\/fr\/wp-json\/wp\/v2\/posts\/15554\/revisions"}],"predecessor-version":[{"id":15565,"href":"https:\/\/www.renouvelle.be\/fr\/wp-json\/wp\/v2\/posts\/15554\/revisions\/15565"}],"wp:featuredmedia":[{"embeddable":true,"href":"https:\/\/www.renouvelle.be\/fr\/wp-json\/wp\/v2\/media\/15561"}],"wp:attachment":[{"href":"https:\/\/www.renouvelle.be\/fr\/wp-json\/wp\/v2\/media?parent=15554"}],"wp:term":[{"taxonomy":"category","embeddable":true,"href":"https:\/\/www.renouvelle.be\/fr\/wp-json\/wp\/v2\/categories?post=15554"},{"taxonomy":"post_tag","embeddable":true,"href":"https:\/\/www.renouvelle.be\/fr\/wp-json\/wp\/v2\/tags?post=15554"},{"taxonomy":"section","embeddable":true,"href":"https:\/\/www.renouvelle.be\/fr\/wp-json\/wp\/v2\/section?post=15554"}],"curies":[{"name":"wp","href":"https:\/\/api.w.org\/{rel}","templated":true}]}}